{"id":49799,"date":"2023-03-03T22:24:40","date_gmt":"2023-03-03T21:24:40","guid":{"rendered":"https:\/\/schoenstattdev.wpenginepowered.com\/?p=29430"},"modified":"2025-05-15T18:39:10","modified_gmt":"2025-05-15T16:39:10","slug":"rector-del-santuario-original","status":"publish","type":"post","link":"https:\/\/schoenstatt.com\/es\/rector-del-santuario-original\/","title":{"rendered":"El P. Pablo Pol concluye su tarea como rector del Santuario Original"},"content":{"rendered":"<p>A partir de este domingo 5 de marzo de 2023, el actual rector del Santuario Original de Schoenstatt dejar\u00e1 su cargo tras cuatro a\u00f1os de misi\u00f3n. El P. Pablo Javier Pol es argentino, pertenece al Instituto Secular de los Padres de Schoenstatt y desde 2019 se ha hecho responsable de la vida administrativa y pastoral del Santuario Original como rector.<\/p>\n<figure id=\"attachment_29420\" aria-describedby=\"caption-attachment-29420\" style=\"width: 768px\" class=\"wp-caption aligncenter\"><img fetchpriority=\"high\" decoding=\"async\" class=\"wp-image-29420 size-large\" src=\"https:\/\/schoenstatt.com\/wp-content\/uploads\/2023\/03\/P.-Pablo-Pol-Santuario-Original-1.jpg-1-768x1024.jpg\" alt=\"Santu\u00e1rio Original\" width=\"768\" height=\"1024\" srcset=\"https:\/\/schoenstatt.com\/wp-content\/uploads\/2023\/03\/P.-Pablo-Pol-Santuario-Original-1.jpg-1-768x1024.jpg 768w, https:\/\/schoenstatt.com\/wp-content\/uploads\/2023\/03\/P.-Pablo-Pol-Santuario-Original-1.jpg-1-1152x1536.jpg 1152w, https:\/\/schoenstatt.com\/wp-content\/uploads\/2023\/03\/P.-Pablo-Pol-Santuario-Original-1.jpg-1.jpg 1512w\" sizes=\"(max-width: 768px) 100vw, 768px\" \/><figcaption id=\"caption-attachment-29420\" class=\"wp-caption-text\">P. Pablo Pol<\/figcaption><\/figure>\n<p>A lo largo de estos \u00faltimos a\u00f1os, el P. Pablo Pol ha vivido muchas experiencias en torno al santuario. Al finalizar su tarea, nos cuenta c\u00f3mo ha sido su experiencia y qu\u00e9 se lleva de especial tras este periodo de <a href=\"https:\/\/schoenstattdev.wpenginepowered.com\/es\/mision\/\">misi\u00f3n<\/a>.<\/p>\n<h2>\u00bfC\u00f3mo fue para usted la experiencia de ser rector de nuestro Santuario Original, el coraz\u00f3n del Movimiento?<\/h2>\n<blockquote><p>Mi experiencia fue muy buena. Estar al lado del Santuario Original y ver lo que sucede a su alrededor es siempre muy fuerte, muy hermoso. Lo m\u00e1s impresionante, sobre todo, es ver c\u00f3mo el Santuario impacta la vida de las personas. Por ejemplo, la emoci\u00f3n de los que llegan por primera vez, de lejos, de otros pa\u00edses, que siempre han o\u00eddo hablar [del Santuario]; la forma en que llegan es muy conmovedora, el Santuario realmente causa una fuerte impresi\u00f3n. Entonces, poder ver lo que significa el Santuario Original de manera concreta en la vida de tanta gente fue lo m\u00e1s importante para m\u00ed. Me caus\u00f3 una profunda impresi\u00f3n.<\/p><\/blockquote>\n<h2>\u00bfHay alguna experiencia a lo largo de estos a\u00f1os que le haya conmovido m\u00e1s? \u00bfCu\u00e1l y por qu\u00e9?<\/h2>\n<blockquote><p>Un momento fuerte que sucedi\u00f3 hace unos tres a\u00f1os y medio -lo recuerdo con especial dedicaci\u00f3n y cari\u00f1o- fue cuando pudimos incluir el Santuario en una red de Santuarios que el Papa eligi\u00f3 para rezar el Rosario en todo el mundo. Junto con otros grandes centros, tambi\u00e9n estuvimos all\u00ed. Creo que esto le dio al Santuario Original una dimensi\u00f3n que quiz\u00e1s antes no estaba tan presente, que es un Santuario abierto a todos, un Santuario internacional.<\/p>\n<p>Esta hermosa experiencia, cuando vimos rezar al Papa y aqu\u00ed [desde Schoenstatt] rezamos juntos, y nuestra Madre apareci\u00f3 en las im\u00e1genes de la televisi\u00f3n vaticana.<\/p>\n<p>Y otra cosa muy linda en este trabajo fue el contacto con la gente que est\u00e1 alrededor del Santuario, el equipo de la sacrist\u00eda, el equipo internacional de las Hermanas de Mar\u00eda que est\u00e1n trabajando junto al Santuario, a quienes estoy muy agradecido.<\/p><\/blockquote>\n<h2>Usted estuvo al frente del Santuario Original durante el per\u00edodo m\u00e1s cr\u00edtico de la pandemia. \u00bfC\u00f3mo fue ese per\u00edodo? \u00bfQu\u00e9 signific\u00f3 este periodo para su misi\u00f3n?<\/h2>\n<blockquote><p>Creo que el per\u00edodo de la pandemia fue, sin duda, el m\u00e1s importante de estos a\u00f1os. Y como Dios saca cosas buenas de todo lo que sucede, creo que el Santuario Original ha entrado a\u00fan m\u00e1s en el hogar de los schoenstattianos de todo el mundo. Un gran logro es que hoy es r\u00e1pidamente accesible en los hogares de la gente, con la Misa transmitida por internet todos los d\u00edas en diferentes idiomas. Antes &#8211; creo &#8211; la gente ten\u00eda que venir aqu\u00ed, ahora el Santuario ha ido a la gente. Y esto es realmente maravilloso. El eco que recibimos siempre fue b\u00e1rbaro, realmente fue una experiencia hermosa. Fue un gran logro y creo que fue muy providencial c\u00f3mo la Mater lleg\u00f3 a todo el mundo desde el Santuario Original.<\/p><\/blockquote>\n<h2>Despu\u00e9s de dejar esta tarea, \u00bfqu\u00e9 es lo m\u00e1s especial de su vida y de su misi\u00f3n?<\/h2>\n<blockquote><p>Esta experiencia, que realic\u00e9 con mucho gusto, me hizo crecer en el amor al Santuario, me hizo crecer, sobre todo, en comprender la importancia y la centralidad vital del Santuario para nosotros, y seguir creciendo en esta experiencia. Y en este sentido, creo que todav\u00eda hay mucho trabajo por hacer. Creo que el Padre Ignacio [Camacho], como nuevo rector, tal vez pueda desarrollar cosas que yo no he podido realizar. El Santuario sigue desarroll\u00e1ndose y sigue siendo siempre un centro vital, fuente de vida para la Familia de Schoenstatt en todo el mundo y &#8211; as\u00ed lo queremos &#8211; tambi\u00e9n para la Iglesia. Estos a\u00f1os me han ense\u00f1ado que el Santuario pertenece a la Mater y que ella realmente nos lleva adelante, mucho m\u00e1s all\u00e1 de nuestros l\u00edmites, a pesar de y con nuestros l\u00edmites. Por eso creo que ha sido una experiencia maravillosa.<\/p><\/blockquote>\n<p><img decoding=\"async\" class=\"wp-image-29426 size-full aligncenter\" src=\"https:\/\/schoenstatt.com\/wp-content\/uploads\/2023\/03\/P.-Ignacio-Camacho-Santuario-Original-1.jpg\" alt=\"Santu\u00e1rio Original\" width=\"640\" height=\"640\" \/><\/p>\n<p style=\"text-align: center;\">P. Ignacio Camacho<\/p>\n<h4><em>*El P. Ignacio Camacho, de Chile, ser\u00e1 el nuevo Rector a partir del 5 de marzo de 2023. El P. Alexandre Awi Mello presidir\u00e1 la Misa de inauguraci\u00f3n a las 16:00 (hora alemana), que ser\u00e1 transmitida por la webcam del Santuario Original.<\/em><\/h4>\n<p style=\"text-align: center;\"><a href=\"https:\/\/urheiligtum.de\/ES\/10-Servicio\/99-Webcam.php\" target=\"_blank\" rel=\"noopener\">Webcam Santuario Original<\/a><\/p>\n","protected":false},"excerpt":{"rendered":"<p>\u00abLo que m\u00e1s me impresiona es ver c\u00f3mo el Santuario impacta la vida de las personas\u00bb<\/p>\n","protected":false},"author":6,"featured_media":18088,"comment_status":"open","ping_status":"closed","sticky":false,"template":"","format":"standard","meta":{"footnotes":""},"categories":[630,901],"tags":[],"class_list":["post-49799","post","type-post","status-publish","format-standard","has-post-thumbnail","hentry","category-eventos-es","category-santuario-original-es"],"yoast_head":"<!-- This site is optimized with the Yoast SEO Premium plugin v27.4 (Yoast SEO v27.4) - https:\/\/yoast.com\/product\/yoast-seo-premium-wordpress\/ -->\n<title>El P. Pablo Pol concluye su tarea como rector del Santuario Original<\/title>\n<meta name=\"description\" content=\"En una misa presidida por el P. Alexandre Awi Mello en el Santuario Original, este domingo, el P. Pablo pasar\u00e1 su tarea al P. Ignacio Camacho.\" \/>\n<meta name=\"robots\" content=\"index, follow, max-snippet:-1, max-image-preview:large, max-video-preview:-1\" \/>\n<link rel=\"canonical\" href=\"https:\/\/schoenstatt.com\/es\/rector-del-santuario-original\/\" \/>\n<meta property=\"og:locale\" content=\"es_ES\" \/>\n<meta property=\"og:type\" content=\"article\" \/>\n<meta property=\"og:title\" content=\"El P. Pablo Pol concluye su tarea como rector del Santuario Original\" \/>\n<meta property=\"og:description\" content=\"En una misa presidida por el P. Alexandre Awi Mello en el Santuario Original, este domingo, el P. Pablo pasar\u00e1 su tarea al P. Ignacio Camacho.\" \/>\n<meta property=\"og:url\" content=\"https:\/\/schoenstatt.com\/es\/rector-del-santuario-original\/\" \/>\n<meta property=\"og:site_name\" content=\"Schoenstatt\" \/>\n<meta property=\"article:published_time\" content=\"2023-03-03T21:24:40+00:00\" \/>\n<meta property=\"article:modified_time\" content=\"2025-05-15T16:39:10+00:00\" \/>\n<meta property=\"og:image\" content=\"https:\/\/schoenstatt.com\/wp-content\/uploads\/2021\/09\/DSC7362-scaled-1.jpg\" \/>\n\t<meta property=\"og:image:width\" content=\"2560\" \/>\n\t<meta property=\"og:image:height\" content=\"1702\" \/>\n\t<meta property=\"og:image:type\" content=\"image\/jpeg\" \/>\n<meta name=\"author\" content=\"Vanessa Franke\" \/>\n<meta name=\"twitter:card\" content=\"summary_large_image\" \/>\n<meta name=\"twitter:label1\" content=\"Escrito por\" \/>\n\t<meta name=\"twitter:data1\" content=\"Vanessa Franke\" \/>\n\t<meta name=\"twitter:label2\" content=\"Tiempo de lectura\" \/>\n\t<meta name=\"twitter:data2\" content=\"4 minutos\" \/>\n<script type=\"application\/ld+json\" class=\"yoast-schema-graph\">{\"@context\":\"https:\\\/\\\/schema.org\",\"@graph\":[{\"@type\":\"Article\",\"@id\":\"https:\\\/\\\/schoenstatt.com\\\/es\\\/rector-del-santuario-original\\\/#article\",\"isPartOf\":{\"@id\":\"https:\\\/\\\/schoenstatt.com\\\/es\\\/rector-del-santuario-original\\\/\"},\"author\":{\"name\":\"Vanessa Franke\",\"@id\":\"https:\\\/\\\/schoenstatt.com\\\/es\\\/#\\\/schema\\\/person\\\/ea97a60c723e21c923e2177f0f3163f7\"},\"headline\":\"El P. Pablo Pol concluye su tarea como rector del Santuario Original\",\"datePublished\":\"2023-03-03T21:24:40+00:00\",\"dateModified\":\"2025-05-15T16:39:10+00:00\",\"mainEntityOfPage\":{\"@id\":\"https:\\\/\\\/schoenstatt.com\\\/es\\\/rector-del-santuario-original\\\/\"},\"wordCount\":826,\"commentCount\":0,\"publisher\":{\"@id\":\"https:\\\/\\\/schoenstatt.com\\\/es\\\/#organization\"},\"image\":{\"@id\":\"https:\\\/\\\/schoenstatt.com\\\/es\\\/rector-del-santuario-original\\\/#primaryimage\"},\"thumbnailUrl\":\"https:\\\/\\\/schoenstatt.com\\\/wp-content\\\/uploads\\\/2021\\\/09\\\/DSC7362-scaled-1.jpg\",\"articleSection\":[\"Eventos\",\"Santuario Original\"],\"inLanguage\":\"es\",\"potentialAction\":[{\"@type\":\"CommentAction\",\"name\":\"Comment\",\"target\":[\"https:\\\/\\\/schoenstatt.com\\\/es\\\/rector-del-santuario-original\\\/#respond\"]}]},{\"@type\":\"WebPage\",\"@id\":\"https:\\\/\\\/schoenstatt.com\\\/es\\\/rector-del-santuario-original\\\/\",\"url\":\"https:\\\/\\\/schoenstatt.com\\\/es\\\/rector-del-santuario-original\\\/\",\"name\":\"El P. Pablo Pol concluye su tarea como rector del Santuario Original\",\"isPartOf\":{\"@id\":\"https:\\\/\\\/schoenstatt.com\\\/es\\\/#website\"},\"primaryImageOfPage\":{\"@id\":\"https:\\\/\\\/schoenstatt.com\\\/es\\\/rector-del-santuario-original\\\/#primaryimage\"},\"image\":{\"@id\":\"https:\\\/\\\/schoenstatt.com\\\/es\\\/rector-del-santuario-original\\\/#primaryimage\"},\"thumbnailUrl\":\"https:\\\/\\\/schoenstatt.com\\\/wp-content\\\/uploads\\\/2021\\\/09\\\/DSC7362-scaled-1.jpg\",\"datePublished\":\"2023-03-03T21:24:40+00:00\",\"dateModified\":\"2025-05-15T16:39:10+00:00\",\"description\":\"En una misa presidida por el P. Alexandre Awi Mello en el Santuario Original, este domingo, el P. Pablo pasar\u00e1 su tarea al P. Ignacio Camacho.\",\"breadcrumb\":{\"@id\":\"https:\\\/\\\/schoenstatt.com\\\/es\\\/rector-del-santuario-original\\\/#breadcrumb\"},\"inLanguage\":\"es\",\"potentialAction\":[{\"@type\":\"ReadAction\",\"target\":[\"https:\\\/\\\/schoenstatt.com\\\/es\\\/rector-del-santuario-original\\\/\"]}]},{\"@type\":\"ImageObject\",\"inLanguage\":\"es\",\"@id\":\"https:\\\/\\\/schoenstatt.com\\\/es\\\/rector-del-santuario-original\\\/#primaryimage\",\"url\":\"https:\\\/\\\/schoenstatt.com\\\/wp-content\\\/uploads\\\/2021\\\/09\\\/DSC7362-scaled-1.jpg\",\"contentUrl\":\"https:\\\/\\\/schoenstatt.com\\\/wp-content\\\/uploads\\\/2021\\\/09\\\/DSC7362-scaled-1.jpg\",\"width\":2560,\"height\":1702,\"caption\":\"santuario original\"},{\"@type\":\"BreadcrumbList\",\"@id\":\"https:\\\/\\\/schoenstatt.com\\\/es\\\/rector-del-santuario-original\\\/#breadcrumb\",\"itemListElement\":[{\"@type\":\"ListItem\",\"position\":1,\"name\":\"Portada\",\"item\":\"https:\\\/\\\/schoenstatt.com\\\/es\\\/home\\\/\"},{\"@type\":\"ListItem\",\"position\":2,\"name\":\"El P. Pablo Pol concluye su tarea como rector del Santuario Original\"}]},{\"@type\":\"WebSite\",\"@id\":\"https:\\\/\\\/schoenstatt.com\\\/es\\\/#website\",\"url\":\"https:\\\/\\\/schoenstatt.com\\\/es\\\/\",\"name\":\"Schoenstatt\",\"description\":\"Apostolic Movement\",\"publisher\":{\"@id\":\"https:\\\/\\\/schoenstatt.com\\\/es\\\/#organization\"},\"potentialAction\":[{\"@type\":\"SearchAction\",\"target\":{\"@type\":\"EntryPoint\",\"urlTemplate\":\"https:\\\/\\\/schoenstatt.com\\\/es\\\/?s={search_term_string}\"},\"query-input\":{\"@type\":\"PropertyValueSpecification\",\"valueRequired\":true,\"valueName\":\"search_term_string\"}}],\"inLanguage\":\"es\"},{\"@type\":\"Organization\",\"@id\":\"https:\\\/\\\/schoenstatt.com\\\/es\\\/#organization\",\"name\":\"Schoenstatt\",\"url\":\"https:\\\/\\\/schoenstatt.com\\\/es\\\/\",\"logo\":{\"@type\":\"ImageObject\",\"inLanguage\":\"es\",\"@id\":\"https:\\\/\\\/schoenstatt.com\\\/es\\\/#\\\/schema\\\/logo\\\/image\\\/\",\"url\":\"https:\\\/\\\/schoenstatt.com\\\/wp-content\\\/uploads\\\/2025\\\/04\\\/logo-schoenstatt-white-696x696-1.png\",\"contentUrl\":\"https:\\\/\\\/schoenstatt.com\\\/wp-content\\\/uploads\\\/2025\\\/04\\\/logo-schoenstatt-white-696x696-1.png\",\"width\":696,\"height\":694,\"caption\":\"Schoenstatt\"},\"image\":{\"@id\":\"https:\\\/\\\/schoenstatt.com\\\/es\\\/#\\\/schema\\\/logo\\\/image\\\/\"}},{\"@type\":\"Person\",\"@id\":\"https:\\\/\\\/schoenstatt.com\\\/es\\\/#\\\/schema\\\/person\\\/ea97a60c723e21c923e2177f0f3163f7\",\"name\":\"Vanessa Franke\",\"image\":{\"@type\":\"ImageObject\",\"inLanguage\":\"es\",\"@id\":\"https:\\\/\\\/secure.gravatar.com\\\/avatar\\\/a9bcca3409928ccd3195eca11e2ccbb2e5d7c7912e9a945d4f326f81a0a5cb4a?s=96&d=mm&r=g\",\"url\":\"https:\\\/\\\/secure.gravatar.com\\\/avatar\\\/a9bcca3409928ccd3195eca11e2ccbb2e5d7c7912e9a945d4f326f81a0a5cb4a?s=96&d=mm&r=g\",\"contentUrl\":\"https:\\\/\\\/secure.gravatar.com\\\/avatar\\\/a9bcca3409928ccd3195eca11e2ccbb2e5d7c7912e9a945d4f326f81a0a5cb4a?s=96&d=mm&r=g\",\"caption\":\"Vanessa Franke\"},\"url\":\"https:\\\/\\\/schoenstatt.com\\\/es\\\/author\\\/vanessa-franke\\\/\"}]}<\/script>\n<!-- \/ Yoast SEO Premium plugin. -->","yoast_head_json":{"title":"El P. Pablo Pol concluye su tarea como rector del Santuario Original","description":"En una misa presidida por el P. Alexandre Awi Mello en el Santuario Original, este domingo, el P. Pablo pasar\u00e1 su tarea al P. Ignacio Camacho.","robots":{"index":"index","follow":"follow","max-snippet":"max-snippet:-1","max-image-preview":"max-image-preview:large","max-video-preview":"max-video-preview:-1"},"canonical":"https:\/\/schoenstatt.com\/es\/rector-del-santuario-original\/","og_locale":"es_ES","og_type":"article","og_title":"El P. Pablo Pol concluye su tarea como rector del Santuario Original","og_description":"En una misa presidida por el P. Alexandre Awi Mello en el Santuario Original, este domingo, el P. Pablo pasar\u00e1 su tarea al P. Ignacio Camacho.","og_url":"https:\/\/schoenstatt.com\/es\/rector-del-santuario-original\/","og_site_name":"Schoenstatt","article_published_time":"2023-03-03T21:24:40+00:00","article_modified_time":"2025-05-15T16:39:10+00:00","og_image":[{"width":2560,"height":1702,"url":"https:\/\/schoenstatt.com\/wp-content\/uploads\/2021\/09\/DSC7362-scaled-1.jpg","type":"image\/jpeg"}],"author":"Vanessa Franke","twitter_card":"summary_large_image","twitter_misc":{"Escrito por":"Vanessa Franke","Tiempo de lectura":"4 minutos"},"schema":{"@context":"https:\/\/schema.org","@graph":[{"@type":"Article","@id":"https:\/\/schoenstatt.com\/es\/rector-del-santuario-original\/#article","isPartOf":{"@id":"https:\/\/schoenstatt.com\/es\/rector-del-santuario-original\/"},"author":{"name":"Vanessa Franke","@id":"https:\/\/schoenstatt.com\/es\/#\/schema\/person\/ea97a60c723e21c923e2177f0f3163f7"},"headline":"El P. Pablo Pol concluye su tarea como rector del Santuario Original","datePublished":"2023-03-03T21:24:40+00:00","dateModified":"2025-05-15T16:39:10+00:00","mainEntityOfPage":{"@id":"https:\/\/schoenstatt.com\/es\/rector-del-santuario-original\/"},"wordCount":826,"commentCount":0,"publisher":{"@id":"https:\/\/schoenstatt.com\/es\/#organization"},"image":{"@id":"https:\/\/schoenstatt.com\/es\/rector-del-santuario-original\/#primaryimage"},"thumbnailUrl":"https:\/\/schoenstatt.com\/wp-content\/uploads\/2021\/09\/DSC7362-scaled-1.jpg","articleSection":["Eventos","Santuario Original"],"inLanguage":"es","potentialAction":[{"@type":"CommentAction","name":"Comment","target":["https:\/\/schoenstatt.com\/es\/rector-del-santuario-original\/#respond"]}]},{"@type":"WebPage","@id":"https:\/\/schoenstatt.com\/es\/rector-del-santuario-original\/","url":"https:\/\/schoenstatt.com\/es\/rector-del-santuario-original\/","name":"El P. Pablo Pol concluye su tarea como rector del Santuario Original","isPartOf":{"@id":"https:\/\/schoenstatt.com\/es\/#website"},"primaryImageOfPage":{"@id":"https:\/\/schoenstatt.com\/es\/rector-del-santuario-original\/#primaryimage"},"image":{"@id":"https:\/\/schoenstatt.com\/es\/rector-del-santuario-original\/#primaryimage"},"thumbnailUrl":"https:\/\/schoenstatt.com\/wp-content\/uploads\/2021\/09\/DSC7362-scaled-1.jpg","datePublished":"2023-03-03T21:24:40+00:00","dateModified":"2025-05-15T16:39:10+00:00","description":"En una misa presidida por el P. Alexandre Awi Mello en el Santuario Original, este domingo, el P. Pablo pasar\u00e1 su tarea al P. Ignacio Camacho.","breadcrumb":{"@id":"https:\/\/schoenstatt.com\/es\/rector-del-santuario-original\/#breadcrumb"},"inLanguage":"es","potentialAction":[{"@type":"ReadAction","target":["https:\/\/schoenstatt.com\/es\/rector-del-santuario-original\/"]}]},{"@type":"ImageObject","inLanguage":"es","@id":"https:\/\/schoenstatt.com\/es\/rector-del-santuario-original\/#primaryimage","url":"https:\/\/schoenstatt.com\/wp-content\/uploads\/2021\/09\/DSC7362-scaled-1.jpg","contentUrl":"https:\/\/schoenstatt.com\/wp-content\/uploads\/2021\/09\/DSC7362-scaled-1.jpg","width":2560,"height":1702,"caption":"santuario original"},{"@type":"BreadcrumbList","@id":"https:\/\/schoenstatt.com\/es\/rector-del-santuario-original\/#breadcrumb","itemListElement":[{"@type":"ListItem","position":1,"name":"Portada","item":"https:\/\/schoenstatt.com\/es\/home\/"},{"@type":"ListItem","position":2,"name":"El P. Pablo Pol concluye su tarea como rector del Santuario Original"}]},{"@type":"WebSite","@id":"https:\/\/schoenstatt.com\/es\/#website","url":"https:\/\/schoenstatt.com\/es\/","name":"Schoenstatt","description":"Apostolic Movement","publisher":{"@id":"https:\/\/schoenstatt.com\/es\/#organization"},"potentialAction":[{"@type":"SearchAction","target":{"@type":"EntryPoint","urlTemplate":"https:\/\/schoenstatt.com\/es\/?s={search_term_string}"},"query-input":{"@type":"PropertyValueSpecification","valueRequired":true,"valueName":"search_term_string"}}],"inLanguage":"es"},{"@type":"Organization","@id":"https:\/\/schoenstatt.com\/es\/#organization","name":"Schoenstatt","url":"https:\/\/schoenstatt.com\/es\/","logo":{"@type":"ImageObject","inLanguage":"es","@id":"https:\/\/schoenstatt.com\/es\/#\/schema\/logo\/image\/","url":"https:\/\/schoenstatt.com\/wp-content\/uploads\/2025\/04\/logo-schoenstatt-white-696x696-1.png","contentUrl":"https:\/\/schoenstatt.com\/wp-content\/uploads\/2025\/04\/logo-schoenstatt-white-696x696-1.png","width":696,"height":694,"caption":"Schoenstatt"},"image":{"@id":"https:\/\/schoenstatt.com\/es\/#\/schema\/logo\/image\/"}},{"@type":"Person","@id":"https:\/\/schoenstatt.com\/es\/#\/schema\/person\/ea97a60c723e21c923e2177f0f3163f7","name":"Vanessa Franke","image":{"@type":"ImageObject","inLanguage":"es","@id":"https:\/\/secure.gravatar.com\/avatar\/a9bcca3409928ccd3195eca11e2ccbb2e5d7c7912e9a945d4f326f81a0a5cb4a?s=96&d=mm&r=g","url":"https:\/\/secure.gravatar.com\/avatar\/a9bcca3409928ccd3195eca11e2ccbb2e5d7c7912e9a945d4f326f81a0a5cb4a?s=96&d=mm&r=g","contentUrl":"https:\/\/secure.gravatar.com\/avatar\/a9bcca3409928ccd3195eca11e2ccbb2e5d7c7912e9a945d4f326f81a0a5cb4a?s=96&d=mm&r=g","caption":"Vanessa Franke"},"url":"https:\/\/schoenstatt.com\/es\/author\/vanessa-franke\/"}]}},"_links":{"self":[{"href":"https:\/\/schoenstatt.com\/es\/wp-json\/wp\/v2\/posts\/49799","targetHints":{"allow":["GET"]}}],"collection":[{"href":"https:\/\/schoenstatt.com\/es\/wp-json\/wp\/v2\/posts"}],"about":[{"href":"https:\/\/schoenstatt.com\/es\/wp-json\/wp\/v2\/types\/post"}],"author":[{"embeddable":true,"href":"https:\/\/schoenstatt.com\/es\/wp-json\/wp\/v2\/users\/6"}],"replies":[{"embeddable":true,"href":"https:\/\/schoenstatt.com\/es\/wp-json\/wp\/v2\/comments?post=49799"}],"version-history":[{"count":1,"href":"https:\/\/schoenstatt.com\/es\/wp-json\/wp\/v2\/posts\/49799\/revisions"}],"predecessor-version":[{"id":49843,"href":"https:\/\/schoenstatt.com\/es\/wp-json\/wp\/v2\/posts\/49799\/revisions\/49843"}],"wp:featuredmedia":[{"embeddable":true,"href":"https:\/\/schoenstatt.com\/es\/wp-json\/wp\/v2\/media\/18088"}],"wp:attachment":[{"href":"https:\/\/schoenstatt.com\/es\/wp-json\/wp\/v2\/media?parent=49799"}],"wp:term":[{"taxonomy":"category","embeddable":true,"href":"https:\/\/schoenstatt.com\/es\/wp-json\/wp\/v2\/categories?post=49799"},{"taxonomy":"post_tag","embeddable":true,"href":"https:\/\/schoenstatt.com\/es\/wp-json\/wp\/v2\/tags?post=49799"}],"curies":[{"name":"wp","href":"https:\/\/api.w.org\/{rel}","templated":true}]}}