{"id":49634,"date":"2023-04-17T22:45:42","date_gmt":"2023-04-17T20:45:42","guid":{"rendered":"https:\/\/schoenstattdev.wpenginepowered.com\/?p=30096"},"modified":"2025-05-15T18:33:38","modified_gmt":"2025-05-15T16:33:38","slug":"la-juventud-de-brasil-pago-sus-billetes-a-la-jmj-pero-los-tickets-no-estan","status":"publish","type":"post","link":"https:\/\/schoenstatt.com\/es\/la-juventud-de-brasil-pago-sus-billetes-a-la-jmj-pero-los-tickets-no-estan\/","title":{"rendered":"La juventud de Brasil pag\u00f3 sus billetes a la JMJ, pero los tickets no est\u00e1n. \u00bfLlegar\u00e1n a Schoenstatt y a Lisboa?"},"content":{"rendered":"<p>En 2023 miles de j\u00f3venes preparan sus corazones para vivir la Jornada Mundial de la Juventud -JMJ- que tendr\u00e1 lugar en Lisboa, Portugal, del 1ro. al 6 de agosto. Desde hace algunos a\u00f1os, la Juventud de Schoenstatt de Brasil est\u00e1 encendida con esta oportunidad de estar cerca del Papa Francisco y tambi\u00e9n de peregrinar a Schoenstatt para conocer el Santuario Original. La preparaci\u00f3n ha sido intensa tanto en el aspecto material como en el espiritual.<\/p>\n<p>Pero mientras aumentaba la expectativa por el viaje, el grupo se vio impactado por una dura noticia: si bien se hab\u00edan pagado los billetes, estos no fueron emitidos nunca.<\/p>\n<h3>Los j\u00f3venes est\u00e1n sin recursos, pero no pierden las esperanzas<\/h3>\n<p>Te estar\u00e1s preguntando: \u00bfpero qu\u00e9 ha pasado? La agencia de viajes contratada no adquiri\u00f3 los pasajes y el seguro m\u00e9dico necesarios para el viaje, debido a la crisis financiera que atraviesan, a pesar de que la mayor parte de los pagos ya hab\u00edan sido realizados.<\/p>\n<p>De esta forma, el grupo brasile\u00f1o, formado por 78 j\u00f3venes, se encuentra sin recursos. Los j\u00f3venes ya tienen sus inscripciones para la JMJ garantizadas, pero no tienen medios para realizar el viaje a Schoenstatt y <a href=\"https:\/\/schoenstattdev.wpenginepowered.com\/es\/papa-francisco\/jovenes-preparense-para-la-jmj-abrir-horizontes-y-no-levantar-muros\/\">Lisboa<\/a>. Est\u00e1n buscando nuevos billetes de avi\u00f3n, pero los precios y las tasas ya est\u00e1n por las nubes. Adem\u00e1s, todav\u00eda no hay plazo para el reembolso de los billetes por parte de la agencia en cuesti\u00f3n. En otras palabras: el grupo ya ha invertido pr\u00e1cticamente todos sus recursos y tendr\u00e1 que pagar nuevos paquetes de viaje si quiere llegar a su destino.<\/p>\n<h3><img fetchpriority=\"high\" decoding=\"async\" class=\"aligncenter wp-image-30091 size-large\" src=\"https:\/\/schoenstatt.com\/wp-content\/uploads\/2023\/04\/JMJ_VPrincipal_RGB-01-1.png\" alt=\"\" width=\"840\" height=\"840\" srcset=\"https:\/\/schoenstatt.com\/wp-content\/uploads\/2023\/04\/JMJ_VPrincipal_RGB-01-1.png 1182w, https:\/\/schoenstatt.com\/wp-content\/uploads\/2023\/04\/JMJ_VPrincipal_RGB-01-1-768x768.png 768w\" sizes=\"(max-width: 840px) 100vw, 840px\" \/><\/h3>\n<h3>SOS Juventud: \u00a1Creo en el milagro!<\/h3>\n<p>Ante esta situaci\u00f3n, el primer pensamiento del grupo podr\u00eda ser: vamos a rendirnos. Sin embargo, los j\u00f3venes se mantuvieron firmes y confiados en que el viaje a\u00fan es posible. En conversaci\u00f3n con los asesores, naci\u00f3 la campa\u00f1a <strong>\u00abSOS Juventud &#8211; Reza un Ave Mar\u00eda y dona un real\u201d.<\/strong> El valor de un real es de 20 centavos de euro o de d\u00f3lar.<\/p>\n<p>El objetivo del grupo es obtener, a trav\u00e9s de donaciones, los fondos necesarios para cubrir el costo de los pasajes y hacer realidad el gran sue\u00f1o de llegar al Santuario Original y luego participar de la JMJ.<\/p>\n<p>&nbsp;<\/p>\n<blockquote><p><img decoding=\"async\" class=\"aligncenter wp-image-30075 size-full\" src=\"https:\/\/schoenstatt.com\/wp-content\/uploads\/2023\/04\/WhatsApp-Image-2023-03-31-at-14.19.53-3.jpeg\" alt=\"\" width=\"960\" height=\"720\" srcset=\"https:\/\/schoenstatt.com\/wp-content\/uploads\/2023\/04\/WhatsApp-Image-2023-03-31-at-14.19.53-3.jpeg 960w, https:\/\/schoenstatt.com\/wp-content\/uploads\/2023\/04\/WhatsApp-Image-2023-03-31-at-14.19.53-3-768x576.jpeg 768w\" sizes=\"(max-width: 960px) 100vw, 960px\" \/><\/p>\n<p>&nbsp;<\/p><\/blockquote>\n<h3>\u00bfC\u00f3mo podemos ayudar?<\/h3>\n<p>La Juventud de Brasil, adem\u00e1s de acciones concretas para recaudar fondos, puede contar actualmente con la colaboraci\u00f3n de la Familia de Schoenstatt. El Congreso de Pentecost\u00e9s ya se\u00f1al\u00f3 la importancia de la juventud para contribuir con su protagonismo en diferentes \u00e1reas. La juventud brasile\u00f1a est\u00e1 pasando por un momento de prueba, pero se mantiene unida para enfrentar juntos esta situaci\u00f3n y quiere contar con el apoyo de toda la Familia internacional.<\/p>\n<p><strong>Para contribuir, puedes rezar un Ave Mar\u00eda y hacer una donaci\u00f3n en esta <a href=\"https:\/\/donorbox.org\/together-for-the-greatest-miracle\">p\u00e1gina<\/a>.<\/strong><\/p>\n<p>Adem\u00e1s de la contribuci\u00f3n financiera, los j\u00f3venes cuentan con sus oraciones y contribuciones al Capital de Gracias para que el sue\u00f1o se haga realidad.<\/p>\n<blockquote><p>La confianza siempre determina el grado de respuesta a nuestras peticiones<\/p><\/blockquote>\n<p>A pesar de estar sorprendidos por los acontecimientos, los j\u00f3venes mantienen la confianza: \u00a1el milagro ocurrir\u00e1!<\/p>\n<p>Pedro Furquim relata su expectativa, expresando que\u00a0 \u00ab<em>desde ni\u00f1o so\u00f1aba con participar en el mayor evento de la juventud cat\u00f3lica del mundo y, juntos, visitar el \u2018lugar m\u00e1s bonito\u2019 ser\u00eda incre\u00edble. So\u00f1aba mucho con este viaje. Pero a veces la vida nos sorprende con ciertas situaciones que solo la confianza en la MTA puede resolver. Cuando me enter\u00e9 del inconveniente con los pasajes, me sent\u00ed desolado y con un profundo dolor en el coraz\u00f3n, porque mi sue\u00f1o m\u00e1s grande podr\u00eda haber terminado. Pero confiando en la Alianza de Amor, s\u00e9 que Dios tiene sus planes para nosotros y si es su voluntad, podr\u00e9 visitar la casa del padre y fundador y vivenciar a\u00fan m\u00e1s con todo lo que Schoenstatt puede brindarme\u201d.<\/em><\/p>\n<p>Por su lado, Nicole Martins Silv\u00e9rio comparte su testimonio: \u00ab<em>A medida que se acercaban los meses de nuestro viaje, m\u00e1s se intensificaba nuestra preparaci\u00f3n. Ya armando las listas con los \u00edtems a llevar, nuestros corazones anhelando nuestro encuentro en Lisboa y, adem\u00e1s, nuestra visita al Schoenstatt Original, tuvimos la triste noticia de que la empresa responsable por proveer nuestros pasajes no podr\u00eda cumplir con lo acordado. \u00a1Tremenda noticia! En ese momento me sent\u00ed insegura y con miedo a tener que posponer un sue\u00f1o. Por un momento, lo que hab\u00eda idealizado y so\u00f1ado -conseguir logros y estar en Schoenstatt Original, reunirme con j\u00f3venes de todo el mundo que tienen el mismo ideal- se tambale\u00f3. Cre\u00eda que ya nada de eso ser\u00eda posible. Pero ahora con la certeza de que nada sucede por casualidad, s\u00e9 que con la fuerza de nuestra fe y la entrega al capital de gracias, la Mater nos ir\u00e1 guiando hacia lo mejor, hacia lo que est\u00e1 en el plan de Dios. Escribo este testimonio confiada en que pronto podremos encontrarnos en Schoenstatt y en Lisboa. Despu\u00e9s de todo, para Dios nada es imposible\u201d.<\/em><\/p>\n<p>Para saber m\u00e1s sobre el grupo, los preparativos para la JMJ y la campa\u00f1a SOS Juventud sigue @<a href=\"http:\/\/www.instagram.com\">jmjschoenstattbrasil<\/a> en Instagram.<\/p>\n<h3>Puedes ayudarnos con una donaci\u00f3n, con lo que puedas, no importa el monto, a trav\u00e9s de este <a href=\"https:\/\/donorbox.org\/together-for-the-greatest-miracle\">enlace<\/a>. Desde ya \u00a1Muchas gracias!<\/h3>\n<p>&nbsp;<\/p>\n","protected":false},"excerpt":{"rendered":"<p>78 j\u00f3venes brasile\u00f1os, miembros de la Juventud de Schoenstatt, pagaron sus tickets de avi\u00f3n para participar en agosto en la Jornada Mundial de la Juventud -JMJ- en Lisboa, y visitar el lugar de sus sue\u00f1os: Schoenstatt Original. Pero recibieron un shock: los pasajes no existen, y ahora se encuentran varados&#8230; O tal vez no, porque decidieron hacer una campa\u00f1a para que su sue\u00f1o se pueda hacer realidad. Piden un Ave Mar\u00eda, y un aporte de 20 centavos de euro o de d\u00f3lar. \u00bfQuieres darles uma mano?<\/p>\n","protected":false},"author":3,"featured_media":30083,"comment_status":"closed","ping_status":"closed","sticky":false,"template":"","format":"standard","meta":{"footnotes":""},"categories":[917,923,800],"tags":[],"class_list":["post-49634","post","type-post","status-publish","format-standard","has-post-thumbnail","hentry","category-espiritualidad-es","category-juventud-es","category-papa-francisco-es"],"yoast_head":"<!-- This site is optimized with the Yoast SEO Premium plugin v27.4 (Yoast SEO v27.4) - https:\/\/yoast.com\/product\/yoast-seo-premium-wordpress\/ -->\n<title>La juventud de Brasil pag\u00f3 sus billetes a la JMJ, pero los tickets no est\u00e1n. \u00bfLlegar\u00e1n a Schoenstatt y a Lisboa?<\/title>\n<meta name=\"description\" content=\"La Juventud de Schoenstatt de Brasil afronta un gran desaf\u00edo para participar en la Jornada Mundial de la Juventud.\" \/>\n<meta name=\"robots\" content=\"index, follow, max-snippet:-1, max-image-preview:large, max-video-preview:-1\" \/>\n<link rel=\"canonical\" href=\"https:\/\/schoenstatt.com\/es\/la-juventud-de-brasil-pago-sus-billetes-a-la-jmj-pero-los-tickets-no-estan\/\" \/>\n<meta property=\"og:locale\" content=\"es_ES\" \/>\n<meta property=\"og:type\" content=\"article\" \/>\n<meta property=\"og:title\" content=\"La juventud de Brasil pag\u00f3 sus billetes a la JMJ, pero los tickets no est\u00e1n. \u00bfLlegar\u00e1n a Schoenstatt y a Lisboa?\" \/>\n<meta property=\"og:description\" content=\"La Juventud de Schoenstatt de Brasil afronta un gran desaf\u00edo para participar en la Jornada Mundial de la Juventud.\" \/>\n<meta property=\"og:url\" content=\"https:\/\/schoenstatt.com\/es\/la-juventud-de-brasil-pago-sus-billetes-a-la-jmj-pero-los-tickets-no-estan\/\" \/>\n<meta property=\"og:site_name\" content=\"Schoenstatt\" \/>\n<meta property=\"article:published_time\" content=\"2023-04-17T20:45:42+00:00\" \/>\n<meta property=\"article:modified_time\" content=\"2025-05-15T16:33:38+00:00\" \/>\n<meta property=\"og:image\" content=\"https:\/\/schoenstatt.com\/wp-content\/uploads\/2023\/04\/WhatsApp-Image-2023-03-31-at-14.19.50-1.jpeg\" \/>\n\t<meta property=\"og:image:width\" content=\"1280\" \/>\n\t<meta property=\"og:image:height\" content=\"720\" \/>\n\t<meta property=\"og:image:type\" content=\"image\/jpeg\" \/>\n<meta name=\"author\" content=\"Karen Bueno\" \/>\n<meta name=\"twitter:card\" content=\"summary_large_image\" \/>\n<meta name=\"twitter:label1\" content=\"Escrito por\" \/>\n\t<meta name=\"twitter:data1\" content=\"Karen Bueno\" \/>\n\t<meta name=\"twitter:label2\" content=\"Tiempo de lectura\" \/>\n\t<meta name=\"twitter:data2\" content=\"5 minutos\" \/>\n<script type=\"application\/ld+json\" class=\"yoast-schema-graph\">{\"@context\":\"https:\\\/\\\/schema.org\",\"@graph\":[{\"@type\":\"Article\",\"@id\":\"https:\\\/\\\/schoenstatt.com\\\/es\\\/la-juventud-de-brasil-pago-sus-billetes-a-la-jmj-pero-los-tickets-no-estan\\\/#article\",\"isPartOf\":{\"@id\":\"https:\\\/\\\/schoenstatt.com\\\/es\\\/la-juventud-de-brasil-pago-sus-billetes-a-la-jmj-pero-los-tickets-no-estan\\\/\"},\"author\":{\"name\":\"Karen Bueno\",\"@id\":\"https:\\\/\\\/schoenstatt.com\\\/es\\\/#\\\/schema\\\/person\\\/5158877ad4acae98b34daaeef2a1ce6e\"},\"headline\":\"La juventud de Brasil pag\u00f3 sus billetes a la JMJ, pero los tickets no est\u00e1n. \u00bfLlegar\u00e1n a Schoenstatt y a Lisboa?\",\"datePublished\":\"2023-04-17T20:45:42+00:00\",\"dateModified\":\"2025-05-15T16:33:38+00:00\",\"mainEntityOfPage\":{\"@id\":\"https:\\\/\\\/schoenstatt.com\\\/es\\\/la-juventud-de-brasil-pago-sus-billetes-a-la-jmj-pero-los-tickets-no-estan\\\/\"},\"wordCount\":945,\"publisher\":{\"@id\":\"https:\\\/\\\/schoenstatt.com\\\/es\\\/#organization\"},\"image\":{\"@id\":\"https:\\\/\\\/schoenstatt.com\\\/es\\\/la-juventud-de-brasil-pago-sus-billetes-a-la-jmj-pero-los-tickets-no-estan\\\/#primaryimage\"},\"thumbnailUrl\":\"https:\\\/\\\/schoenstatt.com\\\/wp-content\\\/uploads\\\/2023\\\/04\\\/WhatsApp-Image-2023-03-31-at-14.19.50-1.jpeg\",\"articleSection\":[\"Espiritualidad\",\"Juventud\",\"Papa Francisco\"],\"inLanguage\":\"es\"},{\"@type\":\"WebPage\",\"@id\":\"https:\\\/\\\/schoenstatt.com\\\/es\\\/la-juventud-de-brasil-pago-sus-billetes-a-la-jmj-pero-los-tickets-no-estan\\\/\",\"url\":\"https:\\\/\\\/schoenstatt.com\\\/es\\\/la-juventud-de-brasil-pago-sus-billetes-a-la-jmj-pero-los-tickets-no-estan\\\/\",\"name\":\"La juventud de Brasil pag\u00f3 sus billetes a la JMJ, pero los tickets no est\u00e1n. \u00bfLlegar\u00e1n a Schoenstatt y a Lisboa?\",\"isPartOf\":{\"@id\":\"https:\\\/\\\/schoenstatt.com\\\/es\\\/#website\"},\"primaryImageOfPage\":{\"@id\":\"https:\\\/\\\/schoenstatt.com\\\/es\\\/la-juventud-de-brasil-pago-sus-billetes-a-la-jmj-pero-los-tickets-no-estan\\\/#primaryimage\"},\"image\":{\"@id\":\"https:\\\/\\\/schoenstatt.com\\\/es\\\/la-juventud-de-brasil-pago-sus-billetes-a-la-jmj-pero-los-tickets-no-estan\\\/#primaryimage\"},\"thumbnailUrl\":\"https:\\\/\\\/schoenstatt.com\\\/wp-content\\\/uploads\\\/2023\\\/04\\\/WhatsApp-Image-2023-03-31-at-14.19.50-1.jpeg\",\"datePublished\":\"2023-04-17T20:45:42+00:00\",\"dateModified\":\"2025-05-15T16:33:38+00:00\",\"description\":\"La Juventud de Schoenstatt de Brasil afronta un gran desaf\u00edo para participar en la Jornada Mundial de la Juventud.\",\"breadcrumb\":{\"@id\":\"https:\\\/\\\/schoenstatt.com\\\/es\\\/la-juventud-de-brasil-pago-sus-billetes-a-la-jmj-pero-los-tickets-no-estan\\\/#breadcrumb\"},\"inLanguage\":\"es\",\"potentialAction\":[{\"@type\":\"ReadAction\",\"target\":[\"https:\\\/\\\/schoenstatt.com\\\/es\\\/la-juventud-de-brasil-pago-sus-billetes-a-la-jmj-pero-los-tickets-no-estan\\\/\"]}]},{\"@type\":\"ImageObject\",\"inLanguage\":\"es\",\"@id\":\"https:\\\/\\\/schoenstatt.com\\\/es\\\/la-juventud-de-brasil-pago-sus-billetes-a-la-jmj-pero-los-tickets-no-estan\\\/#primaryimage\",\"url\":\"https:\\\/\\\/schoenstatt.com\\\/wp-content\\\/uploads\\\/2023\\\/04\\\/WhatsApp-Image-2023-03-31-at-14.19.50-1.jpeg\",\"contentUrl\":\"https:\\\/\\\/schoenstatt.com\\\/wp-content\\\/uploads\\\/2023\\\/04\\\/WhatsApp-Image-2023-03-31-at-14.19.50-1.jpeg\",\"width\":1280,\"height\":720},{\"@type\":\"BreadcrumbList\",\"@id\":\"https:\\\/\\\/schoenstatt.com\\\/es\\\/la-juventud-de-brasil-pago-sus-billetes-a-la-jmj-pero-los-tickets-no-estan\\\/#breadcrumb\",\"itemListElement\":[{\"@type\":\"ListItem\",\"position\":1,\"name\":\"Portada\",\"item\":\"https:\\\/\\\/schoenstatt.com\\\/es\\\/home\\\/\"},{\"@type\":\"ListItem\",\"position\":2,\"name\":\"La juventud de Brasil pag\u00f3 sus billetes a la JMJ, pero los tickets no est\u00e1n. \u00bfLlegar\u00e1n a Schoenstatt y a Lisboa?\"}]},{\"@type\":\"WebSite\",\"@id\":\"https:\\\/\\\/schoenstatt.com\\\/es\\\/#website\",\"url\":\"https:\\\/\\\/schoenstatt.com\\\/es\\\/\",\"name\":\"Schoenstatt\",\"description\":\"Apostolic Movement\",\"publisher\":{\"@id\":\"https:\\\/\\\/schoenstatt.com\\\/es\\\/#organization\"},\"potentialAction\":[{\"@type\":\"SearchAction\",\"target\":{\"@type\":\"EntryPoint\",\"urlTemplate\":\"https:\\\/\\\/schoenstatt.com\\\/es\\\/?s={search_term_string}\"},\"query-input\":{\"@type\":\"PropertyValueSpecification\",\"valueRequired\":true,\"valueName\":\"search_term_string\"}}],\"inLanguage\":\"es\"},{\"@type\":\"Organization\",\"@id\":\"https:\\\/\\\/schoenstatt.com\\\/es\\\/#organization\",\"name\":\"Schoenstatt\",\"url\":\"https:\\\/\\\/schoenstatt.com\\\/es\\\/\",\"logo\":{\"@type\":\"ImageObject\",\"inLanguage\":\"es\",\"@id\":\"https:\\\/\\\/schoenstatt.com\\\/es\\\/#\\\/schema\\\/logo\\\/image\\\/\",\"url\":\"https:\\\/\\\/schoenstatt.com\\\/wp-content\\\/uploads\\\/2025\\\/04\\\/logo-schoenstatt-white-696x696-1.png\",\"contentUrl\":\"https:\\\/\\\/schoenstatt.com\\\/wp-content\\\/uploads\\\/2025\\\/04\\\/logo-schoenstatt-white-696x696-1.png\",\"width\":696,\"height\":694,\"caption\":\"Schoenstatt\"},\"image\":{\"@id\":\"https:\\\/\\\/schoenstatt.com\\\/es\\\/#\\\/schema\\\/logo\\\/image\\\/\"}},{\"@type\":\"Person\",\"@id\":\"https:\\\/\\\/schoenstatt.com\\\/es\\\/#\\\/schema\\\/person\\\/5158877ad4acae98b34daaeef2a1ce6e\",\"name\":\"Karen Bueno\",\"image\":{\"@type\":\"ImageObject\",\"inLanguage\":\"es\",\"@id\":\"https:\\\/\\\/secure.gravatar.com\\\/avatar\\\/f9f4b823873154269d2b2130f195f6d41037dd0d7fc5f3cacb5c846bae70d66b?s=96&d=mm&r=g\",\"url\":\"https:\\\/\\\/secure.gravatar.com\\\/avatar\\\/f9f4b823873154269d2b2130f195f6d41037dd0d7fc5f3cacb5c846bae70d66b?s=96&d=mm&r=g\",\"contentUrl\":\"https:\\\/\\\/secure.gravatar.com\\\/avatar\\\/f9f4b823873154269d2b2130f195f6d41037dd0d7fc5f3cacb5c846bae70d66b?s=96&d=mm&r=g\",\"caption\":\"Karen Bueno\"},\"url\":\"https:\\\/\\\/schoenstatt.com\\\/es\\\/author\\\/karen-bueno\\\/\"}]}<\/script>\n<!-- \/ Yoast SEO Premium plugin. -->","yoast_head_json":{"title":"La juventud de Brasil pag\u00f3 sus billetes a la JMJ, pero los tickets no est\u00e1n. \u00bfLlegar\u00e1n a Schoenstatt y a Lisboa?","description":"La Juventud de Schoenstatt de Brasil afronta un gran desaf\u00edo para participar en la Jornada Mundial de la Juventud.","robots":{"index":"index","follow":"follow","max-snippet":"max-snippet:-1","max-image-preview":"max-image-preview:large","max-video-preview":"max-video-preview:-1"},"canonical":"https:\/\/schoenstatt.com\/es\/la-juventud-de-brasil-pago-sus-billetes-a-la-jmj-pero-los-tickets-no-estan\/","og_locale":"es_ES","og_type":"article","og_title":"La juventud de Brasil pag\u00f3 sus billetes a la JMJ, pero los tickets no est\u00e1n. \u00bfLlegar\u00e1n a Schoenstatt y a Lisboa?","og_description":"La Juventud de Schoenstatt de Brasil afronta un gran desaf\u00edo para participar en la Jornada Mundial de la Juventud.","og_url":"https:\/\/schoenstatt.com\/es\/la-juventud-de-brasil-pago-sus-billetes-a-la-jmj-pero-los-tickets-no-estan\/","og_site_name":"Schoenstatt","article_published_time":"2023-04-17T20:45:42+00:00","article_modified_time":"2025-05-15T16:33:38+00:00","og_image":[{"width":1280,"height":720,"url":"https:\/\/schoenstatt.com\/wp-content\/uploads\/2023\/04\/WhatsApp-Image-2023-03-31-at-14.19.50-1.jpeg","type":"image\/jpeg"}],"author":"Karen Bueno","twitter_card":"summary_large_image","twitter_misc":{"Escrito por":"Karen Bueno","Tiempo de lectura":"5 minutos"},"schema":{"@context":"https:\/\/schema.org","@graph":[{"@type":"Article","@id":"https:\/\/schoenstatt.com\/es\/la-juventud-de-brasil-pago-sus-billetes-a-la-jmj-pero-los-tickets-no-estan\/#article","isPartOf":{"@id":"https:\/\/schoenstatt.com\/es\/la-juventud-de-brasil-pago-sus-billetes-a-la-jmj-pero-los-tickets-no-estan\/"},"author":{"name":"Karen Bueno","@id":"https:\/\/schoenstatt.com\/es\/#\/schema\/person\/5158877ad4acae98b34daaeef2a1ce6e"},"headline":"La juventud de Brasil pag\u00f3 sus billetes a la JMJ, pero los tickets no est\u00e1n. \u00bfLlegar\u00e1n a Schoenstatt y a Lisboa?","datePublished":"2023-04-17T20:45:42+00:00","dateModified":"2025-05-15T16:33:38+00:00","mainEntityOfPage":{"@id":"https:\/\/schoenstatt.com\/es\/la-juventud-de-brasil-pago-sus-billetes-a-la-jmj-pero-los-tickets-no-estan\/"},"wordCount":945,"publisher":{"@id":"https:\/\/schoenstatt.com\/es\/#organization"},"image":{"@id":"https:\/\/schoenstatt.com\/es\/la-juventud-de-brasil-pago-sus-billetes-a-la-jmj-pero-los-tickets-no-estan\/#primaryimage"},"thumbnailUrl":"https:\/\/schoenstatt.com\/wp-content\/uploads\/2023\/04\/WhatsApp-Image-2023-03-31-at-14.19.50-1.jpeg","articleSection":["Espiritualidad","Juventud","Papa Francisco"],"inLanguage":"es"},{"@type":"WebPage","@id":"https:\/\/schoenstatt.com\/es\/la-juventud-de-brasil-pago-sus-billetes-a-la-jmj-pero-los-tickets-no-estan\/","url":"https:\/\/schoenstatt.com\/es\/la-juventud-de-brasil-pago-sus-billetes-a-la-jmj-pero-los-tickets-no-estan\/","name":"La juventud de Brasil pag\u00f3 sus billetes a la JMJ, pero los tickets no est\u00e1n. \u00bfLlegar\u00e1n a Schoenstatt y a Lisboa?","isPartOf":{"@id":"https:\/\/schoenstatt.com\/es\/#website"},"primaryImageOfPage":{"@id":"https:\/\/schoenstatt.com\/es\/la-juventud-de-brasil-pago-sus-billetes-a-la-jmj-pero-los-tickets-no-estan\/#primaryimage"},"image":{"@id":"https:\/\/schoenstatt.com\/es\/la-juventud-de-brasil-pago-sus-billetes-a-la-jmj-pero-los-tickets-no-estan\/#primaryimage"},"thumbnailUrl":"https:\/\/schoenstatt.com\/wp-content\/uploads\/2023\/04\/WhatsApp-Image-2023-03-31-at-14.19.50-1.jpeg","datePublished":"2023-04-17T20:45:42+00:00","dateModified":"2025-05-15T16:33:38+00:00","description":"La Juventud de Schoenstatt de Brasil afronta un gran desaf\u00edo para participar en la Jornada Mundial de la Juventud.","breadcrumb":{"@id":"https:\/\/schoenstatt.com\/es\/la-juventud-de-brasil-pago-sus-billetes-a-la-jmj-pero-los-tickets-no-estan\/#breadcrumb"},"inLanguage":"es","potentialAction":[{"@type":"ReadAction","target":["https:\/\/schoenstatt.com\/es\/la-juventud-de-brasil-pago-sus-billetes-a-la-jmj-pero-los-tickets-no-estan\/"]}]},{"@type":"ImageObject","inLanguage":"es","@id":"https:\/\/schoenstatt.com\/es\/la-juventud-de-brasil-pago-sus-billetes-a-la-jmj-pero-los-tickets-no-estan\/#primaryimage","url":"https:\/\/schoenstatt.com\/wp-content\/uploads\/2023\/04\/WhatsApp-Image-2023-03-31-at-14.19.50-1.jpeg","contentUrl":"https:\/\/schoenstatt.com\/wp-content\/uploads\/2023\/04\/WhatsApp-Image-2023-03-31-at-14.19.50-1.jpeg","width":1280,"height":720},{"@type":"BreadcrumbList","@id":"https:\/\/schoenstatt.com\/es\/la-juventud-de-brasil-pago-sus-billetes-a-la-jmj-pero-los-tickets-no-estan\/#breadcrumb","itemListElement":[{"@type":"ListItem","position":1,"name":"Portada","item":"https:\/\/schoenstatt.com\/es\/home\/"},{"@type":"ListItem","position":2,"name":"La juventud de Brasil pag\u00f3 sus billetes a la JMJ, pero los tickets no est\u00e1n. \u00bfLlegar\u00e1n a Schoenstatt y a Lisboa?"}]},{"@type":"WebSite","@id":"https:\/\/schoenstatt.com\/es\/#website","url":"https:\/\/schoenstatt.com\/es\/","name":"Schoenstatt","description":"Apostolic Movement","publisher":{"@id":"https:\/\/schoenstatt.com\/es\/#organization"},"potentialAction":[{"@type":"SearchAction","target":{"@type":"EntryPoint","urlTemplate":"https:\/\/schoenstatt.com\/es\/?s={search_term_string}"},"query-input":{"@type":"PropertyValueSpecification","valueRequired":true,"valueName":"search_term_string"}}],"inLanguage":"es"},{"@type":"Organization","@id":"https:\/\/schoenstatt.com\/es\/#organization","name":"Schoenstatt","url":"https:\/\/schoenstatt.com\/es\/","logo":{"@type":"ImageObject","inLanguage":"es","@id":"https:\/\/schoenstatt.com\/es\/#\/schema\/logo\/image\/","url":"https:\/\/schoenstatt.com\/wp-content\/uploads\/2025\/04\/logo-schoenstatt-white-696x696-1.png","contentUrl":"https:\/\/schoenstatt.com\/wp-content\/uploads\/2025\/04\/logo-schoenstatt-white-696x696-1.png","width":696,"height":694,"caption":"Schoenstatt"},"image":{"@id":"https:\/\/schoenstatt.com\/es\/#\/schema\/logo\/image\/"}},{"@type":"Person","@id":"https:\/\/schoenstatt.com\/es\/#\/schema\/person\/5158877ad4acae98b34daaeef2a1ce6e","name":"Karen Bueno","image":{"@type":"ImageObject","inLanguage":"es","@id":"https:\/\/secure.gravatar.com\/avatar\/f9f4b823873154269d2b2130f195f6d41037dd0d7fc5f3cacb5c846bae70d66b?s=96&d=mm&r=g","url":"https:\/\/secure.gravatar.com\/avatar\/f9f4b823873154269d2b2130f195f6d41037dd0d7fc5f3cacb5c846bae70d66b?s=96&d=mm&r=g","contentUrl":"https:\/\/secure.gravatar.com\/avatar\/f9f4b823873154269d2b2130f195f6d41037dd0d7fc5f3cacb5c846bae70d66b?s=96&d=mm&r=g","caption":"Karen Bueno"},"url":"https:\/\/schoenstatt.com\/es\/author\/karen-bueno\/"}]}},"_links":{"self":[{"href":"https:\/\/schoenstatt.com\/es\/wp-json\/wp\/v2\/posts\/49634","targetHints":{"allow":["GET"]}}],"collection":[{"href":"https:\/\/schoenstatt.com\/es\/wp-json\/wp\/v2\/posts"}],"about":[{"href":"https:\/\/schoenstatt.com\/es\/wp-json\/wp\/v2\/types\/post"}],"author":[{"embeddable":true,"href":"https:\/\/schoenstatt.com\/es\/wp-json\/wp\/v2\/users\/3"}],"replies":[{"embeddable":true,"href":"https:\/\/schoenstatt.com\/es\/wp-json\/wp\/v2\/comments?post=49634"}],"version-history":[{"count":2,"href":"https:\/\/schoenstatt.com\/es\/wp-json\/wp\/v2\/posts\/49634\/revisions"}],"predecessor-version":[{"id":54186,"href":"https:\/\/schoenstatt.com\/es\/wp-json\/wp\/v2\/posts\/49634\/revisions\/54186"}],"wp:featuredmedia":[{"embeddable":true,"href":"https:\/\/schoenstatt.com\/es\/wp-json\/wp\/v2\/media\/30083"}],"wp:attachment":[{"href":"https:\/\/schoenstatt.com\/es\/wp-json\/wp\/v2\/media?parent=49634"}],"wp:term":[{"taxonomy":"category","embeddable":true,"href":"https:\/\/schoenstatt.com\/es\/wp-json\/wp\/v2\/categories?post=49634"},{"taxonomy":"post_tag","embeddable":true,"href":"https:\/\/schoenstatt.com\/es\/wp-json\/wp\/v2\/tags?post=49634"}],"curies":[{"name":"wp","href":"https:\/\/api.w.org\/{rel}","templated":true}]}}