{"id":49461,"date":"2023-05-07T18:00:20","date_gmt":"2023-05-07T16:00:20","guid":{"rendered":"https:\/\/schoenstattdev.wpenginepowered.com\/espiritualidad\/a-new-branch-is-founded-in-brazil-schoenstatt-deacons\/"},"modified":"2025-05-15T00:35:16","modified_gmt":"2025-05-14T22:35:16","slug":"se-funda-una-nueva-rama-en-brasil-diaconos-de-schoenstatt","status":"publish","type":"post","link":"https:\/\/schoenstatt.com\/es\/se-funda-una-nueva-rama-en-brasil-diaconos-de-schoenstatt\/","title":{"rendered":"Se funda una nueva rama en Brasil: Di\u00e1conos de Schoenstatt"},"content":{"rendered":"<p>La fundaci\u00f3n oficial tuvo lugar el 23 de abril de 2023. En esa ocasi\u00f3n, seis di\u00e1conos de Schoenstatt se reunieron en el Santuario de Araraquara, en el estado de S\u00e3o Paulo, con su asesor, el Padre Vandemir Meister.<\/p>\n<p><em>\u00abEl actual y \u00fanico grupo de di\u00e1conos en Brasil ya en un camino de aproximadamente cinco a\u00f1os\u00bb,<\/em> dijo el di\u00e1cono Tiago Sartori, ahora miembro de la <a href=\"https:\/\/schoenstatt.org.br\/2023\/04\/27\/a-familia-de-schoenstatt-cresce-consolida-se-a-liga-dos-diaconos\/\">rama<\/a>.<\/p>\n<h3>Conociendo la estructura de la Obra<\/h3>\n<p>El Padre Vandemir explic\u00f3 detalladamente al grupo c\u00f3mo funciona la organizaci\u00f3n y estructura del Movimiento de Schoenstatt. Habl\u00f3 de sus diferentes instancias, desde la <a href=\"https:\/\/schoenstattdev.wpenginepowered.com\/es\/iglesia\/la-sinodalidad-en-schoenstatt-un-servicio-a-la-vida\/\">Presidencia<\/a> Internacional y la Nacional, pasando por el director nacional y los directores regionales, hasta los consejos locales de la Familia de Schoenstatt. El sacerdote tambi\u00e9n mencion\u00f3 la diferencia entre miembros y cooperadores de la liga apost\u00f3lica, las cuatro columnas que componen la Obra de Schoenstatt y el estado de vida de cada una de ellas.<\/p>\n<p>A continuaci\u00f3n, el asesor \u00abinvit\u00f3 a los di\u00e1conos a reflexionar sobre cu\u00e1l ser\u00eda el \u00e1mbito de pertenencia del grupo actual en la estructura del Movimiento Apost\u00f3lico. El consenso fue claro en que este grupo es fundacional, constituyendo la rama de la Liga de Di\u00e1conos Permanentes\u00bb, comparti\u00f3 el Di\u00e1cono James.<\/p>\n<h3>Identidad y misi\u00f3n de la nueva rama<\/h3>\n<p>Con la fundaci\u00f3n consolidada, el segundo d\u00eda del evento se dedic\u00f3 a buscar una identidad y una misi\u00f3n para la nueva rama. El di\u00e1cono Tiago relata que los participantes de este momento hist\u00f3rico oraron, reflexionaron y llegaron a algunas definiciones:<\/p>\n<p>&#8211; Como nombre de la identidad de la rama, decidieron que se denominara \u201c<strong>Liga Apost\u00f3lica de Di\u00e1conos de Schoenstatt\u201d.<\/strong><\/p>\n<p>&#8211; Su <strong>patrono<\/strong> es el di\u00e1cono Jo\u00e3o Luiz Pozzobon<\/p>\n<p>&#8211; Su <strong>logotipo<\/strong> es:<\/p>\n<p>&nbsp;<\/p>\n<p>&nbsp;<\/p>\n<p><strong>\u00a0<\/strong><\/p>\n<p><img decoding=\"async\" class=\"aligncenter wp-image-30403 size-full\" src=\"https:\/\/schoenstatt.com\/wp-content\/uploads\/2023\/05\/LOGO-1.png\" alt=\"liga de di\u00e1conos de Schoenstatt\" width=\"193\" height=\"188\" \/><\/p>\n<p>\u2013<strong>\u00a0Y su s\u00edmbolo: \u00a0 \u00a0 \u00a0 \u00a0 \u00a0<\/strong>:<\/p>\n<p><img fetchpriority=\"high\" decoding=\"async\" class=\"size-medium wp-image-30407 aligncenter\" src=\"https:\/\/schoenstatt.com\/wp-content\/uploads\/2023\/05\/SIMBOLO-1.png\" alt=\"\" width=\"225\" height=\"300\" \/><\/p>\n<p>&nbsp;<\/p>\n<p>Seg\u00fan el di\u00e1cono James, \u00abel itinerario de formaci\u00f3n y la definici\u00f3n clara de la misi\u00f3n es una tarea inmediata para esta primera generaci\u00f3n\u00bb. El nombre de este grupo fundador y la oraci\u00f3n del grupo se seguir\u00e1n elaborando durante la jornada de 2023&#8243;. Para ello, se reunir\u00e1n cada quince d\u00edas, utilizando plataformas online, y cada dos meses tendr\u00e1n un encuentro presencial.<\/p>\n<p>Inicialmente, el grupo se centrar\u00e1 en la construcci\u00f3n de la Rama de Di\u00e1conos de Schoenstatt, en el desarrollo de la m\u00edstica y en la adecuaci\u00f3n del itinerario de formaci\u00f3n. La Liga de Di\u00e1conos trabajar\u00e1 en su misi\u00f3n en dos frentes:<\/p>\n<p><strong>&#8211; el primero en el crecimiento y expansi\u00f3n de la rama con la creaci\u00f3n de nuevos grupos;<\/strong><\/p>\n<p><strong>&#8211; el segundo, en la divulgaci\u00f3n del nombre de su patrono, el Di\u00e1cono Jo\u00e3o Luiz Pozzobon.<\/strong><\/p>\n<p>Dentro de la estructura de la Obra, esta nueva rama pertenece a la columna sacerdotal y ser\u00e1 acompa\u00f1ada por el Centro Nacional del Movimiento a trav\u00e9s del padre asesor, que forma parte del Instituto de los Padres de Schoenstatt.<\/p>\n<h3>\nEl grupo est\u00e1 formado por ocho di\u00e1conos de tres di\u00f3cesis, todas ellas pertenecientes al Estado de San Pablo:<\/h3>\n<p>El di\u00e1cono Antonio Sergio Vendramin, de la di\u00f3cesis de S\u00e3o Carlos; los di\u00e1conos Cleber Lucas Germano, Eduardo Cavalin Alves y Marcos Antonio Vieira, de la arquidi\u00f3cesis de Ribeir\u00e3o Preto; y los di\u00e1conos Jo\u00e3o Morato Filho, Sergio Clemente Ferreira Jr, Sidneis Aparecido Rodolffi y Tiago Sartori Costa, de la\u00a0 di\u00f3cesis de Jaboticabal.<\/p>\n","protected":false},"excerpt":{"rendered":"<p>Cuando nace un nuevo miembro en una familia, la alegr\u00eda se apodera de todos e ilumina sus vidas. De la misma manera, la familia de Schoenstatt en Brasil experimenta esta alegr\u00eda con la consolidaci\u00f3n de una nueva rama en el Movimiento: la Liga Apost\u00f3lica de Di\u00e1conos de Schoenstatt.<\/p>\n","protected":false},"author":3,"featured_media":30411,"comment_status":"closed","ping_status":"closed","sticky":false,"template":"","format":"standard","meta":{"footnotes":""},"categories":[909],"tags":[],"class_list":["post-49461","post","type-post","status-publish","format-standard","has-post-thumbnail","hentry","category-comunidades-de-schoenstatt-es"],"yoast_head":"<!-- This site is optimized with the Yoast SEO Premium plugin v27.4 (Yoast SEO v27.4) - https:\/\/yoast.com\/product\/yoast-seo-premium-wordpress\/ -->\n<title>Se funda una nueva rama en Brasil: Di\u00e1conos de Schoenstatt - Schoenstatt<\/title>\n<meta name=\"description\" content=\"Se funda una nueva rama del Movimiento de Schoenstatt en Brasil: la Liga Apost\u00f3lica de Di\u00e1conos de Schoenstatt.\" \/>\n<meta name=\"robots\" content=\"index, follow, max-snippet:-1, max-image-preview:large, max-video-preview:-1\" \/>\n<link rel=\"canonical\" href=\"https:\/\/schoenstatt.com\/es\/se-funda-una-nueva-rama-en-brasil-diaconos-de-schoenstatt\/\" \/>\n<meta property=\"og:locale\" content=\"es_ES\" \/>\n<meta property=\"og:type\" content=\"article\" \/>\n<meta property=\"og:title\" content=\"Se funda una nueva rama en Brasil: Di\u00e1conos de Schoenstatt\" \/>\n<meta property=\"og:description\" content=\"Se funda una nueva rama del Movimiento de Schoenstatt en Brasil: la Liga Apost\u00f3lica de Di\u00e1conos de Schoenstatt.\" \/>\n<meta property=\"og:url\" content=\"https:\/\/schoenstatt.com\/es\/se-funda-una-nueva-rama-en-brasil-diaconos-de-schoenstatt\/\" \/>\n<meta property=\"og:site_name\" content=\"Schoenstatt\" \/>\n<meta property=\"article:published_time\" content=\"2023-05-07T16:00:20+00:00\" \/>\n<meta property=\"article:modified_time\" content=\"2025-05-14T22:35:16+00:00\" \/>\n<meta property=\"og:image\" content=\"https:\/\/schoenstatt.com\/wp-content\/uploads\/2023\/05\/liga-dos-diaconos-1.jpeg\" \/>\n\t<meta property=\"og:image:width\" content=\"1156\" \/>\n\t<meta property=\"og:image:height\" content=\"867\" \/>\n\t<meta property=\"og:image:type\" content=\"image\/jpeg\" \/>\n<meta name=\"author\" content=\"Karen Bueno\" \/>\n<meta name=\"twitter:card\" content=\"summary_large_image\" \/>\n<meta name=\"twitter:label1\" content=\"Escrito por\" \/>\n\t<meta name=\"twitter:data1\" content=\"Karen Bueno\" \/>\n\t<meta name=\"twitter:label2\" content=\"Tiempo de lectura\" \/>\n\t<meta name=\"twitter:data2\" content=\"3 minutos\" \/>\n<script type=\"application\/ld+json\" class=\"yoast-schema-graph\">{\"@context\":\"https:\\\/\\\/schema.org\",\"@graph\":[{\"@type\":\"Article\",\"@id\":\"https:\\\/\\\/schoenstatt.com\\\/es\\\/se-funda-una-nueva-rama-en-brasil-diaconos-de-schoenstatt\\\/#article\",\"isPartOf\":{\"@id\":\"https:\\\/\\\/schoenstatt.com\\\/es\\\/se-funda-una-nueva-rama-en-brasil-diaconos-de-schoenstatt\\\/\"},\"author\":{\"name\":\"Karen Bueno\",\"@id\":\"https:\\\/\\\/schoenstatt.com\\\/es\\\/#\\\/schema\\\/person\\\/5158877ad4acae98b34daaeef2a1ce6e\"},\"headline\":\"Se funda una nueva rama en Brasil: Di\u00e1conos de Schoenstatt\",\"datePublished\":\"2023-05-07T16:00:20+00:00\",\"dateModified\":\"2025-05-14T22:35:16+00:00\",\"mainEntityOfPage\":{\"@id\":\"https:\\\/\\\/schoenstatt.com\\\/es\\\/se-funda-una-nueva-rama-en-brasil-diaconos-de-schoenstatt\\\/\"},\"wordCount\":599,\"publisher\":{\"@id\":\"https:\\\/\\\/schoenstatt.com\\\/es\\\/#organization\"},\"image\":{\"@id\":\"https:\\\/\\\/schoenstatt.com\\\/es\\\/se-funda-una-nueva-rama-en-brasil-diaconos-de-schoenstatt\\\/#primaryimage\"},\"thumbnailUrl\":\"https:\\\/\\\/schoenstatt.com\\\/wp-content\\\/uploads\\\/2023\\\/05\\\/liga-dos-diaconos-1.jpeg\",\"articleSection\":[\"Comunidades de Schoenstatt\"],\"inLanguage\":\"es\"},{\"@type\":\"WebPage\",\"@id\":\"https:\\\/\\\/schoenstatt.com\\\/es\\\/se-funda-una-nueva-rama-en-brasil-diaconos-de-schoenstatt\\\/\",\"url\":\"https:\\\/\\\/schoenstatt.com\\\/es\\\/se-funda-una-nueva-rama-en-brasil-diaconos-de-schoenstatt\\\/\",\"name\":\"Se funda una nueva rama en Brasil: Di\u00e1conos de Schoenstatt - Schoenstatt\",\"isPartOf\":{\"@id\":\"https:\\\/\\\/schoenstatt.com\\\/es\\\/#website\"},\"primaryImageOfPage\":{\"@id\":\"https:\\\/\\\/schoenstatt.com\\\/es\\\/se-funda-una-nueva-rama-en-brasil-diaconos-de-schoenstatt\\\/#primaryimage\"},\"image\":{\"@id\":\"https:\\\/\\\/schoenstatt.com\\\/es\\\/se-funda-una-nueva-rama-en-brasil-diaconos-de-schoenstatt\\\/#primaryimage\"},\"thumbnailUrl\":\"https:\\\/\\\/schoenstatt.com\\\/wp-content\\\/uploads\\\/2023\\\/05\\\/liga-dos-diaconos-1.jpeg\",\"datePublished\":\"2023-05-07T16:00:20+00:00\",\"dateModified\":\"2025-05-14T22:35:16+00:00\",\"description\":\"Se funda una nueva rama del Movimiento de Schoenstatt en Brasil: la Liga Apost\u00f3lica de Di\u00e1conos de Schoenstatt.\",\"breadcrumb\":{\"@id\":\"https:\\\/\\\/schoenstatt.com\\\/es\\\/se-funda-una-nueva-rama-en-brasil-diaconos-de-schoenstatt\\\/#breadcrumb\"},\"inLanguage\":\"es\",\"potentialAction\":[{\"@type\":\"ReadAction\",\"target\":[\"https:\\\/\\\/schoenstatt.com\\\/es\\\/se-funda-una-nueva-rama-en-brasil-diaconos-de-schoenstatt\\\/\"]}]},{\"@type\":\"ImageObject\",\"inLanguage\":\"es\",\"@id\":\"https:\\\/\\\/schoenstatt.com\\\/es\\\/se-funda-una-nueva-rama-en-brasil-diaconos-de-schoenstatt\\\/#primaryimage\",\"url\":\"https:\\\/\\\/schoenstatt.com\\\/wp-content\\\/uploads\\\/2023\\\/05\\\/liga-dos-diaconos-1.jpeg\",\"contentUrl\":\"https:\\\/\\\/schoenstatt.com\\\/wp-content\\\/uploads\\\/2023\\\/05\\\/liga-dos-diaconos-1.jpeg\",\"width\":1156,\"height\":867,\"caption\":\"di\u00e1conos de schoenstatt\"},{\"@type\":\"BreadcrumbList\",\"@id\":\"https:\\\/\\\/schoenstatt.com\\\/es\\\/se-funda-una-nueva-rama-en-brasil-diaconos-de-schoenstatt\\\/#breadcrumb\",\"itemListElement\":[{\"@type\":\"ListItem\",\"position\":1,\"name\":\"Portada\",\"item\":\"https:\\\/\\\/schoenstatt.com\\\/es\\\/home\\\/\"},{\"@type\":\"ListItem\",\"position\":2,\"name\":\"Se funda una nueva rama en Brasil: Di\u00e1conos de Schoenstatt\"}]},{\"@type\":\"WebSite\",\"@id\":\"https:\\\/\\\/schoenstatt.com\\\/es\\\/#website\",\"url\":\"https:\\\/\\\/schoenstatt.com\\\/es\\\/\",\"name\":\"Schoenstatt\",\"description\":\"Apostolic Movement\",\"publisher\":{\"@id\":\"https:\\\/\\\/schoenstatt.com\\\/es\\\/#organization\"},\"potentialAction\":[{\"@type\":\"SearchAction\",\"target\":{\"@type\":\"EntryPoint\",\"urlTemplate\":\"https:\\\/\\\/schoenstatt.com\\\/es\\\/?s={search_term_string}\"},\"query-input\":{\"@type\":\"PropertyValueSpecification\",\"valueRequired\":true,\"valueName\":\"search_term_string\"}}],\"inLanguage\":\"es\"},{\"@type\":\"Organization\",\"@id\":\"https:\\\/\\\/schoenstatt.com\\\/es\\\/#organization\",\"name\":\"Schoenstatt\",\"url\":\"https:\\\/\\\/schoenstatt.com\\\/es\\\/\",\"logo\":{\"@type\":\"ImageObject\",\"inLanguage\":\"es\",\"@id\":\"https:\\\/\\\/schoenstatt.com\\\/es\\\/#\\\/schema\\\/logo\\\/image\\\/\",\"url\":\"https:\\\/\\\/schoenstatt.com\\\/wp-content\\\/uploads\\\/2025\\\/04\\\/logo-schoenstatt-white-696x696-1.png\",\"contentUrl\":\"https:\\\/\\\/schoenstatt.com\\\/wp-content\\\/uploads\\\/2025\\\/04\\\/logo-schoenstatt-white-696x696-1.png\",\"width\":696,\"height\":694,\"caption\":\"Schoenstatt\"},\"image\":{\"@id\":\"https:\\\/\\\/schoenstatt.com\\\/es\\\/#\\\/schema\\\/logo\\\/image\\\/\"}},{\"@type\":\"Person\",\"@id\":\"https:\\\/\\\/schoenstatt.com\\\/es\\\/#\\\/schema\\\/person\\\/5158877ad4acae98b34daaeef2a1ce6e\",\"name\":\"Karen Bueno\",\"image\":{\"@type\":\"ImageObject\",\"inLanguage\":\"es\",\"@id\":\"https:\\\/\\\/secure.gravatar.com\\\/avatar\\\/f9f4b823873154269d2b2130f195f6d41037dd0d7fc5f3cacb5c846bae70d66b?s=96&d=mm&r=g\",\"url\":\"https:\\\/\\\/secure.gravatar.com\\\/avatar\\\/f9f4b823873154269d2b2130f195f6d41037dd0d7fc5f3cacb5c846bae70d66b?s=96&d=mm&r=g\",\"contentUrl\":\"https:\\\/\\\/secure.gravatar.com\\\/avatar\\\/f9f4b823873154269d2b2130f195f6d41037dd0d7fc5f3cacb5c846bae70d66b?s=96&d=mm&r=g\",\"caption\":\"Karen Bueno\"},\"url\":\"https:\\\/\\\/schoenstatt.com\\\/es\\\/author\\\/karen-bueno\\\/\"}]}<\/script>\n<!-- \/ Yoast SEO Premium plugin. -->","yoast_head_json":{"title":"Se funda una nueva rama en Brasil: Di\u00e1conos de Schoenstatt - Schoenstatt","description":"Se funda una nueva rama del Movimiento de Schoenstatt en Brasil: la Liga Apost\u00f3lica de Di\u00e1conos de Schoenstatt.","robots":{"index":"index","follow":"follow","max-snippet":"max-snippet:-1","max-image-preview":"max-image-preview:large","max-video-preview":"max-video-preview:-1"},"canonical":"https:\/\/schoenstatt.com\/es\/se-funda-una-nueva-rama-en-brasil-diaconos-de-schoenstatt\/","og_locale":"es_ES","og_type":"article","og_title":"Se funda una nueva rama en Brasil: Di\u00e1conos de Schoenstatt","og_description":"Se funda una nueva rama del Movimiento de Schoenstatt en Brasil: la Liga Apost\u00f3lica de Di\u00e1conos de Schoenstatt.","og_url":"https:\/\/schoenstatt.com\/es\/se-funda-una-nueva-rama-en-brasil-diaconos-de-schoenstatt\/","og_site_name":"Schoenstatt","article_published_time":"2023-05-07T16:00:20+00:00","article_modified_time":"2025-05-14T22:35:16+00:00","og_image":[{"width":1156,"height":867,"url":"https:\/\/schoenstatt.com\/wp-content\/uploads\/2023\/05\/liga-dos-diaconos-1.jpeg","type":"image\/jpeg"}],"author":"Karen Bueno","twitter_card":"summary_large_image","twitter_misc":{"Escrito por":"Karen Bueno","Tiempo de lectura":"3 minutos"},"schema":{"@context":"https:\/\/schema.org","@graph":[{"@type":"Article","@id":"https:\/\/schoenstatt.com\/es\/se-funda-una-nueva-rama-en-brasil-diaconos-de-schoenstatt\/#article","isPartOf":{"@id":"https:\/\/schoenstatt.com\/es\/se-funda-una-nueva-rama-en-brasil-diaconos-de-schoenstatt\/"},"author":{"name":"Karen Bueno","@id":"https:\/\/schoenstatt.com\/es\/#\/schema\/person\/5158877ad4acae98b34daaeef2a1ce6e"},"headline":"Se funda una nueva rama en Brasil: Di\u00e1conos de Schoenstatt","datePublished":"2023-05-07T16:00:20+00:00","dateModified":"2025-05-14T22:35:16+00:00","mainEntityOfPage":{"@id":"https:\/\/schoenstatt.com\/es\/se-funda-una-nueva-rama-en-brasil-diaconos-de-schoenstatt\/"},"wordCount":599,"publisher":{"@id":"https:\/\/schoenstatt.com\/es\/#organization"},"image":{"@id":"https:\/\/schoenstatt.com\/es\/se-funda-una-nueva-rama-en-brasil-diaconos-de-schoenstatt\/#primaryimage"},"thumbnailUrl":"https:\/\/schoenstatt.com\/wp-content\/uploads\/2023\/05\/liga-dos-diaconos-1.jpeg","articleSection":["Comunidades de Schoenstatt"],"inLanguage":"es"},{"@type":"WebPage","@id":"https:\/\/schoenstatt.com\/es\/se-funda-una-nueva-rama-en-brasil-diaconos-de-schoenstatt\/","url":"https:\/\/schoenstatt.com\/es\/se-funda-una-nueva-rama-en-brasil-diaconos-de-schoenstatt\/","name":"Se funda una nueva rama en Brasil: Di\u00e1conos de Schoenstatt - Schoenstatt","isPartOf":{"@id":"https:\/\/schoenstatt.com\/es\/#website"},"primaryImageOfPage":{"@id":"https:\/\/schoenstatt.com\/es\/se-funda-una-nueva-rama-en-brasil-diaconos-de-schoenstatt\/#primaryimage"},"image":{"@id":"https:\/\/schoenstatt.com\/es\/se-funda-una-nueva-rama-en-brasil-diaconos-de-schoenstatt\/#primaryimage"},"thumbnailUrl":"https:\/\/schoenstatt.com\/wp-content\/uploads\/2023\/05\/liga-dos-diaconos-1.jpeg","datePublished":"2023-05-07T16:00:20+00:00","dateModified":"2025-05-14T22:35:16+00:00","description":"Se funda una nueva rama del Movimiento de Schoenstatt en Brasil: la Liga Apost\u00f3lica de Di\u00e1conos de Schoenstatt.","breadcrumb":{"@id":"https:\/\/schoenstatt.com\/es\/se-funda-una-nueva-rama-en-brasil-diaconos-de-schoenstatt\/#breadcrumb"},"inLanguage":"es","potentialAction":[{"@type":"ReadAction","target":["https:\/\/schoenstatt.com\/es\/se-funda-una-nueva-rama-en-brasil-diaconos-de-schoenstatt\/"]}]},{"@type":"ImageObject","inLanguage":"es","@id":"https:\/\/schoenstatt.com\/es\/se-funda-una-nueva-rama-en-brasil-diaconos-de-schoenstatt\/#primaryimage","url":"https:\/\/schoenstatt.com\/wp-content\/uploads\/2023\/05\/liga-dos-diaconos-1.jpeg","contentUrl":"https:\/\/schoenstatt.com\/wp-content\/uploads\/2023\/05\/liga-dos-diaconos-1.jpeg","width":1156,"height":867,"caption":"di\u00e1conos de schoenstatt"},{"@type":"BreadcrumbList","@id":"https:\/\/schoenstatt.com\/es\/se-funda-una-nueva-rama-en-brasil-diaconos-de-schoenstatt\/#breadcrumb","itemListElement":[{"@type":"ListItem","position":1,"name":"Portada","item":"https:\/\/schoenstatt.com\/es\/home\/"},{"@type":"ListItem","position":2,"name":"Se funda una nueva rama en Brasil: Di\u00e1conos de Schoenstatt"}]},{"@type":"WebSite","@id":"https:\/\/schoenstatt.com\/es\/#website","url":"https:\/\/schoenstatt.com\/es\/","name":"Schoenstatt","description":"Apostolic Movement","publisher":{"@id":"https:\/\/schoenstatt.com\/es\/#organization"},"potentialAction":[{"@type":"SearchAction","target":{"@type":"EntryPoint","urlTemplate":"https:\/\/schoenstatt.com\/es\/?s={search_term_string}"},"query-input":{"@type":"PropertyValueSpecification","valueRequired":true,"valueName":"search_term_string"}}],"inLanguage":"es"},{"@type":"Organization","@id":"https:\/\/schoenstatt.com\/es\/#organization","name":"Schoenstatt","url":"https:\/\/schoenstatt.com\/es\/","logo":{"@type":"ImageObject","inLanguage":"es","@id":"https:\/\/schoenstatt.com\/es\/#\/schema\/logo\/image\/","url":"https:\/\/schoenstatt.com\/wp-content\/uploads\/2025\/04\/logo-schoenstatt-white-696x696-1.png","contentUrl":"https:\/\/schoenstatt.com\/wp-content\/uploads\/2025\/04\/logo-schoenstatt-white-696x696-1.png","width":696,"height":694,"caption":"Schoenstatt"},"image":{"@id":"https:\/\/schoenstatt.com\/es\/#\/schema\/logo\/image\/"}},{"@type":"Person","@id":"https:\/\/schoenstatt.com\/es\/#\/schema\/person\/5158877ad4acae98b34daaeef2a1ce6e","name":"Karen Bueno","image":{"@type":"ImageObject","inLanguage":"es","@id":"https:\/\/secure.gravatar.com\/avatar\/f9f4b823873154269d2b2130f195f6d41037dd0d7fc5f3cacb5c846bae70d66b?s=96&d=mm&r=g","url":"https:\/\/secure.gravatar.com\/avatar\/f9f4b823873154269d2b2130f195f6d41037dd0d7fc5f3cacb5c846bae70d66b?s=96&d=mm&r=g","contentUrl":"https:\/\/secure.gravatar.com\/avatar\/f9f4b823873154269d2b2130f195f6d41037dd0d7fc5f3cacb5c846bae70d66b?s=96&d=mm&r=g","caption":"Karen Bueno"},"url":"https:\/\/schoenstatt.com\/es\/author\/karen-bueno\/"}]}},"_links":{"self":[{"href":"https:\/\/schoenstatt.com\/es\/wp-json\/wp\/v2\/posts\/49461","targetHints":{"allow":["GET"]}}],"collection":[{"href":"https:\/\/schoenstatt.com\/es\/wp-json\/wp\/v2\/posts"}],"about":[{"href":"https:\/\/schoenstatt.com\/es\/wp-json\/wp\/v2\/types\/post"}],"author":[{"embeddable":true,"href":"https:\/\/schoenstatt.com\/es\/wp-json\/wp\/v2\/users\/3"}],"replies":[{"embeddable":true,"href":"https:\/\/schoenstatt.com\/es\/wp-json\/wp\/v2\/comments?post=49461"}],"version-history":[{"count":2,"href":"https:\/\/schoenstatt.com\/es\/wp-json\/wp\/v2\/posts\/49461\/revisions"}],"predecessor-version":[{"id":54068,"href":"https:\/\/schoenstatt.com\/es\/wp-json\/wp\/v2\/posts\/49461\/revisions\/54068"}],"wp:featuredmedia":[{"embeddable":true,"href":"https:\/\/schoenstatt.com\/es\/wp-json\/wp\/v2\/media\/30411"}],"wp:attachment":[{"href":"https:\/\/schoenstatt.com\/es\/wp-json\/wp\/v2\/media?parent=49461"}],"wp:term":[{"taxonomy":"category","embeddable":true,"href":"https:\/\/schoenstatt.com\/es\/wp-json\/wp\/v2\/categories?post=49461"},{"taxonomy":"post_tag","embeddable":true,"href":"https:\/\/schoenstatt.com\/es\/wp-json\/wp\/v2\/tags?post=49461"}],"curies":[{"name":"wp","href":"https:\/\/api.w.org\/{rel}","templated":true}]}}