{"id":49296,"date":"2023-06-02T09:36:14","date_gmt":"2023-06-02T07:36:14","guid":{"rendered":"https:\/\/schoenstattdev.wpenginepowered.com\/?p=30884"},"modified":"2025-05-15T18:26:39","modified_gmt":"2025-05-15T16:26:39","slug":"un-peregrino-extraordinario-en-el-santuario-de-schoenstatt-en-koszalin-polonia","status":"publish","type":"post","link":"https:\/\/schoenstatt.com\/es\/un-peregrino-extraordinario-en-el-santuario-de-schoenstatt-en-koszalin-polonia\/","title":{"rendered":"Un peregrino extraordinario en el Santuario de Schoenstatt en Koszalin, Polonia"},"content":{"rendered":"<p>En la tarde del lunes 29 de mayo, fiesta de la Madre de la Iglesia, recibimos en G\u00f3ra Che\u0142mska y en el <a href=\"https:\/\/schoenstattdev.wpenginepowered.com\/es\/sociedad\/centros-de-schoenstatt-en-polonia-necesitan-ayuda-para-refugiados-de-ucrania\/\">Santuario<\/a> de la Alianza a un peregrino extraordinario: el se\u00f1or Andrzej Duda, presidente de la Rep\u00fablica de Polonia.<\/p>\n<p>Tras una breve bienvenida del Jefe de Estado por el Obispo Zbigniew Zieli\u0144ski, de la Hermana M. Elwira y de la superiora de la filial, la Hermana M. Joanna, el Presidente deposit\u00f3 una corona de flores en un monumento al pie de la monta\u00f1a. Esta oportunidad remomora las visitas de anteriores de presidentes polacos &#8211; Lech Kaczy\u0144ski y Ryszard Kaczorowski &#8211; a G\u00f3ra Che\u0142mska y al Santuario de la Alianza.<\/p>\n<p><img fetchpriority=\"high\" decoding=\"async\" class=\"alignnone size-large wp-image-30788\" src=\"https:\/\/schoenstatt.com\/wp-content\/uploads\/2023\/06\/Prasident_Koszalin3-1.jpg\" alt=\"Pr\u00e4sident Duda\" width=\"840\" height=\"547\" srcset=\"https:\/\/schoenstatt.com\/wp-content\/uploads\/2023\/06\/Prasident_Koszalin3-1.jpg 1200w, https:\/\/schoenstatt.com\/wp-content\/uploads\/2023\/06\/Prasident_Koszalin3-1-768x500.jpg 768w\" sizes=\"(max-width: 840px) 100vw, 840px\" \/><\/p>\n<p>Como un verdadero peregrino, el presidente Duda no subi\u00f3 a la monta\u00f1a en coche, sino que subi\u00f3 hasta el santuario a pie. En el camino la Hna. M. Elwira tuvo la oportunidad de compartir brevemente con el Presidente sobre nuestra misi\u00f3n. Delante del santuario esperaban las dem\u00e1s hermanas y los sacerdotes invitados. Tras una breve oraci\u00f3n com\u00fan y luego personal y la veneraci\u00f3n de las reliquias de San Juan Pablo II, el Presidente Duda firm\u00f3 el libro conmemorativo y nos dio las gracias por nuestra hospitalidad, amabilidad y, como escribi\u00f3, \u00abpor el apoyo a las mujeres polacas, por cuya dignidad y bienestar trabajan las Hermanas con extraordinaria sensibilidad y fuerza\u00bb.<\/p>\n<p>A continuaci\u00f3n hizo entrega de un regalo para el Santuario de Alianza: tres hermosas velas de altar. A su vez, nosotros le obsequiamos al Presidente un cirio decorado a mano de nuestra Fundaci\u00f3n de Alianza y un gran cuadro de la MTA, que el Presidente bes\u00f3 reverentemente.<\/p>\n<p><img decoding=\"async\" class=\"alignnone size-large wp-image-30792\" src=\"https:\/\/schoenstatt.com\/wp-content\/uploads\/2023\/06\/Prasident_Koszalin4-1.jpg\" alt=\"\" width=\"840\" height=\"559\" srcset=\"https:\/\/schoenstatt.com\/wp-content\/uploads\/2023\/06\/Prasident_Koszalin4-1.jpg 1200w, https:\/\/schoenstatt.com\/wp-content\/uploads\/2023\/06\/Prasident_Koszalin4-1-768x511.jpg 768w\" sizes=\"(max-width: 840px) 100vw, 840px\" \/><img decoding=\"async\" class=\"alignnone size-large wp-image-30796\" src=\"https:\/\/schoenstatt.com\/wp-content\/uploads\/2023\/06\/Prasident_Koszalin5-1.jpg\" alt=\"Koszalin\" width=\"840\" height=\"559\" srcset=\"https:\/\/schoenstatt.com\/wp-content\/uploads\/2023\/06\/Prasident_Koszalin5-1.jpg 1200w, https:\/\/schoenstatt.com\/wp-content\/uploads\/2023\/06\/Prasident_Koszalin5-1-768x511.jpg 768w\" sizes=\"(max-width: 840px) 100vw, 840px\" \/>El \u00faltimo punto de la visita, y al mismo tiempo el m\u00e1s importante, fue la entrega de la Cruz de Comendador de \u00abPolonia Restituta\u00bb al obispo auxiliar Edward Dajczak. Como la ceremonia tuvo lugar en la plaza junto a nuestro reci\u00e9n construido centro de peregrinos, el Presidente se interes\u00f3 por las obras en curso y esta vez tambi\u00e9n recorri\u00f3 el camino m\u00e1s largo para verlas de cerca.<\/p>\n<h4><img loading=\"lazy\" decoding=\"async\" class=\"alignnone size-large wp-image-30800\" src=\"https:\/\/schoenstatt.com\/wp-content\/uploads\/2023\/06\/Prasident_Koszalin6-1.jpg\" alt=\"Pr\u00e4sident Duda\" width=\"840\" height=\"559\" srcset=\"https:\/\/schoenstatt.com\/wp-content\/uploads\/2023\/06\/Prasident_Koszalin6-1.jpg 1200w, https:\/\/schoenstatt.com\/wp-content\/uploads\/2023\/06\/Prasident_Koszalin6-1-768x511.jpg 768w\" sizes=\"(max-width: 840px) 100vw, 840px\" \/><\/h4>\n<h4>Extracto del informe de la di\u00f3cesis de Koszalin-Ko\u0142obrzeg<\/h4>\n<blockquote><p><em>\u00abComo ley\u00f3 el representante de la Canciller\u00eda Nacional que presidi\u00f3 la ceremonia, el Obispo Mayor recibi\u00f3 el premio \u2018por m\u00e9ritos sobresalientes en la actividad pastoral, as\u00ed como en la actividad social y caritativa\u2019.<\/em><\/p>\n<p><em>Al conceder reconocimientos al clero, subrayo que tal premio otorgado por el Presidente no es eclesi\u00e1stico, sino estatal. Se trata de un reconocimiento de la Rep\u00fablica de Polonia por la contribuci\u00f3n personal de un hombre destacado a su desarrollo &#8211; expres\u00f3 Andrzej Duda\u00bb.<\/em><\/p><\/blockquote>\n<p>Tras un breve intercambio de palabras de despedida, nuestra garant\u00eda de oraci\u00f3n y la ferviente petici\u00f3n del Presidente, un convoy de limusinas negras atraves\u00f3 la monta\u00f1a; miembros de nuestro gobierno estatal y local nos despidieron con la mano.<\/p>\n<p>Esperamos que esta visita a la Reina de la Alianza fortalezca a nuestro Presidente en su dif\u00edcil servicio a nuestra patria y tal vez inspire visitas a otros Santuarios de Schoenstatt en Polonia.<\/p>\n<p><img loading=\"lazy\" decoding=\"async\" class=\"alignnone wp-image-30784 size-large\" src=\"https:\/\/schoenstatt.com\/wp-content\/uploads\/2023\/06\/Prasident_Koszalin2-1.jpg\" alt=\"Koszalin\" width=\"840\" height=\"559\" srcset=\"https:\/\/schoenstatt.com\/wp-content\/uploads\/2023\/06\/Prasident_Koszalin2-1.jpg 1200w, https:\/\/schoenstatt.com\/wp-content\/uploads\/2023\/06\/Prasident_Koszalin2-1-768x511.jpg 768w\" sizes=\"(max-width: 840px) 100vw, 840px\" \/><\/p>\n<p>Fotos: P. Wojciech Parfianowicz<\/p>\n<p><a href=\"https:\/\/www.diecezjakoszalin.pl\/bp-edward-dajczak-odznaczony-przez-prezydenta-andrzeja-dude\">Fuente de im\u00e1genes: Di\u00f6zese Koszalin-Ko\u0142obrzeg<\/a><\/p>\n<p>&nbsp;<\/p>\n","protected":false},"excerpt":{"rendered":"<p>Andrzej Duda, Presidente de la Rep\u00fablica de Polonia, condecora al obispo auxiliar Edward Dajczak con la Cruz de Comendador de la \u00abPolonia Restituta\u00bb en el santuario de G\u00f3ra Che\u0142mska. <\/p>\n","protected":false},"author":6,"featured_media":30804,"comment_status":"closed","ping_status":"closed","sticky":false,"template":"","format":"standard","meta":{"footnotes":""},"categories":[790],"tags":[],"class_list":["post-49296","post","type-post","status-publish","format-standard","has-post-thumbnail","hentry","category-paises-es"],"yoast_head":"<!-- This site is optimized with the Yoast SEO Premium plugin v27.4 (Yoast SEO v27.4) - https:\/\/yoast.com\/product\/yoast-seo-premium-wordpress\/ -->\n<title>Un peregrino extraordinario en el Santuario de Schoenstatt en Koszalin, Polonia<\/title>\n<meta name=\"description\" content=\"Andrzej Duda, Presidente de la Rep\u00fablica de Polonia, condecora al obispo auxiliar Edward Dajczak en el santuario de G\u00f3ra Che\u0142mska.\" \/>\n<meta name=\"robots\" content=\"index, follow, max-snippet:-1, max-image-preview:large, max-video-preview:-1\" \/>\n<link rel=\"canonical\" href=\"https:\/\/schoenstatt.com\/es\/un-peregrino-extraordinario-en-el-santuario-de-schoenstatt-en-koszalin-polonia\/\" \/>\n<meta property=\"og:locale\" content=\"es_ES\" \/>\n<meta property=\"og:type\" content=\"article\" \/>\n<meta property=\"og:title\" content=\"Un peregrino extraordinario en el Santuario de Schoenstatt en Koszalin, Polonia\" \/>\n<meta property=\"og:description\" content=\"Andrzej Duda, Presidente de la Rep\u00fablica de Polonia, condecora al obispo auxiliar Edward Dajczak en el santuario de G\u00f3ra Che\u0142mska.\" \/>\n<meta property=\"og:url\" content=\"https:\/\/schoenstatt.com\/es\/un-peregrino-extraordinario-en-el-santuario-de-schoenstatt-en-koszalin-polonia\/\" \/>\n<meta property=\"og:site_name\" content=\"Schoenstatt\" \/>\n<meta property=\"article:published_time\" content=\"2023-06-02T07:36:14+00:00\" \/>\n<meta property=\"article:modified_time\" content=\"2025-05-15T16:26:39+00:00\" \/>\n<meta property=\"og:image\" content=\"https:\/\/schoenstatt.com\/wp-content\/uploads\/2023\/06\/Koszalin7-1.jpg\" \/>\n\t<meta property=\"og:image:width\" content=\"1200\" \/>\n\t<meta property=\"og:image:height\" content=\"790\" \/>\n\t<meta property=\"og:image:type\" content=\"image\/jpeg\" \/>\n<meta name=\"author\" content=\"Vanessa Franke\" \/>\n<meta name=\"twitter:card\" content=\"summary_large_image\" \/>\n<meta name=\"twitter:label1\" content=\"Escrito por\" \/>\n\t<meta name=\"twitter:data1\" content=\"Vanessa Franke\" \/>\n\t<meta name=\"twitter:label2\" content=\"Tiempo de lectura\" \/>\n\t<meta name=\"twitter:data2\" content=\"4 minutos\" \/>\n<script type=\"application\/ld+json\" class=\"yoast-schema-graph\">{\"@context\":\"https:\\\/\\\/schema.org\",\"@graph\":[{\"@type\":\"Article\",\"@id\":\"https:\\\/\\\/schoenstatt.com\\\/es\\\/un-peregrino-extraordinario-en-el-santuario-de-schoenstatt-en-koszalin-polonia\\\/#article\",\"isPartOf\":{\"@id\":\"https:\\\/\\\/schoenstatt.com\\\/es\\\/un-peregrino-extraordinario-en-el-santuario-de-schoenstatt-en-koszalin-polonia\\\/\"},\"author\":{\"name\":\"Vanessa Franke\",\"@id\":\"https:\\\/\\\/schoenstatt.com\\\/es\\\/#\\\/schema\\\/person\\\/ea97a60c723e21c923e2177f0f3163f7\"},\"headline\":\"Un peregrino extraordinario en el Santuario de Schoenstatt en Koszalin, Polonia\",\"datePublished\":\"2023-06-02T07:36:14+00:00\",\"dateModified\":\"2025-05-15T16:26:39+00:00\",\"mainEntityOfPage\":{\"@id\":\"https:\\\/\\\/schoenstatt.com\\\/es\\\/un-peregrino-extraordinario-en-el-santuario-de-schoenstatt-en-koszalin-polonia\\\/\"},\"wordCount\":545,\"publisher\":{\"@id\":\"https:\\\/\\\/schoenstatt.com\\\/es\\\/#organization\"},\"image\":{\"@id\":\"https:\\\/\\\/schoenstatt.com\\\/es\\\/un-peregrino-extraordinario-en-el-santuario-de-schoenstatt-en-koszalin-polonia\\\/#primaryimage\"},\"thumbnailUrl\":\"https:\\\/\\\/schoenstatt.com\\\/wp-content\\\/uploads\\\/2023\\\/06\\\/Koszalin7-1.jpg\",\"articleSection\":[\"Pa\u00edses\"],\"inLanguage\":\"es\"},{\"@type\":\"WebPage\",\"@id\":\"https:\\\/\\\/schoenstatt.com\\\/es\\\/un-peregrino-extraordinario-en-el-santuario-de-schoenstatt-en-koszalin-polonia\\\/\",\"url\":\"https:\\\/\\\/schoenstatt.com\\\/es\\\/un-peregrino-extraordinario-en-el-santuario-de-schoenstatt-en-koszalin-polonia\\\/\",\"name\":\"Un peregrino extraordinario en el Santuario de Schoenstatt en Koszalin, Polonia\",\"isPartOf\":{\"@id\":\"https:\\\/\\\/schoenstatt.com\\\/es\\\/#website\"},\"primaryImageOfPage\":{\"@id\":\"https:\\\/\\\/schoenstatt.com\\\/es\\\/un-peregrino-extraordinario-en-el-santuario-de-schoenstatt-en-koszalin-polonia\\\/#primaryimage\"},\"image\":{\"@id\":\"https:\\\/\\\/schoenstatt.com\\\/es\\\/un-peregrino-extraordinario-en-el-santuario-de-schoenstatt-en-koszalin-polonia\\\/#primaryimage\"},\"thumbnailUrl\":\"https:\\\/\\\/schoenstatt.com\\\/wp-content\\\/uploads\\\/2023\\\/06\\\/Koszalin7-1.jpg\",\"datePublished\":\"2023-06-02T07:36:14+00:00\",\"dateModified\":\"2025-05-15T16:26:39+00:00\",\"description\":\"Andrzej Duda, Presidente de la Rep\u00fablica de Polonia, condecora al obispo auxiliar Edward Dajczak en el santuario de G\u00f3ra Che\u0142mska.\",\"breadcrumb\":{\"@id\":\"https:\\\/\\\/schoenstatt.com\\\/es\\\/un-peregrino-extraordinario-en-el-santuario-de-schoenstatt-en-koszalin-polonia\\\/#breadcrumb\"},\"inLanguage\":\"es\",\"potentialAction\":[{\"@type\":\"ReadAction\",\"target\":[\"https:\\\/\\\/schoenstatt.com\\\/es\\\/un-peregrino-extraordinario-en-el-santuario-de-schoenstatt-en-koszalin-polonia\\\/\"]}]},{\"@type\":\"ImageObject\",\"inLanguage\":\"es\",\"@id\":\"https:\\\/\\\/schoenstatt.com\\\/es\\\/un-peregrino-extraordinario-en-el-santuario-de-schoenstatt-en-koszalin-polonia\\\/#primaryimage\",\"url\":\"https:\\\/\\\/schoenstatt.com\\\/wp-content\\\/uploads\\\/2023\\\/06\\\/Koszalin7-1.jpg\",\"contentUrl\":\"https:\\\/\\\/schoenstatt.com\\\/wp-content\\\/uploads\\\/2023\\\/06\\\/Koszalin7-1.jpg\",\"width\":1200,\"height\":790,\"caption\":\"Pilger in Koszalin\"},{\"@type\":\"BreadcrumbList\",\"@id\":\"https:\\\/\\\/schoenstatt.com\\\/es\\\/un-peregrino-extraordinario-en-el-santuario-de-schoenstatt-en-koszalin-polonia\\\/#breadcrumb\",\"itemListElement\":[{\"@type\":\"ListItem\",\"position\":1,\"name\":\"Portada\",\"item\":\"https:\\\/\\\/schoenstatt.com\\\/es\\\/home\\\/\"},{\"@type\":\"ListItem\",\"position\":2,\"name\":\"Un peregrino extraordinario en el Santuario de Schoenstatt en Koszalin, Polonia\"}]},{\"@type\":\"WebSite\",\"@id\":\"https:\\\/\\\/schoenstatt.com\\\/es\\\/#website\",\"url\":\"https:\\\/\\\/schoenstatt.com\\\/es\\\/\",\"name\":\"Schoenstatt\",\"description\":\"Apostolic Movement\",\"publisher\":{\"@id\":\"https:\\\/\\\/schoenstatt.com\\\/es\\\/#organization\"},\"potentialAction\":[{\"@type\":\"SearchAction\",\"target\":{\"@type\":\"EntryPoint\",\"urlTemplate\":\"https:\\\/\\\/schoenstatt.com\\\/es\\\/?s={search_term_string}\"},\"query-input\":{\"@type\":\"PropertyValueSpecification\",\"valueRequired\":true,\"valueName\":\"search_term_string\"}}],\"inLanguage\":\"es\"},{\"@type\":\"Organization\",\"@id\":\"https:\\\/\\\/schoenstatt.com\\\/es\\\/#organization\",\"name\":\"Schoenstatt\",\"url\":\"https:\\\/\\\/schoenstatt.com\\\/es\\\/\",\"logo\":{\"@type\":\"ImageObject\",\"inLanguage\":\"es\",\"@id\":\"https:\\\/\\\/schoenstatt.com\\\/es\\\/#\\\/schema\\\/logo\\\/image\\\/\",\"url\":\"https:\\\/\\\/schoenstatt.com\\\/wp-content\\\/uploads\\\/2025\\\/04\\\/logo-schoenstatt-white-696x696-1.png\",\"contentUrl\":\"https:\\\/\\\/schoenstatt.com\\\/wp-content\\\/uploads\\\/2025\\\/04\\\/logo-schoenstatt-white-696x696-1.png\",\"width\":696,\"height\":694,\"caption\":\"Schoenstatt\"},\"image\":{\"@id\":\"https:\\\/\\\/schoenstatt.com\\\/es\\\/#\\\/schema\\\/logo\\\/image\\\/\"}},{\"@type\":\"Person\",\"@id\":\"https:\\\/\\\/schoenstatt.com\\\/es\\\/#\\\/schema\\\/person\\\/ea97a60c723e21c923e2177f0f3163f7\",\"name\":\"Vanessa Franke\",\"image\":{\"@type\":\"ImageObject\",\"inLanguage\":\"es\",\"@id\":\"https:\\\/\\\/secure.gravatar.com\\\/avatar\\\/a9bcca3409928ccd3195eca11e2ccbb2e5d7c7912e9a945d4f326f81a0a5cb4a?s=96&d=mm&r=g\",\"url\":\"https:\\\/\\\/secure.gravatar.com\\\/avatar\\\/a9bcca3409928ccd3195eca11e2ccbb2e5d7c7912e9a945d4f326f81a0a5cb4a?s=96&d=mm&r=g\",\"contentUrl\":\"https:\\\/\\\/secure.gravatar.com\\\/avatar\\\/a9bcca3409928ccd3195eca11e2ccbb2e5d7c7912e9a945d4f326f81a0a5cb4a?s=96&d=mm&r=g\",\"caption\":\"Vanessa Franke\"},\"url\":\"https:\\\/\\\/schoenstatt.com\\\/es\\\/author\\\/vanessa-franke\\\/\"}]}<\/script>\n<!-- \/ Yoast SEO Premium plugin. -->","yoast_head_json":{"title":"Un peregrino extraordinario en el Santuario de Schoenstatt en Koszalin, Polonia","description":"Andrzej Duda, Presidente de la Rep\u00fablica de Polonia, condecora al obispo auxiliar Edward Dajczak en el santuario de G\u00f3ra Che\u0142mska.","robots":{"index":"index","follow":"follow","max-snippet":"max-snippet:-1","max-image-preview":"max-image-preview:large","max-video-preview":"max-video-preview:-1"},"canonical":"https:\/\/schoenstatt.com\/es\/un-peregrino-extraordinario-en-el-santuario-de-schoenstatt-en-koszalin-polonia\/","og_locale":"es_ES","og_type":"article","og_title":"Un peregrino extraordinario en el Santuario de Schoenstatt en Koszalin, Polonia","og_description":"Andrzej Duda, Presidente de la Rep\u00fablica de Polonia, condecora al obispo auxiliar Edward Dajczak en el santuario de G\u00f3ra Che\u0142mska.","og_url":"https:\/\/schoenstatt.com\/es\/un-peregrino-extraordinario-en-el-santuario-de-schoenstatt-en-koszalin-polonia\/","og_site_name":"Schoenstatt","article_published_time":"2023-06-02T07:36:14+00:00","article_modified_time":"2025-05-15T16:26:39+00:00","og_image":[{"width":1200,"height":790,"url":"https:\/\/schoenstatt.com\/wp-content\/uploads\/2023\/06\/Koszalin7-1.jpg","type":"image\/jpeg"}],"author":"Vanessa Franke","twitter_card":"summary_large_image","twitter_misc":{"Escrito por":"Vanessa Franke","Tiempo de lectura":"4 minutos"},"schema":{"@context":"https:\/\/schema.org","@graph":[{"@type":"Article","@id":"https:\/\/schoenstatt.com\/es\/un-peregrino-extraordinario-en-el-santuario-de-schoenstatt-en-koszalin-polonia\/#article","isPartOf":{"@id":"https:\/\/schoenstatt.com\/es\/un-peregrino-extraordinario-en-el-santuario-de-schoenstatt-en-koszalin-polonia\/"},"author":{"name":"Vanessa Franke","@id":"https:\/\/schoenstatt.com\/es\/#\/schema\/person\/ea97a60c723e21c923e2177f0f3163f7"},"headline":"Un peregrino extraordinario en el Santuario de Schoenstatt en Koszalin, Polonia","datePublished":"2023-06-02T07:36:14+00:00","dateModified":"2025-05-15T16:26:39+00:00","mainEntityOfPage":{"@id":"https:\/\/schoenstatt.com\/es\/un-peregrino-extraordinario-en-el-santuario-de-schoenstatt-en-koszalin-polonia\/"},"wordCount":545,"publisher":{"@id":"https:\/\/schoenstatt.com\/es\/#organization"},"image":{"@id":"https:\/\/schoenstatt.com\/es\/un-peregrino-extraordinario-en-el-santuario-de-schoenstatt-en-koszalin-polonia\/#primaryimage"},"thumbnailUrl":"https:\/\/schoenstatt.com\/wp-content\/uploads\/2023\/06\/Koszalin7-1.jpg","articleSection":["Pa\u00edses"],"inLanguage":"es"},{"@type":"WebPage","@id":"https:\/\/schoenstatt.com\/es\/un-peregrino-extraordinario-en-el-santuario-de-schoenstatt-en-koszalin-polonia\/","url":"https:\/\/schoenstatt.com\/es\/un-peregrino-extraordinario-en-el-santuario-de-schoenstatt-en-koszalin-polonia\/","name":"Un peregrino extraordinario en el Santuario de Schoenstatt en Koszalin, Polonia","isPartOf":{"@id":"https:\/\/schoenstatt.com\/es\/#website"},"primaryImageOfPage":{"@id":"https:\/\/schoenstatt.com\/es\/un-peregrino-extraordinario-en-el-santuario-de-schoenstatt-en-koszalin-polonia\/#primaryimage"},"image":{"@id":"https:\/\/schoenstatt.com\/es\/un-peregrino-extraordinario-en-el-santuario-de-schoenstatt-en-koszalin-polonia\/#primaryimage"},"thumbnailUrl":"https:\/\/schoenstatt.com\/wp-content\/uploads\/2023\/06\/Koszalin7-1.jpg","datePublished":"2023-06-02T07:36:14+00:00","dateModified":"2025-05-15T16:26:39+00:00","description":"Andrzej Duda, Presidente de la Rep\u00fablica de Polonia, condecora al obispo auxiliar Edward Dajczak en el santuario de G\u00f3ra Che\u0142mska.","breadcrumb":{"@id":"https:\/\/schoenstatt.com\/es\/un-peregrino-extraordinario-en-el-santuario-de-schoenstatt-en-koszalin-polonia\/#breadcrumb"},"inLanguage":"es","potentialAction":[{"@type":"ReadAction","target":["https:\/\/schoenstatt.com\/es\/un-peregrino-extraordinario-en-el-santuario-de-schoenstatt-en-koszalin-polonia\/"]}]},{"@type":"ImageObject","inLanguage":"es","@id":"https:\/\/schoenstatt.com\/es\/un-peregrino-extraordinario-en-el-santuario-de-schoenstatt-en-koszalin-polonia\/#primaryimage","url":"https:\/\/schoenstatt.com\/wp-content\/uploads\/2023\/06\/Koszalin7-1.jpg","contentUrl":"https:\/\/schoenstatt.com\/wp-content\/uploads\/2023\/06\/Koszalin7-1.jpg","width":1200,"height":790,"caption":"Pilger in Koszalin"},{"@type":"BreadcrumbList","@id":"https:\/\/schoenstatt.com\/es\/un-peregrino-extraordinario-en-el-santuario-de-schoenstatt-en-koszalin-polonia\/#breadcrumb","itemListElement":[{"@type":"ListItem","position":1,"name":"Portada","item":"https:\/\/schoenstatt.com\/es\/home\/"},{"@type":"ListItem","position":2,"name":"Un peregrino extraordinario en el Santuario de Schoenstatt en Koszalin, Polonia"}]},{"@type":"WebSite","@id":"https:\/\/schoenstatt.com\/es\/#website","url":"https:\/\/schoenstatt.com\/es\/","name":"Schoenstatt","description":"Apostolic Movement","publisher":{"@id":"https:\/\/schoenstatt.com\/es\/#organization"},"potentialAction":[{"@type":"SearchAction","target":{"@type":"EntryPoint","urlTemplate":"https:\/\/schoenstatt.com\/es\/?s={search_term_string}"},"query-input":{"@type":"PropertyValueSpecification","valueRequired":true,"valueName":"search_term_string"}}],"inLanguage":"es"},{"@type":"Organization","@id":"https:\/\/schoenstatt.com\/es\/#organization","name":"Schoenstatt","url":"https:\/\/schoenstatt.com\/es\/","logo":{"@type":"ImageObject","inLanguage":"es","@id":"https:\/\/schoenstatt.com\/es\/#\/schema\/logo\/image\/","url":"https:\/\/schoenstatt.com\/wp-content\/uploads\/2025\/04\/logo-schoenstatt-white-696x696-1.png","contentUrl":"https:\/\/schoenstatt.com\/wp-content\/uploads\/2025\/04\/logo-schoenstatt-white-696x696-1.png","width":696,"height":694,"caption":"Schoenstatt"},"image":{"@id":"https:\/\/schoenstatt.com\/es\/#\/schema\/logo\/image\/"}},{"@type":"Person","@id":"https:\/\/schoenstatt.com\/es\/#\/schema\/person\/ea97a60c723e21c923e2177f0f3163f7","name":"Vanessa Franke","image":{"@type":"ImageObject","inLanguage":"es","@id":"https:\/\/secure.gravatar.com\/avatar\/a9bcca3409928ccd3195eca11e2ccbb2e5d7c7912e9a945d4f326f81a0a5cb4a?s=96&d=mm&r=g","url":"https:\/\/secure.gravatar.com\/avatar\/a9bcca3409928ccd3195eca11e2ccbb2e5d7c7912e9a945d4f326f81a0a5cb4a?s=96&d=mm&r=g","contentUrl":"https:\/\/secure.gravatar.com\/avatar\/a9bcca3409928ccd3195eca11e2ccbb2e5d7c7912e9a945d4f326f81a0a5cb4a?s=96&d=mm&r=g","caption":"Vanessa Franke"},"url":"https:\/\/schoenstatt.com\/es\/author\/vanessa-franke\/"}]}},"_links":{"self":[{"href":"https:\/\/schoenstatt.com\/es\/wp-json\/wp\/v2\/posts\/49296","targetHints":{"allow":["GET"]}}],"collection":[{"href":"https:\/\/schoenstatt.com\/es\/wp-json\/wp\/v2\/posts"}],"about":[{"href":"https:\/\/schoenstatt.com\/es\/wp-json\/wp\/v2\/types\/post"}],"author":[{"embeddable":true,"href":"https:\/\/schoenstatt.com\/es\/wp-json\/wp\/v2\/users\/6"}],"replies":[{"embeddable":true,"href":"https:\/\/schoenstatt.com\/es\/wp-json\/wp\/v2\/comments?post=49296"}],"version-history":[{"count":2,"href":"https:\/\/schoenstatt.com\/es\/wp-json\/wp\/v2\/posts\/49296\/revisions"}],"predecessor-version":[{"id":54727,"href":"https:\/\/schoenstatt.com\/es\/wp-json\/wp\/v2\/posts\/49296\/revisions\/54727"}],"wp:featuredmedia":[{"embeddable":true,"href":"https:\/\/schoenstatt.com\/es\/wp-json\/wp\/v2\/media\/30804"}],"wp:attachment":[{"href":"https:\/\/schoenstatt.com\/es\/wp-json\/wp\/v2\/media?parent=49296"}],"wp:term":[{"taxonomy":"category","embeddable":true,"href":"https:\/\/schoenstatt.com\/es\/wp-json\/wp\/v2\/categories?post=49296"},{"taxonomy":"post_tag","embeddable":true,"href":"https:\/\/schoenstatt.com\/es\/wp-json\/wp\/v2\/tags?post=49296"}],"curies":[{"name":"wp","href":"https:\/\/api.w.org\/{rel}","templated":true}]}}