{"id":49126,"date":"2023-07-19T06:30:30","date_gmt":"2023-07-19T04:30:30","guid":{"rendered":"https:\/\/schoenstattdev.wpenginepowered.com\/?p=31428"},"modified":"2025-05-15T18:25:55","modified_gmt":"2025-05-15T16:25:55","slug":"jmj-la-juventud-de-schoenstatt-peregrina-a-fatima","status":"publish","type":"post","link":"https:\/\/schoenstatt.com\/es\/jmj-la-juventud-de-schoenstatt-peregrina-a-fatima\/","title":{"rendered":"JMJ: La Juventud de Schoenstatt peregrina a F\u00e1tima"},"content":{"rendered":"<p>Unos 1.400 <a href=\"https:\/\/schoenstattdev.wpenginepowered.com\/es\/eventos\/participa-de-la-jmj-2023\/\">j\u00f3venes de Schoenstat<\/a>t de 20 pa\u00edses participar\u00e1n en la <a href=\"https:\/\/www.lisboa2023.org\/es\" target=\"_blank\" rel=\"noopener\">Jornada Mundial de la Juventud en Lisboa,<\/a> Portugal. Antes de que comience la JMJ, se celebrar\u00e1n algunos eventos internacionales importantes para todos los j\u00f3venes. Uno de los m\u00e1s destacados, sin duda, es la<strong> peregrinaci\u00f3n<\/strong> al <a href=\"https:\/\/www.fatima.pt\/es\" target=\"_blank\" rel=\"noopener\">Santuario de F\u00e1tima<\/a> el 30 de julio.<\/p>\n<p>A prop\u00f3sito de este acontecimiento especial, <strong>Carolina Guibarra<\/strong>, miembro de la JF de Lisboa, nos cuenta los detalles y el significado que tiene esta peregrinaci\u00f3n:<\/p>\n<p>En el tercer d\u00eda de nuestro encuentro, nos alejaremos un poco de nuestro Santuario y peregrinaremos a F\u00e1tima, donde encontramos un mensaje muy semejante al camino que Schoenstatt nos propone. A la luz del tema de este d\u00eda, \u00abHaznos ver tus gracias\u00bb, visitamos este santuario donde Mar\u00eda mostr\u00f3 sus gracias con particular claridad.<\/p>\n<p>Ser\u00eda impensable no detenerse en F\u00e1tima con la juventud internacional de Schoenstatt reunida en Portugal. Impensable porque en la intemporalidad del mensaje de F\u00e1tima est\u00e1 la salvaci\u00f3n del mundo. Impensable porque en las peticiones de Nuestra Se\u00f1ora a los pastorcitos est\u00e1 presente la invitaci\u00f3n a la conversi\u00f3n a la que estamos llamados diariamente. Impensable porque aqu\u00ed encontramos numerosas caracter\u00edsticas de la espiritualidad de Schoenstatt &#8211; fe en la misi\u00f3n de la Virgen, peque\u00f1ez de instrumentos, env\u00edo apost\u00f3lico y, sobre todo, consagraci\u00f3n a su Coraz\u00f3n Inmaculado.<\/p>\n<h3><img fetchpriority=\"high\" decoding=\"async\" class=\"aligncenter wp-image-31414 size-large\" src=\"https:\/\/schoenstatt.com\/wp-content\/uploads\/2023\/07\/Juventud-de-Schoenstatt-en-Fatima-Portugal-1.png\" alt=\"\" width=\"840\" height=\"935\" srcset=\"https:\/\/schoenstatt.com\/wp-content\/uploads\/2023\/07\/Juventud-de-Schoenstatt-en-Fatima-Portugal-1.png 1080w, https:\/\/schoenstatt.com\/wp-content\/uploads\/2023\/07\/Juventud-de-Schoenstatt-en-Fatima-Portugal-1-768x855.png 768w\" sizes=\"(max-width: 840px) 100vw, 840px\" \/><\/h3>\n<h2>No peregrinamos por casualidad<\/h2>\n<p>Hemos intentado reflexionar sobre c\u00f3mo el mensaje de F\u00e1tima nos interpela, a la Juventud Femenina en particular, y c\u00f3mo se relaciona con el tema de nuestro encuentro &#8211; \u00a1Hazme ver, clarif\u00edcate! Nos damos cuenta de que la invitaci\u00f3n y la petici\u00f3n de consagrarnos al Coraz\u00f3n Inmaculado de Mar\u00eda, la humilde entrega de nuestra existencia en sus manos, forma parte de la clarificaci\u00f3n que Nuestra Se\u00f1ora hace de nuestras vidas. Solo con una entrega total y desinteresada podemos ver con claridad su mensaje, sus peticiones, sus gracias.<\/p>\n<p>No peregrinamos a F\u00e1tima por porque s\u00ed, sino porque Nuestra Se\u00f1ora de Schoenstatt y Nuestra Se\u00f1ora del Rosario de F\u00e1tima nos llaman a esta consagraci\u00f3n: \u00abEs voluntad del Se\u00f1or que la devoci\u00f3n a mi Inmaculado Coraz\u00f3n se extienda y se asegure en todo el mundo. Jes\u00fas quiere que el mundo entero se consagre tambi\u00e9n a mi Coraz\u00f3n. Yo vendr\u00e9 y exigir\u00e9 la consagraci\u00f3n a mi Coraz\u00f3n Inmaculado. Si escuchan mis palabras, se salvar\u00e1n innumerables almas y habr\u00e1 paz, pero si no lo hacen y si contin\u00faan ofendiendo al Se\u00f1or, la Justicia Divina les impondr\u00e1 nuevas y pesadas tribulaciones. Al final, mi Coraz\u00f3n Inmaculado triunfar\u00e1\u00bb.<\/p>\n<h2>Nos ponemos en camino con el mismo objetivo que los pastorcitos<\/h2>\n<p>Como nos dijo el P. Jos\u00e9 Kentenich, \u00abDios toma una nueva iniciativa en la persona de Mar\u00eda para el mundo revuelto, enfermo y enfermizo de hoy. La Virgen tiene que mostrarse una vez m\u00e1s como la que da a luz a Cristo (&#8230;) \u00a1Qu\u00e9 cuidados no tiene la Madre de Dios para cumplir perfectamente su tarea actual en nosotros y en el mundo de hoy!\u00bb<\/p>\n<p>En F\u00e1tima, como en Schoenstatt, somos llamados al apostolado y, m\u00e1s que transformados, partimos con esta misi\u00f3n: ser, a imagen de Mar\u00eda, luz de Cristo en el mundo e instrumentos de Dios. Aprovechamos la preparaci\u00f3n de la Jornada Mundial de la Juventud para recordar (o conocer) el mensaje de F\u00e1tima, partiendo con el mismo objetivo de los pastorcitos &#8211; la consagraci\u00f3n constante del mundo entero al Coraz\u00f3n Inmaculado de Mar\u00eda.<\/p>\n<h3><img decoding=\"async\" class=\"aligncenter wp-image-31418 size-large\" src=\"https:\/\/schoenstatt.com\/wp-content\/uploads\/2023\/07\/Pastorinho-de-Fatima-Portugal-1.jpg\" alt=\"\" width=\"840\" height=\"559\" srcset=\"https:\/\/schoenstatt.com\/wp-content\/uploads\/2023\/07\/Pastorinho-de-Fatima-Portugal-1.jpg 1280w, https:\/\/schoenstatt.com\/wp-content\/uploads\/2023\/07\/Pastorinho-de-Fatima-Portugal-1-768x511.jpg 768w\" sizes=\"(max-width: 840px) 100vw, 840px\" \/><\/h3>\n<h3>Otros acontecimientos importantes<\/h3>\n<p>En el contexto de la Jornada, antes de ir a F\u00e1tima, la Juventud Masculina se reunir\u00e1 en Gafanha, cerca de Aveiro, para participar de Ignis, el encuentro internacional de la Juventud Masculina de Schoenstatt.<\/p>\n<p>Y la Juventud Femenina comenzar\u00e1 su encuentro internacional el 28 de julio en Lisboa.<\/p>\n<p>El d\u00eda 31, despu\u00e9s de la peregrinaci\u00f3n a F\u00e1tima, todos los j\u00f3venes se reunir\u00e1n para el Festival de la MTA en Lisboa. Despu\u00e9s de toda esta intensa programaci\u00f3n, junto con la juventud del mundo y el Papa Francisco, ser\u00e1n los d\u00edas de actividad de la JMJ del 1ro. al 6 de agosto.<\/p>\n","protected":false},"excerpt":{"rendered":"<p>Antes de que comience la JMJ, se celebrar\u00e1n algunos eventos internacionales importantes para todos los j\u00f3venes. Uno ellos es la visita a F\u00e1tima, en Portugal<\/p>\n","protected":false},"author":3,"featured_media":31422,"comment_status":"closed","ping_status":"closed","sticky":false,"template":"","format":"standard","meta":{"footnotes":""},"categories":[630,923,790],"tags":[],"class_list":["post-49126","post","type-post","status-publish","format-standard","has-post-thumbnail","hentry","category-eventos-es","category-juventud-es","category-paises-es"],"yoast_head":"<!-- This site is optimized with the Yoast SEO Premium plugin v27.4 (Yoast SEO v27.5) - https:\/\/yoast.com\/product\/yoast-seo-premium-wordpress\/ -->\n<title>JMJ: La Juventud de Schoenstatt peregrina a F\u00e1tima<\/title>\n<meta name=\"description\" content=\"&quot;Haznos ver tus gracias&quot; es el tema de la peregrinaci\u00f3n internacional de la Juventud de Schoenstatt al Santuario de F\u00e1tima.\" \/>\n<meta name=\"robots\" content=\"index, follow, max-snippet:-1, max-image-preview:large, max-video-preview:-1\" \/>\n<link rel=\"canonical\" href=\"https:\/\/schoenstatt.com\/es\/jmj-la-juventud-de-schoenstatt-peregrina-a-fatima\/\" \/>\n<meta property=\"og:locale\" content=\"es_ES\" \/>\n<meta property=\"og:type\" content=\"article\" \/>\n<meta property=\"og:title\" content=\"JMJ: La Juventud de Schoenstatt peregrina a F\u00e1tima\" \/>\n<meta property=\"og:description\" content=\"&quot;Haznos ver tus gracias&quot; es el tema de la peregrinaci\u00f3n internacional de la Juventud de Schoenstatt al Santuario de F\u00e1tima.\" \/>\n<meta property=\"og:url\" content=\"https:\/\/schoenstatt.com\/es\/jmj-la-juventud-de-schoenstatt-peregrina-a-fatima\/\" \/>\n<meta property=\"og:site_name\" content=\"Schoenstatt\" \/>\n<meta property=\"article:published_time\" content=\"2023-07-19T04:30:30+00:00\" \/>\n<meta property=\"article:modified_time\" content=\"2025-05-15T16:25:55+00:00\" \/>\n<meta property=\"og:image\" content=\"https:\/\/schoenstatt.com\/wp-content\/uploads\/2023\/07\/Santuario-de-Fatima-Portugal-1.jpg\" \/>\n\t<meta property=\"og:image:width\" content=\"1280\" \/>\n\t<meta property=\"og:image:height\" content=\"927\" \/>\n\t<meta property=\"og:image:type\" content=\"image\/jpeg\" \/>\n<meta name=\"author\" content=\"Karen Bueno\" \/>\n<meta name=\"twitter:card\" content=\"summary_large_image\" \/>\n<meta name=\"twitter:label1\" content=\"Escrito por\" \/>\n\t<meta name=\"twitter:data1\" content=\"Karen Bueno\" \/>\n\t<meta name=\"twitter:label2\" content=\"Tiempo de lectura\" \/>\n\t<meta name=\"twitter:data2\" content=\"4 minutos\" \/>\n<script type=\"application\/ld+json\" class=\"yoast-schema-graph\">{\"@context\":\"https:\\\/\\\/schema.org\",\"@graph\":[{\"@type\":\"Article\",\"@id\":\"https:\\\/\\\/schoenstatt.com\\\/es\\\/jmj-la-juventud-de-schoenstatt-peregrina-a-fatima\\\/#article\",\"isPartOf\":{\"@id\":\"https:\\\/\\\/schoenstatt.com\\\/es\\\/jmj-la-juventud-de-schoenstatt-peregrina-a-fatima\\\/\"},\"author\":{\"name\":\"Karen Bueno\",\"@id\":\"https:\\\/\\\/schoenstatt.com\\\/es\\\/#\\\/schema\\\/person\\\/5158877ad4acae98b34daaeef2a1ce6e\"},\"headline\":\"JMJ: La Juventud de Schoenstatt peregrina a F\u00e1tima\",\"datePublished\":\"2023-07-19T04:30:30+00:00\",\"dateModified\":\"2025-05-15T16:25:55+00:00\",\"mainEntityOfPage\":{\"@id\":\"https:\\\/\\\/schoenstatt.com\\\/es\\\/jmj-la-juventud-de-schoenstatt-peregrina-a-fatima\\\/\"},\"wordCount\":738,\"publisher\":{\"@id\":\"https:\\\/\\\/schoenstatt.com\\\/es\\\/#organization\"},\"image\":{\"@id\":\"https:\\\/\\\/schoenstatt.com\\\/es\\\/jmj-la-juventud-de-schoenstatt-peregrina-a-fatima\\\/#primaryimage\"},\"thumbnailUrl\":\"https:\\\/\\\/schoenstatt.com\\\/wp-content\\\/uploads\\\/2023\\\/07\\\/Santuario-de-Fatima-Portugal-1.jpg\",\"articleSection\":[\"Eventos\",\"Juventud\",\"Pa\u00edses\"],\"inLanguage\":\"es\"},{\"@type\":\"WebPage\",\"@id\":\"https:\\\/\\\/schoenstatt.com\\\/es\\\/jmj-la-juventud-de-schoenstatt-peregrina-a-fatima\\\/\",\"url\":\"https:\\\/\\\/schoenstatt.com\\\/es\\\/jmj-la-juventud-de-schoenstatt-peregrina-a-fatima\\\/\",\"name\":\"JMJ: La Juventud de Schoenstatt peregrina a F\u00e1tima\",\"isPartOf\":{\"@id\":\"https:\\\/\\\/schoenstatt.com\\\/es\\\/#website\"},\"primaryImageOfPage\":{\"@id\":\"https:\\\/\\\/schoenstatt.com\\\/es\\\/jmj-la-juventud-de-schoenstatt-peregrina-a-fatima\\\/#primaryimage\"},\"image\":{\"@id\":\"https:\\\/\\\/schoenstatt.com\\\/es\\\/jmj-la-juventud-de-schoenstatt-peregrina-a-fatima\\\/#primaryimage\"},\"thumbnailUrl\":\"https:\\\/\\\/schoenstatt.com\\\/wp-content\\\/uploads\\\/2023\\\/07\\\/Santuario-de-Fatima-Portugal-1.jpg\",\"datePublished\":\"2023-07-19T04:30:30+00:00\",\"dateModified\":\"2025-05-15T16:25:55+00:00\",\"description\":\"\\\"Haznos ver tus gracias\\\" es el tema de la peregrinaci\u00f3n internacional de la Juventud de Schoenstatt al Santuario de F\u00e1tima.\",\"breadcrumb\":{\"@id\":\"https:\\\/\\\/schoenstatt.com\\\/es\\\/jmj-la-juventud-de-schoenstatt-peregrina-a-fatima\\\/#breadcrumb\"},\"inLanguage\":\"es\",\"potentialAction\":[{\"@type\":\"ReadAction\",\"target\":[\"https:\\\/\\\/schoenstatt.com\\\/es\\\/jmj-la-juventud-de-schoenstatt-peregrina-a-fatima\\\/\"]}]},{\"@type\":\"ImageObject\",\"inLanguage\":\"es\",\"@id\":\"https:\\\/\\\/schoenstatt.com\\\/es\\\/jmj-la-juventud-de-schoenstatt-peregrina-a-fatima\\\/#primaryimage\",\"url\":\"https:\\\/\\\/schoenstatt.com\\\/wp-content\\\/uploads\\\/2023\\\/07\\\/Santuario-de-Fatima-Portugal-1.jpg\",\"contentUrl\":\"https:\\\/\\\/schoenstatt.com\\\/wp-content\\\/uploads\\\/2023\\\/07\\\/Santuario-de-Fatima-Portugal-1.jpg\",\"width\":1280,\"height\":927,\"caption\":\"JMJ: La Juventud de Schoenstatt peregrina a F\u00e1tima\"},{\"@type\":\"BreadcrumbList\",\"@id\":\"https:\\\/\\\/schoenstatt.com\\\/es\\\/jmj-la-juventud-de-schoenstatt-peregrina-a-fatima\\\/#breadcrumb\",\"itemListElement\":[{\"@type\":\"ListItem\",\"position\":1,\"name\":\"Portada\",\"item\":\"https:\\\/\\\/schoenstatt.com\\\/es\\\/home\\\/\"},{\"@type\":\"ListItem\",\"position\":2,\"name\":\"JMJ: La Juventud de Schoenstatt peregrina a F\u00e1tima\"}]},{\"@type\":\"WebSite\",\"@id\":\"https:\\\/\\\/schoenstatt.com\\\/es\\\/#website\",\"url\":\"https:\\\/\\\/schoenstatt.com\\\/es\\\/\",\"name\":\"Schoenstatt\",\"description\":\"Apostolic Movement\",\"publisher\":{\"@id\":\"https:\\\/\\\/schoenstatt.com\\\/es\\\/#organization\"},\"potentialAction\":[{\"@type\":\"SearchAction\",\"target\":{\"@type\":\"EntryPoint\",\"urlTemplate\":\"https:\\\/\\\/schoenstatt.com\\\/es\\\/?s={search_term_string}\"},\"query-input\":{\"@type\":\"PropertyValueSpecification\",\"valueRequired\":true,\"valueName\":\"search_term_string\"}}],\"inLanguage\":\"es\"},{\"@type\":\"Organization\",\"@id\":\"https:\\\/\\\/schoenstatt.com\\\/es\\\/#organization\",\"name\":\"Schoenstatt\",\"url\":\"https:\\\/\\\/schoenstatt.com\\\/es\\\/\",\"logo\":{\"@type\":\"ImageObject\",\"inLanguage\":\"es\",\"@id\":\"https:\\\/\\\/schoenstatt.com\\\/es\\\/#\\\/schema\\\/logo\\\/image\\\/\",\"url\":\"https:\\\/\\\/schoenstatt.com\\\/wp-content\\\/uploads\\\/2025\\\/04\\\/logo-schoenstatt-white-696x696-1.png\",\"contentUrl\":\"https:\\\/\\\/schoenstatt.com\\\/wp-content\\\/uploads\\\/2025\\\/04\\\/logo-schoenstatt-white-696x696-1.png\",\"width\":696,\"height\":694,\"caption\":\"Schoenstatt\"},\"image\":{\"@id\":\"https:\\\/\\\/schoenstatt.com\\\/es\\\/#\\\/schema\\\/logo\\\/image\\\/\"}},{\"@type\":\"Person\",\"@id\":\"https:\\\/\\\/schoenstatt.com\\\/es\\\/#\\\/schema\\\/person\\\/5158877ad4acae98b34daaeef2a1ce6e\",\"name\":\"Karen Bueno\",\"image\":{\"@type\":\"ImageObject\",\"inLanguage\":\"es\",\"@id\":\"https:\\\/\\\/secure.gravatar.com\\\/avatar\\\/f9f4b823873154269d2b2130f195f6d41037dd0d7fc5f3cacb5c846bae70d66b?s=96&d=mm&r=g\",\"url\":\"https:\\\/\\\/secure.gravatar.com\\\/avatar\\\/f9f4b823873154269d2b2130f195f6d41037dd0d7fc5f3cacb5c846bae70d66b?s=96&d=mm&r=g\",\"contentUrl\":\"https:\\\/\\\/secure.gravatar.com\\\/avatar\\\/f9f4b823873154269d2b2130f195f6d41037dd0d7fc5f3cacb5c846bae70d66b?s=96&d=mm&r=g\",\"caption\":\"Karen Bueno\"},\"url\":\"https:\\\/\\\/schoenstatt.com\\\/es\\\/author\\\/karen-bueno\\\/\"}]}<\/script>\n<!-- \/ Yoast SEO Premium plugin. -->","yoast_head_json":{"title":"JMJ: La Juventud de Schoenstatt peregrina a F\u00e1tima","description":"\"Haznos ver tus gracias\" es el tema de la peregrinaci\u00f3n internacional de la Juventud de Schoenstatt al Santuario de F\u00e1tima.","robots":{"index":"index","follow":"follow","max-snippet":"max-snippet:-1","max-image-preview":"max-image-preview:large","max-video-preview":"max-video-preview:-1"},"canonical":"https:\/\/schoenstatt.com\/es\/jmj-la-juventud-de-schoenstatt-peregrina-a-fatima\/","og_locale":"es_ES","og_type":"article","og_title":"JMJ: La Juventud de Schoenstatt peregrina a F\u00e1tima","og_description":"\"Haznos ver tus gracias\" es el tema de la peregrinaci\u00f3n internacional de la Juventud de Schoenstatt al Santuario de F\u00e1tima.","og_url":"https:\/\/schoenstatt.com\/es\/jmj-la-juventud-de-schoenstatt-peregrina-a-fatima\/","og_site_name":"Schoenstatt","article_published_time":"2023-07-19T04:30:30+00:00","article_modified_time":"2025-05-15T16:25:55+00:00","og_image":[{"width":1280,"height":927,"url":"https:\/\/schoenstatt.com\/wp-content\/uploads\/2023\/07\/Santuario-de-Fatima-Portugal-1.jpg","type":"image\/jpeg"}],"author":"Karen Bueno","twitter_card":"summary_large_image","twitter_misc":{"Escrito por":"Karen Bueno","Tiempo de lectura":"4 minutos"},"schema":{"@context":"https:\/\/schema.org","@graph":[{"@type":"Article","@id":"https:\/\/schoenstatt.com\/es\/jmj-la-juventud-de-schoenstatt-peregrina-a-fatima\/#article","isPartOf":{"@id":"https:\/\/schoenstatt.com\/es\/jmj-la-juventud-de-schoenstatt-peregrina-a-fatima\/"},"author":{"name":"Karen Bueno","@id":"https:\/\/schoenstatt.com\/es\/#\/schema\/person\/5158877ad4acae98b34daaeef2a1ce6e"},"headline":"JMJ: La Juventud de Schoenstatt peregrina a F\u00e1tima","datePublished":"2023-07-19T04:30:30+00:00","dateModified":"2025-05-15T16:25:55+00:00","mainEntityOfPage":{"@id":"https:\/\/schoenstatt.com\/es\/jmj-la-juventud-de-schoenstatt-peregrina-a-fatima\/"},"wordCount":738,"publisher":{"@id":"https:\/\/schoenstatt.com\/es\/#organization"},"image":{"@id":"https:\/\/schoenstatt.com\/es\/jmj-la-juventud-de-schoenstatt-peregrina-a-fatima\/#primaryimage"},"thumbnailUrl":"https:\/\/schoenstatt.com\/wp-content\/uploads\/2023\/07\/Santuario-de-Fatima-Portugal-1.jpg","articleSection":["Eventos","Juventud","Pa\u00edses"],"inLanguage":"es"},{"@type":"WebPage","@id":"https:\/\/schoenstatt.com\/es\/jmj-la-juventud-de-schoenstatt-peregrina-a-fatima\/","url":"https:\/\/schoenstatt.com\/es\/jmj-la-juventud-de-schoenstatt-peregrina-a-fatima\/","name":"JMJ: La Juventud de Schoenstatt peregrina a F\u00e1tima","isPartOf":{"@id":"https:\/\/schoenstatt.com\/es\/#website"},"primaryImageOfPage":{"@id":"https:\/\/schoenstatt.com\/es\/jmj-la-juventud-de-schoenstatt-peregrina-a-fatima\/#primaryimage"},"image":{"@id":"https:\/\/schoenstatt.com\/es\/jmj-la-juventud-de-schoenstatt-peregrina-a-fatima\/#primaryimage"},"thumbnailUrl":"https:\/\/schoenstatt.com\/wp-content\/uploads\/2023\/07\/Santuario-de-Fatima-Portugal-1.jpg","datePublished":"2023-07-19T04:30:30+00:00","dateModified":"2025-05-15T16:25:55+00:00","description":"\"Haznos ver tus gracias\" es el tema de la peregrinaci\u00f3n internacional de la Juventud de Schoenstatt al Santuario de F\u00e1tima.","breadcrumb":{"@id":"https:\/\/schoenstatt.com\/es\/jmj-la-juventud-de-schoenstatt-peregrina-a-fatima\/#breadcrumb"},"inLanguage":"es","potentialAction":[{"@type":"ReadAction","target":["https:\/\/schoenstatt.com\/es\/jmj-la-juventud-de-schoenstatt-peregrina-a-fatima\/"]}]},{"@type":"ImageObject","inLanguage":"es","@id":"https:\/\/schoenstatt.com\/es\/jmj-la-juventud-de-schoenstatt-peregrina-a-fatima\/#primaryimage","url":"https:\/\/schoenstatt.com\/wp-content\/uploads\/2023\/07\/Santuario-de-Fatima-Portugal-1.jpg","contentUrl":"https:\/\/schoenstatt.com\/wp-content\/uploads\/2023\/07\/Santuario-de-Fatima-Portugal-1.jpg","width":1280,"height":927,"caption":"JMJ: La Juventud de Schoenstatt peregrina a F\u00e1tima"},{"@type":"BreadcrumbList","@id":"https:\/\/schoenstatt.com\/es\/jmj-la-juventud-de-schoenstatt-peregrina-a-fatima\/#breadcrumb","itemListElement":[{"@type":"ListItem","position":1,"name":"Portada","item":"https:\/\/schoenstatt.com\/es\/home\/"},{"@type":"ListItem","position":2,"name":"JMJ: La Juventud de Schoenstatt peregrina a F\u00e1tima"}]},{"@type":"WebSite","@id":"https:\/\/schoenstatt.com\/es\/#website","url":"https:\/\/schoenstatt.com\/es\/","name":"Schoenstatt","description":"Apostolic Movement","publisher":{"@id":"https:\/\/schoenstatt.com\/es\/#organization"},"potentialAction":[{"@type":"SearchAction","target":{"@type":"EntryPoint","urlTemplate":"https:\/\/schoenstatt.com\/es\/?s={search_term_string}"},"query-input":{"@type":"PropertyValueSpecification","valueRequired":true,"valueName":"search_term_string"}}],"inLanguage":"es"},{"@type":"Organization","@id":"https:\/\/schoenstatt.com\/es\/#organization","name":"Schoenstatt","url":"https:\/\/schoenstatt.com\/es\/","logo":{"@type":"ImageObject","inLanguage":"es","@id":"https:\/\/schoenstatt.com\/es\/#\/schema\/logo\/image\/","url":"https:\/\/schoenstatt.com\/wp-content\/uploads\/2025\/04\/logo-schoenstatt-white-696x696-1.png","contentUrl":"https:\/\/schoenstatt.com\/wp-content\/uploads\/2025\/04\/logo-schoenstatt-white-696x696-1.png","width":696,"height":694,"caption":"Schoenstatt"},"image":{"@id":"https:\/\/schoenstatt.com\/es\/#\/schema\/logo\/image\/"}},{"@type":"Person","@id":"https:\/\/schoenstatt.com\/es\/#\/schema\/person\/5158877ad4acae98b34daaeef2a1ce6e","name":"Karen Bueno","image":{"@type":"ImageObject","inLanguage":"es","@id":"https:\/\/secure.gravatar.com\/avatar\/f9f4b823873154269d2b2130f195f6d41037dd0d7fc5f3cacb5c846bae70d66b?s=96&d=mm&r=g","url":"https:\/\/secure.gravatar.com\/avatar\/f9f4b823873154269d2b2130f195f6d41037dd0d7fc5f3cacb5c846bae70d66b?s=96&d=mm&r=g","contentUrl":"https:\/\/secure.gravatar.com\/avatar\/f9f4b823873154269d2b2130f195f6d41037dd0d7fc5f3cacb5c846bae70d66b?s=96&d=mm&r=g","caption":"Karen Bueno"},"url":"https:\/\/schoenstatt.com\/es\/author\/karen-bueno\/"}]}},"_links":{"self":[{"href":"https:\/\/schoenstatt.com\/es\/wp-json\/wp\/v2\/posts\/49126","targetHints":{"allow":["GET"]}}],"collection":[{"href":"https:\/\/schoenstatt.com\/es\/wp-json\/wp\/v2\/posts"}],"about":[{"href":"https:\/\/schoenstatt.com\/es\/wp-json\/wp\/v2\/types\/post"}],"author":[{"embeddable":true,"href":"https:\/\/schoenstatt.com\/es\/wp-json\/wp\/v2\/users\/3"}],"replies":[{"embeddable":true,"href":"https:\/\/schoenstatt.com\/es\/wp-json\/wp\/v2\/comments?post=49126"}],"version-history":[{"count":2,"href":"https:\/\/schoenstatt.com\/es\/wp-json\/wp\/v2\/posts\/49126\/revisions"}],"predecessor-version":[{"id":54338,"href":"https:\/\/schoenstatt.com\/es\/wp-json\/wp\/v2\/posts\/49126\/revisions\/54338"}],"wp:featuredmedia":[{"embeddable":true,"href":"https:\/\/schoenstatt.com\/es\/wp-json\/wp\/v2\/media\/31422"}],"wp:attachment":[{"href":"https:\/\/schoenstatt.com\/es\/wp-json\/wp\/v2\/media?parent=49126"}],"wp:term":[{"taxonomy":"category","embeddable":true,"href":"https:\/\/schoenstatt.com\/es\/wp-json\/wp\/v2\/categories?post=49126"},{"taxonomy":"post_tag","embeddable":true,"href":"https:\/\/schoenstatt.com\/es\/wp-json\/wp\/v2\/tags?post=49126"}],"curies":[{"name":"wp","href":"https:\/\/api.w.org\/{rel}","templated":true}]}}