{"id":49122,"date":"2023-07-14T20:41:53","date_gmt":"2023-07-14T18:41:53","guid":{"rendered":"https:\/\/schoenstattdev.wpenginepowered.com\/?p=31342"},"modified":"2025-05-15T18:25:56","modified_gmt":"2025-05-15T16:25:56","slug":"celebramos-italia-tiene-su-primer-curso-de-la-federacion-de-familias","status":"publish","type":"post","link":"https:\/\/schoenstatt.com\/es\/celebramos-italia-tiene-su-primer-curso-de-la-federacion-de-familias\/","title":{"rendered":"\u00a1Celebramos!  Italia tiene su primer curso de la Federaci\u00f3n de Familias"},"content":{"rendered":"<p>En el <a href=\"https:\/\/goo.gl\/maps\/H2TpeBV9SfcotKmB8\" target=\"_blank\" rel=\"noopener\">Santuario <em>Cor Ecclesiae<\/em><\/a> de Roma, Italia, ocho matrimonios celebraron su ingreso oficial en la Federaci\u00f3n de Familias de Schoenstatt. El primer curso, llamado <em>\u00abMariae apostoli\u00bb<\/em>, espera con ilusi\u00f3n su vida como curso con su misi\u00f3n tan especial.<\/p>\n<h2><em>Mariae apostoli<\/em><\/h2>\n<p>Al final de sus tres a\u00f1os de preparaci\u00f3n, el 17 de junio, fiesta del Coraz\u00f3n Inmaculado de Mar\u00eda, ocho matrimonios hicieron su primera consagraci\u00f3n en la <a href=\"https:\/\/schoenstattdev.wpenginepowered.com\/es\/familia\/comunidades-de-schoenstatt\/family\/\" target=\"_blank\" rel=\"noopener\">Federaci\u00f3n de Familias de Schoenstatt<\/a>. Han visto simbolizada su misi\u00f3n en estas dos palabras: <em>\u00abMariae apostoli\u00bb<\/em>. Se ven a s\u00ed mismos como ap\u00f3stoles marianos en camino hacia las familias.<\/p>\n<p>La consagraci\u00f3n de los ocho matrimonios del curso tuvo lugar en una Misa de recogimiento y contemplaci\u00f3n en el Santuario Cor Ecclesiae, en presencia de Stefan y Maria Pelz, de la direcci\u00f3n internacional de la Federaci\u00f3n de Familias de Schoenstatt y de los asistentes del curso, el Padre Beltr\u00e1n G\u00f3mez, la Hermana Asunci\u00f3n Bergen Pape y el matrimonio Gabriela y Gast\u00f3n Zurita, de Argentina.<\/p>\n<p><img fetchpriority=\"high\" decoding=\"async\" class=\"aligncenter wp-image-31330 \" src=\"https:\/\/schoenstatt.com\/wp-content\/uploads\/2023\/07\/Federacion-de-Familias-de-Schoenstatt-Italia-4-1.png\" alt=\"\" width=\"836\" height=\"376\" srcset=\"https:\/\/schoenstatt.com\/wp-content\/uploads\/2023\/07\/Federacion-de-Familias-de-Schoenstatt-Italia-4-1.png 1600w, https:\/\/schoenstatt.com\/wp-content\/uploads\/2023\/07\/Federacion-de-Familias-de-Schoenstatt-Italia-4-1-768x346.png 768w, https:\/\/schoenstatt.com\/wp-content\/uploads\/2023\/07\/Federacion-de-Familias-de-Schoenstatt-Italia-4-1-1536x691.png 1536w\" sizes=\"(max-width: 836px) 100vw, 836px\" \/><\/p>\n<h2>Compartiendo la alegr\u00eda<\/h2>\n<p>Durante la Misa de Alianza del d\u00eda siguiente, el primer curso de la Federaci\u00f3n de Familias de Italia pudo compartir la alegr\u00eda de su consagraci\u00f3n con sus familias y los distintos grupos de Schoenstatt de Italia en el Santuario <em>Cor Ecclesiae<\/em>. Una vez m\u00e1s rezaron su oraci\u00f3n de consagraci\u00f3n y renovaron su voluntad de ser enviados.<\/p>\n<p>Los matrimonios del curso de los Ap\u00f3stoles de Mar\u00eda conf\u00edan su camino -personalmente, como pareja y como comunidad- a Dios y a Mar\u00eda. Se saben fortalecidos por la Alianza de Amor, el sacramento del matrimonio a la luz de los consejos evang\u00e9licos y la intercesi\u00f3n sacerdotal del Padre <a href=\"https:\/\/schoenstattdev.wpenginepowered.com\/es\/acerca-de\/fundador\/\" target=\"_blank\" rel=\"noopener\">Kentenich,<\/a> fundador del Movimiento de Schoenstatt.<\/p>\n<p><img decoding=\"async\" class=\"aligncenter wp-image-31334 \" src=\"https:\/\/schoenstatt.com\/wp-content\/uploads\/2023\/07\/Federacion-de-Familias-de-Schoenstatt-Italia-1.jpg\" alt=\"\" width=\"841\" height=\"548\" srcset=\"https:\/\/schoenstatt.com\/wp-content\/uploads\/2023\/07\/Federacion-de-Familias-de-Schoenstatt-Italia-1.jpg 1477w, https:\/\/schoenstatt.com\/wp-content\/uploads\/2023\/07\/Federacion-de-Familias-de-Schoenstatt-Italia-1-768x501.jpg 768w\" sizes=\"(max-width: 841px) 100vw, 841px\" \/><\/p>\n<h3>Agradecimiento por la oraci\u00f3n<\/h3>\n<p>Agradecidos por toda la oraci\u00f3n y el acompa\u00f1amiento que han experimentado en su camino hacia la Federaci\u00f3n de Familias de Schoenstatt, los ocho matrimonios prometen sus oraciones por todos los miembros de Schoenstatt y esperan \u00bb &#8230; \u00a1quiz\u00e1s alg\u00fan d\u00eda nos conozcamos en persona!\u00bb.<\/p>\n<p><img decoding=\"async\" class=\"aligncenter wp-image-31338 \" src=\"https:\/\/schoenstatt.com\/wp-content\/uploads\/2023\/07\/Federacion-de-Familias-de-Schoenstatt-Italia-2-1.jpg\" alt=\"\" width=\"807\" height=\"605\" srcset=\"https:\/\/schoenstatt.com\/wp-content\/uploads\/2023\/07\/Federacion-de-Familias-de-Schoenstatt-Italia-2-1.jpg 1024w, https:\/\/schoenstatt.com\/wp-content\/uploads\/2023\/07\/Federacion-de-Familias-de-Schoenstatt-Italia-2-1-768x576.jpg 768w\" sizes=\"(max-width: 807px) 100vw, 807px\" \/><\/p>\n","protected":false},"excerpt":{"rendered":"<p>Ocho matrimonios celebraron su aceptaci\u00f3n en la Federaci\u00f3n de Familias de Schoenstatt en el Santuario Cor Ecclesiae de Roma, Italia. Este primer curso, llamado \u00abMariae apostoli\u00bb, espera con ilusi\u00f3n su vida con su misi\u00f3n tan especial<\/p>\n","protected":false},"author":3,"featured_media":31326,"comment_status":"closed","ping_status":"closed","sticky":false,"template":"","format":"standard","meta":{"footnotes":""},"categories":[909,877,790],"tags":[],"class_list":["post-49122","post","type-post","status-publish","format-standard","has-post-thumbnail","hentry","category-comunidades-de-schoenstatt-es","category-familia-es","category-paises-es"],"yoast_head":"<!-- This site is optimized with the Yoast SEO Premium plugin v27.4 (Yoast SEO v27.4) - https:\/\/yoast.com\/product\/yoast-seo-premium-wordpress\/ -->\n<title>\u00a1Celebramos! Italia tiene su primer curso de la Federaci\u00f3n de Familias<\/title>\n<meta name=\"description\" content=\"Ocho matrimonios se consagraron como miembros de la Federaci\u00f3n de Familias de Schoenstatt en Italia, en el Santuario Cor Ecclesiae, en Roma\" \/>\n<meta name=\"robots\" content=\"index, follow, max-snippet:-1, max-image-preview:large, max-video-preview:-1\" \/>\n<link rel=\"canonical\" href=\"https:\/\/schoenstatt.com\/es\/celebramos-italia-tiene-su-primer-curso-de-la-federacion-de-familias\/\" \/>\n<meta property=\"og:locale\" content=\"es_ES\" \/>\n<meta property=\"og:type\" content=\"article\" \/>\n<meta property=\"og:title\" content=\"\u00a1Celebramos! Italia tiene su primer curso de la Federaci\u00f3n de Familias\" \/>\n<meta property=\"og:description\" content=\"Ocho matrimonios se consagraron como miembros de la Federaci\u00f3n de Familias de Schoenstatt en Italia, en el Santuario Cor Ecclesiae, en Roma\" \/>\n<meta property=\"og:url\" content=\"https:\/\/schoenstatt.com\/es\/celebramos-italia-tiene-su-primer-curso-de-la-federacion-de-familias\/\" \/>\n<meta property=\"og:site_name\" content=\"Schoenstatt\" \/>\n<meta property=\"article:published_time\" content=\"2023-07-14T18:41:53+00:00\" \/>\n<meta property=\"article:modified_time\" content=\"2025-05-15T16:25:56+00:00\" \/>\n<meta property=\"og:image\" content=\"https:\/\/schoenstatt.com\/wp-content\/uploads\/2023\/07\/foto-consacrazione-federazione-italiana-giugno-2023-2-1.jpg\" \/>\n\t<meta property=\"og:image:width\" content=\"1600\" \/>\n\t<meta property=\"og:image:height\" content=\"1066\" \/>\n\t<meta property=\"og:image:type\" content=\"image\/jpeg\" \/>\n<meta name=\"author\" content=\"Karen Bueno\" \/>\n<meta name=\"twitter:card\" content=\"summary_large_image\" \/>\n<meta name=\"twitter:label1\" content=\"Escrito por\" \/>\n\t<meta name=\"twitter:data1\" content=\"Karen Bueno\" \/>\n\t<meta name=\"twitter:label2\" content=\"Tiempo de lectura\" \/>\n\t<meta name=\"twitter:data2\" content=\"2 minutos\" \/>\n<script type=\"application\/ld+json\" class=\"yoast-schema-graph\">{\"@context\":\"https:\\\/\\\/schema.org\",\"@graph\":[{\"@type\":\"Article\",\"@id\":\"https:\\\/\\\/schoenstatt.com\\\/es\\\/celebramos-italia-tiene-su-primer-curso-de-la-federacion-de-familias\\\/#article\",\"isPartOf\":{\"@id\":\"https:\\\/\\\/schoenstatt.com\\\/es\\\/celebramos-italia-tiene-su-primer-curso-de-la-federacion-de-familias\\\/\"},\"author\":{\"name\":\"Karen Bueno\",\"@id\":\"https:\\\/\\\/schoenstatt.com\\\/es\\\/#\\\/schema\\\/person\\\/5158877ad4acae98b34daaeef2a1ce6e\"},\"headline\":\"\u00a1Celebramos! Italia tiene su primer curso de la Federaci\u00f3n de Familias\",\"datePublished\":\"2023-07-14T18:41:53+00:00\",\"dateModified\":\"2025-05-15T16:25:56+00:00\",\"mainEntityOfPage\":{\"@id\":\"https:\\\/\\\/schoenstatt.com\\\/es\\\/celebramos-italia-tiene-su-primer-curso-de-la-federacion-de-familias\\\/\"},\"wordCount\":370,\"publisher\":{\"@id\":\"https:\\\/\\\/schoenstatt.com\\\/es\\\/#organization\"},\"image\":{\"@id\":\"https:\\\/\\\/schoenstatt.com\\\/es\\\/celebramos-italia-tiene-su-primer-curso-de-la-federacion-de-familias\\\/#primaryimage\"},\"thumbnailUrl\":\"https:\\\/\\\/schoenstatt.com\\\/wp-content\\\/uploads\\\/2023\\\/07\\\/foto-consacrazione-federazione-italiana-giugno-2023-2-1.jpg\",\"articleSection\":[\"Comunidades de Schoenstatt\",\"Familia\",\"Pa\u00edses\"],\"inLanguage\":\"es\"},{\"@type\":\"WebPage\",\"@id\":\"https:\\\/\\\/schoenstatt.com\\\/es\\\/celebramos-italia-tiene-su-primer-curso-de-la-federacion-de-familias\\\/\",\"url\":\"https:\\\/\\\/schoenstatt.com\\\/es\\\/celebramos-italia-tiene-su-primer-curso-de-la-federacion-de-familias\\\/\",\"name\":\"\u00a1Celebramos! Italia tiene su primer curso de la Federaci\u00f3n de Familias\",\"isPartOf\":{\"@id\":\"https:\\\/\\\/schoenstatt.com\\\/es\\\/#website\"},\"primaryImageOfPage\":{\"@id\":\"https:\\\/\\\/schoenstatt.com\\\/es\\\/celebramos-italia-tiene-su-primer-curso-de-la-federacion-de-familias\\\/#primaryimage\"},\"image\":{\"@id\":\"https:\\\/\\\/schoenstatt.com\\\/es\\\/celebramos-italia-tiene-su-primer-curso-de-la-federacion-de-familias\\\/#primaryimage\"},\"thumbnailUrl\":\"https:\\\/\\\/schoenstatt.com\\\/wp-content\\\/uploads\\\/2023\\\/07\\\/foto-consacrazione-federazione-italiana-giugno-2023-2-1.jpg\",\"datePublished\":\"2023-07-14T18:41:53+00:00\",\"dateModified\":\"2025-05-15T16:25:56+00:00\",\"description\":\"Ocho matrimonios se consagraron como miembros de la Federaci\u00f3n de Familias de Schoenstatt en Italia, en el Santuario Cor Ecclesiae, en Roma\",\"breadcrumb\":{\"@id\":\"https:\\\/\\\/schoenstatt.com\\\/es\\\/celebramos-italia-tiene-su-primer-curso-de-la-federacion-de-familias\\\/#breadcrumb\"},\"inLanguage\":\"es\",\"potentialAction\":[{\"@type\":\"ReadAction\",\"target\":[\"https:\\\/\\\/schoenstatt.com\\\/es\\\/celebramos-italia-tiene-su-primer-curso-de-la-federacion-de-familias\\\/\"]}]},{\"@type\":\"ImageObject\",\"inLanguage\":\"es\",\"@id\":\"https:\\\/\\\/schoenstatt.com\\\/es\\\/celebramos-italia-tiene-su-primer-curso-de-la-federacion-de-familias\\\/#primaryimage\",\"url\":\"https:\\\/\\\/schoenstatt.com\\\/wp-content\\\/uploads\\\/2023\\\/07\\\/foto-consacrazione-federazione-italiana-giugno-2023-2-1.jpg\",\"contentUrl\":\"https:\\\/\\\/schoenstatt.com\\\/wp-content\\\/uploads\\\/2023\\\/07\\\/foto-consacrazione-federazione-italiana-giugno-2023-2-1.jpg\",\"width\":1600,\"height\":1066,\"caption\":\"Foto: Federaci\u00f3n de Familias de Schoenstatt en Italia\"},{\"@type\":\"BreadcrumbList\",\"@id\":\"https:\\\/\\\/schoenstatt.com\\\/es\\\/celebramos-italia-tiene-su-primer-curso-de-la-federacion-de-familias\\\/#breadcrumb\",\"itemListElement\":[{\"@type\":\"ListItem\",\"position\":1,\"name\":\"Portada\",\"item\":\"https:\\\/\\\/schoenstatt.com\\\/es\\\/home\\\/\"},{\"@type\":\"ListItem\",\"position\":2,\"name\":\"\u00a1Celebramos! Italia tiene su primer curso de la Federaci\u00f3n de Familias\"}]},{\"@type\":\"WebSite\",\"@id\":\"https:\\\/\\\/schoenstatt.com\\\/es\\\/#website\",\"url\":\"https:\\\/\\\/schoenstatt.com\\\/es\\\/\",\"name\":\"Schoenstatt\",\"description\":\"Apostolic Movement\",\"publisher\":{\"@id\":\"https:\\\/\\\/schoenstatt.com\\\/es\\\/#organization\"},\"potentialAction\":[{\"@type\":\"SearchAction\",\"target\":{\"@type\":\"EntryPoint\",\"urlTemplate\":\"https:\\\/\\\/schoenstatt.com\\\/es\\\/?s={search_term_string}\"},\"query-input\":{\"@type\":\"PropertyValueSpecification\",\"valueRequired\":true,\"valueName\":\"search_term_string\"}}],\"inLanguage\":\"es\"},{\"@type\":\"Organization\",\"@id\":\"https:\\\/\\\/schoenstatt.com\\\/es\\\/#organization\",\"name\":\"Schoenstatt\",\"url\":\"https:\\\/\\\/schoenstatt.com\\\/es\\\/\",\"logo\":{\"@type\":\"ImageObject\",\"inLanguage\":\"es\",\"@id\":\"https:\\\/\\\/schoenstatt.com\\\/es\\\/#\\\/schema\\\/logo\\\/image\\\/\",\"url\":\"https:\\\/\\\/schoenstatt.com\\\/wp-content\\\/uploads\\\/2025\\\/04\\\/logo-schoenstatt-white-696x696-1.png\",\"contentUrl\":\"https:\\\/\\\/schoenstatt.com\\\/wp-content\\\/uploads\\\/2025\\\/04\\\/logo-schoenstatt-white-696x696-1.png\",\"width\":696,\"height\":694,\"caption\":\"Schoenstatt\"},\"image\":{\"@id\":\"https:\\\/\\\/schoenstatt.com\\\/es\\\/#\\\/schema\\\/logo\\\/image\\\/\"}},{\"@type\":\"Person\",\"@id\":\"https:\\\/\\\/schoenstatt.com\\\/es\\\/#\\\/schema\\\/person\\\/5158877ad4acae98b34daaeef2a1ce6e\",\"name\":\"Karen Bueno\",\"image\":{\"@type\":\"ImageObject\",\"inLanguage\":\"es\",\"@id\":\"https:\\\/\\\/secure.gravatar.com\\\/avatar\\\/f9f4b823873154269d2b2130f195f6d41037dd0d7fc5f3cacb5c846bae70d66b?s=96&d=mm&r=g\",\"url\":\"https:\\\/\\\/secure.gravatar.com\\\/avatar\\\/f9f4b823873154269d2b2130f195f6d41037dd0d7fc5f3cacb5c846bae70d66b?s=96&d=mm&r=g\",\"contentUrl\":\"https:\\\/\\\/secure.gravatar.com\\\/avatar\\\/f9f4b823873154269d2b2130f195f6d41037dd0d7fc5f3cacb5c846bae70d66b?s=96&d=mm&r=g\",\"caption\":\"Karen Bueno\"},\"url\":\"https:\\\/\\\/schoenstatt.com\\\/es\\\/author\\\/karen-bueno\\\/\"}]}<\/script>\n<!-- \/ Yoast SEO Premium plugin. -->","yoast_head_json":{"title":"\u00a1Celebramos! Italia tiene su primer curso de la Federaci\u00f3n de Familias","description":"Ocho matrimonios se consagraron como miembros de la Federaci\u00f3n de Familias de Schoenstatt en Italia, en el Santuario Cor Ecclesiae, en Roma","robots":{"index":"index","follow":"follow","max-snippet":"max-snippet:-1","max-image-preview":"max-image-preview:large","max-video-preview":"max-video-preview:-1"},"canonical":"https:\/\/schoenstatt.com\/es\/celebramos-italia-tiene-su-primer-curso-de-la-federacion-de-familias\/","og_locale":"es_ES","og_type":"article","og_title":"\u00a1Celebramos! Italia tiene su primer curso de la Federaci\u00f3n de Familias","og_description":"Ocho matrimonios se consagraron como miembros de la Federaci\u00f3n de Familias de Schoenstatt en Italia, en el Santuario Cor Ecclesiae, en Roma","og_url":"https:\/\/schoenstatt.com\/es\/celebramos-italia-tiene-su-primer-curso-de-la-federacion-de-familias\/","og_site_name":"Schoenstatt","article_published_time":"2023-07-14T18:41:53+00:00","article_modified_time":"2025-05-15T16:25:56+00:00","og_image":[{"width":1600,"height":1066,"url":"https:\/\/schoenstatt.com\/wp-content\/uploads\/2023\/07\/foto-consacrazione-federazione-italiana-giugno-2023-2-1.jpg","type":"image\/jpeg"}],"author":"Karen Bueno","twitter_card":"summary_large_image","twitter_misc":{"Escrito por":"Karen Bueno","Tiempo de lectura":"2 minutos"},"schema":{"@context":"https:\/\/schema.org","@graph":[{"@type":"Article","@id":"https:\/\/schoenstatt.com\/es\/celebramos-italia-tiene-su-primer-curso-de-la-federacion-de-familias\/#article","isPartOf":{"@id":"https:\/\/schoenstatt.com\/es\/celebramos-italia-tiene-su-primer-curso-de-la-federacion-de-familias\/"},"author":{"name":"Karen Bueno","@id":"https:\/\/schoenstatt.com\/es\/#\/schema\/person\/5158877ad4acae98b34daaeef2a1ce6e"},"headline":"\u00a1Celebramos! Italia tiene su primer curso de la Federaci\u00f3n de Familias","datePublished":"2023-07-14T18:41:53+00:00","dateModified":"2025-05-15T16:25:56+00:00","mainEntityOfPage":{"@id":"https:\/\/schoenstatt.com\/es\/celebramos-italia-tiene-su-primer-curso-de-la-federacion-de-familias\/"},"wordCount":370,"publisher":{"@id":"https:\/\/schoenstatt.com\/es\/#organization"},"image":{"@id":"https:\/\/schoenstatt.com\/es\/celebramos-italia-tiene-su-primer-curso-de-la-federacion-de-familias\/#primaryimage"},"thumbnailUrl":"https:\/\/schoenstatt.com\/wp-content\/uploads\/2023\/07\/foto-consacrazione-federazione-italiana-giugno-2023-2-1.jpg","articleSection":["Comunidades de Schoenstatt","Familia","Pa\u00edses"],"inLanguage":"es"},{"@type":"WebPage","@id":"https:\/\/schoenstatt.com\/es\/celebramos-italia-tiene-su-primer-curso-de-la-federacion-de-familias\/","url":"https:\/\/schoenstatt.com\/es\/celebramos-italia-tiene-su-primer-curso-de-la-federacion-de-familias\/","name":"\u00a1Celebramos! Italia tiene su primer curso de la Federaci\u00f3n de Familias","isPartOf":{"@id":"https:\/\/schoenstatt.com\/es\/#website"},"primaryImageOfPage":{"@id":"https:\/\/schoenstatt.com\/es\/celebramos-italia-tiene-su-primer-curso-de-la-federacion-de-familias\/#primaryimage"},"image":{"@id":"https:\/\/schoenstatt.com\/es\/celebramos-italia-tiene-su-primer-curso-de-la-federacion-de-familias\/#primaryimage"},"thumbnailUrl":"https:\/\/schoenstatt.com\/wp-content\/uploads\/2023\/07\/foto-consacrazione-federazione-italiana-giugno-2023-2-1.jpg","datePublished":"2023-07-14T18:41:53+00:00","dateModified":"2025-05-15T16:25:56+00:00","description":"Ocho matrimonios se consagraron como miembros de la Federaci\u00f3n de Familias de Schoenstatt en Italia, en el Santuario Cor Ecclesiae, en Roma","breadcrumb":{"@id":"https:\/\/schoenstatt.com\/es\/celebramos-italia-tiene-su-primer-curso-de-la-federacion-de-familias\/#breadcrumb"},"inLanguage":"es","potentialAction":[{"@type":"ReadAction","target":["https:\/\/schoenstatt.com\/es\/celebramos-italia-tiene-su-primer-curso-de-la-federacion-de-familias\/"]}]},{"@type":"ImageObject","inLanguage":"es","@id":"https:\/\/schoenstatt.com\/es\/celebramos-italia-tiene-su-primer-curso-de-la-federacion-de-familias\/#primaryimage","url":"https:\/\/schoenstatt.com\/wp-content\/uploads\/2023\/07\/foto-consacrazione-federazione-italiana-giugno-2023-2-1.jpg","contentUrl":"https:\/\/schoenstatt.com\/wp-content\/uploads\/2023\/07\/foto-consacrazione-federazione-italiana-giugno-2023-2-1.jpg","width":1600,"height":1066,"caption":"Foto: Federaci\u00f3n de Familias de Schoenstatt en Italia"},{"@type":"BreadcrumbList","@id":"https:\/\/schoenstatt.com\/es\/celebramos-italia-tiene-su-primer-curso-de-la-federacion-de-familias\/#breadcrumb","itemListElement":[{"@type":"ListItem","position":1,"name":"Portada","item":"https:\/\/schoenstatt.com\/es\/home\/"},{"@type":"ListItem","position":2,"name":"\u00a1Celebramos! Italia tiene su primer curso de la Federaci\u00f3n de Familias"}]},{"@type":"WebSite","@id":"https:\/\/schoenstatt.com\/es\/#website","url":"https:\/\/schoenstatt.com\/es\/","name":"Schoenstatt","description":"Apostolic Movement","publisher":{"@id":"https:\/\/schoenstatt.com\/es\/#organization"},"potentialAction":[{"@type":"SearchAction","target":{"@type":"EntryPoint","urlTemplate":"https:\/\/schoenstatt.com\/es\/?s={search_term_string}"},"query-input":{"@type":"PropertyValueSpecification","valueRequired":true,"valueName":"search_term_string"}}],"inLanguage":"es"},{"@type":"Organization","@id":"https:\/\/schoenstatt.com\/es\/#organization","name":"Schoenstatt","url":"https:\/\/schoenstatt.com\/es\/","logo":{"@type":"ImageObject","inLanguage":"es","@id":"https:\/\/schoenstatt.com\/es\/#\/schema\/logo\/image\/","url":"https:\/\/schoenstatt.com\/wp-content\/uploads\/2025\/04\/logo-schoenstatt-white-696x696-1.png","contentUrl":"https:\/\/schoenstatt.com\/wp-content\/uploads\/2025\/04\/logo-schoenstatt-white-696x696-1.png","width":696,"height":694,"caption":"Schoenstatt"},"image":{"@id":"https:\/\/schoenstatt.com\/es\/#\/schema\/logo\/image\/"}},{"@type":"Person","@id":"https:\/\/schoenstatt.com\/es\/#\/schema\/person\/5158877ad4acae98b34daaeef2a1ce6e","name":"Karen Bueno","image":{"@type":"ImageObject","inLanguage":"es","@id":"https:\/\/secure.gravatar.com\/avatar\/f9f4b823873154269d2b2130f195f6d41037dd0d7fc5f3cacb5c846bae70d66b?s=96&d=mm&r=g","url":"https:\/\/secure.gravatar.com\/avatar\/f9f4b823873154269d2b2130f195f6d41037dd0d7fc5f3cacb5c846bae70d66b?s=96&d=mm&r=g","contentUrl":"https:\/\/secure.gravatar.com\/avatar\/f9f4b823873154269d2b2130f195f6d41037dd0d7fc5f3cacb5c846bae70d66b?s=96&d=mm&r=g","caption":"Karen Bueno"},"url":"https:\/\/schoenstatt.com\/es\/author\/karen-bueno\/"}]}},"_links":{"self":[{"href":"https:\/\/schoenstatt.com\/es\/wp-json\/wp\/v2\/posts\/49122","targetHints":{"allow":["GET"]}}],"collection":[{"href":"https:\/\/schoenstatt.com\/es\/wp-json\/wp\/v2\/posts"}],"about":[{"href":"https:\/\/schoenstatt.com\/es\/wp-json\/wp\/v2\/types\/post"}],"author":[{"embeddable":true,"href":"https:\/\/schoenstatt.com\/es\/wp-json\/wp\/v2\/users\/3"}],"replies":[{"embeddable":true,"href":"https:\/\/schoenstatt.com\/es\/wp-json\/wp\/v2\/comments?post=49122"}],"version-history":[{"count":1,"href":"https:\/\/schoenstatt.com\/es\/wp-json\/wp\/v2\/posts\/49122\/revisions"}],"predecessor-version":[{"id":49199,"href":"https:\/\/schoenstatt.com\/es\/wp-json\/wp\/v2\/posts\/49122\/revisions\/49199"}],"wp:featuredmedia":[{"embeddable":true,"href":"https:\/\/schoenstatt.com\/es\/wp-json\/wp\/v2\/media\/31326"}],"wp:attachment":[{"href":"https:\/\/schoenstatt.com\/es\/wp-json\/wp\/v2\/media?parent=49122"}],"wp:term":[{"taxonomy":"category","embeddable":true,"href":"https:\/\/schoenstatt.com\/es\/wp-json\/wp\/v2\/categories?post=49122"},{"taxonomy":"post_tag","embeddable":true,"href":"https:\/\/schoenstatt.com\/es\/wp-json\/wp\/v2\/tags?post=49122"}],"curies":[{"name":"wp","href":"https:\/\/api.w.org\/{rel}","templated":true}]}}