{"id":49064,"date":"2023-08-02T17:41:48","date_gmt":"2023-08-02T15:41:48","guid":{"rendered":"https:\/\/schoenstattdev.wpenginepowered.com\/?p=31812"},"modified":"2025-05-15T18:09:26","modified_gmt":"2025-05-15T16:09:26","slug":"la-juventud-de-schoenstatt-es-responsable-de-catequesis-en-la-jmj","status":"publish","type":"post","link":"https:\/\/schoenstatt.com\/es\/la-juventud-de-schoenstatt-es-responsable-de-catequesis-en-la-jmj\/","title":{"rendered":"La Juventud de Schoenstatt es responsable de catequesis en la JMJ"},"content":{"rendered":"<p>Algo que se ha convertido en una tradici\u00f3n en la <a href=\"https:\/\/schoenstattdev.wpenginepowered.com\/es\/iglesia\/10-curiosidades-de-la-jmj-y-su-historia\/\">Jornada Mundial de la Juventud<\/a> son las sesiones de <strong>catequesis<\/strong>. Son momentos de encuentro, reflexi\u00f3n y oraci\u00f3n para los j\u00f3venes durante toda la semana. En varias parroquias y lugares de la ciudad, hay sedes para ello, divididas por idiomas.<\/p>\n<p>Por muchos a\u00f1os, las catequesis han sido dirigidas por obispos, pero <strong>en 2023 hay una novedad. En la JMJ de Lisboa, \u00a1los j\u00f3venes ser\u00e1n los protagonistas! Ellos dirigir\u00e1n las catequesis. Y la Juventud de Schoenstatt no se queda fuera.<\/strong><\/p>\n<p>El grupo de j\u00f3venes de Brasil ser\u00e1 responsable de uno de los puntos de catequesis durante la JMJ. Estar\u00e1n acompa\u00f1ados por el obispo brasile\u00f1o Benedito Gon\u00e7alves dos Santos, de la di\u00f3cesis de Presidente Prudente, estado de S\u00e3o Paulo. El obispo ser\u00e1 uno de los \u00abespectadores\u00bb de las reflexiones y presidir\u00e1 los momentos de oraci\u00f3n, como la misa y las bendiciones.<\/p>\n<h2>Encuentros Rise Up &#8211; La nueva catequesis<\/h2>\n<figure id=\"attachment_31820\" aria-describedby=\"caption-attachment-31820\" style=\"width: 896px\" class=\"wp-caption aligncenter\"><img fetchpriority=\"high\" decoding=\"async\" class=\"wp-image-31820\" src=\"https:\/\/schoenstatt.com\/wp-content\/uploads\/2023\/08\/catequese-na-JMJ-1.jpeg\" alt=\"\" width=\"896\" height=\"672\" \/><figcaption id=\"caption-attachment-31820\" class=\"wp-caption-text\">Se esperan 500 j\u00f3venes para la catequesis en portugu\u00e9s y 1500 para la catequesis en espa\u00f1ol.<\/figcaption><\/figure>\n<p>Las catequesis tienen lugar del 2 al 4 de agosto, de 9.30 a 12.30. Este nuevo modelo pretende desafiar a los j\u00f3venes a reflexionar sobre los grandes temas lanzados en el pontificado del Papa Francisco. Tambi\u00e9n crea una experiencia alineada con el camino sinodal de la Iglesia. Los tres encuentros Rise Up se han planificado en estrecha colaboraci\u00f3n con el Dicasterio para los Laicos, la Familia y la Vida. Hay unas 270 plazas, organizadas por idiomas &#8211; \u00a1m\u00e1s de 30 lenguas!<\/p>\n<p><strong>El grupo de Schoenstatt estar\u00e1 en la <a href=\"https:\/\/es.wikipedia.org\/wiki\/Iglesia_de_San_Roque_(Lisboa)\" target=\"_blank\" rel=\"noopener\">Iglesia de San Roque<\/a><\/strong>, en el centro de Lisboa. El <strong>Padre de Schoenstatt Rafael Mota<\/strong>, responsable del grupo, dice: <em>\u00abEs una iglesia jesuita, muy bonita, con varias reliquias de santos. La expectativa es que 500 personas participen en la catequesis en portugu\u00e9s. Fuera de la iglesia, tambi\u00e9n habr\u00e1 una catequesis en espa\u00f1ol y la expectativa es de 1.000 personas en espa\u00f1ol. Contando nuestro grupo de animaci\u00f3n, m\u00e1s los participantes, deber\u00eda haber unas 1700 personas en la iglesia\u00bb.<\/em><\/p>\n<p>Habr\u00e1 tres d\u00edas de debate sobre temas espec\u00edficos. El padre Rafael explica: <em>\u00abEn estos tres d\u00edas tocaremos temas fundamentales para el Papa Francisco: ecolog\u00eda integral, amistad social y misericordia.\u00bb<\/em><\/p>\n<figure id=\"attachment_31784\" aria-describedby=\"caption-attachment-31784\" style=\"width: 549px\" class=\"wp-caption aligncenter\"><img decoding=\"async\" class=\"wp-image-31784\" src=\"https:\/\/schoenstatt.com\/wp-content\/uploads\/2023\/08\/igreja-de-sao-roque-Lisboa-Portugal-2-1.jpg\" alt=\"\" width=\"549\" height=\"824\" srcset=\"https:\/\/schoenstatt.com\/wp-content\/uploads\/2023\/08\/igreja-de-sao-roque-Lisboa-Portugal-2-1.jpg 800w, https:\/\/schoenstatt.com\/wp-content\/uploads\/2023\/08\/igreja-de-sao-roque-Lisboa-Portugal-2-1-768x1152.jpg 768w\" sizes=\"(max-width: 549px) 100vw, 549px\" \/><figcaption id=\"caption-attachment-31784\" class=\"wp-caption-text\">La iglesia de San Roque, lugar de la catequesis, fue la primera iglesia de los jesuitas en Portugal y una de las primeras en todo el mundo. Fue la principal iglesia de la Compa\u00f1\u00eda de Jes\u00fas en Portugal por m\u00e1s de 200 a\u00f1os.<\/figcaption><\/figure>\n<h2>Primer d\u00eda de catequesis: ecolog\u00eda integral<\/h2>\n<p>La enc\u00edclica <a href=\"https:\/\/www.vatican.va\/content\/francesco\/es\/encyclicals\/documents\/papa-francesco_20150524_enciclica-laudato-si.html\" target=\"_blank\" rel=\"noopener\">Laudato Si<\/a> es el documento de reflexi\u00f3n del primer d\u00eda. Comienza con una lectura b\u00edblica, luego un estudio de extractos del documento.<br \/>\nA continuaci\u00f3n, sigue una especie de programa de televisi\u00f3n en el que se escuchar\u00e1n las opiniones de los j\u00f3venes. <em>\u00abNuestro papel como animadores es ser facilitadores y mediadores de este debate, para que todos puedan expresarse y comentar los temas de los que ha hablado el Papa sobre ecolog\u00eda integral. Y la idea es que todas las opiniones se recojan al final, en un panel\u00bb<\/em>, expresa el padre Rafael.<\/p>\n<h2>Segundo d\u00eda de catequesis: la amistad social<\/h2>\n<p>El segundo d\u00eda, el tema ser\u00e1 la amistad social, a partir de la <a href=\"https:\/\/www.vatican.va\/content\/francesco\/es\/encyclicals\/documents\/papa-francesco_20201003_enciclica-fratelli-tutti.html\" target=\"_blank\" rel=\"noopener\">Enc\u00edclica Fratelli Tutti<\/a>.<\/p>\n<p><em>\u00abComienza con la oraci\u00f3n, hay una lectura b\u00edblica, un poco sobre la enc\u00edclica y una mediaci\u00f3n entre todos los que est\u00e1n all\u00ed. Todos dan su opini\u00f3n, sinodalmente, y se recogen las opiniones. A continuaci\u00f3n, el obispo clausura y luego tendr\u00e1 lugar la misa\u00bb<\/em>, explica el P. Rafael.<\/p>\n<figure id=\"attachment_31796\" aria-describedby=\"caption-attachment-31796\" style=\"width: 715px\" class=\"wp-caption aligncenter\"><img decoding=\"async\" class=\"wp-image-31796\" src=\"https:\/\/schoenstatt.com\/wp-content\/uploads\/2023\/08\/juventude-de-schoenstatt-catequese-JMJ-4-1.jpg\" alt=\"\" width=\"715\" height=\"536\" srcset=\"https:\/\/schoenstatt.com\/wp-content\/uploads\/2023\/08\/juventude-de-schoenstatt-catequese-JMJ-4-1.jpg 1600w, https:\/\/schoenstatt.com\/wp-content\/uploads\/2023\/08\/juventude-de-schoenstatt-catequese-JMJ-4-1-768x576.jpg 768w, https:\/\/schoenstatt.com\/wp-content\/uploads\/2023\/08\/juventude-de-schoenstatt-catequese-JMJ-4-1-1536x1152.jpg 1536w\" sizes=\"(max-width: 715px) 100vw, 715px\" \/><figcaption id=\"caption-attachment-31796\" class=\"wp-caption-text\">La Juventud de Schoenstatt de Brasil es responsable de la animaci\u00f3n de la catequesis.<\/figcaption><\/figure>\n<h2>Tercer d\u00eda de catequesis: la misericordia<\/h2>\n<p>Otro tema muy querido por el Papa es la misericordia. Precisamente por eso se le dedica la \u00faltima jornada. El programa de este d\u00eda es diferente: no hay sesi\u00f3n plenaria ni largas charlas, sino que se ofrece la oportunidad de hacer examen de conciencia y confesarse.<\/p>\n<p>Durante cada uno de los d\u00edas, se construye una casa sobre un panel, en el que se marcan las opiniones de los j\u00f3venes. <em>\u00abEntregaremos estas opiniones al equipo parroquial, que lo llevar\u00e1 todo a un equipo m\u00e1s amplio, en un esp\u00edritu de sinodalidad. La idea es escuchar lo que piensan los j\u00f3venes sobre los tres temas\u00bb<\/em>, resume el padre Rafael.<\/p>\n<p><a href=\"https:\/\/www.lisboa2023.org\/es\/encuentros-rise-up\" target=\"_blank\" rel=\"noopener\">Ver m\u00e1s detalles de las reuniones Rise Up aqu\u00ed<\/a><\/p>\n<figure id=\"attachment_31824\" aria-describedby=\"caption-attachment-31824\" style=\"width: 879px\" class=\"wp-caption aligncenter\"><img loading=\"lazy\" decoding=\"async\" class=\"wp-image-31824\" src=\"https:\/\/schoenstatt.com\/wp-content\/uploads\/2023\/08\/catequese-JMJ-1.jpeg\" alt=\"\" width=\"879\" height=\"659\" \/><figcaption id=\"caption-attachment-31824\" class=\"wp-caption-text\">Los j\u00f3venes montar\u00e1n un panel con sus reflexiones en un esp\u00edritu de sinodalidad.<\/figcaption><\/figure>\n","protected":false},"excerpt":{"rendered":"<p>La catequesis de la JMJ tiene un nuevo formato: los Encuentros Rise Up. Vea c\u00f3mo la Juventud de Schoenstatt est\u00e1 contribuyendo a ello.<\/p>\n","protected":false},"author":3,"featured_media":31808,"comment_status":"closed","ping_status":"closed","sticky":false,"template":"","format":"standard","meta":{"footnotes":""},"categories":[630,683,923],"tags":[],"class_list":["post-49064","post","type-post","status-publish","format-standard","has-post-thumbnail","hentry","category-eventos-es","category-iglesia-es","category-juventud-es"],"yoast_head":"<!-- This site is optimized with the Yoast SEO Premium plugin v27.4 (Yoast SEO v27.4) - https:\/\/yoast.com\/product\/yoast-seo-premium-wordpress\/ -->\n<title>La Juventud de Schoenstatt es responsable de catequesis en la JMJ<\/title>\n<meta name=\"description\" content=\"La Juventud de Schoenstatt es responsable de uno de los lugares de catequesis durante la JMJ en Lisboa. Ver detalles aqu\u00ed.\" \/>\n<meta name=\"robots\" content=\"index, follow, max-snippet:-1, max-image-preview:large, max-video-preview:-1\" \/>\n<link rel=\"canonical\" href=\"https:\/\/schoenstatt.com\/es\/la-juventud-de-schoenstatt-es-responsable-de-catequesis-en-la-jmj\/\" \/>\n<meta property=\"og:locale\" content=\"es_ES\" \/>\n<meta property=\"og:type\" content=\"article\" \/>\n<meta property=\"og:title\" content=\"La Juventud de Schoenstatt es responsable de catequesis en la JMJ\" \/>\n<meta property=\"og:description\" content=\"La Juventud de Schoenstatt es responsable de uno de los lugares de catequesis durante la JMJ en Lisboa. Ver detalles aqu\u00ed.\" \/>\n<meta property=\"og:url\" content=\"https:\/\/schoenstatt.com\/es\/la-juventud-de-schoenstatt-es-responsable-de-catequesis-en-la-jmj\/\" \/>\n<meta property=\"og:site_name\" content=\"Schoenstatt\" \/>\n<meta property=\"article:published_time\" content=\"2023-08-02T15:41:48+00:00\" \/>\n<meta property=\"article:modified_time\" content=\"2025-05-15T16:09:26+00:00\" \/>\n<meta property=\"og:image\" content=\"https:\/\/schoenstatt.com\/wp-content\/uploads\/2023\/08\/juventude-de-schoenstatt-catequese-JMJ-6-1.jpg\" \/>\n\t<meta property=\"og:image:width\" content=\"1200\" \/>\n\t<meta property=\"og:image:height\" content=\"888\" \/>\n\t<meta property=\"og:image:type\" content=\"image\/jpeg\" \/>\n<meta name=\"author\" content=\"Karen Bueno\" \/>\n<meta name=\"twitter:card\" content=\"summary_large_image\" \/>\n<meta name=\"twitter:label1\" content=\"Escrito por\" \/>\n\t<meta name=\"twitter:data1\" content=\"Karen Bueno\" \/>\n\t<meta name=\"twitter:label2\" content=\"Tiempo de lectura\" \/>\n\t<meta name=\"twitter:data2\" content=\"5 minutos\" \/>\n<script type=\"application\/ld+json\" class=\"yoast-schema-graph\">{\"@context\":\"https:\\\/\\\/schema.org\",\"@graph\":[{\"@type\":\"Article\",\"@id\":\"https:\\\/\\\/schoenstatt.com\\\/es\\\/la-juventud-de-schoenstatt-es-responsable-de-catequesis-en-la-jmj\\\/#article\",\"isPartOf\":{\"@id\":\"https:\\\/\\\/schoenstatt.com\\\/es\\\/la-juventud-de-schoenstatt-es-responsable-de-catequesis-en-la-jmj\\\/\"},\"author\":{\"name\":\"Karen Bueno\",\"@id\":\"https:\\\/\\\/schoenstatt.com\\\/es\\\/#\\\/schema\\\/person\\\/5158877ad4acae98b34daaeef2a1ce6e\"},\"headline\":\"La Juventud de Schoenstatt es responsable de catequesis en la JMJ\",\"datePublished\":\"2023-08-02T15:41:48+00:00\",\"dateModified\":\"2025-05-15T16:09:26+00:00\",\"mainEntityOfPage\":{\"@id\":\"https:\\\/\\\/schoenstatt.com\\\/es\\\/la-juventud-de-schoenstatt-es-responsable-de-catequesis-en-la-jmj\\\/\"},\"wordCount\":823,\"publisher\":{\"@id\":\"https:\\\/\\\/schoenstatt.com\\\/es\\\/#organization\"},\"image\":{\"@id\":\"https:\\\/\\\/schoenstatt.com\\\/es\\\/la-juventud-de-schoenstatt-es-responsable-de-catequesis-en-la-jmj\\\/#primaryimage\"},\"thumbnailUrl\":\"https:\\\/\\\/schoenstatt.com\\\/wp-content\\\/uploads\\\/2023\\\/08\\\/juventude-de-schoenstatt-catequese-JMJ-6-1.jpg\",\"articleSection\":[\"Eventos\",\"Iglesia\",\"Juventud\"],\"inLanguage\":\"es\"},{\"@type\":\"WebPage\",\"@id\":\"https:\\\/\\\/schoenstatt.com\\\/es\\\/la-juventud-de-schoenstatt-es-responsable-de-catequesis-en-la-jmj\\\/\",\"url\":\"https:\\\/\\\/schoenstatt.com\\\/es\\\/la-juventud-de-schoenstatt-es-responsable-de-catequesis-en-la-jmj\\\/\",\"name\":\"La Juventud de Schoenstatt es responsable de catequesis en la JMJ\",\"isPartOf\":{\"@id\":\"https:\\\/\\\/schoenstatt.com\\\/es\\\/#website\"},\"primaryImageOfPage\":{\"@id\":\"https:\\\/\\\/schoenstatt.com\\\/es\\\/la-juventud-de-schoenstatt-es-responsable-de-catequesis-en-la-jmj\\\/#primaryimage\"},\"image\":{\"@id\":\"https:\\\/\\\/schoenstatt.com\\\/es\\\/la-juventud-de-schoenstatt-es-responsable-de-catequesis-en-la-jmj\\\/#primaryimage\"},\"thumbnailUrl\":\"https:\\\/\\\/schoenstatt.com\\\/wp-content\\\/uploads\\\/2023\\\/08\\\/juventude-de-schoenstatt-catequese-JMJ-6-1.jpg\",\"datePublished\":\"2023-08-02T15:41:48+00:00\",\"dateModified\":\"2025-05-15T16:09:26+00:00\",\"description\":\"La Juventud de Schoenstatt es responsable de uno de los lugares de catequesis durante la JMJ en Lisboa. Ver detalles aqu\u00ed.\",\"breadcrumb\":{\"@id\":\"https:\\\/\\\/schoenstatt.com\\\/es\\\/la-juventud-de-schoenstatt-es-responsable-de-catequesis-en-la-jmj\\\/#breadcrumb\"},\"inLanguage\":\"es\",\"potentialAction\":[{\"@type\":\"ReadAction\",\"target\":[\"https:\\\/\\\/schoenstatt.com\\\/es\\\/la-juventud-de-schoenstatt-es-responsable-de-catequesis-en-la-jmj\\\/\"]}]},{\"@type\":\"ImageObject\",\"inLanguage\":\"es\",\"@id\":\"https:\\\/\\\/schoenstatt.com\\\/es\\\/la-juventud-de-schoenstatt-es-responsable-de-catequesis-en-la-jmj\\\/#primaryimage\",\"url\":\"https:\\\/\\\/schoenstatt.com\\\/wp-content\\\/uploads\\\/2023\\\/08\\\/juventude-de-schoenstatt-catequese-JMJ-6-1.jpg\",\"contentUrl\":\"https:\\\/\\\/schoenstatt.com\\\/wp-content\\\/uploads\\\/2023\\\/08\\\/juventude-de-schoenstatt-catequese-JMJ-6-1.jpg\",\"width\":1200,\"height\":888},{\"@type\":\"BreadcrumbList\",\"@id\":\"https:\\\/\\\/schoenstatt.com\\\/es\\\/la-juventud-de-schoenstatt-es-responsable-de-catequesis-en-la-jmj\\\/#breadcrumb\",\"itemListElement\":[{\"@type\":\"ListItem\",\"position\":1,\"name\":\"Portada\",\"item\":\"https:\\\/\\\/schoenstatt.com\\\/es\\\/home\\\/\"},{\"@type\":\"ListItem\",\"position\":2,\"name\":\"La Juventud de Schoenstatt es responsable de catequesis en la JMJ\"}]},{\"@type\":\"WebSite\",\"@id\":\"https:\\\/\\\/schoenstatt.com\\\/es\\\/#website\",\"url\":\"https:\\\/\\\/schoenstatt.com\\\/es\\\/\",\"name\":\"Schoenstatt\",\"description\":\"Apostolic Movement\",\"publisher\":{\"@id\":\"https:\\\/\\\/schoenstatt.com\\\/es\\\/#organization\"},\"potentialAction\":[{\"@type\":\"SearchAction\",\"target\":{\"@type\":\"EntryPoint\",\"urlTemplate\":\"https:\\\/\\\/schoenstatt.com\\\/es\\\/?s={search_term_string}\"},\"query-input\":{\"@type\":\"PropertyValueSpecification\",\"valueRequired\":true,\"valueName\":\"search_term_string\"}}],\"inLanguage\":\"es\"},{\"@type\":\"Organization\",\"@id\":\"https:\\\/\\\/schoenstatt.com\\\/es\\\/#organization\",\"name\":\"Schoenstatt\",\"url\":\"https:\\\/\\\/schoenstatt.com\\\/es\\\/\",\"logo\":{\"@type\":\"ImageObject\",\"inLanguage\":\"es\",\"@id\":\"https:\\\/\\\/schoenstatt.com\\\/es\\\/#\\\/schema\\\/logo\\\/image\\\/\",\"url\":\"https:\\\/\\\/schoenstatt.com\\\/wp-content\\\/uploads\\\/2025\\\/04\\\/logo-schoenstatt-white-696x696-1.png\",\"contentUrl\":\"https:\\\/\\\/schoenstatt.com\\\/wp-content\\\/uploads\\\/2025\\\/04\\\/logo-schoenstatt-white-696x696-1.png\",\"width\":696,\"height\":694,\"caption\":\"Schoenstatt\"},\"image\":{\"@id\":\"https:\\\/\\\/schoenstatt.com\\\/es\\\/#\\\/schema\\\/logo\\\/image\\\/\"}},{\"@type\":\"Person\",\"@id\":\"https:\\\/\\\/schoenstatt.com\\\/es\\\/#\\\/schema\\\/person\\\/5158877ad4acae98b34daaeef2a1ce6e\",\"name\":\"Karen Bueno\",\"image\":{\"@type\":\"ImageObject\",\"inLanguage\":\"es\",\"@id\":\"https:\\\/\\\/secure.gravatar.com\\\/avatar\\\/f9f4b823873154269d2b2130f195f6d41037dd0d7fc5f3cacb5c846bae70d66b?s=96&d=mm&r=g\",\"url\":\"https:\\\/\\\/secure.gravatar.com\\\/avatar\\\/f9f4b823873154269d2b2130f195f6d41037dd0d7fc5f3cacb5c846bae70d66b?s=96&d=mm&r=g\",\"contentUrl\":\"https:\\\/\\\/secure.gravatar.com\\\/avatar\\\/f9f4b823873154269d2b2130f195f6d41037dd0d7fc5f3cacb5c846bae70d66b?s=96&d=mm&r=g\",\"caption\":\"Karen Bueno\"},\"url\":\"https:\\\/\\\/schoenstatt.com\\\/es\\\/author\\\/karen-bueno\\\/\"}]}<\/script>\n<!-- \/ Yoast SEO Premium plugin. -->","yoast_head_json":{"title":"La Juventud de Schoenstatt es responsable de catequesis en la JMJ","description":"La Juventud de Schoenstatt es responsable de uno de los lugares de catequesis durante la JMJ en Lisboa. Ver detalles aqu\u00ed.","robots":{"index":"index","follow":"follow","max-snippet":"max-snippet:-1","max-image-preview":"max-image-preview:large","max-video-preview":"max-video-preview:-1"},"canonical":"https:\/\/schoenstatt.com\/es\/la-juventud-de-schoenstatt-es-responsable-de-catequesis-en-la-jmj\/","og_locale":"es_ES","og_type":"article","og_title":"La Juventud de Schoenstatt es responsable de catequesis en la JMJ","og_description":"La Juventud de Schoenstatt es responsable de uno de los lugares de catequesis durante la JMJ en Lisboa. Ver detalles aqu\u00ed.","og_url":"https:\/\/schoenstatt.com\/es\/la-juventud-de-schoenstatt-es-responsable-de-catequesis-en-la-jmj\/","og_site_name":"Schoenstatt","article_published_time":"2023-08-02T15:41:48+00:00","article_modified_time":"2025-05-15T16:09:26+00:00","og_image":[{"width":1200,"height":888,"url":"https:\/\/schoenstatt.com\/wp-content\/uploads\/2023\/08\/juventude-de-schoenstatt-catequese-JMJ-6-1.jpg","type":"image\/jpeg"}],"author":"Karen Bueno","twitter_card":"summary_large_image","twitter_misc":{"Escrito por":"Karen Bueno","Tiempo de lectura":"5 minutos"},"schema":{"@context":"https:\/\/schema.org","@graph":[{"@type":"Article","@id":"https:\/\/schoenstatt.com\/es\/la-juventud-de-schoenstatt-es-responsable-de-catequesis-en-la-jmj\/#article","isPartOf":{"@id":"https:\/\/schoenstatt.com\/es\/la-juventud-de-schoenstatt-es-responsable-de-catequesis-en-la-jmj\/"},"author":{"name":"Karen Bueno","@id":"https:\/\/schoenstatt.com\/es\/#\/schema\/person\/5158877ad4acae98b34daaeef2a1ce6e"},"headline":"La Juventud de Schoenstatt es responsable de catequesis en la JMJ","datePublished":"2023-08-02T15:41:48+00:00","dateModified":"2025-05-15T16:09:26+00:00","mainEntityOfPage":{"@id":"https:\/\/schoenstatt.com\/es\/la-juventud-de-schoenstatt-es-responsable-de-catequesis-en-la-jmj\/"},"wordCount":823,"publisher":{"@id":"https:\/\/schoenstatt.com\/es\/#organization"},"image":{"@id":"https:\/\/schoenstatt.com\/es\/la-juventud-de-schoenstatt-es-responsable-de-catequesis-en-la-jmj\/#primaryimage"},"thumbnailUrl":"https:\/\/schoenstatt.com\/wp-content\/uploads\/2023\/08\/juventude-de-schoenstatt-catequese-JMJ-6-1.jpg","articleSection":["Eventos","Iglesia","Juventud"],"inLanguage":"es"},{"@type":"WebPage","@id":"https:\/\/schoenstatt.com\/es\/la-juventud-de-schoenstatt-es-responsable-de-catequesis-en-la-jmj\/","url":"https:\/\/schoenstatt.com\/es\/la-juventud-de-schoenstatt-es-responsable-de-catequesis-en-la-jmj\/","name":"La Juventud de Schoenstatt es responsable de catequesis en la JMJ","isPartOf":{"@id":"https:\/\/schoenstatt.com\/es\/#website"},"primaryImageOfPage":{"@id":"https:\/\/schoenstatt.com\/es\/la-juventud-de-schoenstatt-es-responsable-de-catequesis-en-la-jmj\/#primaryimage"},"image":{"@id":"https:\/\/schoenstatt.com\/es\/la-juventud-de-schoenstatt-es-responsable-de-catequesis-en-la-jmj\/#primaryimage"},"thumbnailUrl":"https:\/\/schoenstatt.com\/wp-content\/uploads\/2023\/08\/juventude-de-schoenstatt-catequese-JMJ-6-1.jpg","datePublished":"2023-08-02T15:41:48+00:00","dateModified":"2025-05-15T16:09:26+00:00","description":"La Juventud de Schoenstatt es responsable de uno de los lugares de catequesis durante la JMJ en Lisboa. Ver detalles aqu\u00ed.","breadcrumb":{"@id":"https:\/\/schoenstatt.com\/es\/la-juventud-de-schoenstatt-es-responsable-de-catequesis-en-la-jmj\/#breadcrumb"},"inLanguage":"es","potentialAction":[{"@type":"ReadAction","target":["https:\/\/schoenstatt.com\/es\/la-juventud-de-schoenstatt-es-responsable-de-catequesis-en-la-jmj\/"]}]},{"@type":"ImageObject","inLanguage":"es","@id":"https:\/\/schoenstatt.com\/es\/la-juventud-de-schoenstatt-es-responsable-de-catequesis-en-la-jmj\/#primaryimage","url":"https:\/\/schoenstatt.com\/wp-content\/uploads\/2023\/08\/juventude-de-schoenstatt-catequese-JMJ-6-1.jpg","contentUrl":"https:\/\/schoenstatt.com\/wp-content\/uploads\/2023\/08\/juventude-de-schoenstatt-catequese-JMJ-6-1.jpg","width":1200,"height":888},{"@type":"BreadcrumbList","@id":"https:\/\/schoenstatt.com\/es\/la-juventud-de-schoenstatt-es-responsable-de-catequesis-en-la-jmj\/#breadcrumb","itemListElement":[{"@type":"ListItem","position":1,"name":"Portada","item":"https:\/\/schoenstatt.com\/es\/home\/"},{"@type":"ListItem","position":2,"name":"La Juventud de Schoenstatt es responsable de catequesis en la JMJ"}]},{"@type":"WebSite","@id":"https:\/\/schoenstatt.com\/es\/#website","url":"https:\/\/schoenstatt.com\/es\/","name":"Schoenstatt","description":"Apostolic Movement","publisher":{"@id":"https:\/\/schoenstatt.com\/es\/#organization"},"potentialAction":[{"@type":"SearchAction","target":{"@type":"EntryPoint","urlTemplate":"https:\/\/schoenstatt.com\/es\/?s={search_term_string}"},"query-input":{"@type":"PropertyValueSpecification","valueRequired":true,"valueName":"search_term_string"}}],"inLanguage":"es"},{"@type":"Organization","@id":"https:\/\/schoenstatt.com\/es\/#organization","name":"Schoenstatt","url":"https:\/\/schoenstatt.com\/es\/","logo":{"@type":"ImageObject","inLanguage":"es","@id":"https:\/\/schoenstatt.com\/es\/#\/schema\/logo\/image\/","url":"https:\/\/schoenstatt.com\/wp-content\/uploads\/2025\/04\/logo-schoenstatt-white-696x696-1.png","contentUrl":"https:\/\/schoenstatt.com\/wp-content\/uploads\/2025\/04\/logo-schoenstatt-white-696x696-1.png","width":696,"height":694,"caption":"Schoenstatt"},"image":{"@id":"https:\/\/schoenstatt.com\/es\/#\/schema\/logo\/image\/"}},{"@type":"Person","@id":"https:\/\/schoenstatt.com\/es\/#\/schema\/person\/5158877ad4acae98b34daaeef2a1ce6e","name":"Karen Bueno","image":{"@type":"ImageObject","inLanguage":"es","@id":"https:\/\/secure.gravatar.com\/avatar\/f9f4b823873154269d2b2130f195f6d41037dd0d7fc5f3cacb5c846bae70d66b?s=96&d=mm&r=g","url":"https:\/\/secure.gravatar.com\/avatar\/f9f4b823873154269d2b2130f195f6d41037dd0d7fc5f3cacb5c846bae70d66b?s=96&d=mm&r=g","contentUrl":"https:\/\/secure.gravatar.com\/avatar\/f9f4b823873154269d2b2130f195f6d41037dd0d7fc5f3cacb5c846bae70d66b?s=96&d=mm&r=g","caption":"Karen Bueno"},"url":"https:\/\/schoenstatt.com\/es\/author\/karen-bueno\/"}]}},"_links":{"self":[{"href":"https:\/\/schoenstatt.com\/es\/wp-json\/wp\/v2\/posts\/49064","targetHints":{"allow":["GET"]}}],"collection":[{"href":"https:\/\/schoenstatt.com\/es\/wp-json\/wp\/v2\/posts"}],"about":[{"href":"https:\/\/schoenstatt.com\/es\/wp-json\/wp\/v2\/types\/post"}],"author":[{"embeddable":true,"href":"https:\/\/schoenstatt.com\/es\/wp-json\/wp\/v2\/users\/3"}],"replies":[{"embeddable":true,"href":"https:\/\/schoenstatt.com\/es\/wp-json\/wp\/v2\/comments?post=49064"}],"version-history":[{"count":1,"href":"https:\/\/schoenstatt.com\/es\/wp-json\/wp\/v2\/posts\/49064\/revisions"}],"predecessor-version":[{"id":49078,"href":"https:\/\/schoenstatt.com\/es\/wp-json\/wp\/v2\/posts\/49064\/revisions\/49078"}],"wp:featuredmedia":[{"embeddable":true,"href":"https:\/\/schoenstatt.com\/es\/wp-json\/wp\/v2\/media\/31808"}],"wp:attachment":[{"href":"https:\/\/schoenstatt.com\/es\/wp-json\/wp\/v2\/media?parent=49064"}],"wp:term":[{"taxonomy":"category","embeddable":true,"href":"https:\/\/schoenstatt.com\/es\/wp-json\/wp\/v2\/categories?post=49064"},{"taxonomy":"post_tag","embeddable":true,"href":"https:\/\/schoenstatt.com\/es\/wp-json\/wp\/v2\/tags?post=49064"}],"curies":[{"name":"wp","href":"https:\/\/api.w.org\/{rel}","templated":true}]}}