{"id":48992,"date":"2023-10-18T12:35:55","date_gmt":"2023-10-18T10:35:55","guid":{"rendered":"https:\/\/schoenstattdev.wpenginepowered.com\/?p=33096"},"modified":"2025-05-15T18:38:23","modified_gmt":"2025-05-15T16:38:23","slug":"mensaje-para-el-dia-de-alianza-de-amor-2023","status":"publish","type":"post","link":"https:\/\/schoenstatt.com\/es\/mensaje-para-el-dia-de-alianza-de-amor-2023\/","title":{"rendered":"Mensaje para el D\u00eda de Alianza de Amor 2023"},"content":{"rendered":"<p><strong>Siga el mensaje en video y, justo abajo, en texto:<\/strong><\/p>\n<p><iframe title=\"YouTube video player\" src=\"https:\/\/www.youtube.com\/embed\/pNK_ivly1fQ?si=1q6dODnrdayMILi2\" width=\"560\" height=\"315\" frameborder=\"0\" allowfullscreen=\"allowfullscreen\"><\/iframe><\/p>\n<p><em>*Subt\u00edtulos disponibles en espa\u00f1ol en el v\u00eddeo<\/em><\/p>\n<p>Estamos aqu\u00ed en el Santuario Original, el <a href=\"https:\/\/schoenstattdev.wpenginepowered.com\/es\/acerca-de\/espiritualidad\/alianza-de-amor\/\">lugar de la Alianza<\/a>, el lugar donde, el 18 de octubre de 1914, comenz\u00f3 una historia de transformaci\u00f3n de corazones juveniles y de transformaci\u00f3n de la sociedad.<\/p>\n<p>Creemos en el poder de esta Alianza, especialmente hoy. Especialmente para una \u00e9poca que est\u00e1 marcada, desgraciadamente y una y otra vez, por las guerras. Guerras por todas partes, falta de seguridad. Guerras incluso en nuestro propio pa\u00eds, en nuestras propias ciudades, guerras en nuestros propios corazones.<\/p>\n<p>Pero tambi\u00e9n es un tiempo en el que la Iglesia mira al futuro con esperanza. El tiempo del S\u00ednodo. Creemos que, de hecho, estamos llamados a construir juntos, en alianza, esta cultura de alianza que es para nosotros, la Familia de Schoenstatt, pero que es para el mundo entero y para cada sociedad. Construir juntos una Iglesia y un mundo mejores. Esto es lo que espera el Papa, la participaci\u00f3n de todos en el S\u00ednodo y en la transformaci\u00f3n de la Iglesia y de nuestros corazones.<\/p>\n<p>As\u00ed que <a href=\"https:\/\/urheiligtum.de\/PT\/10-Servico\/99-Webcam.php\" target=\"_blank\" rel=\"noopener\">renovemos la Alianza de Amor aqu\u00ed, en nuestro Santuario<\/a>. Compromet\u00e1monos con nuestro <a href=\"https:\/\/schoenstattdev.wpenginepowered.com\/es\/acerca-de\/espiritualidad\/capital-de-gracias\/\">Capital de Gracias<\/a>, con nuestra parte, entregando a Mar\u00eda todas nuestras intenciones, pero tambi\u00e9n todo el esfuerzo que hagamos para hacer de este mundo un lugar mejor.<\/p>\n<p>En tiempos de S\u00ednodo, en tiempos de guerra, en tiempos de lucha por la vida, por todas las vidas, queremos renovar una vez m\u00e1s nuestra Alianza de Amor.<\/p>\n<p>\u00a1Que todos seamos bendecidos desde el Santuario Original!<\/p>\n<p>En el nombre del Padre, del Hijo y del Esp\u00edritu Santo. Am\u00e9n.<\/p>\n","protected":false},"excerpt":{"rendered":"<p>El 18 de octubre de 2023, el Padre Alexandre Awi Mello, Presidente de la Presidencia Internacional del Movimiento de Schoenstatt, deja su mensaje a toda la Familia, en un tiempo de desaf\u00edos, pero tambi\u00e9n de gran esperanza.<\/p>\n","protected":false},"author":3,"featured_media":33092,"comment_status":"closed","ping_status":"closed","sticky":false,"template":"","format":"standard","meta":{"footnotes":""},"categories":[917,901],"tags":[],"class_list":["post-48992","post","type-post","status-publish","format-standard","has-post-thumbnail","hentry","category-espiritualidad-es","category-santuario-original-es"],"yoast_head":"<!-- This site is optimized with the Yoast SEO Premium plugin v27.4 (Yoast SEO v27.4) - https:\/\/yoast.com\/product\/yoast-seo-premium-wordpress\/ -->\n<title>Mensaje para el D\u00eda de Alianza de Amor 2023<\/title>\n<meta name=\"description\" content=\"Mensaje del P. Alexandre Awi Mello para el D\u00eda de Alianza de Amor 2023: \u00a1Creemos en la fuerza de esta Alianza!\" \/>\n<meta name=\"robots\" content=\"index, follow, max-snippet:-1, max-image-preview:large, max-video-preview:-1\" \/>\n<link rel=\"canonical\" href=\"https:\/\/schoenstatt.com\/es\/mensaje-para-el-dia-de-alianza-de-amor-2023\/\" \/>\n<meta property=\"og:locale\" content=\"es_ES\" \/>\n<meta property=\"og:type\" content=\"article\" \/>\n<meta property=\"og:title\" content=\"Mensaje para el D\u00eda de Alianza de Amor 2023\" \/>\n<meta property=\"og:description\" content=\"Mensaje del P. Alexandre Awi Mello para el D\u00eda de Alianza de Amor 2023: \u00a1Creemos en la fuerza de esta Alianza!\" \/>\n<meta property=\"og:url\" content=\"https:\/\/schoenstatt.com\/es\/mensaje-para-el-dia-de-alianza-de-amor-2023\/\" \/>\n<meta property=\"og:site_name\" content=\"Schoenstatt\" \/>\n<meta property=\"article:published_time\" content=\"2023-10-18T10:35:55+00:00\" \/>\n<meta property=\"article:modified_time\" content=\"2025-05-15T16:38:23+00:00\" \/>\n<meta property=\"og:image\" content=\"https:\/\/schoenstatt.com\/wp-content\/uploads\/2023\/10\/santuario-original-urheiligtum-shrine-schoenstatt-1.jpg\" \/>\n\t<meta property=\"og:image:width\" content=\"2048\" \/>\n\t<meta property=\"og:image:height\" content=\"1389\" \/>\n\t<meta property=\"og:image:type\" content=\"image\/jpeg\" \/>\n<meta name=\"author\" content=\"Karen Bueno\" \/>\n<meta name=\"twitter:card\" content=\"summary_large_image\" \/>\n<meta name=\"twitter:label1\" content=\"Escrito por\" \/>\n\t<meta name=\"twitter:data1\" content=\"Karen Bueno\" \/>\n\t<meta name=\"twitter:label2\" content=\"Tiempo de lectura\" \/>\n\t<meta name=\"twitter:data2\" content=\"2 minutos\" \/>\n<script type=\"application\/ld+json\" class=\"yoast-schema-graph\">{\"@context\":\"https:\\\/\\\/schema.org\",\"@graph\":[{\"@type\":\"Article\",\"@id\":\"https:\\\/\\\/schoenstatt.com\\\/es\\\/mensaje-para-el-dia-de-alianza-de-amor-2023\\\/#article\",\"isPartOf\":{\"@id\":\"https:\\\/\\\/schoenstatt.com\\\/es\\\/mensaje-para-el-dia-de-alianza-de-amor-2023\\\/\"},\"author\":{\"name\":\"Karen Bueno\",\"@id\":\"https:\\\/\\\/schoenstatt.com\\\/es\\\/#\\\/schema\\\/person\\\/5158877ad4acae98b34daaeef2a1ce6e\"},\"headline\":\"Mensaje para el D\u00eda de Alianza de Amor 2023\",\"datePublished\":\"2023-10-18T10:35:55+00:00\",\"dateModified\":\"2025-05-15T16:38:23+00:00\",\"mainEntityOfPage\":{\"@id\":\"https:\\\/\\\/schoenstatt.com\\\/es\\\/mensaje-para-el-dia-de-alianza-de-amor-2023\\\/\"},\"wordCount\":298,\"publisher\":{\"@id\":\"https:\\\/\\\/schoenstatt.com\\\/es\\\/#organization\"},\"image\":{\"@id\":\"https:\\\/\\\/schoenstatt.com\\\/es\\\/mensaje-para-el-dia-de-alianza-de-amor-2023\\\/#primaryimage\"},\"thumbnailUrl\":\"https:\\\/\\\/schoenstatt.com\\\/wp-content\\\/uploads\\\/2023\\\/10\\\/santuario-original-urheiligtum-shrine-schoenstatt-1.jpg\",\"articleSection\":[\"Espiritualidad\",\"Santuario Original\"],\"inLanguage\":\"es\"},{\"@type\":\"WebPage\",\"@id\":\"https:\\\/\\\/schoenstatt.com\\\/es\\\/mensaje-para-el-dia-de-alianza-de-amor-2023\\\/\",\"url\":\"https:\\\/\\\/schoenstatt.com\\\/es\\\/mensaje-para-el-dia-de-alianza-de-amor-2023\\\/\",\"name\":\"Mensaje para el D\u00eda de Alianza de Amor 2023\",\"isPartOf\":{\"@id\":\"https:\\\/\\\/schoenstatt.com\\\/es\\\/#website\"},\"primaryImageOfPage\":{\"@id\":\"https:\\\/\\\/schoenstatt.com\\\/es\\\/mensaje-para-el-dia-de-alianza-de-amor-2023\\\/#primaryimage\"},\"image\":{\"@id\":\"https:\\\/\\\/schoenstatt.com\\\/es\\\/mensaje-para-el-dia-de-alianza-de-amor-2023\\\/#primaryimage\"},\"thumbnailUrl\":\"https:\\\/\\\/schoenstatt.com\\\/wp-content\\\/uploads\\\/2023\\\/10\\\/santuario-original-urheiligtum-shrine-schoenstatt-1.jpg\",\"datePublished\":\"2023-10-18T10:35:55+00:00\",\"dateModified\":\"2025-05-15T16:38:23+00:00\",\"description\":\"Mensaje del P. Alexandre Awi Mello para el D\u00eda de Alianza de Amor 2023: \u00a1Creemos en la fuerza de esta Alianza!\",\"breadcrumb\":{\"@id\":\"https:\\\/\\\/schoenstatt.com\\\/es\\\/mensaje-para-el-dia-de-alianza-de-amor-2023\\\/#breadcrumb\"},\"inLanguage\":\"es\",\"potentialAction\":[{\"@type\":\"ReadAction\",\"target\":[\"https:\\\/\\\/schoenstatt.com\\\/es\\\/mensaje-para-el-dia-de-alianza-de-amor-2023\\\/\"]}]},{\"@type\":\"ImageObject\",\"inLanguage\":\"es\",\"@id\":\"https:\\\/\\\/schoenstatt.com\\\/es\\\/mensaje-para-el-dia-de-alianza-de-amor-2023\\\/#primaryimage\",\"url\":\"https:\\\/\\\/schoenstatt.com\\\/wp-content\\\/uploads\\\/2023\\\/10\\\/santuario-original-urheiligtum-shrine-schoenstatt-1.jpg\",\"contentUrl\":\"https:\\\/\\\/schoenstatt.com\\\/wp-content\\\/uploads\\\/2023\\\/10\\\/santuario-original-urheiligtum-shrine-schoenstatt-1.jpg\",\"width\":2048,\"height\":1389},{\"@type\":\"BreadcrumbList\",\"@id\":\"https:\\\/\\\/schoenstatt.com\\\/es\\\/mensaje-para-el-dia-de-alianza-de-amor-2023\\\/#breadcrumb\",\"itemListElement\":[{\"@type\":\"ListItem\",\"position\":1,\"name\":\"Portada\",\"item\":\"https:\\\/\\\/schoenstatt.com\\\/es\\\/home\\\/\"},{\"@type\":\"ListItem\",\"position\":2,\"name\":\"Mensaje para el D\u00eda de Alianza de Amor 2023\"}]},{\"@type\":\"WebSite\",\"@id\":\"https:\\\/\\\/schoenstatt.com\\\/es\\\/#website\",\"url\":\"https:\\\/\\\/schoenstatt.com\\\/es\\\/\",\"name\":\"Schoenstatt\",\"description\":\"Apostolic Movement\",\"publisher\":{\"@id\":\"https:\\\/\\\/schoenstatt.com\\\/es\\\/#organization\"},\"potentialAction\":[{\"@type\":\"SearchAction\",\"target\":{\"@type\":\"EntryPoint\",\"urlTemplate\":\"https:\\\/\\\/schoenstatt.com\\\/es\\\/?s={search_term_string}\"},\"query-input\":{\"@type\":\"PropertyValueSpecification\",\"valueRequired\":true,\"valueName\":\"search_term_string\"}}],\"inLanguage\":\"es\"},{\"@type\":\"Organization\",\"@id\":\"https:\\\/\\\/schoenstatt.com\\\/es\\\/#organization\",\"name\":\"Schoenstatt\",\"url\":\"https:\\\/\\\/schoenstatt.com\\\/es\\\/\",\"logo\":{\"@type\":\"ImageObject\",\"inLanguage\":\"es\",\"@id\":\"https:\\\/\\\/schoenstatt.com\\\/es\\\/#\\\/schema\\\/logo\\\/image\\\/\",\"url\":\"https:\\\/\\\/schoenstatt.com\\\/wp-content\\\/uploads\\\/2025\\\/04\\\/logo-schoenstatt-white-696x696-1.png\",\"contentUrl\":\"https:\\\/\\\/schoenstatt.com\\\/wp-content\\\/uploads\\\/2025\\\/04\\\/logo-schoenstatt-white-696x696-1.png\",\"width\":696,\"height\":694,\"caption\":\"Schoenstatt\"},\"image\":{\"@id\":\"https:\\\/\\\/schoenstatt.com\\\/es\\\/#\\\/schema\\\/logo\\\/image\\\/\"}},{\"@type\":\"Person\",\"@id\":\"https:\\\/\\\/schoenstatt.com\\\/es\\\/#\\\/schema\\\/person\\\/5158877ad4acae98b34daaeef2a1ce6e\",\"name\":\"Karen Bueno\",\"image\":{\"@type\":\"ImageObject\",\"inLanguage\":\"es\",\"@id\":\"https:\\\/\\\/secure.gravatar.com\\\/avatar\\\/f9f4b823873154269d2b2130f195f6d41037dd0d7fc5f3cacb5c846bae70d66b?s=96&d=mm&r=g\",\"url\":\"https:\\\/\\\/secure.gravatar.com\\\/avatar\\\/f9f4b823873154269d2b2130f195f6d41037dd0d7fc5f3cacb5c846bae70d66b?s=96&d=mm&r=g\",\"contentUrl\":\"https:\\\/\\\/secure.gravatar.com\\\/avatar\\\/f9f4b823873154269d2b2130f195f6d41037dd0d7fc5f3cacb5c846bae70d66b?s=96&d=mm&r=g\",\"caption\":\"Karen Bueno\"},\"url\":\"https:\\\/\\\/schoenstatt.com\\\/es\\\/author\\\/karen-bueno\\\/\"}]}<\/script>\n<!-- \/ Yoast SEO Premium plugin. -->","yoast_head_json":{"title":"Mensaje para el D\u00eda de Alianza de Amor 2023","description":"Mensaje del P. Alexandre Awi Mello para el D\u00eda de Alianza de Amor 2023: \u00a1Creemos en la fuerza de esta Alianza!","robots":{"index":"index","follow":"follow","max-snippet":"max-snippet:-1","max-image-preview":"max-image-preview:large","max-video-preview":"max-video-preview:-1"},"canonical":"https:\/\/schoenstatt.com\/es\/mensaje-para-el-dia-de-alianza-de-amor-2023\/","og_locale":"es_ES","og_type":"article","og_title":"Mensaje para el D\u00eda de Alianza de Amor 2023","og_description":"Mensaje del P. Alexandre Awi Mello para el D\u00eda de Alianza de Amor 2023: \u00a1Creemos en la fuerza de esta Alianza!","og_url":"https:\/\/schoenstatt.com\/es\/mensaje-para-el-dia-de-alianza-de-amor-2023\/","og_site_name":"Schoenstatt","article_published_time":"2023-10-18T10:35:55+00:00","article_modified_time":"2025-05-15T16:38:23+00:00","og_image":[{"width":2048,"height":1389,"url":"https:\/\/schoenstatt.com\/wp-content\/uploads\/2023\/10\/santuario-original-urheiligtum-shrine-schoenstatt-1.jpg","type":"image\/jpeg"}],"author":"Karen Bueno","twitter_card":"summary_large_image","twitter_misc":{"Escrito por":"Karen Bueno","Tiempo de lectura":"2 minutos"},"schema":{"@context":"https:\/\/schema.org","@graph":[{"@type":"Article","@id":"https:\/\/schoenstatt.com\/es\/mensaje-para-el-dia-de-alianza-de-amor-2023\/#article","isPartOf":{"@id":"https:\/\/schoenstatt.com\/es\/mensaje-para-el-dia-de-alianza-de-amor-2023\/"},"author":{"name":"Karen Bueno","@id":"https:\/\/schoenstatt.com\/es\/#\/schema\/person\/5158877ad4acae98b34daaeef2a1ce6e"},"headline":"Mensaje para el D\u00eda de Alianza de Amor 2023","datePublished":"2023-10-18T10:35:55+00:00","dateModified":"2025-05-15T16:38:23+00:00","mainEntityOfPage":{"@id":"https:\/\/schoenstatt.com\/es\/mensaje-para-el-dia-de-alianza-de-amor-2023\/"},"wordCount":298,"publisher":{"@id":"https:\/\/schoenstatt.com\/es\/#organization"},"image":{"@id":"https:\/\/schoenstatt.com\/es\/mensaje-para-el-dia-de-alianza-de-amor-2023\/#primaryimage"},"thumbnailUrl":"https:\/\/schoenstatt.com\/wp-content\/uploads\/2023\/10\/santuario-original-urheiligtum-shrine-schoenstatt-1.jpg","articleSection":["Espiritualidad","Santuario Original"],"inLanguage":"es"},{"@type":"WebPage","@id":"https:\/\/schoenstatt.com\/es\/mensaje-para-el-dia-de-alianza-de-amor-2023\/","url":"https:\/\/schoenstatt.com\/es\/mensaje-para-el-dia-de-alianza-de-amor-2023\/","name":"Mensaje para el D\u00eda de Alianza de Amor 2023","isPartOf":{"@id":"https:\/\/schoenstatt.com\/es\/#website"},"primaryImageOfPage":{"@id":"https:\/\/schoenstatt.com\/es\/mensaje-para-el-dia-de-alianza-de-amor-2023\/#primaryimage"},"image":{"@id":"https:\/\/schoenstatt.com\/es\/mensaje-para-el-dia-de-alianza-de-amor-2023\/#primaryimage"},"thumbnailUrl":"https:\/\/schoenstatt.com\/wp-content\/uploads\/2023\/10\/santuario-original-urheiligtum-shrine-schoenstatt-1.jpg","datePublished":"2023-10-18T10:35:55+00:00","dateModified":"2025-05-15T16:38:23+00:00","description":"Mensaje del P. Alexandre Awi Mello para el D\u00eda de Alianza de Amor 2023: \u00a1Creemos en la fuerza de esta Alianza!","breadcrumb":{"@id":"https:\/\/schoenstatt.com\/es\/mensaje-para-el-dia-de-alianza-de-amor-2023\/#breadcrumb"},"inLanguage":"es","potentialAction":[{"@type":"ReadAction","target":["https:\/\/schoenstatt.com\/es\/mensaje-para-el-dia-de-alianza-de-amor-2023\/"]}]},{"@type":"ImageObject","inLanguage":"es","@id":"https:\/\/schoenstatt.com\/es\/mensaje-para-el-dia-de-alianza-de-amor-2023\/#primaryimage","url":"https:\/\/schoenstatt.com\/wp-content\/uploads\/2023\/10\/santuario-original-urheiligtum-shrine-schoenstatt-1.jpg","contentUrl":"https:\/\/schoenstatt.com\/wp-content\/uploads\/2023\/10\/santuario-original-urheiligtum-shrine-schoenstatt-1.jpg","width":2048,"height":1389},{"@type":"BreadcrumbList","@id":"https:\/\/schoenstatt.com\/es\/mensaje-para-el-dia-de-alianza-de-amor-2023\/#breadcrumb","itemListElement":[{"@type":"ListItem","position":1,"name":"Portada","item":"https:\/\/schoenstatt.com\/es\/home\/"},{"@type":"ListItem","position":2,"name":"Mensaje para el D\u00eda de Alianza de Amor 2023"}]},{"@type":"WebSite","@id":"https:\/\/schoenstatt.com\/es\/#website","url":"https:\/\/schoenstatt.com\/es\/","name":"Schoenstatt","description":"Apostolic Movement","publisher":{"@id":"https:\/\/schoenstatt.com\/es\/#organization"},"potentialAction":[{"@type":"SearchAction","target":{"@type":"EntryPoint","urlTemplate":"https:\/\/schoenstatt.com\/es\/?s={search_term_string}"},"query-input":{"@type":"PropertyValueSpecification","valueRequired":true,"valueName":"search_term_string"}}],"inLanguage":"es"},{"@type":"Organization","@id":"https:\/\/schoenstatt.com\/es\/#organization","name":"Schoenstatt","url":"https:\/\/schoenstatt.com\/es\/","logo":{"@type":"ImageObject","inLanguage":"es","@id":"https:\/\/schoenstatt.com\/es\/#\/schema\/logo\/image\/","url":"https:\/\/schoenstatt.com\/wp-content\/uploads\/2025\/04\/logo-schoenstatt-white-696x696-1.png","contentUrl":"https:\/\/schoenstatt.com\/wp-content\/uploads\/2025\/04\/logo-schoenstatt-white-696x696-1.png","width":696,"height":694,"caption":"Schoenstatt"},"image":{"@id":"https:\/\/schoenstatt.com\/es\/#\/schema\/logo\/image\/"}},{"@type":"Person","@id":"https:\/\/schoenstatt.com\/es\/#\/schema\/person\/5158877ad4acae98b34daaeef2a1ce6e","name":"Karen Bueno","image":{"@type":"ImageObject","inLanguage":"es","@id":"https:\/\/secure.gravatar.com\/avatar\/f9f4b823873154269d2b2130f195f6d41037dd0d7fc5f3cacb5c846bae70d66b?s=96&d=mm&r=g","url":"https:\/\/secure.gravatar.com\/avatar\/f9f4b823873154269d2b2130f195f6d41037dd0d7fc5f3cacb5c846bae70d66b?s=96&d=mm&r=g","contentUrl":"https:\/\/secure.gravatar.com\/avatar\/f9f4b823873154269d2b2130f195f6d41037dd0d7fc5f3cacb5c846bae70d66b?s=96&d=mm&r=g","caption":"Karen Bueno"},"url":"https:\/\/schoenstatt.com\/es\/author\/karen-bueno\/"}]}},"_links":{"self":[{"href":"https:\/\/schoenstatt.com\/es\/wp-json\/wp\/v2\/posts\/48992","targetHints":{"allow":["GET"]}}],"collection":[{"href":"https:\/\/schoenstatt.com\/es\/wp-json\/wp\/v2\/posts"}],"about":[{"href":"https:\/\/schoenstatt.com\/es\/wp-json\/wp\/v2\/types\/post"}],"author":[{"embeddable":true,"href":"https:\/\/schoenstatt.com\/es\/wp-json\/wp\/v2\/users\/3"}],"replies":[{"embeddable":true,"href":"https:\/\/schoenstatt.com\/es\/wp-json\/wp\/v2\/comments?post=48992"}],"version-history":[{"count":1,"href":"https:\/\/schoenstatt.com\/es\/wp-json\/wp\/v2\/posts\/48992\/revisions"}],"predecessor-version":[{"id":49045,"href":"https:\/\/schoenstatt.com\/es\/wp-json\/wp\/v2\/posts\/48992\/revisions\/49045"}],"wp:featuredmedia":[{"embeddable":true,"href":"https:\/\/schoenstatt.com\/es\/wp-json\/wp\/v2\/media\/33092"}],"wp:attachment":[{"href":"https:\/\/schoenstatt.com\/es\/wp-json\/wp\/v2\/media?parent=48992"}],"wp:term":[{"taxonomy":"category","embeddable":true,"href":"https:\/\/schoenstatt.com\/es\/wp-json\/wp\/v2\/categories?post=48992"},{"taxonomy":"post_tag","embeddable":true,"href":"https:\/\/schoenstatt.com\/es\/wp-json\/wp\/v2\/tags?post=48992"}],"curies":[{"name":"wp","href":"https:\/\/api.w.org\/{rel}","templated":true}]}}