{"id":48976,"date":"2023-11-30T06:46:26","date_gmt":"2023-11-30T05:46:26","guid":{"rendered":"https:\/\/schoenstattdev.wpenginepowered.com\/?p=33790"},"modified":"2025-05-15T18:00:47","modified_gmt":"2025-05-15T16:00:47","slug":"video-del-papa-por-las-personas-con-discapacidad","status":"publish","type":"post","link":"https:\/\/schoenstatt.com\/es\/video-del-papa-por-las-personas-con-discapacidad\/","title":{"rendered":"V\u00eddeo del Papa: Por las personas con discapacidad"},"content":{"rendered":"<p>En el Video del Papa de diciembre, el Santo Padre pide rezar por las personas con discapacidad para que \u201cest\u00e9n en el centro de la atenci\u00f3n de la sociedad\u201d, y llama a las instituciones a que promuevan \u201cprogramas de inclusi\u00f3n que potencien\u201d la participaci\u00f3n activa de las personas con discapacidad.<\/p>\n<p>Esta intenci\u00f3n de oraci\u00f3n coincide con el mes en el que la ONU estableci\u00f3 el D\u00eda Internacional de las Personas con Discapacidad (3 de diciembre) con el objetivo de promover sus derechos y bienestar. El Papa Francisco insiste en el concepto de \u00abcapacidades diferentes\u00bb para subrayar la gran contribuci\u00f3n que puede aportar a la sociedad, la plena inclusi\u00f3n y valorizaci\u00f3n de los m\u00e1s fr\u00e1giles.<\/p>\n<h2>Im\u00e1genes significativas<\/h2>\n<p>As\u00ed lo atestiguan las im\u00e1genes que acompa\u00f1an sus palabras: historias diferentes, unidas por la capacidad de potenciar el talento de las personas con discapacidad. Desde los atletas paral\u00edmpicos que desaf\u00edan con \u00e9xito sus propios l\u00edmites en las diversas competiciones internacionales, hasta los amigos de la Comunidad de Sant&#8217;Egidio que pintan obras de arte o sirven en las mesas de una trattoria; desde el jesuita con discapacidad visual, te\u00f3logo en Australia, hasta la monja con s\u00edndrome de down comprometida en Lourdes, que participaron en la Asamblea General del S\u00ednodo y que se cuentan en la campa\u00f1a #IamChurch del Dicasterio para los Laicos, la Familia y la Vida.<\/p>\n<p>El V\u00eddeo del Papa de este mes -realizado en colaboraci\u00f3n con el Dicasterio para el Servicio del Desarrollo Humano Integral- es un canto a la vida misma, as\u00ed como una llamada a cambiar nuestra forma de pensar.<\/p>\n<p>Es hora de \u201ccambiar un poco nuestra mentalidad para abrirnos a las aportaciones y abrirnos a los talentos de esas personas con capacidades diferentes, tanto en la sociedad como dentro de la vida eclesial\u201d, dice el Papa.<\/p>\n<p><iframe title=\"DICIEMBRE: POR LAS PERSONAS CON DISCAPACIDAD\" width=\"800\" height=\"450\" src=\"https:\/\/www.youtube.com\/embed\/E_Ey4hmEdUc?feature=oembed\" frameborder=\"0\" allow=\"accelerometer; autoplay; clipboard-write; encrypted-media; gyroscope; picture-in-picture; web-share\" referrerpolicy=\"strict-origin-when-cross-origin\" allowfullscreen><\/iframe><\/p>\n<blockquote><p>\u201cQue las personas con discapacidad est\u00e9n en el centro de la atenci\u00f3n de la sociedad, y que las instituciones promuevan programas de inclusi\u00f3n que potencien su participaci\u00f3n activa\u201d.<\/p><\/blockquote>\n<p>Fuente: <a href=\"https:\/\/www.vaticannews.va\/es.html\" target=\"_blank\" rel=\"noopener\">Vatican News<\/a><\/p>\n","protected":false},"excerpt":{"rendered":"<p>El Papa Francisco conf\u00eda a toda la Iglesia su intenci\u00f3n de oraci\u00f3n para este mes de diciembre de 2023: por las personas con discapacidad. El Santo Padre invita a rezar para que \u201cest\u00e9n en el centro de la atenci\u00f3n de la sociedad\u201d.<\/p>\n","protected":false},"author":3,"featured_media":33784,"comment_status":"closed","ping_status":"closed","sticky":false,"template":"","format":"standard","meta":{"footnotes":""},"categories":[683],"tags":[],"class_list":["post-48976","post","type-post","status-publish","format-standard","has-post-thumbnail","hentry","category-iglesia-es"],"yoast_head":"<!-- This site is optimized with the Yoast SEO Premium plugin v27.4 (Yoast SEO v27.4) - https:\/\/yoast.com\/product\/yoast-seo-premium-wordpress\/ -->\n<title>V\u00eddeo del Papa: Por las personas con discapacidad - Schoenstatt<\/title>\n<meta name=\"description\" content=\"El Papa Francisco conf\u00eda a toda la Iglesia su intenci\u00f3n de oraci\u00f3n para este mes de diciembre: por las personas con discapacidad.\" \/>\n<meta name=\"robots\" content=\"index, follow, max-snippet:-1, max-image-preview:large, max-video-preview:-1\" \/>\n<link rel=\"canonical\" href=\"https:\/\/schoenstatt.com\/es\/video-del-papa-por-las-personas-con-discapacidad\/\" \/>\n<meta property=\"og:locale\" content=\"es_ES\" \/>\n<meta property=\"og:type\" content=\"article\" \/>\n<meta property=\"og:title\" content=\"V\u00eddeo del Papa: Por las personas con discapacidad\" \/>\n<meta property=\"og:description\" content=\"El Papa Francisco conf\u00eda a toda la Iglesia su intenci\u00f3n de oraci\u00f3n para este mes de diciembre: por las personas con discapacidad.\" \/>\n<meta property=\"og:url\" content=\"https:\/\/schoenstatt.com\/es\/video-del-papa-por-las-personas-con-discapacidad\/\" \/>\n<meta property=\"og:site_name\" content=\"Schoenstatt\" \/>\n<meta property=\"article:published_time\" content=\"2023-11-30T05:46:26+00:00\" \/>\n<meta property=\"article:modified_time\" content=\"2025-05-15T16:00:47+00:00\" \/>\n<meta property=\"og:image\" content=\"https:\/\/schoenstatt.com\/wp-content\/uploads\/2023\/11\/Pope-Francis-Papa-Francisco-Papst-Franziskus-1.jpg\" \/>\n\t<meta property=\"og:image:width\" content=\"2048\" \/>\n\t<meta property=\"og:image:height\" content=\"1365\" \/>\n\t<meta property=\"og:image:type\" content=\"image\/jpeg\" \/>\n<meta name=\"author\" content=\"Karen Bueno\" \/>\n<meta name=\"twitter:card\" content=\"summary_large_image\" \/>\n<meta name=\"twitter:label1\" content=\"Escrito por\" \/>\n\t<meta name=\"twitter:data1\" content=\"Karen Bueno\" \/>\n\t<meta name=\"twitter:label2\" content=\"Tiempo de lectura\" \/>\n\t<meta name=\"twitter:data2\" content=\"2 minutos\" \/>\n<script type=\"application\/ld+json\" class=\"yoast-schema-graph\">{\"@context\":\"https:\\\/\\\/schema.org\",\"@graph\":[{\"@type\":\"Article\",\"@id\":\"https:\\\/\\\/schoenstatt.com\\\/es\\\/video-del-papa-por-las-personas-con-discapacidad\\\/#article\",\"isPartOf\":{\"@id\":\"https:\\\/\\\/schoenstatt.com\\\/es\\\/video-del-papa-por-las-personas-con-discapacidad\\\/\"},\"author\":{\"name\":\"Karen Bueno\",\"@id\":\"https:\\\/\\\/schoenstatt.com\\\/es\\\/#\\\/schema\\\/person\\\/5158877ad4acae98b34daaeef2a1ce6e\"},\"headline\":\"V\u00eddeo del Papa: Por las personas con discapacidad\",\"datePublished\":\"2023-11-30T05:46:26+00:00\",\"dateModified\":\"2025-05-15T16:00:47+00:00\",\"mainEntityOfPage\":{\"@id\":\"https:\\\/\\\/schoenstatt.com\\\/es\\\/video-del-papa-por-las-personas-con-discapacidad\\\/\"},\"wordCount\":373,\"publisher\":{\"@id\":\"https:\\\/\\\/schoenstatt.com\\\/es\\\/#organization\"},\"image\":{\"@id\":\"https:\\\/\\\/schoenstatt.com\\\/es\\\/video-del-papa-por-las-personas-con-discapacidad\\\/#primaryimage\"},\"thumbnailUrl\":\"https:\\\/\\\/schoenstatt.com\\\/wp-content\\\/uploads\\\/2023\\\/11\\\/Pope-Francis-Papa-Francisco-Papst-Franziskus-1.jpg\",\"articleSection\":[\"Iglesia\"],\"inLanguage\":\"es\"},{\"@type\":\"WebPage\",\"@id\":\"https:\\\/\\\/schoenstatt.com\\\/es\\\/video-del-papa-por-las-personas-con-discapacidad\\\/\",\"url\":\"https:\\\/\\\/schoenstatt.com\\\/es\\\/video-del-papa-por-las-personas-con-discapacidad\\\/\",\"name\":\"V\u00eddeo del Papa: Por las personas con discapacidad - Schoenstatt\",\"isPartOf\":{\"@id\":\"https:\\\/\\\/schoenstatt.com\\\/es\\\/#website\"},\"primaryImageOfPage\":{\"@id\":\"https:\\\/\\\/schoenstatt.com\\\/es\\\/video-del-papa-por-las-personas-con-discapacidad\\\/#primaryimage\"},\"image\":{\"@id\":\"https:\\\/\\\/schoenstatt.com\\\/es\\\/video-del-papa-por-las-personas-con-discapacidad\\\/#primaryimage\"},\"thumbnailUrl\":\"https:\\\/\\\/schoenstatt.com\\\/wp-content\\\/uploads\\\/2023\\\/11\\\/Pope-Francis-Papa-Francisco-Papst-Franziskus-1.jpg\",\"datePublished\":\"2023-11-30T05:46:26+00:00\",\"dateModified\":\"2025-05-15T16:00:47+00:00\",\"description\":\"El Papa Francisco conf\u00eda a toda la Iglesia su intenci\u00f3n de oraci\u00f3n para este mes de diciembre: por las personas con discapacidad.\",\"breadcrumb\":{\"@id\":\"https:\\\/\\\/schoenstatt.com\\\/es\\\/video-del-papa-por-las-personas-con-discapacidad\\\/#breadcrumb\"},\"inLanguage\":\"es\",\"potentialAction\":[{\"@type\":\"ReadAction\",\"target\":[\"https:\\\/\\\/schoenstatt.com\\\/es\\\/video-del-papa-por-las-personas-con-discapacidad\\\/\"]}]},{\"@type\":\"ImageObject\",\"inLanguage\":\"es\",\"@id\":\"https:\\\/\\\/schoenstatt.com\\\/es\\\/video-del-papa-por-las-personas-con-discapacidad\\\/#primaryimage\",\"url\":\"https:\\\/\\\/schoenstatt.com\\\/wp-content\\\/uploads\\\/2023\\\/11\\\/Pope-Francis-Papa-Francisco-Papst-Franziskus-1.jpg\",\"contentUrl\":\"https:\\\/\\\/schoenstatt.com\\\/wp-content\\\/uploads\\\/2023\\\/11\\\/Pope-Francis-Papa-Francisco-Papst-Franziskus-1.jpg\",\"width\":2048,\"height\":1365},{\"@type\":\"BreadcrumbList\",\"@id\":\"https:\\\/\\\/schoenstatt.com\\\/es\\\/video-del-papa-por-las-personas-con-discapacidad\\\/#breadcrumb\",\"itemListElement\":[{\"@type\":\"ListItem\",\"position\":1,\"name\":\"Portada\",\"item\":\"https:\\\/\\\/schoenstatt.com\\\/es\\\/home\\\/\"},{\"@type\":\"ListItem\",\"position\":2,\"name\":\"V\u00eddeo del Papa: Por las personas con discapacidad\"}]},{\"@type\":\"WebSite\",\"@id\":\"https:\\\/\\\/schoenstatt.com\\\/es\\\/#website\",\"url\":\"https:\\\/\\\/schoenstatt.com\\\/es\\\/\",\"name\":\"Schoenstatt\",\"description\":\"Apostolic Movement\",\"publisher\":{\"@id\":\"https:\\\/\\\/schoenstatt.com\\\/es\\\/#organization\"},\"potentialAction\":[{\"@type\":\"SearchAction\",\"target\":{\"@type\":\"EntryPoint\",\"urlTemplate\":\"https:\\\/\\\/schoenstatt.com\\\/es\\\/?s={search_term_string}\"},\"query-input\":{\"@type\":\"PropertyValueSpecification\",\"valueRequired\":true,\"valueName\":\"search_term_string\"}}],\"inLanguage\":\"es\"},{\"@type\":\"Organization\",\"@id\":\"https:\\\/\\\/schoenstatt.com\\\/es\\\/#organization\",\"name\":\"Schoenstatt\",\"url\":\"https:\\\/\\\/schoenstatt.com\\\/es\\\/\",\"logo\":{\"@type\":\"ImageObject\",\"inLanguage\":\"es\",\"@id\":\"https:\\\/\\\/schoenstatt.com\\\/es\\\/#\\\/schema\\\/logo\\\/image\\\/\",\"url\":\"https:\\\/\\\/schoenstatt.com\\\/wp-content\\\/uploads\\\/2025\\\/04\\\/logo-schoenstatt-white-696x696-1.png\",\"contentUrl\":\"https:\\\/\\\/schoenstatt.com\\\/wp-content\\\/uploads\\\/2025\\\/04\\\/logo-schoenstatt-white-696x696-1.png\",\"width\":696,\"height\":694,\"caption\":\"Schoenstatt\"},\"image\":{\"@id\":\"https:\\\/\\\/schoenstatt.com\\\/es\\\/#\\\/schema\\\/logo\\\/image\\\/\"}},{\"@type\":\"Person\",\"@id\":\"https:\\\/\\\/schoenstatt.com\\\/es\\\/#\\\/schema\\\/person\\\/5158877ad4acae98b34daaeef2a1ce6e\",\"name\":\"Karen Bueno\",\"image\":{\"@type\":\"ImageObject\",\"inLanguage\":\"es\",\"@id\":\"https:\\\/\\\/secure.gravatar.com\\\/avatar\\\/f9f4b823873154269d2b2130f195f6d41037dd0d7fc5f3cacb5c846bae70d66b?s=96&d=mm&r=g\",\"url\":\"https:\\\/\\\/secure.gravatar.com\\\/avatar\\\/f9f4b823873154269d2b2130f195f6d41037dd0d7fc5f3cacb5c846bae70d66b?s=96&d=mm&r=g\",\"contentUrl\":\"https:\\\/\\\/secure.gravatar.com\\\/avatar\\\/f9f4b823873154269d2b2130f195f6d41037dd0d7fc5f3cacb5c846bae70d66b?s=96&d=mm&r=g\",\"caption\":\"Karen Bueno\"},\"url\":\"https:\\\/\\\/schoenstatt.com\\\/es\\\/author\\\/karen-bueno\\\/\"}]}<\/script>\n<!-- \/ Yoast SEO Premium plugin. -->","yoast_head_json":{"title":"V\u00eddeo del Papa: Por las personas con discapacidad - Schoenstatt","description":"El Papa Francisco conf\u00eda a toda la Iglesia su intenci\u00f3n de oraci\u00f3n para este mes de diciembre: por las personas con discapacidad.","robots":{"index":"index","follow":"follow","max-snippet":"max-snippet:-1","max-image-preview":"max-image-preview:large","max-video-preview":"max-video-preview:-1"},"canonical":"https:\/\/schoenstatt.com\/es\/video-del-papa-por-las-personas-con-discapacidad\/","og_locale":"es_ES","og_type":"article","og_title":"V\u00eddeo del Papa: Por las personas con discapacidad","og_description":"El Papa Francisco conf\u00eda a toda la Iglesia su intenci\u00f3n de oraci\u00f3n para este mes de diciembre: por las personas con discapacidad.","og_url":"https:\/\/schoenstatt.com\/es\/video-del-papa-por-las-personas-con-discapacidad\/","og_site_name":"Schoenstatt","article_published_time":"2023-11-30T05:46:26+00:00","article_modified_time":"2025-05-15T16:00:47+00:00","og_image":[{"width":2048,"height":1365,"url":"https:\/\/schoenstatt.com\/wp-content\/uploads\/2023\/11\/Pope-Francis-Papa-Francisco-Papst-Franziskus-1.jpg","type":"image\/jpeg"}],"author":"Karen Bueno","twitter_card":"summary_large_image","twitter_misc":{"Escrito por":"Karen Bueno","Tiempo de lectura":"2 minutos"},"schema":{"@context":"https:\/\/schema.org","@graph":[{"@type":"Article","@id":"https:\/\/schoenstatt.com\/es\/video-del-papa-por-las-personas-con-discapacidad\/#article","isPartOf":{"@id":"https:\/\/schoenstatt.com\/es\/video-del-papa-por-las-personas-con-discapacidad\/"},"author":{"name":"Karen Bueno","@id":"https:\/\/schoenstatt.com\/es\/#\/schema\/person\/5158877ad4acae98b34daaeef2a1ce6e"},"headline":"V\u00eddeo del Papa: Por las personas con discapacidad","datePublished":"2023-11-30T05:46:26+00:00","dateModified":"2025-05-15T16:00:47+00:00","mainEntityOfPage":{"@id":"https:\/\/schoenstatt.com\/es\/video-del-papa-por-las-personas-con-discapacidad\/"},"wordCount":373,"publisher":{"@id":"https:\/\/schoenstatt.com\/es\/#organization"},"image":{"@id":"https:\/\/schoenstatt.com\/es\/video-del-papa-por-las-personas-con-discapacidad\/#primaryimage"},"thumbnailUrl":"https:\/\/schoenstatt.com\/wp-content\/uploads\/2023\/11\/Pope-Francis-Papa-Francisco-Papst-Franziskus-1.jpg","articleSection":["Iglesia"],"inLanguage":"es"},{"@type":"WebPage","@id":"https:\/\/schoenstatt.com\/es\/video-del-papa-por-las-personas-con-discapacidad\/","url":"https:\/\/schoenstatt.com\/es\/video-del-papa-por-las-personas-con-discapacidad\/","name":"V\u00eddeo del Papa: Por las personas con discapacidad - Schoenstatt","isPartOf":{"@id":"https:\/\/schoenstatt.com\/es\/#website"},"primaryImageOfPage":{"@id":"https:\/\/schoenstatt.com\/es\/video-del-papa-por-las-personas-con-discapacidad\/#primaryimage"},"image":{"@id":"https:\/\/schoenstatt.com\/es\/video-del-papa-por-las-personas-con-discapacidad\/#primaryimage"},"thumbnailUrl":"https:\/\/schoenstatt.com\/wp-content\/uploads\/2023\/11\/Pope-Francis-Papa-Francisco-Papst-Franziskus-1.jpg","datePublished":"2023-11-30T05:46:26+00:00","dateModified":"2025-05-15T16:00:47+00:00","description":"El Papa Francisco conf\u00eda a toda la Iglesia su intenci\u00f3n de oraci\u00f3n para este mes de diciembre: por las personas con discapacidad.","breadcrumb":{"@id":"https:\/\/schoenstatt.com\/es\/video-del-papa-por-las-personas-con-discapacidad\/#breadcrumb"},"inLanguage":"es","potentialAction":[{"@type":"ReadAction","target":["https:\/\/schoenstatt.com\/es\/video-del-papa-por-las-personas-con-discapacidad\/"]}]},{"@type":"ImageObject","inLanguage":"es","@id":"https:\/\/schoenstatt.com\/es\/video-del-papa-por-las-personas-con-discapacidad\/#primaryimage","url":"https:\/\/schoenstatt.com\/wp-content\/uploads\/2023\/11\/Pope-Francis-Papa-Francisco-Papst-Franziskus-1.jpg","contentUrl":"https:\/\/schoenstatt.com\/wp-content\/uploads\/2023\/11\/Pope-Francis-Papa-Francisco-Papst-Franziskus-1.jpg","width":2048,"height":1365},{"@type":"BreadcrumbList","@id":"https:\/\/schoenstatt.com\/es\/video-del-papa-por-las-personas-con-discapacidad\/#breadcrumb","itemListElement":[{"@type":"ListItem","position":1,"name":"Portada","item":"https:\/\/schoenstatt.com\/es\/home\/"},{"@type":"ListItem","position":2,"name":"V\u00eddeo del Papa: Por las personas con discapacidad"}]},{"@type":"WebSite","@id":"https:\/\/schoenstatt.com\/es\/#website","url":"https:\/\/schoenstatt.com\/es\/","name":"Schoenstatt","description":"Apostolic Movement","publisher":{"@id":"https:\/\/schoenstatt.com\/es\/#organization"},"potentialAction":[{"@type":"SearchAction","target":{"@type":"EntryPoint","urlTemplate":"https:\/\/schoenstatt.com\/es\/?s={search_term_string}"},"query-input":{"@type":"PropertyValueSpecification","valueRequired":true,"valueName":"search_term_string"}}],"inLanguage":"es"},{"@type":"Organization","@id":"https:\/\/schoenstatt.com\/es\/#organization","name":"Schoenstatt","url":"https:\/\/schoenstatt.com\/es\/","logo":{"@type":"ImageObject","inLanguage":"es","@id":"https:\/\/schoenstatt.com\/es\/#\/schema\/logo\/image\/","url":"https:\/\/schoenstatt.com\/wp-content\/uploads\/2025\/04\/logo-schoenstatt-white-696x696-1.png","contentUrl":"https:\/\/schoenstatt.com\/wp-content\/uploads\/2025\/04\/logo-schoenstatt-white-696x696-1.png","width":696,"height":694,"caption":"Schoenstatt"},"image":{"@id":"https:\/\/schoenstatt.com\/es\/#\/schema\/logo\/image\/"}},{"@type":"Person","@id":"https:\/\/schoenstatt.com\/es\/#\/schema\/person\/5158877ad4acae98b34daaeef2a1ce6e","name":"Karen Bueno","image":{"@type":"ImageObject","inLanguage":"es","@id":"https:\/\/secure.gravatar.com\/avatar\/f9f4b823873154269d2b2130f195f6d41037dd0d7fc5f3cacb5c846bae70d66b?s=96&d=mm&r=g","url":"https:\/\/secure.gravatar.com\/avatar\/f9f4b823873154269d2b2130f195f6d41037dd0d7fc5f3cacb5c846bae70d66b?s=96&d=mm&r=g","contentUrl":"https:\/\/secure.gravatar.com\/avatar\/f9f4b823873154269d2b2130f195f6d41037dd0d7fc5f3cacb5c846bae70d66b?s=96&d=mm&r=g","caption":"Karen Bueno"},"url":"https:\/\/schoenstatt.com\/es\/author\/karen-bueno\/"}]}},"_links":{"self":[{"href":"https:\/\/schoenstatt.com\/es\/wp-json\/wp\/v2\/posts\/48976","targetHints":{"allow":["GET"]}}],"collection":[{"href":"https:\/\/schoenstatt.com\/es\/wp-json\/wp\/v2\/posts"}],"about":[{"href":"https:\/\/schoenstatt.com\/es\/wp-json\/wp\/v2\/types\/post"}],"author":[{"embeddable":true,"href":"https:\/\/schoenstatt.com\/es\/wp-json\/wp\/v2\/users\/3"}],"replies":[{"embeddable":true,"href":"https:\/\/schoenstatt.com\/es\/wp-json\/wp\/v2\/comments?post=48976"}],"version-history":[{"count":1,"href":"https:\/\/schoenstatt.com\/es\/wp-json\/wp\/v2\/posts\/48976\/revisions"}],"predecessor-version":[{"id":48980,"href":"https:\/\/schoenstatt.com\/es\/wp-json\/wp\/v2\/posts\/48976\/revisions\/48980"}],"wp:featuredmedia":[{"embeddable":true,"href":"https:\/\/schoenstatt.com\/es\/wp-json\/wp\/v2\/media\/33784"}],"wp:attachment":[{"href":"https:\/\/schoenstatt.com\/es\/wp-json\/wp\/v2\/media?parent=48976"}],"wp:term":[{"taxonomy":"category","embeddable":true,"href":"https:\/\/schoenstatt.com\/es\/wp-json\/wp\/v2\/categories?post=48976"},{"taxonomy":"post_tag","embeddable":true,"href":"https:\/\/schoenstatt.com\/es\/wp-json\/wp\/v2\/tags?post=48976"}],"curies":[{"name":"wp","href":"https:\/\/api.w.org\/{rel}","templated":true}]}}