{"id":48808,"date":"2025-04-22T14:26:13","date_gmt":"2025-04-22T12:26:13","guid":{"rendered":"https:\/\/schoenstatt.com\/?p=48808"},"modified":"2025-08-21T01:41:49","modified_gmt":"2025-08-20T23:41:49","slug":"encuentros-del-papa-francisco-con-schoenstatt","status":"publish","type":"post","link":"https:\/\/schoenstatt.com\/es\/encuentros-del-papa-francisco-con-schoenstatt\/","title":{"rendered":"Encuentros del Papa Francisco con Schoenstatt"},"content":{"rendered":"\n<p>En la alegr\u00eda de la Pascua del Se\u00f1or, la Iglesia fue sorprendida por la noticia del fallecimiento del Santo Padre, el Papa Francisco. La Familia de Schoenstatt, viviendo este momento en oraci\u00f3n, recuerda los muchos encuentros y momentos compartidos con el Pont\u00edfice.<\/p>\n\n\n\n<p>Hoy recordamos algunos eventos significativos que han tenido lugar a lo largo de los a\u00f1os. Es imposible documentarlos todos, pero hemos reunido algunos momentos que jam\u00e1s ser\u00e1n olvidados por la Familia de Schoenstatt.<\/p>\n\n\n\n<h2 class=\"wp-block-heading\" id=\"h-eventos-destacados\"><strong><strong>Eventos destacados<\/strong><\/strong><\/h2>\n\n\n\n<p><strong>25 de octubre de 2014 \u2013 El gran encuentro<br><\/strong>Una conversaci\u00f3n larga y familiar marc\u00f3 el encuentro de la Familia Internacional de Schoenstatt en 2014, con motivo del centenario de la Alianza de Amor. Las cinco preguntas dirigidas al Santo Padre generaron muchas respuestas que son, y seguir\u00e1n siendo, material de reflexi\u00f3n y gu\u00eda hacia una vida de santidad.<\/p>\n\n\n\n<p><strong>3 de septiembre de 2015 \u2013 Encuentro con los Padres de Schoenstatt<br><\/strong>El Papa Francisco recibi\u00f3 en audiencia privada a los Padres de Schoenstatt durante su V Cap\u00edtulo General. En esa ocasi\u00f3n, presentaron al Santo Padre la nueva direcci\u00f3n general del Instituto, junto con sus esperanzas y planes para los pr\u00f3ximos a\u00f1os. Ese mismo d\u00eda, entregaron simb\u00f3licamente la llave del Santuario Original al Papa. El Santo Padre agradeci\u00f3 la visita y, en su discurso, comparti\u00f3 algunas reflexiones y consejos \u2013 <a href=\"https:\/\/www.vatican.va\/content\/francesco\/es\/speeches\/2015\/september\/documents\/papa-francesco_20150903_sacerdoti-schonstatt.html\" target=\"_blank\" rel=\"noreferrer noopener\"><mark style=\"color:#d97812\" class=\"has-inline-color\">vea el texto completo aqu\u00ed.<\/mark><\/a><\/p>\n\n\n\n<figure class=\"wp-block-embed is-type-video is-provider-youtube wp-block-embed-youtube wp-embed-aspect-16-9 wp-has-aspect-ratio\"><div class=\"wp-block-embed__wrapper\">\n<iframe title=\"Papa a Movimiento de Sch\u00f6nstatt: El carisma no hay que guardarlo. Hay que dejar que salga\" width=\"800\" height=\"450\" src=\"https:\/\/www.youtube.com\/embed\/IWQWjxa4JNU?feature=oembed\" frameborder=\"0\" allow=\"accelerometer; autoplay; clipboard-write; encrypted-media; gyroscope; picture-in-picture; web-share\" referrerpolicy=\"strict-origin-when-cross-origin\" allowfullscreen><\/iframe>\n<\/div><\/figure>\n\n\n\n<p><strong>26 de octubre de 2017 \u2013 Encuentro de la Presidencia General de Schoenstatt con el Papa<br><\/strong>La Presidencia General de la Obra de Schoenstatt tuvo la oportunidad de saludar al Papa Francisco despu\u00e9s de la celebraci\u00f3n de la Eucarist\u00eda en la Casa Santa Marta. Los miembros de la Presidencia se encontraban en Roma para una semana de trabajo y, en esa ocasi\u00f3n, pudieron encontrarse con el Pont\u00edfice.<\/p>\n\n\n\n<p><strong>16 de enero de 2018 \u2013 Las Hermanas de Mar\u00eda cantan para el Papa en Chile<br><\/strong>El Papa Francisco visit\u00f3 Chile del 15 al 18 de enero. Durante el encuentro con las personas consagradas, un grupo de 15 Hermanas de Mar\u00eda cant\u00f3 en el coro. Una de las canciones fue \u201c\u00a1Al\u00e9grate, Mar\u00eda!\u201d, compuesta por la Hna. Mar\u00eda del Rosario Argando\u00f1a, Hermana de Mar\u00eda de Schoenstatt. Esta canci\u00f3n tambi\u00e9n fue interpretada por otro coro durante el encuentro del Papa con los j\u00f3venes de Chile.<\/p>\n\n\n\n<p><strong>25 de diciembre de 2019 \u2013 El Papa bendice el pesebre de Schoenstatt<br><\/strong>El pesebre montado en Schoenstatt para la Navidad de 2019 gan\u00f3 un concurso organizado por el Vaticano en Facebook. El premio fue la bendici\u00f3n del Santo Padre para el pesebre (ubicado en la Iglesia de la Adoraci\u00f3n) y para todos los que lo visitaran. Los periodistas In\u00e9s Schaberger y Mario Galg\u00e1n, del equipo alem\u00e1n de Vatican News, llevaron una foto del pesebre al Papa para que la bendijera.<\/p>\n\n\n\n<p><strong>1 de septiembre de 2022 \u2013 Encuentro con los Padres de Schoenstatt<br><\/strong>Al finalizar su VI Cap\u00edtulo General, los Padres de Schoenstatt se reunieron con el Papa Francisco. <a href=\"https:\/\/www.vatican.va\/content\/francesco\/es\/speeches\/2022\/september\/documents\/20220901-padri-schonstatt.html\" target=\"_blank\" rel=\"noreferrer noopener\"><mark style=\"color:#d97812\" class=\"has-inline-color\">Lea el mensaje completo aqu\u00ed.<\/mark><\/a><\/p>\n\n\n\n<figure class=\"wp-block-image size-full\"><img decoding=\"async\" src=\"https:\/\/schoenstatt.com\/wp-content\/uploads\/2025\/04\/Pope-Francis-Schoenstatt-Fathers.jpeg\" alt=\"\" class=\"wp-image-48782\" \/><\/figure>\n\n\n\n<p><strong>7 de febrero de 2024 \u2013 Los seminaristas de Schoenstatt reciben una sorpresa<br><\/strong>Una alegre sorpresa llen\u00f3 los corazones de un grupo de j\u00f3venes seminaristas de los Padres de Schoenstatt. De forma inesperada, fueron recibidos por el Papa Francisco durante la Audiencia General del mi\u00e9rcoles \u2013 <a href=\"https:\/\/schoenstatt.com\/es\/cuando-el-papa-quiere-saludarte-schoenstatt-vengan-rapido\/\"><mark style=\"color:#d97812\" class=\"has-inline-color\">lea m\u00e1s aqu\u00ed.<\/mark><\/a><\/p>\n\n\n\n<p><strong>16 de octubre de 2024 \u2013 El Papa Francisco bendice la corona de Belmonte<br><\/strong>Tres representantes del Movimiento Apost\u00f3lico de Schoenstatt <a href=\"https:\/\/schoenstatt.com\/es\/el-papa-francisco-bendice-la-corona-de-belmonte\/\"><mark style=\"color:#d97812\" class=\"has-inline-color\">se reunieron con el Papa Francisco<\/mark><\/a> y le pidieron la bendici\u00f3n para la corona del Santuario Internacional de Belmonte\/Roma. La corona ser\u00e1 ofrecida a la Madre de Dios por todo el Movimiento en junio de 2025. La MTA ser\u00e1 coronada como \u201cReina Madre de la Iglesia\u201d en Belmonte.<\/p>\n\n\n\n<h2 class=\"wp-block-heading\" id=\"h-bendiciones-apostolicas\"><strong><strong>Bendiciones Apost\u00f3licas<\/strong><\/strong><\/h2>\n\n\n\n<p>Muchas cartas y bendiciones apost\u00f3licas han sido concedidas a lo largo de los a\u00f1os. A continuaci\u00f3n, algunos ejemplos:<\/p>\n\n\n\n<p><strong>Bendici\u00f3n para el Santuario de Caieiras, Brasil<br><\/strong>El 17 de septiembre de 2017, la Familia de Schoenstatt recibi\u00f3 con entusiasmo el mensaje del Papa para la bendici\u00f3n del Santuario de Caieiras, Brasil.<\/p>\n\n\n\n<p><strong>Bendici\u00f3n para el Santuario Nacional de Florencio Varela, Argentina<br><\/strong>El Papa Francisco tambi\u00e9n estuvo espiritualmente presente en el jubileo de los <a href=\"https:\/\/schoenstatt.com\/es\/a-70-anos-del-primer-santuario-de-schoenstatt-en-argentina-y-el-papa-no-quiso-faltar\/\"><mark style=\"color:#d97812\" class=\"has-inline-color\">70 a\u00f1os del Santuario Nacional de Schoenstatt en Argentina<\/mark><\/a>. Envi\u00f3 una carta y un pa\u00f1uelo firmado. Vea m\u00e1s en el video:<\/p>\n\n\n\n<figure class=\"wp-block-embed is-type-video is-provider-youtube wp-block-embed-youtube wp-embed-aspect-4-3 wp-has-aspect-ratio\"><div class=\"wp-block-embed__wrapper\">\n<iframe title=\"Pa\u00f1uelo del Papa Francisco - Semana de Alianza 2022\" width=\"800\" height=\"600\" src=\"https:\/\/www.youtube.com\/embed\/T_W4eLQBO2c?feature=oembed\" frameborder=\"0\" allow=\"accelerometer; autoplay; clipboard-write; encrypted-media; gyroscope; picture-in-picture; web-share\" referrerpolicy=\"strict-origin-when-cross-origin\" allowfullscreen><\/iframe>\n<\/div><\/figure>\n\n\n\n<p><strong>Bendici\u00f3n para la Juventud de Schoenstatt de Brasil<br><\/strong>En su camino hacia la JMJ de Lisboa, los j\u00f3venes de Brasil enfrentaron muchos desaf\u00edos y escribieron al Papa compartiendo su recorrido. El Santo Padre les respondi\u00f3 con una carta y su bendici\u00f3n en julio de 2023 \u2013 <a href=\"https:\/\/schoenstatt.org.br\/2023\/07\/25\/resposta-do-papa-francisco-aos-jovens-de-schoenstatt-no-brasil\/\" target=\"_blank\" rel=\"noreferrer noopener\"><mark style=\"color:#d97812\" class=\"has-inline-color\">lea m\u00e1s aqu\u00ed.<\/mark><\/a><\/p>\n\n\n\n<p><strong>Bendici\u00f3n para el Santuario de San Juan, Argentina<br><\/strong>Con inmensa alegr\u00eda, la Familia de Schoenstatt de San Juan recibi\u00f3 la Bendici\u00f3n Apost\u00f3lica del Papa Francisco, transmitida por el Nuncio Apost\u00f3lico, Mons. Miroslav Adamczyk. El mensaje fue presentado el 21 de agosto de 2024.<\/p>\n\n\n\n<p><strong>Mensaje en video y bendici\u00f3n para el Santuario de Monterrey, M\u00e9xico<br><\/strong>El Santo Padre envi\u00f3 un <a href=\"https:\/\/www.instagram.com\/reel\/DGtpuR0h2av\/?utm_source=ig_web_copy_link&amp;igsh=MzRlODBiNWFlZA==\" target=\"_blank\" rel=\"noreferrer noopener\"><mark style=\"color:#d97812\" class=\"has-inline-color\">mensaje en video a la Familia de Schoenstatt de M\u00e9xico<\/mark><\/a> con motivo de la inauguraci\u00f3n del Santuario de Monterrey, el 28 de febrero de 2025.<\/p>\n\n\n\n<p>Seguramente, muchos eventos quedaron fuera. Si deseas compartir algo que consideres significativo, escribe a: info@schoenstatt.com.<\/p>\n\n\n\n<p><\/p>\n","protected":false},"excerpt":{"rendered":"<p>Recordemos algunos momentos destacados de los encuentros que nuestra Familia de Schoenstatt ha tenido con el Santo Padre a lo largo de los a\u00f1os.<\/p>\n","protected":false},"author":3,"featured_media":48781,"comment_status":"closed","ping_status":"closed","sticky":false,"template":"","format":"standard","meta":{"footnotes":""},"categories":[683,800],"tags":[1296,1302],"class_list":["post-48808","post","type-post","status-publish","format-standard","has-post-thumbnail","hentry","category-iglesia-es","category-papa-francisco-es","tag-iglesia-es","tag-papa-francisco-es"],"yoast_head":"<!-- This site is optimized with the Yoast SEO Premium plugin v27.4 (Yoast SEO v27.4) - https:\/\/yoast.com\/product\/yoast-seo-premium-wordpress\/ -->\n<title>Encuentros del Papa Francisco con Schoenstatt - Schoenstatt<\/title>\n<meta name=\"description\" content=\"Recordemos algunos momentos destacados de los encuentros que nuestra Familia de Schoenstatt ha tenido con el Santo Padre a lo largo de los a\u00f1os.\" \/>\n<meta name=\"robots\" content=\"index, follow, max-snippet:-1, max-image-preview:large, max-video-preview:-1\" \/>\n<link rel=\"canonical\" href=\"https:\/\/schoenstatt.com\/es\/encuentros-del-papa-francisco-con-schoenstatt\/\" \/>\n<meta property=\"og:locale\" content=\"es_ES\" \/>\n<meta property=\"og:type\" content=\"article\" \/>\n<meta property=\"og:title\" content=\"Encuentros del Papa Francisco con Schoenstatt\" \/>\n<meta property=\"og:description\" content=\"Recordemos algunos momentos destacados de los encuentros que nuestra Familia de Schoenstatt ha tenido con el Santo Padre a lo largo de los a\u00f1os.\" \/>\n<meta property=\"og:url\" content=\"https:\/\/schoenstatt.com\/es\/encuentros-del-papa-francisco-con-schoenstatt\/\" \/>\n<meta property=\"og:site_name\" content=\"Schoenstatt\" \/>\n<meta property=\"article:published_time\" content=\"2025-04-22T12:26:13+00:00\" \/>\n<meta property=\"article:modified_time\" content=\"2025-08-20T23:41:49+00:00\" \/>\n<meta property=\"og:image\" content=\"https:\/\/schoenstatt.com\/wp-content\/uploads\/2025\/04\/pope-francis-general-presidium-schoenstatt.webp\" \/>\n\t<meta property=\"og:image:width\" content=\"1600\" \/>\n\t<meta property=\"og:image:height\" content=\"969\" \/>\n\t<meta property=\"og:image:type\" content=\"image\/jpeg\" \/>\n<meta name=\"author\" content=\"Karen Bueno\" \/>\n<meta name=\"twitter:card\" content=\"summary_large_image\" \/>\n<meta name=\"twitter:label1\" content=\"Escrito por\" \/>\n\t<meta name=\"twitter:data1\" content=\"Karen Bueno\" \/>\n\t<meta name=\"twitter:label2\" content=\"Tiempo de lectura\" \/>\n\t<meta name=\"twitter:data2\" content=\"5 minutos\" \/>\n<script type=\"application\/ld+json\" class=\"yoast-schema-graph\">{\"@context\":\"https:\\\/\\\/schema.org\",\"@graph\":[{\"@type\":\"Article\",\"@id\":\"https:\\\/\\\/schoenstatt.com\\\/es\\\/encuentros-del-papa-francisco-con-schoenstatt\\\/#article\",\"isPartOf\":{\"@id\":\"https:\\\/\\\/schoenstatt.com\\\/es\\\/encuentros-del-papa-francisco-con-schoenstatt\\\/\"},\"author\":{\"name\":\"Karen Bueno\",\"@id\":\"https:\\\/\\\/schoenstatt.com\\\/es\\\/#\\\/schema\\\/person\\\/5158877ad4acae98b34daaeef2a1ce6e\"},\"headline\":\"Encuentros del Papa Francisco con Schoenstatt\",\"datePublished\":\"2025-04-22T12:26:13+00:00\",\"dateModified\":\"2025-08-20T23:41:49+00:00\",\"mainEntityOfPage\":{\"@id\":\"https:\\\/\\\/schoenstatt.com\\\/es\\\/encuentros-del-papa-francisco-con-schoenstatt\\\/\"},\"wordCount\":897,\"publisher\":{\"@id\":\"https:\\\/\\\/schoenstatt.com\\\/es\\\/#organization\"},\"image\":{\"@id\":\"https:\\\/\\\/schoenstatt.com\\\/es\\\/encuentros-del-papa-francisco-con-schoenstatt\\\/#primaryimage\"},\"thumbnailUrl\":\"https:\\\/\\\/schoenstatt.com\\\/wp-content\\\/uploads\\\/2025\\\/04\\\/pope-francis-general-presidium-schoenstatt.webp\",\"keywords\":[\"Iglesia\",\"Papa Francisco\"],\"articleSection\":[\"Iglesia\",\"Papa Francisco\"],\"inLanguage\":\"es\"},{\"@type\":\"WebPage\",\"@id\":\"https:\\\/\\\/schoenstatt.com\\\/es\\\/encuentros-del-papa-francisco-con-schoenstatt\\\/\",\"url\":\"https:\\\/\\\/schoenstatt.com\\\/es\\\/encuentros-del-papa-francisco-con-schoenstatt\\\/\",\"name\":\"Encuentros del Papa Francisco con Schoenstatt - Schoenstatt\",\"isPartOf\":{\"@id\":\"https:\\\/\\\/schoenstatt.com\\\/es\\\/#website\"},\"primaryImageOfPage\":{\"@id\":\"https:\\\/\\\/schoenstatt.com\\\/es\\\/encuentros-del-papa-francisco-con-schoenstatt\\\/#primaryimage\"},\"image\":{\"@id\":\"https:\\\/\\\/schoenstatt.com\\\/es\\\/encuentros-del-papa-francisco-con-schoenstatt\\\/#primaryimage\"},\"thumbnailUrl\":\"https:\\\/\\\/schoenstatt.com\\\/wp-content\\\/uploads\\\/2025\\\/04\\\/pope-francis-general-presidium-schoenstatt.webp\",\"datePublished\":\"2025-04-22T12:26:13+00:00\",\"dateModified\":\"2025-08-20T23:41:49+00:00\",\"description\":\"Recordemos algunos momentos destacados de los encuentros que nuestra Familia de Schoenstatt ha tenido con el Santo Padre a lo largo de los a\u00f1os.\",\"breadcrumb\":{\"@id\":\"https:\\\/\\\/schoenstatt.com\\\/es\\\/encuentros-del-papa-francisco-con-schoenstatt\\\/#breadcrumb\"},\"inLanguage\":\"es\",\"potentialAction\":[{\"@type\":\"ReadAction\",\"target\":[\"https:\\\/\\\/schoenstatt.com\\\/es\\\/encuentros-del-papa-francisco-con-schoenstatt\\\/\"]}]},{\"@type\":\"ImageObject\",\"inLanguage\":\"es\",\"@id\":\"https:\\\/\\\/schoenstatt.com\\\/es\\\/encuentros-del-papa-francisco-con-schoenstatt\\\/#primaryimage\",\"url\":\"https:\\\/\\\/schoenstatt.com\\\/wp-content\\\/uploads\\\/2025\\\/04\\\/pope-francis-general-presidium-schoenstatt.webp\",\"contentUrl\":\"https:\\\/\\\/schoenstatt.com\\\/wp-content\\\/uploads\\\/2025\\\/04\\\/pope-francis-general-presidium-schoenstatt.webp\",\"width\":1600,\"height\":969},{\"@type\":\"BreadcrumbList\",\"@id\":\"https:\\\/\\\/schoenstatt.com\\\/es\\\/encuentros-del-papa-francisco-con-schoenstatt\\\/#breadcrumb\",\"itemListElement\":[{\"@type\":\"ListItem\",\"position\":1,\"name\":\"Portada\",\"item\":\"https:\\\/\\\/schoenstatt.com\\\/es\\\/home\\\/\"},{\"@type\":\"ListItem\",\"position\":2,\"name\":\"Encuentros del Papa Francisco con Schoenstatt\"}]},{\"@type\":\"WebSite\",\"@id\":\"https:\\\/\\\/schoenstatt.com\\\/es\\\/#website\",\"url\":\"https:\\\/\\\/schoenstatt.com\\\/es\\\/\",\"name\":\"Schoenstatt\",\"description\":\"Apostolic Movement\",\"publisher\":{\"@id\":\"https:\\\/\\\/schoenstatt.com\\\/es\\\/#organization\"},\"potentialAction\":[{\"@type\":\"SearchAction\",\"target\":{\"@type\":\"EntryPoint\",\"urlTemplate\":\"https:\\\/\\\/schoenstatt.com\\\/es\\\/?s={search_term_string}\"},\"query-input\":{\"@type\":\"PropertyValueSpecification\",\"valueRequired\":true,\"valueName\":\"search_term_string\"}}],\"inLanguage\":\"es\"},{\"@type\":\"Organization\",\"@id\":\"https:\\\/\\\/schoenstatt.com\\\/es\\\/#organization\",\"name\":\"Schoenstatt\",\"url\":\"https:\\\/\\\/schoenstatt.com\\\/es\\\/\",\"logo\":{\"@type\":\"ImageObject\",\"inLanguage\":\"es\",\"@id\":\"https:\\\/\\\/schoenstatt.com\\\/es\\\/#\\\/schema\\\/logo\\\/image\\\/\",\"url\":\"https:\\\/\\\/schoenstatt.com\\\/wp-content\\\/uploads\\\/2025\\\/04\\\/logo-schoenstatt-white-696x696-1.png\",\"contentUrl\":\"https:\\\/\\\/schoenstatt.com\\\/wp-content\\\/uploads\\\/2025\\\/04\\\/logo-schoenstatt-white-696x696-1.png\",\"width\":696,\"height\":694,\"caption\":\"Schoenstatt\"},\"image\":{\"@id\":\"https:\\\/\\\/schoenstatt.com\\\/es\\\/#\\\/schema\\\/logo\\\/image\\\/\"}},{\"@type\":\"Person\",\"@id\":\"https:\\\/\\\/schoenstatt.com\\\/es\\\/#\\\/schema\\\/person\\\/5158877ad4acae98b34daaeef2a1ce6e\",\"name\":\"Karen Bueno\",\"image\":{\"@type\":\"ImageObject\",\"inLanguage\":\"es\",\"@id\":\"https:\\\/\\\/secure.gravatar.com\\\/avatar\\\/f9f4b823873154269d2b2130f195f6d41037dd0d7fc5f3cacb5c846bae70d66b?s=96&d=mm&r=g\",\"url\":\"https:\\\/\\\/secure.gravatar.com\\\/avatar\\\/f9f4b823873154269d2b2130f195f6d41037dd0d7fc5f3cacb5c846bae70d66b?s=96&d=mm&r=g\",\"contentUrl\":\"https:\\\/\\\/secure.gravatar.com\\\/avatar\\\/f9f4b823873154269d2b2130f195f6d41037dd0d7fc5f3cacb5c846bae70d66b?s=96&d=mm&r=g\",\"caption\":\"Karen Bueno\"},\"url\":\"https:\\\/\\\/schoenstatt.com\\\/es\\\/author\\\/karen-bueno\\\/\"}]}<\/script>\n<!-- \/ Yoast SEO Premium plugin. -->","yoast_head_json":{"title":"Encuentros del Papa Francisco con Schoenstatt - Schoenstatt","description":"Recordemos algunos momentos destacados de los encuentros que nuestra Familia de Schoenstatt ha tenido con el Santo Padre a lo largo de los a\u00f1os.","robots":{"index":"index","follow":"follow","max-snippet":"max-snippet:-1","max-image-preview":"max-image-preview:large","max-video-preview":"max-video-preview:-1"},"canonical":"https:\/\/schoenstatt.com\/es\/encuentros-del-papa-francisco-con-schoenstatt\/","og_locale":"es_ES","og_type":"article","og_title":"Encuentros del Papa Francisco con Schoenstatt","og_description":"Recordemos algunos momentos destacados de los encuentros que nuestra Familia de Schoenstatt ha tenido con el Santo Padre a lo largo de los a\u00f1os.","og_url":"https:\/\/schoenstatt.com\/es\/encuentros-del-papa-francisco-con-schoenstatt\/","og_site_name":"Schoenstatt","article_published_time":"2025-04-22T12:26:13+00:00","article_modified_time":"2025-08-20T23:41:49+00:00","og_image":[{"width":1600,"height":969,"url":"https:\/\/schoenstatt.com\/wp-content\/uploads\/2025\/04\/pope-francis-general-presidium-schoenstatt.webp","type":"image\/jpeg"}],"author":"Karen Bueno","twitter_card":"summary_large_image","twitter_misc":{"Escrito por":"Karen Bueno","Tiempo de lectura":"5 minutos"},"schema":{"@context":"https:\/\/schema.org","@graph":[{"@type":"Article","@id":"https:\/\/schoenstatt.com\/es\/encuentros-del-papa-francisco-con-schoenstatt\/#article","isPartOf":{"@id":"https:\/\/schoenstatt.com\/es\/encuentros-del-papa-francisco-con-schoenstatt\/"},"author":{"name":"Karen Bueno","@id":"https:\/\/schoenstatt.com\/es\/#\/schema\/person\/5158877ad4acae98b34daaeef2a1ce6e"},"headline":"Encuentros del Papa Francisco con Schoenstatt","datePublished":"2025-04-22T12:26:13+00:00","dateModified":"2025-08-20T23:41:49+00:00","mainEntityOfPage":{"@id":"https:\/\/schoenstatt.com\/es\/encuentros-del-papa-francisco-con-schoenstatt\/"},"wordCount":897,"publisher":{"@id":"https:\/\/schoenstatt.com\/es\/#organization"},"image":{"@id":"https:\/\/schoenstatt.com\/es\/encuentros-del-papa-francisco-con-schoenstatt\/#primaryimage"},"thumbnailUrl":"https:\/\/schoenstatt.com\/wp-content\/uploads\/2025\/04\/pope-francis-general-presidium-schoenstatt.webp","keywords":["Iglesia","Papa Francisco"],"articleSection":["Iglesia","Papa Francisco"],"inLanguage":"es"},{"@type":"WebPage","@id":"https:\/\/schoenstatt.com\/es\/encuentros-del-papa-francisco-con-schoenstatt\/","url":"https:\/\/schoenstatt.com\/es\/encuentros-del-papa-francisco-con-schoenstatt\/","name":"Encuentros del Papa Francisco con Schoenstatt - Schoenstatt","isPartOf":{"@id":"https:\/\/schoenstatt.com\/es\/#website"},"primaryImageOfPage":{"@id":"https:\/\/schoenstatt.com\/es\/encuentros-del-papa-francisco-con-schoenstatt\/#primaryimage"},"image":{"@id":"https:\/\/schoenstatt.com\/es\/encuentros-del-papa-francisco-con-schoenstatt\/#primaryimage"},"thumbnailUrl":"https:\/\/schoenstatt.com\/wp-content\/uploads\/2025\/04\/pope-francis-general-presidium-schoenstatt.webp","datePublished":"2025-04-22T12:26:13+00:00","dateModified":"2025-08-20T23:41:49+00:00","description":"Recordemos algunos momentos destacados de los encuentros que nuestra Familia de Schoenstatt ha tenido con el Santo Padre a lo largo de los a\u00f1os.","breadcrumb":{"@id":"https:\/\/schoenstatt.com\/es\/encuentros-del-papa-francisco-con-schoenstatt\/#breadcrumb"},"inLanguage":"es","potentialAction":[{"@type":"ReadAction","target":["https:\/\/schoenstatt.com\/es\/encuentros-del-papa-francisco-con-schoenstatt\/"]}]},{"@type":"ImageObject","inLanguage":"es","@id":"https:\/\/schoenstatt.com\/es\/encuentros-del-papa-francisco-con-schoenstatt\/#primaryimage","url":"https:\/\/schoenstatt.com\/wp-content\/uploads\/2025\/04\/pope-francis-general-presidium-schoenstatt.webp","contentUrl":"https:\/\/schoenstatt.com\/wp-content\/uploads\/2025\/04\/pope-francis-general-presidium-schoenstatt.webp","width":1600,"height":969},{"@type":"BreadcrumbList","@id":"https:\/\/schoenstatt.com\/es\/encuentros-del-papa-francisco-con-schoenstatt\/#breadcrumb","itemListElement":[{"@type":"ListItem","position":1,"name":"Portada","item":"https:\/\/schoenstatt.com\/es\/home\/"},{"@type":"ListItem","position":2,"name":"Encuentros del Papa Francisco con Schoenstatt"}]},{"@type":"WebSite","@id":"https:\/\/schoenstatt.com\/es\/#website","url":"https:\/\/schoenstatt.com\/es\/","name":"Schoenstatt","description":"Apostolic Movement","publisher":{"@id":"https:\/\/schoenstatt.com\/es\/#organization"},"potentialAction":[{"@type":"SearchAction","target":{"@type":"EntryPoint","urlTemplate":"https:\/\/schoenstatt.com\/es\/?s={search_term_string}"},"query-input":{"@type":"PropertyValueSpecification","valueRequired":true,"valueName":"search_term_string"}}],"inLanguage":"es"},{"@type":"Organization","@id":"https:\/\/schoenstatt.com\/es\/#organization","name":"Schoenstatt","url":"https:\/\/schoenstatt.com\/es\/","logo":{"@type":"ImageObject","inLanguage":"es","@id":"https:\/\/schoenstatt.com\/es\/#\/schema\/logo\/image\/","url":"https:\/\/schoenstatt.com\/wp-content\/uploads\/2025\/04\/logo-schoenstatt-white-696x696-1.png","contentUrl":"https:\/\/schoenstatt.com\/wp-content\/uploads\/2025\/04\/logo-schoenstatt-white-696x696-1.png","width":696,"height":694,"caption":"Schoenstatt"},"image":{"@id":"https:\/\/schoenstatt.com\/es\/#\/schema\/logo\/image\/"}},{"@type":"Person","@id":"https:\/\/schoenstatt.com\/es\/#\/schema\/person\/5158877ad4acae98b34daaeef2a1ce6e","name":"Karen Bueno","image":{"@type":"ImageObject","inLanguage":"es","@id":"https:\/\/secure.gravatar.com\/avatar\/f9f4b823873154269d2b2130f195f6d41037dd0d7fc5f3cacb5c846bae70d66b?s=96&d=mm&r=g","url":"https:\/\/secure.gravatar.com\/avatar\/f9f4b823873154269d2b2130f195f6d41037dd0d7fc5f3cacb5c846bae70d66b?s=96&d=mm&r=g","contentUrl":"https:\/\/secure.gravatar.com\/avatar\/f9f4b823873154269d2b2130f195f6d41037dd0d7fc5f3cacb5c846bae70d66b?s=96&d=mm&r=g","caption":"Karen Bueno"},"url":"https:\/\/schoenstatt.com\/es\/author\/karen-bueno\/"}]}},"_links":{"self":[{"href":"https:\/\/schoenstatt.com\/es\/wp-json\/wp\/v2\/posts\/48808","targetHints":{"allow":["GET"]}}],"collection":[{"href":"https:\/\/schoenstatt.com\/es\/wp-json\/wp\/v2\/posts"}],"about":[{"href":"https:\/\/schoenstatt.com\/es\/wp-json\/wp\/v2\/types\/post"}],"author":[{"embeddable":true,"href":"https:\/\/schoenstatt.com\/es\/wp-json\/wp\/v2\/users\/3"}],"replies":[{"embeddable":true,"href":"https:\/\/schoenstatt.com\/es\/wp-json\/wp\/v2\/comments?post=48808"}],"version-history":[{"count":4,"href":"https:\/\/schoenstatt.com\/es\/wp-json\/wp\/v2\/posts\/48808\/revisions"}],"predecessor-version":[{"id":62939,"href":"https:\/\/schoenstatt.com\/es\/wp-json\/wp\/v2\/posts\/48808\/revisions\/62939"}],"wp:featuredmedia":[{"embeddable":true,"href":"https:\/\/schoenstatt.com\/es\/wp-json\/wp\/v2\/media\/48781"}],"wp:attachment":[{"href":"https:\/\/schoenstatt.com\/es\/wp-json\/wp\/v2\/media?parent=48808"}],"wp:term":[{"taxonomy":"category","embeddable":true,"href":"https:\/\/schoenstatt.com\/es\/wp-json\/wp\/v2\/categories?post=48808"},{"taxonomy":"post_tag","embeddable":true,"href":"https:\/\/schoenstatt.com\/es\/wp-json\/wp\/v2\/tags?post=48808"}],"curies":[{"name":"wp","href":"https:\/\/api.w.org\/{rel}","templated":true}]}}