{"id":44511,"date":"2025-04-15T19:58:20","date_gmt":"2025-04-15T17:58:20","guid":{"rendered":"https:\/\/schoenstatt.com\/?p=44511"},"modified":"2025-08-19T21:09:00","modified_gmt":"2025-08-19T19:09:00","slug":"peregrinos-de-la-alegria-jubileo-de-75-anos-de-la-federacion-de-familias","status":"publish","type":"post","link":"https:\/\/schoenstatt.com\/es\/peregrinos-de-la-alegria-jubileo-de-75-anos-de-la-federacion-de-familias\/","title":{"rendered":"Peregrinos de la Alegr\u00eda:Jubileo de 75 a\u00f1os de la Federaci\u00f3n de Familias"},"content":{"rendered":"\n<p>En 2025, la <a href=\"https:\/\/schoenstatt.com\/es\/comunidades\/family\/federacion-apostolica-de-familias-internacional-de-schoenstatt\/\"><mark style=\"background-color:rgba(0, 0, 0, 0);color:#ea7212\" class=\"has-inline-color\">Federaci\u00f3n Apost\u00f3lica de Familias de Schoenstatt<\/mark><\/a> celebrar\u00e1 su 75 aniversario. Para marcar este tiempo de gracia, se celebrar\u00e1 un encuentro internacional en Schoenstatt y matrimonios de todo el mundo celebrar\u00e1n el jubileo.<\/p>\n\n\n\n<p>La fundaci\u00f3n de la <a href=\"https:\/\/fafis.org\/es\/home-1-espanol\/\" target=\"_blank\" rel=\"noreferrer noopener\"><mark style=\"background-color:rgba(0, 0, 0, 0);color:#ea7212\" class=\"has-inline-color\">Federaci\u00f3n de Familias<\/mark><\/a> se realiz\u00f3 el domingo de la Sant\u00edsima Trinidad, el 4 de junio de 1950, con la aceptaci\u00f3n de las familias del Primer Curso de Alemania a la primera consagraci\u00f3n, por el Padre Fundador, P. Jos\u00e9 Kentenich, en el Santuario Original.<\/p>\n\n\n\n<p>Ese acontecimiento, del que pronto se cumplir\u00e1n 75 a\u00f1os, marc\u00f3 el inicio de una nueva comunidad \u201cpars motrix\u201d perteneciente a la Obra de Familias del Movimiento. D\u00e9cadas m\u00e1s tarde, en diferentes pa\u00edses de \u00c1frica, Am\u00e9rica y Europa se sumar\u00edan nuevas fundaciones, hasta alcanzar la cifra de 20 territorios que conforman la Federaci\u00f3n de Familias en la actualidad.<\/p>\n\n\n\n<h3 class=\"wp-block-heading\" id=\"h-un-encuentro-internacional\"><strong><strong>Un Encuentro Internacional<\/strong><\/strong><\/h3>\n\n\n\n<p>Por tal motivo y satisfaciendo un anhelo com\u00fan expresado en el \u00faltimo Cap\u00edtulo General de 2022, <strong>del 13 al 15 de junio<\/strong> pr\u00f3ximos, bajo el lema <em>\u201cPeregrinos de la Alegr\u00eda, vamos Familia\u201d,<\/em> desarrollaremos en Schoenstatt un Encuentro Internacional.<\/p>\n\n\n\n<figure class=\"wp-block-image size-full\"><img decoding=\"async\" src=\"https:\/\/schoenstatt.com\/wp-content\/uploads\/2025\/04\/Logo-Schoenstatt-Family-Federation.png\" alt=\"\" class=\"wp-image-44504\"\/><\/figure>\n\n\n\n<p>En el marco del A\u00f1o Jubilar de la Esperanza, al que nos convoca la Iglesia, y a partir de la celebraci\u00f3n de un hecho hist\u00f3rico que marca nuestra identidad, aspiramos a que este Encuentro nos permita alcanzar un triple objetivo:<\/p>\n\n\n\n<ul class=\"wp-block-list\">\n<li>recordar y agradecer a nuestro Padre Fundador y a la generaci\u00f3n fundadora por su entrega y su audacia,<\/li>\n\n\n\n<li>estimular el conocimiento y la vinculaci\u00f3n entre los diferentes territorios y<\/li>\n\n\n\n<li>reencendernos mutuamente en la conciencia de misi\u00f3n y reflexionar sobre el llamado a nuestra vocaci\u00f3n apost\u00f3lica al servicio de la Iglesia, en medio de los desaf\u00edos de la sociedad y del mundo.<\/li>\n<\/ul>\n\n\n\n<p><\/p>\n\n\n\n<p>La Federaci\u00f3n de Familias de Alemania, en su car\u00e1cter de anfitriona, constituy\u00f3 un Equipo Organizador que, en estrecho contacto con la Direcci\u00f3n Internacional, ha ido preparando un programa de actividades variado y atractivo, adem\u00e1s de contemplar todas las previsiones log\u00edsticas que un encuentro de esta magnitud conlleva.<\/p>\n\n\n\n<p><strong>M\u00e1s de 400 personas<\/strong>, provenientes de los diferentes territorios, nos daremos cita en Schoenstatt a lo largo de tres d\u00edas, alojados en las diferentes casas del valle y frecuentando la Iglesia del Peregrino, el Santuario Original, la Casa de la Alianza y otras instalaciones, donde tendr\u00e1n lugar las diferentes actividades.<\/p>\n\n\n\n<p>El Programa fue concebido sobre la base de un hilo conductor: \u201cPasado, presente y futuro\u201d de la vida de nuestra Federaci\u00f3n de Familias. En su desarrollo habr\u00e1 celebraciones lit\u00fargicas, espacios tem\u00e1ticos con testimonios, videos, entrevistas, exposiciones, talleres y un fog\u00f3n nocturno con animaci\u00f3n musical.<\/p>\n\n\n\n<p>Uno de los momentos culminantes ser\u00e1 la renovaci\u00f3n de la Consagraci\u00f3n como familias federadas, frente al Santuario Original el s\u00e1bado 14 por la tarde.<\/p>\n\n\n\n<h3 class=\"wp-block-heading\" id=\"h-misa-de-envio\"><strong><strong>Misa de Env\u00edo<\/strong><\/strong><\/h3>\n\n\n\n<p>El domingo 15 visitaremos la \u201cGranja Jos\u00e9 Kentenich\u201d en Hillscheid (sede de la Federaci\u00f3n de Familias de Alemania) y a escasa distancia de Schoenstatt, para luego asistir a la \u201cMisa de Env\u00edo\u201d frente al Santuario Internacional de la Federaci\u00f3n de Familias, que ser\u00e1 presidida por Monse\u00f1or Michael Gerber, Obispo de Fulda y miembro del Instituto de Sacerdotes Diocesanos de Schoenstatt.<\/p>\n\n\n\n<p>Con la participaci\u00f3n de todas las familias que ya han comprometido su asistencia y gracias al trabajo esmerado del Equipo Organizador, confiamos que hemos de vivir una experiencia fraterna muy gratificante y a la vez inspiradora.<\/p>\n\n\n\n<p>Como en toda peregrinaci\u00f3n, ser\u00e1 muy importante la preparaci\u00f3n espiritual y la actitud con la que partimos. Para ello nos parece oportuno recordar una de las frases de la oraci\u00f3n preparatoria de este Jubileo:<\/p>\n\n\n\n<blockquote class=\"wp-block-quote is-layout-flow wp-block-quote-is-layout-flow\">\n<p class=\"has-text-color has-link-color wp-elements-28cbc61e318a94a0606b445c3167a0e3\" style=\"color:#ea7212;margin-top:0;margin-right:0;margin-bottom:0;margin-left:0\"><em>\u2026 <em>\u201ca trav\u00e9s de Mar\u00eda imploramos al Esp\u00edritu Santo que nos renueve en este tiempo de gracia, que sepamos interpretar correctamente los signos de los tiempos, ponernos en camino con valent\u00eda con el bast\u00f3n del peregrino en nuestras manos y comprometernos con un \u2018coraz\u00f3n ardiente\u2019, all\u00ed donde nos necesites como instrumentos tuyos\u201d.<\/em><\/em><\/p>\n<\/blockquote>\n\n\n\n<p>Quedamos en eso, permanecemos fieles!<\/p>\n","protected":false},"excerpt":{"rendered":"<p>M\u00e1s de 400 personas se reunir\u00e1n en Schoenstatt para celebrar el jubileo de 75 a\u00f1os de la Federaci\u00f3n Apost\u00f3lica de Familias. <\/p>\n","protected":false},"author":3,"featured_media":39560,"comment_status":"closed","ping_status":"closed","sticky":false,"template":"","format":"standard","meta":{"footnotes":""},"categories":[909,877],"tags":[631,943,1149,1045],"class_list":["post-44511","post","type-post","status-publish","format-standard","has-post-thumbnail","hentry","category-comunidades-de-schoenstatt-es","category-familia-es","tag-familia-es","tag-federacion-apostolica-es","tag-federacion-de-familias-de-schoenstatt-es","tag-jubileo-es"],"yoast_head":"<!-- This site is optimized with the Yoast SEO Premium plugin v27.4 (Yoast SEO v27.4) - https:\/\/yoast.com\/product\/yoast-seo-premium-wordpress\/ -->\n<title>Peregrinos de la Alegr\u00eda:Jubileo de 75 a\u00f1os de la Federaci\u00f3n de Familias<\/title>\n<meta name=\"description\" content=\"M\u00e1s de 400 personas se reunir\u00e1n en Schoenstatt para celebrar el jubileo de 75 a\u00f1os de la Federaci\u00f3n Apost\u00f3lica de Familias.\" \/>\n<meta name=\"robots\" content=\"index, follow, max-snippet:-1, max-image-preview:large, max-video-preview:-1\" \/>\n<link rel=\"canonical\" href=\"https:\/\/schoenstatt.com\/es\/peregrinos-de-la-alegria-jubileo-de-75-anos-de-la-federacion-de-familias\/\" \/>\n<meta property=\"og:locale\" content=\"es_ES\" \/>\n<meta property=\"og:type\" content=\"article\" \/>\n<meta property=\"og:title\" content=\"Peregrinos de la Alegr\u00eda:Jubileo de 75 a\u00f1os de la Federaci\u00f3n de Familias\" \/>\n<meta property=\"og:description\" content=\"M\u00e1s de 400 personas se reunir\u00e1n en Schoenstatt para celebrar el jubileo de 75 a\u00f1os de la Federaci\u00f3n Apost\u00f3lica de Familias.\" \/>\n<meta property=\"og:url\" content=\"https:\/\/schoenstatt.com\/es\/peregrinos-de-la-alegria-jubileo-de-75-anos-de-la-federacion-de-familias\/\" \/>\n<meta property=\"og:site_name\" content=\"Schoenstatt\" \/>\n<meta property=\"article:published_time\" content=\"2025-04-15T17:58:20+00:00\" \/>\n<meta property=\"article:modified_time\" content=\"2025-08-19T19:09:00+00:00\" \/>\n<meta property=\"og:image\" content=\"https:\/\/schoenstatt.com\/wp-content\/uploads\/2024\/06\/federacion-de-familias-family-federation-1-1.jpg\" \/>\n\t<meta property=\"og:image:width\" content=\"1252\" \/>\n\t<meta property=\"og:image:height\" content=\"960\" \/>\n\t<meta property=\"og:image:type\" content=\"image\/jpeg\" \/>\n<meta name=\"author\" content=\"Karen Bueno\" \/>\n<meta name=\"twitter:card\" content=\"summary_large_image\" \/>\n<meta name=\"twitter:label1\" content=\"Escrito por\" \/>\n\t<meta name=\"twitter:data1\" content=\"Karen Bueno\" \/>\n\t<meta name=\"twitter:label2\" content=\"Tiempo de lectura\" \/>\n\t<meta name=\"twitter:data2\" content=\"4 minutos\" \/>\n<script type=\"application\/ld+json\" class=\"yoast-schema-graph\">{\"@context\":\"https:\\\/\\\/schema.org\",\"@graph\":[{\"@type\":\"Article\",\"@id\":\"https:\\\/\\\/schoenstatt.com\\\/es\\\/peregrinos-de-la-alegria-jubileo-de-75-anos-de-la-federacion-de-familias\\\/#article\",\"isPartOf\":{\"@id\":\"https:\\\/\\\/schoenstatt.com\\\/es\\\/peregrinos-de-la-alegria-jubileo-de-75-anos-de-la-federacion-de-familias\\\/\"},\"author\":{\"name\":\"Karen Bueno\",\"@id\":\"https:\\\/\\\/schoenstatt.com\\\/es\\\/#\\\/schema\\\/person\\\/5158877ad4acae98b34daaeef2a1ce6e\"},\"headline\":\"Peregrinos de la Alegr\u00eda:Jubileo de 75 a\u00f1os de la Federaci\u00f3n de Familias\",\"datePublished\":\"2025-04-15T17:58:20+00:00\",\"dateModified\":\"2025-08-19T19:09:00+00:00\",\"mainEntityOfPage\":{\"@id\":\"https:\\\/\\\/schoenstatt.com\\\/es\\\/peregrinos-de-la-alegria-jubileo-de-75-anos-de-la-federacion-de-familias\\\/\"},\"wordCount\":698,\"publisher\":{\"@id\":\"https:\\\/\\\/schoenstatt.com\\\/es\\\/#organization\"},\"image\":{\"@id\":\"https:\\\/\\\/schoenstatt.com\\\/es\\\/peregrinos-de-la-alegria-jubileo-de-75-anos-de-la-federacion-de-familias\\\/#primaryimage\"},\"thumbnailUrl\":\"https:\\\/\\\/schoenstatt.com\\\/wp-content\\\/uploads\\\/2024\\\/06\\\/federacion-de-familias-family-federation-1-1.jpg\",\"keywords\":[\"Familia\",\"Federaci\u00f3n Apost\u00f3lica\",\"Federaci\u00f3n de Familias de Schoenstatt\",\"Jubileo\"],\"articleSection\":[\"Comunidades de Schoenstatt\",\"Familia\"],\"inLanguage\":\"es\"},{\"@type\":\"WebPage\",\"@id\":\"https:\\\/\\\/schoenstatt.com\\\/es\\\/peregrinos-de-la-alegria-jubileo-de-75-anos-de-la-federacion-de-familias\\\/\",\"url\":\"https:\\\/\\\/schoenstatt.com\\\/es\\\/peregrinos-de-la-alegria-jubileo-de-75-anos-de-la-federacion-de-familias\\\/\",\"name\":\"Peregrinos de la Alegr\u00eda:Jubileo de 75 a\u00f1os de la Federaci\u00f3n de Familias\",\"isPartOf\":{\"@id\":\"https:\\\/\\\/schoenstatt.com\\\/es\\\/#website\"},\"primaryImageOfPage\":{\"@id\":\"https:\\\/\\\/schoenstatt.com\\\/es\\\/peregrinos-de-la-alegria-jubileo-de-75-anos-de-la-federacion-de-familias\\\/#primaryimage\"},\"image\":{\"@id\":\"https:\\\/\\\/schoenstatt.com\\\/es\\\/peregrinos-de-la-alegria-jubileo-de-75-anos-de-la-federacion-de-familias\\\/#primaryimage\"},\"thumbnailUrl\":\"https:\\\/\\\/schoenstatt.com\\\/wp-content\\\/uploads\\\/2024\\\/06\\\/federacion-de-familias-family-federation-1-1.jpg\",\"datePublished\":\"2025-04-15T17:58:20+00:00\",\"dateModified\":\"2025-08-19T19:09:00+00:00\",\"description\":\"M\u00e1s de 400 personas se reunir\u00e1n en Schoenstatt para celebrar el jubileo de 75 a\u00f1os de la Federaci\u00f3n Apost\u00f3lica de Familias.\",\"breadcrumb\":{\"@id\":\"https:\\\/\\\/schoenstatt.com\\\/es\\\/peregrinos-de-la-alegria-jubileo-de-75-anos-de-la-federacion-de-familias\\\/#breadcrumb\"},\"inLanguage\":\"es\",\"potentialAction\":[{\"@type\":\"ReadAction\",\"target\":[\"https:\\\/\\\/schoenstatt.com\\\/es\\\/peregrinos-de-la-alegria-jubileo-de-75-anos-de-la-federacion-de-familias\\\/\"]}]},{\"@type\":\"ImageObject\",\"inLanguage\":\"es\",\"@id\":\"https:\\\/\\\/schoenstatt.com\\\/es\\\/peregrinos-de-la-alegria-jubileo-de-75-anos-de-la-federacion-de-familias\\\/#primaryimage\",\"url\":\"https:\\\/\\\/schoenstatt.com\\\/wp-content\\\/uploads\\\/2024\\\/06\\\/federacion-de-familias-family-federation-1-1.jpg\",\"contentUrl\":\"https:\\\/\\\/schoenstatt.com\\\/wp-content\\\/uploads\\\/2024\\\/06\\\/federacion-de-familias-family-federation-1-1.jpg\",\"width\":1252,\"height\":960},{\"@type\":\"BreadcrumbList\",\"@id\":\"https:\\\/\\\/schoenstatt.com\\\/es\\\/peregrinos-de-la-alegria-jubileo-de-75-anos-de-la-federacion-de-familias\\\/#breadcrumb\",\"itemListElement\":[{\"@type\":\"ListItem\",\"position\":1,\"name\":\"Portada\",\"item\":\"https:\\\/\\\/schoenstatt.com\\\/es\\\/home\\\/\"},{\"@type\":\"ListItem\",\"position\":2,\"name\":\"Peregrinos de la Alegr\u00eda:Jubileo de 75 a\u00f1os de la Federaci\u00f3n de Familias\"}]},{\"@type\":\"WebSite\",\"@id\":\"https:\\\/\\\/schoenstatt.com\\\/es\\\/#website\",\"url\":\"https:\\\/\\\/schoenstatt.com\\\/es\\\/\",\"name\":\"Schoenstatt\",\"description\":\"Apostolic Movement\",\"publisher\":{\"@id\":\"https:\\\/\\\/schoenstatt.com\\\/es\\\/#organization\"},\"potentialAction\":[{\"@type\":\"SearchAction\",\"target\":{\"@type\":\"EntryPoint\",\"urlTemplate\":\"https:\\\/\\\/schoenstatt.com\\\/es\\\/?s={search_term_string}\"},\"query-input\":{\"@type\":\"PropertyValueSpecification\",\"valueRequired\":true,\"valueName\":\"search_term_string\"}}],\"inLanguage\":\"es\"},{\"@type\":\"Organization\",\"@id\":\"https:\\\/\\\/schoenstatt.com\\\/es\\\/#organization\",\"name\":\"Schoenstatt\",\"url\":\"https:\\\/\\\/schoenstatt.com\\\/es\\\/\",\"logo\":{\"@type\":\"ImageObject\",\"inLanguage\":\"es\",\"@id\":\"https:\\\/\\\/schoenstatt.com\\\/es\\\/#\\\/schema\\\/logo\\\/image\\\/\",\"url\":\"https:\\\/\\\/schoenstatt.com\\\/wp-content\\\/uploads\\\/2025\\\/04\\\/logo-schoenstatt-white-696x696-1.png\",\"contentUrl\":\"https:\\\/\\\/schoenstatt.com\\\/wp-content\\\/uploads\\\/2025\\\/04\\\/logo-schoenstatt-white-696x696-1.png\",\"width\":696,\"height\":694,\"caption\":\"Schoenstatt\"},\"image\":{\"@id\":\"https:\\\/\\\/schoenstatt.com\\\/es\\\/#\\\/schema\\\/logo\\\/image\\\/\"}},{\"@type\":\"Person\",\"@id\":\"https:\\\/\\\/schoenstatt.com\\\/es\\\/#\\\/schema\\\/person\\\/5158877ad4acae98b34daaeef2a1ce6e\",\"name\":\"Karen Bueno\",\"image\":{\"@type\":\"ImageObject\",\"inLanguage\":\"es\",\"@id\":\"https:\\\/\\\/secure.gravatar.com\\\/avatar\\\/f9f4b823873154269d2b2130f195f6d41037dd0d7fc5f3cacb5c846bae70d66b?s=96&d=mm&r=g\",\"url\":\"https:\\\/\\\/secure.gravatar.com\\\/avatar\\\/f9f4b823873154269d2b2130f195f6d41037dd0d7fc5f3cacb5c846bae70d66b?s=96&d=mm&r=g\",\"contentUrl\":\"https:\\\/\\\/secure.gravatar.com\\\/avatar\\\/f9f4b823873154269d2b2130f195f6d41037dd0d7fc5f3cacb5c846bae70d66b?s=96&d=mm&r=g\",\"caption\":\"Karen Bueno\"},\"url\":\"https:\\\/\\\/schoenstatt.com\\\/es\\\/author\\\/karen-bueno\\\/\"}]}<\/script>\n<!-- \/ Yoast SEO Premium plugin. -->","yoast_head_json":{"title":"Peregrinos de la Alegr\u00eda:Jubileo de 75 a\u00f1os de la Federaci\u00f3n de Familias","description":"M\u00e1s de 400 personas se reunir\u00e1n en Schoenstatt para celebrar el jubileo de 75 a\u00f1os de la Federaci\u00f3n Apost\u00f3lica de Familias.","robots":{"index":"index","follow":"follow","max-snippet":"max-snippet:-1","max-image-preview":"max-image-preview:large","max-video-preview":"max-video-preview:-1"},"canonical":"https:\/\/schoenstatt.com\/es\/peregrinos-de-la-alegria-jubileo-de-75-anos-de-la-federacion-de-familias\/","og_locale":"es_ES","og_type":"article","og_title":"Peregrinos de la Alegr\u00eda:Jubileo de 75 a\u00f1os de la Federaci\u00f3n de Familias","og_description":"M\u00e1s de 400 personas se reunir\u00e1n en Schoenstatt para celebrar el jubileo de 75 a\u00f1os de la Federaci\u00f3n Apost\u00f3lica de Familias.","og_url":"https:\/\/schoenstatt.com\/es\/peregrinos-de-la-alegria-jubileo-de-75-anos-de-la-federacion-de-familias\/","og_site_name":"Schoenstatt","article_published_time":"2025-04-15T17:58:20+00:00","article_modified_time":"2025-08-19T19:09:00+00:00","og_image":[{"width":1252,"height":960,"url":"https:\/\/schoenstatt.com\/wp-content\/uploads\/2024\/06\/federacion-de-familias-family-federation-1-1.jpg","type":"image\/jpeg"}],"author":"Karen Bueno","twitter_card":"summary_large_image","twitter_misc":{"Escrito por":"Karen Bueno","Tiempo de lectura":"4 minutos"},"schema":{"@context":"https:\/\/schema.org","@graph":[{"@type":"Article","@id":"https:\/\/schoenstatt.com\/es\/peregrinos-de-la-alegria-jubileo-de-75-anos-de-la-federacion-de-familias\/#article","isPartOf":{"@id":"https:\/\/schoenstatt.com\/es\/peregrinos-de-la-alegria-jubileo-de-75-anos-de-la-federacion-de-familias\/"},"author":{"name":"Karen Bueno","@id":"https:\/\/schoenstatt.com\/es\/#\/schema\/person\/5158877ad4acae98b34daaeef2a1ce6e"},"headline":"Peregrinos de la Alegr\u00eda:Jubileo de 75 a\u00f1os de la Federaci\u00f3n de Familias","datePublished":"2025-04-15T17:58:20+00:00","dateModified":"2025-08-19T19:09:00+00:00","mainEntityOfPage":{"@id":"https:\/\/schoenstatt.com\/es\/peregrinos-de-la-alegria-jubileo-de-75-anos-de-la-federacion-de-familias\/"},"wordCount":698,"publisher":{"@id":"https:\/\/schoenstatt.com\/es\/#organization"},"image":{"@id":"https:\/\/schoenstatt.com\/es\/peregrinos-de-la-alegria-jubileo-de-75-anos-de-la-federacion-de-familias\/#primaryimage"},"thumbnailUrl":"https:\/\/schoenstatt.com\/wp-content\/uploads\/2024\/06\/federacion-de-familias-family-federation-1-1.jpg","keywords":["Familia","Federaci\u00f3n Apost\u00f3lica","Federaci\u00f3n de Familias de Schoenstatt","Jubileo"],"articleSection":["Comunidades de Schoenstatt","Familia"],"inLanguage":"es"},{"@type":"WebPage","@id":"https:\/\/schoenstatt.com\/es\/peregrinos-de-la-alegria-jubileo-de-75-anos-de-la-federacion-de-familias\/","url":"https:\/\/schoenstatt.com\/es\/peregrinos-de-la-alegria-jubileo-de-75-anos-de-la-federacion-de-familias\/","name":"Peregrinos de la Alegr\u00eda:Jubileo de 75 a\u00f1os de la Federaci\u00f3n de Familias","isPartOf":{"@id":"https:\/\/schoenstatt.com\/es\/#website"},"primaryImageOfPage":{"@id":"https:\/\/schoenstatt.com\/es\/peregrinos-de-la-alegria-jubileo-de-75-anos-de-la-federacion-de-familias\/#primaryimage"},"image":{"@id":"https:\/\/schoenstatt.com\/es\/peregrinos-de-la-alegria-jubileo-de-75-anos-de-la-federacion-de-familias\/#primaryimage"},"thumbnailUrl":"https:\/\/schoenstatt.com\/wp-content\/uploads\/2024\/06\/federacion-de-familias-family-federation-1-1.jpg","datePublished":"2025-04-15T17:58:20+00:00","dateModified":"2025-08-19T19:09:00+00:00","description":"M\u00e1s de 400 personas se reunir\u00e1n en Schoenstatt para celebrar el jubileo de 75 a\u00f1os de la Federaci\u00f3n Apost\u00f3lica de Familias.","breadcrumb":{"@id":"https:\/\/schoenstatt.com\/es\/peregrinos-de-la-alegria-jubileo-de-75-anos-de-la-federacion-de-familias\/#breadcrumb"},"inLanguage":"es","potentialAction":[{"@type":"ReadAction","target":["https:\/\/schoenstatt.com\/es\/peregrinos-de-la-alegria-jubileo-de-75-anos-de-la-federacion-de-familias\/"]}]},{"@type":"ImageObject","inLanguage":"es","@id":"https:\/\/schoenstatt.com\/es\/peregrinos-de-la-alegria-jubileo-de-75-anos-de-la-federacion-de-familias\/#primaryimage","url":"https:\/\/schoenstatt.com\/wp-content\/uploads\/2024\/06\/federacion-de-familias-family-federation-1-1.jpg","contentUrl":"https:\/\/schoenstatt.com\/wp-content\/uploads\/2024\/06\/federacion-de-familias-family-federation-1-1.jpg","width":1252,"height":960},{"@type":"BreadcrumbList","@id":"https:\/\/schoenstatt.com\/es\/peregrinos-de-la-alegria-jubileo-de-75-anos-de-la-federacion-de-familias\/#breadcrumb","itemListElement":[{"@type":"ListItem","position":1,"name":"Portada","item":"https:\/\/schoenstatt.com\/es\/home\/"},{"@type":"ListItem","position":2,"name":"Peregrinos de la Alegr\u00eda:Jubileo de 75 a\u00f1os de la Federaci\u00f3n de Familias"}]},{"@type":"WebSite","@id":"https:\/\/schoenstatt.com\/es\/#website","url":"https:\/\/schoenstatt.com\/es\/","name":"Schoenstatt","description":"Apostolic Movement","publisher":{"@id":"https:\/\/schoenstatt.com\/es\/#organization"},"potentialAction":[{"@type":"SearchAction","target":{"@type":"EntryPoint","urlTemplate":"https:\/\/schoenstatt.com\/es\/?s={search_term_string}"},"query-input":{"@type":"PropertyValueSpecification","valueRequired":true,"valueName":"search_term_string"}}],"inLanguage":"es"},{"@type":"Organization","@id":"https:\/\/schoenstatt.com\/es\/#organization","name":"Schoenstatt","url":"https:\/\/schoenstatt.com\/es\/","logo":{"@type":"ImageObject","inLanguage":"es","@id":"https:\/\/schoenstatt.com\/es\/#\/schema\/logo\/image\/","url":"https:\/\/schoenstatt.com\/wp-content\/uploads\/2025\/04\/logo-schoenstatt-white-696x696-1.png","contentUrl":"https:\/\/schoenstatt.com\/wp-content\/uploads\/2025\/04\/logo-schoenstatt-white-696x696-1.png","width":696,"height":694,"caption":"Schoenstatt"},"image":{"@id":"https:\/\/schoenstatt.com\/es\/#\/schema\/logo\/image\/"}},{"@type":"Person","@id":"https:\/\/schoenstatt.com\/es\/#\/schema\/person\/5158877ad4acae98b34daaeef2a1ce6e","name":"Karen Bueno","image":{"@type":"ImageObject","inLanguage":"es","@id":"https:\/\/secure.gravatar.com\/avatar\/f9f4b823873154269d2b2130f195f6d41037dd0d7fc5f3cacb5c846bae70d66b?s=96&d=mm&r=g","url":"https:\/\/secure.gravatar.com\/avatar\/f9f4b823873154269d2b2130f195f6d41037dd0d7fc5f3cacb5c846bae70d66b?s=96&d=mm&r=g","contentUrl":"https:\/\/secure.gravatar.com\/avatar\/f9f4b823873154269d2b2130f195f6d41037dd0d7fc5f3cacb5c846bae70d66b?s=96&d=mm&r=g","caption":"Karen Bueno"},"url":"https:\/\/schoenstatt.com\/es\/author\/karen-bueno\/"}]}},"_links":{"self":[{"href":"https:\/\/schoenstatt.com\/es\/wp-json\/wp\/v2\/posts\/44511","targetHints":{"allow":["GET"]}}],"collection":[{"href":"https:\/\/schoenstatt.com\/es\/wp-json\/wp\/v2\/posts"}],"about":[{"href":"https:\/\/schoenstatt.com\/es\/wp-json\/wp\/v2\/types\/post"}],"author":[{"embeddable":true,"href":"https:\/\/schoenstatt.com\/es\/wp-json\/wp\/v2\/users\/3"}],"replies":[{"embeddable":true,"href":"https:\/\/schoenstatt.com\/es\/wp-json\/wp\/v2\/comments?post=44511"}],"version-history":[{"count":6,"href":"https:\/\/schoenstatt.com\/es\/wp-json\/wp\/v2\/posts\/44511\/revisions"}],"predecessor-version":[{"id":62720,"href":"https:\/\/schoenstatt.com\/es\/wp-json\/wp\/v2\/posts\/44511\/revisions\/62720"}],"wp:featuredmedia":[{"embeddable":true,"href":"https:\/\/schoenstatt.com\/es\/wp-json\/wp\/v2\/media\/39560"}],"wp:attachment":[{"href":"https:\/\/schoenstatt.com\/es\/wp-json\/wp\/v2\/media?parent=44511"}],"wp:term":[{"taxonomy":"category","embeddable":true,"href":"https:\/\/schoenstatt.com\/es\/wp-json\/wp\/v2\/categories?post=44511"},{"taxonomy":"post_tag","embeddable":true,"href":"https:\/\/schoenstatt.com\/es\/wp-json\/wp\/v2\/tags?post=44511"}],"curies":[{"name":"wp","href":"https:\/\/api.w.org\/{rel}","templated":true}]}}