{"id":44502,"date":"2025-04-15T18:58:03","date_gmt":"2025-04-15T16:58:03","guid":{"rendered":"https:\/\/schoenstatt.com\/?p=44502"},"modified":"2025-08-21T03:33:54","modified_gmt":"2025-08-21T01:33:54","slug":"la-arquidiocesis-de-santa-maria-crea-una-rectoria-para-lugares-historicos-relacionados-con-joao-pozzobon","status":"publish","type":"post","link":"https:\/\/schoenstatt.com\/es\/la-arquidiocesis-de-santa-maria-crea-una-rectoria-para-lugares-historicos-relacionados-con-joao-pozzobon\/","title":{"rendered":"La Arquidi\u00f3cesis de Santa Maria crea una rector\u00eda para lugares hist\u00f3ricos relacionados con Jo\u00e3o Pozzobon"},"content":{"rendered":"\n<p>El arzobispo de Santa Maria\/RS, Brasil, Leomar Brustolin, presidir\u00e1 este Martes Santo, 15 de abril, a las 7:00 pm, la Misa de Presentaci\u00f3n Can\u00f3nica de la Rector\u00eda Nuestra Se\u00f1ora de las Gracias, creada por decreto el 20 de marzo. La rector\u00eda es una instituci\u00f3n can\u00f3nica que otorga autonom\u00eda pastoral a la Capilla Nuestra Se\u00f1ora de las Gracias \u2013 donde est\u00e1 sepultado el <a href=\"https:\/\/schoenstatt.com\/es\/comision-teologica-evalua-de-forma-positiva-el-proceso-de-joao-pozzobon\/\"><mark style=\"background-color:rgba(0, 0, 0, 0);color:#ea7212\" class=\"has-inline-color\">Siervo de Dios Di\u00e1cono Jo\u00e3o Luiz Pozzobon<\/mark><\/a>. El objetivo es fortalecer la evangelizaci\u00f3n inspirada en la vida, el testimonio y el legado de Pozzobon, haciendo de la capilla el centro de referencia de este trabajo en la Arquidi\u00f3cesis.<\/p>\n\n\n\n<p>Actualmente, la capilla forma parte de la Parroquia Nuestra Se\u00f1ora de los Dolores, con la que seguir\u00e1 vinculada en algunos aspectos administrativos, como la gesti\u00f3n econ\u00f3mica y el registro de bautismos, confirmaciones y matrimonios. Tambi\u00e9n forman parte de la nueva rector\u00eda las tres capillas construidas por Jo\u00e3o Pozzobon \u2013 la Blanca, la Rosa y la Azul \u2013 y las casas donde vivi\u00f3, que hoy son lugares de peregrinaci\u00f3n: la Casa Museo I, en S\u00e3o Jo\u00e3o do Pol\u00easine, y la Casa Museo II, en Santa Maria, a pocos metros de la Capilla Nuestra Se\u00f1ora de las Gracias.<\/p>\n\n\n\n<figure class=\"wp-block-image size-large\"><img decoding=\"async\" src=\"https:\/\/schoenstatt.com\/wp-content\/uploads\/2025\/04\/Joao-Pozzobon-Museum-Santa-Maria-Brazil-1024x346.jpg\" alt=\"\" class=\"wp-image-44491\"\/><figcaption class=\"wp-element-caption\">Las dos casas que se convirtieron en museo: la casa donde naci\u00f3 (izq.) y la casa donde vivi\u00f3 con su familia (der.)<\/figcaption><\/figure>\n\n\n\n<h3 class=\"wp-block-heading\" id=\"h-los-padres-de-schoenstatt-seran-los-responsables\"><strong><strong>Los Padres de Schoenstatt ser\u00e1n los responsables<\/strong><\/strong><\/h3>\n\n\n\n<p>Al crear la Rector\u00eda, el Arzobispo la confi\u00f3 al <a href=\"https:\/\/schoenstatt.com\/es\/comunidades\/priest\/padres-de-schoenstatt\/\"><mark style=\"background-color:rgba(0, 0, 0, 0);color:#ea7212\" class=\"has-inline-color\">Instituto de los Padres de Schoenstatt<\/mark><\/a>, siendo el primer rector el Padre Vitor Hugo Possetti, actual vice-postulador de la Causa de Beatificaci\u00f3n de Jo\u00e3o Pozzobon. Tambi\u00e9n atender\u00e1 a la comunidad el Padre Maike Andrade, reci\u00e9n llegado a Santa Maria.<\/p>\n\n\n\n<figure class=\"wp-block-image size-large\"><img decoding=\"async\" src=\"https:\/\/schoenstatt.com\/wp-content\/uploads\/2025\/04\/Chapels-built-by-Joao-Pozzobon-1024x346.jpg\" alt=\"\" class=\"wp-image-44496\"\/><figcaption class=\"wp-element-caption\">Las 3 capillas construidas por Jo\u00e3o Pozzobon: Capilla Azul, Capilla Blanca y Capilla Rosa<\/figcaption><\/figure>\n\n\n\n<p>Forman parte de la rector\u00eda, adem\u00e1s de la Capilla Nuestra Se\u00f1ora de las Gracias:<\/p>\n\n\n\n<p>\u2022 Capilla Azul<br>\u2022 Capilla Rosa<br>\u2022 Capilla Blanca<br>\u2022 Casa Museo Jo\u00e3o Luiz Pozzobon I<br>\u2022 Casa Museo Jo\u00e3o Luiz Pozzobon II<\/p>\n\n\n\n<p><strong>Traducci\u00f3n: <\/strong>Hna. M. Lourdes Mac\u00edas<\/p>\n\n\n\n<p><strong>Fuente:<\/strong> <a href=\"https:\/\/www.arquism.com\/post\/arquidiocese-de-santa-maria-cria-reitoria-nossa-senhora-das-gra%C3%A7as\" target=\"_blank\" rel=\"noreferrer noopener\"><mark style=\"background-color:rgba(0, 0, 0, 0);color:#ea7212\" class=\"has-inline-color\">arquism.com<\/mark><\/a><\/p>\n\n\n\n<figure class=\"wp-block-embed is-type-wp-embed is-provider-schoenstatt wp-block-embed-schoenstatt\"><div class=\"wp-block-embed__wrapper\">\n<blockquote class=\"wp-embedded-content\" data-secret=\"pP1wTaoeuU\"><a href=\"https:\/\/schoenstatt.com\/es\/comision-teologica-evalua-de-forma-positiva-el-proceso-de-joao-pozzobon\/\">Comisi\u00f3n Teol\u00f3gica eval\u00faa de forma positiva el Proceso de Jo\u00e3o Pozzobon<\/a><\/blockquote><iframe class=\"wp-embedded-content\" sandbox=\"allow-scripts\" security=\"restricted\" style=\"position: absolute; visibility: hidden;\" title=\"\u00abComisi\u00f3n Teol\u00f3gica eval\u00faa de forma positiva el Proceso de Jo\u00e3o Pozzobon\u00bb \u2014 Schoenstatt\" src=\"https:\/\/schoenstatt.com\/es\/comision-teologica-evalua-de-forma-positiva-el-proceso-de-joao-pozzobon\/embed\/#?secret=HVS2Pg65zW#?secret=pP1wTaoeuU\" data-secret=\"pP1wTaoeuU\" width=\"600\" height=\"338\" frameborder=\"0\" marginwidth=\"0\" marginheight=\"0\" scrolling=\"no\"><\/iframe>\n<\/div><\/figure>\n","protected":false},"excerpt":{"rendered":"<p>Con el objetivo de fortalecer la evangelizaci\u00f3n inspirada en la vida de Jo\u00e3o Pozzobon, se crear\u00e1 una nueva \u00e1rea en la Arquidi\u00f3cesis. <\/p>\n","protected":false},"author":3,"featured_media":42868,"comment_status":"closed","ping_status":"closed","sticky":false,"template":"","format":"standard","meta":{"footnotes":""},"categories":[889,904],"tags":[1089,1172,1042,955,1136],"class_list":["post-44502","post","type-post","status-publish","format-standard","has-post-thumbnail","hentry","category-heroes-de-schoenstatt-es","category-virgen-peregrina-es","tag-campana-de-la-virgen-peregrina-es","tag-heroes-de-schoenstatt-es","tag-joao-luiz-pozzobon-es","tag-proceso-de-beatificacion-es","tag-schoenstatt-brasil-es"],"yoast_head":"<!-- This site is optimized with the Yoast SEO Premium plugin v27.4 (Yoast SEO v27.4) - https:\/\/yoast.com\/product\/yoast-seo-premium-wordpress\/ -->\n<title>La Arquidi\u00f3cesis de Santa Maria crea una rector\u00eda para lugares hist\u00f3ricos relacionados con Jo\u00e3o Pozzobon<\/title>\n<meta name=\"description\" content=\"Con el objetivo de fortalecer la evangelizaci\u00f3n inspirada en la vida de Jo\u00e3o Pozzobon, se crear\u00e1 una nueva \u00e1rea en la Arquidi\u00f3cesis.\" \/>\n<meta name=\"robots\" content=\"index, follow, max-snippet:-1, max-image-preview:large, max-video-preview:-1\" \/>\n<link rel=\"canonical\" href=\"https:\/\/schoenstatt.com\/es\/la-arquidiocesis-de-santa-maria-crea-una-rectoria-para-lugares-historicos-relacionados-con-joao-pozzobon\/\" \/>\n<meta property=\"og:locale\" content=\"es_ES\" \/>\n<meta property=\"og:type\" content=\"article\" \/>\n<meta property=\"og:title\" content=\"La Arquidi\u00f3cesis de Santa Maria crea una rector\u00eda para lugares hist\u00f3ricos relacionados con Jo\u00e3o Pozzobon\" \/>\n<meta property=\"og:description\" content=\"Con el objetivo de fortalecer la evangelizaci\u00f3n inspirada en la vida de Jo\u00e3o Pozzobon, se crear\u00e1 una nueva \u00e1rea en la Arquidi\u00f3cesis.\" \/>\n<meta property=\"og:url\" content=\"https:\/\/schoenstatt.com\/es\/la-arquidiocesis-de-santa-maria-crea-una-rectoria-para-lugares-historicos-relacionados-con-joao-pozzobon\/\" \/>\n<meta property=\"og:site_name\" content=\"Schoenstatt\" \/>\n<meta property=\"article:published_time\" content=\"2025-04-15T16:58:03+00:00\" \/>\n<meta property=\"article:modified_time\" content=\"2025-08-21T01:33:54+00:00\" \/>\n<meta property=\"og:image\" content=\"https:\/\/schoenstatt.com\/wp-content\/uploads\/2025\/01\/Joao-Luiz-Pozzobon-1.jpg\" \/>\n\t<meta property=\"og:image:width\" content=\"2048\" \/>\n\t<meta property=\"og:image:height\" content=\"1350\" \/>\n\t<meta property=\"og:image:type\" content=\"image\/jpeg\" \/>\n<meta name=\"author\" content=\"Karen Bueno\" \/>\n<meta name=\"twitter:card\" content=\"summary_large_image\" \/>\n<meta name=\"twitter:label1\" content=\"Escrito por\" \/>\n\t<meta name=\"twitter:data1\" content=\"Karen Bueno\" \/>\n\t<meta name=\"twitter:label2\" content=\"Tiempo de lectura\" \/>\n\t<meta name=\"twitter:data2\" content=\"3 minutos\" \/>\n<script type=\"application\/ld+json\" class=\"yoast-schema-graph\">{\"@context\":\"https:\\\/\\\/schema.org\",\"@graph\":[{\"@type\":\"Article\",\"@id\":\"https:\\\/\\\/schoenstatt.com\\\/es\\\/la-arquidiocesis-de-santa-maria-crea-una-rectoria-para-lugares-historicos-relacionados-con-joao-pozzobon\\\/#article\",\"isPartOf\":{\"@id\":\"https:\\\/\\\/schoenstatt.com\\\/es\\\/la-arquidiocesis-de-santa-maria-crea-una-rectoria-para-lugares-historicos-relacionados-con-joao-pozzobon\\\/\"},\"author\":{\"name\":\"Karen Bueno\",\"@id\":\"https:\\\/\\\/schoenstatt.com\\\/es\\\/#\\\/schema\\\/person\\\/5158877ad4acae98b34daaeef2a1ce6e\"},\"headline\":\"La Arquidi\u00f3cesis de Santa Maria crea una rector\u00eda para lugares hist\u00f3ricos relacionados con Jo\u00e3o Pozzobon\",\"datePublished\":\"2025-04-15T16:58:03+00:00\",\"dateModified\":\"2025-08-21T01:33:54+00:00\",\"mainEntityOfPage\":{\"@id\":\"https:\\\/\\\/schoenstatt.com\\\/es\\\/la-arquidiocesis-de-santa-maria-crea-una-rectoria-para-lugares-historicos-relacionados-con-joao-pozzobon\\\/\"},\"wordCount\":382,\"publisher\":{\"@id\":\"https:\\\/\\\/schoenstatt.com\\\/es\\\/#organization\"},\"image\":{\"@id\":\"https:\\\/\\\/schoenstatt.com\\\/es\\\/la-arquidiocesis-de-santa-maria-crea-una-rectoria-para-lugares-historicos-relacionados-con-joao-pozzobon\\\/#primaryimage\"},\"thumbnailUrl\":\"https:\\\/\\\/schoenstatt.com\\\/wp-content\\\/uploads\\\/2025\\\/01\\\/Joao-Luiz-Pozzobon-1.jpg\",\"keywords\":[\"Campa\u00f1a de la Virgen Peregrina\",\"Heroes de Schoenstatt\",\"Jo\u00e3o Luiz Pozzobon\",\"Proceso de Beatificaci\u00f3n\",\"Schoenstatt Brasil\"],\"articleSection\":[\"Heroes de Schoenstatt\",\"Virgen Peregrina\"],\"inLanguage\":\"es\"},{\"@type\":\"WebPage\",\"@id\":\"https:\\\/\\\/schoenstatt.com\\\/es\\\/la-arquidiocesis-de-santa-maria-crea-una-rectoria-para-lugares-historicos-relacionados-con-joao-pozzobon\\\/\",\"url\":\"https:\\\/\\\/schoenstatt.com\\\/es\\\/la-arquidiocesis-de-santa-maria-crea-una-rectoria-para-lugares-historicos-relacionados-con-joao-pozzobon\\\/\",\"name\":\"La Arquidi\u00f3cesis de Santa Maria crea una rector\u00eda para lugares hist\u00f3ricos relacionados con Jo\u00e3o Pozzobon\",\"isPartOf\":{\"@id\":\"https:\\\/\\\/schoenstatt.com\\\/es\\\/#website\"},\"primaryImageOfPage\":{\"@id\":\"https:\\\/\\\/schoenstatt.com\\\/es\\\/la-arquidiocesis-de-santa-maria-crea-una-rectoria-para-lugares-historicos-relacionados-con-joao-pozzobon\\\/#primaryimage\"},\"image\":{\"@id\":\"https:\\\/\\\/schoenstatt.com\\\/es\\\/la-arquidiocesis-de-santa-maria-crea-una-rectoria-para-lugares-historicos-relacionados-con-joao-pozzobon\\\/#primaryimage\"},\"thumbnailUrl\":\"https:\\\/\\\/schoenstatt.com\\\/wp-content\\\/uploads\\\/2025\\\/01\\\/Joao-Luiz-Pozzobon-1.jpg\",\"datePublished\":\"2025-04-15T16:58:03+00:00\",\"dateModified\":\"2025-08-21T01:33:54+00:00\",\"description\":\"Con el objetivo de fortalecer la evangelizaci\u00f3n inspirada en la vida de Jo\u00e3o Pozzobon, se crear\u00e1 una nueva \u00e1rea en la Arquidi\u00f3cesis.\",\"breadcrumb\":{\"@id\":\"https:\\\/\\\/schoenstatt.com\\\/es\\\/la-arquidiocesis-de-santa-maria-crea-una-rectoria-para-lugares-historicos-relacionados-con-joao-pozzobon\\\/#breadcrumb\"},\"inLanguage\":\"es\",\"potentialAction\":[{\"@type\":\"ReadAction\",\"target\":[\"https:\\\/\\\/schoenstatt.com\\\/es\\\/la-arquidiocesis-de-santa-maria-crea-una-rectoria-para-lugares-historicos-relacionados-con-joao-pozzobon\\\/\"]}]},{\"@type\":\"ImageObject\",\"inLanguage\":\"es\",\"@id\":\"https:\\\/\\\/schoenstatt.com\\\/es\\\/la-arquidiocesis-de-santa-maria-crea-una-rectoria-para-lugares-historicos-relacionados-con-joao-pozzobon\\\/#primaryimage\",\"url\":\"https:\\\/\\\/schoenstatt.com\\\/wp-content\\\/uploads\\\/2025\\\/01\\\/Joao-Luiz-Pozzobon-1.jpg\",\"contentUrl\":\"https:\\\/\\\/schoenstatt.com\\\/wp-content\\\/uploads\\\/2025\\\/01\\\/Joao-Luiz-Pozzobon-1.jpg\",\"width\":2048,\"height\":1350,\"caption\":\"Jo\u00e3o Luiz Pozzobon\"},{\"@type\":\"BreadcrumbList\",\"@id\":\"https:\\\/\\\/schoenstatt.com\\\/es\\\/la-arquidiocesis-de-santa-maria-crea-una-rectoria-para-lugares-historicos-relacionados-con-joao-pozzobon\\\/#breadcrumb\",\"itemListElement\":[{\"@type\":\"ListItem\",\"position\":1,\"name\":\"Portada\",\"item\":\"https:\\\/\\\/schoenstatt.com\\\/es\\\/home\\\/\"},{\"@type\":\"ListItem\",\"position\":2,\"name\":\"La Arquidi\u00f3cesis de Santa Maria crea una rector\u00eda para lugares hist\u00f3ricos relacionados con Jo\u00e3o Pozzobon\"}]},{\"@type\":\"WebSite\",\"@id\":\"https:\\\/\\\/schoenstatt.com\\\/es\\\/#website\",\"url\":\"https:\\\/\\\/schoenstatt.com\\\/es\\\/\",\"name\":\"Schoenstatt\",\"description\":\"Apostolic Movement\",\"publisher\":{\"@id\":\"https:\\\/\\\/schoenstatt.com\\\/es\\\/#organization\"},\"potentialAction\":[{\"@type\":\"SearchAction\",\"target\":{\"@type\":\"EntryPoint\",\"urlTemplate\":\"https:\\\/\\\/schoenstatt.com\\\/es\\\/?s={search_term_string}\"},\"query-input\":{\"@type\":\"PropertyValueSpecification\",\"valueRequired\":true,\"valueName\":\"search_term_string\"}}],\"inLanguage\":\"es\"},{\"@type\":\"Organization\",\"@id\":\"https:\\\/\\\/schoenstatt.com\\\/es\\\/#organization\",\"name\":\"Schoenstatt\",\"url\":\"https:\\\/\\\/schoenstatt.com\\\/es\\\/\",\"logo\":{\"@type\":\"ImageObject\",\"inLanguage\":\"es\",\"@id\":\"https:\\\/\\\/schoenstatt.com\\\/es\\\/#\\\/schema\\\/logo\\\/image\\\/\",\"url\":\"https:\\\/\\\/schoenstatt.com\\\/wp-content\\\/uploads\\\/2025\\\/04\\\/logo-schoenstatt-white-696x696-1.png\",\"contentUrl\":\"https:\\\/\\\/schoenstatt.com\\\/wp-content\\\/uploads\\\/2025\\\/04\\\/logo-schoenstatt-white-696x696-1.png\",\"width\":696,\"height\":694,\"caption\":\"Schoenstatt\"},\"image\":{\"@id\":\"https:\\\/\\\/schoenstatt.com\\\/es\\\/#\\\/schema\\\/logo\\\/image\\\/\"}},{\"@type\":\"Person\",\"@id\":\"https:\\\/\\\/schoenstatt.com\\\/es\\\/#\\\/schema\\\/person\\\/5158877ad4acae98b34daaeef2a1ce6e\",\"name\":\"Karen Bueno\",\"image\":{\"@type\":\"ImageObject\",\"inLanguage\":\"es\",\"@id\":\"https:\\\/\\\/secure.gravatar.com\\\/avatar\\\/f9f4b823873154269d2b2130f195f6d41037dd0d7fc5f3cacb5c846bae70d66b?s=96&d=mm&r=g\",\"url\":\"https:\\\/\\\/secure.gravatar.com\\\/avatar\\\/f9f4b823873154269d2b2130f195f6d41037dd0d7fc5f3cacb5c846bae70d66b?s=96&d=mm&r=g\",\"contentUrl\":\"https:\\\/\\\/secure.gravatar.com\\\/avatar\\\/f9f4b823873154269d2b2130f195f6d41037dd0d7fc5f3cacb5c846bae70d66b?s=96&d=mm&r=g\",\"caption\":\"Karen Bueno\"},\"url\":\"https:\\\/\\\/schoenstatt.com\\\/es\\\/author\\\/karen-bueno\\\/\"}]}<\/script>\n<!-- \/ Yoast SEO Premium plugin. -->","yoast_head_json":{"title":"La Arquidi\u00f3cesis de Santa Maria crea una rector\u00eda para lugares hist\u00f3ricos relacionados con Jo\u00e3o Pozzobon","description":"Con el objetivo de fortalecer la evangelizaci\u00f3n inspirada en la vida de Jo\u00e3o Pozzobon, se crear\u00e1 una nueva \u00e1rea en la Arquidi\u00f3cesis.","robots":{"index":"index","follow":"follow","max-snippet":"max-snippet:-1","max-image-preview":"max-image-preview:large","max-video-preview":"max-video-preview:-1"},"canonical":"https:\/\/schoenstatt.com\/es\/la-arquidiocesis-de-santa-maria-crea-una-rectoria-para-lugares-historicos-relacionados-con-joao-pozzobon\/","og_locale":"es_ES","og_type":"article","og_title":"La Arquidi\u00f3cesis de Santa Maria crea una rector\u00eda para lugares hist\u00f3ricos relacionados con Jo\u00e3o Pozzobon","og_description":"Con el objetivo de fortalecer la evangelizaci\u00f3n inspirada en la vida de Jo\u00e3o Pozzobon, se crear\u00e1 una nueva \u00e1rea en la Arquidi\u00f3cesis.","og_url":"https:\/\/schoenstatt.com\/es\/la-arquidiocesis-de-santa-maria-crea-una-rectoria-para-lugares-historicos-relacionados-con-joao-pozzobon\/","og_site_name":"Schoenstatt","article_published_time":"2025-04-15T16:58:03+00:00","article_modified_time":"2025-08-21T01:33:54+00:00","og_image":[{"width":2048,"height":1350,"url":"https:\/\/schoenstatt.com\/wp-content\/uploads\/2025\/01\/Joao-Luiz-Pozzobon-1.jpg","type":"image\/jpeg"}],"author":"Karen Bueno","twitter_card":"summary_large_image","twitter_misc":{"Escrito por":"Karen Bueno","Tiempo de lectura":"3 minutos"},"schema":{"@context":"https:\/\/schema.org","@graph":[{"@type":"Article","@id":"https:\/\/schoenstatt.com\/es\/la-arquidiocesis-de-santa-maria-crea-una-rectoria-para-lugares-historicos-relacionados-con-joao-pozzobon\/#article","isPartOf":{"@id":"https:\/\/schoenstatt.com\/es\/la-arquidiocesis-de-santa-maria-crea-una-rectoria-para-lugares-historicos-relacionados-con-joao-pozzobon\/"},"author":{"name":"Karen Bueno","@id":"https:\/\/schoenstatt.com\/es\/#\/schema\/person\/5158877ad4acae98b34daaeef2a1ce6e"},"headline":"La Arquidi\u00f3cesis de Santa Maria crea una rector\u00eda para lugares hist\u00f3ricos relacionados con Jo\u00e3o Pozzobon","datePublished":"2025-04-15T16:58:03+00:00","dateModified":"2025-08-21T01:33:54+00:00","mainEntityOfPage":{"@id":"https:\/\/schoenstatt.com\/es\/la-arquidiocesis-de-santa-maria-crea-una-rectoria-para-lugares-historicos-relacionados-con-joao-pozzobon\/"},"wordCount":382,"publisher":{"@id":"https:\/\/schoenstatt.com\/es\/#organization"},"image":{"@id":"https:\/\/schoenstatt.com\/es\/la-arquidiocesis-de-santa-maria-crea-una-rectoria-para-lugares-historicos-relacionados-con-joao-pozzobon\/#primaryimage"},"thumbnailUrl":"https:\/\/schoenstatt.com\/wp-content\/uploads\/2025\/01\/Joao-Luiz-Pozzobon-1.jpg","keywords":["Campa\u00f1a de la Virgen Peregrina","Heroes de Schoenstatt","Jo\u00e3o Luiz Pozzobon","Proceso de Beatificaci\u00f3n","Schoenstatt Brasil"],"articleSection":["Heroes de Schoenstatt","Virgen Peregrina"],"inLanguage":"es"},{"@type":"WebPage","@id":"https:\/\/schoenstatt.com\/es\/la-arquidiocesis-de-santa-maria-crea-una-rectoria-para-lugares-historicos-relacionados-con-joao-pozzobon\/","url":"https:\/\/schoenstatt.com\/es\/la-arquidiocesis-de-santa-maria-crea-una-rectoria-para-lugares-historicos-relacionados-con-joao-pozzobon\/","name":"La Arquidi\u00f3cesis de Santa Maria crea una rector\u00eda para lugares hist\u00f3ricos relacionados con Jo\u00e3o Pozzobon","isPartOf":{"@id":"https:\/\/schoenstatt.com\/es\/#website"},"primaryImageOfPage":{"@id":"https:\/\/schoenstatt.com\/es\/la-arquidiocesis-de-santa-maria-crea-una-rectoria-para-lugares-historicos-relacionados-con-joao-pozzobon\/#primaryimage"},"image":{"@id":"https:\/\/schoenstatt.com\/es\/la-arquidiocesis-de-santa-maria-crea-una-rectoria-para-lugares-historicos-relacionados-con-joao-pozzobon\/#primaryimage"},"thumbnailUrl":"https:\/\/schoenstatt.com\/wp-content\/uploads\/2025\/01\/Joao-Luiz-Pozzobon-1.jpg","datePublished":"2025-04-15T16:58:03+00:00","dateModified":"2025-08-21T01:33:54+00:00","description":"Con el objetivo de fortalecer la evangelizaci\u00f3n inspirada en la vida de Jo\u00e3o Pozzobon, se crear\u00e1 una nueva \u00e1rea en la Arquidi\u00f3cesis.","breadcrumb":{"@id":"https:\/\/schoenstatt.com\/es\/la-arquidiocesis-de-santa-maria-crea-una-rectoria-para-lugares-historicos-relacionados-con-joao-pozzobon\/#breadcrumb"},"inLanguage":"es","potentialAction":[{"@type":"ReadAction","target":["https:\/\/schoenstatt.com\/es\/la-arquidiocesis-de-santa-maria-crea-una-rectoria-para-lugares-historicos-relacionados-con-joao-pozzobon\/"]}]},{"@type":"ImageObject","inLanguage":"es","@id":"https:\/\/schoenstatt.com\/es\/la-arquidiocesis-de-santa-maria-crea-una-rectoria-para-lugares-historicos-relacionados-con-joao-pozzobon\/#primaryimage","url":"https:\/\/schoenstatt.com\/wp-content\/uploads\/2025\/01\/Joao-Luiz-Pozzobon-1.jpg","contentUrl":"https:\/\/schoenstatt.com\/wp-content\/uploads\/2025\/01\/Joao-Luiz-Pozzobon-1.jpg","width":2048,"height":1350,"caption":"Jo\u00e3o Luiz Pozzobon"},{"@type":"BreadcrumbList","@id":"https:\/\/schoenstatt.com\/es\/la-arquidiocesis-de-santa-maria-crea-una-rectoria-para-lugares-historicos-relacionados-con-joao-pozzobon\/#breadcrumb","itemListElement":[{"@type":"ListItem","position":1,"name":"Portada","item":"https:\/\/schoenstatt.com\/es\/home\/"},{"@type":"ListItem","position":2,"name":"La Arquidi\u00f3cesis de Santa Maria crea una rector\u00eda para lugares hist\u00f3ricos relacionados con Jo\u00e3o Pozzobon"}]},{"@type":"WebSite","@id":"https:\/\/schoenstatt.com\/es\/#website","url":"https:\/\/schoenstatt.com\/es\/","name":"Schoenstatt","description":"Apostolic Movement","publisher":{"@id":"https:\/\/schoenstatt.com\/es\/#organization"},"potentialAction":[{"@type":"SearchAction","target":{"@type":"EntryPoint","urlTemplate":"https:\/\/schoenstatt.com\/es\/?s={search_term_string}"},"query-input":{"@type":"PropertyValueSpecification","valueRequired":true,"valueName":"search_term_string"}}],"inLanguage":"es"},{"@type":"Organization","@id":"https:\/\/schoenstatt.com\/es\/#organization","name":"Schoenstatt","url":"https:\/\/schoenstatt.com\/es\/","logo":{"@type":"ImageObject","inLanguage":"es","@id":"https:\/\/schoenstatt.com\/es\/#\/schema\/logo\/image\/","url":"https:\/\/schoenstatt.com\/wp-content\/uploads\/2025\/04\/logo-schoenstatt-white-696x696-1.png","contentUrl":"https:\/\/schoenstatt.com\/wp-content\/uploads\/2025\/04\/logo-schoenstatt-white-696x696-1.png","width":696,"height":694,"caption":"Schoenstatt"},"image":{"@id":"https:\/\/schoenstatt.com\/es\/#\/schema\/logo\/image\/"}},{"@type":"Person","@id":"https:\/\/schoenstatt.com\/es\/#\/schema\/person\/5158877ad4acae98b34daaeef2a1ce6e","name":"Karen Bueno","image":{"@type":"ImageObject","inLanguage":"es","@id":"https:\/\/secure.gravatar.com\/avatar\/f9f4b823873154269d2b2130f195f6d41037dd0d7fc5f3cacb5c846bae70d66b?s=96&d=mm&r=g","url":"https:\/\/secure.gravatar.com\/avatar\/f9f4b823873154269d2b2130f195f6d41037dd0d7fc5f3cacb5c846bae70d66b?s=96&d=mm&r=g","contentUrl":"https:\/\/secure.gravatar.com\/avatar\/f9f4b823873154269d2b2130f195f6d41037dd0d7fc5f3cacb5c846bae70d66b?s=96&d=mm&r=g","caption":"Karen Bueno"},"url":"https:\/\/schoenstatt.com\/es\/author\/karen-bueno\/"}]}},"_links":{"self":[{"href":"https:\/\/schoenstatt.com\/es\/wp-json\/wp\/v2\/posts\/44502","targetHints":{"allow":["GET"]}}],"collection":[{"href":"https:\/\/schoenstatt.com\/es\/wp-json\/wp\/v2\/posts"}],"about":[{"href":"https:\/\/schoenstatt.com\/es\/wp-json\/wp\/v2\/types\/post"}],"author":[{"embeddable":true,"href":"https:\/\/schoenstatt.com\/es\/wp-json\/wp\/v2\/users\/3"}],"replies":[{"embeddable":true,"href":"https:\/\/schoenstatt.com\/es\/wp-json\/wp\/v2\/comments?post=44502"}],"version-history":[{"count":10,"href":"https:\/\/schoenstatt.com\/es\/wp-json\/wp\/v2\/posts\/44502\/revisions"}],"predecessor-version":[{"id":62974,"href":"https:\/\/schoenstatt.com\/es\/wp-json\/wp\/v2\/posts\/44502\/revisions\/62974"}],"wp:featuredmedia":[{"embeddable":true,"href":"https:\/\/schoenstatt.com\/es\/wp-json\/wp\/v2\/media\/42868"}],"wp:attachment":[{"href":"https:\/\/schoenstatt.com\/es\/wp-json\/wp\/v2\/media?parent=44502"}],"wp:term":[{"taxonomy":"category","embeddable":true,"href":"https:\/\/schoenstatt.com\/es\/wp-json\/wp\/v2\/categories?post=44502"},{"taxonomy":"post_tag","embeddable":true,"href":"https:\/\/schoenstatt.com\/es\/wp-json\/wp\/v2\/tags?post=44502"}],"curies":[{"name":"wp","href":"https:\/\/api.w.org\/{rel}","templated":true}]}}