{"id":44419,"date":"2025-04-11T03:03:00","date_gmt":"2025-04-11T01:03:00","guid":{"rendered":"https:\/\/schoenstatt.com\/?p=44419"},"modified":"2025-08-21T04:24:43","modified_gmt":"2025-08-21T02:24:43","slug":"maria-simbolo-de-esperanza-para-la-paz-en-la-republica-democratica-del-congo","status":"publish","type":"post","link":"https:\/\/schoenstatt.com\/es\/maria-simbolo-de-esperanza-para-la-paz-en-la-republica-democratica-del-congo\/","title":{"rendered":"Mar\u00eda, s\u00edmbolo de esperanza para la paz en la Rep\u00fablica Democr\u00e1tica del Congo"},"content":{"rendered":"\n<p>Hace unos meses se inaugur\u00f3 el primer santuario de Schoenstatt en la <a href=\"https:\/\/maps.app.goo.gl\/itkgb4hoX4xr5faB7\" target=\"_blank\" rel=\"noreferrer noopener\"><mark style=\"background-color:rgba(0, 0, 0, 0);color:#e46d00\" class=\"has-inline-color\">Rep\u00fablica Democr\u00e1tica del Congo<\/mark><\/a> (<a href=\"https:\/\/schoenstatt.com\/es\/la-republica-democratica-del-congo-recibe-su-primer-santuario-de-schoenstatt\/\"><mark style=\"background-color:rgba(0, 0, 0, 0);color:#e46d00\" class=\"has-inline-color\">se puede leer m\u00e1s aqu\u00ed<\/mark><\/a>). Desde hace algunos a\u00f1os, este pa\u00eds sufre conflictos y guerras civiles. A principios de 2025, la situaci\u00f3n empeor\u00f3 y lleg\u00f3 a la zona del nuevo santuario, como podemos ver en la foto. El seminarista Agisha Gaetano, del Instituto de los Padres de Schoenstatt, nos habla m\u00e1s en detalle sobre esta situaci\u00f3n.<\/p>\n\n\n\n<h3 class=\"wp-block-heading\" id=\"h-una-imagen-contradictoria-de-una-guerra-impuesta-a-una-poblacion-indefensa\"><strong><strong><strong>Una imagen contradictoria de una guerra impuesta a una poblaci\u00f3n indefensa<\/strong><\/strong><\/strong><\/h3>\n\n\n\n<p>En los albores de un nuevo a\u00f1o, 2025, que promet\u00eda muchas maravillas porque era el a\u00f1o de la esperanza, estalla de nuevo en esta parte de la Rep\u00fablica Democr\u00e1tica del Congo una guerra asesina y despiadada cuyas consecuencias el pueblo congole\u00f1o no ha dejado de sufrir. No se respeta la dignidad humana ni la ley ni ninguna forma de gobierno. Prevalece la ley de la selva, en la que el m\u00e1s fuerte se apodera de todo. Una guerra en la que la poblaci\u00f3n tiene dificultades para identificar a su verdadero enemigo. Ir\u00f3nicamente, aquellos que deber\u00edan proteger a la poblaci\u00f3n la atacan y piden rescates d\u00eda y noche, llegando incluso a quitarles la vida sin escr\u00fapulos. \u00a1Y entonces, nadie se libra!<\/p>\n\n\n\n<figure class=\"wp-block-image size-large\"><img decoding=\"async\" src=\"https:\/\/schoenstatt.com\/wp-content\/uploads\/2025\/04\/Schoenstatt-Shrine-Democratic-Republic-of-Congo-1024x669.jpg\" alt=\"Santu\u00e1rio de Schoenstatt na Rep\u00fablica Democr\u00e1tica do Congo\" class=\"wp-image-44403\"\/><figcaption class=\"wp-element-caption\">\u00abLos terrenos de nuestro santuario han estado ocupados hasta ahora por los combatientes de la resistencia ind\u00edgena, que han erigido all\u00ed un campamento militar\u00bb<\/figcaption><\/figure>\n\n\n\n<h3 class=\"wp-block-heading\" id=\"h-schoenstatt-un-hijo-de-la-guerra\"><strong><strong><strong>Schoenstatt, un hijo de la guerra<\/strong><\/strong><\/strong><\/h3>\n\n\n\n<p>La ciudad de Uvira, donde el primer Santuario de Schoenstatt del pa\u00eds (Monte Si\u00f3n BULA) acababa de ser consagrado hac\u00eda 8 meses, tambi\u00e9n se ve afectada por la psicosis de una guerra a las puertas. Para una ciudad reputada por ser resistente, el 22 de febrero de 2025, lleg\u00f3 el momento de contar entre los combatientes de la resistencia ind\u00edgena y los militares, a quienes los primeros acusaban de querer irse con armas y municiones y abandonar la ciudad a los rebeldes. Sin embargo, la rebeli\u00f3n a\u00fan no ha hecho su entrada en Uvira. Este relato presenta actualmente a la poblaci\u00f3n de Uvira como atrapada en el fuego cruzado: el de los combatientes de la resistencia, apodados \u00abWAZALENDO\u00bb, y el de los soldados leales, apodados \u00abFARDC\u00bb; tambi\u00e9n, junto a ellos, el miedo a ver la ciudad de Uvira ser escenario de una masacre por parte de los rebeldes que avanzan a pasos agigantados hacia esta ciudad fronteriza con Bujumbura, la capital de Burundi.<\/p>\n\n\n\n<figure class=\"wp-block-image size-full\"><img decoding=\"async\" src=\"https:\/\/schoenstatt.com\/wp-content\/uploads\/2025\/04\/Democratic-Republic-of-Congo.jpg\" alt=\"Guerra en la Rep\u00fablica Democr\u00e1tica del Congo\" class=\"wp-image-44413\"\/><\/figure>\n\n\n\n<p>Como resultado de estas situaciones ca\u00f3ticas, la ciudad est\u00e1 fuera de control. Se saquean tiendas, casas\u2026 las noches son ahora largas y tumultuosas. Y aunque nadie se salva, algunos son m\u00e1s atacados en cuanto a rango y responsabilidad que otros.<\/p>\n\n\n\n<p>Por ejemplo, el obispo de la di\u00f3cesis de Uvira, monse\u00f1or S\u00e9bastien Muyengo Mulombe, pag\u00f3 el precio hace dos d\u00edas cuando recibi\u00f3 la visita de soldados que aprovecharon la situaci\u00f3n para exigirle dinero. Tambi\u00e9n se inform\u00f3 de que m\u00e1s de una comunidad religiosa y una casa parroquial hab\u00edan sido atacadas por hombres armados. Los terrenos de nuestro santuario han estado ocupados hasta ahora por los combatientes de la resistencia ind\u00edgena, que han erigido all\u00ed un campamento militar.<\/p>\n\n\n\n<p>\u00bfQu\u00e9 podemos decir de todas estas p\u00e9rdidas de vidas humanas? Hay cad\u00e1veres en las carreteras, mujeres y ni\u00f1as son violadas y mutiladas a todas horas, los j\u00f3venes son reclutados a la fuerza en grupos armados. Como resultado, se separan familias.<\/p>\n\n\n\n<p>Esta en\u00e9sima guerra debilita considerablemente un sistema econ\u00f3mico que ya estaba agonizando y en el que la mayor\u00eda de la gente no se reconoc\u00eda.<\/p>\n\n\n\n<figure class=\"wp-block-image size-full\"><img decoding=\"async\" src=\"https:\/\/schoenstatt.com\/wp-content\/uploads\/2024\/09\/schoenstatt-fathers-congo-2.jpg\" alt=\"Santuario de Schoenstatt en Uvira, Rep\u00fablica Democr\u00e1tica del Congo\" class=\"wp-image-41119\"\/><figcaption class=\"wp-element-caption\">Los terrenos del Santuario antes de su inauguraci\u00f3n en 2024<\/figcaption><\/figure>\n\n\n\n<h3 class=\"wp-block-heading\" id=\"h-un-rayo-de-esperanza\"><strong><strong><strong>Un rayo de Esperanza<\/strong><\/strong><\/strong><\/h3>\n\n\n\n<p>Nuestra fe en la divina providencia parece darnos un rayo de esperanza. Nuestra fe en la intercesi\u00f3n de nuestra Madre Tres Veces Admirable, Reina de Schoenstatt, nos permite so\u00f1ar con un futuro mejor, con la paz y el entendimiento entre el pueblo congole\u00f1o.<\/p>\n\n\n\n<p>Por supuesto, la historia de Schoenstatt nos muestra que la guerra siempre ha formado parte de ella, pero, sobre todo, la Virgen Mar\u00eda supo proteger y traer la paz dondequiera que se estableci\u00f3. Esta vez tambi\u00e9n, como en Can\u00e1, ella nos obtendr\u00e1 la paz que le pedimos de su hijo.<\/p>\n\n\n\n<p>\u00a1Santa Mar\u00eda, Reina de la Esperanza, intercede por nosotros!<\/p>\n\n\n<p><iframe src=\"https:\/\/www.google.com\/maps\/embed?pb=!1m18!1m12!1m3!1d16270695.314060507!2d18.075167866459303!3d-5.36534798794702!2m3!1f0!2f0!3f0!3m2!1i1024!2i768!4f13.1!3m3!1m2!1s0x1979facf9a7546bd%3A0x4c63e5eac93f141!2sDemocratic%20Republic%20of%20the%20Congo!5e0!3m2!1sen!2sbr!4v1744305149516!5m2!1sen!2sbr\" width=\"600\" height=\"450\" style=\"border:0;\" allowfullscreen=\"\" loading=\"lazy\" referrerpolicy=\"no-referrer-when-downgrade\"><\/iframe><\/p>\n\n\n\n<p><strong>Traducci\u00f3n:<\/strong> Hna. M. Lourdes Mac\u00edas<\/p>\n","protected":false},"excerpt":{"rendered":"<p>El nuevo santuario en una zona de guerra: se encuentra en una zona peligrosa de conflicto de la RD del Congo. \u00a1Recemos por nuestros hermanos! <\/p>\n","protected":false},"author":3,"featured_media":44403,"comment_status":"closed","ping_status":"closed","sticky":false,"template":"","format":"standard","meta":{"footnotes":""},"categories":[637,913],"tags":[684,1199,1143],"class_list":["post-44419","post","type-post","status-publish","format-standard","has-post-thumbnail","hentry","category-africa-es","category-sociedad-es","tag-africa-es","tag-santuario-de-schoenstatt-es","tag-schoenstatt-rd-del-congo-es"],"yoast_head":"<!-- This site is optimized with the Yoast SEO Premium plugin v27.4 (Yoast SEO v27.5) - https:\/\/yoast.com\/product\/yoast-seo-premium-wordpress\/ -->\n<title>Mar\u00eda, s\u00edmbolo de esperanza para la paz en la Rep\u00fablica Democr\u00e1tica del Congo<\/title>\n<meta name=\"description\" content=\"El nuevo santuario en una zona de guerra: se encuentra en una zona peligrosa de conflicto de la RD del Congo. \u00a1Recemos por nuestros hermanos!\" \/>\n<meta name=\"robots\" content=\"index, follow, max-snippet:-1, max-image-preview:large, max-video-preview:-1\" \/>\n<link rel=\"canonical\" href=\"https:\/\/schoenstatt.com\/es\/maria-simbolo-de-esperanza-para-la-paz-en-la-republica-democratica-del-congo\/\" \/>\n<meta property=\"og:locale\" content=\"es_ES\" \/>\n<meta property=\"og:type\" content=\"article\" \/>\n<meta property=\"og:title\" content=\"Mar\u00eda, s\u00edmbolo de esperanza para la paz en la Rep\u00fablica Democr\u00e1tica del Congo\" \/>\n<meta property=\"og:description\" content=\"El nuevo santuario en una zona de guerra: se encuentra en una zona peligrosa de conflicto de la RD del Congo. \u00a1Recemos por nuestros hermanos!\" \/>\n<meta property=\"og:url\" content=\"https:\/\/schoenstatt.com\/es\/maria-simbolo-de-esperanza-para-la-paz-en-la-republica-democratica-del-congo\/\" \/>\n<meta property=\"og:site_name\" content=\"Schoenstatt\" \/>\n<meta property=\"article:published_time\" content=\"2025-04-11T01:03:00+00:00\" \/>\n<meta property=\"article:modified_time\" content=\"2025-08-21T02:24:43+00:00\" \/>\n<meta property=\"og:image\" content=\"https:\/\/schoenstatt.com\/wp-content\/uploads\/2025\/04\/Schoenstatt-Shrine-Democratic-Republic-of-Congo-1.webp\" \/>\n\t<meta property=\"og:image:width\" content=\"1920\" \/>\n\t<meta property=\"og:image:height\" content=\"1254\" \/>\n\t<meta property=\"og:image:type\" content=\"image\/webp\" \/>\n<meta name=\"author\" content=\"Karen Bueno\" \/>\n<meta name=\"twitter:card\" content=\"summary_large_image\" \/>\n<meta name=\"twitter:label1\" content=\"Escrito por\" \/>\n\t<meta name=\"twitter:data1\" content=\"Karen Bueno\" \/>\n\t<meta name=\"twitter:label2\" content=\"Tiempo de lectura\" \/>\n\t<meta name=\"twitter:data2\" content=\"4 minutos\" \/>\n<script type=\"application\/ld+json\" class=\"yoast-schema-graph\">{\"@context\":\"https:\\\/\\\/schema.org\",\"@graph\":[{\"@type\":\"Article\",\"@id\":\"https:\\\/\\\/schoenstatt.com\\\/es\\\/maria-simbolo-de-esperanza-para-la-paz-en-la-republica-democratica-del-congo\\\/#article\",\"isPartOf\":{\"@id\":\"https:\\\/\\\/schoenstatt.com\\\/es\\\/maria-simbolo-de-esperanza-para-la-paz-en-la-republica-democratica-del-congo\\\/\"},\"author\":{\"name\":\"Karen Bueno\",\"@id\":\"https:\\\/\\\/schoenstatt.com\\\/es\\\/#\\\/schema\\\/person\\\/5158877ad4acae98b34daaeef2a1ce6e\"},\"headline\":\"Mar\u00eda, s\u00edmbolo de esperanza para la paz en la Rep\u00fablica Democr\u00e1tica del Congo\",\"datePublished\":\"2025-04-11T01:03:00+00:00\",\"dateModified\":\"2025-08-21T02:24:43+00:00\",\"mainEntityOfPage\":{\"@id\":\"https:\\\/\\\/schoenstatt.com\\\/es\\\/maria-simbolo-de-esperanza-para-la-paz-en-la-republica-democratica-del-congo\\\/\"},\"wordCount\":768,\"publisher\":{\"@id\":\"https:\\\/\\\/schoenstatt.com\\\/es\\\/#organization\"},\"image\":{\"@id\":\"https:\\\/\\\/schoenstatt.com\\\/es\\\/maria-simbolo-de-esperanza-para-la-paz-en-la-republica-democratica-del-congo\\\/#primaryimage\"},\"thumbnailUrl\":\"https:\\\/\\\/schoenstatt.com\\\/wp-content\\\/uploads\\\/2025\\\/04\\\/Schoenstatt-Shrine-Democratic-Republic-of-Congo-1.webp\",\"keywords\":[\"\u00c1frica\",\"Santuario de Schoenstatt\",\"Schoenstatt RD del Congo\"],\"articleSection\":[\"\u00c1frica\",\"Sociedad\"],\"inLanguage\":\"es\"},{\"@type\":\"WebPage\",\"@id\":\"https:\\\/\\\/schoenstatt.com\\\/es\\\/maria-simbolo-de-esperanza-para-la-paz-en-la-republica-democratica-del-congo\\\/\",\"url\":\"https:\\\/\\\/schoenstatt.com\\\/es\\\/maria-simbolo-de-esperanza-para-la-paz-en-la-republica-democratica-del-congo\\\/\",\"name\":\"Mar\u00eda, s\u00edmbolo de esperanza para la paz en la Rep\u00fablica Democr\u00e1tica del Congo\",\"isPartOf\":{\"@id\":\"https:\\\/\\\/schoenstatt.com\\\/es\\\/#website\"},\"primaryImageOfPage\":{\"@id\":\"https:\\\/\\\/schoenstatt.com\\\/es\\\/maria-simbolo-de-esperanza-para-la-paz-en-la-republica-democratica-del-congo\\\/#primaryimage\"},\"image\":{\"@id\":\"https:\\\/\\\/schoenstatt.com\\\/es\\\/maria-simbolo-de-esperanza-para-la-paz-en-la-republica-democratica-del-congo\\\/#primaryimage\"},\"thumbnailUrl\":\"https:\\\/\\\/schoenstatt.com\\\/wp-content\\\/uploads\\\/2025\\\/04\\\/Schoenstatt-Shrine-Democratic-Republic-of-Congo-1.webp\",\"datePublished\":\"2025-04-11T01:03:00+00:00\",\"dateModified\":\"2025-08-21T02:24:43+00:00\",\"description\":\"El nuevo santuario en una zona de guerra: se encuentra en una zona peligrosa de conflicto de la RD del Congo. \u00a1Recemos por nuestros hermanos!\",\"breadcrumb\":{\"@id\":\"https:\\\/\\\/schoenstatt.com\\\/es\\\/maria-simbolo-de-esperanza-para-la-paz-en-la-republica-democratica-del-congo\\\/#breadcrumb\"},\"inLanguage\":\"es\",\"potentialAction\":[{\"@type\":\"ReadAction\",\"target\":[\"https:\\\/\\\/schoenstatt.com\\\/es\\\/maria-simbolo-de-esperanza-para-la-paz-en-la-republica-democratica-del-congo\\\/\"]}]},{\"@type\":\"ImageObject\",\"inLanguage\":\"es\",\"@id\":\"https:\\\/\\\/schoenstatt.com\\\/es\\\/maria-simbolo-de-esperanza-para-la-paz-en-la-republica-democratica-del-congo\\\/#primaryimage\",\"url\":\"https:\\\/\\\/schoenstatt.com\\\/wp-content\\\/uploads\\\/2025\\\/04\\\/Schoenstatt-Shrine-Democratic-Republic-of-Congo-1.webp\",\"contentUrl\":\"https:\\\/\\\/schoenstatt.com\\\/wp-content\\\/uploads\\\/2025\\\/04\\\/Schoenstatt-Shrine-Democratic-Republic-of-Congo-1.webp\",\"width\":1920,\"height\":1254,\"caption\":\"Schoenstatt Shrine Democratic Republic of Congo\"},{\"@type\":\"BreadcrumbList\",\"@id\":\"https:\\\/\\\/schoenstatt.com\\\/es\\\/maria-simbolo-de-esperanza-para-la-paz-en-la-republica-democratica-del-congo\\\/#breadcrumb\",\"itemListElement\":[{\"@type\":\"ListItem\",\"position\":1,\"name\":\"Portada\",\"item\":\"https:\\\/\\\/schoenstatt.com\\\/es\\\/home\\\/\"},{\"@type\":\"ListItem\",\"position\":2,\"name\":\"Mar\u00eda, s\u00edmbolo de esperanza para la paz en la Rep\u00fablica Democr\u00e1tica del Congo\"}]},{\"@type\":\"WebSite\",\"@id\":\"https:\\\/\\\/schoenstatt.com\\\/es\\\/#website\",\"url\":\"https:\\\/\\\/schoenstatt.com\\\/es\\\/\",\"name\":\"Schoenstatt\",\"description\":\"Apostolic Movement\",\"publisher\":{\"@id\":\"https:\\\/\\\/schoenstatt.com\\\/es\\\/#organization\"},\"potentialAction\":[{\"@type\":\"SearchAction\",\"target\":{\"@type\":\"EntryPoint\",\"urlTemplate\":\"https:\\\/\\\/schoenstatt.com\\\/es\\\/?s={search_term_string}\"},\"query-input\":{\"@type\":\"PropertyValueSpecification\",\"valueRequired\":true,\"valueName\":\"search_term_string\"}}],\"inLanguage\":\"es\"},{\"@type\":\"Organization\",\"@id\":\"https:\\\/\\\/schoenstatt.com\\\/es\\\/#organization\",\"name\":\"Schoenstatt\",\"url\":\"https:\\\/\\\/schoenstatt.com\\\/es\\\/\",\"logo\":{\"@type\":\"ImageObject\",\"inLanguage\":\"es\",\"@id\":\"https:\\\/\\\/schoenstatt.com\\\/es\\\/#\\\/schema\\\/logo\\\/image\\\/\",\"url\":\"https:\\\/\\\/schoenstatt.com\\\/wp-content\\\/uploads\\\/2025\\\/04\\\/logo-schoenstatt-white-696x696-1.png\",\"contentUrl\":\"https:\\\/\\\/schoenstatt.com\\\/wp-content\\\/uploads\\\/2025\\\/04\\\/logo-schoenstatt-white-696x696-1.png\",\"width\":696,\"height\":694,\"caption\":\"Schoenstatt\"},\"image\":{\"@id\":\"https:\\\/\\\/schoenstatt.com\\\/es\\\/#\\\/schema\\\/logo\\\/image\\\/\"}},{\"@type\":\"Person\",\"@id\":\"https:\\\/\\\/schoenstatt.com\\\/es\\\/#\\\/schema\\\/person\\\/5158877ad4acae98b34daaeef2a1ce6e\",\"name\":\"Karen Bueno\",\"image\":{\"@type\":\"ImageObject\",\"inLanguage\":\"es\",\"@id\":\"https:\\\/\\\/secure.gravatar.com\\\/avatar\\\/f9f4b823873154269d2b2130f195f6d41037dd0d7fc5f3cacb5c846bae70d66b?s=96&d=mm&r=g\",\"url\":\"https:\\\/\\\/secure.gravatar.com\\\/avatar\\\/f9f4b823873154269d2b2130f195f6d41037dd0d7fc5f3cacb5c846bae70d66b?s=96&d=mm&r=g\",\"contentUrl\":\"https:\\\/\\\/secure.gravatar.com\\\/avatar\\\/f9f4b823873154269d2b2130f195f6d41037dd0d7fc5f3cacb5c846bae70d66b?s=96&d=mm&r=g\",\"caption\":\"Karen Bueno\"},\"url\":\"https:\\\/\\\/schoenstatt.com\\\/es\\\/author\\\/karen-bueno\\\/\"}]}<\/script>\n<!-- \/ Yoast SEO Premium plugin. -->","yoast_head_json":{"title":"Mar\u00eda, s\u00edmbolo de esperanza para la paz en la Rep\u00fablica Democr\u00e1tica del Congo","description":"El nuevo santuario en una zona de guerra: se encuentra en una zona peligrosa de conflicto de la RD del Congo. \u00a1Recemos por nuestros hermanos!","robots":{"index":"index","follow":"follow","max-snippet":"max-snippet:-1","max-image-preview":"max-image-preview:large","max-video-preview":"max-video-preview:-1"},"canonical":"https:\/\/schoenstatt.com\/es\/maria-simbolo-de-esperanza-para-la-paz-en-la-republica-democratica-del-congo\/","og_locale":"es_ES","og_type":"article","og_title":"Mar\u00eda, s\u00edmbolo de esperanza para la paz en la Rep\u00fablica Democr\u00e1tica del Congo","og_description":"El nuevo santuario en una zona de guerra: se encuentra en una zona peligrosa de conflicto de la RD del Congo. \u00a1Recemos por nuestros hermanos!","og_url":"https:\/\/schoenstatt.com\/es\/maria-simbolo-de-esperanza-para-la-paz-en-la-republica-democratica-del-congo\/","og_site_name":"Schoenstatt","article_published_time":"2025-04-11T01:03:00+00:00","article_modified_time":"2025-08-21T02:24:43+00:00","og_image":[{"width":1920,"height":1254,"url":"https:\/\/schoenstatt.com\/wp-content\/uploads\/2025\/04\/Schoenstatt-Shrine-Democratic-Republic-of-Congo-1.webp","type":"image\/webp"}],"author":"Karen Bueno","twitter_card":"summary_large_image","twitter_misc":{"Escrito por":"Karen Bueno","Tiempo de lectura":"4 minutos"},"schema":{"@context":"https:\/\/schema.org","@graph":[{"@type":"Article","@id":"https:\/\/schoenstatt.com\/es\/maria-simbolo-de-esperanza-para-la-paz-en-la-republica-democratica-del-congo\/#article","isPartOf":{"@id":"https:\/\/schoenstatt.com\/es\/maria-simbolo-de-esperanza-para-la-paz-en-la-republica-democratica-del-congo\/"},"author":{"name":"Karen Bueno","@id":"https:\/\/schoenstatt.com\/es\/#\/schema\/person\/5158877ad4acae98b34daaeef2a1ce6e"},"headline":"Mar\u00eda, s\u00edmbolo de esperanza para la paz en la Rep\u00fablica Democr\u00e1tica del Congo","datePublished":"2025-04-11T01:03:00+00:00","dateModified":"2025-08-21T02:24:43+00:00","mainEntityOfPage":{"@id":"https:\/\/schoenstatt.com\/es\/maria-simbolo-de-esperanza-para-la-paz-en-la-republica-democratica-del-congo\/"},"wordCount":768,"publisher":{"@id":"https:\/\/schoenstatt.com\/es\/#organization"},"image":{"@id":"https:\/\/schoenstatt.com\/es\/maria-simbolo-de-esperanza-para-la-paz-en-la-republica-democratica-del-congo\/#primaryimage"},"thumbnailUrl":"https:\/\/schoenstatt.com\/wp-content\/uploads\/2025\/04\/Schoenstatt-Shrine-Democratic-Republic-of-Congo-1.webp","keywords":["\u00c1frica","Santuario de Schoenstatt","Schoenstatt RD del Congo"],"articleSection":["\u00c1frica","Sociedad"],"inLanguage":"es"},{"@type":"WebPage","@id":"https:\/\/schoenstatt.com\/es\/maria-simbolo-de-esperanza-para-la-paz-en-la-republica-democratica-del-congo\/","url":"https:\/\/schoenstatt.com\/es\/maria-simbolo-de-esperanza-para-la-paz-en-la-republica-democratica-del-congo\/","name":"Mar\u00eda, s\u00edmbolo de esperanza para la paz en la Rep\u00fablica Democr\u00e1tica del Congo","isPartOf":{"@id":"https:\/\/schoenstatt.com\/es\/#website"},"primaryImageOfPage":{"@id":"https:\/\/schoenstatt.com\/es\/maria-simbolo-de-esperanza-para-la-paz-en-la-republica-democratica-del-congo\/#primaryimage"},"image":{"@id":"https:\/\/schoenstatt.com\/es\/maria-simbolo-de-esperanza-para-la-paz-en-la-republica-democratica-del-congo\/#primaryimage"},"thumbnailUrl":"https:\/\/schoenstatt.com\/wp-content\/uploads\/2025\/04\/Schoenstatt-Shrine-Democratic-Republic-of-Congo-1.webp","datePublished":"2025-04-11T01:03:00+00:00","dateModified":"2025-08-21T02:24:43+00:00","description":"El nuevo santuario en una zona de guerra: se encuentra en una zona peligrosa de conflicto de la RD del Congo. \u00a1Recemos por nuestros hermanos!","breadcrumb":{"@id":"https:\/\/schoenstatt.com\/es\/maria-simbolo-de-esperanza-para-la-paz-en-la-republica-democratica-del-congo\/#breadcrumb"},"inLanguage":"es","potentialAction":[{"@type":"ReadAction","target":["https:\/\/schoenstatt.com\/es\/maria-simbolo-de-esperanza-para-la-paz-en-la-republica-democratica-del-congo\/"]}]},{"@type":"ImageObject","inLanguage":"es","@id":"https:\/\/schoenstatt.com\/es\/maria-simbolo-de-esperanza-para-la-paz-en-la-republica-democratica-del-congo\/#primaryimage","url":"https:\/\/schoenstatt.com\/wp-content\/uploads\/2025\/04\/Schoenstatt-Shrine-Democratic-Republic-of-Congo-1.webp","contentUrl":"https:\/\/schoenstatt.com\/wp-content\/uploads\/2025\/04\/Schoenstatt-Shrine-Democratic-Republic-of-Congo-1.webp","width":1920,"height":1254,"caption":"Schoenstatt Shrine Democratic Republic of Congo"},{"@type":"BreadcrumbList","@id":"https:\/\/schoenstatt.com\/es\/maria-simbolo-de-esperanza-para-la-paz-en-la-republica-democratica-del-congo\/#breadcrumb","itemListElement":[{"@type":"ListItem","position":1,"name":"Portada","item":"https:\/\/schoenstatt.com\/es\/home\/"},{"@type":"ListItem","position":2,"name":"Mar\u00eda, s\u00edmbolo de esperanza para la paz en la Rep\u00fablica Democr\u00e1tica del Congo"}]},{"@type":"WebSite","@id":"https:\/\/schoenstatt.com\/es\/#website","url":"https:\/\/schoenstatt.com\/es\/","name":"Schoenstatt","description":"Apostolic Movement","publisher":{"@id":"https:\/\/schoenstatt.com\/es\/#organization"},"potentialAction":[{"@type":"SearchAction","target":{"@type":"EntryPoint","urlTemplate":"https:\/\/schoenstatt.com\/es\/?s={search_term_string}"},"query-input":{"@type":"PropertyValueSpecification","valueRequired":true,"valueName":"search_term_string"}}],"inLanguage":"es"},{"@type":"Organization","@id":"https:\/\/schoenstatt.com\/es\/#organization","name":"Schoenstatt","url":"https:\/\/schoenstatt.com\/es\/","logo":{"@type":"ImageObject","inLanguage":"es","@id":"https:\/\/schoenstatt.com\/es\/#\/schema\/logo\/image\/","url":"https:\/\/schoenstatt.com\/wp-content\/uploads\/2025\/04\/logo-schoenstatt-white-696x696-1.png","contentUrl":"https:\/\/schoenstatt.com\/wp-content\/uploads\/2025\/04\/logo-schoenstatt-white-696x696-1.png","width":696,"height":694,"caption":"Schoenstatt"},"image":{"@id":"https:\/\/schoenstatt.com\/es\/#\/schema\/logo\/image\/"}},{"@type":"Person","@id":"https:\/\/schoenstatt.com\/es\/#\/schema\/person\/5158877ad4acae98b34daaeef2a1ce6e","name":"Karen Bueno","image":{"@type":"ImageObject","inLanguage":"es","@id":"https:\/\/secure.gravatar.com\/avatar\/f9f4b823873154269d2b2130f195f6d41037dd0d7fc5f3cacb5c846bae70d66b?s=96&d=mm&r=g","url":"https:\/\/secure.gravatar.com\/avatar\/f9f4b823873154269d2b2130f195f6d41037dd0d7fc5f3cacb5c846bae70d66b?s=96&d=mm&r=g","contentUrl":"https:\/\/secure.gravatar.com\/avatar\/f9f4b823873154269d2b2130f195f6d41037dd0d7fc5f3cacb5c846bae70d66b?s=96&d=mm&r=g","caption":"Karen Bueno"},"url":"https:\/\/schoenstatt.com\/es\/author\/karen-bueno\/"}]}},"_links":{"self":[{"href":"https:\/\/schoenstatt.com\/es\/wp-json\/wp\/v2\/posts\/44419","targetHints":{"allow":["GET"]}}],"collection":[{"href":"https:\/\/schoenstatt.com\/es\/wp-json\/wp\/v2\/posts"}],"about":[{"href":"https:\/\/schoenstatt.com\/es\/wp-json\/wp\/v2\/types\/post"}],"author":[{"embeddable":true,"href":"https:\/\/schoenstatt.com\/es\/wp-json\/wp\/v2\/users\/3"}],"replies":[{"embeddable":true,"href":"https:\/\/schoenstatt.com\/es\/wp-json\/wp\/v2\/comments?post=44419"}],"version-history":[{"count":4,"href":"https:\/\/schoenstatt.com\/es\/wp-json\/wp\/v2\/posts\/44419\/revisions"}],"predecessor-version":[{"id":63029,"href":"https:\/\/schoenstatt.com\/es\/wp-json\/wp\/v2\/posts\/44419\/revisions\/63029"}],"wp:featuredmedia":[{"embeddable":true,"href":"https:\/\/schoenstatt.com\/es\/wp-json\/wp\/v2\/media\/44403"}],"wp:attachment":[{"href":"https:\/\/schoenstatt.com\/es\/wp-json\/wp\/v2\/media?parent=44419"}],"wp:term":[{"taxonomy":"category","embeddable":true,"href":"https:\/\/schoenstatt.com\/es\/wp-json\/wp\/v2\/categories?post=44419"},{"taxonomy":"post_tag","embeddable":true,"href":"https:\/\/schoenstatt.com\/es\/wp-json\/wp\/v2\/tags?post=44419"}],"curies":[{"name":"wp","href":"https:\/\/api.w.org\/{rel}","templated":true}]}}