{"id":44241,"date":"2025-04-03T13:18:42","date_gmt":"2025-04-03T11:18:42","guid":{"rendered":"https:\/\/schoenstatt.com\/?p=44241"},"modified":"2025-08-21T04:24:58","modified_gmt":"2025-08-21T02:24:58","slug":"un-nuevo-paso-en-la-construccion-del-futuro-santuario-de-santa-catarina-en-brasil","status":"publish","type":"post","link":"https:\/\/schoenstatt.com\/es\/un-nuevo-paso-en-la-construccion-del-futuro-santuario-de-santa-catarina-en-brasil\/","title":{"rendered":"Un nuevo paso en la construcci\u00f3n del futuro Santuario de Santa Catarina, en Brasil"},"content":{"rendered":"\n<p>La construcci\u00f3n de un nuevo Santuario de la Madre y Reina toca de manera especial el coraz\u00f3n de la Familia de Schoenstatt. Una amplia sonrisa ilumina el rostro de los schoenstattianos de todo Brasil cuando se habla del futuro <strong>Santuario Tabor de la Misericordia<\/strong>. Construido en la di\u00f3cesis de Florian\u00f3polis, ser\u00e1 el primer Santuario Filial de Schoenstatt en el estado de Santa Catarina, con inauguraci\u00f3n prevista para el 20 de julio de 2025.<\/p>\n\n\n\n<p>El pasado 15 de marzo, 700 personas participaron en la bendici\u00f3n de la Piedra Fundamental en el municipio de Bigua\u00e7u.<\/p>\n\n\n<p><iframe src=\"https:\/\/www.google.com\/maps\/embed?pb=!1m18!1m12!1m3!1d23825.43360847215!2d-48.62806198844746!3d-27.417163771738213!2m3!1f0!2f0!3f0!3m2!1i1024!2i768!4f13.1!3m3!1m2!1s0x952751859476fe59%3A0x5a6671cd12d6384e!2sSchoenstatt%20-%20M%C3%A3e%20Peregrina!5e0!3m2!1sen!2sbr!4v1743679117191!5m2!1sen!2sbr\" width=\"400\" height=\"300\" style=\"border:0;\" allowfullscreen=\"\" loading=\"lazy\" referrerpolicy=\"no-referrer-when-downgrade\"><\/iframe><\/p>\n\n\n\n<h3 class=\"wp-block-heading\" id=\"h-jornada-estatal-del-apostolado-de-la-virgen-peregrina\"><strong><strong>Jornada estatal del Apostolado de la Virgen Peregrina<\/strong><\/strong><\/h3>\n\n\n\n<p>La hermana M. Vera Debald, asesora del <a href=\"https:\/\/schoenstatt.com\/es\/en-mision\/iglesia\/virgen-peregrina\/\"><mark style=\"background-color:rgba(0, 0, 0, 0);color:#eb8010\" class=\"has-inline-color\">Apostolado de la Virgen Peregrina<\/mark><\/a> en el estado, nos cuenta que, en el d\u00eda de la bendici\u00f3n de la piedra fundamental, tambi\u00e9n tuvo lugar la Jornada Estatal de Coordinadores. Hab\u00eda representantes de todo el estado de Santa Catarina, \u00abllenos de expectativas\u00bb, narra la hermana. El programa incluy\u00f3 la Adoraci\u00f3n al Sant\u00edsimo y formaci\u00f3n en espiritualidad, a cargo del P. Vitor Possetti, vicepostulador de la causa de beatificaci\u00f3n de <a href=\"https:\/\/schoenstatt.com\/es\/comision-teologica-evalua-de-forma-positiva-el-proceso-de-joao-pozzobon\/\"><mark style=\"background-color:rgba(0, 0, 0, 0);color:#eb8010\" class=\"has-inline-color\">Jo\u00e3o Luiz Pozzobon<\/mark><\/a>.<\/p>\n\n\n\n<p>\u201cEn su conferencia, el P. Vitor exalt\u00f3 el testimonio de vida del Siervo de Dios, su dedicaci\u00f3n y amor por tantas familias, su papel como padre y amigo de los pobres, su gran ardor misionero y su v\u00ednculo con el Santuario a trav\u00e9s de la Alianza de Amor con la Madre y Reina\u201d, recuerda la Hna. M. Vera.<\/p>\n\n\n\n<h3 class=\"wp-block-heading\" id=\"h-ninos-y-jovenes-llamados-a-ser-testigos-de-la-esperanza\"><strong><strong>Ni\u00f1os y j\u00f3venes llamados a ser testigos de la esperanza<\/strong><\/strong><\/h3>\n\n\n\n<p>Los coordinadores, agrupados por di\u00f3cesis, evaluaron la vida del Apostolado en este A\u00f1o Santo y el progreso en la conquista de los obsequios para la Madre y Reina en el jubileo de 75 a\u00f1os. La Hermana destaca que, en todas las di\u00f3cesis, \u201cse est\u00e1 haciendo un gran esfuerzo por la implantaci\u00f3n de la imagen de la Madre Peregrina para ni\u00f1os y j\u00f3venes en las catequesis, grupos de monaguillos, j\u00f3venes y escuelas\u201d. Algunos que ya la han implementado compartieron experiencias positivas desde sus parroquias.<\/p>\n\n\n\n<figure class=\"wp-block-image size-large\"><img decoding=\"async\" src=\"https:\/\/schoenstatt.com\/wp-content\/uploads\/2025\/04\/Schoenstatt-Shrine-of-Santa-Catarina-Biguacu-Brazil-1024x529.jpg\" alt=\"Schoenstatt Shrine of Santa Catarina Bigua\u00e7u Brazil\" class=\"wp-image-44230\"\/><\/figure>\n\n\n\n<h3 class=\"wp-block-heading\" id=\"h-mons-onecimo-comparte-su-experiencia\"><strong><strong>Mons. On\u00e9cimo comparte su experiencia<\/strong><\/strong><\/h3>\n\n\n\n<p>El momento m\u00e1s esperado fue la Santa Misa con la bendici\u00f3n de la Piedra Fundamental del Santuario, cuyas paredes ya est\u00e1n bastante avanzadas en la construcci\u00f3n. La misa fue presidida por Mons. On\u00e9cimo Alberton, Obispo Auxiliar de la Arquidi\u00f3cesis de Florian\u00f3polis, quien durante la celebraci\u00f3n y en la homil\u00eda comparti\u00f3 su experiencia con la Madre y Reina de Schoenstatt cuando era p\u00e1rroco.<\/p>\n\n\n\n<p>El obispo relat\u00f3 que, en las misas de renovaci\u00f3n de la Alianza de Amor, siempre necesitaba ampliar el espacio tanto para los fieles como para colocar las im\u00e1genes de la Madre Peregrina. Anim\u00f3 a todos los presentes a seguir en la conquista y el v\u00ednculo con el Santuario.<\/p>\n\n\n\n<p>En esta celebraci\u00f3n tambi\u00e9n estuvieron presentes algunas autoridades pol\u00edticas, como el alcalde Salmir da Silva y el vicealcalde Alexandre Martins de Souza, junto con algunos concejales. El Sr. Ant\u00f4nio Luiz Fuchter, donante del terreno, estuvo representado por su hija, Adriana Fuchter. Tambi\u00e9n asistieron representantes de la empresa constructora del Santuario y otros colaboradores que hacen posible que la Madre, Reina y Victoriosa Tres Veces Admirable de Schoenstatt tenga su morada y escuela de santificaci\u00f3n.<\/p>\n\n\n\n<h3 class=\"wp-block-heading\" id=\"h-la-bendicion-de-la-piedra-fundamental\"><strong><strong>La bendici\u00f3n de la Piedra Fundamental<\/strong><\/strong><\/h3>\n\n\n\n<figure class=\"wp-block-image size-full\"><img decoding=\"async\" src=\"https:\/\/schoenstatt.com\/wp-content\/uploads\/2025\/04\/Schoenstatt-Shrine-of-Santa-Catarina-Biguacu-Brazil-2.jpg\" alt=\"Schoenstatt Shrine of Santa Catarina Bigua\u00e7u Brazil\" class=\"wp-image-44235\"\/><\/figure>\n\n\n\n<p>Al finalizar la celebraci\u00f3n, todos se dirigieron en procesi\u00f3n al sitio de construcci\u00f3n, llevando el documento firmado por las autoridades y representantes del Movimiento Apost\u00f3lico de Schoenstatt, que fue sellado por el Obispo.<\/p>\n\n\n\n<p>La Hna. M. Vera describe: \u201cAl son del Ave Mar\u00eda y con los angelitos recibi\u00e9ndonos, todos se acercaron y entraron en el \u00e1rea de construcci\u00f3n del Santuario para acompa\u00f1ar de cerca la bendici\u00f3n y colocaci\u00f3n de la piedra fundamental\u201d. Luego, Mons. On\u00e9cimo bendijo la piedra fundamental y a todos los presentes. \u201cFueron momentos de gran emoci\u00f3n y gratitud al ver realizado el milagro de la construcci\u00f3n del Santuario despu\u00e9s de tantos a\u00f1os de espera.\u201d<\/p>\n\n\n\n<p>Para finalizar, las personas colocaron entre los ladrillos de las paredes del Santuario papeles con sus nombres e intenciones y recibieron como recuerdo de este d\u00eda un peque\u00f1o ladrillo con el logo del Santuario Tabor de la Misericordia.<\/p>\n\n\n\n<p><strong>Fuente: <\/strong>Schoenstatt Brasil \u2013 <a href=\"https:\/\/schoenstatt.org.br\/2025\/04\/02\/bencao-da-pedra-fundamental-do-santuario\/\" target=\"_blank\" rel=\"noreferrer noopener\"><mark style=\"background-color:rgba(0, 0, 0, 0);color:#eb8010\" class=\"has-inline-color\">schoenstatt.org.br<\/mark><\/a><\/p>\n\n\n\n<p><strong>Traducci\u00f3n: <\/strong>Hna. M. Lourdes Mac\u00edas<\/p>\n","protected":false},"excerpt":{"rendered":"<p>La Familia de Schoenstatt acompa\u00f1a la bendici\u00f3n de la Piedra Fundamental del primer Santuario de Schoenstatt en el estado de Santa Catarina. <\/p>\n","protected":false},"author":3,"featured_media":44230,"comment_status":"closed","ping_status":"closed","sticky":false,"template":"","format":"standard","meta":{"footnotes":""},"categories":[864,790],"tags":[1199,1136],"class_list":["post-44241","post","type-post","status-publish","format-standard","has-post-thumbnail","hentry","category-america-es","category-paises-es","tag-santuario-de-schoenstatt-es","tag-schoenstatt-brasil-es"],"yoast_head":"<!-- This site is optimized with the Yoast SEO Premium plugin v27.4 (Yoast SEO v27.4) - https:\/\/yoast.com\/product\/yoast-seo-premium-wordpress\/ -->\n<title>Un nuevo paso en la construcci\u00f3n del futuro Santuario de Santa Catarina, en Brasil<\/title>\n<meta name=\"description\" content=\"La Familia de Schoenstatt acompa\u00f1a la bendici\u00f3n de la Piedra Fundamental del primer Santuario de Schoenstatt en el estado de Santa Catarina.\" \/>\n<meta name=\"robots\" content=\"index, follow, max-snippet:-1, max-image-preview:large, max-video-preview:-1\" \/>\n<link rel=\"canonical\" href=\"https:\/\/schoenstatt.com\/es\/un-nuevo-paso-en-la-construccion-del-futuro-santuario-de-santa-catarina-en-brasil\/\" \/>\n<meta property=\"og:locale\" content=\"es_ES\" \/>\n<meta property=\"og:type\" content=\"article\" \/>\n<meta property=\"og:title\" content=\"Un nuevo paso en la construcci\u00f3n del futuro Santuario de Santa Catarina, en Brasil\" \/>\n<meta property=\"og:description\" content=\"La Familia de Schoenstatt acompa\u00f1a la bendici\u00f3n de la Piedra Fundamental del primer Santuario de Schoenstatt en el estado de Santa Catarina.\" \/>\n<meta property=\"og:url\" content=\"https:\/\/schoenstatt.com\/es\/un-nuevo-paso-en-la-construccion-del-futuro-santuario-de-santa-catarina-en-brasil\/\" \/>\n<meta property=\"og:site_name\" content=\"Schoenstatt\" \/>\n<meta property=\"article:published_time\" content=\"2025-04-03T11:18:42+00:00\" \/>\n<meta property=\"article:modified_time\" content=\"2025-08-21T02:24:58+00:00\" \/>\n<meta property=\"og:image\" content=\"https:\/\/schoenstatt.com\/wp-content\/uploads\/2025\/04\/Schoenstatt-Shrine-of-Santa-Catarina-Biguacu-Brazil-1.webp\" \/>\n\t<meta property=\"og:image:width\" content=\"1920\" \/>\n\t<meta property=\"og:image:height\" content=\"991\" \/>\n\t<meta property=\"og:image:type\" content=\"image\/webp\" \/>\n<meta name=\"author\" content=\"Karen Bueno\" \/>\n<meta name=\"twitter:card\" content=\"summary_large_image\" \/>\n<meta name=\"twitter:label1\" content=\"Escrito por\" \/>\n\t<meta name=\"twitter:data1\" content=\"Karen Bueno\" \/>\n\t<meta name=\"twitter:label2\" content=\"Tiempo de lectura\" \/>\n\t<meta name=\"twitter:data2\" content=\"4 minutos\" \/>\n<script type=\"application\/ld+json\" class=\"yoast-schema-graph\">{\"@context\":\"https:\\\/\\\/schema.org\",\"@graph\":[{\"@type\":\"Article\",\"@id\":\"https:\\\/\\\/schoenstatt.com\\\/es\\\/un-nuevo-paso-en-la-construccion-del-futuro-santuario-de-santa-catarina-en-brasil\\\/#article\",\"isPartOf\":{\"@id\":\"https:\\\/\\\/schoenstatt.com\\\/es\\\/un-nuevo-paso-en-la-construccion-del-futuro-santuario-de-santa-catarina-en-brasil\\\/\"},\"author\":{\"name\":\"Karen Bueno\",\"@id\":\"https:\\\/\\\/schoenstatt.com\\\/es\\\/#\\\/schema\\\/person\\\/5158877ad4acae98b34daaeef2a1ce6e\"},\"headline\":\"Un nuevo paso en la construcci\u00f3n del futuro Santuario de Santa Catarina, en Brasil\",\"datePublished\":\"2025-04-03T11:18:42+00:00\",\"dateModified\":\"2025-08-21T02:24:58+00:00\",\"mainEntityOfPage\":{\"@id\":\"https:\\\/\\\/schoenstatt.com\\\/es\\\/un-nuevo-paso-en-la-construccion-del-futuro-santuario-de-santa-catarina-en-brasil\\\/\"},\"wordCount\":760,\"publisher\":{\"@id\":\"https:\\\/\\\/schoenstatt.com\\\/es\\\/#organization\"},\"image\":{\"@id\":\"https:\\\/\\\/schoenstatt.com\\\/es\\\/un-nuevo-paso-en-la-construccion-del-futuro-santuario-de-santa-catarina-en-brasil\\\/#primaryimage\"},\"thumbnailUrl\":\"https:\\\/\\\/schoenstatt.com\\\/wp-content\\\/uploads\\\/2025\\\/04\\\/Schoenstatt-Shrine-of-Santa-Catarina-Biguacu-Brazil-1.webp\",\"keywords\":[\"Santuario de Schoenstatt\",\"Schoenstatt Brasil\"],\"articleSection\":[\"Am\u00e9rica\",\"Pa\u00edses\"],\"inLanguage\":\"es\"},{\"@type\":\"WebPage\",\"@id\":\"https:\\\/\\\/schoenstatt.com\\\/es\\\/un-nuevo-paso-en-la-construccion-del-futuro-santuario-de-santa-catarina-en-brasil\\\/\",\"url\":\"https:\\\/\\\/schoenstatt.com\\\/es\\\/un-nuevo-paso-en-la-construccion-del-futuro-santuario-de-santa-catarina-en-brasil\\\/\",\"name\":\"Un nuevo paso en la construcci\u00f3n del futuro Santuario de Santa Catarina, en Brasil\",\"isPartOf\":{\"@id\":\"https:\\\/\\\/schoenstatt.com\\\/es\\\/#website\"},\"primaryImageOfPage\":{\"@id\":\"https:\\\/\\\/schoenstatt.com\\\/es\\\/un-nuevo-paso-en-la-construccion-del-futuro-santuario-de-santa-catarina-en-brasil\\\/#primaryimage\"},\"image\":{\"@id\":\"https:\\\/\\\/schoenstatt.com\\\/es\\\/un-nuevo-paso-en-la-construccion-del-futuro-santuario-de-santa-catarina-en-brasil\\\/#primaryimage\"},\"thumbnailUrl\":\"https:\\\/\\\/schoenstatt.com\\\/wp-content\\\/uploads\\\/2025\\\/04\\\/Schoenstatt-Shrine-of-Santa-Catarina-Biguacu-Brazil-1.webp\",\"datePublished\":\"2025-04-03T11:18:42+00:00\",\"dateModified\":\"2025-08-21T02:24:58+00:00\",\"description\":\"La Familia de Schoenstatt acompa\u00f1a la bendici\u00f3n de la Piedra Fundamental del primer Santuario de Schoenstatt en el estado de Santa Catarina.\",\"breadcrumb\":{\"@id\":\"https:\\\/\\\/schoenstatt.com\\\/es\\\/un-nuevo-paso-en-la-construccion-del-futuro-santuario-de-santa-catarina-en-brasil\\\/#breadcrumb\"},\"inLanguage\":\"es\",\"potentialAction\":[{\"@type\":\"ReadAction\",\"target\":[\"https:\\\/\\\/schoenstatt.com\\\/es\\\/un-nuevo-paso-en-la-construccion-del-futuro-santuario-de-santa-catarina-en-brasil\\\/\"]}]},{\"@type\":\"ImageObject\",\"inLanguage\":\"es\",\"@id\":\"https:\\\/\\\/schoenstatt.com\\\/es\\\/un-nuevo-paso-en-la-construccion-del-futuro-santuario-de-santa-catarina-en-brasil\\\/#primaryimage\",\"url\":\"https:\\\/\\\/schoenstatt.com\\\/wp-content\\\/uploads\\\/2025\\\/04\\\/Schoenstatt-Shrine-of-Santa-Catarina-Biguacu-Brazil-1.webp\",\"contentUrl\":\"https:\\\/\\\/schoenstatt.com\\\/wp-content\\\/uploads\\\/2025\\\/04\\\/Schoenstatt-Shrine-of-Santa-Catarina-Biguacu-Brazil-1.webp\",\"width\":1920,\"height\":991,\"caption\":\"Schoenstatt Shrine of Santa Catarina Bigua\u00e7u Brazil\"},{\"@type\":\"BreadcrumbList\",\"@id\":\"https:\\\/\\\/schoenstatt.com\\\/es\\\/un-nuevo-paso-en-la-construccion-del-futuro-santuario-de-santa-catarina-en-brasil\\\/#breadcrumb\",\"itemListElement\":[{\"@type\":\"ListItem\",\"position\":1,\"name\":\"Portada\",\"item\":\"https:\\\/\\\/schoenstatt.com\\\/es\\\/home\\\/\"},{\"@type\":\"ListItem\",\"position\":2,\"name\":\"Un nuevo paso en la construcci\u00f3n del futuro Santuario de Santa Catarina, en Brasil\"}]},{\"@type\":\"WebSite\",\"@id\":\"https:\\\/\\\/schoenstatt.com\\\/es\\\/#website\",\"url\":\"https:\\\/\\\/schoenstatt.com\\\/es\\\/\",\"name\":\"Schoenstatt\",\"description\":\"Apostolic Movement\",\"publisher\":{\"@id\":\"https:\\\/\\\/schoenstatt.com\\\/es\\\/#organization\"},\"potentialAction\":[{\"@type\":\"SearchAction\",\"target\":{\"@type\":\"EntryPoint\",\"urlTemplate\":\"https:\\\/\\\/schoenstatt.com\\\/es\\\/?s={search_term_string}\"},\"query-input\":{\"@type\":\"PropertyValueSpecification\",\"valueRequired\":true,\"valueName\":\"search_term_string\"}}],\"inLanguage\":\"es\"},{\"@type\":\"Organization\",\"@id\":\"https:\\\/\\\/schoenstatt.com\\\/es\\\/#organization\",\"name\":\"Schoenstatt\",\"url\":\"https:\\\/\\\/schoenstatt.com\\\/es\\\/\",\"logo\":{\"@type\":\"ImageObject\",\"inLanguage\":\"es\",\"@id\":\"https:\\\/\\\/schoenstatt.com\\\/es\\\/#\\\/schema\\\/logo\\\/image\\\/\",\"url\":\"https:\\\/\\\/schoenstatt.com\\\/wp-content\\\/uploads\\\/2025\\\/04\\\/logo-schoenstatt-white-696x696-1.png\",\"contentUrl\":\"https:\\\/\\\/schoenstatt.com\\\/wp-content\\\/uploads\\\/2025\\\/04\\\/logo-schoenstatt-white-696x696-1.png\",\"width\":696,\"height\":694,\"caption\":\"Schoenstatt\"},\"image\":{\"@id\":\"https:\\\/\\\/schoenstatt.com\\\/es\\\/#\\\/schema\\\/logo\\\/image\\\/\"}},{\"@type\":\"Person\",\"@id\":\"https:\\\/\\\/schoenstatt.com\\\/es\\\/#\\\/schema\\\/person\\\/5158877ad4acae98b34daaeef2a1ce6e\",\"name\":\"Karen Bueno\",\"image\":{\"@type\":\"ImageObject\",\"inLanguage\":\"es\",\"@id\":\"https:\\\/\\\/secure.gravatar.com\\\/avatar\\\/f9f4b823873154269d2b2130f195f6d41037dd0d7fc5f3cacb5c846bae70d66b?s=96&d=mm&r=g\",\"url\":\"https:\\\/\\\/secure.gravatar.com\\\/avatar\\\/f9f4b823873154269d2b2130f195f6d41037dd0d7fc5f3cacb5c846bae70d66b?s=96&d=mm&r=g\",\"contentUrl\":\"https:\\\/\\\/secure.gravatar.com\\\/avatar\\\/f9f4b823873154269d2b2130f195f6d41037dd0d7fc5f3cacb5c846bae70d66b?s=96&d=mm&r=g\",\"caption\":\"Karen Bueno\"},\"url\":\"https:\\\/\\\/schoenstatt.com\\\/es\\\/author\\\/karen-bueno\\\/\"}]}<\/script>\n<!-- \/ Yoast SEO Premium plugin. -->","yoast_head_json":{"title":"Un nuevo paso en la construcci\u00f3n del futuro Santuario de Santa Catarina, en Brasil","description":"La Familia de Schoenstatt acompa\u00f1a la bendici\u00f3n de la Piedra Fundamental del primer Santuario de Schoenstatt en el estado de Santa Catarina.","robots":{"index":"index","follow":"follow","max-snippet":"max-snippet:-1","max-image-preview":"max-image-preview:large","max-video-preview":"max-video-preview:-1"},"canonical":"https:\/\/schoenstatt.com\/es\/un-nuevo-paso-en-la-construccion-del-futuro-santuario-de-santa-catarina-en-brasil\/","og_locale":"es_ES","og_type":"article","og_title":"Un nuevo paso en la construcci\u00f3n del futuro Santuario de Santa Catarina, en Brasil","og_description":"La Familia de Schoenstatt acompa\u00f1a la bendici\u00f3n de la Piedra Fundamental del primer Santuario de Schoenstatt en el estado de Santa Catarina.","og_url":"https:\/\/schoenstatt.com\/es\/un-nuevo-paso-en-la-construccion-del-futuro-santuario-de-santa-catarina-en-brasil\/","og_site_name":"Schoenstatt","article_published_time":"2025-04-03T11:18:42+00:00","article_modified_time":"2025-08-21T02:24:58+00:00","og_image":[{"width":1920,"height":991,"url":"https:\/\/schoenstatt.com\/wp-content\/uploads\/2025\/04\/Schoenstatt-Shrine-of-Santa-Catarina-Biguacu-Brazil-1.webp","type":"image\/webp"}],"author":"Karen Bueno","twitter_card":"summary_large_image","twitter_misc":{"Escrito por":"Karen Bueno","Tiempo de lectura":"4 minutos"},"schema":{"@context":"https:\/\/schema.org","@graph":[{"@type":"Article","@id":"https:\/\/schoenstatt.com\/es\/un-nuevo-paso-en-la-construccion-del-futuro-santuario-de-santa-catarina-en-brasil\/#article","isPartOf":{"@id":"https:\/\/schoenstatt.com\/es\/un-nuevo-paso-en-la-construccion-del-futuro-santuario-de-santa-catarina-en-brasil\/"},"author":{"name":"Karen Bueno","@id":"https:\/\/schoenstatt.com\/es\/#\/schema\/person\/5158877ad4acae98b34daaeef2a1ce6e"},"headline":"Un nuevo paso en la construcci\u00f3n del futuro Santuario de Santa Catarina, en Brasil","datePublished":"2025-04-03T11:18:42+00:00","dateModified":"2025-08-21T02:24:58+00:00","mainEntityOfPage":{"@id":"https:\/\/schoenstatt.com\/es\/un-nuevo-paso-en-la-construccion-del-futuro-santuario-de-santa-catarina-en-brasil\/"},"wordCount":760,"publisher":{"@id":"https:\/\/schoenstatt.com\/es\/#organization"},"image":{"@id":"https:\/\/schoenstatt.com\/es\/un-nuevo-paso-en-la-construccion-del-futuro-santuario-de-santa-catarina-en-brasil\/#primaryimage"},"thumbnailUrl":"https:\/\/schoenstatt.com\/wp-content\/uploads\/2025\/04\/Schoenstatt-Shrine-of-Santa-Catarina-Biguacu-Brazil-1.webp","keywords":["Santuario de Schoenstatt","Schoenstatt Brasil"],"articleSection":["Am\u00e9rica","Pa\u00edses"],"inLanguage":"es"},{"@type":"WebPage","@id":"https:\/\/schoenstatt.com\/es\/un-nuevo-paso-en-la-construccion-del-futuro-santuario-de-santa-catarina-en-brasil\/","url":"https:\/\/schoenstatt.com\/es\/un-nuevo-paso-en-la-construccion-del-futuro-santuario-de-santa-catarina-en-brasil\/","name":"Un nuevo paso en la construcci\u00f3n del futuro Santuario de Santa Catarina, en Brasil","isPartOf":{"@id":"https:\/\/schoenstatt.com\/es\/#website"},"primaryImageOfPage":{"@id":"https:\/\/schoenstatt.com\/es\/un-nuevo-paso-en-la-construccion-del-futuro-santuario-de-santa-catarina-en-brasil\/#primaryimage"},"image":{"@id":"https:\/\/schoenstatt.com\/es\/un-nuevo-paso-en-la-construccion-del-futuro-santuario-de-santa-catarina-en-brasil\/#primaryimage"},"thumbnailUrl":"https:\/\/schoenstatt.com\/wp-content\/uploads\/2025\/04\/Schoenstatt-Shrine-of-Santa-Catarina-Biguacu-Brazil-1.webp","datePublished":"2025-04-03T11:18:42+00:00","dateModified":"2025-08-21T02:24:58+00:00","description":"La Familia de Schoenstatt acompa\u00f1a la bendici\u00f3n de la Piedra Fundamental del primer Santuario de Schoenstatt en el estado de Santa Catarina.","breadcrumb":{"@id":"https:\/\/schoenstatt.com\/es\/un-nuevo-paso-en-la-construccion-del-futuro-santuario-de-santa-catarina-en-brasil\/#breadcrumb"},"inLanguage":"es","potentialAction":[{"@type":"ReadAction","target":["https:\/\/schoenstatt.com\/es\/un-nuevo-paso-en-la-construccion-del-futuro-santuario-de-santa-catarina-en-brasil\/"]}]},{"@type":"ImageObject","inLanguage":"es","@id":"https:\/\/schoenstatt.com\/es\/un-nuevo-paso-en-la-construccion-del-futuro-santuario-de-santa-catarina-en-brasil\/#primaryimage","url":"https:\/\/schoenstatt.com\/wp-content\/uploads\/2025\/04\/Schoenstatt-Shrine-of-Santa-Catarina-Biguacu-Brazil-1.webp","contentUrl":"https:\/\/schoenstatt.com\/wp-content\/uploads\/2025\/04\/Schoenstatt-Shrine-of-Santa-Catarina-Biguacu-Brazil-1.webp","width":1920,"height":991,"caption":"Schoenstatt Shrine of Santa Catarina Bigua\u00e7u Brazil"},{"@type":"BreadcrumbList","@id":"https:\/\/schoenstatt.com\/es\/un-nuevo-paso-en-la-construccion-del-futuro-santuario-de-santa-catarina-en-brasil\/#breadcrumb","itemListElement":[{"@type":"ListItem","position":1,"name":"Portada","item":"https:\/\/schoenstatt.com\/es\/home\/"},{"@type":"ListItem","position":2,"name":"Un nuevo paso en la construcci\u00f3n del futuro Santuario de Santa Catarina, en Brasil"}]},{"@type":"WebSite","@id":"https:\/\/schoenstatt.com\/es\/#website","url":"https:\/\/schoenstatt.com\/es\/","name":"Schoenstatt","description":"Apostolic Movement","publisher":{"@id":"https:\/\/schoenstatt.com\/es\/#organization"},"potentialAction":[{"@type":"SearchAction","target":{"@type":"EntryPoint","urlTemplate":"https:\/\/schoenstatt.com\/es\/?s={search_term_string}"},"query-input":{"@type":"PropertyValueSpecification","valueRequired":true,"valueName":"search_term_string"}}],"inLanguage":"es"},{"@type":"Organization","@id":"https:\/\/schoenstatt.com\/es\/#organization","name":"Schoenstatt","url":"https:\/\/schoenstatt.com\/es\/","logo":{"@type":"ImageObject","inLanguage":"es","@id":"https:\/\/schoenstatt.com\/es\/#\/schema\/logo\/image\/","url":"https:\/\/schoenstatt.com\/wp-content\/uploads\/2025\/04\/logo-schoenstatt-white-696x696-1.png","contentUrl":"https:\/\/schoenstatt.com\/wp-content\/uploads\/2025\/04\/logo-schoenstatt-white-696x696-1.png","width":696,"height":694,"caption":"Schoenstatt"},"image":{"@id":"https:\/\/schoenstatt.com\/es\/#\/schema\/logo\/image\/"}},{"@type":"Person","@id":"https:\/\/schoenstatt.com\/es\/#\/schema\/person\/5158877ad4acae98b34daaeef2a1ce6e","name":"Karen Bueno","image":{"@type":"ImageObject","inLanguage":"es","@id":"https:\/\/secure.gravatar.com\/avatar\/f9f4b823873154269d2b2130f195f6d41037dd0d7fc5f3cacb5c846bae70d66b?s=96&d=mm&r=g","url":"https:\/\/secure.gravatar.com\/avatar\/f9f4b823873154269d2b2130f195f6d41037dd0d7fc5f3cacb5c846bae70d66b?s=96&d=mm&r=g","contentUrl":"https:\/\/secure.gravatar.com\/avatar\/f9f4b823873154269d2b2130f195f6d41037dd0d7fc5f3cacb5c846bae70d66b?s=96&d=mm&r=g","caption":"Karen Bueno"},"url":"https:\/\/schoenstatt.com\/es\/author\/karen-bueno\/"}]}},"_links":{"self":[{"href":"https:\/\/schoenstatt.com\/es\/wp-json\/wp\/v2\/posts\/44241","targetHints":{"allow":["GET"]}}],"collection":[{"href":"https:\/\/schoenstatt.com\/es\/wp-json\/wp\/v2\/posts"}],"about":[{"href":"https:\/\/schoenstatt.com\/es\/wp-json\/wp\/v2\/types\/post"}],"author":[{"embeddable":true,"href":"https:\/\/schoenstatt.com\/es\/wp-json\/wp\/v2\/users\/3"}],"replies":[{"embeddable":true,"href":"https:\/\/schoenstatt.com\/es\/wp-json\/wp\/v2\/comments?post=44241"}],"version-history":[{"count":4,"href":"https:\/\/schoenstatt.com\/es\/wp-json\/wp\/v2\/posts\/44241\/revisions"}],"predecessor-version":[{"id":63031,"href":"https:\/\/schoenstatt.com\/es\/wp-json\/wp\/v2\/posts\/44241\/revisions\/63031"}],"wp:featuredmedia":[{"embeddable":true,"href":"https:\/\/schoenstatt.com\/es\/wp-json\/wp\/v2\/media\/44230"}],"wp:attachment":[{"href":"https:\/\/schoenstatt.com\/es\/wp-json\/wp\/v2\/media?parent=44241"}],"wp:term":[{"taxonomy":"category","embeddable":true,"href":"https:\/\/schoenstatt.com\/es\/wp-json\/wp\/v2\/categories?post=44241"},{"taxonomy":"post_tag","embeddable":true,"href":"https:\/\/schoenstatt.com\/es\/wp-json\/wp\/v2\/tags?post=44241"}],"curies":[{"name":"wp","href":"https:\/\/api.w.org\/{rel}","templated":true}]}}