{"id":44211,"date":"2025-04-02T13:30:16","date_gmt":"2025-04-02T11:30:16","guid":{"rendered":"https:\/\/schoenstatt.com\/?p=44211"},"modified":"2025-08-22T17:32:31","modified_gmt":"2025-08-22T15:32:31","slug":"papa-francisco-si-pasamos-mas-tiempo-con-el-movil-que-con-la-gente-algo-no-funciona","status":"publish","type":"post","link":"https:\/\/schoenstatt.com\/es\/papa-francisco-si-pasamos-mas-tiempo-con-el-movil-que-con-la-gente-algo-no-funciona\/","title":{"rendered":"Papa Francisco: Si pasamos m\u00e1s tiempo con el m\u00f3vil que con la gente, algo no funciona"},"content":{"rendered":"\n<p>La intenci\u00f3n de oraci\u00f3n del Papa Francisco para el mes de abril est\u00e1 dedicada a las <a href=\"https:\/\/schoenstatt.com\/es\/ante-la-saturacion-tecnologica-ayunos-digitales-intermitentes\/\">nuevas tecnolog\u00edas<\/a>: el pont\u00edfice pide oraciones \u201cpara que el uso de las nuevas tecnolog\u00edas no reemplace las relaciones humanas, respete la dignidad de las personas, y ayude a afrontar las crisis de nuestro tiempo\u201d. Se trata de un tema de gran actualidad que nos afecta a todos, especialmente a causa de la enorme difusi\u00f3n de las redes sociales y el vertiginoso desarrollo de la inteligencia artificial.<\/p>\n\n\n\n<h3 class=\"wp-block-heading\" id=\"h-tecnologia-al-servicio-de-las-personas\"><strong>Tecnolog\u00eda al servicio de las personas<\/strong><\/h3>\n\n\n\n<p>En el videomensaje que ilustra esta intenci\u00f3n de oraci\u00f3n, realizado por la Red Mundial de Oraci\u00f3n con la ayuda -este mes- de Coronation media y en colaboraci\u00f3n con el Dicasterio para el Servicio del Desarrollo Humano Integral, el Papa Francisco subraya que \u201cla tecnolog\u00eda es fruto de la inteligencia que Dios nos ha dado\u201d. Pero, si no se utiliza bien, puede producir efectos negativos. Entre ellos, el Papa alude al aislamiento y la falta de relaciones aut\u00e9nticas: \u201cSi pasamos m\u00e1s tiempo con el m\u00f3vil que con la gente, algo no funciona\u201d.<\/p>\n\n\n\n<p>El ciberacoso y el odio en las redes sociales son otro riesgo importante: \u201cLa pantalla nos hace olvidar que detr\u00e1s hay personas reales que respiran, r\u00eden y lloran\u201d. Asimismo, el Papa advierte que \u201cla tecnolog\u00eda\u2026 no puede beneficiar solo a unos pocos mientras que otros quedan excluidos\u201d; de lo contrario, aumentar\u00e1n cada vez m\u00e1s las desigualdades econ\u00f3micas, sociales, laborales, educativas, etc.<\/p>\n\n\n\n<figure class=\"wp-block-embed is-type-video is-provider-youtube wp-block-embed-youtube wp-embed-aspect-16-9 wp-has-aspect-ratio\"><div class=\"wp-block-embed__wrapper\">\n<iframe title=\"POR EL USO DE LAS NUEVAS TECNOLOG\u00cdAS -  EL VIDEO DEL PAPA - ABRIL 2025\" width=\"800\" height=\"450\" src=\"https:\/\/www.youtube.com\/embed\/4WYRgUmmbkI?feature=oembed\" frameborder=\"0\" allow=\"accelerometer; autoplay; clipboard-write; encrypted-media; gyroscope; picture-in-picture; web-share\" referrerpolicy=\"strict-origin-when-cross-origin\" allowfullscreen><\/iframe>\n<\/div><\/figure>\n\n\n\n<p>A fin de evitar estos peligros, el Papa Francisco invita a poner la tecnolog\u00eda al servicio del ser humano, utiliz\u00e1ndola para unir a las personas, ayudar a los necesitados, mejorar la vida de los enfermos y de quienes poseen capacidades diferentes, fomentar la cultura del encuentro y salvaguardar nuestro planeta.<\/p>\n\n\n\n<p>Se trata, en definitiva, de que las nuevas tecnolog\u00edas no nos alejen de los dem\u00e1s y de la realidad. Por eso, en su videomensaje, el Papa pide que miremos \u201cmenos las pantallas\u201d y que \u201cnos miremos m\u00e1s a los ojos\u201d. De este modo, podremos descubrir \u201clo que realmente importa: que somos hermanos, hermanas, hijos del mismo Padre\u201d, y obrar en consecuencia.<\/p>\n\n\n\n<h3 class=\"wp-block-heading\" id=\"h-la-indulgencia-del-jubileo-2025\"><strong>La indulgencia del Jubileo 2025<\/strong><\/h3>\n\n\n\n<p>En el marco del A\u00f1o Santo 2025, cabe recordar que una de las condiciones necesarias para obtener las indulgencias concedidas con motivo del Jubileo es rezar por las intenciones del Sumo Pont\u00edfice. El V\u00eddeo del Papa presenta y difunde, precisamente, estas intenciones.<\/p>\n\n\n\n<p><strong>Fuente:<\/strong> <a href=\"https:\/\/www.vaticannews.va\/es\/papa\/news\/2025-04\/francisco-la-tecnologia-no-puede-beneficiar-solo-a-unos-pocos.html\" target=\"_blank\" rel=\"noreferrer noopener\">vaticannews.va\/es<\/a><\/p>\n","protected":false},"excerpt":{"rendered":"<p>La intenci\u00f3n de oraci\u00f3n del Papa Francisco para el mes de abril de 2025 est\u00e1 dedicada a las nuevas tecnolog\u00edas.<\/p>\n","protected":false},"author":3,"featured_media":44204,"comment_status":"closed","ping_status":"closed","sticky":false,"template":"","format":"standard","meta":{"footnotes":""},"categories":[683,800],"tags":[1302,1304],"class_list":["post-44211","post","type-post","status-publish","format-standard","has-post-thumbnail","hentry","category-iglesia-es","category-papa-francisco-es","tag-papa-francisco-es","tag-video-del-papa-es"],"yoast_head":"<!-- This site is optimized with the Yoast SEO Premium plugin v27.4 (Yoast SEO v27.4) - https:\/\/yoast.com\/product\/yoast-seo-premium-wordpress\/ -->\n<title>Papa Francisco: Si pasamos m\u00e1s tiempo con el m\u00f3vil que con la gente, algo no funciona<\/title>\n<meta name=\"description\" content=\"La intenci\u00f3n de oraci\u00f3n del Papa Francisco para el mes de abril de 2025 est\u00e1 dedicada a las nuevas tecnolog\u00edas.\" \/>\n<meta name=\"robots\" content=\"index, follow, max-snippet:-1, max-image-preview:large, max-video-preview:-1\" \/>\n<link rel=\"canonical\" href=\"https:\/\/schoenstatt.com\/es\/papa-francisco-si-pasamos-mas-tiempo-con-el-movil-que-con-la-gente-algo-no-funciona\/\" \/>\n<meta property=\"og:locale\" content=\"es_ES\" \/>\n<meta property=\"og:type\" content=\"article\" \/>\n<meta property=\"og:title\" content=\"Papa Francisco: Si pasamos m\u00e1s tiempo con el m\u00f3vil que con la gente, algo no funciona\" \/>\n<meta property=\"og:description\" content=\"La intenci\u00f3n de oraci\u00f3n del Papa Francisco para el mes de abril de 2025 est\u00e1 dedicada a las nuevas tecnolog\u00edas.\" \/>\n<meta property=\"og:url\" content=\"https:\/\/schoenstatt.com\/es\/papa-francisco-si-pasamos-mas-tiempo-con-el-movil-que-con-la-gente-algo-no-funciona\/\" \/>\n<meta property=\"og:site_name\" content=\"Schoenstatt\" \/>\n<meta property=\"article:published_time\" content=\"2025-04-02T11:30:16+00:00\" \/>\n<meta property=\"article:modified_time\" content=\"2025-08-22T15:32:31+00:00\" \/>\n<meta property=\"og:image\" content=\"https:\/\/schoenstatt.com\/wp-content\/uploads\/2025\/04\/tecnology-smartphone-Foto-Paul-Hanaoka-unsplash-1.webp\" \/>\n\t<meta property=\"og:image:width\" content=\"1920\" \/>\n\t<meta property=\"og:image:height\" content=\"1092\" \/>\n\t<meta property=\"og:image:type\" content=\"image\/webp\" \/>\n<meta name=\"author\" content=\"Karen Bueno\" \/>\n<meta name=\"twitter:card\" content=\"summary_large_image\" \/>\n<meta name=\"twitter:label1\" content=\"Escrito por\" \/>\n\t<meta name=\"twitter:data1\" content=\"Karen Bueno\" \/>\n\t<meta name=\"twitter:label2\" content=\"Tiempo de lectura\" \/>\n\t<meta name=\"twitter:data2\" content=\"3 minutos\" \/>\n<script type=\"application\/ld+json\" class=\"yoast-schema-graph\">{\"@context\":\"https:\\\/\\\/schema.org\",\"@graph\":[{\"@type\":\"Article\",\"@id\":\"https:\\\/\\\/schoenstatt.com\\\/es\\\/papa-francisco-si-pasamos-mas-tiempo-con-el-movil-que-con-la-gente-algo-no-funciona\\\/#article\",\"isPartOf\":{\"@id\":\"https:\\\/\\\/schoenstatt.com\\\/es\\\/papa-francisco-si-pasamos-mas-tiempo-con-el-movil-que-con-la-gente-algo-no-funciona\\\/\"},\"author\":{\"name\":\"Karen Bueno\",\"@id\":\"https:\\\/\\\/schoenstatt.com\\\/es\\\/#\\\/schema\\\/person\\\/5158877ad4acae98b34daaeef2a1ce6e\"},\"headline\":\"Papa Francisco: Si pasamos m\u00e1s tiempo con el m\u00f3vil que con la gente, algo no funciona\",\"datePublished\":\"2025-04-02T11:30:16+00:00\",\"dateModified\":\"2025-08-22T15:32:31+00:00\",\"mainEntityOfPage\":{\"@id\":\"https:\\\/\\\/schoenstatt.com\\\/es\\\/papa-francisco-si-pasamos-mas-tiempo-con-el-movil-que-con-la-gente-algo-no-funciona\\\/\"},\"wordCount\":454,\"publisher\":{\"@id\":\"https:\\\/\\\/schoenstatt.com\\\/es\\\/#organization\"},\"image\":{\"@id\":\"https:\\\/\\\/schoenstatt.com\\\/es\\\/papa-francisco-si-pasamos-mas-tiempo-con-el-movil-que-con-la-gente-algo-no-funciona\\\/#primaryimage\"},\"thumbnailUrl\":\"https:\\\/\\\/schoenstatt.com\\\/wp-content\\\/uploads\\\/2025\\\/04\\\/tecnology-smartphone-Foto-Paul-Hanaoka-unsplash-1.webp\",\"keywords\":[\"Papa Francisco\",\"Video del Papa\"],\"articleSection\":[\"Iglesia\",\"Papa Francisco\"],\"inLanguage\":\"es\"},{\"@type\":\"WebPage\",\"@id\":\"https:\\\/\\\/schoenstatt.com\\\/es\\\/papa-francisco-si-pasamos-mas-tiempo-con-el-movil-que-con-la-gente-algo-no-funciona\\\/\",\"url\":\"https:\\\/\\\/schoenstatt.com\\\/es\\\/papa-francisco-si-pasamos-mas-tiempo-con-el-movil-que-con-la-gente-algo-no-funciona\\\/\",\"name\":\"Papa Francisco: Si pasamos m\u00e1s tiempo con el m\u00f3vil que con la gente, algo no funciona\",\"isPartOf\":{\"@id\":\"https:\\\/\\\/schoenstatt.com\\\/es\\\/#website\"},\"primaryImageOfPage\":{\"@id\":\"https:\\\/\\\/schoenstatt.com\\\/es\\\/papa-francisco-si-pasamos-mas-tiempo-con-el-movil-que-con-la-gente-algo-no-funciona\\\/#primaryimage\"},\"image\":{\"@id\":\"https:\\\/\\\/schoenstatt.com\\\/es\\\/papa-francisco-si-pasamos-mas-tiempo-con-el-movil-que-con-la-gente-algo-no-funciona\\\/#primaryimage\"},\"thumbnailUrl\":\"https:\\\/\\\/schoenstatt.com\\\/wp-content\\\/uploads\\\/2025\\\/04\\\/tecnology-smartphone-Foto-Paul-Hanaoka-unsplash-1.webp\",\"datePublished\":\"2025-04-02T11:30:16+00:00\",\"dateModified\":\"2025-08-22T15:32:31+00:00\",\"description\":\"La intenci\u00f3n de oraci\u00f3n del Papa Francisco para el mes de abril de 2025 est\u00e1 dedicada a las nuevas tecnolog\u00edas.\",\"breadcrumb\":{\"@id\":\"https:\\\/\\\/schoenstatt.com\\\/es\\\/papa-francisco-si-pasamos-mas-tiempo-con-el-movil-que-con-la-gente-algo-no-funciona\\\/#breadcrumb\"},\"inLanguage\":\"es\",\"potentialAction\":[{\"@type\":\"ReadAction\",\"target\":[\"https:\\\/\\\/schoenstatt.com\\\/es\\\/papa-francisco-si-pasamos-mas-tiempo-con-el-movil-que-con-la-gente-algo-no-funciona\\\/\"]}]},{\"@type\":\"ImageObject\",\"inLanguage\":\"es\",\"@id\":\"https:\\\/\\\/schoenstatt.com\\\/es\\\/papa-francisco-si-pasamos-mas-tiempo-con-el-movil-que-con-la-gente-algo-no-funciona\\\/#primaryimage\",\"url\":\"https:\\\/\\\/schoenstatt.com\\\/wp-content\\\/uploads\\\/2025\\\/04\\\/tecnology-smartphone-Foto-Paul-Hanaoka-unsplash-1.webp\",\"contentUrl\":\"https:\\\/\\\/schoenstatt.com\\\/wp-content\\\/uploads\\\/2025\\\/04\\\/tecnology-smartphone-Foto-Paul-Hanaoka-unsplash-1.webp\",\"width\":1920,\"height\":1092,\"caption\":\"Smartphone\"},{\"@type\":\"BreadcrumbList\",\"@id\":\"https:\\\/\\\/schoenstatt.com\\\/es\\\/papa-francisco-si-pasamos-mas-tiempo-con-el-movil-que-con-la-gente-algo-no-funciona\\\/#breadcrumb\",\"itemListElement\":[{\"@type\":\"ListItem\",\"position\":1,\"name\":\"Portada\",\"item\":\"https:\\\/\\\/schoenstatt.com\\\/es\\\/home\\\/\"},{\"@type\":\"ListItem\",\"position\":2,\"name\":\"Papa Francisco: Si pasamos m\u00e1s tiempo con el m\u00f3vil que con la gente, algo no funciona\"}]},{\"@type\":\"WebSite\",\"@id\":\"https:\\\/\\\/schoenstatt.com\\\/es\\\/#website\",\"url\":\"https:\\\/\\\/schoenstatt.com\\\/es\\\/\",\"name\":\"Schoenstatt\",\"description\":\"Apostolic Movement\",\"publisher\":{\"@id\":\"https:\\\/\\\/schoenstatt.com\\\/es\\\/#organization\"},\"potentialAction\":[{\"@type\":\"SearchAction\",\"target\":{\"@type\":\"EntryPoint\",\"urlTemplate\":\"https:\\\/\\\/schoenstatt.com\\\/es\\\/?s={search_term_string}\"},\"query-input\":{\"@type\":\"PropertyValueSpecification\",\"valueRequired\":true,\"valueName\":\"search_term_string\"}}],\"inLanguage\":\"es\"},{\"@type\":\"Organization\",\"@id\":\"https:\\\/\\\/schoenstatt.com\\\/es\\\/#organization\",\"name\":\"Schoenstatt\",\"url\":\"https:\\\/\\\/schoenstatt.com\\\/es\\\/\",\"logo\":{\"@type\":\"ImageObject\",\"inLanguage\":\"es\",\"@id\":\"https:\\\/\\\/schoenstatt.com\\\/es\\\/#\\\/schema\\\/logo\\\/image\\\/\",\"url\":\"https:\\\/\\\/schoenstatt.com\\\/wp-content\\\/uploads\\\/2025\\\/04\\\/logo-schoenstatt-white-696x696-1.png\",\"contentUrl\":\"https:\\\/\\\/schoenstatt.com\\\/wp-content\\\/uploads\\\/2025\\\/04\\\/logo-schoenstatt-white-696x696-1.png\",\"width\":696,\"height\":694,\"caption\":\"Schoenstatt\"},\"image\":{\"@id\":\"https:\\\/\\\/schoenstatt.com\\\/es\\\/#\\\/schema\\\/logo\\\/image\\\/\"}},{\"@type\":\"Person\",\"@id\":\"https:\\\/\\\/schoenstatt.com\\\/es\\\/#\\\/schema\\\/person\\\/5158877ad4acae98b34daaeef2a1ce6e\",\"name\":\"Karen Bueno\",\"image\":{\"@type\":\"ImageObject\",\"inLanguage\":\"es\",\"@id\":\"https:\\\/\\\/secure.gravatar.com\\\/avatar\\\/f9f4b823873154269d2b2130f195f6d41037dd0d7fc5f3cacb5c846bae70d66b?s=96&d=mm&r=g\",\"url\":\"https:\\\/\\\/secure.gravatar.com\\\/avatar\\\/f9f4b823873154269d2b2130f195f6d41037dd0d7fc5f3cacb5c846bae70d66b?s=96&d=mm&r=g\",\"contentUrl\":\"https:\\\/\\\/secure.gravatar.com\\\/avatar\\\/f9f4b823873154269d2b2130f195f6d41037dd0d7fc5f3cacb5c846bae70d66b?s=96&d=mm&r=g\",\"caption\":\"Karen Bueno\"},\"url\":\"https:\\\/\\\/schoenstatt.com\\\/es\\\/author\\\/karen-bueno\\\/\"}]}<\/script>\n<!-- \/ Yoast SEO Premium plugin. -->","yoast_head_json":{"title":"Papa Francisco: Si pasamos m\u00e1s tiempo con el m\u00f3vil que con la gente, algo no funciona","description":"La intenci\u00f3n de oraci\u00f3n del Papa Francisco para el mes de abril de 2025 est\u00e1 dedicada a las nuevas tecnolog\u00edas.","robots":{"index":"index","follow":"follow","max-snippet":"max-snippet:-1","max-image-preview":"max-image-preview:large","max-video-preview":"max-video-preview:-1"},"canonical":"https:\/\/schoenstatt.com\/es\/papa-francisco-si-pasamos-mas-tiempo-con-el-movil-que-con-la-gente-algo-no-funciona\/","og_locale":"es_ES","og_type":"article","og_title":"Papa Francisco: Si pasamos m\u00e1s tiempo con el m\u00f3vil que con la gente, algo no funciona","og_description":"La intenci\u00f3n de oraci\u00f3n del Papa Francisco para el mes de abril de 2025 est\u00e1 dedicada a las nuevas tecnolog\u00edas.","og_url":"https:\/\/schoenstatt.com\/es\/papa-francisco-si-pasamos-mas-tiempo-con-el-movil-que-con-la-gente-algo-no-funciona\/","og_site_name":"Schoenstatt","article_published_time":"2025-04-02T11:30:16+00:00","article_modified_time":"2025-08-22T15:32:31+00:00","og_image":[{"width":1920,"height":1092,"url":"https:\/\/schoenstatt.com\/wp-content\/uploads\/2025\/04\/tecnology-smartphone-Foto-Paul-Hanaoka-unsplash-1.webp","type":"image\/webp"}],"author":"Karen Bueno","twitter_card":"summary_large_image","twitter_misc":{"Escrito por":"Karen Bueno","Tiempo de lectura":"3 minutos"},"schema":{"@context":"https:\/\/schema.org","@graph":[{"@type":"Article","@id":"https:\/\/schoenstatt.com\/es\/papa-francisco-si-pasamos-mas-tiempo-con-el-movil-que-con-la-gente-algo-no-funciona\/#article","isPartOf":{"@id":"https:\/\/schoenstatt.com\/es\/papa-francisco-si-pasamos-mas-tiempo-con-el-movil-que-con-la-gente-algo-no-funciona\/"},"author":{"name":"Karen Bueno","@id":"https:\/\/schoenstatt.com\/es\/#\/schema\/person\/5158877ad4acae98b34daaeef2a1ce6e"},"headline":"Papa Francisco: Si pasamos m\u00e1s tiempo con el m\u00f3vil que con la gente, algo no funciona","datePublished":"2025-04-02T11:30:16+00:00","dateModified":"2025-08-22T15:32:31+00:00","mainEntityOfPage":{"@id":"https:\/\/schoenstatt.com\/es\/papa-francisco-si-pasamos-mas-tiempo-con-el-movil-que-con-la-gente-algo-no-funciona\/"},"wordCount":454,"publisher":{"@id":"https:\/\/schoenstatt.com\/es\/#organization"},"image":{"@id":"https:\/\/schoenstatt.com\/es\/papa-francisco-si-pasamos-mas-tiempo-con-el-movil-que-con-la-gente-algo-no-funciona\/#primaryimage"},"thumbnailUrl":"https:\/\/schoenstatt.com\/wp-content\/uploads\/2025\/04\/tecnology-smartphone-Foto-Paul-Hanaoka-unsplash-1.webp","keywords":["Papa Francisco","Video del Papa"],"articleSection":["Iglesia","Papa Francisco"],"inLanguage":"es"},{"@type":"WebPage","@id":"https:\/\/schoenstatt.com\/es\/papa-francisco-si-pasamos-mas-tiempo-con-el-movil-que-con-la-gente-algo-no-funciona\/","url":"https:\/\/schoenstatt.com\/es\/papa-francisco-si-pasamos-mas-tiempo-con-el-movil-que-con-la-gente-algo-no-funciona\/","name":"Papa Francisco: Si pasamos m\u00e1s tiempo con el m\u00f3vil que con la gente, algo no funciona","isPartOf":{"@id":"https:\/\/schoenstatt.com\/es\/#website"},"primaryImageOfPage":{"@id":"https:\/\/schoenstatt.com\/es\/papa-francisco-si-pasamos-mas-tiempo-con-el-movil-que-con-la-gente-algo-no-funciona\/#primaryimage"},"image":{"@id":"https:\/\/schoenstatt.com\/es\/papa-francisco-si-pasamos-mas-tiempo-con-el-movil-que-con-la-gente-algo-no-funciona\/#primaryimage"},"thumbnailUrl":"https:\/\/schoenstatt.com\/wp-content\/uploads\/2025\/04\/tecnology-smartphone-Foto-Paul-Hanaoka-unsplash-1.webp","datePublished":"2025-04-02T11:30:16+00:00","dateModified":"2025-08-22T15:32:31+00:00","description":"La intenci\u00f3n de oraci\u00f3n del Papa Francisco para el mes de abril de 2025 est\u00e1 dedicada a las nuevas tecnolog\u00edas.","breadcrumb":{"@id":"https:\/\/schoenstatt.com\/es\/papa-francisco-si-pasamos-mas-tiempo-con-el-movil-que-con-la-gente-algo-no-funciona\/#breadcrumb"},"inLanguage":"es","potentialAction":[{"@type":"ReadAction","target":["https:\/\/schoenstatt.com\/es\/papa-francisco-si-pasamos-mas-tiempo-con-el-movil-que-con-la-gente-algo-no-funciona\/"]}]},{"@type":"ImageObject","inLanguage":"es","@id":"https:\/\/schoenstatt.com\/es\/papa-francisco-si-pasamos-mas-tiempo-con-el-movil-que-con-la-gente-algo-no-funciona\/#primaryimage","url":"https:\/\/schoenstatt.com\/wp-content\/uploads\/2025\/04\/tecnology-smartphone-Foto-Paul-Hanaoka-unsplash-1.webp","contentUrl":"https:\/\/schoenstatt.com\/wp-content\/uploads\/2025\/04\/tecnology-smartphone-Foto-Paul-Hanaoka-unsplash-1.webp","width":1920,"height":1092,"caption":"Smartphone"},{"@type":"BreadcrumbList","@id":"https:\/\/schoenstatt.com\/es\/papa-francisco-si-pasamos-mas-tiempo-con-el-movil-que-con-la-gente-algo-no-funciona\/#breadcrumb","itemListElement":[{"@type":"ListItem","position":1,"name":"Portada","item":"https:\/\/schoenstatt.com\/es\/home\/"},{"@type":"ListItem","position":2,"name":"Papa Francisco: Si pasamos m\u00e1s tiempo con el m\u00f3vil que con la gente, algo no funciona"}]},{"@type":"WebSite","@id":"https:\/\/schoenstatt.com\/es\/#website","url":"https:\/\/schoenstatt.com\/es\/","name":"Schoenstatt","description":"Apostolic Movement","publisher":{"@id":"https:\/\/schoenstatt.com\/es\/#organization"},"potentialAction":[{"@type":"SearchAction","target":{"@type":"EntryPoint","urlTemplate":"https:\/\/schoenstatt.com\/es\/?s={search_term_string}"},"query-input":{"@type":"PropertyValueSpecification","valueRequired":true,"valueName":"search_term_string"}}],"inLanguage":"es"},{"@type":"Organization","@id":"https:\/\/schoenstatt.com\/es\/#organization","name":"Schoenstatt","url":"https:\/\/schoenstatt.com\/es\/","logo":{"@type":"ImageObject","inLanguage":"es","@id":"https:\/\/schoenstatt.com\/es\/#\/schema\/logo\/image\/","url":"https:\/\/schoenstatt.com\/wp-content\/uploads\/2025\/04\/logo-schoenstatt-white-696x696-1.png","contentUrl":"https:\/\/schoenstatt.com\/wp-content\/uploads\/2025\/04\/logo-schoenstatt-white-696x696-1.png","width":696,"height":694,"caption":"Schoenstatt"},"image":{"@id":"https:\/\/schoenstatt.com\/es\/#\/schema\/logo\/image\/"}},{"@type":"Person","@id":"https:\/\/schoenstatt.com\/es\/#\/schema\/person\/5158877ad4acae98b34daaeef2a1ce6e","name":"Karen Bueno","image":{"@type":"ImageObject","inLanguage":"es","@id":"https:\/\/secure.gravatar.com\/avatar\/f9f4b823873154269d2b2130f195f6d41037dd0d7fc5f3cacb5c846bae70d66b?s=96&d=mm&r=g","url":"https:\/\/secure.gravatar.com\/avatar\/f9f4b823873154269d2b2130f195f6d41037dd0d7fc5f3cacb5c846bae70d66b?s=96&d=mm&r=g","contentUrl":"https:\/\/secure.gravatar.com\/avatar\/f9f4b823873154269d2b2130f195f6d41037dd0d7fc5f3cacb5c846bae70d66b?s=96&d=mm&r=g","caption":"Karen Bueno"},"url":"https:\/\/schoenstatt.com\/es\/author\/karen-bueno\/"}]}},"_links":{"self":[{"href":"https:\/\/schoenstatt.com\/es\/wp-json\/wp\/v2\/posts\/44211","targetHints":{"allow":["GET"]}}],"collection":[{"href":"https:\/\/schoenstatt.com\/es\/wp-json\/wp\/v2\/posts"}],"about":[{"href":"https:\/\/schoenstatt.com\/es\/wp-json\/wp\/v2\/types\/post"}],"author":[{"embeddable":true,"href":"https:\/\/schoenstatt.com\/es\/wp-json\/wp\/v2\/users\/3"}],"replies":[{"embeddable":true,"href":"https:\/\/schoenstatt.com\/es\/wp-json\/wp\/v2\/comments?post=44211"}],"version-history":[{"count":4,"href":"https:\/\/schoenstatt.com\/es\/wp-json\/wp\/v2\/posts\/44211\/revisions"}],"predecessor-version":[{"id":63211,"href":"https:\/\/schoenstatt.com\/es\/wp-json\/wp\/v2\/posts\/44211\/revisions\/63211"}],"wp:featuredmedia":[{"embeddable":true,"href":"https:\/\/schoenstatt.com\/es\/wp-json\/wp\/v2\/media\/44204"}],"wp:attachment":[{"href":"https:\/\/schoenstatt.com\/es\/wp-json\/wp\/v2\/media?parent=44211"}],"wp:term":[{"taxonomy":"category","embeddable":true,"href":"https:\/\/schoenstatt.com\/es\/wp-json\/wp\/v2\/categories?post=44211"},{"taxonomy":"post_tag","embeddable":true,"href":"https:\/\/schoenstatt.com\/es\/wp-json\/wp\/v2\/tags?post=44211"}],"curies":[{"name":"wp","href":"https:\/\/api.w.org\/{rel}","templated":true}]}}