{"id":43970,"date":"2025-03-21T12:47:40","date_gmt":"2025-03-21T11:47:40","guid":{"rendered":"https:\/\/schoenstatt.com\/?p=43970"},"modified":"2025-08-19T01:58:00","modified_gmt":"2025-08-18T23:58:00","slug":"el-retiro-anual-fortalece-a-los-misioneros-del-apostolado-de-la-virgen-peregrina-en-europa","status":"publish","type":"post","link":"https:\/\/schoenstatt.com\/es\/el-retiro-anual-fortalece-a-los-misioneros-del-apostolado-de-la-virgen-peregrina-en-europa\/","title":{"rendered":"El retiro anual fortalece a los misioneros del Apostolado de la Virgen Peregrina en Europa"},"content":{"rendered":"\n<p>Todos los a\u00f1os se organiza un retiro especial para los misioneros de lengua portuguesa del Apostolado de la Virgen Peregrina que viven en Europa. El objetivo de este evento es fortalecer y reanimar a los misioneros, siguiendo la costumbre del propio Di\u00e1cono Jo\u00e3o Pozzobon, que reflexionaba anualmente sobre su lema y sus metas. El encuentro se considera un momento para reflexionar sobre el a\u00f1o transcurrido, as\u00ed como una oportunidad para renovar su compromiso con la misi\u00f3n<\/p>\n\n\n\n<p>El pasado fin de semana, 15 y 16 de marzo, los coordinadores y misioneros tuvieron la alegr\u00eda de reunirse a la sombra del Santuario Original en Schoenstatt para reavivar la llama de la misi\u00f3n.<\/p>\n\n\n\n<h3 class=\"wp-block-heading\" id=\"h-planificacion-y-lema-del-retiro\"><strong><strong>Planificaci\u00f3n y lema del retiro<\/strong><\/strong><\/h3>\n\n\n\n<p>El retiro, organizado por un equipo de coordinadores de diversos sectores y pa\u00edses, se planifica en equipo teniendo en cuenta los temas m\u00e1s relevantes para los misioneros. Este a\u00f1o, el lema elegido, <strong>\u00abMisioneros de la Esperanza\u00bb<\/strong>, est\u00e1 inspirado en el <a href=\"https:\/\/schoenstatt.com\/es\/75-anos-del-apostolado-de-la-virgen-peregrina\/\"><mark style=\"background-color:rgba(0, 0, 0, 0);color:#f49006\" class=\"has-inline-color\">Encuentro Internacional<\/mark><\/a> que se celebrar\u00e1 en septiembre en Brasil.<\/p>\n\n\n\n<p>Para muchos, el retiro es un momento extraordinario de renovaci\u00f3n espiritual. El encuentro es una oportunidad para ser testigos de la acci\u00f3n de Dios en los corazones y sentir el acompa\u00f1amiento de Mar\u00eda en el camino misionero.<\/p>\n\n\n\n<h3 class=\"wp-block-heading\" id=\"h-el-simbolo-del-barco\"><strong><strong>El s\u00edmbolo del barco<\/strong><\/strong><\/h3>\n\n\n\n<p>El s\u00edmbolo que ha guiado el retiro de este a\u00f1o es la barca, inspirada en el A\u00f1o Santo de los Peregrinos de la Esperanza. La barca, con su ancla que hace referencia a la Cruz de Cristo, representa nuestra esperanza, mientras que la tripulaci\u00f3n simboliza a los misioneros.<\/p>\n\n\n\n<figure class=\"wp-block-image size-large\"><img decoding=\"async\" src=\"https:\/\/schoenstatt.com\/wp-content\/uploads\/2025\/03\/Pilgrim-Mother-Apostolate-Europe-Portuguese-2-1024x683.jpg\" alt=\"\" class=\"wp-image-43962\"\/><\/figure>\n\n\n\n<h3 class=\"wp-block-heading\" id=\"h-unidad-y-compromiso\"><strong><strong>Unidad y compromiso<\/strong><\/strong><\/h3>\n\n\n\n<p>El mensaje central del retiro es la unidad y el compromiso de los misioneros. Unidos en este camino, con el intercambio de ideas, los testimonios de otros pa\u00edses y el fortalecimiento mutuo, todos se sienten acompa\u00f1ados y animados a seguir llevando a la Virgen Peregrina y ofreciendo sus contribuciones al Capital de Gracias.<\/p>\n\n\n\n<p>La reuni\u00f3n fue coordinada por la hermana M. J\u00e9ssica Dombrovski, asesora del Apostolado de la Virgen Peregrina para los inmigrantes de lengua portuguesa.<\/p>\n\n\n\n<p>Seg\u00fan ella, el objetivo de este encuentro era proporcionar un momento especial de uni\u00f3n entre los misioneros y, sobre todo, un encuentro con Mar\u00eda y con Jes\u00fas. <em>\u00abCreo que se cumpli\u00f3 y super\u00f3 con creces esa expectativa. Los misioneros y coordinadores somos como burritos que nos ponemos al servicio de la Mater. Ha sido ella quien realmente ha actuado. Sin la intervenci\u00f3n divina, no hubi\u00e9ramos tenido tantos frutos y testimonios. Sin duda, fue un momento de gracia\u00bb.<\/em><\/p>\n\n\n\n<h3 class=\"wp-block-heading\" id=\"h-tenemos-que-llevar-a-nuestra-madre-a-casa\"><strong><strong>Tenemos que llevar a nuestra madre a casa<\/strong><\/strong><\/h3>\n\n\n\n<p><strong>Roselene Cordeiro Feld<\/strong>, que vive en Alemania, describe el encuentro como un momento especial y gratificante. <em>\u00abLos testimonios conmovedores me emocionaron y me dieron la certeza de que debemos llevar a la Sant\u00edsima Virgen a nuestras casas, porque el mundo necesita transformarse. Los momentos de adoraci\u00f3n fueron particularmente conmovedores, pude descargar todo mi cansancio emocional, tristeza, miedos y dudas. Sent\u00ed la presencia del Esp\u00edritu Santo y fui acogida en los brazos de la Mater, que me dijo: \u00abConf\u00eda, porque yo estoy contigo, qu\u00e9date tranquila.\u00bb<\/em><\/p>\n\n\n\n<figure class=\"wp-block-gallery has-nested-images columns-default is-cropped wp-block-gallery-1 is-layout-flex wp-block-gallery-is-layout-flex\">\n<figure class=\"wp-block-image size-large\"><img decoding=\"async\" data-id=\"43943\" src=\"https:\/\/schoenstatt.com\/wp-content\/uploads\/2025\/03\/pilgrim-mother-2.jpg\" alt=\"\" class=\"wp-image-43943\"\/><\/figure>\n\n\n\n<figure class=\"wp-block-image size-large\"><img decoding=\"async\" data-id=\"43942\" src=\"https:\/\/schoenstatt.com\/wp-content\/uploads\/2025\/03\/pilgrim-mother.jpg\" alt=\"\" class=\"wp-image-43942\"\/><\/figure>\n<\/figure>\n\n\n\n<h3 class=\"wp-block-heading\" id=\"h-mi-corazon-queria-quedarse-en-el-santuario\"><strong><strong>Mi coraz\u00f3n quer\u00eda quedarse en el Santuario<\/strong><\/strong><\/h3>\n\n\n\n<p><strong>Jos\u00e9 Manuel Alves<\/strong>, que vive en Suiza, cuenta emocionado que los d\u00edas 15 y 16 de marzo vivi\u00f3 una experiencia inolvidable que quedar\u00e1 grabada en su coraz\u00f3n.<\/p>\n\n\n\n<p><em>\u00abCuando llegu\u00e9 al Santuario de Schoenstatt, me invadi\u00f3 una emoci\u00f3n indescriptible. Pisar aquel suelo sagrado fue como recibir un abrazo de bienvenida lleno de paz. Conocer a tantos portugueses de diferentes partes del mundo me conmovi\u00f3 profundamente. Me di cuenta de c\u00f3mo nuestra fe nos une, independientemente de la distancia, formando una gran familia unida por Dios. Dejar aquel lugar sagrado fue dif\u00edcil. Mi coraz\u00f3n quer\u00eda permanecer en esa atm\u00f3sfera de paz y cercan\u00eda a Dios. Sin embargo, me fui con una certeza renovada: el camino hacia Dios pasa sin duda por Mar\u00eda.\u00bb<\/em><\/p>\n\n\n\n<h3 class=\"wp-block-heading\" id=\"h-la-presencia-del-espiritu-santo-nos-toco-a-todos\"><strong><strong>La presencia del Esp\u00edritu Santo nos toc\u00f3 a todos<\/strong><\/strong><\/h3>\n\n\n\n<p>Testimonio de <strong>Ana Maria Alves<\/strong>, que vive en Suiza: <em>\u00abLas emociones que experimentamos fueron indescriptibles. Nos acogieron con gran afecto y cari\u00f1o, como una verdadera familia. El sentimiento de uni\u00f3n era intenso. La acogida fue maravillosa, llena de emociones diferentes. La presencia del Esp\u00edritu Santo nos conmovi\u00f3 profundamente a todos. Este acontecimiento nos dej\u00f3 muchas emociones y reforz\u00f3 nuestro compromiso de llevar la imagen de nuestra Sant\u00edsima Madre a las familias.\u00bb<\/em><\/p>\n\n\n\n<figure class=\"wp-block-gallery has-nested-images columns-default is-cropped wp-block-gallery-2 is-layout-flex wp-block-gallery-is-layout-flex\">\n<figure class=\"wp-block-image size-large\"><img decoding=\"async\" data-id=\"43952\" src=\"https:\/\/schoenstatt.com\/wp-content\/uploads\/2025\/03\/pilgrim-mother-3.jpg\" alt=\"\" class=\"wp-image-43952\"\/><\/figure>\n\n\n\n<figure class=\"wp-block-image size-large\"><img decoding=\"async\" data-id=\"43957\" src=\"https:\/\/schoenstatt.com\/wp-content\/uploads\/2025\/03\/pilgrim-mother-Lima-Family-1024x768.jpg\" alt=\"\" class=\"wp-image-43957\"\/><\/figure>\n<\/figure>\n\n\n\n<h3 class=\"wp-block-heading\" id=\"h-encuentro-de-misioneros-una-experiencia-transformadora\"><strong><strong>Encuentro de misioneros: Una experiencia transformadora<\/strong><\/strong><\/h3>\n\n\n\n<p><strong>Natalia Dias,<\/strong> que vive en Luxemburgo, explica que el encuentro de misioneros estuvo marcado por momentos de profunda espiritualidad y descubrimientos personales.<\/p>\n\n\n\n<p><em>\u00abEn resumen, este encuentro fue una experiencia enriquecedora que profundiz\u00f3 mi comprensi\u00f3n de lo que significa ser misionero. Sal\u00ed del encuentro espiritualmente m\u00e1s enriquecida, con una visi\u00f3n m\u00e1s clara de mi papel y de la importancia de escuchar y dejarme guiar por Mar\u00eda. La experiencia sigue muy presente en m\u00ed y creo que este encuentro marc\u00f3 un punto de inflexi\u00f3n en mi camino espiritual.\u00bb<\/em><\/p>\n\n\n\n<p><strong>Fernando Machado<\/strong>, que vive en Alemania, se emocion\u00f3 mucho al recibir el premio de la rifa. Coment\u00f3 que el encuentro fue muy profundo, los momentos de adoraci\u00f3n y la Misa fueron muy conmovedores. Sali\u00f3 del encuentro con un profundo deseo de ayudar alg\u00fan d\u00eda a construir otro Santuario de Schoenstatt en Portugal.<\/p>\n\n\n\n<p>Los nuevos coordinadores de este grupo de habla portuguesa son los brasile\u00f1os <strong>Kellyta e Felipe Lima Souza<\/strong>. Trabajar\u00e1n con misioneros de Alemania, B\u00e9lgica, Holanda y Dinamarca. Al final del retiro, dieron su testimonio<\/p>\n\n\n\n<p><em>\u00abComo nuevos coordinadores, nos sentimos muy felices en este papel dentro del Movimiento de Schoenstatt. Cumpliremos esta misi\u00f3n con mucho amor, porque cuando reflexionamos sobre todo en lo que hicieron Don Joao y la Sant\u00edsima Virgen Mar\u00eda, sentimos nuestra peque\u00f1ez, pero tambi\u00e9n una gran responsabilidad de seguir sus pasos y ser &#8216;burritos&#8217; de la Mater. Nos esforzaremos por servir lo mejor posible a nuestros hermanos y hermanas, especialmente a los misioneros y a sus familias, para que puedan recibir con cari\u00f1o a Mar\u00eda. Cuando viv\u00edamos en Brasil, tambi\u00e9n fuimos misioneros. Llevamos en el coraz\u00f3n a todas las familias brasile\u00f1as que no tienen la oportunidad de estar aqu\u00ed, en el Santuario Original, ofreci\u00e9ndoles una visita espiritual con mucho cari\u00f1o.\u00bb<\/em><\/p>\n\n\n\n<p>Para saber m\u00e1s sobre el trabajo del Apostolado de la Virgen Peregrina en Europa, visite nuestra p\u00e1gina web <a href=\"https:\/\/www.maeperegrinaeuropa.org\/\" target=\"_blank\" rel=\"noreferrer noopener\"><mark style=\"background-color:rgba(0, 0, 0, 0);color:#f49006\" class=\"has-inline-color\">maeperegrinaeuropa.org<\/mark><\/a> y visite nuestro perfil de Instagram.<\/p>\n\n\n\n<div class=\"wp-block-buttons is-content-justification-center is-layout-flex wp-container-core-buttons-is-layout-a89b3969 wp-block-buttons-is-layout-flex\">\n<div class=\"wp-block-button\"><a class=\"wp-block-button__link has-white-color has-text-color has-background has-link-color wp-element-button\" href=\"https:\/\/flic.kr\/s\/aHBqjC6chJ\" style=\"background-color:#e48f08\" target=\"_blank\" rel=\"noreferrer noopener\"><strong>M\u00e1s fotos<\/strong><\/a><\/div>\n<\/div>\n\n\n\n<div style=\"height:22px\" aria-hidden=\"true\" class=\"wp-block-spacer\"><\/div>\n\n\n<p><a data-flickr-embed=\"true\" href=\"https:\/\/www.flickr.com\/photos\/schoenstattinternational\/albums\/72177720324557598\" title=\"Retreat of Portuguese-speaking Missionaries of the Pilgrim Mother Apostolate in Europe\"><img fetchpriority=\"high\" decoding=\"async\" src=\"https:\/\/live.staticflickr.com\/65535\/54398397967_e06852c880_c.jpg\" width=\"800\" height=\"600\" alt=\"Retreat of Portuguese-speaking Missionaries of the Pilgrim Mother Apostolate in Europe\"\/><\/a><script async src=\"\/\/embedr.flickr.com\/assets\/client-code.js\" charset=\"utf-8\"><\/script><\/p>\n\n\n\n<p>Traducci\u00f3n: Sr. M. Lourdes Mac\u00edas<\/p>\n","protected":false},"excerpt":{"rendered":"<p>El pasado fin de semana, 15 y 16 de marzo, los coordinadores y misioneros tuvieron la alegr\u00eda de reunirse a la sombra del Santuario Original<\/p>\n","protected":false},"author":3,"featured_media":43937,"comment_status":"closed","ping_status":"closed","sticky":false,"template":"","format":"standard","meta":{"footnotes":""},"categories":[873,904],"tags":[1089,999],"class_list":["post-43970","post","type-post","status-publish","format-standard","has-post-thumbnail","hentry","category-europa-es","category-virgen-peregrina-es","tag-campana-de-la-virgen-peregrina-es","tag-europa-es"],"yoast_head":"<!-- This site is optimized with the Yoast SEO Premium plugin v27.4 (Yoast SEO v27.4) - https:\/\/yoast.com\/product\/yoast-seo-premium-wordpress\/ -->\n<title>El retiro anual fortalece a los misioneros del Apostolado de la Virgen Peregrina en Europa<\/title>\n<meta name=\"description\" content=\"El pasado fin de semana, 15 y 16 de marzo, los coordinadores y misioneros tuvieron la alegr\u00eda de reunirse a la sombra del Santuario Original.\" \/>\n<meta name=\"robots\" content=\"index, follow, max-snippet:-1, max-image-preview:large, max-video-preview:-1\" \/>\n<link rel=\"canonical\" href=\"https:\/\/schoenstatt.com\/es\/el-retiro-anual-fortalece-a-los-misioneros-del-apostolado-de-la-virgen-peregrina-en-europa\/\" \/>\n<meta property=\"og:locale\" content=\"es_ES\" \/>\n<meta property=\"og:type\" content=\"article\" \/>\n<meta property=\"og:title\" content=\"El retiro anual fortalece a los misioneros del Apostolado de la Virgen Peregrina en Europa\" \/>\n<meta property=\"og:description\" content=\"El pasado fin de semana, 15 y 16 de marzo, los coordinadores y misioneros tuvieron la alegr\u00eda de reunirse a la sombra del Santuario Original.\" \/>\n<meta property=\"og:url\" content=\"https:\/\/schoenstatt.com\/es\/el-retiro-anual-fortalece-a-los-misioneros-del-apostolado-de-la-virgen-peregrina-en-europa\/\" \/>\n<meta property=\"og:site_name\" content=\"Schoenstatt\" \/>\n<meta property=\"article:published_time\" content=\"2025-03-21T11:47:40+00:00\" \/>\n<meta property=\"article:modified_time\" content=\"2025-08-18T23:58:00+00:00\" \/>\n<meta property=\"og:image\" content=\"https:\/\/schoenstatt.com\/wp-content\/uploads\/2025\/03\/Pilgrim-Mother-Apostolate-Europe-Portuguese-1.webp\" \/>\n\t<meta property=\"og:image:width\" content=\"1600\" \/>\n\t<meta property=\"og:image:height\" content=\"1200\" \/>\n\t<meta property=\"og:image:type\" content=\"image\/webp\" \/>\n<meta name=\"author\" content=\"Karen Bueno\" \/>\n<meta name=\"twitter:card\" content=\"summary_large_image\" \/>\n<meta name=\"twitter:label1\" content=\"Escrito por\" \/>\n\t<meta name=\"twitter:data1\" content=\"Karen Bueno\" \/>\n\t<meta name=\"twitter:label2\" content=\"Tiempo de lectura\" \/>\n\t<meta name=\"twitter:data2\" content=\"7 minutos\" \/>\n<script type=\"application\/ld+json\" class=\"yoast-schema-graph\">{\"@context\":\"https:\\\/\\\/schema.org\",\"@graph\":[{\"@type\":\"Article\",\"@id\":\"https:\\\/\\\/schoenstatt.com\\\/es\\\/el-retiro-anual-fortalece-a-los-misioneros-del-apostolado-de-la-virgen-peregrina-en-europa\\\/#article\",\"isPartOf\":{\"@id\":\"https:\\\/\\\/schoenstatt.com\\\/es\\\/el-retiro-anual-fortalece-a-los-misioneros-del-apostolado-de-la-virgen-peregrina-en-europa\\\/\"},\"author\":{\"name\":\"Karen Bueno\",\"@id\":\"https:\\\/\\\/schoenstatt.com\\\/es\\\/#\\\/schema\\\/person\\\/5158877ad4acae98b34daaeef2a1ce6e\"},\"headline\":\"El retiro anual fortalece a los misioneros del Apostolado de la Virgen Peregrina en Europa\",\"datePublished\":\"2025-03-21T11:47:40+00:00\",\"dateModified\":\"2025-08-18T23:58:00+00:00\",\"mainEntityOfPage\":{\"@id\":\"https:\\\/\\\/schoenstatt.com\\\/es\\\/el-retiro-anual-fortalece-a-los-misioneros-del-apostolado-de-la-virgen-peregrina-en-europa\\\/\"},\"wordCount\":1129,\"publisher\":{\"@id\":\"https:\\\/\\\/schoenstatt.com\\\/es\\\/#organization\"},\"image\":{\"@id\":\"https:\\\/\\\/schoenstatt.com\\\/es\\\/el-retiro-anual-fortalece-a-los-misioneros-del-apostolado-de-la-virgen-peregrina-en-europa\\\/#primaryimage\"},\"thumbnailUrl\":\"https:\\\/\\\/schoenstatt.com\\\/wp-content\\\/uploads\\\/2025\\\/03\\\/Pilgrim-Mother-Apostolate-Europe-Portuguese-1.webp\",\"keywords\":[\"Campa\u00f1a de la Virgen Peregrina\",\"Europa\"],\"articleSection\":[\"Europa\",\"Virgen Peregrina\"],\"inLanguage\":\"es\"},{\"@type\":\"WebPage\",\"@id\":\"https:\\\/\\\/schoenstatt.com\\\/es\\\/el-retiro-anual-fortalece-a-los-misioneros-del-apostolado-de-la-virgen-peregrina-en-europa\\\/\",\"url\":\"https:\\\/\\\/schoenstatt.com\\\/es\\\/el-retiro-anual-fortalece-a-los-misioneros-del-apostolado-de-la-virgen-peregrina-en-europa\\\/\",\"name\":\"El retiro anual fortalece a los misioneros del Apostolado de la Virgen Peregrina en Europa\",\"isPartOf\":{\"@id\":\"https:\\\/\\\/schoenstatt.com\\\/es\\\/#website\"},\"primaryImageOfPage\":{\"@id\":\"https:\\\/\\\/schoenstatt.com\\\/es\\\/el-retiro-anual-fortalece-a-los-misioneros-del-apostolado-de-la-virgen-peregrina-en-europa\\\/#primaryimage\"},\"image\":{\"@id\":\"https:\\\/\\\/schoenstatt.com\\\/es\\\/el-retiro-anual-fortalece-a-los-misioneros-del-apostolado-de-la-virgen-peregrina-en-europa\\\/#primaryimage\"},\"thumbnailUrl\":\"https:\\\/\\\/schoenstatt.com\\\/wp-content\\\/uploads\\\/2025\\\/03\\\/Pilgrim-Mother-Apostolate-Europe-Portuguese-1.webp\",\"datePublished\":\"2025-03-21T11:47:40+00:00\",\"dateModified\":\"2025-08-18T23:58:00+00:00\",\"description\":\"El pasado fin de semana, 15 y 16 de marzo, los coordinadores y misioneros tuvieron la alegr\u00eda de reunirse a la sombra del Santuario Original.\",\"breadcrumb\":{\"@id\":\"https:\\\/\\\/schoenstatt.com\\\/es\\\/el-retiro-anual-fortalece-a-los-misioneros-del-apostolado-de-la-virgen-peregrina-en-europa\\\/#breadcrumb\"},\"inLanguage\":\"es\",\"potentialAction\":[{\"@type\":\"ReadAction\",\"target\":[\"https:\\\/\\\/schoenstatt.com\\\/es\\\/el-retiro-anual-fortalece-a-los-misioneros-del-apostolado-de-la-virgen-peregrina-en-europa\\\/\"]}]},{\"@type\":\"ImageObject\",\"inLanguage\":\"es\",\"@id\":\"https:\\\/\\\/schoenstatt.com\\\/es\\\/el-retiro-anual-fortalece-a-los-misioneros-del-apostolado-de-la-virgen-peregrina-en-europa\\\/#primaryimage\",\"url\":\"https:\\\/\\\/schoenstatt.com\\\/wp-content\\\/uploads\\\/2025\\\/03\\\/Pilgrim-Mother-Apostolate-Europe-Portuguese-1.webp\",\"contentUrl\":\"https:\\\/\\\/schoenstatt.com\\\/wp-content\\\/uploads\\\/2025\\\/03\\\/Pilgrim-Mother-Apostolate-Europe-Portuguese-1.webp\",\"width\":1600,\"height\":1200},{\"@type\":\"BreadcrumbList\",\"@id\":\"https:\\\/\\\/schoenstatt.com\\\/es\\\/el-retiro-anual-fortalece-a-los-misioneros-del-apostolado-de-la-virgen-peregrina-en-europa\\\/#breadcrumb\",\"itemListElement\":[{\"@type\":\"ListItem\",\"position\":1,\"name\":\"Portada\",\"item\":\"https:\\\/\\\/schoenstatt.com\\\/es\\\/home\\\/\"},{\"@type\":\"ListItem\",\"position\":2,\"name\":\"El retiro anual fortalece a los misioneros del Apostolado de la Virgen Peregrina en Europa\"}]},{\"@type\":\"WebSite\",\"@id\":\"https:\\\/\\\/schoenstatt.com\\\/es\\\/#website\",\"url\":\"https:\\\/\\\/schoenstatt.com\\\/es\\\/\",\"name\":\"Schoenstatt\",\"description\":\"Apostolic Movement\",\"publisher\":{\"@id\":\"https:\\\/\\\/schoenstatt.com\\\/es\\\/#organization\"},\"potentialAction\":[{\"@type\":\"SearchAction\",\"target\":{\"@type\":\"EntryPoint\",\"urlTemplate\":\"https:\\\/\\\/schoenstatt.com\\\/es\\\/?s={search_term_string}\"},\"query-input\":{\"@type\":\"PropertyValueSpecification\",\"valueRequired\":true,\"valueName\":\"search_term_string\"}}],\"inLanguage\":\"es\"},{\"@type\":\"Organization\",\"@id\":\"https:\\\/\\\/schoenstatt.com\\\/es\\\/#organization\",\"name\":\"Schoenstatt\",\"url\":\"https:\\\/\\\/schoenstatt.com\\\/es\\\/\",\"logo\":{\"@type\":\"ImageObject\",\"inLanguage\":\"es\",\"@id\":\"https:\\\/\\\/schoenstatt.com\\\/es\\\/#\\\/schema\\\/logo\\\/image\\\/\",\"url\":\"https:\\\/\\\/schoenstatt.com\\\/wp-content\\\/uploads\\\/2025\\\/04\\\/logo-schoenstatt-white-696x696-1.png\",\"contentUrl\":\"https:\\\/\\\/schoenstatt.com\\\/wp-content\\\/uploads\\\/2025\\\/04\\\/logo-schoenstatt-white-696x696-1.png\",\"width\":696,\"height\":694,\"caption\":\"Schoenstatt\"},\"image\":{\"@id\":\"https:\\\/\\\/schoenstatt.com\\\/es\\\/#\\\/schema\\\/logo\\\/image\\\/\"}},{\"@type\":\"Person\",\"@id\":\"https:\\\/\\\/schoenstatt.com\\\/es\\\/#\\\/schema\\\/person\\\/5158877ad4acae98b34daaeef2a1ce6e\",\"name\":\"Karen Bueno\",\"image\":{\"@type\":\"ImageObject\",\"inLanguage\":\"es\",\"@id\":\"https:\\\/\\\/secure.gravatar.com\\\/avatar\\\/f9f4b823873154269d2b2130f195f6d41037dd0d7fc5f3cacb5c846bae70d66b?s=96&d=mm&r=g\",\"url\":\"https:\\\/\\\/secure.gravatar.com\\\/avatar\\\/f9f4b823873154269d2b2130f195f6d41037dd0d7fc5f3cacb5c846bae70d66b?s=96&d=mm&r=g\",\"contentUrl\":\"https:\\\/\\\/secure.gravatar.com\\\/avatar\\\/f9f4b823873154269d2b2130f195f6d41037dd0d7fc5f3cacb5c846bae70d66b?s=96&d=mm&r=g\",\"caption\":\"Karen Bueno\"},\"url\":\"https:\\\/\\\/schoenstatt.com\\\/es\\\/author\\\/karen-bueno\\\/\"}]}<\/script>\n<!-- \/ Yoast SEO Premium plugin. -->","yoast_head_json":{"title":"El retiro anual fortalece a los misioneros del Apostolado de la Virgen Peregrina en Europa","description":"El pasado fin de semana, 15 y 16 de marzo, los coordinadores y misioneros tuvieron la alegr\u00eda de reunirse a la sombra del Santuario Original.","robots":{"index":"index","follow":"follow","max-snippet":"max-snippet:-1","max-image-preview":"max-image-preview:large","max-video-preview":"max-video-preview:-1"},"canonical":"https:\/\/schoenstatt.com\/es\/el-retiro-anual-fortalece-a-los-misioneros-del-apostolado-de-la-virgen-peregrina-en-europa\/","og_locale":"es_ES","og_type":"article","og_title":"El retiro anual fortalece a los misioneros del Apostolado de la Virgen Peregrina en Europa","og_description":"El pasado fin de semana, 15 y 16 de marzo, los coordinadores y misioneros tuvieron la alegr\u00eda de reunirse a la sombra del Santuario Original.","og_url":"https:\/\/schoenstatt.com\/es\/el-retiro-anual-fortalece-a-los-misioneros-del-apostolado-de-la-virgen-peregrina-en-europa\/","og_site_name":"Schoenstatt","article_published_time":"2025-03-21T11:47:40+00:00","article_modified_time":"2025-08-18T23:58:00+00:00","og_image":[{"width":1600,"height":1200,"url":"https:\/\/schoenstatt.com\/wp-content\/uploads\/2025\/03\/Pilgrim-Mother-Apostolate-Europe-Portuguese-1.webp","type":"image\/webp"}],"author":"Karen Bueno","twitter_card":"summary_large_image","twitter_misc":{"Escrito por":"Karen Bueno","Tiempo de lectura":"7 minutos"},"schema":{"@context":"https:\/\/schema.org","@graph":[{"@type":"Article","@id":"https:\/\/schoenstatt.com\/es\/el-retiro-anual-fortalece-a-los-misioneros-del-apostolado-de-la-virgen-peregrina-en-europa\/#article","isPartOf":{"@id":"https:\/\/schoenstatt.com\/es\/el-retiro-anual-fortalece-a-los-misioneros-del-apostolado-de-la-virgen-peregrina-en-europa\/"},"author":{"name":"Karen Bueno","@id":"https:\/\/schoenstatt.com\/es\/#\/schema\/person\/5158877ad4acae98b34daaeef2a1ce6e"},"headline":"El retiro anual fortalece a los misioneros del Apostolado de la Virgen Peregrina en Europa","datePublished":"2025-03-21T11:47:40+00:00","dateModified":"2025-08-18T23:58:00+00:00","mainEntityOfPage":{"@id":"https:\/\/schoenstatt.com\/es\/el-retiro-anual-fortalece-a-los-misioneros-del-apostolado-de-la-virgen-peregrina-en-europa\/"},"wordCount":1129,"publisher":{"@id":"https:\/\/schoenstatt.com\/es\/#organization"},"image":{"@id":"https:\/\/schoenstatt.com\/es\/el-retiro-anual-fortalece-a-los-misioneros-del-apostolado-de-la-virgen-peregrina-en-europa\/#primaryimage"},"thumbnailUrl":"https:\/\/schoenstatt.com\/wp-content\/uploads\/2025\/03\/Pilgrim-Mother-Apostolate-Europe-Portuguese-1.webp","keywords":["Campa\u00f1a de la Virgen Peregrina","Europa"],"articleSection":["Europa","Virgen Peregrina"],"inLanguage":"es"},{"@type":"WebPage","@id":"https:\/\/schoenstatt.com\/es\/el-retiro-anual-fortalece-a-los-misioneros-del-apostolado-de-la-virgen-peregrina-en-europa\/","url":"https:\/\/schoenstatt.com\/es\/el-retiro-anual-fortalece-a-los-misioneros-del-apostolado-de-la-virgen-peregrina-en-europa\/","name":"El retiro anual fortalece a los misioneros del Apostolado de la Virgen Peregrina en Europa","isPartOf":{"@id":"https:\/\/schoenstatt.com\/es\/#website"},"primaryImageOfPage":{"@id":"https:\/\/schoenstatt.com\/es\/el-retiro-anual-fortalece-a-los-misioneros-del-apostolado-de-la-virgen-peregrina-en-europa\/#primaryimage"},"image":{"@id":"https:\/\/schoenstatt.com\/es\/el-retiro-anual-fortalece-a-los-misioneros-del-apostolado-de-la-virgen-peregrina-en-europa\/#primaryimage"},"thumbnailUrl":"https:\/\/schoenstatt.com\/wp-content\/uploads\/2025\/03\/Pilgrim-Mother-Apostolate-Europe-Portuguese-1.webp","datePublished":"2025-03-21T11:47:40+00:00","dateModified":"2025-08-18T23:58:00+00:00","description":"El pasado fin de semana, 15 y 16 de marzo, los coordinadores y misioneros tuvieron la alegr\u00eda de reunirse a la sombra del Santuario Original.","breadcrumb":{"@id":"https:\/\/schoenstatt.com\/es\/el-retiro-anual-fortalece-a-los-misioneros-del-apostolado-de-la-virgen-peregrina-en-europa\/#breadcrumb"},"inLanguage":"es","potentialAction":[{"@type":"ReadAction","target":["https:\/\/schoenstatt.com\/es\/el-retiro-anual-fortalece-a-los-misioneros-del-apostolado-de-la-virgen-peregrina-en-europa\/"]}]},{"@type":"ImageObject","inLanguage":"es","@id":"https:\/\/schoenstatt.com\/es\/el-retiro-anual-fortalece-a-los-misioneros-del-apostolado-de-la-virgen-peregrina-en-europa\/#primaryimage","url":"https:\/\/schoenstatt.com\/wp-content\/uploads\/2025\/03\/Pilgrim-Mother-Apostolate-Europe-Portuguese-1.webp","contentUrl":"https:\/\/schoenstatt.com\/wp-content\/uploads\/2025\/03\/Pilgrim-Mother-Apostolate-Europe-Portuguese-1.webp","width":1600,"height":1200},{"@type":"BreadcrumbList","@id":"https:\/\/schoenstatt.com\/es\/el-retiro-anual-fortalece-a-los-misioneros-del-apostolado-de-la-virgen-peregrina-en-europa\/#breadcrumb","itemListElement":[{"@type":"ListItem","position":1,"name":"Portada","item":"https:\/\/schoenstatt.com\/es\/home\/"},{"@type":"ListItem","position":2,"name":"El retiro anual fortalece a los misioneros del Apostolado de la Virgen Peregrina en Europa"}]},{"@type":"WebSite","@id":"https:\/\/schoenstatt.com\/es\/#website","url":"https:\/\/schoenstatt.com\/es\/","name":"Schoenstatt","description":"Apostolic Movement","publisher":{"@id":"https:\/\/schoenstatt.com\/es\/#organization"},"potentialAction":[{"@type":"SearchAction","target":{"@type":"EntryPoint","urlTemplate":"https:\/\/schoenstatt.com\/es\/?s={search_term_string}"},"query-input":{"@type":"PropertyValueSpecification","valueRequired":true,"valueName":"search_term_string"}}],"inLanguage":"es"},{"@type":"Organization","@id":"https:\/\/schoenstatt.com\/es\/#organization","name":"Schoenstatt","url":"https:\/\/schoenstatt.com\/es\/","logo":{"@type":"ImageObject","inLanguage":"es","@id":"https:\/\/schoenstatt.com\/es\/#\/schema\/logo\/image\/","url":"https:\/\/schoenstatt.com\/wp-content\/uploads\/2025\/04\/logo-schoenstatt-white-696x696-1.png","contentUrl":"https:\/\/schoenstatt.com\/wp-content\/uploads\/2025\/04\/logo-schoenstatt-white-696x696-1.png","width":696,"height":694,"caption":"Schoenstatt"},"image":{"@id":"https:\/\/schoenstatt.com\/es\/#\/schema\/logo\/image\/"}},{"@type":"Person","@id":"https:\/\/schoenstatt.com\/es\/#\/schema\/person\/5158877ad4acae98b34daaeef2a1ce6e","name":"Karen Bueno","image":{"@type":"ImageObject","inLanguage":"es","@id":"https:\/\/secure.gravatar.com\/avatar\/f9f4b823873154269d2b2130f195f6d41037dd0d7fc5f3cacb5c846bae70d66b?s=96&d=mm&r=g","url":"https:\/\/secure.gravatar.com\/avatar\/f9f4b823873154269d2b2130f195f6d41037dd0d7fc5f3cacb5c846bae70d66b?s=96&d=mm&r=g","contentUrl":"https:\/\/secure.gravatar.com\/avatar\/f9f4b823873154269d2b2130f195f6d41037dd0d7fc5f3cacb5c846bae70d66b?s=96&d=mm&r=g","caption":"Karen Bueno"},"url":"https:\/\/schoenstatt.com\/es\/author\/karen-bueno\/"}]}},"_links":{"self":[{"href":"https:\/\/schoenstatt.com\/es\/wp-json\/wp\/v2\/posts\/43970","targetHints":{"allow":["GET"]}}],"collection":[{"href":"https:\/\/schoenstatt.com\/es\/wp-json\/wp\/v2\/posts"}],"about":[{"href":"https:\/\/schoenstatt.com\/es\/wp-json\/wp\/v2\/types\/post"}],"author":[{"embeddable":true,"href":"https:\/\/schoenstatt.com\/es\/wp-json\/wp\/v2\/users\/3"}],"replies":[{"embeddable":true,"href":"https:\/\/schoenstatt.com\/es\/wp-json\/wp\/v2\/comments?post=43970"}],"version-history":[{"count":4,"href":"https:\/\/schoenstatt.com\/es\/wp-json\/wp\/v2\/posts\/43970\/revisions"}],"predecessor-version":[{"id":62459,"href":"https:\/\/schoenstatt.com\/es\/wp-json\/wp\/v2\/posts\/43970\/revisions\/62459"}],"wp:featuredmedia":[{"embeddable":true,"href":"https:\/\/schoenstatt.com\/es\/wp-json\/wp\/v2\/media\/43937"}],"wp:attachment":[{"href":"https:\/\/schoenstatt.com\/es\/wp-json\/wp\/v2\/media?parent=43970"}],"wp:term":[{"taxonomy":"category","embeddable":true,"href":"https:\/\/schoenstatt.com\/es\/wp-json\/wp\/v2\/categories?post=43970"},{"taxonomy":"post_tag","embeddable":true,"href":"https:\/\/schoenstatt.com\/es\/wp-json\/wp\/v2\/tags?post=43970"}],"curies":[{"name":"wp","href":"https:\/\/api.w.org\/{rel}","templated":true}]}}