{"id":43843,"date":"2025-03-13T12:26:47","date_gmt":"2025-03-13T11:26:47","guid":{"rendered":"https:\/\/schoenstatt.com\/?p=43843"},"modified":"2025-08-20T23:14:18","modified_gmt":"2025-08-20T21:14:18","slug":"santuario-de-nueva-helvecia-lugar-sagrado-de-peregrinacion-durante-el-ano-santo","status":"publish","type":"post","link":"https:\/\/schoenstatt.com\/es\/santuario-de-nueva-helvecia-lugar-sagrado-de-peregrinacion-durante-el-ano-santo\/","title":{"rendered":"Santuario de Nueva Helvecia &#8211; Lugar sagrado de peregrinaci\u00f3n durante el A\u00f1o Santo"},"content":{"rendered":"\n<p>El <a href=\"https:\/\/schoenstatt.com\/es\/santuario-nueva-helvecia-una-jugada-clave-para-el-schoenstatt-internacional\/\"><mark style=\"background-color:rgba(0, 0, 0, 0);color:#ec8e0b\" class=\"has-inline-color\">primer Santuario filial de Schoenstatt<\/mark><\/a> en <a href=\"https:\/\/schoenstatt.org.uy\/\" target=\"_blank\" rel=\"noreferrer noopener\"><mark style=\"background-color:rgba(0, 0, 0, 0);color:#ec8e0b\" class=\"has-inline-color\">Nueva Helvecia<\/mark><\/a>, Uruguay, fue elegido por el obispo diocesano Monse\u00f1or Luis Eudardo Gonz\u00e1lez Cedr\u00e9s como templo jubilar en este a\u00f1o santo. Elegimos esta fecha, domingo 9 de marzo, para unirnos a la celebraci\u00f3n de la apertura en el Santuario Original.<\/p>\n\n\n\n<p>Se hicieron presentes un grupo de se\u00f1oras que cada 18 de octubre llegan caminando desde una zona rural distante 30 km del Santuario. Personal del colegio MTA y fieles pertenecientes a la parroquia y de localidades cercanas participaron con gusto en este hermoso d\u00eda domingo. Estando a\u00fan en verano, el tiempo acompa\u00f1\u00f3 de tal manera que se pudo celebrar al aire libre a una hora temprana de la tarde cosa que apenas dos d\u00edas atr\u00e1s hubiese sido imposible por el intenso calor. En esto vimos tambien la Providencia de Dios.<\/p>\n\n\n\n<p>Desde la ma\u00f1ana un numeroso grupo de misioneros de la Campa\u00f1a de la Virgen Peregrina de la ciudad de Montevideo se prepar\u00f3 para este momento con el rezo del Via Crucis en el jard\u00edn del Santuario y el rosario iluminado con exposici\u00f3n del Sant\u00edsimo.<\/p>\n\n\n\n<figure class=\"wp-block-image size-large\"><img decoding=\"async\" src=\"https:\/\/schoenstatt.com\/wp-content\/uploads\/2025\/03\/nueva-helvecia-schoenstatt-shrine-2-1024x768.jpg\" alt=\"\" class=\"wp-image-43833\"\/><\/figure>\n\n\n\n<h3 class=\"wp-block-heading\" id=\"h-postracion-y-beso-del-celebrante-al-piso-del-santuario\"><strong>Postraci\u00f3n y beso del celebrante al piso del Santuario<\/strong><\/h3>\n\n\n\n<p>Previo a la Santa Misa el obispo em\u00e9rito de la di\u00f3cesis de Mercedes, Monse\u00f1or Carlos Mar\u00eda Colazzi, atendi\u00f3 las confesiones de gran n\u00famero de personas mientras se rezaba el rosario comunitario. Un momento de especial hondura fue la solemne apertura de la puerta del Santuario. El elocuente gesto de postraci\u00f3n y el beso del celebrante al piso del Santuario impact\u00f3 a todos.<\/p>\n\n\n\n<p>As\u00ed como \u00e9l lo expres\u00f3 en la homil\u00eda, pisamos una tierra verdaderamente santa, donde Dios regala a todo su pueblo gracias especiales en este a\u00f1o de la esperanza. Mientras la campana del Santuario repicaba con intensidad se invit\u00f3 a los presentes a ingresar al lugar jubilar. Mientras tanto segu\u00edamos meditando las palabras del obispo en las que nos recordaba que Dios desea expresar su amor y misericordia a trav\u00e9s de estos lugares particulares donde El act\u00faa con predilecci\u00f3n.<\/p>\n\n\n\n<p>Durante la celebraci\u00f3n rezamos especialmente por la salud del Papa Francisco. Nuestra Reina se habr\u00e1 alegrado profundamente con la visita de tantas personas provenientes de diferentes localidades. \u00a1Una gran fiesta en Familia!<\/p>\n\n\n\n<figure class=\"wp-block-image size-large\"><img decoding=\"async\" src=\"https:\/\/schoenstatt.com\/wp-content\/uploads\/2025\/03\/nueva-helvecia-schoenstatt-shrine-3-768x1024.jpg\" alt=\"\" class=\"wp-image-43838\"\/><\/figure>\n","protected":false},"excerpt":{"rendered":"<p>El primer Santuario filial de Schoenstatt en Nueva Helvecia, Uruguay, fue elegido por el obispo diocesano como templo jubilar en este a\u00f1o santo. <\/p>\n","protected":false},"author":3,"featured_media":43828,"comment_status":"closed","ping_status":"closed","sticky":false,"template":"","format":"standard","meta":{"footnotes":""},"categories":[864,790],"tags":[1073,809],"class_list":["post-43843","post","type-post","status-publish","format-standard","has-post-thumbnail","hentry","category-america-es","category-paises-es","tag-nueva-helvecia-uruguay-es","tag-schoenstatt-uruguay-es"],"yoast_head":"<!-- This site is optimized with the Yoast SEO Premium plugin v27.4 (Yoast SEO v27.4) - https:\/\/yoast.com\/product\/yoast-seo-premium-wordpress\/ -->\n<title>Santuario de Nueva Helvecia - Lugar sagrado de peregrinaci\u00f3n durante el A\u00f1o Santo<\/title>\n<meta name=\"description\" content=\"El primer Santuario filial de Schoenstatt en Nueva Helvecia fue elegido por el obispo diocesano como templo jubilar en este a\u00f1o santo.\" \/>\n<meta name=\"robots\" content=\"index, follow, max-snippet:-1, max-image-preview:large, max-video-preview:-1\" \/>\n<link rel=\"canonical\" href=\"https:\/\/schoenstatt.com\/es\/santuario-de-nueva-helvecia-lugar-sagrado-de-peregrinacion-durante-el-ano-santo\/\" \/>\n<meta property=\"og:locale\" content=\"es_ES\" \/>\n<meta property=\"og:type\" content=\"article\" \/>\n<meta property=\"og:title\" content=\"Santuario de Nueva Helvecia - Lugar sagrado de peregrinaci\u00f3n durante el A\u00f1o Santo\" \/>\n<meta property=\"og:description\" content=\"El primer Santuario filial de Schoenstatt en Nueva Helvecia fue elegido por el obispo diocesano como templo jubilar en este a\u00f1o santo.\" \/>\n<meta property=\"og:url\" content=\"https:\/\/schoenstatt.com\/es\/santuario-de-nueva-helvecia-lugar-sagrado-de-peregrinacion-durante-el-ano-santo\/\" \/>\n<meta property=\"og:site_name\" content=\"Schoenstatt\" \/>\n<meta property=\"article:published_time\" content=\"2025-03-13T11:26:47+00:00\" \/>\n<meta property=\"article:modified_time\" content=\"2025-08-20T21:14:18+00:00\" \/>\n<meta property=\"og:image\" content=\"https:\/\/schoenstatt.com\/wp-content\/uploads\/2025\/03\/nueva-helvecia-schoenstatt-shrine-1.webp\" \/>\n\t<meta property=\"og:image:width\" content=\"1920\" \/>\n\t<meta property=\"og:image:height\" content=\"1440\" \/>\n\t<meta property=\"og:image:type\" content=\"image\/webp\" \/>\n<meta name=\"author\" content=\"Karen Bueno\" \/>\n<meta name=\"twitter:card\" content=\"summary_large_image\" \/>\n<meta name=\"twitter:label1\" content=\"Escrito por\" \/>\n\t<meta name=\"twitter:data1\" content=\"Karen Bueno\" \/>\n\t<meta name=\"twitter:label2\" content=\"Tiempo de lectura\" \/>\n\t<meta name=\"twitter:data2\" content=\"3 minutos\" \/>\n<script type=\"application\/ld+json\" class=\"yoast-schema-graph\">{\"@context\":\"https:\\\/\\\/schema.org\",\"@graph\":[{\"@type\":\"Article\",\"@id\":\"https:\\\/\\\/schoenstatt.com\\\/es\\\/santuario-de-nueva-helvecia-lugar-sagrado-de-peregrinacion-durante-el-ano-santo\\\/#article\",\"isPartOf\":{\"@id\":\"https:\\\/\\\/schoenstatt.com\\\/es\\\/santuario-de-nueva-helvecia-lugar-sagrado-de-peregrinacion-durante-el-ano-santo\\\/\"},\"author\":{\"name\":\"Karen Bueno\",\"@id\":\"https:\\\/\\\/schoenstatt.com\\\/es\\\/#\\\/schema\\\/person\\\/5158877ad4acae98b34daaeef2a1ce6e\"},\"headline\":\"Santuario de Nueva Helvecia &#8211; Lugar sagrado de peregrinaci\u00f3n durante el A\u00f1o Santo\",\"datePublished\":\"2025-03-13T11:26:47+00:00\",\"dateModified\":\"2025-08-20T21:14:18+00:00\",\"mainEntityOfPage\":{\"@id\":\"https:\\\/\\\/schoenstatt.com\\\/es\\\/santuario-de-nueva-helvecia-lugar-sagrado-de-peregrinacion-durante-el-ano-santo\\\/\"},\"wordCount\":403,\"publisher\":{\"@id\":\"https:\\\/\\\/schoenstatt.com\\\/es\\\/#organization\"},\"image\":{\"@id\":\"https:\\\/\\\/schoenstatt.com\\\/es\\\/santuario-de-nueva-helvecia-lugar-sagrado-de-peregrinacion-durante-el-ano-santo\\\/#primaryimage\"},\"thumbnailUrl\":\"https:\\\/\\\/schoenstatt.com\\\/wp-content\\\/uploads\\\/2025\\\/03\\\/nueva-helvecia-schoenstatt-shrine-1.webp\",\"keywords\":[\"Nueva Helvecia - Uruguay\",\"Schoenstatt Uruguay\"],\"articleSection\":[\"Am\u00e9rica\",\"Pa\u00edses\"],\"inLanguage\":\"es\"},{\"@type\":\"WebPage\",\"@id\":\"https:\\\/\\\/schoenstatt.com\\\/es\\\/santuario-de-nueva-helvecia-lugar-sagrado-de-peregrinacion-durante-el-ano-santo\\\/\",\"url\":\"https:\\\/\\\/schoenstatt.com\\\/es\\\/santuario-de-nueva-helvecia-lugar-sagrado-de-peregrinacion-durante-el-ano-santo\\\/\",\"name\":\"Santuario de Nueva Helvecia - Lugar sagrado de peregrinaci\u00f3n durante el A\u00f1o Santo\",\"isPartOf\":{\"@id\":\"https:\\\/\\\/schoenstatt.com\\\/es\\\/#website\"},\"primaryImageOfPage\":{\"@id\":\"https:\\\/\\\/schoenstatt.com\\\/es\\\/santuario-de-nueva-helvecia-lugar-sagrado-de-peregrinacion-durante-el-ano-santo\\\/#primaryimage\"},\"image\":{\"@id\":\"https:\\\/\\\/schoenstatt.com\\\/es\\\/santuario-de-nueva-helvecia-lugar-sagrado-de-peregrinacion-durante-el-ano-santo\\\/#primaryimage\"},\"thumbnailUrl\":\"https:\\\/\\\/schoenstatt.com\\\/wp-content\\\/uploads\\\/2025\\\/03\\\/nueva-helvecia-schoenstatt-shrine-1.webp\",\"datePublished\":\"2025-03-13T11:26:47+00:00\",\"dateModified\":\"2025-08-20T21:14:18+00:00\",\"description\":\"El primer Santuario filial de Schoenstatt en Nueva Helvecia fue elegido por el obispo diocesano como templo jubilar en este a\u00f1o santo.\",\"breadcrumb\":{\"@id\":\"https:\\\/\\\/schoenstatt.com\\\/es\\\/santuario-de-nueva-helvecia-lugar-sagrado-de-peregrinacion-durante-el-ano-santo\\\/#breadcrumb\"},\"inLanguage\":\"es\",\"potentialAction\":[{\"@type\":\"ReadAction\",\"target\":[\"https:\\\/\\\/schoenstatt.com\\\/es\\\/santuario-de-nueva-helvecia-lugar-sagrado-de-peregrinacion-durante-el-ano-santo\\\/\"]}]},{\"@type\":\"ImageObject\",\"inLanguage\":\"es\",\"@id\":\"https:\\\/\\\/schoenstatt.com\\\/es\\\/santuario-de-nueva-helvecia-lugar-sagrado-de-peregrinacion-durante-el-ano-santo\\\/#primaryimage\",\"url\":\"https:\\\/\\\/schoenstatt.com\\\/wp-content\\\/uploads\\\/2025\\\/03\\\/nueva-helvecia-schoenstatt-shrine-1.webp\",\"contentUrl\":\"https:\\\/\\\/schoenstatt.com\\\/wp-content\\\/uploads\\\/2025\\\/03\\\/nueva-helvecia-schoenstatt-shrine-1.webp\",\"width\":1920,\"height\":1440},{\"@type\":\"BreadcrumbList\",\"@id\":\"https:\\\/\\\/schoenstatt.com\\\/es\\\/santuario-de-nueva-helvecia-lugar-sagrado-de-peregrinacion-durante-el-ano-santo\\\/#breadcrumb\",\"itemListElement\":[{\"@type\":\"ListItem\",\"position\":1,\"name\":\"Portada\",\"item\":\"https:\\\/\\\/schoenstatt.com\\\/es\\\/home\\\/\"},{\"@type\":\"ListItem\",\"position\":2,\"name\":\"Santuario de Nueva Helvecia &#8211; Lugar sagrado de peregrinaci\u00f3n durante el A\u00f1o Santo\"}]},{\"@type\":\"WebSite\",\"@id\":\"https:\\\/\\\/schoenstatt.com\\\/es\\\/#website\",\"url\":\"https:\\\/\\\/schoenstatt.com\\\/es\\\/\",\"name\":\"Schoenstatt\",\"description\":\"Apostolic Movement\",\"publisher\":{\"@id\":\"https:\\\/\\\/schoenstatt.com\\\/es\\\/#organization\"},\"potentialAction\":[{\"@type\":\"SearchAction\",\"target\":{\"@type\":\"EntryPoint\",\"urlTemplate\":\"https:\\\/\\\/schoenstatt.com\\\/es\\\/?s={search_term_string}\"},\"query-input\":{\"@type\":\"PropertyValueSpecification\",\"valueRequired\":true,\"valueName\":\"search_term_string\"}}],\"inLanguage\":\"es\"},{\"@type\":\"Organization\",\"@id\":\"https:\\\/\\\/schoenstatt.com\\\/es\\\/#organization\",\"name\":\"Schoenstatt\",\"url\":\"https:\\\/\\\/schoenstatt.com\\\/es\\\/\",\"logo\":{\"@type\":\"ImageObject\",\"inLanguage\":\"es\",\"@id\":\"https:\\\/\\\/schoenstatt.com\\\/es\\\/#\\\/schema\\\/logo\\\/image\\\/\",\"url\":\"https:\\\/\\\/schoenstatt.com\\\/wp-content\\\/uploads\\\/2025\\\/04\\\/logo-schoenstatt-white-696x696-1.png\",\"contentUrl\":\"https:\\\/\\\/schoenstatt.com\\\/wp-content\\\/uploads\\\/2025\\\/04\\\/logo-schoenstatt-white-696x696-1.png\",\"width\":696,\"height\":694,\"caption\":\"Schoenstatt\"},\"image\":{\"@id\":\"https:\\\/\\\/schoenstatt.com\\\/es\\\/#\\\/schema\\\/logo\\\/image\\\/\"}},{\"@type\":\"Person\",\"@id\":\"https:\\\/\\\/schoenstatt.com\\\/es\\\/#\\\/schema\\\/person\\\/5158877ad4acae98b34daaeef2a1ce6e\",\"name\":\"Karen Bueno\",\"image\":{\"@type\":\"ImageObject\",\"inLanguage\":\"es\",\"@id\":\"https:\\\/\\\/secure.gravatar.com\\\/avatar\\\/f9f4b823873154269d2b2130f195f6d41037dd0d7fc5f3cacb5c846bae70d66b?s=96&d=mm&r=g\",\"url\":\"https:\\\/\\\/secure.gravatar.com\\\/avatar\\\/f9f4b823873154269d2b2130f195f6d41037dd0d7fc5f3cacb5c846bae70d66b?s=96&d=mm&r=g\",\"contentUrl\":\"https:\\\/\\\/secure.gravatar.com\\\/avatar\\\/f9f4b823873154269d2b2130f195f6d41037dd0d7fc5f3cacb5c846bae70d66b?s=96&d=mm&r=g\",\"caption\":\"Karen Bueno\"},\"url\":\"https:\\\/\\\/schoenstatt.com\\\/es\\\/author\\\/karen-bueno\\\/\"}]}<\/script>\n<!-- \/ Yoast SEO Premium plugin. -->","yoast_head_json":{"title":"Santuario de Nueva Helvecia - Lugar sagrado de peregrinaci\u00f3n durante el A\u00f1o Santo","description":"El primer Santuario filial de Schoenstatt en Nueva Helvecia fue elegido por el obispo diocesano como templo jubilar en este a\u00f1o santo.","robots":{"index":"index","follow":"follow","max-snippet":"max-snippet:-1","max-image-preview":"max-image-preview:large","max-video-preview":"max-video-preview:-1"},"canonical":"https:\/\/schoenstatt.com\/es\/santuario-de-nueva-helvecia-lugar-sagrado-de-peregrinacion-durante-el-ano-santo\/","og_locale":"es_ES","og_type":"article","og_title":"Santuario de Nueva Helvecia - Lugar sagrado de peregrinaci\u00f3n durante el A\u00f1o Santo","og_description":"El primer Santuario filial de Schoenstatt en Nueva Helvecia fue elegido por el obispo diocesano como templo jubilar en este a\u00f1o santo.","og_url":"https:\/\/schoenstatt.com\/es\/santuario-de-nueva-helvecia-lugar-sagrado-de-peregrinacion-durante-el-ano-santo\/","og_site_name":"Schoenstatt","article_published_time":"2025-03-13T11:26:47+00:00","article_modified_time":"2025-08-20T21:14:18+00:00","og_image":[{"width":1920,"height":1440,"url":"https:\/\/schoenstatt.com\/wp-content\/uploads\/2025\/03\/nueva-helvecia-schoenstatt-shrine-1.webp","type":"image\/webp"}],"author":"Karen Bueno","twitter_card":"summary_large_image","twitter_misc":{"Escrito por":"Karen Bueno","Tiempo de lectura":"3 minutos"},"schema":{"@context":"https:\/\/schema.org","@graph":[{"@type":"Article","@id":"https:\/\/schoenstatt.com\/es\/santuario-de-nueva-helvecia-lugar-sagrado-de-peregrinacion-durante-el-ano-santo\/#article","isPartOf":{"@id":"https:\/\/schoenstatt.com\/es\/santuario-de-nueva-helvecia-lugar-sagrado-de-peregrinacion-durante-el-ano-santo\/"},"author":{"name":"Karen Bueno","@id":"https:\/\/schoenstatt.com\/es\/#\/schema\/person\/5158877ad4acae98b34daaeef2a1ce6e"},"headline":"Santuario de Nueva Helvecia &#8211; Lugar sagrado de peregrinaci\u00f3n durante el A\u00f1o Santo","datePublished":"2025-03-13T11:26:47+00:00","dateModified":"2025-08-20T21:14:18+00:00","mainEntityOfPage":{"@id":"https:\/\/schoenstatt.com\/es\/santuario-de-nueva-helvecia-lugar-sagrado-de-peregrinacion-durante-el-ano-santo\/"},"wordCount":403,"publisher":{"@id":"https:\/\/schoenstatt.com\/es\/#organization"},"image":{"@id":"https:\/\/schoenstatt.com\/es\/santuario-de-nueva-helvecia-lugar-sagrado-de-peregrinacion-durante-el-ano-santo\/#primaryimage"},"thumbnailUrl":"https:\/\/schoenstatt.com\/wp-content\/uploads\/2025\/03\/nueva-helvecia-schoenstatt-shrine-1.webp","keywords":["Nueva Helvecia - Uruguay","Schoenstatt Uruguay"],"articleSection":["Am\u00e9rica","Pa\u00edses"],"inLanguage":"es"},{"@type":"WebPage","@id":"https:\/\/schoenstatt.com\/es\/santuario-de-nueva-helvecia-lugar-sagrado-de-peregrinacion-durante-el-ano-santo\/","url":"https:\/\/schoenstatt.com\/es\/santuario-de-nueva-helvecia-lugar-sagrado-de-peregrinacion-durante-el-ano-santo\/","name":"Santuario de Nueva Helvecia - Lugar sagrado de peregrinaci\u00f3n durante el A\u00f1o Santo","isPartOf":{"@id":"https:\/\/schoenstatt.com\/es\/#website"},"primaryImageOfPage":{"@id":"https:\/\/schoenstatt.com\/es\/santuario-de-nueva-helvecia-lugar-sagrado-de-peregrinacion-durante-el-ano-santo\/#primaryimage"},"image":{"@id":"https:\/\/schoenstatt.com\/es\/santuario-de-nueva-helvecia-lugar-sagrado-de-peregrinacion-durante-el-ano-santo\/#primaryimage"},"thumbnailUrl":"https:\/\/schoenstatt.com\/wp-content\/uploads\/2025\/03\/nueva-helvecia-schoenstatt-shrine-1.webp","datePublished":"2025-03-13T11:26:47+00:00","dateModified":"2025-08-20T21:14:18+00:00","description":"El primer Santuario filial de Schoenstatt en Nueva Helvecia fue elegido por el obispo diocesano como templo jubilar en este a\u00f1o santo.","breadcrumb":{"@id":"https:\/\/schoenstatt.com\/es\/santuario-de-nueva-helvecia-lugar-sagrado-de-peregrinacion-durante-el-ano-santo\/#breadcrumb"},"inLanguage":"es","potentialAction":[{"@type":"ReadAction","target":["https:\/\/schoenstatt.com\/es\/santuario-de-nueva-helvecia-lugar-sagrado-de-peregrinacion-durante-el-ano-santo\/"]}]},{"@type":"ImageObject","inLanguage":"es","@id":"https:\/\/schoenstatt.com\/es\/santuario-de-nueva-helvecia-lugar-sagrado-de-peregrinacion-durante-el-ano-santo\/#primaryimage","url":"https:\/\/schoenstatt.com\/wp-content\/uploads\/2025\/03\/nueva-helvecia-schoenstatt-shrine-1.webp","contentUrl":"https:\/\/schoenstatt.com\/wp-content\/uploads\/2025\/03\/nueva-helvecia-schoenstatt-shrine-1.webp","width":1920,"height":1440},{"@type":"BreadcrumbList","@id":"https:\/\/schoenstatt.com\/es\/santuario-de-nueva-helvecia-lugar-sagrado-de-peregrinacion-durante-el-ano-santo\/#breadcrumb","itemListElement":[{"@type":"ListItem","position":1,"name":"Portada","item":"https:\/\/schoenstatt.com\/es\/home\/"},{"@type":"ListItem","position":2,"name":"Santuario de Nueva Helvecia &#8211; Lugar sagrado de peregrinaci\u00f3n durante el A\u00f1o Santo"}]},{"@type":"WebSite","@id":"https:\/\/schoenstatt.com\/es\/#website","url":"https:\/\/schoenstatt.com\/es\/","name":"Schoenstatt","description":"Apostolic Movement","publisher":{"@id":"https:\/\/schoenstatt.com\/es\/#organization"},"potentialAction":[{"@type":"SearchAction","target":{"@type":"EntryPoint","urlTemplate":"https:\/\/schoenstatt.com\/es\/?s={search_term_string}"},"query-input":{"@type":"PropertyValueSpecification","valueRequired":true,"valueName":"search_term_string"}}],"inLanguage":"es"},{"@type":"Organization","@id":"https:\/\/schoenstatt.com\/es\/#organization","name":"Schoenstatt","url":"https:\/\/schoenstatt.com\/es\/","logo":{"@type":"ImageObject","inLanguage":"es","@id":"https:\/\/schoenstatt.com\/es\/#\/schema\/logo\/image\/","url":"https:\/\/schoenstatt.com\/wp-content\/uploads\/2025\/04\/logo-schoenstatt-white-696x696-1.png","contentUrl":"https:\/\/schoenstatt.com\/wp-content\/uploads\/2025\/04\/logo-schoenstatt-white-696x696-1.png","width":696,"height":694,"caption":"Schoenstatt"},"image":{"@id":"https:\/\/schoenstatt.com\/es\/#\/schema\/logo\/image\/"}},{"@type":"Person","@id":"https:\/\/schoenstatt.com\/es\/#\/schema\/person\/5158877ad4acae98b34daaeef2a1ce6e","name":"Karen Bueno","image":{"@type":"ImageObject","inLanguage":"es","@id":"https:\/\/secure.gravatar.com\/avatar\/f9f4b823873154269d2b2130f195f6d41037dd0d7fc5f3cacb5c846bae70d66b?s=96&d=mm&r=g","url":"https:\/\/secure.gravatar.com\/avatar\/f9f4b823873154269d2b2130f195f6d41037dd0d7fc5f3cacb5c846bae70d66b?s=96&d=mm&r=g","contentUrl":"https:\/\/secure.gravatar.com\/avatar\/f9f4b823873154269d2b2130f195f6d41037dd0d7fc5f3cacb5c846bae70d66b?s=96&d=mm&r=g","caption":"Karen Bueno"},"url":"https:\/\/schoenstatt.com\/es\/author\/karen-bueno\/"}]}},"_links":{"self":[{"href":"https:\/\/schoenstatt.com\/es\/wp-json\/wp\/v2\/posts\/43843","targetHints":{"allow":["GET"]}}],"collection":[{"href":"https:\/\/schoenstatt.com\/es\/wp-json\/wp\/v2\/posts"}],"about":[{"href":"https:\/\/schoenstatt.com\/es\/wp-json\/wp\/v2\/types\/post"}],"author":[{"embeddable":true,"href":"https:\/\/schoenstatt.com\/es\/wp-json\/wp\/v2\/users\/3"}],"replies":[{"embeddable":true,"href":"https:\/\/schoenstatt.com\/es\/wp-json\/wp\/v2\/comments?post=43843"}],"version-history":[{"count":2,"href":"https:\/\/schoenstatt.com\/es\/wp-json\/wp\/v2\/posts\/43843\/revisions"}],"predecessor-version":[{"id":62875,"href":"https:\/\/schoenstatt.com\/es\/wp-json\/wp\/v2\/posts\/43843\/revisions\/62875"}],"wp:featuredmedia":[{"embeddable":true,"href":"https:\/\/schoenstatt.com\/es\/wp-json\/wp\/v2\/media\/43828"}],"wp:attachment":[{"href":"https:\/\/schoenstatt.com\/es\/wp-json\/wp\/v2\/media?parent=43843"}],"wp:term":[{"taxonomy":"category","embeddable":true,"href":"https:\/\/schoenstatt.com\/es\/wp-json\/wp\/v2\/categories?post=43843"},{"taxonomy":"post_tag","embeddable":true,"href":"https:\/\/schoenstatt.com\/es\/wp-json\/wp\/v2\/tags?post=43843"}],"curies":[{"name":"wp","href":"https:\/\/api.w.org\/{rel}","templated":true}]}}