{"id":43666,"date":"2025-02-28T03:03:00","date_gmt":"2025-02-28T02:03:00","guid":{"rendered":"https:\/\/schoenstatt.com\/?p=43666"},"modified":"2025-08-21T04:09:37","modified_gmt":"2025-08-21T02:09:37","slug":"en-2025-congreso-internacional-de-jovenes-de-schoenstatt-en-roma","status":"publish","type":"post","link":"https:\/\/schoenstatt.com\/es\/en-2025-congreso-internacional-de-jovenes-de-schoenstatt-en-roma\/","title":{"rendered":"En 2025:Congreso Internacional de J\u00f3venes de Schoenstatt en Roma"},"content":{"rendered":"\n<p><em>\u00ab\u00a1Prefiero el cansancio de quien est\u00e1 en camino que el hast\u00edo de quien permanece detenido y sin deseo de caminar!\u00bb (\u2026) \u00abLa soluci\u00f3n al cansancio, parad\u00f3jicamente, no es detenerse a descansar. Es m\u00e1s bien ponerse en camino y volverse peregrinos de esperanza. Esta es mi exhortaci\u00f3n: \u00a1caminen en la esperanza! La esperanza vence todo cansancio, toda crisis y toda ansiedad, d\u00e1ndonos una fuerte motivaci\u00f3n para seguir adelante, porque esta esperanza es un regalo que recibimos de Dios mismo. \u00c9l colma de sentido todo nuestro tiempo, nos ilumina en el camino, nos indica la direcci\u00f3n y la meta de nuestra vida.\u00bb<\/em><\/p>\n\n\n\n<p>Estas son algunas de las \u00faltimas palabras del Papa Francisco durante la \u00faltima Jornada Mundial de la Juventud, palabras que a\u00fan hacen eco en el coraz\u00f3n de la juventud de Schoenstatt y que, en este 2025, comienzan a interpelarnos profundamente.<\/p>\n\n\n\n<h3 class=\"wp-block-heading\" id=\"h-representantes-de-cada-pais-se-reuniran-en-roma\"><strong><strong>Representantes de cada pa\u00eds se reunir\u00e1n en Roma<\/strong><\/strong><\/h3>\n\n\n\n<p>Estamos viviendo un nuevo Jubileo de la Iglesia. Queremos <strong>congregarnos como Juventud de Schoenstatt, a trav\u00e9s de algunos representantes<\/strong> en respuesta al anhelo que surgi\u00f3 en el Congreso de Pentecost\u00e9s del a\u00f1o 2022. Queremos volver a vernos, volver a encontrarnos\u2026 volver a descubrir que nuestras juventudes no son \u201csucursales\u201d iguales, sino santuarios vivos, cada uno con su propia originalidad, pero con la conciencia de que irradiamos el mismo fuego.<\/p>\n\n\n\n<p>Nos reunimos, en el marco del Jubileo en Roma, en los d\u00edas 29, 30 y 31 de julio, representantes de la <a href=\"https:\/\/schoenstatt.com\/es\/comunidades\/woman\/juventud-femenina\/\">Juventud Femenina<\/a> y <a href=\"https:\/\/schoenstatt.com\/es\/comunidades\/hombres\/juventud-masculina\/\">Masculina de Schoenstatt<\/a> del mundo en el Santuario de Belmonte.<\/p>\n\n\n\n<figure class=\"wp-block-image size-large\"><img decoding=\"async\" src=\"https:\/\/schoenstatt.com\/wp-content\/uploads\/2025\/02\/Pentecost-Congress-2022-1024x768.jpg\" alt=\"\" class=\"wp-image-43661\"\/><figcaption class=\"wp-element-caption\">Congreso de Pentecost\u00e9s 2022<\/figcaption><\/figure>\n\n\n\n<h3 class=\"wp-block-heading\" id=\"h-para-que-nos-reunimos\"><strong><strong>\u00bfPara qu\u00e9 nos reunimos?<\/strong><\/strong><\/h3>\n\n\n\n<p><em>Queremos reconocer las huellas de Dios en la vida de nuestra juventud, discernir su llamado en los desaf\u00edos que enfrentamos y responder desde nuestro Carisma como instrumentos de Mar\u00eda en nuestra sociedad.<\/em><\/p>\n\n\n\n<p>Ser\u00e1n d\u00edas en los que, escuchando las voces del alma, del ser y del tiempo, queremos descubrir la originalidad de cada juventud y aquello que nos une, lo que nos hace un solo coraz\u00f3n.<\/p>\n\n\n\n<p>Trabajaremos sobre temas que interpelan al joven hoy: su v\u00ednculo con Jes\u00fas, su manera de vivir el amor, el desaf\u00edo de vivir la Alianza de Amor en el liderazgo y en el servicio a los dem\u00e1s.<\/p>\n\n\n\n<h3 class=\"wp-block-heading\" id=\"h-unidos-bajo-el-lema-voces-de-esperanza\"><strong><strong>Unidos bajo el lema \u201cVoces de esperanza\u201d<\/strong><\/strong><\/h3>\n\n\n\n<p>La juventud es esa voz, esa voz llena de alegr\u00eda, llena de esp\u00edritu, llena de esperanza. Y esa es la voz que deseamos que resuene con m\u00e1s fuerza a partir de nuestro encuentro. Cada pa\u00eds podr\u00e1 contar con representantes, quienes deben llevar no solo los anhelos propios, sino los sue\u00f1os de la juventud que representan.<\/p>\n\n\n\n<p>En nuestro logo, quisimos expresar gran parte de la identidad de nuestra Juventud.<\/p>\n\n\n\n<figure class=\"wp-block-image aligncenter size-full is-resized\"><img decoding=\"async\" src=\"https:\/\/schoenstatt.com\/wp-content\/uploads\/2025\/02\/voces-de-esperanza-Congress-of-Schoenstatt-Youth.png\" alt=\"\" class=\"wp-image-43667\" style=\"width:546px;height:auto\"\/><\/figure>\n\n\n\n<p>Somos ese <strong>Fuego<\/strong>, que busca irradiar a todo el mundo. Un mundo que podemos ver simbolizado en la base del logo. Los colores son colores vivos, como busca ser siempre nuestra juventud. <strong>La Cruz de la Unidad<\/strong> nos inspira, nos recuerda que por Mar\u00eda llegamos a Jes\u00fas y el don rec\u00edproco de la mujer y el var\u00f3n, que estamos llamados a descubrir y testimoniar\u2026<\/p>\n\n\n\n<h3 class=\"wp-block-heading\" id=\"h-familia-de-schoenstatt-contamos-con-ustedes\"><strong><strong>Familia de Schoenstatt, contamos con ustedes<\/strong><\/strong><\/h3>\n\n\n\n<p>J\u00f3venes y asesores de distintos pa\u00edses formamos parte del equipo de preparaci\u00f3n de este Congreso. Estamos al servicio de esta misi\u00f3n que nos fue confiada.<\/p>\n\n\n\n<p>El equipo organizador est\u00e1 compuesto por:<\/p>\n\n\n\n<p><strong>J\u00f3venes<\/strong><\/p>\n\n\n\n<ul class=\"wp-block-list\">\n<li>Benjam\u00edn Mar\u00eda Biagosch &#8211; JM de Argentina<\/li>\n\n\n\n<li>Ana Mar\u00eda Wahl Gonz\u00e1lez- JF de Chile<\/li>\n\n\n\n<li>Maria Leonor Gavilanes Sanchez &#8211; JF de Ecuador<\/li>\n\n\n\n<li>Mat\u00edas Sebasti\u00e1n Estigarribia Lima &#8211; JM de Paraguay<\/li>\n<\/ul>\n\n\n\n<div style=\"height:26px\" aria-hidden=\"true\" class=\"wp-block-spacer\"><\/div>\n\n\n\n<p><strong>Asesores<\/strong><\/p>\n\n\n\n<ul class=\"wp-block-list\">\n<li>Ana Christina Melquiades &#8211; Se\u00f1ora de Schoenstatt &#8211; Asesora de la JF en Brasil<\/li>\n\n\n\n<li>Padre Pablo Gerardo P\u00e9rez &#8211; Padre de Schoenstatt \u2013 Director Nacional del Movimiento en Italia<\/li>\n\n\n\n<li>Hna. M. Jimena Persia &#8211; Hermana de Mar\u00eda de Schoenstatt \u2013 Asesora Nacional de la JF de Paraguay<\/li>\n<\/ul>\n\n\n\n<div style=\"height:25px\" aria-hidden=\"true\" class=\"wp-block-spacer\"><\/div>\n\n\n\n<p>Contamos desde ya con las oraciones y contribuciones al capital de gracias de toda la Familia de Schoenstatt para que cada uno de los j\u00f3venes participantes de este Congreso llegue con un coraz\u00f3n preparado y dispuesto para descubrir, de nuevo, al Dios de la Vida que llena de sentido y esperanza la nuestra.<\/p>\n\n\n\n<p>Y a nuestra Juventud de Schoenstatt, qu\u00e9dense atentos que muy pronto se vienen novedades.<\/p>\n\n\n\n<p><strong>Mat\u00edas Estigarribia &#8211; JM Paraguay<\/strong><br>Miembro del equipo del Congreso Internacional de J\u00f3venes de Schoenstatt \u2013 Roma 2025<\/p>\n","protected":false},"excerpt":{"rendered":"<p>Aquella Voz de Esperanza, que arde en nuestra Juventud de Schoenstatt, lleva a los j\u00f3venes a un Congreso internacional.<\/p>\n","protected":false},"author":3,"featured_media":43651,"comment_status":"closed","ping_status":"closed","sticky":false,"template":"","format":"standard","meta":{"footnotes":""},"categories":[923],"tags":[444,567,1169,1132,1108],"class_list":["post-43666","post","type-post","status-publish","format-standard","has-post-thumbnail","hentry","category-juventud-es","tag-belmonte-roma-es","tag-juventud-de-schoenstatt-es","tag-juventud-femenina-jf-es","tag-juventud-masculina-jm-es","tag-roma-es"],"yoast_head":"<!-- This site is optimized with the Yoast SEO Premium plugin v27.4 (Yoast SEO v27.4) - https:\/\/yoast.com\/product\/yoast-seo-premium-wordpress\/ -->\n<title>En 2025:Congreso Internacional de J\u00f3venes de Schoenstatt en Roma<\/title>\n<meta name=\"description\" content=\"Aquella Voz de Esperanza, que arde en nuestra Juventud de Schoenstatt, lleva a los j\u00f3venes a un Congreso internacional.\" \/>\n<meta name=\"robots\" content=\"index, follow, max-snippet:-1, max-image-preview:large, max-video-preview:-1\" \/>\n<link rel=\"canonical\" href=\"https:\/\/schoenstatt.com\/es\/en-2025-congreso-internacional-de-jovenes-de-schoenstatt-en-roma\/\" \/>\n<meta property=\"og:locale\" content=\"es_ES\" \/>\n<meta property=\"og:type\" content=\"article\" \/>\n<meta property=\"og:title\" content=\"En 2025:Congreso Internacional de J\u00f3venes de Schoenstatt en Roma\" \/>\n<meta property=\"og:description\" content=\"Aquella Voz de Esperanza, que arde en nuestra Juventud de Schoenstatt, lleva a los j\u00f3venes a un Congreso internacional.\" \/>\n<meta property=\"og:url\" content=\"https:\/\/schoenstatt.com\/es\/en-2025-congreso-internacional-de-jovenes-de-schoenstatt-en-roma\/\" \/>\n<meta property=\"og:site_name\" content=\"Schoenstatt\" \/>\n<meta property=\"article:published_time\" content=\"2025-02-28T02:03:00+00:00\" \/>\n<meta property=\"article:modified_time\" content=\"2025-08-21T02:09:37+00:00\" \/>\n<meta property=\"og:image\" content=\"https:\/\/schoenstatt.com\/wp-content\/uploads\/2025\/02\/schoenstatt-youth-1.jpg\" \/>\n\t<meta property=\"og:image:width\" content=\"2048\" \/>\n\t<meta property=\"og:image:height\" content=\"979\" \/>\n\t<meta property=\"og:image:type\" content=\"image\/jpeg\" \/>\n<meta name=\"author\" content=\"Karen Bueno\" \/>\n<meta name=\"twitter:card\" content=\"summary_large_image\" \/>\n<meta name=\"twitter:label1\" content=\"Escrito por\" \/>\n\t<meta name=\"twitter:data1\" content=\"Karen Bueno\" \/>\n\t<meta name=\"twitter:label2\" content=\"Tiempo de lectura\" \/>\n\t<meta name=\"twitter:data2\" content=\"4 minutos\" \/>\n<script type=\"application\/ld+json\" class=\"yoast-schema-graph\">{\"@context\":\"https:\\\/\\\/schema.org\",\"@graph\":[{\"@type\":\"Article\",\"@id\":\"https:\\\/\\\/schoenstatt.com\\\/es\\\/en-2025-congreso-internacional-de-jovenes-de-schoenstatt-en-roma\\\/#article\",\"isPartOf\":{\"@id\":\"https:\\\/\\\/schoenstatt.com\\\/es\\\/en-2025-congreso-internacional-de-jovenes-de-schoenstatt-en-roma\\\/\"},\"author\":{\"name\":\"Karen Bueno\",\"@id\":\"https:\\\/\\\/schoenstatt.com\\\/es\\\/#\\\/schema\\\/person\\\/5158877ad4acae98b34daaeef2a1ce6e\"},\"headline\":\"En 2025:Congreso Internacional de J\u00f3venes de Schoenstatt en Roma\",\"datePublished\":\"2025-02-28T02:03:00+00:00\",\"dateModified\":\"2025-08-21T02:09:37+00:00\",\"mainEntityOfPage\":{\"@id\":\"https:\\\/\\\/schoenstatt.com\\\/es\\\/en-2025-congreso-internacional-de-jovenes-de-schoenstatt-en-roma\\\/\"},\"wordCount\":754,\"publisher\":{\"@id\":\"https:\\\/\\\/schoenstatt.com\\\/es\\\/#organization\"},\"image\":{\"@id\":\"https:\\\/\\\/schoenstatt.com\\\/es\\\/en-2025-congreso-internacional-de-jovenes-de-schoenstatt-en-roma\\\/#primaryimage\"},\"thumbnailUrl\":\"https:\\\/\\\/schoenstatt.com\\\/wp-content\\\/uploads\\\/2025\\\/02\\\/schoenstatt-youth-1.jpg\",\"keywords\":[\"Belmonte - Roma\",\"Juventud de Schoenstatt\",\"Juventud Femenina - JF\",\"Juventud Masculina - JM\",\"Roma\"],\"articleSection\":[\"Juventud\"],\"inLanguage\":\"es\"},{\"@type\":\"WebPage\",\"@id\":\"https:\\\/\\\/schoenstatt.com\\\/es\\\/en-2025-congreso-internacional-de-jovenes-de-schoenstatt-en-roma\\\/\",\"url\":\"https:\\\/\\\/schoenstatt.com\\\/es\\\/en-2025-congreso-internacional-de-jovenes-de-schoenstatt-en-roma\\\/\",\"name\":\"En 2025:Congreso Internacional de J\u00f3venes de Schoenstatt en Roma\",\"isPartOf\":{\"@id\":\"https:\\\/\\\/schoenstatt.com\\\/es\\\/#website\"},\"primaryImageOfPage\":{\"@id\":\"https:\\\/\\\/schoenstatt.com\\\/es\\\/en-2025-congreso-internacional-de-jovenes-de-schoenstatt-en-roma\\\/#primaryimage\"},\"image\":{\"@id\":\"https:\\\/\\\/schoenstatt.com\\\/es\\\/en-2025-congreso-internacional-de-jovenes-de-schoenstatt-en-roma\\\/#primaryimage\"},\"thumbnailUrl\":\"https:\\\/\\\/schoenstatt.com\\\/wp-content\\\/uploads\\\/2025\\\/02\\\/schoenstatt-youth-1.jpg\",\"datePublished\":\"2025-02-28T02:03:00+00:00\",\"dateModified\":\"2025-08-21T02:09:37+00:00\",\"description\":\"Aquella Voz de Esperanza, que arde en nuestra Juventud de Schoenstatt, lleva a los j\u00f3venes a un Congreso internacional.\",\"breadcrumb\":{\"@id\":\"https:\\\/\\\/schoenstatt.com\\\/es\\\/en-2025-congreso-internacional-de-jovenes-de-schoenstatt-en-roma\\\/#breadcrumb\"},\"inLanguage\":\"es\",\"potentialAction\":[{\"@type\":\"ReadAction\",\"target\":[\"https:\\\/\\\/schoenstatt.com\\\/es\\\/en-2025-congreso-internacional-de-jovenes-de-schoenstatt-en-roma\\\/\"]}]},{\"@type\":\"ImageObject\",\"inLanguage\":\"es\",\"@id\":\"https:\\\/\\\/schoenstatt.com\\\/es\\\/en-2025-congreso-internacional-de-jovenes-de-schoenstatt-en-roma\\\/#primaryimage\",\"url\":\"https:\\\/\\\/schoenstatt.com\\\/wp-content\\\/uploads\\\/2025\\\/02\\\/schoenstatt-youth-1.jpg\",\"contentUrl\":\"https:\\\/\\\/schoenstatt.com\\\/wp-content\\\/uploads\\\/2025\\\/02\\\/schoenstatt-youth-1.jpg\",\"width\":2048,\"height\":979},{\"@type\":\"BreadcrumbList\",\"@id\":\"https:\\\/\\\/schoenstatt.com\\\/es\\\/en-2025-congreso-internacional-de-jovenes-de-schoenstatt-en-roma\\\/#breadcrumb\",\"itemListElement\":[{\"@type\":\"ListItem\",\"position\":1,\"name\":\"Portada\",\"item\":\"https:\\\/\\\/schoenstatt.com\\\/es\\\/home\\\/\"},{\"@type\":\"ListItem\",\"position\":2,\"name\":\"En 2025:Congreso Internacional de J\u00f3venes de Schoenstatt en Roma\"}]},{\"@type\":\"WebSite\",\"@id\":\"https:\\\/\\\/schoenstatt.com\\\/es\\\/#website\",\"url\":\"https:\\\/\\\/schoenstatt.com\\\/es\\\/\",\"name\":\"Schoenstatt\",\"description\":\"Apostolic Movement\",\"publisher\":{\"@id\":\"https:\\\/\\\/schoenstatt.com\\\/es\\\/#organization\"},\"potentialAction\":[{\"@type\":\"SearchAction\",\"target\":{\"@type\":\"EntryPoint\",\"urlTemplate\":\"https:\\\/\\\/schoenstatt.com\\\/es\\\/?s={search_term_string}\"},\"query-input\":{\"@type\":\"PropertyValueSpecification\",\"valueRequired\":true,\"valueName\":\"search_term_string\"}}],\"inLanguage\":\"es\"},{\"@type\":\"Organization\",\"@id\":\"https:\\\/\\\/schoenstatt.com\\\/es\\\/#organization\",\"name\":\"Schoenstatt\",\"url\":\"https:\\\/\\\/schoenstatt.com\\\/es\\\/\",\"logo\":{\"@type\":\"ImageObject\",\"inLanguage\":\"es\",\"@id\":\"https:\\\/\\\/schoenstatt.com\\\/es\\\/#\\\/schema\\\/logo\\\/image\\\/\",\"url\":\"https:\\\/\\\/schoenstatt.com\\\/wp-content\\\/uploads\\\/2025\\\/04\\\/logo-schoenstatt-white-696x696-1.png\",\"contentUrl\":\"https:\\\/\\\/schoenstatt.com\\\/wp-content\\\/uploads\\\/2025\\\/04\\\/logo-schoenstatt-white-696x696-1.png\",\"width\":696,\"height\":694,\"caption\":\"Schoenstatt\"},\"image\":{\"@id\":\"https:\\\/\\\/schoenstatt.com\\\/es\\\/#\\\/schema\\\/logo\\\/image\\\/\"}},{\"@type\":\"Person\",\"@id\":\"https:\\\/\\\/schoenstatt.com\\\/es\\\/#\\\/schema\\\/person\\\/5158877ad4acae98b34daaeef2a1ce6e\",\"name\":\"Karen Bueno\",\"image\":{\"@type\":\"ImageObject\",\"inLanguage\":\"es\",\"@id\":\"https:\\\/\\\/secure.gravatar.com\\\/avatar\\\/f9f4b823873154269d2b2130f195f6d41037dd0d7fc5f3cacb5c846bae70d66b?s=96&d=mm&r=g\",\"url\":\"https:\\\/\\\/secure.gravatar.com\\\/avatar\\\/f9f4b823873154269d2b2130f195f6d41037dd0d7fc5f3cacb5c846bae70d66b?s=96&d=mm&r=g\",\"contentUrl\":\"https:\\\/\\\/secure.gravatar.com\\\/avatar\\\/f9f4b823873154269d2b2130f195f6d41037dd0d7fc5f3cacb5c846bae70d66b?s=96&d=mm&r=g\",\"caption\":\"Karen Bueno\"},\"url\":\"https:\\\/\\\/schoenstatt.com\\\/es\\\/author\\\/karen-bueno\\\/\"}]}<\/script>\n<!-- \/ Yoast SEO Premium plugin. -->","yoast_head_json":{"title":"En 2025:Congreso Internacional de J\u00f3venes de Schoenstatt en Roma","description":"Aquella Voz de Esperanza, que arde en nuestra Juventud de Schoenstatt, lleva a los j\u00f3venes a un Congreso internacional.","robots":{"index":"index","follow":"follow","max-snippet":"max-snippet:-1","max-image-preview":"max-image-preview:large","max-video-preview":"max-video-preview:-1"},"canonical":"https:\/\/schoenstatt.com\/es\/en-2025-congreso-internacional-de-jovenes-de-schoenstatt-en-roma\/","og_locale":"es_ES","og_type":"article","og_title":"En 2025:Congreso Internacional de J\u00f3venes de Schoenstatt en Roma","og_description":"Aquella Voz de Esperanza, que arde en nuestra Juventud de Schoenstatt, lleva a los j\u00f3venes a un Congreso internacional.","og_url":"https:\/\/schoenstatt.com\/es\/en-2025-congreso-internacional-de-jovenes-de-schoenstatt-en-roma\/","og_site_name":"Schoenstatt","article_published_time":"2025-02-28T02:03:00+00:00","article_modified_time":"2025-08-21T02:09:37+00:00","og_image":[{"width":2048,"height":979,"url":"https:\/\/schoenstatt.com\/wp-content\/uploads\/2025\/02\/schoenstatt-youth-1.jpg","type":"image\/jpeg"}],"author":"Karen Bueno","twitter_card":"summary_large_image","twitter_misc":{"Escrito por":"Karen Bueno","Tiempo de lectura":"4 minutos"},"schema":{"@context":"https:\/\/schema.org","@graph":[{"@type":"Article","@id":"https:\/\/schoenstatt.com\/es\/en-2025-congreso-internacional-de-jovenes-de-schoenstatt-en-roma\/#article","isPartOf":{"@id":"https:\/\/schoenstatt.com\/es\/en-2025-congreso-internacional-de-jovenes-de-schoenstatt-en-roma\/"},"author":{"name":"Karen Bueno","@id":"https:\/\/schoenstatt.com\/es\/#\/schema\/person\/5158877ad4acae98b34daaeef2a1ce6e"},"headline":"En 2025:Congreso Internacional de J\u00f3venes de Schoenstatt en Roma","datePublished":"2025-02-28T02:03:00+00:00","dateModified":"2025-08-21T02:09:37+00:00","mainEntityOfPage":{"@id":"https:\/\/schoenstatt.com\/es\/en-2025-congreso-internacional-de-jovenes-de-schoenstatt-en-roma\/"},"wordCount":754,"publisher":{"@id":"https:\/\/schoenstatt.com\/es\/#organization"},"image":{"@id":"https:\/\/schoenstatt.com\/es\/en-2025-congreso-internacional-de-jovenes-de-schoenstatt-en-roma\/#primaryimage"},"thumbnailUrl":"https:\/\/schoenstatt.com\/wp-content\/uploads\/2025\/02\/schoenstatt-youth-1.jpg","keywords":["Belmonte - Roma","Juventud de Schoenstatt","Juventud Femenina - JF","Juventud Masculina - JM","Roma"],"articleSection":["Juventud"],"inLanguage":"es"},{"@type":"WebPage","@id":"https:\/\/schoenstatt.com\/es\/en-2025-congreso-internacional-de-jovenes-de-schoenstatt-en-roma\/","url":"https:\/\/schoenstatt.com\/es\/en-2025-congreso-internacional-de-jovenes-de-schoenstatt-en-roma\/","name":"En 2025:Congreso Internacional de J\u00f3venes de Schoenstatt en Roma","isPartOf":{"@id":"https:\/\/schoenstatt.com\/es\/#website"},"primaryImageOfPage":{"@id":"https:\/\/schoenstatt.com\/es\/en-2025-congreso-internacional-de-jovenes-de-schoenstatt-en-roma\/#primaryimage"},"image":{"@id":"https:\/\/schoenstatt.com\/es\/en-2025-congreso-internacional-de-jovenes-de-schoenstatt-en-roma\/#primaryimage"},"thumbnailUrl":"https:\/\/schoenstatt.com\/wp-content\/uploads\/2025\/02\/schoenstatt-youth-1.jpg","datePublished":"2025-02-28T02:03:00+00:00","dateModified":"2025-08-21T02:09:37+00:00","description":"Aquella Voz de Esperanza, que arde en nuestra Juventud de Schoenstatt, lleva a los j\u00f3venes a un Congreso internacional.","breadcrumb":{"@id":"https:\/\/schoenstatt.com\/es\/en-2025-congreso-internacional-de-jovenes-de-schoenstatt-en-roma\/#breadcrumb"},"inLanguage":"es","potentialAction":[{"@type":"ReadAction","target":["https:\/\/schoenstatt.com\/es\/en-2025-congreso-internacional-de-jovenes-de-schoenstatt-en-roma\/"]}]},{"@type":"ImageObject","inLanguage":"es","@id":"https:\/\/schoenstatt.com\/es\/en-2025-congreso-internacional-de-jovenes-de-schoenstatt-en-roma\/#primaryimage","url":"https:\/\/schoenstatt.com\/wp-content\/uploads\/2025\/02\/schoenstatt-youth-1.jpg","contentUrl":"https:\/\/schoenstatt.com\/wp-content\/uploads\/2025\/02\/schoenstatt-youth-1.jpg","width":2048,"height":979},{"@type":"BreadcrumbList","@id":"https:\/\/schoenstatt.com\/es\/en-2025-congreso-internacional-de-jovenes-de-schoenstatt-en-roma\/#breadcrumb","itemListElement":[{"@type":"ListItem","position":1,"name":"Portada","item":"https:\/\/schoenstatt.com\/es\/home\/"},{"@type":"ListItem","position":2,"name":"En 2025:Congreso Internacional de J\u00f3venes de Schoenstatt en Roma"}]},{"@type":"WebSite","@id":"https:\/\/schoenstatt.com\/es\/#website","url":"https:\/\/schoenstatt.com\/es\/","name":"Schoenstatt","description":"Apostolic Movement","publisher":{"@id":"https:\/\/schoenstatt.com\/es\/#organization"},"potentialAction":[{"@type":"SearchAction","target":{"@type":"EntryPoint","urlTemplate":"https:\/\/schoenstatt.com\/es\/?s={search_term_string}"},"query-input":{"@type":"PropertyValueSpecification","valueRequired":true,"valueName":"search_term_string"}}],"inLanguage":"es"},{"@type":"Organization","@id":"https:\/\/schoenstatt.com\/es\/#organization","name":"Schoenstatt","url":"https:\/\/schoenstatt.com\/es\/","logo":{"@type":"ImageObject","inLanguage":"es","@id":"https:\/\/schoenstatt.com\/es\/#\/schema\/logo\/image\/","url":"https:\/\/schoenstatt.com\/wp-content\/uploads\/2025\/04\/logo-schoenstatt-white-696x696-1.png","contentUrl":"https:\/\/schoenstatt.com\/wp-content\/uploads\/2025\/04\/logo-schoenstatt-white-696x696-1.png","width":696,"height":694,"caption":"Schoenstatt"},"image":{"@id":"https:\/\/schoenstatt.com\/es\/#\/schema\/logo\/image\/"}},{"@type":"Person","@id":"https:\/\/schoenstatt.com\/es\/#\/schema\/person\/5158877ad4acae98b34daaeef2a1ce6e","name":"Karen Bueno","image":{"@type":"ImageObject","inLanguage":"es","@id":"https:\/\/secure.gravatar.com\/avatar\/f9f4b823873154269d2b2130f195f6d41037dd0d7fc5f3cacb5c846bae70d66b?s=96&d=mm&r=g","url":"https:\/\/secure.gravatar.com\/avatar\/f9f4b823873154269d2b2130f195f6d41037dd0d7fc5f3cacb5c846bae70d66b?s=96&d=mm&r=g","contentUrl":"https:\/\/secure.gravatar.com\/avatar\/f9f4b823873154269d2b2130f195f6d41037dd0d7fc5f3cacb5c846bae70d66b?s=96&d=mm&r=g","caption":"Karen Bueno"},"url":"https:\/\/schoenstatt.com\/es\/author\/karen-bueno\/"}]}},"_links":{"self":[{"href":"https:\/\/schoenstatt.com\/es\/wp-json\/wp\/v2\/posts\/43666","targetHints":{"allow":["GET"]}}],"collection":[{"href":"https:\/\/schoenstatt.com\/es\/wp-json\/wp\/v2\/posts"}],"about":[{"href":"https:\/\/schoenstatt.com\/es\/wp-json\/wp\/v2\/types\/post"}],"author":[{"embeddable":true,"href":"https:\/\/schoenstatt.com\/es\/wp-json\/wp\/v2\/users\/3"}],"replies":[{"embeddable":true,"href":"https:\/\/schoenstatt.com\/es\/wp-json\/wp\/v2\/comments?post=43666"}],"version-history":[{"count":8,"href":"https:\/\/schoenstatt.com\/es\/wp-json\/wp\/v2\/posts\/43666\/revisions"}],"predecessor-version":[{"id":63012,"href":"https:\/\/schoenstatt.com\/es\/wp-json\/wp\/v2\/posts\/43666\/revisions\/63012"}],"wp:featuredmedia":[{"embeddable":true,"href":"https:\/\/schoenstatt.com\/es\/wp-json\/wp\/v2\/media\/43651"}],"wp:attachment":[{"href":"https:\/\/schoenstatt.com\/es\/wp-json\/wp\/v2\/media?parent=43666"}],"wp:term":[{"taxonomy":"category","embeddable":true,"href":"https:\/\/schoenstatt.com\/es\/wp-json\/wp\/v2\/categories?post=43666"},{"taxonomy":"post_tag","embeddable":true,"href":"https:\/\/schoenstatt.com\/es\/wp-json\/wp\/v2\/tags?post=43666"}],"curies":[{"name":"wp","href":"https:\/\/api.w.org\/{rel}","templated":true}]}}