{"id":43633,"date":"2025-02-26T13:05:56","date_gmt":"2025-02-26T12:05:56","guid":{"rendered":"https:\/\/schoenstatt.com\/?p=43633"},"modified":"2025-08-22T14:06:22","modified_gmt":"2025-08-22T12:06:22","slug":"la-provincia-argentina-del-chaco-tendra-su-primer-santuario-en-agosto","status":"publish","type":"post","link":"https:\/\/schoenstatt.com\/es\/la-provincia-argentina-del-chaco-tendra-su-primer-santuario-en-agosto\/","title":{"rendered":"La provincia argentina del Chaco tendr\u00e1 su primer santuario en agosto"},"content":{"rendered":"\n<p>El 24 de agosto de 2025, Argentina conquistar\u00e1 su 24\u00ba Santuario Filial de Schoenstatt. Con emoci\u00f3n, gratitud y alegr\u00eda, la Familia de Schoenstatt se prepara para la bendici\u00f3n del Santuario de Resistencia, el primero de la Provincia del Chaco.<\/p>\n\n\n\n<p>El terreno est\u00e1 ubicado en la zona norte de la ciudad, en un \u00e1rea residencial en desarrollo, con varias casas en construcci\u00f3n a su alrededor. Este logro es el hito de muchos a\u00f1os de espera, sue\u00f1o y planificaci\u00f3n para invitar a la MTA a habitar en su lugarcito especial.<\/p>\n\n\n\n<p>Como Familia de Schoenstatt del Chaco, invitamos a todos los que quieran sumarse a esta preparaci\u00f3n a enviar sus contribuciones al Capital de Gracias a trav\u00e9s de este formulario: <a href=\"https:\/\/forms.gle\/MQajnNv9ijDPwrwd7\" target=\"_blank\" rel=\"noreferrer noopener\"><mark style=\"background-color:rgba(0, 0, 0, 0);color:#d59904\" class=\"has-inline-color\">link<\/mark><\/a><\/p>\n\n\n\n<p>A continuaci\u00f3n, recordamos los momentos m\u00e1s importantes que marcaron nuestro camino de conquista hacia el d\u00eda so\u00f1ado.<\/p>\n\n\n\n<figure class=\"wp-block-image size-large\"><img decoding=\"async\" src=\"https:\/\/schoenstatt.com\/wp-content\/uploads\/2025\/02\/Chaco-Shrine-Argentina-2-1024x611.jpg\" alt=\"\" class=\"wp-image-43611\"\/><\/figure>\n\n\n\n<p><strong><strong>13 de mayo de 2023: Bendici\u00f3n del terreno<\/strong><\/strong><\/p>\n\n\n\n<p><em>\u201cDios act\u00faa en la historia por medio de instrumentos. \u00c9l elige corazones disponibles para llevar adelante su obra.\u201d<\/em><\/p>\n\n\n\n<p>En una emotiva celebraci\u00f3n, la Familia de Schoenstatt de Resistencia recibi\u00f3 con gratitud el lugar donde se levantar\u00eda el Santuario. Con la bendici\u00f3n del terreno, se dio el primer paso en este camino de fe, confiando en la Divina Providencia y en la intercesi\u00f3n de la Mater.<\/p>\n\n\n\n<p><strong><strong>18 de diciembre de 2023: Primera palada<\/strong><\/strong><\/p>\n\n\n\n<p><em>\u00abLa grandeza de nuestra misi\u00f3n depende de la profundidad con que nos entregamos a ella.\u201d<\/em><\/p>\n\n\n\n<p>Con profunda emoci\u00f3n, la comunidad se reuni\u00f3 para dar inicio simb\u00f3lico a la construcci\u00f3n. La primera palada represent\u00f3 el esfuerzo y la entrega de todos los que, con su oraci\u00f3n y sacrificio, fueron cimentando espiritualmente el futuro Santuario.<\/p>\n\n\n\n<p><strong><strong>Mayo de 2024: Inicio de obras en el predio<\/strong><\/strong><\/p>\n\n\n\n<p><em>\u00abDios se manifiesta en la vida diaria; quien sabe leer los signos de los tiempos descubre su presencia y su voluntad.\u201d<\/em><\/p>\n\n\n\n<p>La espera y el trabajo dieron sus frutos: en mayo de 2024 comenzaron las obras. Cada piedra colocada fue signo de la fe de una familia que, en Alianza con Mar\u00eda, se comprometi\u00f3 a construirle una morada en Resistencia.<\/p>\n\n\n\n<p><strong><strong>20 de julio de 2024: Bendici\u00f3n de la Ermita del Terru\u00f1o<\/strong><\/strong><\/p>\n\n\n\n<p><em>\u00abCada obra de Dios tiene un lugar de origen humilde, pero con el tiempo se convierte en un refugio de gracias.\u201d<\/em><\/p>\n\n\n\n<p>Antes de que el Santuario se hiciera visible, la Familia de Schoenstatt recibi\u00f3 un regalo especial: la Ermita del Terru\u00f1o. Bendecida el 20 de julio de 2024, esta peque\u00f1a morada de la Mater fue el primer espacio sagrado donde la comunidad pudo acudir a rezar y ofrecer sus esfuerzos por la construcci\u00f3n del Santuario<\/p>\n\n\n\n<p><strong><strong>18 de octubre de 2024: Bendici\u00f3n de los cimientos y Piedra Fundamental<\/strong><\/strong><\/p>\n\n\n\n<p><em>\u00abLo que construimos en Dios y para Dios permanece para siempre.\u201d<\/em><\/p>\n\n\n\n<p>En la festividad de la Alianza de Amor, la Familia de Schoenstatt de Resistencia vivi\u00f3 un momento trascendental: la bendici\u00f3n de los cimientos y la colocaci\u00f3n de la piedra fundamental del Santuario. Este acto fue la manifestaci\u00f3n concreta de que el sue\u00f1o avanzaba con firmeza, sostenido por la confianza en la Mater.<\/p>\n\n\n\n<figure class=\"wp-block-image size-large\"><img decoding=\"async\" src=\"https:\/\/schoenstatt.com\/wp-content\/uploads\/2025\/02\/Chaco-Shrine-Argentina-5-1024x485.jpg\" alt=\"\" class=\"wp-image-43616\"\/><\/figure>\n\n\n\n<p><strong><strong>14 de diciembre de 2024: Bendici\u00f3n del SUM<\/strong><\/strong><\/p>\n\n\n\n<p><em>\u00abUnidos en comunidad, formamos una familia donde Cristo y Mar\u00eda son el centro.\u201d<\/em><\/p>\n\n\n\n<p>Como parte del crecimiento del proyecto, en diciembre de 2024 se bendijo el Sal\u00f3n de Usos M\u00faltiples (SUM), un espacio pensado para la formaci\u00f3n, la comuni\u00f3n fraterna y el servicio a la comunidad.<\/p>\n\n\n\n<p><strong><strong>24 de agosto de 2025: Bendici\u00f3n del Santuario<\/strong><\/strong><\/p>\n\n\n\n<p><em>\u00abLos Santuarios de Schoenstatt son faros de gracia en el mundo, donde la Mater educa y transforma corazones.\u201d<\/em><\/p>\n\n\n\n<p>Despu\u00e9s de a\u00f1os de oraci\u00f3n, entrega y esfuerzo, el gran d\u00eda llegar\u00e1 el 24 de agosto de 2025, cuando el Santuario de Schoenstatt en Resistencia sea bendecido. En este d\u00eda de gracia, la Familia de Mar\u00eda celebrar\u00e1 con j\u00fabilo la realizaci\u00f3n del sue\u00f1o: un lugar donde la Mater podr\u00e1 reinar, educar y transformar corazones.<\/p>\n\n\n\n<figure class=\"wp-block-image size-large\"><img decoding=\"async\" src=\"https:\/\/schoenstatt.com\/wp-content\/uploads\/2025\/02\/Chaco-Shrine-Argentina-3-1024x722.jpg\" alt=\"\" class=\"wp-image-43621\"\/><\/figure>\n\n\n\n<p><strong><strong>\u00abFamilia de Mar\u00eda, en Alianza, construye Tu Santuario\u00bb<\/strong><\/strong><\/p>\n\n\n\n<p>Cada etapa de esta conquista ha sido una manifestaci\u00f3n del amor y la fidelidad de la comunidad. Con la certeza de que el Santuario ser\u00e1 un faro de luz y bendici\u00f3n para muchos, la Familia de Schoenstatt sigue caminando en Alianza, construyendo juntos la casa de la Mater en Resistencia.<\/p>\n\n\n\n<figure class=\"wp-block-image size-large\"><img decoding=\"async\" src=\"https:\/\/schoenstatt.com\/wp-content\/uploads\/2025\/02\/Chaco-Shrine-Argentina-4-1024x566.jpg\" alt=\"\" class=\"wp-image-43626\"\/><\/figure>\n","protected":false},"excerpt":{"rendered":"<p>El 24 de agosto de 2025 se inaugurar\u00e1 el 23\u00ba Santuario de Schoenstatt en la Argentina y el primero en la Provincia del Chaco.<\/p>\n","protected":false},"author":3,"featured_media":43606,"comment_status":"closed","ping_status":"closed","sticky":false,"template":"","format":"standard","meta":{"footnotes":""},"categories":[864,790],"tags":[1199,1116],"class_list":["post-43633","post","type-post","status-publish","format-standard","has-post-thumbnail","hentry","category-america-es","category-paises-es","tag-santuario-de-schoenstatt-es","tag-schoenstatt-argentina-es"],"yoast_head":"<!-- This site is optimized with the Yoast SEO Premium plugin v27.4 (Yoast SEO v27.4) - https:\/\/yoast.com\/product\/yoast-seo-premium-wordpress\/ -->\n<title>La provincia argentina del Chaco tendr\u00e1 su primer santuario en agosto<\/title>\n<meta name=\"description\" content=\"El 24 de agosto de 2025 se inaugurar\u00e1 el 24\u00ba Santuario de Schoenstatt en la Argentina y el primero en la Provincia del Chaco.\" \/>\n<meta name=\"robots\" content=\"index, follow, max-snippet:-1, max-image-preview:large, max-video-preview:-1\" \/>\n<link rel=\"canonical\" href=\"https:\/\/schoenstatt.com\/es\/la-provincia-argentina-del-chaco-tendra-su-primer-santuario-en-agosto\/\" \/>\n<meta property=\"og:locale\" content=\"es_ES\" \/>\n<meta property=\"og:type\" content=\"article\" \/>\n<meta property=\"og:title\" content=\"La provincia argentina del Chaco tendr\u00e1 su primer santuario en agosto\" \/>\n<meta property=\"og:description\" content=\"El 24 de agosto de 2025 se inaugurar\u00e1 el 24\u00ba Santuario de Schoenstatt en la Argentina y el primero en la Provincia del Chaco.\" \/>\n<meta property=\"og:url\" content=\"https:\/\/schoenstatt.com\/es\/la-provincia-argentina-del-chaco-tendra-su-primer-santuario-en-agosto\/\" \/>\n<meta property=\"og:site_name\" content=\"Schoenstatt\" \/>\n<meta property=\"article:published_time\" content=\"2025-02-26T12:05:56+00:00\" \/>\n<meta property=\"article:modified_time\" content=\"2025-08-22T12:06:22+00:00\" \/>\n<meta property=\"og:image\" content=\"https:\/\/schoenstatt.com\/wp-content\/uploads\/2025\/02\/Chaco-Shrine-Argentina-1.jpg\" \/>\n\t<meta property=\"og:image:width\" content=\"1280\" \/>\n\t<meta property=\"og:image:height\" content=\"615\" \/>\n\t<meta property=\"og:image:type\" content=\"image\/jpeg\" \/>\n<meta name=\"author\" content=\"Karen Bueno\" \/>\n<meta name=\"twitter:card\" content=\"summary_large_image\" \/>\n<meta name=\"twitter:label1\" content=\"Escrito por\" \/>\n\t<meta name=\"twitter:data1\" content=\"Karen Bueno\" \/>\n\t<meta name=\"twitter:label2\" content=\"Tiempo de lectura\" \/>\n\t<meta name=\"twitter:data2\" content=\"5 minutos\" \/>\n<script type=\"application\/ld+json\" class=\"yoast-schema-graph\">{\"@context\":\"https:\\\/\\\/schema.org\",\"@graph\":[{\"@type\":\"Article\",\"@id\":\"https:\\\/\\\/schoenstatt.com\\\/es\\\/la-provincia-argentina-del-chaco-tendra-su-primer-santuario-en-agosto\\\/#article\",\"isPartOf\":{\"@id\":\"https:\\\/\\\/schoenstatt.com\\\/es\\\/la-provincia-argentina-del-chaco-tendra-su-primer-santuario-en-agosto\\\/\"},\"author\":{\"name\":\"Karen Bueno\",\"@id\":\"https:\\\/\\\/schoenstatt.com\\\/es\\\/#\\\/schema\\\/person\\\/5158877ad4acae98b34daaeef2a1ce6e\"},\"headline\":\"La provincia argentina del Chaco tendr\u00e1 su primer santuario en agosto\",\"datePublished\":\"2025-02-26T12:05:56+00:00\",\"dateModified\":\"2025-08-22T12:06:22+00:00\",\"mainEntityOfPage\":{\"@id\":\"https:\\\/\\\/schoenstatt.com\\\/es\\\/la-provincia-argentina-del-chaco-tendra-su-primer-santuario-en-agosto\\\/\"},\"wordCount\":733,\"publisher\":{\"@id\":\"https:\\\/\\\/schoenstatt.com\\\/es\\\/#organization\"},\"image\":{\"@id\":\"https:\\\/\\\/schoenstatt.com\\\/es\\\/la-provincia-argentina-del-chaco-tendra-su-primer-santuario-en-agosto\\\/#primaryimage\"},\"thumbnailUrl\":\"https:\\\/\\\/schoenstatt.com\\\/wp-content\\\/uploads\\\/2025\\\/02\\\/Chaco-Shrine-Argentina-1.jpg\",\"keywords\":[\"Santuario de Schoenstatt\",\"Schoenstatt Argentina\"],\"articleSection\":[\"Am\u00e9rica\",\"Pa\u00edses\"],\"inLanguage\":\"es\"},{\"@type\":\"WebPage\",\"@id\":\"https:\\\/\\\/schoenstatt.com\\\/es\\\/la-provincia-argentina-del-chaco-tendra-su-primer-santuario-en-agosto\\\/\",\"url\":\"https:\\\/\\\/schoenstatt.com\\\/es\\\/la-provincia-argentina-del-chaco-tendra-su-primer-santuario-en-agosto\\\/\",\"name\":\"La provincia argentina del Chaco tendr\u00e1 su primer santuario en agosto\",\"isPartOf\":{\"@id\":\"https:\\\/\\\/schoenstatt.com\\\/es\\\/#website\"},\"primaryImageOfPage\":{\"@id\":\"https:\\\/\\\/schoenstatt.com\\\/es\\\/la-provincia-argentina-del-chaco-tendra-su-primer-santuario-en-agosto\\\/#primaryimage\"},\"image\":{\"@id\":\"https:\\\/\\\/schoenstatt.com\\\/es\\\/la-provincia-argentina-del-chaco-tendra-su-primer-santuario-en-agosto\\\/#primaryimage\"},\"thumbnailUrl\":\"https:\\\/\\\/schoenstatt.com\\\/wp-content\\\/uploads\\\/2025\\\/02\\\/Chaco-Shrine-Argentina-1.jpg\",\"datePublished\":\"2025-02-26T12:05:56+00:00\",\"dateModified\":\"2025-08-22T12:06:22+00:00\",\"description\":\"El 24 de agosto de 2025 se inaugurar\u00e1 el 24\u00ba Santuario de Schoenstatt en la Argentina y el primero en la Provincia del Chaco.\",\"breadcrumb\":{\"@id\":\"https:\\\/\\\/schoenstatt.com\\\/es\\\/la-provincia-argentina-del-chaco-tendra-su-primer-santuario-en-agosto\\\/#breadcrumb\"},\"inLanguage\":\"es\",\"potentialAction\":[{\"@type\":\"ReadAction\",\"target\":[\"https:\\\/\\\/schoenstatt.com\\\/es\\\/la-provincia-argentina-del-chaco-tendra-su-primer-santuario-en-agosto\\\/\"]}]},{\"@type\":\"ImageObject\",\"inLanguage\":\"es\",\"@id\":\"https:\\\/\\\/schoenstatt.com\\\/es\\\/la-provincia-argentina-del-chaco-tendra-su-primer-santuario-en-agosto\\\/#primaryimage\",\"url\":\"https:\\\/\\\/schoenstatt.com\\\/wp-content\\\/uploads\\\/2025\\\/02\\\/Chaco-Shrine-Argentina-1.jpg\",\"contentUrl\":\"https:\\\/\\\/schoenstatt.com\\\/wp-content\\\/uploads\\\/2025\\\/02\\\/Chaco-Shrine-Argentina-1.jpg\",\"width\":1280,\"height\":615},{\"@type\":\"BreadcrumbList\",\"@id\":\"https:\\\/\\\/schoenstatt.com\\\/es\\\/la-provincia-argentina-del-chaco-tendra-su-primer-santuario-en-agosto\\\/#breadcrumb\",\"itemListElement\":[{\"@type\":\"ListItem\",\"position\":1,\"name\":\"Portada\",\"item\":\"https:\\\/\\\/schoenstatt.com\\\/es\\\/home\\\/\"},{\"@type\":\"ListItem\",\"position\":2,\"name\":\"La provincia argentina del Chaco tendr\u00e1 su primer santuario en agosto\"}]},{\"@type\":\"WebSite\",\"@id\":\"https:\\\/\\\/schoenstatt.com\\\/es\\\/#website\",\"url\":\"https:\\\/\\\/schoenstatt.com\\\/es\\\/\",\"name\":\"Schoenstatt\",\"description\":\"Apostolic Movement\",\"publisher\":{\"@id\":\"https:\\\/\\\/schoenstatt.com\\\/es\\\/#organization\"},\"potentialAction\":[{\"@type\":\"SearchAction\",\"target\":{\"@type\":\"EntryPoint\",\"urlTemplate\":\"https:\\\/\\\/schoenstatt.com\\\/es\\\/?s={search_term_string}\"},\"query-input\":{\"@type\":\"PropertyValueSpecification\",\"valueRequired\":true,\"valueName\":\"search_term_string\"}}],\"inLanguage\":\"es\"},{\"@type\":\"Organization\",\"@id\":\"https:\\\/\\\/schoenstatt.com\\\/es\\\/#organization\",\"name\":\"Schoenstatt\",\"url\":\"https:\\\/\\\/schoenstatt.com\\\/es\\\/\",\"logo\":{\"@type\":\"ImageObject\",\"inLanguage\":\"es\",\"@id\":\"https:\\\/\\\/schoenstatt.com\\\/es\\\/#\\\/schema\\\/logo\\\/image\\\/\",\"url\":\"https:\\\/\\\/schoenstatt.com\\\/wp-content\\\/uploads\\\/2025\\\/04\\\/logo-schoenstatt-white-696x696-1.png\",\"contentUrl\":\"https:\\\/\\\/schoenstatt.com\\\/wp-content\\\/uploads\\\/2025\\\/04\\\/logo-schoenstatt-white-696x696-1.png\",\"width\":696,\"height\":694,\"caption\":\"Schoenstatt\"},\"image\":{\"@id\":\"https:\\\/\\\/schoenstatt.com\\\/es\\\/#\\\/schema\\\/logo\\\/image\\\/\"}},{\"@type\":\"Person\",\"@id\":\"https:\\\/\\\/schoenstatt.com\\\/es\\\/#\\\/schema\\\/person\\\/5158877ad4acae98b34daaeef2a1ce6e\",\"name\":\"Karen Bueno\",\"image\":{\"@type\":\"ImageObject\",\"inLanguage\":\"es\",\"@id\":\"https:\\\/\\\/secure.gravatar.com\\\/avatar\\\/f9f4b823873154269d2b2130f195f6d41037dd0d7fc5f3cacb5c846bae70d66b?s=96&d=mm&r=g\",\"url\":\"https:\\\/\\\/secure.gravatar.com\\\/avatar\\\/f9f4b823873154269d2b2130f195f6d41037dd0d7fc5f3cacb5c846bae70d66b?s=96&d=mm&r=g\",\"contentUrl\":\"https:\\\/\\\/secure.gravatar.com\\\/avatar\\\/f9f4b823873154269d2b2130f195f6d41037dd0d7fc5f3cacb5c846bae70d66b?s=96&d=mm&r=g\",\"caption\":\"Karen Bueno\"},\"url\":\"https:\\\/\\\/schoenstatt.com\\\/es\\\/author\\\/karen-bueno\\\/\"}]}<\/script>\n<!-- \/ Yoast SEO Premium plugin. -->","yoast_head_json":{"title":"La provincia argentina del Chaco tendr\u00e1 su primer santuario en agosto","description":"El 24 de agosto de 2025 se inaugurar\u00e1 el 24\u00ba Santuario de Schoenstatt en la Argentina y el primero en la Provincia del Chaco.","robots":{"index":"index","follow":"follow","max-snippet":"max-snippet:-1","max-image-preview":"max-image-preview:large","max-video-preview":"max-video-preview:-1"},"canonical":"https:\/\/schoenstatt.com\/es\/la-provincia-argentina-del-chaco-tendra-su-primer-santuario-en-agosto\/","og_locale":"es_ES","og_type":"article","og_title":"La provincia argentina del Chaco tendr\u00e1 su primer santuario en agosto","og_description":"El 24 de agosto de 2025 se inaugurar\u00e1 el 24\u00ba Santuario de Schoenstatt en la Argentina y el primero en la Provincia del Chaco.","og_url":"https:\/\/schoenstatt.com\/es\/la-provincia-argentina-del-chaco-tendra-su-primer-santuario-en-agosto\/","og_site_name":"Schoenstatt","article_published_time":"2025-02-26T12:05:56+00:00","article_modified_time":"2025-08-22T12:06:22+00:00","og_image":[{"width":1280,"height":615,"url":"https:\/\/schoenstatt.com\/wp-content\/uploads\/2025\/02\/Chaco-Shrine-Argentina-1.jpg","type":"image\/jpeg"}],"author":"Karen Bueno","twitter_card":"summary_large_image","twitter_misc":{"Escrito por":"Karen Bueno","Tiempo de lectura":"5 minutos"},"schema":{"@context":"https:\/\/schema.org","@graph":[{"@type":"Article","@id":"https:\/\/schoenstatt.com\/es\/la-provincia-argentina-del-chaco-tendra-su-primer-santuario-en-agosto\/#article","isPartOf":{"@id":"https:\/\/schoenstatt.com\/es\/la-provincia-argentina-del-chaco-tendra-su-primer-santuario-en-agosto\/"},"author":{"name":"Karen Bueno","@id":"https:\/\/schoenstatt.com\/es\/#\/schema\/person\/5158877ad4acae98b34daaeef2a1ce6e"},"headline":"La provincia argentina del Chaco tendr\u00e1 su primer santuario en agosto","datePublished":"2025-02-26T12:05:56+00:00","dateModified":"2025-08-22T12:06:22+00:00","mainEntityOfPage":{"@id":"https:\/\/schoenstatt.com\/es\/la-provincia-argentina-del-chaco-tendra-su-primer-santuario-en-agosto\/"},"wordCount":733,"publisher":{"@id":"https:\/\/schoenstatt.com\/es\/#organization"},"image":{"@id":"https:\/\/schoenstatt.com\/es\/la-provincia-argentina-del-chaco-tendra-su-primer-santuario-en-agosto\/#primaryimage"},"thumbnailUrl":"https:\/\/schoenstatt.com\/wp-content\/uploads\/2025\/02\/Chaco-Shrine-Argentina-1.jpg","keywords":["Santuario de Schoenstatt","Schoenstatt Argentina"],"articleSection":["Am\u00e9rica","Pa\u00edses"],"inLanguage":"es"},{"@type":"WebPage","@id":"https:\/\/schoenstatt.com\/es\/la-provincia-argentina-del-chaco-tendra-su-primer-santuario-en-agosto\/","url":"https:\/\/schoenstatt.com\/es\/la-provincia-argentina-del-chaco-tendra-su-primer-santuario-en-agosto\/","name":"La provincia argentina del Chaco tendr\u00e1 su primer santuario en agosto","isPartOf":{"@id":"https:\/\/schoenstatt.com\/es\/#website"},"primaryImageOfPage":{"@id":"https:\/\/schoenstatt.com\/es\/la-provincia-argentina-del-chaco-tendra-su-primer-santuario-en-agosto\/#primaryimage"},"image":{"@id":"https:\/\/schoenstatt.com\/es\/la-provincia-argentina-del-chaco-tendra-su-primer-santuario-en-agosto\/#primaryimage"},"thumbnailUrl":"https:\/\/schoenstatt.com\/wp-content\/uploads\/2025\/02\/Chaco-Shrine-Argentina-1.jpg","datePublished":"2025-02-26T12:05:56+00:00","dateModified":"2025-08-22T12:06:22+00:00","description":"El 24 de agosto de 2025 se inaugurar\u00e1 el 24\u00ba Santuario de Schoenstatt en la Argentina y el primero en la Provincia del Chaco.","breadcrumb":{"@id":"https:\/\/schoenstatt.com\/es\/la-provincia-argentina-del-chaco-tendra-su-primer-santuario-en-agosto\/#breadcrumb"},"inLanguage":"es","potentialAction":[{"@type":"ReadAction","target":["https:\/\/schoenstatt.com\/es\/la-provincia-argentina-del-chaco-tendra-su-primer-santuario-en-agosto\/"]}]},{"@type":"ImageObject","inLanguage":"es","@id":"https:\/\/schoenstatt.com\/es\/la-provincia-argentina-del-chaco-tendra-su-primer-santuario-en-agosto\/#primaryimage","url":"https:\/\/schoenstatt.com\/wp-content\/uploads\/2025\/02\/Chaco-Shrine-Argentina-1.jpg","contentUrl":"https:\/\/schoenstatt.com\/wp-content\/uploads\/2025\/02\/Chaco-Shrine-Argentina-1.jpg","width":1280,"height":615},{"@type":"BreadcrumbList","@id":"https:\/\/schoenstatt.com\/es\/la-provincia-argentina-del-chaco-tendra-su-primer-santuario-en-agosto\/#breadcrumb","itemListElement":[{"@type":"ListItem","position":1,"name":"Portada","item":"https:\/\/schoenstatt.com\/es\/home\/"},{"@type":"ListItem","position":2,"name":"La provincia argentina del Chaco tendr\u00e1 su primer santuario en agosto"}]},{"@type":"WebSite","@id":"https:\/\/schoenstatt.com\/es\/#website","url":"https:\/\/schoenstatt.com\/es\/","name":"Schoenstatt","description":"Apostolic Movement","publisher":{"@id":"https:\/\/schoenstatt.com\/es\/#organization"},"potentialAction":[{"@type":"SearchAction","target":{"@type":"EntryPoint","urlTemplate":"https:\/\/schoenstatt.com\/es\/?s={search_term_string}"},"query-input":{"@type":"PropertyValueSpecification","valueRequired":true,"valueName":"search_term_string"}}],"inLanguage":"es"},{"@type":"Organization","@id":"https:\/\/schoenstatt.com\/es\/#organization","name":"Schoenstatt","url":"https:\/\/schoenstatt.com\/es\/","logo":{"@type":"ImageObject","inLanguage":"es","@id":"https:\/\/schoenstatt.com\/es\/#\/schema\/logo\/image\/","url":"https:\/\/schoenstatt.com\/wp-content\/uploads\/2025\/04\/logo-schoenstatt-white-696x696-1.png","contentUrl":"https:\/\/schoenstatt.com\/wp-content\/uploads\/2025\/04\/logo-schoenstatt-white-696x696-1.png","width":696,"height":694,"caption":"Schoenstatt"},"image":{"@id":"https:\/\/schoenstatt.com\/es\/#\/schema\/logo\/image\/"}},{"@type":"Person","@id":"https:\/\/schoenstatt.com\/es\/#\/schema\/person\/5158877ad4acae98b34daaeef2a1ce6e","name":"Karen Bueno","image":{"@type":"ImageObject","inLanguage":"es","@id":"https:\/\/secure.gravatar.com\/avatar\/f9f4b823873154269d2b2130f195f6d41037dd0d7fc5f3cacb5c846bae70d66b?s=96&d=mm&r=g","url":"https:\/\/secure.gravatar.com\/avatar\/f9f4b823873154269d2b2130f195f6d41037dd0d7fc5f3cacb5c846bae70d66b?s=96&d=mm&r=g","contentUrl":"https:\/\/secure.gravatar.com\/avatar\/f9f4b823873154269d2b2130f195f6d41037dd0d7fc5f3cacb5c846bae70d66b?s=96&d=mm&r=g","caption":"Karen Bueno"},"url":"https:\/\/schoenstatt.com\/es\/author\/karen-bueno\/"}]}},"_links":{"self":[{"href":"https:\/\/schoenstatt.com\/es\/wp-json\/wp\/v2\/posts\/43633","targetHints":{"allow":["GET"]}}],"collection":[{"href":"https:\/\/schoenstatt.com\/es\/wp-json\/wp\/v2\/posts"}],"about":[{"href":"https:\/\/schoenstatt.com\/es\/wp-json\/wp\/v2\/types\/post"}],"author":[{"embeddable":true,"href":"https:\/\/schoenstatt.com\/es\/wp-json\/wp\/v2\/users\/3"}],"replies":[{"embeddable":true,"href":"https:\/\/schoenstatt.com\/es\/wp-json\/wp\/v2\/comments?post=43633"}],"version-history":[{"count":2,"href":"https:\/\/schoenstatt.com\/es\/wp-json\/wp\/v2\/posts\/43633\/revisions"}],"predecessor-version":[{"id":63187,"href":"https:\/\/schoenstatt.com\/es\/wp-json\/wp\/v2\/posts\/43633\/revisions\/63187"}],"wp:featuredmedia":[{"embeddable":true,"href":"https:\/\/schoenstatt.com\/es\/wp-json\/wp\/v2\/media\/43606"}],"wp:attachment":[{"href":"https:\/\/schoenstatt.com\/es\/wp-json\/wp\/v2\/media?parent=43633"}],"wp:term":[{"taxonomy":"category","embeddable":true,"href":"https:\/\/schoenstatt.com\/es\/wp-json\/wp\/v2\/categories?post=43633"},{"taxonomy":"post_tag","embeddable":true,"href":"https:\/\/schoenstatt.com\/es\/wp-json\/wp\/v2\/tags?post=43633"}],"curies":[{"name":"wp","href":"https:\/\/api.w.org\/{rel}","templated":true}]}}