{"id":43556,"date":"2025-02-24T14:44:31","date_gmt":"2025-02-24T13:44:31","guid":{"rendered":"https:\/\/schoenstatt.com\/?p=43556"},"modified":"2025-10-30T15:51:45","modified_gmt":"2025-10-30T14:51:45","slug":"primer-cafe-de-las-parejas-en-ponte-a-egola-toscana-italia","status":"publish","type":"post","link":"https:\/\/schoenstatt.com\/es\/primer-cafe-de-las-parejas-en-ponte-a-egola-toscana-italia\/","title":{"rendered":"Primer Caf\u00e9 de las Parejas en Ponte a Egola, Toscana, Italia"},"content":{"rendered":"\n<p>El 15 de febrero de 2025 se celebr\u00f3 en la parroquia del Sagrado Coraz\u00f3n de Ponte a Egola, un peque\u00f1o pueblo en la provincia de Pisa (Toscana), Italia, la primera reuni\u00f3n del Caf\u00e9 de las Parejas, un camino de crecimiento espiritual para parejas inspirado en la pedagog\u00eda de Schoenstatt. Participaron ocho parejas, con edades a partir de los 20 a\u00f1os, con la asistencia del P. Pablo P\u00e9rez, director del Movimiento de Schoenstatt en Italia, y la presencia del p\u00e1rroco P. Federico Cifelli.<\/p>\n\n\n\n<p>El Caf\u00e9 de las Parejas es un proyecto de algunos matrimonios de la <a href=\"https:\/\/schoenstatt.com\/es\/comunidades\/family\/federacion-apostolica-de-familias-internacional-de-schoenstatt\/\">Federaci\u00f3n de Familias<\/a> del Movimiento Apost\u00f3lico de Schoenstatt de Roma y consiste en una experiencia de cinco encuentros, de aproximadamente una o dos horas, en los que se abordan temas cuyas iniciales forman la palabra \u00abCaff\u00e8\u00bb: Compartir, Alianza, Fidelidad, Fecundidad y Educaci\u00f3n (autoeducaci\u00f3n).<\/p>\n\n\n\n<figure class=\"wp-block-image size-large\"><img decoding=\"async\" src=\"https:\/\/schoenstatt.com\/wp-content\/uploads\/2025\/02\/Caffe-delle-Coppie-Schoenstatt-Italy-2-1024x577.jpg\" alt=\"Dialogue between couples\" class=\"wp-image-43541\"\/><\/figure>\n\n\n\n<h3 class=\"wp-block-heading\" id=\"h-momento-de-dialogo\">Momento de di\u00e1logo<\/h3>\n\n\n\n<p>La reuni\u00f3n comenz\u00f3 con una breve presentaci\u00f3n de los participantes, la exposici\u00f3n del tema tratado en la sesi\u00f3n y la propuesta de una o dos preguntas sobre las que cada pareja deb\u00eda mantener un di\u00e1logo, seguido de una fase final de intercambio de impresiones y reflexiones sobre el tema (el di\u00e1logo de cada pareja permanece en el \u00e1mbito privado). Durante este momento de di\u00e1logo, los organizadores ofrecieron un refrigerio (caf\u00e9, bebidas, dulces, etc.) en las mesas individuales de cada pareja, con m\u00fasica rom\u00e1ntica de fondo, una vela encendida sobre la mesa decorada con un mantel y otros adornos.<\/p>\n\n\n\n<p>El objetivo del Caf\u00e9 de las Parejas es crear las condiciones para un di\u00e1logo efectivo que representa un primer momento de mantenimiento y fortalecimiento de la relaci\u00f3n (como autoeducaci\u00f3n). El objetivo es que la pareja afronte peri\u00f3dicamente los cambios que surgen en su vida y en la familia (elecci\u00f3n o cambio de vivienda, crecimiento de los hijos, cambio de lugar de trabajo, etc.). En estas situaciones, la conexi\u00f3n entre ambos puede fortalecerse al afrontar juntos las dificultades y novedades, pero tambi\u00e9n pueden surgir fracturas en la alianza que den lugar a rivalidades y\/o tensiones donde antes hab\u00eda unidad y entendimiento. Por ello, la pareja debe realizar peri\u00f3dicamente un mantenimiento de su relaci\u00f3n, al igual que llevamos el coche al mec\u00e1nico para las revisiones peri\u00f3dicas.<\/p>\n\n\n\n<figure class=\"wp-block-image size-large\"><img decoding=\"async\" src=\"https:\/\/schoenstatt.com\/wp-content\/uploads\/2025\/02\/Caffe-delle-Coppie-Schoenstatt-Italy-3-1024x634.jpg\" alt=\"Dialogue between couples\" class=\"wp-image-43546\"\/><\/figure>\n\n\n\n<h3 class=\"wp-block-heading\" id=\"h-formar-grupos-de-liga\">Formar grupos de Liga<\/h3>\n\n\n\n<p>El Caf\u00e9 de las Parejas tambi\u00e9n busca familiarizar a los participantes con la espiritualidad del Movimiento de Schoenstatt, que tiene una vocaci\u00f3n espec\u00edfica en la pastoral familiar (en el sentido m\u00e1s estricto, no solo de la familia en su conjunto). Se trata de una propuesta de crecimiento espiritual y relacional para las parejas, presentada de manera ligera y atractiva, que permite experimentar momentos de di\u00e1logo que, en la vida cotidiana, muchas veces resultan dif\u00edciles de encontrar. Este camino a dos es original dentro de la oferta pastoral de la Iglesia cat\u00f3lica y tambi\u00e9n est\u00e1 dise\u00f1ado para ofrecer un camino de Alianza de Pareja, que permite a los participantes formar una comunidad de parejas (la <a href=\"https:\/\/schoenstatt.com\/es\/comunidades\/family\/liga-de-familias\/\">liga de familias<\/a>) al final del proceso.<\/p>\n\n\n\n<h3 class=\"wp-block-heading\" id=\"h-la-importancia-de-compartir\">La importancia de compartir<\/h3>\n\n\n\n<p>El tema de la primera reuni\u00f3n del Caf\u00e9 de las Parejas fue el compartir.<\/p>\n\n\n\n<p>La relaci\u00f3n entre ambos se define como una profunda amistad [1] o, mejor a\u00fan, como una alianza basada en la aceptaci\u00f3n de las diferencias y limitaciones de cada uno, as\u00ed como en el reconocimiento de sus respectivas cualidades. [2]<\/p>\n\n\n\n<p>Los conceptos de amistad y alianza, aplicados a la relaci\u00f3n conyugal, han estado presentes durante mucho tiempo en las orientaciones pastorales de la Iglesia cat\u00f3lica. En particular, la Gaudium et Spes se\u00f1ala que \u00abla \u00edntima comunidad de vida y amor conyugal, fundada por el Creador y dotada de leyes propias, se establece mediante la alianza de los esposos\u00bb. [3]<\/p>\n\n\n\n<p>Es necesario que la experiencia de alianza en la pareja crezca y madure en relaci\u00f3n con las dimensiones fundamentales de la vida en com\u00fan (gesti\u00f3n del dinero, relaciones con la familia de origen, administraci\u00f3n del tiempo libre, vida sexual, etc.).<\/p>\n\n\n\n<figure class=\"wp-block-image size-large\"><img decoding=\"async\" src=\"https:\/\/schoenstatt.com\/wp-content\/uploads\/2025\/02\/Caffe-delle-Coppie-Schoenstatt-Italy-4-799x1024.jpg\" alt=\"Caff\u00e8 delle Coppie - Schoenstatt Italy\" class=\"wp-image-43551\"\/><\/figure>\n\n\n\n<p>As\u00ed, la experiencia de compartir en la pareja puede entenderse desde diferentes perspectivas:<\/p>\n\n\n\n<p>&#8211; Tambi\u00e9n se refiere a la comunicaci\u00f3n y\/o escucha de los propios sentimientos o de los del c\u00f3nyuge, que representan una parte esencial de la persona.<\/p>\n\n\n\n<p>&#8211; Como di\u00e1logo y confrontaci\u00f3n sobre la propia experiencia y las necesidades individuales y de pareja. Lo opuesto a esto ser\u00eda el silencio, que se produce cuando los esposos ya no dialogan ni discuten, sino que viven largos periodos sin comunicaci\u00f3n entre ellos.<\/p>\n\n\n\n<p>&#8211; Tambi\u00e9n se incluyen las actividades que se comparten (gesti\u00f3n del hogar y la familia, tiempo libre, cuenta bancaria, etc.). No se trata solo de necesidades b\u00e1sicas, sino especialmente de aquellas que ata\u00f1en a la vida de pareja: la necesidad de ser amado, aceptado, escuchado y de pertenencia, pero tambi\u00e9n la necesidad de realizaci\u00f3n personal, de relaciones sociales y de ser uno mismo. Lo contrario a esto ser\u00edan las llamadas \u00abvidas paralelas\u00bb, donde los c\u00f3nyuges tienen \u00e1mbitos de gratificaci\u00f3n separados, con amistades distintas, diferentes actividades de ocio y vacaciones por separado.<\/p>\n\n\n\n<p>&#8211; Tambi\u00e9n pueden decidir y llevar a cabo juntos proyectos a corto y largo plazo, como la elecci\u00f3n de las vacaciones, la compra de un coche, la educaci\u00f3n de los hijos, la compra de una casa, los cambios de trabajo, etc.<\/p>\n\n\n\n<p>&#8211; Como una experiencia espiritual en com\u00fan, que implica participar conjuntamente en caminos de crecimiento espiritual y\/o cultural.<\/p>\n\n\n\n<p><em>\u00abSe necesita tiempo para dialogar, para abrazarse sin prisa, para compartir proyectos, para escucharse, para mirarse, para apreciarse, para fortalecer la relaci\u00f3n\u00bb.<\/em> [4]<\/p>\n\n\n\n<p><strong>Traducci\u00f3n: <\/strong>Eugenio Minici<br><strong>Revisi\u00f3n:<\/strong> Hna. M. Lourdes Mac\u00edas<\/p>\n\n\n\n<p><em>[1] L. Baldascini &#8211; M.S. Mastrangelo, La creativit\u00e0 nella teoria e nella terapia di coppia, Milano, Franco Angeli srl, 2022, p. 118: \u00abUna buena amistad es la base de las parejas que resisten el paso del tiempo, porque cada uno sabe que puede contar con el otro, como si siempre tuviera un buen amigo a su lado. Y para ser buenos aliados, no hace falta ser iguales; al contrario, la alianza es m\u00e1s fuerte cuando dos parejas diferentes consiguen complementarse.\u00bb<\/em><\/p>\n\n\n\n<p><em>[2] Julie Schwartz Gottman &#8211; John M. Gottman, Dieci principi per una terapia di coppia efficace, Milano, Raffaello Cortina Editore, 2017, p. XV, \u00abPensando en la amistad, se puede ver c\u00f3mo las amistades cercanas requieren reconocer las diferencias y promover una comunicaci\u00f3n atenta y respetuosa. Cada persona es \u00fanica y cada una puede relacionarse con la otra sin perder su identidad. \u2026 Reforzar la amistad y la intimidad favorece enormemente la integraci\u00f3n en nuestras relaciones. V\u00e9ase tambi\u00e9n John Gottman, Inteligencia emocional para parejas, Mil\u00e1n, Bur, 1999, p. 28.<\/em><\/p>\n\n\n\n<p><em>[3] Pablo VI, Gaudium et Spes, Roma, San Pedro, 7 de diciembre de 1965, p\u00e1rrafo 48.<\/em><\/p>\n\n\n\n<p><em>[4] Papa Francisco, Amoris laetitia, Roma, San Pedro, 19.3.2016, p\u00e1rrafo 224.<\/em><\/p>\n","protected":false},"excerpt":{"rendered":"<p>Se celebr\u00f3 en Ponte a Egola, Toscana, la primera reuni\u00f3n del Caf\u00e9 de las Parejas, un camino de crecimiento espiritual para matrimonios.<\/p>\n","protected":false},"author":3,"featured_media":43536,"comment_status":"closed","ping_status":"closed","sticky":false,"template":"","format":"standard","meta":{"footnotes":""},"categories":[873,877],"tags":[631,1184],"class_list":["post-43556","post","type-post","status-publish","format-standard","has-post-thumbnail","hentry","category-europa-es","category-familia-es","tag-familia-es","tag-schoenstatt-italia-es"],"yoast_head":"<!-- This site is optimized with the Yoast SEO Premium plugin v27.4 (Yoast SEO v27.5) - https:\/\/yoast.com\/product\/yoast-seo-premium-wordpress\/ -->\n<title>Primer Caf\u00e9 de las Parejas en Ponte a Egola, Toscana, Italia - Schoenstatt<\/title>\n<meta name=\"description\" content=\"Se celebr\u00f3 en Ponte a Egola, Toscana, la primera reuni\u00f3n del Caf\u00e9 de las Parejas, un camino de crecimiento espiritual para matrimonios.\" \/>\n<meta name=\"robots\" content=\"index, follow, max-snippet:-1, max-image-preview:large, max-video-preview:-1\" \/>\n<link rel=\"canonical\" href=\"https:\/\/schoenstatt.com\/es\/primer-cafe-de-las-parejas-en-ponte-a-egola-toscana-italia\/\" \/>\n<meta property=\"og:locale\" content=\"es_ES\" \/>\n<meta property=\"og:type\" content=\"article\" \/>\n<meta property=\"og:title\" content=\"Primer Caf\u00e9 de las Parejas en Ponte a Egola, Toscana, Italia\" \/>\n<meta property=\"og:description\" content=\"Se celebr\u00f3 en Ponte a Egola, Toscana, la primera reuni\u00f3n del Caf\u00e9 de las Parejas, un camino de crecimiento espiritual para matrimonios.\" \/>\n<meta property=\"og:url\" content=\"https:\/\/schoenstatt.com\/es\/primer-cafe-de-las-parejas-en-ponte-a-egola-toscana-italia\/\" \/>\n<meta property=\"og:site_name\" content=\"Schoenstatt\" \/>\n<meta property=\"article:published_time\" content=\"2025-02-24T13:44:31+00:00\" \/>\n<meta property=\"article:modified_time\" content=\"2025-10-30T14:51:45+00:00\" \/>\n<meta property=\"og:image\" content=\"https:\/\/schoenstatt.com\/wp-content\/uploads\/2025\/02\/Caffe-delle-Coppie-Schoenstatt-Italy-1.webp\" \/>\n\t<meta property=\"og:image:width\" content=\"1920\" \/>\n\t<meta property=\"og:image:height\" content=\"967\" \/>\n\t<meta property=\"og:image:type\" content=\"image\/webp\" \/>\n<meta name=\"author\" content=\"Karen Bueno\" \/>\n<meta name=\"twitter:card\" content=\"summary_large_image\" \/>\n<meta name=\"twitter:label1\" content=\"Escrito por\" \/>\n\t<meta name=\"twitter:data1\" content=\"Karen Bueno\" \/>\n\t<meta name=\"twitter:label2\" content=\"Tiempo de lectura\" \/>\n\t<meta name=\"twitter:data2\" content=\"7 minutos\" \/>\n<script type=\"application\/ld+json\" class=\"yoast-schema-graph\">{\"@context\":\"https:\\\/\\\/schema.org\",\"@graph\":[{\"@type\":\"Article\",\"@id\":\"https:\\\/\\\/schoenstatt.com\\\/es\\\/primer-cafe-de-las-parejas-en-ponte-a-egola-toscana-italia\\\/#article\",\"isPartOf\":{\"@id\":\"https:\\\/\\\/schoenstatt.com\\\/es\\\/primer-cafe-de-las-parejas-en-ponte-a-egola-toscana-italia\\\/\"},\"author\":{\"name\":\"Karen Bueno\",\"@id\":\"https:\\\/\\\/schoenstatt.com\\\/es\\\/#\\\/schema\\\/person\\\/5158877ad4acae98b34daaeef2a1ce6e\"},\"headline\":\"Primer Caf\u00e9 de las Parejas en Ponte a Egola, Toscana, Italia\",\"datePublished\":\"2025-02-24T13:44:31+00:00\",\"dateModified\":\"2025-10-30T14:51:45+00:00\",\"mainEntityOfPage\":{\"@id\":\"https:\\\/\\\/schoenstatt.com\\\/es\\\/primer-cafe-de-las-parejas-en-ponte-a-egola-toscana-italia\\\/\"},\"wordCount\":1182,\"publisher\":{\"@id\":\"https:\\\/\\\/schoenstatt.com\\\/es\\\/#organization\"},\"image\":{\"@id\":\"https:\\\/\\\/schoenstatt.com\\\/es\\\/primer-cafe-de-las-parejas-en-ponte-a-egola-toscana-italia\\\/#primaryimage\"},\"thumbnailUrl\":\"https:\\\/\\\/schoenstatt.com\\\/wp-content\\\/uploads\\\/2025\\\/02\\\/Caffe-delle-Coppie-Schoenstatt-Italy-1.webp\",\"keywords\":[\"Familia\",\"Schoenstatt Italia\"],\"articleSection\":[\"Europa\",\"Familia\"],\"inLanguage\":\"es\"},{\"@type\":\"WebPage\",\"@id\":\"https:\\\/\\\/schoenstatt.com\\\/es\\\/primer-cafe-de-las-parejas-en-ponte-a-egola-toscana-italia\\\/\",\"url\":\"https:\\\/\\\/schoenstatt.com\\\/es\\\/primer-cafe-de-las-parejas-en-ponte-a-egola-toscana-italia\\\/\",\"name\":\"Primer Caf\u00e9 de las Parejas en Ponte a Egola, Toscana, Italia - Schoenstatt\",\"isPartOf\":{\"@id\":\"https:\\\/\\\/schoenstatt.com\\\/es\\\/#website\"},\"primaryImageOfPage\":{\"@id\":\"https:\\\/\\\/schoenstatt.com\\\/es\\\/primer-cafe-de-las-parejas-en-ponte-a-egola-toscana-italia\\\/#primaryimage\"},\"image\":{\"@id\":\"https:\\\/\\\/schoenstatt.com\\\/es\\\/primer-cafe-de-las-parejas-en-ponte-a-egola-toscana-italia\\\/#primaryimage\"},\"thumbnailUrl\":\"https:\\\/\\\/schoenstatt.com\\\/wp-content\\\/uploads\\\/2025\\\/02\\\/Caffe-delle-Coppie-Schoenstatt-Italy-1.webp\",\"datePublished\":\"2025-02-24T13:44:31+00:00\",\"dateModified\":\"2025-10-30T14:51:45+00:00\",\"description\":\"Se celebr\u00f3 en Ponte a Egola, Toscana, la primera reuni\u00f3n del Caf\u00e9 de las Parejas, un camino de crecimiento espiritual para matrimonios.\",\"breadcrumb\":{\"@id\":\"https:\\\/\\\/schoenstatt.com\\\/es\\\/primer-cafe-de-las-parejas-en-ponte-a-egola-toscana-italia\\\/#breadcrumb\"},\"inLanguage\":\"es\",\"potentialAction\":[{\"@type\":\"ReadAction\",\"target\":[\"https:\\\/\\\/schoenstatt.com\\\/es\\\/primer-cafe-de-las-parejas-en-ponte-a-egola-toscana-italia\\\/\"]}]},{\"@type\":\"ImageObject\",\"inLanguage\":\"es\",\"@id\":\"https:\\\/\\\/schoenstatt.com\\\/es\\\/primer-cafe-de-las-parejas-en-ponte-a-egola-toscana-italia\\\/#primaryimage\",\"url\":\"https:\\\/\\\/schoenstatt.com\\\/wp-content\\\/uploads\\\/2025\\\/02\\\/Caffe-delle-Coppie-Schoenstatt-Italy-1.webp\",\"contentUrl\":\"https:\\\/\\\/schoenstatt.com\\\/wp-content\\\/uploads\\\/2025\\\/02\\\/Caffe-delle-Coppie-Schoenstatt-Italy-1.webp\",\"width\":1920,\"height\":967,\"caption\":\"Presentation of the topic\"},{\"@type\":\"BreadcrumbList\",\"@id\":\"https:\\\/\\\/schoenstatt.com\\\/es\\\/primer-cafe-de-las-parejas-en-ponte-a-egola-toscana-italia\\\/#breadcrumb\",\"itemListElement\":[{\"@type\":\"ListItem\",\"position\":1,\"name\":\"Portada\",\"item\":\"https:\\\/\\\/schoenstatt.com\\\/es\\\/home\\\/\"},{\"@type\":\"ListItem\",\"position\":2,\"name\":\"Primer Caf\u00e9 de las Parejas en Ponte a Egola, Toscana, Italia\"}]},{\"@type\":\"WebSite\",\"@id\":\"https:\\\/\\\/schoenstatt.com\\\/es\\\/#website\",\"url\":\"https:\\\/\\\/schoenstatt.com\\\/es\\\/\",\"name\":\"Schoenstatt\",\"description\":\"Apostolic Movement\",\"publisher\":{\"@id\":\"https:\\\/\\\/schoenstatt.com\\\/es\\\/#organization\"},\"potentialAction\":[{\"@type\":\"SearchAction\",\"target\":{\"@type\":\"EntryPoint\",\"urlTemplate\":\"https:\\\/\\\/schoenstatt.com\\\/es\\\/?s={search_term_string}\"},\"query-input\":{\"@type\":\"PropertyValueSpecification\",\"valueRequired\":true,\"valueName\":\"search_term_string\"}}],\"inLanguage\":\"es\"},{\"@type\":\"Organization\",\"@id\":\"https:\\\/\\\/schoenstatt.com\\\/es\\\/#organization\",\"name\":\"Schoenstatt\",\"url\":\"https:\\\/\\\/schoenstatt.com\\\/es\\\/\",\"logo\":{\"@type\":\"ImageObject\",\"inLanguage\":\"es\",\"@id\":\"https:\\\/\\\/schoenstatt.com\\\/es\\\/#\\\/schema\\\/logo\\\/image\\\/\",\"url\":\"https:\\\/\\\/schoenstatt.com\\\/wp-content\\\/uploads\\\/2025\\\/04\\\/logo-schoenstatt-white-696x696-1.png\",\"contentUrl\":\"https:\\\/\\\/schoenstatt.com\\\/wp-content\\\/uploads\\\/2025\\\/04\\\/logo-schoenstatt-white-696x696-1.png\",\"width\":696,\"height\":694,\"caption\":\"Schoenstatt\"},\"image\":{\"@id\":\"https:\\\/\\\/schoenstatt.com\\\/es\\\/#\\\/schema\\\/logo\\\/image\\\/\"}},{\"@type\":\"Person\",\"@id\":\"https:\\\/\\\/schoenstatt.com\\\/es\\\/#\\\/schema\\\/person\\\/5158877ad4acae98b34daaeef2a1ce6e\",\"name\":\"Karen Bueno\",\"image\":{\"@type\":\"ImageObject\",\"inLanguage\":\"es\",\"@id\":\"https:\\\/\\\/secure.gravatar.com\\\/avatar\\\/f9f4b823873154269d2b2130f195f6d41037dd0d7fc5f3cacb5c846bae70d66b?s=96&d=mm&r=g\",\"url\":\"https:\\\/\\\/secure.gravatar.com\\\/avatar\\\/f9f4b823873154269d2b2130f195f6d41037dd0d7fc5f3cacb5c846bae70d66b?s=96&d=mm&r=g\",\"contentUrl\":\"https:\\\/\\\/secure.gravatar.com\\\/avatar\\\/f9f4b823873154269d2b2130f195f6d41037dd0d7fc5f3cacb5c846bae70d66b?s=96&d=mm&r=g\",\"caption\":\"Karen Bueno\"},\"url\":\"https:\\\/\\\/schoenstatt.com\\\/es\\\/author\\\/karen-bueno\\\/\"}]}<\/script>\n<!-- \/ Yoast SEO Premium plugin. -->","yoast_head_json":{"title":"Primer Caf\u00e9 de las Parejas en Ponte a Egola, Toscana, Italia - Schoenstatt","description":"Se celebr\u00f3 en Ponte a Egola, Toscana, la primera reuni\u00f3n del Caf\u00e9 de las Parejas, un camino de crecimiento espiritual para matrimonios.","robots":{"index":"index","follow":"follow","max-snippet":"max-snippet:-1","max-image-preview":"max-image-preview:large","max-video-preview":"max-video-preview:-1"},"canonical":"https:\/\/schoenstatt.com\/es\/primer-cafe-de-las-parejas-en-ponte-a-egola-toscana-italia\/","og_locale":"es_ES","og_type":"article","og_title":"Primer Caf\u00e9 de las Parejas en Ponte a Egola, Toscana, Italia","og_description":"Se celebr\u00f3 en Ponte a Egola, Toscana, la primera reuni\u00f3n del Caf\u00e9 de las Parejas, un camino de crecimiento espiritual para matrimonios.","og_url":"https:\/\/schoenstatt.com\/es\/primer-cafe-de-las-parejas-en-ponte-a-egola-toscana-italia\/","og_site_name":"Schoenstatt","article_published_time":"2025-02-24T13:44:31+00:00","article_modified_time":"2025-10-30T14:51:45+00:00","og_image":[{"width":1920,"height":967,"url":"https:\/\/schoenstatt.com\/wp-content\/uploads\/2025\/02\/Caffe-delle-Coppie-Schoenstatt-Italy-1.webp","type":"image\/webp"}],"author":"Karen Bueno","twitter_card":"summary_large_image","twitter_misc":{"Escrito por":"Karen Bueno","Tiempo de lectura":"7 minutos"},"schema":{"@context":"https:\/\/schema.org","@graph":[{"@type":"Article","@id":"https:\/\/schoenstatt.com\/es\/primer-cafe-de-las-parejas-en-ponte-a-egola-toscana-italia\/#article","isPartOf":{"@id":"https:\/\/schoenstatt.com\/es\/primer-cafe-de-las-parejas-en-ponte-a-egola-toscana-italia\/"},"author":{"name":"Karen Bueno","@id":"https:\/\/schoenstatt.com\/es\/#\/schema\/person\/5158877ad4acae98b34daaeef2a1ce6e"},"headline":"Primer Caf\u00e9 de las Parejas en Ponte a Egola, Toscana, Italia","datePublished":"2025-02-24T13:44:31+00:00","dateModified":"2025-10-30T14:51:45+00:00","mainEntityOfPage":{"@id":"https:\/\/schoenstatt.com\/es\/primer-cafe-de-las-parejas-en-ponte-a-egola-toscana-italia\/"},"wordCount":1182,"publisher":{"@id":"https:\/\/schoenstatt.com\/es\/#organization"},"image":{"@id":"https:\/\/schoenstatt.com\/es\/primer-cafe-de-las-parejas-en-ponte-a-egola-toscana-italia\/#primaryimage"},"thumbnailUrl":"https:\/\/schoenstatt.com\/wp-content\/uploads\/2025\/02\/Caffe-delle-Coppie-Schoenstatt-Italy-1.webp","keywords":["Familia","Schoenstatt Italia"],"articleSection":["Europa","Familia"],"inLanguage":"es"},{"@type":"WebPage","@id":"https:\/\/schoenstatt.com\/es\/primer-cafe-de-las-parejas-en-ponte-a-egola-toscana-italia\/","url":"https:\/\/schoenstatt.com\/es\/primer-cafe-de-las-parejas-en-ponte-a-egola-toscana-italia\/","name":"Primer Caf\u00e9 de las Parejas en Ponte a Egola, Toscana, Italia - Schoenstatt","isPartOf":{"@id":"https:\/\/schoenstatt.com\/es\/#website"},"primaryImageOfPage":{"@id":"https:\/\/schoenstatt.com\/es\/primer-cafe-de-las-parejas-en-ponte-a-egola-toscana-italia\/#primaryimage"},"image":{"@id":"https:\/\/schoenstatt.com\/es\/primer-cafe-de-las-parejas-en-ponte-a-egola-toscana-italia\/#primaryimage"},"thumbnailUrl":"https:\/\/schoenstatt.com\/wp-content\/uploads\/2025\/02\/Caffe-delle-Coppie-Schoenstatt-Italy-1.webp","datePublished":"2025-02-24T13:44:31+00:00","dateModified":"2025-10-30T14:51:45+00:00","description":"Se celebr\u00f3 en Ponte a Egola, Toscana, la primera reuni\u00f3n del Caf\u00e9 de las Parejas, un camino de crecimiento espiritual para matrimonios.","breadcrumb":{"@id":"https:\/\/schoenstatt.com\/es\/primer-cafe-de-las-parejas-en-ponte-a-egola-toscana-italia\/#breadcrumb"},"inLanguage":"es","potentialAction":[{"@type":"ReadAction","target":["https:\/\/schoenstatt.com\/es\/primer-cafe-de-las-parejas-en-ponte-a-egola-toscana-italia\/"]}]},{"@type":"ImageObject","inLanguage":"es","@id":"https:\/\/schoenstatt.com\/es\/primer-cafe-de-las-parejas-en-ponte-a-egola-toscana-italia\/#primaryimage","url":"https:\/\/schoenstatt.com\/wp-content\/uploads\/2025\/02\/Caffe-delle-Coppie-Schoenstatt-Italy-1.webp","contentUrl":"https:\/\/schoenstatt.com\/wp-content\/uploads\/2025\/02\/Caffe-delle-Coppie-Schoenstatt-Italy-1.webp","width":1920,"height":967,"caption":"Presentation of the topic"},{"@type":"BreadcrumbList","@id":"https:\/\/schoenstatt.com\/es\/primer-cafe-de-las-parejas-en-ponte-a-egola-toscana-italia\/#breadcrumb","itemListElement":[{"@type":"ListItem","position":1,"name":"Portada","item":"https:\/\/schoenstatt.com\/es\/home\/"},{"@type":"ListItem","position":2,"name":"Primer Caf\u00e9 de las Parejas en Ponte a Egola, Toscana, Italia"}]},{"@type":"WebSite","@id":"https:\/\/schoenstatt.com\/es\/#website","url":"https:\/\/schoenstatt.com\/es\/","name":"Schoenstatt","description":"Apostolic Movement","publisher":{"@id":"https:\/\/schoenstatt.com\/es\/#organization"},"potentialAction":[{"@type":"SearchAction","target":{"@type":"EntryPoint","urlTemplate":"https:\/\/schoenstatt.com\/es\/?s={search_term_string}"},"query-input":{"@type":"PropertyValueSpecification","valueRequired":true,"valueName":"search_term_string"}}],"inLanguage":"es"},{"@type":"Organization","@id":"https:\/\/schoenstatt.com\/es\/#organization","name":"Schoenstatt","url":"https:\/\/schoenstatt.com\/es\/","logo":{"@type":"ImageObject","inLanguage":"es","@id":"https:\/\/schoenstatt.com\/es\/#\/schema\/logo\/image\/","url":"https:\/\/schoenstatt.com\/wp-content\/uploads\/2025\/04\/logo-schoenstatt-white-696x696-1.png","contentUrl":"https:\/\/schoenstatt.com\/wp-content\/uploads\/2025\/04\/logo-schoenstatt-white-696x696-1.png","width":696,"height":694,"caption":"Schoenstatt"},"image":{"@id":"https:\/\/schoenstatt.com\/es\/#\/schema\/logo\/image\/"}},{"@type":"Person","@id":"https:\/\/schoenstatt.com\/es\/#\/schema\/person\/5158877ad4acae98b34daaeef2a1ce6e","name":"Karen Bueno","image":{"@type":"ImageObject","inLanguage":"es","@id":"https:\/\/secure.gravatar.com\/avatar\/f9f4b823873154269d2b2130f195f6d41037dd0d7fc5f3cacb5c846bae70d66b?s=96&d=mm&r=g","url":"https:\/\/secure.gravatar.com\/avatar\/f9f4b823873154269d2b2130f195f6d41037dd0d7fc5f3cacb5c846bae70d66b?s=96&d=mm&r=g","contentUrl":"https:\/\/secure.gravatar.com\/avatar\/f9f4b823873154269d2b2130f195f6d41037dd0d7fc5f3cacb5c846bae70d66b?s=96&d=mm&r=g","caption":"Karen Bueno"},"url":"https:\/\/schoenstatt.com\/es\/author\/karen-bueno\/"}]}},"_links":{"self":[{"href":"https:\/\/schoenstatt.com\/es\/wp-json\/wp\/v2\/posts\/43556","targetHints":{"allow":["GET"]}}],"collection":[{"href":"https:\/\/schoenstatt.com\/es\/wp-json\/wp\/v2\/posts"}],"about":[{"href":"https:\/\/schoenstatt.com\/es\/wp-json\/wp\/v2\/types\/post"}],"author":[{"embeddable":true,"href":"https:\/\/schoenstatt.com\/es\/wp-json\/wp\/v2\/users\/3"}],"replies":[{"embeddable":true,"href":"https:\/\/schoenstatt.com\/es\/wp-json\/wp\/v2\/comments?post=43556"}],"version-history":[{"count":6,"href":"https:\/\/schoenstatt.com\/es\/wp-json\/wp\/v2\/posts\/43556\/revisions"}],"predecessor-version":[{"id":65856,"href":"https:\/\/schoenstatt.com\/es\/wp-json\/wp\/v2\/posts\/43556\/revisions\/65856"}],"wp:featuredmedia":[{"embeddable":true,"href":"https:\/\/schoenstatt.com\/es\/wp-json\/wp\/v2\/media\/43536"}],"wp:attachment":[{"href":"https:\/\/schoenstatt.com\/es\/wp-json\/wp\/v2\/media?parent=43556"}],"wp:term":[{"taxonomy":"category","embeddable":true,"href":"https:\/\/schoenstatt.com\/es\/wp-json\/wp\/v2\/categories?post=43556"},{"taxonomy":"post_tag","embeddable":true,"href":"https:\/\/schoenstatt.com\/es\/wp-json\/wp\/v2\/tags?post=43556"}],"curies":[{"name":"wp","href":"https:\/\/api.w.org\/{rel}","templated":true}]}}