{"id":43507,"date":"2025-02-21T13:41:30","date_gmt":"2025-02-21T12:41:30","guid":{"rendered":"https:\/\/schoenstatt.com\/?p=43507"},"modified":"2025-08-16T03:37:28","modified_gmt":"2025-08-16T01:37:28","slug":"programa-oficial-de-la-coronacion-en-belmonte-consulte-aqui","status":"publish","type":"post","link":"https:\/\/schoenstatt.com\/es\/programa-oficial-de-la-coronacion-en-belmonte-consulte-aqui\/","title":{"rendered":"Programa oficial de la coronaci\u00f3n en Belmonte: Consulte aqu\u00ed"},"content":{"rendered":"\n<p>El <a href=\"https:\/\/www.roma-belmonte.info\/es\/\" target=\"_blank\" rel=\"noreferrer noopener\">Centro Internacional de Schoenstatt en Belmonte<\/a> ha anunciado las actividades que tendr\u00e1n lugar en el contexto de la coronaci\u00f3n, incluyendo la novena y los actos del 7 al 9 de junio de 2025. V\u00e9ase m\u00e1s abajo:<\/p>\n\n\n\n<div style=\"height:56px\" aria-hidden=\"true\" class=\"wp-block-spacer\"><\/div>\n\n\n\n<p class=\"has-text-align-center\"><strong>CORONACI\u00d3N INTERNACIONAL DE LA MTA COMO \u00abREGINA MATER ECCLESIAE\u00bb (Reina Madre de la Iglesia)<\/strong><\/p>\n\n\n\n<p class=\"has-text-align-center\"><strong>Santuario Matri Ecclesiae, Roma, 09 de junio de 2025<\/strong><\/p>\n\n\n\n<div style=\"height:51px\" aria-hidden=\"true\" class=\"wp-block-spacer\"><\/div>\n\n\n\n<p><strong><strong>Del 29\/05 al 06\/06\/2025<\/strong><\/strong><\/p>\n\n\n\n<p>18.00h (hora italiana), Santa Misa y novena de preparaci\u00f3n. Retransmisi\u00f3n en el canal YouTube de Belmonte<\/p>\n\n\n\n<hr class=\"wp-block-separator has-text-color has-alpha-channel-opacity has-background is-style-default\" style=\"margin-top:41;margin-bottom:41;background-color:#ed910f;color:#ed910f\"\/>\n\n\n\n<div style=\"height:26px\" aria-hidden=\"true\" class=\"wp-block-spacer\"><\/div>\n\n\n\n<p><strong><strong>S\u00e1bado, 07\/06\/2025, Vigilia de Pentecost\u00e9s<\/strong><\/strong><\/p>\n\n\n\n<p>Durante el d\u00eda, oportunidad de visitar el Santuario y recibir la indulgencia plenaria<br>De 9h a 13h y de 16h a 18h &#8211; Confesores disponibles (en italiano, espa\u00f1ol, portugu\u00e9s, ingl\u00e9s, franc\u00e9s)<br>A las 18h &#8211; Rosario y Santa Misa en la v\u00edspera de Pentecost\u00e9s (en italiano)<\/p>\n\n\n\n<hr class=\"wp-block-separator has-text-color has-alpha-channel-opacity has-background is-style-default\" style=\"margin-top:41;margin-bottom:41;background-color:#ed910f;color:#ed910f\"\/>\n\n\n\n<div style=\"height:26px\" aria-hidden=\"true\" class=\"wp-block-spacer\"><\/div>\n\n\n\n<p><strong><strong>Domingo, 08\/06\/2025, SOLEMNIDAD DE PENTECOST\u00c9S<\/strong><\/strong><\/p>\n\n\n\n<p>Durante el d\u00eda, oportunidad de visitar el Santuario y recibir la indulgencia plenaria<br>De 9h a 13h y de 16h a 18h &#8211; Confesores disponibles (en italiano, espa\u00f1ol, portugu\u00e9s, ingl\u00e9s y franc\u00e9s)<br>18.30h &#8211; Retransmisi\u00f3n del rosario y de la misa de Pentecost\u00e9s (en italiano) en el canal YouTube del Santuario. A continuaci\u00f3n, traslado de la corona desde la Domus Pater Kentenich al Santuario, pasando por la ermita hist\u00f3rica y la estatua del P. Kentenich.<br>20.30h &#8211; Pizza = las reservas deben hacerse enviando un mensaje Whatsapp escrito (no de voz), en cualquier idioma, al n\u00famero +39 338 817 3324<\/p>\n\n\n\n<hr class=\"wp-block-separator has-text-color has-alpha-channel-opacity has-background is-style-default\" style=\"margin-top:41;margin-bottom:41;background-color:#ed910f;color:#ed910f\"\/>\n\n\n\n<div style=\"height:26px\" aria-hidden=\"true\" class=\"wp-block-spacer\"><\/div>\n\n\n\n<p><strong>Lunes, 09\/06\/2025, Memoria Lit\u00fargica de Mar\u00eda Madre de la Iglesia<\/strong><\/p>\n\n\n\n<p>Rogamos a las personas que vendr\u00e1n individualmente a Belmonte para la Coronaci\u00f3n, a los cursos, a los grupos y a las delegaciones de pa\u00edses que nos informen antes del 15 de mayo de 2025 envi\u00e1ndonos un correo electr\u00f3nico, para que puedan recibir &#8211; en un momento m\u00e1s cercano al evento &#8211; informaci\u00f3n \u00fatil y necesaria sobre su llegada y su participaci\u00f3n en la misa y en las actividades del d\u00eda. Direcci\u00f3n de correo electr\u00f3nico: schoenstattromabelmonte@gmail.com<br>A partir de las 9.30 (hora italiana) &#8211; Programa difundido en el canal YouTube del Santuario<br>a) Bienvenida a los grupos. Presentaci\u00f3n de las coronas ofrecidas a la MTA por Cursos, Grupos, peregrinos individuales y delegaciones de pa\u00edses.<br>b) Memoria hist\u00f3rica y testimonios<br>c) Santa Misa (en italiano, con lecturas y cantos en varios idiomas)<br>d) Rito de coronaci\u00f3n<br>\u2026<br>Durante el d\u00eda, se puede visitar el Santuario y obtener la indulgencia plenaria<br>De 9h a 13h y de 17h a 19h &#8211; Confesores disponibles (en italiano, espa\u00f1ol, portugu\u00e9s, alem\u00e1n, ingl\u00e9s, franc\u00e9s)<br>\u2026<br>13h \u2013 Almuerzo = las reservas deben hacerse enviando un mensaje Whatsapp escrito (no de voz), en cualquier idioma, al n\u00famero +39 338 817 3324<br>\u2026<br>15.30h &#8211; Talleres:<br>In IT = 75 anniversario de la Campagna della Madonna Pellegrina<br>Auf DE = 60. Jahrestag der R\u00fcckkehr Pater Kentenichs: vom Exil nach Rom!<br>Em PT = Carismas dos bautizados e renova\u00e7\u00e3o de Schoenstatt: contribui\u00e7\u00e3o de Schoenstatt<br>\u2026<br>19.00h &#8211; V\u00edsperas solemnes de Pentecost\u00e9s en la Domus Pater Kentenich (en alem\u00e1n, con salmos y cantos en varios idiomas). Saludo a la Virgen en el Santuario. Celebraci\u00f3n de despedida<\/p>\n\n\n\n<div class=\"wp-block-buttons is-content-justification-center is-layout-flex wp-container-core-buttons-is-layout-a89b3969 wp-block-buttons-is-layout-flex\">\n<div class=\"wp-block-button\"><a class=\"wp-block-button__link has-white-color has-text-color has-background has-link-color wp-element-button\" href=\"https:\/\/schoenstatt.com\/wp-content\/uploads\/2025\/02\/@ES-Programa-coronacion-09-06-2025-2.pdf\" style=\"border-radius:14px;background-color:#d77f05\" target=\"_blank\" rel=\"noreferrer noopener\"><strong>Programa en PDF<\/strong><\/a><\/div>\n<\/div>\n\n\n\n<p><strong>Recordatorio:<\/strong> Ma\u00f1ana, 22 de febrero, rezamos el tercer d\u00eda de la novena &#8211; <a href=\"https:\/\/schoenstatt.com\/es\/coronacion-internacional-en-belmonte\/\"><mark style=\"background-color:rgba(0, 0, 0, 0);color:#d77f05\" class=\"has-inline-color\">pinche aqu\u00ed para acceder al contenido.<\/mark><\/a><\/p>\n","protected":false},"excerpt":{"rendered":"<p>Conozca cu\u00e1les ser\u00e1n las principales actividades en Belmonte durante la coronaci\u00f3n internacional de la MTA como \u00abReina Madre de la Iglesia\u00bb.<\/p>\n","protected":false},"author":3,"featured_media":43526,"comment_status":"closed","ping_status":"closed","sticky":false,"template":"","format":"standard","meta":{"footnotes":""},"categories":[630],"tags":[444,980],"class_list":["post-43507","post","type-post","status-publish","format-standard","has-post-thumbnail","hentry","category-eventos-es","tag-belmonte-roma-es","tag-coronacion-es"],"yoast_head":"<!-- This site is optimized with the Yoast SEO Premium plugin v27.4 (Yoast SEO v27.4) - https:\/\/yoast.com\/product\/yoast-seo-premium-wordpress\/ -->\n<title>Programa oficial de la coronaci\u00f3n en Belmonte: Consulte aqu\u00ed - Schoenstatt<\/title>\n<meta name=\"description\" content=\"Conozca cu\u00e1les ser\u00e1n las principales actividades en Belmonte durante la coronaci\u00f3n internacional de la MTA como \u00abReina Madre de la Iglesia\u00bb.\" \/>\n<meta name=\"robots\" content=\"index, follow, max-snippet:-1, max-image-preview:large, max-video-preview:-1\" \/>\n<link rel=\"canonical\" href=\"https:\/\/schoenstatt.com\/es\/programa-oficial-de-la-coronacion-en-belmonte-consulte-aqui\/\" \/>\n<meta property=\"og:locale\" content=\"es_ES\" \/>\n<meta property=\"og:type\" content=\"article\" \/>\n<meta property=\"og:title\" content=\"Programa oficial de la coronaci\u00f3n en Belmonte: Consulte aqu\u00ed\" \/>\n<meta property=\"og:description\" content=\"Conozca cu\u00e1les ser\u00e1n las principales actividades en Belmonte durante la coronaci\u00f3n internacional de la MTA como \u00abReina Madre de la Iglesia\u00bb.\" \/>\n<meta property=\"og:url\" content=\"https:\/\/schoenstatt.com\/es\/programa-oficial-de-la-coronacion-en-belmonte-consulte-aqui\/\" \/>\n<meta property=\"og:site_name\" content=\"Schoenstatt\" \/>\n<meta property=\"article:published_time\" content=\"2025-02-21T12:41:30+00:00\" \/>\n<meta property=\"article:modified_time\" content=\"2025-08-16T01:37:28+00:00\" \/>\n<meta property=\"og:image\" content=\"https:\/\/schoenstatt.com\/wp-content\/uploads\/2023\/09\/matri-ecclesiae-belmonte-2-1.jpg\" \/>\n\t<meta property=\"og:image:width\" content=\"2000\" \/>\n\t<meta property=\"og:image:height\" content=\"1416\" \/>\n\t<meta property=\"og:image:type\" content=\"image\/jpeg\" \/>\n<meta name=\"author\" content=\"Karen Bueno\" \/>\n<meta name=\"twitter:card\" content=\"summary_large_image\" \/>\n<meta name=\"twitter:label1\" content=\"Escrito por\" \/>\n\t<meta name=\"twitter:data1\" content=\"Karen Bueno\" \/>\n\t<meta name=\"twitter:label2\" content=\"Tiempo de lectura\" \/>\n\t<meta name=\"twitter:data2\" content=\"3 minutos\" \/>\n<script type=\"application\/ld+json\" class=\"yoast-schema-graph\">{\"@context\":\"https:\\\/\\\/schema.org\",\"@graph\":[{\"@type\":\"Article\",\"@id\":\"https:\\\/\\\/schoenstatt.com\\\/es\\\/programa-oficial-de-la-coronacion-en-belmonte-consulte-aqui\\\/#article\",\"isPartOf\":{\"@id\":\"https:\\\/\\\/schoenstatt.com\\\/es\\\/programa-oficial-de-la-coronacion-en-belmonte-consulte-aqui\\\/\"},\"author\":{\"name\":\"Karen Bueno\",\"@id\":\"https:\\\/\\\/schoenstatt.com\\\/es\\\/#\\\/schema\\\/person\\\/5158877ad4acae98b34daaeef2a1ce6e\"},\"headline\":\"Programa oficial de la coronaci\u00f3n en Belmonte: Consulte aqu\u00ed\",\"datePublished\":\"2025-02-21T12:41:30+00:00\",\"dateModified\":\"2025-08-16T01:37:28+00:00\",\"mainEntityOfPage\":{\"@id\":\"https:\\\/\\\/schoenstatt.com\\\/es\\\/programa-oficial-de-la-coronacion-en-belmonte-consulte-aqui\\\/\"},\"wordCount\":564,\"publisher\":{\"@id\":\"https:\\\/\\\/schoenstatt.com\\\/es\\\/#organization\"},\"image\":{\"@id\":\"https:\\\/\\\/schoenstatt.com\\\/es\\\/programa-oficial-de-la-coronacion-en-belmonte-consulte-aqui\\\/#primaryimage\"},\"thumbnailUrl\":\"https:\\\/\\\/schoenstatt.com\\\/wp-content\\\/uploads\\\/2023\\\/09\\\/matri-ecclesiae-belmonte-2-1.jpg\",\"keywords\":[\"Belmonte - Roma\",\"Coronaci\u00f3n\"],\"articleSection\":[\"Eventos\"],\"inLanguage\":\"es\"},{\"@type\":\"WebPage\",\"@id\":\"https:\\\/\\\/schoenstatt.com\\\/es\\\/programa-oficial-de-la-coronacion-en-belmonte-consulte-aqui\\\/\",\"url\":\"https:\\\/\\\/schoenstatt.com\\\/es\\\/programa-oficial-de-la-coronacion-en-belmonte-consulte-aqui\\\/\",\"name\":\"Programa oficial de la coronaci\u00f3n en Belmonte: Consulte aqu\u00ed - Schoenstatt\",\"isPartOf\":{\"@id\":\"https:\\\/\\\/schoenstatt.com\\\/es\\\/#website\"},\"primaryImageOfPage\":{\"@id\":\"https:\\\/\\\/schoenstatt.com\\\/es\\\/programa-oficial-de-la-coronacion-en-belmonte-consulte-aqui\\\/#primaryimage\"},\"image\":{\"@id\":\"https:\\\/\\\/schoenstatt.com\\\/es\\\/programa-oficial-de-la-coronacion-en-belmonte-consulte-aqui\\\/#primaryimage\"},\"thumbnailUrl\":\"https:\\\/\\\/schoenstatt.com\\\/wp-content\\\/uploads\\\/2023\\\/09\\\/matri-ecclesiae-belmonte-2-1.jpg\",\"datePublished\":\"2025-02-21T12:41:30+00:00\",\"dateModified\":\"2025-08-16T01:37:28+00:00\",\"description\":\"Conozca cu\u00e1les ser\u00e1n las principales actividades en Belmonte durante la coronaci\u00f3n internacional de la MTA como \u00abReina Madre de la Iglesia\u00bb.\",\"breadcrumb\":{\"@id\":\"https:\\\/\\\/schoenstatt.com\\\/es\\\/programa-oficial-de-la-coronacion-en-belmonte-consulte-aqui\\\/#breadcrumb\"},\"inLanguage\":\"es\",\"potentialAction\":[{\"@type\":\"ReadAction\",\"target\":[\"https:\\\/\\\/schoenstatt.com\\\/es\\\/programa-oficial-de-la-coronacion-en-belmonte-consulte-aqui\\\/\"]}]},{\"@type\":\"ImageObject\",\"inLanguage\":\"es\",\"@id\":\"https:\\\/\\\/schoenstatt.com\\\/es\\\/programa-oficial-de-la-coronacion-en-belmonte-consulte-aqui\\\/#primaryimage\",\"url\":\"https:\\\/\\\/schoenstatt.com\\\/wp-content\\\/uploads\\\/2023\\\/09\\\/matri-ecclesiae-belmonte-2-1.jpg\",\"contentUrl\":\"https:\\\/\\\/schoenstatt.com\\\/wp-content\\\/uploads\\\/2023\\\/09\\\/matri-ecclesiae-belmonte-2-1.jpg\",\"width\":2000,\"height\":1416},{\"@type\":\"BreadcrumbList\",\"@id\":\"https:\\\/\\\/schoenstatt.com\\\/es\\\/programa-oficial-de-la-coronacion-en-belmonte-consulte-aqui\\\/#breadcrumb\",\"itemListElement\":[{\"@type\":\"ListItem\",\"position\":1,\"name\":\"Portada\",\"item\":\"https:\\\/\\\/schoenstatt.com\\\/es\\\/home\\\/\"},{\"@type\":\"ListItem\",\"position\":2,\"name\":\"Programa oficial de la coronaci\u00f3n en Belmonte: Consulte aqu\u00ed\"}]},{\"@type\":\"WebSite\",\"@id\":\"https:\\\/\\\/schoenstatt.com\\\/es\\\/#website\",\"url\":\"https:\\\/\\\/schoenstatt.com\\\/es\\\/\",\"name\":\"Schoenstatt\",\"description\":\"Apostolic Movement\",\"publisher\":{\"@id\":\"https:\\\/\\\/schoenstatt.com\\\/es\\\/#organization\"},\"potentialAction\":[{\"@type\":\"SearchAction\",\"target\":{\"@type\":\"EntryPoint\",\"urlTemplate\":\"https:\\\/\\\/schoenstatt.com\\\/es\\\/?s={search_term_string}\"},\"query-input\":{\"@type\":\"PropertyValueSpecification\",\"valueRequired\":true,\"valueName\":\"search_term_string\"}}],\"inLanguage\":\"es\"},{\"@type\":\"Organization\",\"@id\":\"https:\\\/\\\/schoenstatt.com\\\/es\\\/#organization\",\"name\":\"Schoenstatt\",\"url\":\"https:\\\/\\\/schoenstatt.com\\\/es\\\/\",\"logo\":{\"@type\":\"ImageObject\",\"inLanguage\":\"es\",\"@id\":\"https:\\\/\\\/schoenstatt.com\\\/es\\\/#\\\/schema\\\/logo\\\/image\\\/\",\"url\":\"https:\\\/\\\/schoenstatt.com\\\/wp-content\\\/uploads\\\/2025\\\/04\\\/logo-schoenstatt-white-696x696-1.png\",\"contentUrl\":\"https:\\\/\\\/schoenstatt.com\\\/wp-content\\\/uploads\\\/2025\\\/04\\\/logo-schoenstatt-white-696x696-1.png\",\"width\":696,\"height\":694,\"caption\":\"Schoenstatt\"},\"image\":{\"@id\":\"https:\\\/\\\/schoenstatt.com\\\/es\\\/#\\\/schema\\\/logo\\\/image\\\/\"}},{\"@type\":\"Person\",\"@id\":\"https:\\\/\\\/schoenstatt.com\\\/es\\\/#\\\/schema\\\/person\\\/5158877ad4acae98b34daaeef2a1ce6e\",\"name\":\"Karen Bueno\",\"image\":{\"@type\":\"ImageObject\",\"inLanguage\":\"es\",\"@id\":\"https:\\\/\\\/secure.gravatar.com\\\/avatar\\\/f9f4b823873154269d2b2130f195f6d41037dd0d7fc5f3cacb5c846bae70d66b?s=96&d=mm&r=g\",\"url\":\"https:\\\/\\\/secure.gravatar.com\\\/avatar\\\/f9f4b823873154269d2b2130f195f6d41037dd0d7fc5f3cacb5c846bae70d66b?s=96&d=mm&r=g\",\"contentUrl\":\"https:\\\/\\\/secure.gravatar.com\\\/avatar\\\/f9f4b823873154269d2b2130f195f6d41037dd0d7fc5f3cacb5c846bae70d66b?s=96&d=mm&r=g\",\"caption\":\"Karen Bueno\"},\"url\":\"https:\\\/\\\/schoenstatt.com\\\/es\\\/author\\\/karen-bueno\\\/\"}]}<\/script>\n<!-- \/ Yoast SEO Premium plugin. -->","yoast_head_json":{"title":"Programa oficial de la coronaci\u00f3n en Belmonte: Consulte aqu\u00ed - Schoenstatt","description":"Conozca cu\u00e1les ser\u00e1n las principales actividades en Belmonte durante la coronaci\u00f3n internacional de la MTA como \u00abReina Madre de la Iglesia\u00bb.","robots":{"index":"index","follow":"follow","max-snippet":"max-snippet:-1","max-image-preview":"max-image-preview:large","max-video-preview":"max-video-preview:-1"},"canonical":"https:\/\/schoenstatt.com\/es\/programa-oficial-de-la-coronacion-en-belmonte-consulte-aqui\/","og_locale":"es_ES","og_type":"article","og_title":"Programa oficial de la coronaci\u00f3n en Belmonte: Consulte aqu\u00ed","og_description":"Conozca cu\u00e1les ser\u00e1n las principales actividades en Belmonte durante la coronaci\u00f3n internacional de la MTA como \u00abReina Madre de la Iglesia\u00bb.","og_url":"https:\/\/schoenstatt.com\/es\/programa-oficial-de-la-coronacion-en-belmonte-consulte-aqui\/","og_site_name":"Schoenstatt","article_published_time":"2025-02-21T12:41:30+00:00","article_modified_time":"2025-08-16T01:37:28+00:00","og_image":[{"width":2000,"height":1416,"url":"https:\/\/schoenstatt.com\/wp-content\/uploads\/2023\/09\/matri-ecclesiae-belmonte-2-1.jpg","type":"image\/jpeg"}],"author":"Karen Bueno","twitter_card":"summary_large_image","twitter_misc":{"Escrito por":"Karen Bueno","Tiempo de lectura":"3 minutos"},"schema":{"@context":"https:\/\/schema.org","@graph":[{"@type":"Article","@id":"https:\/\/schoenstatt.com\/es\/programa-oficial-de-la-coronacion-en-belmonte-consulte-aqui\/#article","isPartOf":{"@id":"https:\/\/schoenstatt.com\/es\/programa-oficial-de-la-coronacion-en-belmonte-consulte-aqui\/"},"author":{"name":"Karen Bueno","@id":"https:\/\/schoenstatt.com\/es\/#\/schema\/person\/5158877ad4acae98b34daaeef2a1ce6e"},"headline":"Programa oficial de la coronaci\u00f3n en Belmonte: Consulte aqu\u00ed","datePublished":"2025-02-21T12:41:30+00:00","dateModified":"2025-08-16T01:37:28+00:00","mainEntityOfPage":{"@id":"https:\/\/schoenstatt.com\/es\/programa-oficial-de-la-coronacion-en-belmonte-consulte-aqui\/"},"wordCount":564,"publisher":{"@id":"https:\/\/schoenstatt.com\/es\/#organization"},"image":{"@id":"https:\/\/schoenstatt.com\/es\/programa-oficial-de-la-coronacion-en-belmonte-consulte-aqui\/#primaryimage"},"thumbnailUrl":"https:\/\/schoenstatt.com\/wp-content\/uploads\/2023\/09\/matri-ecclesiae-belmonte-2-1.jpg","keywords":["Belmonte - Roma","Coronaci\u00f3n"],"articleSection":["Eventos"],"inLanguage":"es"},{"@type":"WebPage","@id":"https:\/\/schoenstatt.com\/es\/programa-oficial-de-la-coronacion-en-belmonte-consulte-aqui\/","url":"https:\/\/schoenstatt.com\/es\/programa-oficial-de-la-coronacion-en-belmonte-consulte-aqui\/","name":"Programa oficial de la coronaci\u00f3n en Belmonte: Consulte aqu\u00ed - Schoenstatt","isPartOf":{"@id":"https:\/\/schoenstatt.com\/es\/#website"},"primaryImageOfPage":{"@id":"https:\/\/schoenstatt.com\/es\/programa-oficial-de-la-coronacion-en-belmonte-consulte-aqui\/#primaryimage"},"image":{"@id":"https:\/\/schoenstatt.com\/es\/programa-oficial-de-la-coronacion-en-belmonte-consulte-aqui\/#primaryimage"},"thumbnailUrl":"https:\/\/schoenstatt.com\/wp-content\/uploads\/2023\/09\/matri-ecclesiae-belmonte-2-1.jpg","datePublished":"2025-02-21T12:41:30+00:00","dateModified":"2025-08-16T01:37:28+00:00","description":"Conozca cu\u00e1les ser\u00e1n las principales actividades en Belmonte durante la coronaci\u00f3n internacional de la MTA como \u00abReina Madre de la Iglesia\u00bb.","breadcrumb":{"@id":"https:\/\/schoenstatt.com\/es\/programa-oficial-de-la-coronacion-en-belmonte-consulte-aqui\/#breadcrumb"},"inLanguage":"es","potentialAction":[{"@type":"ReadAction","target":["https:\/\/schoenstatt.com\/es\/programa-oficial-de-la-coronacion-en-belmonte-consulte-aqui\/"]}]},{"@type":"ImageObject","inLanguage":"es","@id":"https:\/\/schoenstatt.com\/es\/programa-oficial-de-la-coronacion-en-belmonte-consulte-aqui\/#primaryimage","url":"https:\/\/schoenstatt.com\/wp-content\/uploads\/2023\/09\/matri-ecclesiae-belmonte-2-1.jpg","contentUrl":"https:\/\/schoenstatt.com\/wp-content\/uploads\/2023\/09\/matri-ecclesiae-belmonte-2-1.jpg","width":2000,"height":1416},{"@type":"BreadcrumbList","@id":"https:\/\/schoenstatt.com\/es\/programa-oficial-de-la-coronacion-en-belmonte-consulte-aqui\/#breadcrumb","itemListElement":[{"@type":"ListItem","position":1,"name":"Portada","item":"https:\/\/schoenstatt.com\/es\/home\/"},{"@type":"ListItem","position":2,"name":"Programa oficial de la coronaci\u00f3n en Belmonte: Consulte aqu\u00ed"}]},{"@type":"WebSite","@id":"https:\/\/schoenstatt.com\/es\/#website","url":"https:\/\/schoenstatt.com\/es\/","name":"Schoenstatt","description":"Apostolic Movement","publisher":{"@id":"https:\/\/schoenstatt.com\/es\/#organization"},"potentialAction":[{"@type":"SearchAction","target":{"@type":"EntryPoint","urlTemplate":"https:\/\/schoenstatt.com\/es\/?s={search_term_string}"},"query-input":{"@type":"PropertyValueSpecification","valueRequired":true,"valueName":"search_term_string"}}],"inLanguage":"es"},{"@type":"Organization","@id":"https:\/\/schoenstatt.com\/es\/#organization","name":"Schoenstatt","url":"https:\/\/schoenstatt.com\/es\/","logo":{"@type":"ImageObject","inLanguage":"es","@id":"https:\/\/schoenstatt.com\/es\/#\/schema\/logo\/image\/","url":"https:\/\/schoenstatt.com\/wp-content\/uploads\/2025\/04\/logo-schoenstatt-white-696x696-1.png","contentUrl":"https:\/\/schoenstatt.com\/wp-content\/uploads\/2025\/04\/logo-schoenstatt-white-696x696-1.png","width":696,"height":694,"caption":"Schoenstatt"},"image":{"@id":"https:\/\/schoenstatt.com\/es\/#\/schema\/logo\/image\/"}},{"@type":"Person","@id":"https:\/\/schoenstatt.com\/es\/#\/schema\/person\/5158877ad4acae98b34daaeef2a1ce6e","name":"Karen Bueno","image":{"@type":"ImageObject","inLanguage":"es","@id":"https:\/\/secure.gravatar.com\/avatar\/f9f4b823873154269d2b2130f195f6d41037dd0d7fc5f3cacb5c846bae70d66b?s=96&d=mm&r=g","url":"https:\/\/secure.gravatar.com\/avatar\/f9f4b823873154269d2b2130f195f6d41037dd0d7fc5f3cacb5c846bae70d66b?s=96&d=mm&r=g","contentUrl":"https:\/\/secure.gravatar.com\/avatar\/f9f4b823873154269d2b2130f195f6d41037dd0d7fc5f3cacb5c846bae70d66b?s=96&d=mm&r=g","caption":"Karen Bueno"},"url":"https:\/\/schoenstatt.com\/es\/author\/karen-bueno\/"}]}},"_links":{"self":[{"href":"https:\/\/schoenstatt.com\/es\/wp-json\/wp\/v2\/posts\/43507","targetHints":{"allow":["GET"]}}],"collection":[{"href":"https:\/\/schoenstatt.com\/es\/wp-json\/wp\/v2\/posts"}],"about":[{"href":"https:\/\/schoenstatt.com\/es\/wp-json\/wp\/v2\/types\/post"}],"author":[{"embeddable":true,"href":"https:\/\/schoenstatt.com\/es\/wp-json\/wp\/v2\/users\/3"}],"replies":[{"embeddable":true,"href":"https:\/\/schoenstatt.com\/es\/wp-json\/wp\/v2\/comments?post=43507"}],"version-history":[{"count":2,"href":"https:\/\/schoenstatt.com\/es\/wp-json\/wp\/v2\/posts\/43507\/revisions"}],"predecessor-version":[{"id":62077,"href":"https:\/\/schoenstatt.com\/es\/wp-json\/wp\/v2\/posts\/43507\/revisions\/62077"}],"wp:featuredmedia":[{"embeddable":true,"href":"https:\/\/schoenstatt.com\/es\/wp-json\/wp\/v2\/media\/43526"}],"wp:attachment":[{"href":"https:\/\/schoenstatt.com\/es\/wp-json\/wp\/v2\/media?parent=43507"}],"wp:term":[{"taxonomy":"category","embeddable":true,"href":"https:\/\/schoenstatt.com\/es\/wp-json\/wp\/v2\/categories?post=43507"},{"taxonomy":"post_tag","embeddable":true,"href":"https:\/\/schoenstatt.com\/es\/wp-json\/wp\/v2\/tags?post=43507"}],"curies":[{"name":"wp","href":"https:\/\/api.w.org\/{rel}","templated":true}]}}