{"id":43388,"date":"2025-02-13T03:03:00","date_gmt":"2025-02-13T02:03:00","guid":{"rendered":"https:\/\/schoenstatt.com\/?p=43388"},"modified":"2025-08-22T17:34:54","modified_gmt":"2025-08-22T15:34:54","slug":"santiago-abella-es-ordenado-padre-de-schoenstatt-en-mexico","status":"publish","type":"post","link":"https:\/\/schoenstatt.com\/es\/santiago-abella-es-ordenado-padre-de-schoenstatt-en-mexico\/","title":{"rendered":"Santiago Abella es ordenado Padre de Schoenstatt en M\u00e9xico"},"content":{"rendered":"\n<p><em>Desde ni\u00f1o te quiero, mi amigo Jes\u00fas. Me has amado desde siempre, Cristo, Maestro y Se\u00f1or. Con lo poco que tengo, me miraste a m\u00ed; con tus ojos llenos de amor traspasaste mi coraz\u00f3n. Hoy me llamas por mi nombre. \u00bfD\u00f3nde vives Se\u00f1or? (<a href=\"https:\/\/www.youtube.com\/watch?v=F9hEyQ-M3sw\" target=\"_blank\" rel=\"noreferrer noopener\"><mark style=\"background-color:rgba(0, 0, 0, 0);color:#b76009\" class=\"has-inline-color\">canto de entrada de la ordenaci\u00f3n<\/mark><\/a>)<\/em><\/p>\n\n\n\n<p>Una vida verdadera, inicia con un anhelo, y ese anhelo es lo que Dios quiere de nosotros, pues lo deposita en nuestro coraz\u00f3n, y se nos va revelando al sentirnos verdaderamente amados por \u00c9l. Al descubrirlo, nace una fuerza interior que nos impulsa a querer encontrarnos con Jes\u00fas\u2026 con el buen amigo, con el que siempre ha amado; el que con su mirada traspasa el coraz\u00f3n y el que con amor te llama por tu nombre.<\/p>\n\n\n\n<p><strong>Santiago de Jes\u00fas Abella Peniche<\/strong>, a quien de cari\u00f1o llamamos \u201cSanti Abella\u201d, es un joven que nace en la Ciudad de M\u00e9xico, vive algunos a\u00f1os en Puebla, y por azares del destino viaja a San Luis Potos\u00ed, donde conoce el Movimiento de Schoenstatt un 15 de junio del 2013, en el Santuario \u201cMaravillas de Mar\u00eda\u201d. Santi, tiene un anhelo desde muy peque\u00f1o, y es en este lugar, donde tiene su primer encuentro con la Mater. Es justo en este Santuario, donde el pasado s\u00e1bado, 8 de febrero de 2025, <strong>fue ordenado Sacerdote, como parte del <a href=\"https:\/\/schoenstatt.com\/es\/comunidades\/priest\/padres-de-schoenstatt\/\"><mark style=\"background-color:rgba(0, 0, 0, 0);color:#b76009\" class=\"has-inline-color\">Instituto Secular de los Padres de Schoenstatt<\/mark><\/a>, por el Obispo de San Luis, Monse\u00f1or Jorge Alberto Cavazos.<\/strong><\/p>\n\n\n\n<figure class=\"wp-block-image size-large\"><img decoding=\"async\" src=\"https:\/\/schoenstatt.com\/wp-content\/uploads\/2025\/02\/Ordination-Father-Santiago-Abella-Mexico-Feb-2025-b-1024x683.jpg\" alt=\"\" class=\"wp-image-43356\"\/><\/figure>\n\n\n\n<h3 class=\"wp-block-heading\" id=\"h-un-poco-de-historia\"><strong>Un poco de historia<\/strong><\/h3>\n\n\n\n<p>Alejandro Lomel\u00ed es el amigo que invit\u00f3 Santi a visitar el Santuario de Schoenstatt. \u00c9l no olvida c\u00f3mo sucedi\u00f3 todo y nos lo cuenta:<\/p>\n\n\n\n<blockquote class=\"wp-block-quote is-layout-flow wp-block-quote-is-layout-flow\">\n<p class=\"has-text-color has-link-color wp-elements-0a66a5fdd7ac6d7fb40b1eb3e8c9b7df\" style=\"color:#b76009\"><em>\u201cSantiago y yo nos conoc\u00edamos de a\u00f1os atr\u00e1s, pues los dos estuvimos juntos en un internado en Irlanda, en 2007-2008. A\u00f1os despu\u00e9s, en mayo de 2013, yo le escrib\u00ed para contarle que me iba a ir al seminario. Pero antes de decirle, \u00e9l me dijo que ya estaba por graduarse de prepa, y cuando le pregunt\u00e9 qu\u00e9 iba a estudiar, me dijo: \u2018Yo creo que voy a ser padre\u2019. Y yo le contest\u00e9: \u2018jajaja, yo te salud\u00e9 para decirte exactamente lo mismo\u2019\u201d.<\/em><\/p>\n\n\n\n<p class=\"has-text-color has-link-color wp-elements-945124d8d323b4cf93c51285b852b1a0\" style=\"color:#b76009\"><em>\u201cEntonces empezamos a platicar. Yo le cont\u00e9 que me iba con Schoenstatt. Le platiqu\u00e9 un poco sobre el movimiento, el carisma, sobre el P. Kentenich, la juventud, y hasta sobre qu\u00e9 clases llevar\u00edamos en Teolog\u00eda (sab\u00eda que a Santi le gustaba mucho estudiar). Poco despu\u00e9s, en junio, Santi fue a San Luis por un fin de semana. As\u00ed fue como conoci\u00f3 el Santuario\u201d.<\/em><\/p>\n<\/blockquote>\n\n\n\n<figure class=\"wp-block-gallery has-nested-images columns-default is-cropped wp-block-gallery-1 is-layout-flex wp-block-gallery-is-layout-flex\">\n<figure class=\"wp-block-image size-large\"><img decoding=\"async\" data-id=\"43361\" src=\"https:\/\/schoenstatt.com\/wp-content\/uploads\/2025\/02\/Ordination-Father-Santiago-Abella-Mexico-Feb-2025-c.jpg\" alt=\"\" class=\"wp-image-43361\"\/><\/figure>\n\n\n\n<figure class=\"wp-block-image size-large\"><img decoding=\"async\" data-id=\"43366\" src=\"https:\/\/schoenstatt.com\/wp-content\/uploads\/2025\/02\/Ordination-Father-Santiago-Abella-Mexico-Feb-2025-d.jpg\" alt=\"\" class=\"wp-image-43366\"\/><\/figure>\n<\/figure>\n\n\n\n<p>El Padre Andr\u00e9s Espinoza, quien en aquel entonces estaba a cargo de la Juventud Masculina de Schoenstatt, tiene muy presente su primer encuentro con Santiago:<\/p>\n\n\n\n<blockquote class=\"wp-block-quote is-layout-flow wp-block-quote-is-layout-flow\">\n<p class=\"has-text-color has-link-color wp-elements-27f2d861c579e76ea9814f756e134d20\" style=\"color:#b76009\"><em>\u201cC\u00f3mo olvidar aquel 15 de junio de 2013 donde Santi conoce por primera vez un santuario y tiene su primer y definitivo encuentro con la Mater?! Yo vi una \u2018sed de Dios, de Mar\u00eda, de una vida consagrada\u2019 totalmente genuina y fuerte. Yo no pod\u00eda entender como un chavo pod\u00eda estar tan sediento de Dios y no tener miedo a buscarlo, en los lugares menos imaginables para \u00e9l. Schoenstatt era algo plenamente desconocido y algo en su coraz\u00f3n lo hizo viajar, conocer y querer quedarse en ese peque\u00f1o lugar que le abr\u00eda la inmensidad de Dios y del sacerdocio de manera tan sencilla pero transformadora a la vez\u201d.<\/em><\/p>\n<\/blockquote>\n\n\n\n<p>El Padre Andr\u00e9s habla de su sencillez, y as\u00ed fue su Ordenaci\u00f3n: muy sencilla, nada ostentosa, simplemente flores, toldos y sillas. Las flores fueron las protagonistas de la decoraci\u00f3n, pues enmarcaron el lugar, y le dieron vida al desierto en el cual est\u00e1 situado nuestro Santuario. El ambiente que se vivi\u00f3, fue sin posturas, ni apariencias, fue simplemente la demostraci\u00f3n del cari\u00f1o que le tienen a Santi. En fin, su entrada al Sacerdocio fue un hermoso momento a la \u201csombra del Santuario\u201d.<\/p>\n\n\n\n<figure class=\"wp-block-image size-large\"><img decoding=\"async\" src=\"https:\/\/schoenstatt.com\/wp-content\/uploads\/2025\/02\/Father-Santiago-Abella-Schoenstatt-Father-1024x683.jpg\" alt=\"\" class=\"wp-image-43371\"\/><figcaption class=\"wp-element-caption\">El padre Santiago Abella en su primera misa<\/figcaption><\/figure>\n\n\n\n<h3 class=\"wp-block-heading\" id=\"h-comienza-la-fiesta\"><strong>Comienza la fiesta<\/strong><\/h3>\n\n\n\n<p>\u00a1Se lleg\u00f3 el d\u00eda! Es dif\u00edcil expresar este acontecimiento, sin adentrarse en las emociones que vivimos en esta ordenaci\u00f3n. Cada uno lo experimentamos de una manera diferente.<\/p>\n\n\n\n<p>Meses antes, iniciamos con nuestras contribuciones al <a href=\"https:\/\/schoenstatt.com\/es\/nuestra-espiritualidad\/alianza-de-amor\/capital-de-gracias\/\"><mark style=\"background-color:rgba(0, 0, 0, 0);color:#b76009\" class=\"has-inline-color\">capital de gracias<\/mark><\/a>, para que la Mater se manifestara en todo momento, y el Esp\u00edritu Santo le obsequiara a Santi y a su familia la tranquilidad que necesitaban para disfrutar con alegr\u00eda esta fiesta. Tambi\u00e9n para que la familia de Schoenstatt Potosina obtuviera la confianza y la certeza de que todo saldr\u00eda muy bien, tal como la Sant\u00edsima Virgen lo ten\u00eda planeado.<\/p>\n\n\n\n<figure class=\"wp-block-image size-large\"><img decoding=\"async\" src=\"https:\/\/schoenstatt.com\/wp-content\/uploads\/2025\/02\/Ordination-Father-Santiago-Abella-Mexico-Feb-2025-1024x683.jpg\" alt=\"\" class=\"wp-image-43351\"\/><\/figure>\n\n\n\n<p>\u00a1Y Lleg\u00f3 la familia! El P. Stefano Daneri y el P. Thejus Peedikathundiyil, como anfitriones, recibieron a la familia de Santi; a sus hermanos de Comunidad; a los Padres de Schoenstatt Monterrey y Quer\u00e9taro; a las Hermanas de Mar\u00eda; a nuestros queridos P. Ignacio Camacho y el P. Felipe P\u00e9rez, quienes en alg\u00fan tiempo fueron rectores del Santuario Maravillas de Mar\u00eda. Tambi\u00e9n estuvieron algunos amigos de Santi de Chile, de Monterrey, Quer\u00e9taro y por supuesto a la familia de Schoenstatt de San Luis.<\/p>\n\n\n\n<p>En fin, una noche antes, la Mater disfrut\u00f3 la fiesta anticipada que ocurr\u00eda en la explanada del Santuario. Esa misma noche la Adoraci\u00f3n al Sant\u00edsimo nos regal\u00f3 a todos la paz y la certeza de que al d\u00eda siguiente el cielo completo estar\u00eda en \u201cMaravillas de Mar\u00eda\u201d.<\/p>\n\n\n\n<p>Lo que sucedi\u00f3 en la Ordenaci\u00f3n, fue un pu\u00f1ado de emociones, pues al ver a Santi con un rostro conmovido, caminando junto a sus hermanos de comunidad; junto a los Padres y al Se\u00f1or Obispo, solo nos pudo mostrar un coraz\u00f3n verdaderamente entregado a Dios. Ver los rostros de felicidad de los Sacerdotes siempre los recordaremos, pues fue un regalo para nosotros.<\/p>\n\n\n\n<figure class=\"wp-block-image size-large\"><img decoding=\"async\" src=\"https:\/\/schoenstatt.com\/wp-content\/uploads\/2025\/02\/Schoenstatt-Fathers-San-Luis-Potosi-2025-1024x683.jpg\" alt=\"\" class=\"wp-image-43376\"\/><\/figure>\n\n\n\n<p>Tantas cosas que pasaron\u2026 el abrazo que Santi recibi\u00f3 de sus padres al recibir la casulla fue conmovedor\u2026 Y, m\u00e1s a\u00fan, cuando todos aplaudimos para recibir al nuevo Sacerdote, no dej\u00e1bamos de llorar. El coro estuvo extraordinario, el ambiente, el clima, etc. La Mater todo lo acomod\u00f3.<\/p>\n\n\n\n<p>La familia de Schoenstatt termina este hermoso d\u00eda dando gracias por el S\u00cd de Santiago, que en este a\u00f1o de esperanza se convierte en un claro signo de inspiraci\u00f3n para muchos j\u00f3venes.<\/p>\n\n\n\n<div class=\"wp-block-buttons is-content-justification-center is-layout-flex wp-container-core-buttons-is-layout-a89b3969 wp-block-buttons-is-layout-flex\">\n<div class=\"wp-block-button\"><a class=\"wp-block-button__link has-white-color has-text-color has-background has-link-color has-text-align-center wp-element-button\" href=\"https:\/\/photos.app.goo.gl\/HTuC28Q8PxsTCHLR7\" style=\"border-radius:16px;background-color:#cc7d0e\" target=\"_blank\" rel=\"noreferrer noopener\"><strong>M\u00e1s fotos<\/strong><\/a><\/div>\n<\/div>\n","protected":false},"excerpt":{"rendered":"<p>Un d\u00eda de gracias para la familia de Schoenstatt de San Luis Potos\u00ed: Santiago Abella fue ordenado sacerdote el 8 de febrero<\/p>\n","protected":false},"author":3,"featured_media":43381,"comment_status":"closed","ping_status":"closed","sticky":false,"template":"","format":"standard","meta":{"footnotes":""},"categories":[864,909],"tags":[1095,1161,1188,1248],"class_list":["post-43388","post","type-post","status-publish","format-standard","has-post-thumbnail","hentry","category-america-es","category-comunidades-de-schoenstatt-es","tag-ordenacion-sacerdotal-es","tag-padres-de-schoenstatt-es","tag-schoenstatt-mexico-es","tag-vocacion-es"],"yoast_head":"<!-- This site is optimized with the Yoast SEO Premium plugin v27.4 (Yoast SEO v27.4) - https:\/\/yoast.com\/product\/yoast-seo-premium-wordpress\/ -->\n<title>Santiago Abella es ordenado Padre de Schoenstatt en M\u00e9xico - Schoenstatt<\/title>\n<meta name=\"description\" content=\"Un d\u00eda de gracias para la familia de Schoenstatt de San Luis Potos\u00ed: Santiago Abella fue ordenado sacerdote el 8 de febrero.\" \/>\n<meta name=\"robots\" content=\"index, follow, max-snippet:-1, max-image-preview:large, max-video-preview:-1\" \/>\n<link rel=\"canonical\" href=\"https:\/\/schoenstatt.com\/es\/santiago-abella-es-ordenado-padre-de-schoenstatt-en-mexico\/\" \/>\n<meta property=\"og:locale\" content=\"es_ES\" \/>\n<meta property=\"og:type\" content=\"article\" \/>\n<meta property=\"og:title\" content=\"Santiago Abella es ordenado Padre de Schoenstatt en M\u00e9xico\" \/>\n<meta property=\"og:description\" content=\"Un d\u00eda de gracias para la familia de Schoenstatt de San Luis Potos\u00ed: Santiago Abella fue ordenado sacerdote el 8 de febrero.\" \/>\n<meta property=\"og:url\" content=\"https:\/\/schoenstatt.com\/es\/santiago-abella-es-ordenado-padre-de-schoenstatt-en-mexico\/\" \/>\n<meta property=\"og:site_name\" content=\"Schoenstatt\" \/>\n<meta property=\"article:published_time\" content=\"2025-02-13T02:03:00+00:00\" \/>\n<meta property=\"article:modified_time\" content=\"2025-08-22T15:34:54+00:00\" \/>\n<meta property=\"og:image\" content=\"https:\/\/schoenstatt.com\/wp-content\/uploads\/2025\/02\/Ordination-Father-Santiago-Abella-Mexico-Feb-2025-e-1.webp\" \/>\n\t<meta property=\"og:image:width\" content=\"1920\" \/>\n\t<meta property=\"og:image:height\" content=\"1071\" \/>\n\t<meta property=\"og:image:type\" content=\"image\/webp\" \/>\n<meta name=\"author\" content=\"Karen Bueno\" \/>\n<meta name=\"twitter:card\" content=\"summary_large_image\" \/>\n<meta name=\"twitter:label1\" content=\"Escrito por\" \/>\n\t<meta name=\"twitter:data1\" content=\"Karen Bueno\" \/>\n\t<meta name=\"twitter:label2\" content=\"Tiempo de lectura\" \/>\n\t<meta name=\"twitter:data2\" content=\"5 minutos\" \/>\n<script type=\"application\/ld+json\" class=\"yoast-schema-graph\">{\"@context\":\"https:\\\/\\\/schema.org\",\"@graph\":[{\"@type\":\"Article\",\"@id\":\"https:\\\/\\\/schoenstatt.com\\\/es\\\/santiago-abella-es-ordenado-padre-de-schoenstatt-en-mexico\\\/#article\",\"isPartOf\":{\"@id\":\"https:\\\/\\\/schoenstatt.com\\\/es\\\/santiago-abella-es-ordenado-padre-de-schoenstatt-en-mexico\\\/\"},\"author\":{\"name\":\"Karen Bueno\",\"@id\":\"https:\\\/\\\/schoenstatt.com\\\/es\\\/#\\\/schema\\\/person\\\/5158877ad4acae98b34daaeef2a1ce6e\"},\"headline\":\"Santiago Abella es ordenado Padre de Schoenstatt en M\u00e9xico\",\"datePublished\":\"2025-02-13T02:03:00+00:00\",\"dateModified\":\"2025-08-22T15:34:54+00:00\",\"mainEntityOfPage\":{\"@id\":\"https:\\\/\\\/schoenstatt.com\\\/es\\\/santiago-abella-es-ordenado-padre-de-schoenstatt-en-mexico\\\/\"},\"wordCount\":1083,\"publisher\":{\"@id\":\"https:\\\/\\\/schoenstatt.com\\\/es\\\/#organization\"},\"image\":{\"@id\":\"https:\\\/\\\/schoenstatt.com\\\/es\\\/santiago-abella-es-ordenado-padre-de-schoenstatt-en-mexico\\\/#primaryimage\"},\"thumbnailUrl\":\"https:\\\/\\\/schoenstatt.com\\\/wp-content\\\/uploads\\\/2025\\\/02\\\/Ordination-Father-Santiago-Abella-Mexico-Feb-2025-e-1.webp\",\"keywords\":[\"Ordenaci\u00f3n sacerdotal\",\"Padres de Schoenstatt\",\"Schoenstatt M\u00e9xico\",\"Vocaci\u00f3n\"],\"articleSection\":[\"Am\u00e9rica\",\"Comunidades de Schoenstatt\"],\"inLanguage\":\"es\"},{\"@type\":\"WebPage\",\"@id\":\"https:\\\/\\\/schoenstatt.com\\\/es\\\/santiago-abella-es-ordenado-padre-de-schoenstatt-en-mexico\\\/\",\"url\":\"https:\\\/\\\/schoenstatt.com\\\/es\\\/santiago-abella-es-ordenado-padre-de-schoenstatt-en-mexico\\\/\",\"name\":\"Santiago Abella es ordenado Padre de Schoenstatt en M\u00e9xico - Schoenstatt\",\"isPartOf\":{\"@id\":\"https:\\\/\\\/schoenstatt.com\\\/es\\\/#website\"},\"primaryImageOfPage\":{\"@id\":\"https:\\\/\\\/schoenstatt.com\\\/es\\\/santiago-abella-es-ordenado-padre-de-schoenstatt-en-mexico\\\/#primaryimage\"},\"image\":{\"@id\":\"https:\\\/\\\/schoenstatt.com\\\/es\\\/santiago-abella-es-ordenado-padre-de-schoenstatt-en-mexico\\\/#primaryimage\"},\"thumbnailUrl\":\"https:\\\/\\\/schoenstatt.com\\\/wp-content\\\/uploads\\\/2025\\\/02\\\/Ordination-Father-Santiago-Abella-Mexico-Feb-2025-e-1.webp\",\"datePublished\":\"2025-02-13T02:03:00+00:00\",\"dateModified\":\"2025-08-22T15:34:54+00:00\",\"description\":\"Un d\u00eda de gracias para la familia de Schoenstatt de San Luis Potos\u00ed: Santiago Abella fue ordenado sacerdote el 8 de febrero.\",\"breadcrumb\":{\"@id\":\"https:\\\/\\\/schoenstatt.com\\\/es\\\/santiago-abella-es-ordenado-padre-de-schoenstatt-en-mexico\\\/#breadcrumb\"},\"inLanguage\":\"es\",\"potentialAction\":[{\"@type\":\"ReadAction\",\"target\":[\"https:\\\/\\\/schoenstatt.com\\\/es\\\/santiago-abella-es-ordenado-padre-de-schoenstatt-en-mexico\\\/\"]}]},{\"@type\":\"ImageObject\",\"inLanguage\":\"es\",\"@id\":\"https:\\\/\\\/schoenstatt.com\\\/es\\\/santiago-abella-es-ordenado-padre-de-schoenstatt-en-mexico\\\/#primaryimage\",\"url\":\"https:\\\/\\\/schoenstatt.com\\\/wp-content\\\/uploads\\\/2025\\\/02\\\/Ordination-Father-Santiago-Abella-Mexico-Feb-2025-e-1.webp\",\"contentUrl\":\"https:\\\/\\\/schoenstatt.com\\\/wp-content\\\/uploads\\\/2025\\\/02\\\/Ordination-Father-Santiago-Abella-Mexico-Feb-2025-e-1.webp\",\"width\":1920,\"height\":1071},{\"@type\":\"BreadcrumbList\",\"@id\":\"https:\\\/\\\/schoenstatt.com\\\/es\\\/santiago-abella-es-ordenado-padre-de-schoenstatt-en-mexico\\\/#breadcrumb\",\"itemListElement\":[{\"@type\":\"ListItem\",\"position\":1,\"name\":\"Portada\",\"item\":\"https:\\\/\\\/schoenstatt.com\\\/es\\\/home\\\/\"},{\"@type\":\"ListItem\",\"position\":2,\"name\":\"Santiago Abella es ordenado Padre de Schoenstatt en M\u00e9xico\"}]},{\"@type\":\"WebSite\",\"@id\":\"https:\\\/\\\/schoenstatt.com\\\/es\\\/#website\",\"url\":\"https:\\\/\\\/schoenstatt.com\\\/es\\\/\",\"name\":\"Schoenstatt\",\"description\":\"Apostolic Movement\",\"publisher\":{\"@id\":\"https:\\\/\\\/schoenstatt.com\\\/es\\\/#organization\"},\"potentialAction\":[{\"@type\":\"SearchAction\",\"target\":{\"@type\":\"EntryPoint\",\"urlTemplate\":\"https:\\\/\\\/schoenstatt.com\\\/es\\\/?s={search_term_string}\"},\"query-input\":{\"@type\":\"PropertyValueSpecification\",\"valueRequired\":true,\"valueName\":\"search_term_string\"}}],\"inLanguage\":\"es\"},{\"@type\":\"Organization\",\"@id\":\"https:\\\/\\\/schoenstatt.com\\\/es\\\/#organization\",\"name\":\"Schoenstatt\",\"url\":\"https:\\\/\\\/schoenstatt.com\\\/es\\\/\",\"logo\":{\"@type\":\"ImageObject\",\"inLanguage\":\"es\",\"@id\":\"https:\\\/\\\/schoenstatt.com\\\/es\\\/#\\\/schema\\\/logo\\\/image\\\/\",\"url\":\"https:\\\/\\\/schoenstatt.com\\\/wp-content\\\/uploads\\\/2025\\\/04\\\/logo-schoenstatt-white-696x696-1.png\",\"contentUrl\":\"https:\\\/\\\/schoenstatt.com\\\/wp-content\\\/uploads\\\/2025\\\/04\\\/logo-schoenstatt-white-696x696-1.png\",\"width\":696,\"height\":694,\"caption\":\"Schoenstatt\"},\"image\":{\"@id\":\"https:\\\/\\\/schoenstatt.com\\\/es\\\/#\\\/schema\\\/logo\\\/image\\\/\"}},{\"@type\":\"Person\",\"@id\":\"https:\\\/\\\/schoenstatt.com\\\/es\\\/#\\\/schema\\\/person\\\/5158877ad4acae98b34daaeef2a1ce6e\",\"name\":\"Karen Bueno\",\"image\":{\"@type\":\"ImageObject\",\"inLanguage\":\"es\",\"@id\":\"https:\\\/\\\/secure.gravatar.com\\\/avatar\\\/f9f4b823873154269d2b2130f195f6d41037dd0d7fc5f3cacb5c846bae70d66b?s=96&d=mm&r=g\",\"url\":\"https:\\\/\\\/secure.gravatar.com\\\/avatar\\\/f9f4b823873154269d2b2130f195f6d41037dd0d7fc5f3cacb5c846bae70d66b?s=96&d=mm&r=g\",\"contentUrl\":\"https:\\\/\\\/secure.gravatar.com\\\/avatar\\\/f9f4b823873154269d2b2130f195f6d41037dd0d7fc5f3cacb5c846bae70d66b?s=96&d=mm&r=g\",\"caption\":\"Karen Bueno\"},\"url\":\"https:\\\/\\\/schoenstatt.com\\\/es\\\/author\\\/karen-bueno\\\/\"}]}<\/script>\n<!-- \/ Yoast SEO Premium plugin. -->","yoast_head_json":{"title":"Santiago Abella es ordenado Padre de Schoenstatt en M\u00e9xico - Schoenstatt","description":"Un d\u00eda de gracias para la familia de Schoenstatt de San Luis Potos\u00ed: Santiago Abella fue ordenado sacerdote el 8 de febrero.","robots":{"index":"index","follow":"follow","max-snippet":"max-snippet:-1","max-image-preview":"max-image-preview:large","max-video-preview":"max-video-preview:-1"},"canonical":"https:\/\/schoenstatt.com\/es\/santiago-abella-es-ordenado-padre-de-schoenstatt-en-mexico\/","og_locale":"es_ES","og_type":"article","og_title":"Santiago Abella es ordenado Padre de Schoenstatt en M\u00e9xico","og_description":"Un d\u00eda de gracias para la familia de Schoenstatt de San Luis Potos\u00ed: Santiago Abella fue ordenado sacerdote el 8 de febrero.","og_url":"https:\/\/schoenstatt.com\/es\/santiago-abella-es-ordenado-padre-de-schoenstatt-en-mexico\/","og_site_name":"Schoenstatt","article_published_time":"2025-02-13T02:03:00+00:00","article_modified_time":"2025-08-22T15:34:54+00:00","og_image":[{"width":1920,"height":1071,"url":"https:\/\/schoenstatt.com\/wp-content\/uploads\/2025\/02\/Ordination-Father-Santiago-Abella-Mexico-Feb-2025-e-1.webp","type":"image\/webp"}],"author":"Karen Bueno","twitter_card":"summary_large_image","twitter_misc":{"Escrito por":"Karen Bueno","Tiempo de lectura":"5 minutos"},"schema":{"@context":"https:\/\/schema.org","@graph":[{"@type":"Article","@id":"https:\/\/schoenstatt.com\/es\/santiago-abella-es-ordenado-padre-de-schoenstatt-en-mexico\/#article","isPartOf":{"@id":"https:\/\/schoenstatt.com\/es\/santiago-abella-es-ordenado-padre-de-schoenstatt-en-mexico\/"},"author":{"name":"Karen Bueno","@id":"https:\/\/schoenstatt.com\/es\/#\/schema\/person\/5158877ad4acae98b34daaeef2a1ce6e"},"headline":"Santiago Abella es ordenado Padre de Schoenstatt en M\u00e9xico","datePublished":"2025-02-13T02:03:00+00:00","dateModified":"2025-08-22T15:34:54+00:00","mainEntityOfPage":{"@id":"https:\/\/schoenstatt.com\/es\/santiago-abella-es-ordenado-padre-de-schoenstatt-en-mexico\/"},"wordCount":1083,"publisher":{"@id":"https:\/\/schoenstatt.com\/es\/#organization"},"image":{"@id":"https:\/\/schoenstatt.com\/es\/santiago-abella-es-ordenado-padre-de-schoenstatt-en-mexico\/#primaryimage"},"thumbnailUrl":"https:\/\/schoenstatt.com\/wp-content\/uploads\/2025\/02\/Ordination-Father-Santiago-Abella-Mexico-Feb-2025-e-1.webp","keywords":["Ordenaci\u00f3n sacerdotal","Padres de Schoenstatt","Schoenstatt M\u00e9xico","Vocaci\u00f3n"],"articleSection":["Am\u00e9rica","Comunidades de Schoenstatt"],"inLanguage":"es"},{"@type":"WebPage","@id":"https:\/\/schoenstatt.com\/es\/santiago-abella-es-ordenado-padre-de-schoenstatt-en-mexico\/","url":"https:\/\/schoenstatt.com\/es\/santiago-abella-es-ordenado-padre-de-schoenstatt-en-mexico\/","name":"Santiago Abella es ordenado Padre de Schoenstatt en M\u00e9xico - Schoenstatt","isPartOf":{"@id":"https:\/\/schoenstatt.com\/es\/#website"},"primaryImageOfPage":{"@id":"https:\/\/schoenstatt.com\/es\/santiago-abella-es-ordenado-padre-de-schoenstatt-en-mexico\/#primaryimage"},"image":{"@id":"https:\/\/schoenstatt.com\/es\/santiago-abella-es-ordenado-padre-de-schoenstatt-en-mexico\/#primaryimage"},"thumbnailUrl":"https:\/\/schoenstatt.com\/wp-content\/uploads\/2025\/02\/Ordination-Father-Santiago-Abella-Mexico-Feb-2025-e-1.webp","datePublished":"2025-02-13T02:03:00+00:00","dateModified":"2025-08-22T15:34:54+00:00","description":"Un d\u00eda de gracias para la familia de Schoenstatt de San Luis Potos\u00ed: Santiago Abella fue ordenado sacerdote el 8 de febrero.","breadcrumb":{"@id":"https:\/\/schoenstatt.com\/es\/santiago-abella-es-ordenado-padre-de-schoenstatt-en-mexico\/#breadcrumb"},"inLanguage":"es","potentialAction":[{"@type":"ReadAction","target":["https:\/\/schoenstatt.com\/es\/santiago-abella-es-ordenado-padre-de-schoenstatt-en-mexico\/"]}]},{"@type":"ImageObject","inLanguage":"es","@id":"https:\/\/schoenstatt.com\/es\/santiago-abella-es-ordenado-padre-de-schoenstatt-en-mexico\/#primaryimage","url":"https:\/\/schoenstatt.com\/wp-content\/uploads\/2025\/02\/Ordination-Father-Santiago-Abella-Mexico-Feb-2025-e-1.webp","contentUrl":"https:\/\/schoenstatt.com\/wp-content\/uploads\/2025\/02\/Ordination-Father-Santiago-Abella-Mexico-Feb-2025-e-1.webp","width":1920,"height":1071},{"@type":"BreadcrumbList","@id":"https:\/\/schoenstatt.com\/es\/santiago-abella-es-ordenado-padre-de-schoenstatt-en-mexico\/#breadcrumb","itemListElement":[{"@type":"ListItem","position":1,"name":"Portada","item":"https:\/\/schoenstatt.com\/es\/home\/"},{"@type":"ListItem","position":2,"name":"Santiago Abella es ordenado Padre de Schoenstatt en M\u00e9xico"}]},{"@type":"WebSite","@id":"https:\/\/schoenstatt.com\/es\/#website","url":"https:\/\/schoenstatt.com\/es\/","name":"Schoenstatt","description":"Apostolic Movement","publisher":{"@id":"https:\/\/schoenstatt.com\/es\/#organization"},"potentialAction":[{"@type":"SearchAction","target":{"@type":"EntryPoint","urlTemplate":"https:\/\/schoenstatt.com\/es\/?s={search_term_string}"},"query-input":{"@type":"PropertyValueSpecification","valueRequired":true,"valueName":"search_term_string"}}],"inLanguage":"es"},{"@type":"Organization","@id":"https:\/\/schoenstatt.com\/es\/#organization","name":"Schoenstatt","url":"https:\/\/schoenstatt.com\/es\/","logo":{"@type":"ImageObject","inLanguage":"es","@id":"https:\/\/schoenstatt.com\/es\/#\/schema\/logo\/image\/","url":"https:\/\/schoenstatt.com\/wp-content\/uploads\/2025\/04\/logo-schoenstatt-white-696x696-1.png","contentUrl":"https:\/\/schoenstatt.com\/wp-content\/uploads\/2025\/04\/logo-schoenstatt-white-696x696-1.png","width":696,"height":694,"caption":"Schoenstatt"},"image":{"@id":"https:\/\/schoenstatt.com\/es\/#\/schema\/logo\/image\/"}},{"@type":"Person","@id":"https:\/\/schoenstatt.com\/es\/#\/schema\/person\/5158877ad4acae98b34daaeef2a1ce6e","name":"Karen Bueno","image":{"@type":"ImageObject","inLanguage":"es","@id":"https:\/\/secure.gravatar.com\/avatar\/f9f4b823873154269d2b2130f195f6d41037dd0d7fc5f3cacb5c846bae70d66b?s=96&d=mm&r=g","url":"https:\/\/secure.gravatar.com\/avatar\/f9f4b823873154269d2b2130f195f6d41037dd0d7fc5f3cacb5c846bae70d66b?s=96&d=mm&r=g","contentUrl":"https:\/\/secure.gravatar.com\/avatar\/f9f4b823873154269d2b2130f195f6d41037dd0d7fc5f3cacb5c846bae70d66b?s=96&d=mm&r=g","caption":"Karen Bueno"},"url":"https:\/\/schoenstatt.com\/es\/author\/karen-bueno\/"}]}},"_links":{"self":[{"href":"https:\/\/schoenstatt.com\/es\/wp-json\/wp\/v2\/posts\/43388","targetHints":{"allow":["GET"]}}],"collection":[{"href":"https:\/\/schoenstatt.com\/es\/wp-json\/wp\/v2\/posts"}],"about":[{"href":"https:\/\/schoenstatt.com\/es\/wp-json\/wp\/v2\/types\/post"}],"author":[{"embeddable":true,"href":"https:\/\/schoenstatt.com\/es\/wp-json\/wp\/v2\/users\/3"}],"replies":[{"embeddable":true,"href":"https:\/\/schoenstatt.com\/es\/wp-json\/wp\/v2\/comments?post=43388"}],"version-history":[{"count":8,"href":"https:\/\/schoenstatt.com\/es\/wp-json\/wp\/v2\/posts\/43388\/revisions"}],"predecessor-version":[{"id":63215,"href":"https:\/\/schoenstatt.com\/es\/wp-json\/wp\/v2\/posts\/43388\/revisions\/63215"}],"wp:featuredmedia":[{"embeddable":true,"href":"https:\/\/schoenstatt.com\/es\/wp-json\/wp\/v2\/media\/43381"}],"wp:attachment":[{"href":"https:\/\/schoenstatt.com\/es\/wp-json\/wp\/v2\/media?parent=43388"}],"wp:term":[{"taxonomy":"category","embeddable":true,"href":"https:\/\/schoenstatt.com\/es\/wp-json\/wp\/v2\/categories?post=43388"},{"taxonomy":"post_tag","embeddable":true,"href":"https:\/\/schoenstatt.com\/es\/wp-json\/wp\/v2\/tags?post=43388"}],"curies":[{"name":"wp","href":"https:\/\/api.w.org\/{rel}","templated":true}]}}