{"id":43347,"date":"2025-02-12T12:25:57","date_gmt":"2025-02-12T11:25:57","guid":{"rendered":"https:\/\/schoenstatt.com\/?p=43347"},"modified":"2025-08-21T04:09:48","modified_gmt":"2025-08-21T02:09:48","slug":"mons-lucio-ruiz-sean-misioneros-digitales","status":"publish","type":"post","link":"https:\/\/schoenstatt.com\/es\/mons-lucio-ruiz-sean-misioneros-digitales\/","title":{"rendered":"Mons. Lucio Ruiz: Sean misioneros digitales"},"content":{"rendered":"\n<p>Con el <a href=\"https:\/\/schoenstatt.com\/es\/ano-santo-de-la-iglesia-2025\/\"><mark style=\"background-color:rgba(0, 0, 0, 0);color:#ec960e\" class=\"has-inline-color\">A\u00f1o Santo de la Iglesia<\/mark><\/a>, comenzaron en Roma los encuentros jubilares de distintos grupos. El primer gran encuentro tuvo lugar del 24 al 26 de enero, con el Jubileo del Mundo de las Comunicaciones. Algunos comunicadores de Schoenstatt estuvieron presentes y participaron en diversas actividades.<\/p>\n\n\n\n<p>La Hna. Francine-Marie Cooper, responsable de comunicaci\u00f3n internacional de las <a href=\"https:\/\/www.s-ms.org\/es\/\" target=\"_blank\" rel=\"noreferrer noopener\"><mark style=\"background-color:rgba(0, 0, 0, 0);color:#ec960e\" class=\"has-inline-color\">Hermanas de Mar\u00eda de Schoenstatt<\/mark><\/a>, dice: <em>\u00abEstar en Roma para este jubileo no s\u00f3lo abraz\u00f3 mi identidad como cat\u00f3lica, sino tambi\u00e9n mi identidad como comunicadora. Pude llevar conmigo las intenciones de todos los comunicadores de Schoenstatt cuando atraves\u00e9 la Puerta Santa de la Bas\u00edlica de San Pedro. Le ped\u00ed al Se\u00f1or que nos guiara en nuestra misi\u00f3n de difundir el mensaje de Schoenstatt en el continente digital\u00bb.<\/em><\/p>\n\n\n\n<p>Sobre el acto, comenta:<em> \u00abLos ponentes fueron muy inspiradores. Nos animaron a contar la &#8216;buena nueva&#8217;, a compartir historias de esperanza para el mundo. La experiencia de ser un gran n\u00famero de Comunicadores Cat\u00f3licos fue inspiradora en s\u00ed misma y muy alentadora\u00bb.<\/em><\/p>\n\n\n\n<figure class=\"wp-block-image size-large\"><img decoding=\"async\" src=\"https:\/\/schoenstatt.com\/wp-content\/uploads\/2025\/02\/Schoenstatt-communicators-4-1024x768.jpg\" alt=\"\" class=\"wp-image-43337\"\/><\/figure>\n\n\n\n<h3 class=\"wp-block-heading\" id=\"h-llevar-schoenstatt-a-roma\"><strong>Llevar Schoenstatt a Roma<\/strong><\/h3>\n\n\n\n<p>Enrique y Martin Soros, de Estados Unidos, tambi\u00e9n viajaron a Roma para el evento. Para Martin, que es voluntario de la comunicaci\u00f3n internacional de Schoenstatt, lo que m\u00e1s le impact\u00f3 fueron los talleres y los testimonios de comunicadores experimentados:<em> \u00abFue una hermosa experiencia estar en Roma para el Jubileo de las Comunicaciones. Entre los participantes hab\u00eda muchos que trabajan en comunicaci\u00f3n en las di\u00f3cesis, en Movimientos, congregaciones religiosas\u2026 Estos periodistas hablaron de la importancia de decir siempre, siempre, la verdad, de mantener siempre una buena relaci\u00f3n con la prensa y de no verla como un enemigo. Tambi\u00e9n fue hermoso poder encontrarnos espont\u00e1neamente con gente del mundo de la comunicaci\u00f3n: sacerdotes, laicos, religiosos de todo el mundo, para compartir experiencias y llevar Schoenstatt a Roma &#8211; para mostrar que Schoenstatt est\u00e1 presente, para ver qu\u00e9 podemos aprender, c\u00f3mo podemos abrirnos m\u00e1s a la Iglesia\u00bb.<\/em><\/p>\n\n\n\n<figure class=\"wp-block-image size-large\"><img decoding=\"async\" src=\"https:\/\/schoenstatt.com\/wp-content\/uploads\/2025\/02\/Schoenstatt-communicators-1024x800.jpg\" alt=\"\" class=\"wp-image-43342\"\/><figcaption class=\"wp-element-caption\">Martin y Enrique Soros, Mons. Lucio Ruiz, Hna. Francine-Marie Cooper<\/figcaption><\/figure>\n\n\n\n<h3 class=\"wp-block-heading\" id=\"h-reunion-con-el-secretario-del-dicasterio-para-la-comunicacion\"><strong><strong>Reuni\u00f3n con el Secretario del Dicasterio para la Comunicaci\u00f3n<\/strong><\/strong><\/h3>\n\n\n\n<p>Los schoenstattianos tuvieron la oportunidad de conocer a monse\u00f1or Lucio Adri\u00e1n Ruiz, sacerdote argentino secretario del Dicasterio para la Comunicaci\u00f3n del Vaticano.<\/p>\n\n\n\n<p><em>\u00abSe interes\u00f3 mucho por el trabajo que hace Schoenstatt en el campo de la comunicaci\u00f3n y nos anim\u00f3 a seguir unidos a la Iglesia universal\u00bb,<\/em> dice la Hna. Francine-Marie.<\/p>\n\n\n\n<p>Aprovechando la ocasi\u00f3n, Mons. Ruiz envi\u00f3 un mensaje a toda la Familia de Schoenstatt, especialmente a los comunicadores:<\/p>\n\n\n\n<figure class=\"wp-block-embed is-type-video is-provider-youtube wp-block-embed-youtube wp-embed-aspect-16-9 wp-has-aspect-ratio\"><div class=\"wp-block-embed__wrapper\">\n<iframe title=\"ES EN - A los evangelizadores de Sch. - To Sch. evangelizers - Mons. Lucio Ruiz, Dicast. Comunic.\" width=\"800\" height=\"450\" src=\"https:\/\/www.youtube.com\/embed\/kGjgJ7UNLtw?feature=oembed\" frameborder=\"0\" allow=\"accelerometer; autoplay; clipboard-write; encrypted-media; gyroscope; picture-in-picture; web-share\" referrerpolicy=\"strict-origin-when-cross-origin\" allowfullscreen><\/iframe>\n<\/div><\/figure>\n\n\n\n<blockquote class=\"wp-block-quote is-layout-flow wp-block-quote-is-layout-flow\">\n<p class=\"has-text-color has-link-color wp-elements-fe3b7b372cc496da54cb934a2c3e4320\" style=\"color:#505050\"><em>\u00abQueridos evangelizadores, misioneros de Schoenstatt, \u00a1qu\u00e9 alegr\u00eda compartir este momento con ustedes! La verdad es que me siento muy feliz y quiero hacerles una invitaci\u00f3n a abrir el coraz\u00f3n y los ojos a esta realidad en la que vivimos hoy, que es la cultura digital, para que sean verdaderos misioneros en esta era digital. Y ser misionero digital significa hablar el lenguaje de los otros, estar en los lugares de los otros, ir a los espacios donde ellos est\u00e1n, con las din\u00e1micas de ellos, porque es importante, como en Pentecost\u00e9s, no s\u00f3lo predicar, sino que nos entiendan y entonces abran los ojos. Seamos una Iglesia en salida, para que muchos puedan recibir el mensaje de Jes\u00fas. Que en este a\u00f1o del Jubileo de la Esperanza podamos verdaderamente transmitir esa esperanza que llena nuestro coraz\u00f3n de alegr\u00eda. Vayan, vayan hasta los confines de la tierra. Vayan a los confines existenciales, donde hay siempre una mano que tiende para que podamos predicarle el amor, la ternura y la misericordia de Jes\u00fas\u00bb.<\/em><\/p>\n<\/blockquote>\n\n\n\n<p><strong>Traducci\u00f3n: <\/strong>Hna. M. Lourdes Mac\u00edas<\/p>\n","protected":false},"excerpt":{"rendered":"<p>Los schoenstattianos participaron en el Jubileo Mundial de las Comunicaciones en Roma y nos cuentan su experiencia.<\/p>\n","protected":false},"author":3,"featured_media":43332,"comment_status":"closed","ping_status":"closed","sticky":false,"template":"","format":"standard","meta":{"footnotes":""},"categories":[683],"tags":[373,976,1108],"class_list":["post-43347","post","type-post","status-publish","format-standard","has-post-thumbnail","hentry","category-iglesia-es","tag-comunicadores-es","tag-jubileo-de-la-iglesia-2025-es","tag-roma-es"],"yoast_head":"<!-- This site is optimized with the Yoast SEO Premium plugin v27.4 (Yoast SEO v27.5) - https:\/\/yoast.com\/product\/yoast-seo-premium-wordpress\/ -->\n<title>Mons. Lucio Ruiz: Sean misioneros digitales - Schoenstatt<\/title>\n<meta name=\"description\" content=\"Los schoenstattianos participaron en el Jubileo Mundial de las Comunicaciones en Roma y nos cuentan su experiencia.\" \/>\n<meta name=\"robots\" content=\"index, follow, max-snippet:-1, max-image-preview:large, max-video-preview:-1\" \/>\n<link rel=\"canonical\" href=\"https:\/\/schoenstatt.com\/es\/mons-lucio-ruiz-sean-misioneros-digitales\/\" \/>\n<meta property=\"og:locale\" content=\"es_ES\" \/>\n<meta property=\"og:type\" content=\"article\" \/>\n<meta property=\"og:title\" content=\"Mons. Lucio Ruiz: Sean misioneros digitales\" \/>\n<meta property=\"og:description\" content=\"Los schoenstattianos participaron en el Jubileo Mundial de las Comunicaciones en Roma y nos cuentan su experiencia.\" \/>\n<meta property=\"og:url\" content=\"https:\/\/schoenstatt.com\/es\/mons-lucio-ruiz-sean-misioneros-digitales\/\" \/>\n<meta property=\"og:site_name\" content=\"Schoenstatt\" \/>\n<meta property=\"article:published_time\" content=\"2025-02-12T11:25:57+00:00\" \/>\n<meta property=\"article:modified_time\" content=\"2025-08-21T02:09:48+00:00\" \/>\n<meta property=\"og:image\" content=\"https:\/\/schoenstatt.com\/wp-content\/uploads\/2025\/02\/Schoenstatt-communicators-2-1.webp\" \/>\n\t<meta property=\"og:image:width\" content=\"1920\" \/>\n\t<meta property=\"og:image:height\" content=\"1179\" \/>\n\t<meta property=\"og:image:type\" content=\"image\/webp\" \/>\n<meta name=\"author\" content=\"Karen Bueno\" \/>\n<meta name=\"twitter:card\" content=\"summary_large_image\" \/>\n<meta name=\"twitter:label1\" content=\"Escrito por\" \/>\n\t<meta name=\"twitter:data1\" content=\"Karen Bueno\" \/>\n\t<meta name=\"twitter:label2\" content=\"Tiempo de lectura\" \/>\n\t<meta name=\"twitter:data2\" content=\"3 minutos\" \/>\n<script type=\"application\/ld+json\" class=\"yoast-schema-graph\">{\"@context\":\"https:\\\/\\\/schema.org\",\"@graph\":[{\"@type\":\"Article\",\"@id\":\"https:\\\/\\\/schoenstatt.com\\\/es\\\/mons-lucio-ruiz-sean-misioneros-digitales\\\/#article\",\"isPartOf\":{\"@id\":\"https:\\\/\\\/schoenstatt.com\\\/es\\\/mons-lucio-ruiz-sean-misioneros-digitales\\\/\"},\"author\":{\"name\":\"Karen Bueno\",\"@id\":\"https:\\\/\\\/schoenstatt.com\\\/es\\\/#\\\/schema\\\/person\\\/5158877ad4acae98b34daaeef2a1ce6e\"},\"headline\":\"Mons. Lucio Ruiz: Sean misioneros digitales\",\"datePublished\":\"2025-02-12T11:25:57+00:00\",\"dateModified\":\"2025-08-21T02:09:48+00:00\",\"mainEntityOfPage\":{\"@id\":\"https:\\\/\\\/schoenstatt.com\\\/es\\\/mons-lucio-ruiz-sean-misioneros-digitales\\\/\"},\"wordCount\":628,\"publisher\":{\"@id\":\"https:\\\/\\\/schoenstatt.com\\\/es\\\/#organization\"},\"image\":{\"@id\":\"https:\\\/\\\/schoenstatt.com\\\/es\\\/mons-lucio-ruiz-sean-misioneros-digitales\\\/#primaryimage\"},\"thumbnailUrl\":\"https:\\\/\\\/schoenstatt.com\\\/wp-content\\\/uploads\\\/2025\\\/02\\\/Schoenstatt-communicators-2-1.webp\",\"keywords\":[\"Comunicadores\",\"Jubileo de la Iglesia 2025\",\"Roma\"],\"articleSection\":[\"Iglesia\"],\"inLanguage\":\"es\"},{\"@type\":\"WebPage\",\"@id\":\"https:\\\/\\\/schoenstatt.com\\\/es\\\/mons-lucio-ruiz-sean-misioneros-digitales\\\/\",\"url\":\"https:\\\/\\\/schoenstatt.com\\\/es\\\/mons-lucio-ruiz-sean-misioneros-digitales\\\/\",\"name\":\"Mons. Lucio Ruiz: Sean misioneros digitales - Schoenstatt\",\"isPartOf\":{\"@id\":\"https:\\\/\\\/schoenstatt.com\\\/es\\\/#website\"},\"primaryImageOfPage\":{\"@id\":\"https:\\\/\\\/schoenstatt.com\\\/es\\\/mons-lucio-ruiz-sean-misioneros-digitales\\\/#primaryimage\"},\"image\":{\"@id\":\"https:\\\/\\\/schoenstatt.com\\\/es\\\/mons-lucio-ruiz-sean-misioneros-digitales\\\/#primaryimage\"},\"thumbnailUrl\":\"https:\\\/\\\/schoenstatt.com\\\/wp-content\\\/uploads\\\/2025\\\/02\\\/Schoenstatt-communicators-2-1.webp\",\"datePublished\":\"2025-02-12T11:25:57+00:00\",\"dateModified\":\"2025-08-21T02:09:48+00:00\",\"description\":\"Los schoenstattianos participaron en el Jubileo Mundial de las Comunicaciones en Roma y nos cuentan su experiencia.\",\"breadcrumb\":{\"@id\":\"https:\\\/\\\/schoenstatt.com\\\/es\\\/mons-lucio-ruiz-sean-misioneros-digitales\\\/#breadcrumb\"},\"inLanguage\":\"es\",\"potentialAction\":[{\"@type\":\"ReadAction\",\"target\":[\"https:\\\/\\\/schoenstatt.com\\\/es\\\/mons-lucio-ruiz-sean-misioneros-digitales\\\/\"]}]},{\"@type\":\"ImageObject\",\"inLanguage\":\"es\",\"@id\":\"https:\\\/\\\/schoenstatt.com\\\/es\\\/mons-lucio-ruiz-sean-misioneros-digitales\\\/#primaryimage\",\"url\":\"https:\\\/\\\/schoenstatt.com\\\/wp-content\\\/uploads\\\/2025\\\/02\\\/Schoenstatt-communicators-2-1.webp\",\"contentUrl\":\"https:\\\/\\\/schoenstatt.com\\\/wp-content\\\/uploads\\\/2025\\\/02\\\/Schoenstatt-communicators-2-1.webp\",\"width\":1920,\"height\":1179},{\"@type\":\"BreadcrumbList\",\"@id\":\"https:\\\/\\\/schoenstatt.com\\\/es\\\/mons-lucio-ruiz-sean-misioneros-digitales\\\/#breadcrumb\",\"itemListElement\":[{\"@type\":\"ListItem\",\"position\":1,\"name\":\"Portada\",\"item\":\"https:\\\/\\\/schoenstatt.com\\\/es\\\/home\\\/\"},{\"@type\":\"ListItem\",\"position\":2,\"name\":\"Mons. Lucio Ruiz: Sean misioneros digitales\"}]},{\"@type\":\"WebSite\",\"@id\":\"https:\\\/\\\/schoenstatt.com\\\/es\\\/#website\",\"url\":\"https:\\\/\\\/schoenstatt.com\\\/es\\\/\",\"name\":\"Schoenstatt\",\"description\":\"Apostolic Movement\",\"publisher\":{\"@id\":\"https:\\\/\\\/schoenstatt.com\\\/es\\\/#organization\"},\"potentialAction\":[{\"@type\":\"SearchAction\",\"target\":{\"@type\":\"EntryPoint\",\"urlTemplate\":\"https:\\\/\\\/schoenstatt.com\\\/es\\\/?s={search_term_string}\"},\"query-input\":{\"@type\":\"PropertyValueSpecification\",\"valueRequired\":true,\"valueName\":\"search_term_string\"}}],\"inLanguage\":\"es\"},{\"@type\":\"Organization\",\"@id\":\"https:\\\/\\\/schoenstatt.com\\\/es\\\/#organization\",\"name\":\"Schoenstatt\",\"url\":\"https:\\\/\\\/schoenstatt.com\\\/es\\\/\",\"logo\":{\"@type\":\"ImageObject\",\"inLanguage\":\"es\",\"@id\":\"https:\\\/\\\/schoenstatt.com\\\/es\\\/#\\\/schema\\\/logo\\\/image\\\/\",\"url\":\"https:\\\/\\\/schoenstatt.com\\\/wp-content\\\/uploads\\\/2025\\\/04\\\/logo-schoenstatt-white-696x696-1.png\",\"contentUrl\":\"https:\\\/\\\/schoenstatt.com\\\/wp-content\\\/uploads\\\/2025\\\/04\\\/logo-schoenstatt-white-696x696-1.png\",\"width\":696,\"height\":694,\"caption\":\"Schoenstatt\"},\"image\":{\"@id\":\"https:\\\/\\\/schoenstatt.com\\\/es\\\/#\\\/schema\\\/logo\\\/image\\\/\"}},{\"@type\":\"Person\",\"@id\":\"https:\\\/\\\/schoenstatt.com\\\/es\\\/#\\\/schema\\\/person\\\/5158877ad4acae98b34daaeef2a1ce6e\",\"name\":\"Karen Bueno\",\"image\":{\"@type\":\"ImageObject\",\"inLanguage\":\"es\",\"@id\":\"https:\\\/\\\/secure.gravatar.com\\\/avatar\\\/f9f4b823873154269d2b2130f195f6d41037dd0d7fc5f3cacb5c846bae70d66b?s=96&d=mm&r=g\",\"url\":\"https:\\\/\\\/secure.gravatar.com\\\/avatar\\\/f9f4b823873154269d2b2130f195f6d41037dd0d7fc5f3cacb5c846bae70d66b?s=96&d=mm&r=g\",\"contentUrl\":\"https:\\\/\\\/secure.gravatar.com\\\/avatar\\\/f9f4b823873154269d2b2130f195f6d41037dd0d7fc5f3cacb5c846bae70d66b?s=96&d=mm&r=g\",\"caption\":\"Karen Bueno\"},\"url\":\"https:\\\/\\\/schoenstatt.com\\\/es\\\/author\\\/karen-bueno\\\/\"}]}<\/script>\n<!-- \/ Yoast SEO Premium plugin. -->","yoast_head_json":{"title":"Mons. Lucio Ruiz: Sean misioneros digitales - Schoenstatt","description":"Los schoenstattianos participaron en el Jubileo Mundial de las Comunicaciones en Roma y nos cuentan su experiencia.","robots":{"index":"index","follow":"follow","max-snippet":"max-snippet:-1","max-image-preview":"max-image-preview:large","max-video-preview":"max-video-preview:-1"},"canonical":"https:\/\/schoenstatt.com\/es\/mons-lucio-ruiz-sean-misioneros-digitales\/","og_locale":"es_ES","og_type":"article","og_title":"Mons. Lucio Ruiz: Sean misioneros digitales","og_description":"Los schoenstattianos participaron en el Jubileo Mundial de las Comunicaciones en Roma y nos cuentan su experiencia.","og_url":"https:\/\/schoenstatt.com\/es\/mons-lucio-ruiz-sean-misioneros-digitales\/","og_site_name":"Schoenstatt","article_published_time":"2025-02-12T11:25:57+00:00","article_modified_time":"2025-08-21T02:09:48+00:00","og_image":[{"width":1920,"height":1179,"url":"https:\/\/schoenstatt.com\/wp-content\/uploads\/2025\/02\/Schoenstatt-communicators-2-1.webp","type":"image\/webp"}],"author":"Karen Bueno","twitter_card":"summary_large_image","twitter_misc":{"Escrito por":"Karen Bueno","Tiempo de lectura":"3 minutos"},"schema":{"@context":"https:\/\/schema.org","@graph":[{"@type":"Article","@id":"https:\/\/schoenstatt.com\/es\/mons-lucio-ruiz-sean-misioneros-digitales\/#article","isPartOf":{"@id":"https:\/\/schoenstatt.com\/es\/mons-lucio-ruiz-sean-misioneros-digitales\/"},"author":{"name":"Karen Bueno","@id":"https:\/\/schoenstatt.com\/es\/#\/schema\/person\/5158877ad4acae98b34daaeef2a1ce6e"},"headline":"Mons. Lucio Ruiz: Sean misioneros digitales","datePublished":"2025-02-12T11:25:57+00:00","dateModified":"2025-08-21T02:09:48+00:00","mainEntityOfPage":{"@id":"https:\/\/schoenstatt.com\/es\/mons-lucio-ruiz-sean-misioneros-digitales\/"},"wordCount":628,"publisher":{"@id":"https:\/\/schoenstatt.com\/es\/#organization"},"image":{"@id":"https:\/\/schoenstatt.com\/es\/mons-lucio-ruiz-sean-misioneros-digitales\/#primaryimage"},"thumbnailUrl":"https:\/\/schoenstatt.com\/wp-content\/uploads\/2025\/02\/Schoenstatt-communicators-2-1.webp","keywords":["Comunicadores","Jubileo de la Iglesia 2025","Roma"],"articleSection":["Iglesia"],"inLanguage":"es"},{"@type":"WebPage","@id":"https:\/\/schoenstatt.com\/es\/mons-lucio-ruiz-sean-misioneros-digitales\/","url":"https:\/\/schoenstatt.com\/es\/mons-lucio-ruiz-sean-misioneros-digitales\/","name":"Mons. Lucio Ruiz: Sean misioneros digitales - Schoenstatt","isPartOf":{"@id":"https:\/\/schoenstatt.com\/es\/#website"},"primaryImageOfPage":{"@id":"https:\/\/schoenstatt.com\/es\/mons-lucio-ruiz-sean-misioneros-digitales\/#primaryimage"},"image":{"@id":"https:\/\/schoenstatt.com\/es\/mons-lucio-ruiz-sean-misioneros-digitales\/#primaryimage"},"thumbnailUrl":"https:\/\/schoenstatt.com\/wp-content\/uploads\/2025\/02\/Schoenstatt-communicators-2-1.webp","datePublished":"2025-02-12T11:25:57+00:00","dateModified":"2025-08-21T02:09:48+00:00","description":"Los schoenstattianos participaron en el Jubileo Mundial de las Comunicaciones en Roma y nos cuentan su experiencia.","breadcrumb":{"@id":"https:\/\/schoenstatt.com\/es\/mons-lucio-ruiz-sean-misioneros-digitales\/#breadcrumb"},"inLanguage":"es","potentialAction":[{"@type":"ReadAction","target":["https:\/\/schoenstatt.com\/es\/mons-lucio-ruiz-sean-misioneros-digitales\/"]}]},{"@type":"ImageObject","inLanguage":"es","@id":"https:\/\/schoenstatt.com\/es\/mons-lucio-ruiz-sean-misioneros-digitales\/#primaryimage","url":"https:\/\/schoenstatt.com\/wp-content\/uploads\/2025\/02\/Schoenstatt-communicators-2-1.webp","contentUrl":"https:\/\/schoenstatt.com\/wp-content\/uploads\/2025\/02\/Schoenstatt-communicators-2-1.webp","width":1920,"height":1179},{"@type":"BreadcrumbList","@id":"https:\/\/schoenstatt.com\/es\/mons-lucio-ruiz-sean-misioneros-digitales\/#breadcrumb","itemListElement":[{"@type":"ListItem","position":1,"name":"Portada","item":"https:\/\/schoenstatt.com\/es\/home\/"},{"@type":"ListItem","position":2,"name":"Mons. Lucio Ruiz: Sean misioneros digitales"}]},{"@type":"WebSite","@id":"https:\/\/schoenstatt.com\/es\/#website","url":"https:\/\/schoenstatt.com\/es\/","name":"Schoenstatt","description":"Apostolic Movement","publisher":{"@id":"https:\/\/schoenstatt.com\/es\/#organization"},"potentialAction":[{"@type":"SearchAction","target":{"@type":"EntryPoint","urlTemplate":"https:\/\/schoenstatt.com\/es\/?s={search_term_string}"},"query-input":{"@type":"PropertyValueSpecification","valueRequired":true,"valueName":"search_term_string"}}],"inLanguage":"es"},{"@type":"Organization","@id":"https:\/\/schoenstatt.com\/es\/#organization","name":"Schoenstatt","url":"https:\/\/schoenstatt.com\/es\/","logo":{"@type":"ImageObject","inLanguage":"es","@id":"https:\/\/schoenstatt.com\/es\/#\/schema\/logo\/image\/","url":"https:\/\/schoenstatt.com\/wp-content\/uploads\/2025\/04\/logo-schoenstatt-white-696x696-1.png","contentUrl":"https:\/\/schoenstatt.com\/wp-content\/uploads\/2025\/04\/logo-schoenstatt-white-696x696-1.png","width":696,"height":694,"caption":"Schoenstatt"},"image":{"@id":"https:\/\/schoenstatt.com\/es\/#\/schema\/logo\/image\/"}},{"@type":"Person","@id":"https:\/\/schoenstatt.com\/es\/#\/schema\/person\/5158877ad4acae98b34daaeef2a1ce6e","name":"Karen Bueno","image":{"@type":"ImageObject","inLanguage":"es","@id":"https:\/\/secure.gravatar.com\/avatar\/f9f4b823873154269d2b2130f195f6d41037dd0d7fc5f3cacb5c846bae70d66b?s=96&d=mm&r=g","url":"https:\/\/secure.gravatar.com\/avatar\/f9f4b823873154269d2b2130f195f6d41037dd0d7fc5f3cacb5c846bae70d66b?s=96&d=mm&r=g","contentUrl":"https:\/\/secure.gravatar.com\/avatar\/f9f4b823873154269d2b2130f195f6d41037dd0d7fc5f3cacb5c846bae70d66b?s=96&d=mm&r=g","caption":"Karen Bueno"},"url":"https:\/\/schoenstatt.com\/es\/author\/karen-bueno\/"}]}},"_links":{"self":[{"href":"https:\/\/schoenstatt.com\/es\/wp-json\/wp\/v2\/posts\/43347","targetHints":{"allow":["GET"]}}],"collection":[{"href":"https:\/\/schoenstatt.com\/es\/wp-json\/wp\/v2\/posts"}],"about":[{"href":"https:\/\/schoenstatt.com\/es\/wp-json\/wp\/v2\/types\/post"}],"author":[{"embeddable":true,"href":"https:\/\/schoenstatt.com\/es\/wp-json\/wp\/v2\/users\/3"}],"replies":[{"embeddable":true,"href":"https:\/\/schoenstatt.com\/es\/wp-json\/wp\/v2\/comments?post=43347"}],"version-history":[{"count":4,"href":"https:\/\/schoenstatt.com\/es\/wp-json\/wp\/v2\/posts\/43347\/revisions"}],"predecessor-version":[{"id":63014,"href":"https:\/\/schoenstatt.com\/es\/wp-json\/wp\/v2\/posts\/43347\/revisions\/63014"}],"wp:featuredmedia":[{"embeddable":true,"href":"https:\/\/schoenstatt.com\/es\/wp-json\/wp\/v2\/media\/43332"}],"wp:attachment":[{"href":"https:\/\/schoenstatt.com\/es\/wp-json\/wp\/v2\/media?parent=43347"}],"wp:term":[{"taxonomy":"category","embeddable":true,"href":"https:\/\/schoenstatt.com\/es\/wp-json\/wp\/v2\/categories?post=43347"},{"taxonomy":"post_tag","embeddable":true,"href":"https:\/\/schoenstatt.com\/es\/wp-json\/wp\/v2\/tags?post=43347"}],"curies":[{"name":"wp","href":"https:\/\/api.w.org\/{rel}","templated":true}]}}