{"id":43266,"date":"2025-02-05T14:31:34","date_gmt":"2025-02-05T13:31:34","guid":{"rendered":"https:\/\/schoenstatt.com\/?p=43266"},"modified":"2025-08-19T01:58:20","modified_gmt":"2025-08-18T23:58:20","slug":"la-vida-de-joao-luiz-pozzobon-representada-en-el-teatro-y-el-cine-en-polonia","status":"publish","type":"post","link":"https:\/\/schoenstatt.com\/es\/la-vida-de-joao-luiz-pozzobon-representada-en-el-teatro-y-el-cine-en-polonia\/","title":{"rendered":"La vida de Jo\u00e3o Luiz Pozzobon representada en el teatro y el cine en Polonia"},"content":{"rendered":"\n<p>La actriz, directora de teatro y cine polaca Izabela Drobotowicz-Orkisz cre\u00f3 la obra \u00abSiervo de Mar\u00eda para la salvaci\u00f3n de las almas\u00bb, sobre el <a href=\"https:\/\/schoenstatt.com\/es\/el-vaticano-fija-fecha-para-analizar-el-proceso-de-beatificacion-de-joao-pozzobon\/\"><mark style=\"background-color:rgba(0, 0, 0, 0);color:#dd8d0f\" class=\"has-inline-color\">siervo de Dios Jo\u00e3o Luiz Pozzobon<\/mark><\/a>. La obra ya se ha representado varias veces en Polonia y recientemente ha sido llevada al cine. Drobotowicz-Orkisz lleva a\u00f1os llevando al escenario la vida de santos y beatos. Ha puesto en escena estas obras con profunda fe y respeto, convencida de que representar a estas personas nos ayuda a comprender sus vidas y a experimentar su intercesi\u00f3n y apoyo espiritual.<\/p>\n\n\n\n<p>La sensibilidad art\u00edstica de Izabela Drobotowicz-Orkisz hacia el valor de la espiritualidad, la fe y la vida de los santos se refleja en su arte. Por ello, sus obras de teatro, monodramas y pel\u00edculas acercan al p\u00fablico a los santos y fomentan la reflexi\u00f3n sobre la profundidad de la fe, el sentido de la vida y el papel de la oraci\u00f3n en la vida humana.<\/p>\n\n\n\n<p>Drobotowicz-Orkisz habla con orgullo de su trabajo en la obra \u00abS\u0142uga Maryi dla zbawienia dusz\u00bb (Siervo de Mar\u00eda para la salvaci\u00f3n de las almas). Este trabajo, basado en documentos y materiales de la vida de Pozzobon, le permiti\u00f3 conocer mejor su personalidad. Destaca que Jo\u00e3o Luiz Pozzobon, a pesar de su sencilla educaci\u00f3n, dej\u00f3 un gran testimonio de fe y amor a Dios y a las personas. Estas caracter\u00edsticas se convirtieron en el punto de partida para la creaci\u00f3n del guion, que inspira no s\u00f3lo por su narrativa, sino tambi\u00e9n por su profundidad espiritual.<\/p>\n\n\n\n<p>En conversaci\u00f3n con Dobromi\u0142a Salik y el Padre Arkadiusz Sosna, explica por qu\u00e9 eligi\u00f3 representar la vida de Joao Pozzobon. La artista comparte sus reflexiones sobre su trabajo creativo y las experiencias espirituales que la guiaron en la realizaci\u00f3n de la obra sobre este extraordinario Padre, esposo y di\u00e1cono.<\/p>\n\n\n\n<figure class=\"wp-block-image size-large\"><img decoding=\"async\" src=\"https:\/\/schoenstatt.com\/wp-content\/uploads\/2025\/02\/Izabela-Drobotowicz-Orkisz-2-1024x768.jpg\" alt=\"\" class=\"wp-image-43249\"\/><\/figure>\n\n\n\n<h3 class=\"wp-block-heading\" id=\"h-por-que-estudio-al-siervo-de-dios-joao-luiz-pozzobon-que-le-fascino-de-el\"><strong><strong>\u00bfPor qu\u00e9 estudi\u00f3 al siervo de Dios Jo\u00e3o Luiz Pozzobon? \u00bfQu\u00e9 le fascin\u00f3 de \u00e9l?<\/strong><\/strong><\/h3>\n\n\n\n<p>Por el oto\u00f1o del 2023, cuando est\u00e1bamos planeando el <a href=\"https:\/\/schoenstatt.com\/es\/siempre-un-poco-mas-para-dios-para-maria-y-para-todos\/\"><mark style=\"background-color:rgba(0, 0, 0, 0);color:#dd8d0f\" class=\"has-inline-color\">Encuentro del Apostolado de la Virgen Peregrina de Schoenstatt<\/mark><\/a> para agosto de 2024, la Hna. M. Damiana Czoga\u0142a me pregunt\u00f3 si pod\u00eda hacer un programa o una obra de teatro sobre Jo\u00e3o Luiz Pozzobon. Ella hab\u00eda visto la pel\u00edcula de mi obra sobre la Sierva de Dios Jadwiga Zamojska, titulada \u00abHay que conocer la Patria\u00bb, y eso la inspir\u00f3. Le dije que s\u00ed, si me proporcionaba material, y que prefer\u00eda incorporar al guion textos de santos, beatos o candidatos a la canonizaci\u00f3n. El libro \u00abEl pobre di\u00e1cono\u00bb, de Esteban Uriburu, las notas de Jo\u00e3o Luiz y varios art\u00edculos del Movimiento de Schoenstatt formaron la base del texto. Vi pel\u00edculas y fotos en Internet y qued\u00e9 encantado con este hombre humilde, recto, perseverante y fiel. Un hombre que no ten\u00eda miedo de ir a los barrios bajos, sino tambi\u00e9n de enfrentarse al obispo por fidelidad. Un laico: marido y padre, agricultor y empresario, ap\u00f3stol peregrino.<\/p>\n\n\n\n<h3 class=\"wp-block-heading\" id=\"h-podria-hablarnos-un-poco-de-usted\"><strong>\u00bfPodr\u00eda hablarnos un poco de usted?<\/strong><\/h3>\n\n\n\n<p>Cuando pienso en m\u00ed a la luz de la vida del siervo de Dios Jo\u00e3o Luiz Pozzobon, digo: Soy la hija mayor de cuatro hermanos. Mis padres ten\u00edan dificultades para mantenernos, por lo que quise aprender r\u00e1pidamente un oficio. Con gran determinaci\u00f3n y convicci\u00f3n, comenc\u00e9 mis estudios en la Escuela T\u00e9cnica Superior de Comunicaci\u00f3n de Gdansk, mi ciudad natal, especializ\u00e1ndome en \u00abM\u00e1quinas Matem\u00e1ticas Electr\u00f3nicas\u00bb, una asignatura muy elitista en 1973. El esp\u00edritu que transmit\u00edan los patrones de la escuela era muy importante para m\u00ed. Antes del bachillerato, estudi\u00e9 psicolog\u00eda y ruso. Pero ya llevaba a\u00f1os en el c\u00edrculo teatral y hab\u00eda ganado muchos premios de interpretaci\u00f3n, y\u2026 todo sali\u00f3 de otra manera. Aprob\u00e9 las pruebas de acceso a la Universidad Estatal de Artes Teatrales de Cracovia en mi primer intento. Pero segu\u00ed siendo fiel a la psicolog\u00eda. Tras varios a\u00f1os de empleo fijo en el teatro estatal, la hagiograf\u00eda se sum\u00f3 a mi pasi\u00f3n. Fund\u00e9 mi propio teatro hagiogr\u00e1fico profesional, en honor de Santa Teresa de Lisieux, en Cracovia, la ciudad conocida como la \u00absegunda Roma de Europa\u00bb.<\/p>\n\n\n\n<figure class=\"wp-block-image size-full\"><img decoding=\"async\" src=\"https:\/\/schoenstatt.com\/wp-content\/uploads\/2025\/02\/Izabela-Drobotowicz-Orkisz-3.jpg\" alt=\"\" class=\"wp-image-43254\"\/><\/figure>\n\n\n\n<h3 class=\"wp-block-heading\" id=\"h-que-significa-para-usted-la-imagen-de-la-madre-tres-veces-admirable\"><strong>\u00bfQu\u00e9 significa para usted la imagen de la Madre Tres Veces Admirable?<\/strong><\/h3>\n\n\n\n<p>Ya la conoc\u00eda\u2026 En otro marco, este cuadro colgaba en casa de los Wojty\u0142as, y lo vi en el museo de Wadowice. En Siedlec, cerca de Cracovia, est\u00e1 en la habitaci\u00f3n de la Sierva de Dios Madre Paula Zofia Tajber, fundadora del Instituto de las Hermanas de la Sant\u00edsima Alma de Cristo. Por medio de Santa Teresa de \u00c1vila conoc\u00ed la imagen de la MTA. Con motivo del 500 aniversario de su nacimiento en 2015, represent\u00e9 el estreno mundial de mi mono drama \u00ab7 moradas dentro del alma\u00bb basado en \u00abEl castillo interior\u00bb en el convento carmelita de Cracovia. Era un domingo. Fui a la Santa Misa en la Iglesia cercana y, al salir, vi una imagen de la Virgen Peregrina de Schoenstatt que ten\u00eda una mujer junto con folletos de apostolado. Y como estoy convencida de que no hay casualidades sino se\u00f1ales de Dios, me acerqu\u00e9 a ella. Al cabo de unas semanas, la Hna. M. Damiana me dio una Imagen Peregrina y, despu\u00e9s de contar ya con la aprobaci\u00f3n del P\u00e1rroco, fund\u00e9 un c\u00edrculo entre mis vecinos. Ya no vivo en ese barrio, pero la Peregrina sigue circulando en la colonia. Actualmente tengo una Imagen Peregrina m\u00e1s peque\u00f1a en mi casa. Tambi\u00e9n particip\u00e9 en la oraci\u00f3n del V\u00eda Crucis por el proyecto de la Virgen Peregrina en el lugar de peregrinaci\u00f3n de Jasna G\u00f3ra. Los testimonios de las personas sobre las gracias recibidas al rezar ante esta imagen de la Madre de Dios son muy conmovedores, y algunos incluso estremecedores. Yo tambi\u00e9n siento su cercan\u00eda amorosa.<\/p>\n\n\n\n<h3 class=\"wp-block-heading\" id=\"h-como-ve-a-joao-pozzobon-en-el-contexto-de-schoenstatt-y-de-la-iglesia\"><strong>\u00bfC\u00f3mo ve a Jo\u00e3o Pozzobon en el contexto de Schoenstatt y de la Iglesia?<\/strong><\/h3>\n\n\n\n<p>Creo que Jo\u00e3o Luiz est\u00e1 estrechamente relacionado con las ense\u00f1anzas del Papa Francisco. S\u00ed, en la mayor parte del mundo, la Iglesia cat\u00f3lica deber\u00eda ser \u00abun hospital de campa\u00f1a\u00bb, y Jo\u00e3o lo puso en pr\u00e1ctica. Tambi\u00e9n dio constantemente testimonio de lo que Juan Pablo II hab\u00eda pedido. Una cualidad especialmente valiosa para m\u00ed es que encontr\u00f3 una vocaci\u00f3n dentro de otra vocaci\u00f3n: Como esposo y padre, agricultor y empresario, se convirti\u00f3 en un peregrino perpetuo, un siervo de Mar\u00eda.<\/p>\n\n\n\n<p>La obra muestra maravillosamente la versatilidad de esta persona inculta pero muy sabia, desde su alegre observaci\u00f3n de la naturaleza hasta la forma digna en que domin\u00f3 su vida y su lealtad a Dios y a Mar\u00eda.<\/p>\n\n\n\n<h3 class=\"wp-block-heading\" id=\"h-como-se-hizo-la-pelicula\"><strong>\u00bfC\u00f3mo se hizo la pel\u00edcula?<\/strong><\/h3>\n\n\n\n<p>La pel\u00edcula se realiz\u00f3 a partir de im\u00e1genes tomadas durante el estreno de la obra de Marek Mika. Maciej Dunin-Borkowski la edit\u00f3 y perfeccion\u00f3 en el Studio Katolik de Cracovia bajo mi direcci\u00f3n. Mantuve el t\u00edtulo que hab\u00eda dado a la obra: \u00abJo\u00e3o Luiz Pozzobon &#8211; Siervo de Mar\u00eda para la salvaci\u00f3n de las almas\u00bb. Dediqu\u00e9 casi un a\u00f1o de mi vida a este tema y trabaj\u00e9 hasta la extenuaci\u00f3n, pero estoy muy contenta por ello. Sin embargo, he cedido todos los derechos de autor al Instituto de las Hermanas de Mar\u00eda de Schoenstatt, y las Hermanas son ahora responsables de la distribuci\u00f3n de la pel\u00edcula.<\/p>\n\n\n\n<h3 class=\"wp-block-heading\" id=\"h-experimento-alguna-gracia-especial-o-algo-nuevo-durante-la-preparacion-de-la-obra-sobre-el-siervo-de-dios\"><strong>\u00bfExperiment\u00f3 alguna gracia especial o algo nuevo durante la preparaci\u00f3n de la obra sobre el Siervo de Dios?<\/strong><\/h3>\n\n\n\n<p>Estaba centrada en mi ministerio sobre este tema, pero durante el trabajo me di cuenta de que hab\u00eda comenzado una \u00abera Pozzobon\u00bb en mi vida y de que hab\u00eda recibido muchas gracias inesperadas, como la boda de mi hija o hermosas noticias familiares\u2026 Al mismo tiempo, tambi\u00e9n hubo asuntos dif\u00edciles y dolorosos. Conf\u00edo en que Jo\u00e3o interceder\u00e1 por nosotros ante Dios.<\/p>\n\n\n\n<figure class=\"wp-block-image size-large\"><img decoding=\"async\" src=\"https:\/\/schoenstatt.com\/wp-content\/uploads\/2025\/02\/Izabela-Drobotowicz-Orkisz-1024x683.jpg\" alt=\"\" class=\"wp-image-43259\"\/><\/figure>\n\n\n\n<h3 class=\"wp-block-heading\" id=\"h-y-como-fueron-los-preparativos-para-el-estreno-represento-la-obra-varias-veces\"><strong>\u00bfY c\u00f3mo fueron los preparativos para el estreno? \u00bfRepresent\u00f3 la obra varias veces?<\/strong><\/h3>\n\n\n\n<p>Ya he hablado de la estructura del guion. Las pel\u00edculas fueron seleccionadas y editadas con sumo cuidado por la Hna. M. Damiana. Tambi\u00e9n invit\u00f3 a una conocida profesora de m\u00fasica, Alicja Baczy\u0144ska, que se encarg\u00f3 del arreglo musical de la obra. La primera representaci\u00f3n tuvo lugar el 10 de agosto de 2024 en la colina de Santa Ana en el marco del <a href=\"https:\/\/schoenstatt.com\/es\/siempre-un-poco-mas-para-dios-para-maria-y-para-todos\/\"><mark style=\"background-color:rgba(0, 0, 0, 0);color:#dd8d0f\" class=\"has-inline-color\">Foro del Apostolado de la MTA<\/mark><\/a> para 340 personas, y la segunda el 20 de septiembre de 2024 en la Casa Provincial de las Hermanas de Mar\u00eda en Otwock para 120 personas. Por supuesto, \u00a1hicimos un peque\u00f1o ensayo general y un sorteo antes de la representaci\u00f3n!<\/p>\n\n\n\n<h3 class=\"wp-block-heading\" id=\"h-como-ve-a-joao-luiz-pozzobon-como-intercesor\"><strong>\u00bfC\u00f3mo ve a Jo\u00e3o Luiz Pozzobon como intercesor?<\/strong><\/h3>\n\n\n\n<p>Este a\u00f1o cumplir\u00e9 67 a\u00f1os y s\u00e9 que hay que vivir pensando en el final. A\u00fan no puedo vivir cada momento como si cada uno de mis d\u00edas fuera el \u00faltimo de mi vida\u2026 San Maximiliano Kolbe, sobre quien hice una obra en el Teatro de los Hagi\u00f3grafos, escribi\u00f3 la ecuaci\u00f3n \u00abv = V\u00bb, que significa que mi voluntad corresponde al cumplimiento de la voluntad de Dios &#8211; y \u00e9l siempre se esforz\u00f3 por hacer realidad esa ecuaci\u00f3n, y yo tambi\u00e9n intento vivir as\u00ed. Creo que todos los cristianos necesitamos hablar menos y actuar m\u00e1s seg\u00fan el Evangelio. Y eso es exactamente lo que Jo\u00e3o Luiz Pozzobon nos muestra. Sin duda, \u00e9l defender\u00e1 la fe y la unidad de las familias, de los hijos, en las cuestiones financieras, en el sabio uso de la naturaleza y de los dones de Dios, y nos ayudar\u00e1 a vivir en la verdad.<\/p>\n\n\n\n<p>Siervo de Dios, Jo\u00e3o Luiz &#8211; \u00a1ruega por nosotros!<\/p>\n\n\n\n<p><strong>Muchas gracias por esta maravillosa conversaci\u00f3n, por compartir la riqueza de su fe y por revelarnos el desarrollo de sus proyectos art\u00edsticos.<\/strong><\/p>\n\n\n\n<blockquote class=\"wp-block-quote is-layout-flow wp-block-quote-is-layout-flow\">\n<p class=\"has-text-align-center\"><strong>Biograf\u00eda de la autora: Izabela Drobotowicz-Orkisz<\/strong><\/p>\n\n\n\n<p>Nacida en 1958 en Gdansk. Esposa, madre y abuela. Actriz, directora de teatro y cine. Fundadora y directora del Teatro Hagiogr\u00e1fico \u00abSanta Teresa de Lisieux\u00bb. Licenciada en Arte Dram\u00e1tico por el PWST de Cracovia (1983). Profesora en la Universidad Pontificia Juan Pablo II y en la Universidad Ignatianum de Cracovia. Cofundadora del Instituto Karol Wojty\u0142a de la Fundaci\u00f3n para la Ciencia, cuyo teatro se convirti\u00f3 en departamento cultural en 2016. Logoterapeuta.<\/p>\n\n\n\n<p>De 1983 a 1995, actu\u00f3 en los escenarios del Teatro Wybrze\u017ce de Gdansk, el Teatro Estudio de la Fundaci\u00f3n Agnieszka Osiecka de Soppot y el Teatro B\u00fccklein de Cracovia. Ha interpretado varias docenas de papeles en obras cl\u00e1sicas y modernas. Su papel cinematogr\u00e1fico m\u00e1s importante fue el de Bronka en \u00abDziewcz\u0119ta z Nowolipek\u00bb (Chicas de Nowolipki) y \u00abRajska jab\u0142onia\u00bb (Manzano del para\u00edso), dirigidas por Barbara Sass.<\/p>\n\n\n\n<p>En 1994, abandon\u00f3 su compromiso permanente con el teatro y regres\u00f3 a Cracovia con su familia. Represent\u00f3 su mono drama \u00abZamieszka\u0107 z Tob\u0105\u00bb (Vivir contigo), basado en \u00abDziej\u00f3w duszy\u00bb (Historia de un Alma), de Santa Teresa de Lisieux, unas 200 veces en Polonia, Europa y Canad\u00e1.<\/p>\n\n\n\n<p>Escribe guiones y dirige obras de teatro y conciertos. Desde hace m\u00e1s de veinte a\u00f1os dirige su propio teatro profesional de arte de la palabra en Cracovia con el nombre de \u00abTeatr Hagiograf im. \u015bw. Teresy z Lisieux\u00bb.<\/p>\n\n\n\n<p>Izabela Drobotowicz-Orkisz imparte cursos y conferencias sobre el trabajo de la voz y la presentaci\u00f3n personal desde principios de los a\u00f1os noventa. Trabaja con su propio m\u00e9todo (logoterapia), que combina t\u00e9cnicas de actuaci\u00f3n con conocimientos psicol\u00f3gicos. Es diplomada en logoterapia por la III. Escuela de Psicoterapia de Viena.<\/p>\n\n\n\n<p>Es directora de cine independiente desde 1998. Recibi\u00f3 tres primeros premios en el Festival Internacional de Cine de Niepokalan\u00f3w y tambi\u00e9n fue galardonada en el festival \u00abZnaki czasu\u00bb de \u0141\u00f3d\u017a en 2004. Su documental art\u00edstico \u00abPi\u0119\u0107 tajemnic. Bolesne\u00bb (Cinco misterios dolorosos) celebr\u00f3 su estreno en el Museo Estatal de Auschwitz-Birkenau en 2002. La pel\u00edcula mencionada, as\u00ed como \u00abVivir contigo\u00bb, basada en los escritos de Santa Teresa de Lisieux, el documental art\u00edstico \u00abKonstrukcja no\u015bna. Rzecz o Jerzym Ciesielskim\u00bb (Construcci\u00f3n portante. Acerca de Jerzy Ciesielski), \u00abPortrety\u00bb (Retratos) basado en las obras de Karol Wojty\u0142a &#8211; Juan Pablo II y obras radiof\u00f3nicas como \u00abNie l\u0119kajcie si\u0119\u00bb (No tengas miedo) o \u00abJeremiasz\u00bb (Jerem\u00edas) est\u00e1n disponibles en l\u00ednea.<\/p>\n\n\n\n<p><strong>Traducci\u00f3n: <\/strong>Hna. M. Lourdes Mac\u00edas<\/p>\n<\/blockquote>\n","protected":false},"excerpt":{"rendered":"<p>La directora polaca Izabela Drobotowicz-Orkisz ha creado una obra de teatro y una pel\u00edcula sobre la vida de Jo\u00e3o Pozzobon. <\/p>\n","protected":false},"author":3,"featured_media":43244,"comment_status":"closed","ping_status":"closed","sticky":false,"template":"","format":"standard","meta":{"footnotes":""},"categories":[873,889,904],"tags":[1089,1042,1196],"class_list":["post-43266","post","type-post","status-publish","format-standard","has-post-thumbnail","hentry","category-europa-es","category-heroes-de-schoenstatt-es","category-virgen-peregrina-es","tag-campana-de-la-virgen-peregrina-es","tag-joao-luiz-pozzobon-es","tag-schoenstatt-polonia-es"],"yoast_head":"<!-- This site is optimized with the Yoast SEO Premium plugin v27.4 (Yoast SEO v27.4) - https:\/\/yoast.com\/product\/yoast-seo-premium-wordpress\/ -->\n<title>La vida de Jo\u00e3o Luiz Pozzobon representada en el teatro y el cine en Polonia<\/title>\n<meta name=\"description\" content=\"La directora polaca Izabela Drobotowicz-Orkisz ha creado una obra de teatro y una pel\u00edcula sobre la vida de Jo\u00e3o Pozzobon.\" \/>\n<meta name=\"robots\" content=\"index, follow, max-snippet:-1, max-image-preview:large, max-video-preview:-1\" \/>\n<link rel=\"canonical\" href=\"https:\/\/schoenstatt.com\/es\/la-vida-de-joao-luiz-pozzobon-representada-en-el-teatro-y-el-cine-en-polonia\/\" \/>\n<meta property=\"og:locale\" content=\"es_ES\" \/>\n<meta property=\"og:type\" content=\"article\" \/>\n<meta property=\"og:title\" content=\"La vida de Jo\u00e3o Luiz Pozzobon representada en el teatro y el cine en Polonia\" \/>\n<meta property=\"og:description\" content=\"La directora polaca Izabela Drobotowicz-Orkisz ha creado una obra de teatro y una pel\u00edcula sobre la vida de Jo\u00e3o Pozzobon.\" \/>\n<meta property=\"og:url\" content=\"https:\/\/schoenstatt.com\/es\/la-vida-de-joao-luiz-pozzobon-representada-en-el-teatro-y-el-cine-en-polonia\/\" \/>\n<meta property=\"og:site_name\" content=\"Schoenstatt\" \/>\n<meta property=\"article:published_time\" content=\"2025-02-05T13:31:34+00:00\" \/>\n<meta property=\"article:modified_time\" content=\"2025-08-18T23:58:20+00:00\" \/>\n<meta property=\"og:image\" content=\"https:\/\/schoenstatt.com\/wp-content\/uploads\/2025\/02\/Izabela-Drobotowicz-Orkisz-Joao-Luiz-Pozzobon-1.webp\" \/>\n\t<meta property=\"og:image:width\" content=\"1920\" \/>\n\t<meta property=\"og:image:height\" content=\"1080\" \/>\n\t<meta property=\"og:image:type\" content=\"image\/webp\" \/>\n<meta name=\"author\" content=\"Karen Bueno\" \/>\n<meta name=\"twitter:card\" content=\"summary_large_image\" \/>\n<meta name=\"twitter:label1\" content=\"Escrito por\" \/>\n\t<meta name=\"twitter:data1\" content=\"Karen Bueno\" \/>\n\t<meta name=\"twitter:label2\" content=\"Tiempo de lectura\" \/>\n\t<meta name=\"twitter:data2\" content=\"8 minutos\" \/>\n<script type=\"application\/ld+json\" class=\"yoast-schema-graph\">{\"@context\":\"https:\\\/\\\/schema.org\",\"@graph\":[{\"@type\":\"Article\",\"@id\":\"https:\\\/\\\/schoenstatt.com\\\/es\\\/la-vida-de-joao-luiz-pozzobon-representada-en-el-teatro-y-el-cine-en-polonia\\\/#article\",\"isPartOf\":{\"@id\":\"https:\\\/\\\/schoenstatt.com\\\/es\\\/la-vida-de-joao-luiz-pozzobon-representada-en-el-teatro-y-el-cine-en-polonia\\\/\"},\"author\":{\"name\":\"Karen Bueno\",\"@id\":\"https:\\\/\\\/schoenstatt.com\\\/es\\\/#\\\/schema\\\/person\\\/5158877ad4acae98b34daaeef2a1ce6e\"},\"headline\":\"La vida de Jo\u00e3o Luiz Pozzobon representada en el teatro y el cine en Polonia\",\"datePublished\":\"2025-02-05T13:31:34+00:00\",\"dateModified\":\"2025-08-18T23:58:20+00:00\",\"mainEntityOfPage\":{\"@id\":\"https:\\\/\\\/schoenstatt.com\\\/es\\\/la-vida-de-joao-luiz-pozzobon-representada-en-el-teatro-y-el-cine-en-polonia\\\/\"},\"wordCount\":2129,\"publisher\":{\"@id\":\"https:\\\/\\\/schoenstatt.com\\\/es\\\/#organization\"},\"image\":{\"@id\":\"https:\\\/\\\/schoenstatt.com\\\/es\\\/la-vida-de-joao-luiz-pozzobon-representada-en-el-teatro-y-el-cine-en-polonia\\\/#primaryimage\"},\"thumbnailUrl\":\"https:\\\/\\\/schoenstatt.com\\\/wp-content\\\/uploads\\\/2025\\\/02\\\/Izabela-Drobotowicz-Orkisz-Joao-Luiz-Pozzobon-1.webp\",\"keywords\":[\"Campa\u00f1a de la Virgen Peregrina\",\"Jo\u00e3o Luiz Pozzobon\",\"Schoenstatt Polonia\"],\"articleSection\":[\"Europa\",\"Heroes de Schoenstatt\",\"Virgen Peregrina\"],\"inLanguage\":\"es\"},{\"@type\":\"WebPage\",\"@id\":\"https:\\\/\\\/schoenstatt.com\\\/es\\\/la-vida-de-joao-luiz-pozzobon-representada-en-el-teatro-y-el-cine-en-polonia\\\/\",\"url\":\"https:\\\/\\\/schoenstatt.com\\\/es\\\/la-vida-de-joao-luiz-pozzobon-representada-en-el-teatro-y-el-cine-en-polonia\\\/\",\"name\":\"La vida de Jo\u00e3o Luiz Pozzobon representada en el teatro y el cine en Polonia\",\"isPartOf\":{\"@id\":\"https:\\\/\\\/schoenstatt.com\\\/es\\\/#website\"},\"primaryImageOfPage\":{\"@id\":\"https:\\\/\\\/schoenstatt.com\\\/es\\\/la-vida-de-joao-luiz-pozzobon-representada-en-el-teatro-y-el-cine-en-polonia\\\/#primaryimage\"},\"image\":{\"@id\":\"https:\\\/\\\/schoenstatt.com\\\/es\\\/la-vida-de-joao-luiz-pozzobon-representada-en-el-teatro-y-el-cine-en-polonia\\\/#primaryimage\"},\"thumbnailUrl\":\"https:\\\/\\\/schoenstatt.com\\\/wp-content\\\/uploads\\\/2025\\\/02\\\/Izabela-Drobotowicz-Orkisz-Joao-Luiz-Pozzobon-1.webp\",\"datePublished\":\"2025-02-05T13:31:34+00:00\",\"dateModified\":\"2025-08-18T23:58:20+00:00\",\"description\":\"La directora polaca Izabela Drobotowicz-Orkisz ha creado una obra de teatro y una pel\u00edcula sobre la vida de Jo\u00e3o Pozzobon.\",\"breadcrumb\":{\"@id\":\"https:\\\/\\\/schoenstatt.com\\\/es\\\/la-vida-de-joao-luiz-pozzobon-representada-en-el-teatro-y-el-cine-en-polonia\\\/#breadcrumb\"},\"inLanguage\":\"es\",\"potentialAction\":[{\"@type\":\"ReadAction\",\"target\":[\"https:\\\/\\\/schoenstatt.com\\\/es\\\/la-vida-de-joao-luiz-pozzobon-representada-en-el-teatro-y-el-cine-en-polonia\\\/\"]}]},{\"@type\":\"ImageObject\",\"inLanguage\":\"es\",\"@id\":\"https:\\\/\\\/schoenstatt.com\\\/es\\\/la-vida-de-joao-luiz-pozzobon-representada-en-el-teatro-y-el-cine-en-polonia\\\/#primaryimage\",\"url\":\"https:\\\/\\\/schoenstatt.com\\\/wp-content\\\/uploads\\\/2025\\\/02\\\/Izabela-Drobotowicz-Orkisz-Joao-Luiz-Pozzobon-1.webp\",\"contentUrl\":\"https:\\\/\\\/schoenstatt.com\\\/wp-content\\\/uploads\\\/2025\\\/02\\\/Izabela-Drobotowicz-Orkisz-Joao-Luiz-Pozzobon-1.webp\",\"width\":1920,\"height\":1080},{\"@type\":\"BreadcrumbList\",\"@id\":\"https:\\\/\\\/schoenstatt.com\\\/es\\\/la-vida-de-joao-luiz-pozzobon-representada-en-el-teatro-y-el-cine-en-polonia\\\/#breadcrumb\",\"itemListElement\":[{\"@type\":\"ListItem\",\"position\":1,\"name\":\"Portada\",\"item\":\"https:\\\/\\\/schoenstatt.com\\\/es\\\/home\\\/\"},{\"@type\":\"ListItem\",\"position\":2,\"name\":\"La vida de Jo\u00e3o Luiz Pozzobon representada en el teatro y el cine en Polonia\"}]},{\"@type\":\"WebSite\",\"@id\":\"https:\\\/\\\/schoenstatt.com\\\/es\\\/#website\",\"url\":\"https:\\\/\\\/schoenstatt.com\\\/es\\\/\",\"name\":\"Schoenstatt\",\"description\":\"Apostolic Movement\",\"publisher\":{\"@id\":\"https:\\\/\\\/schoenstatt.com\\\/es\\\/#organization\"},\"potentialAction\":[{\"@type\":\"SearchAction\",\"target\":{\"@type\":\"EntryPoint\",\"urlTemplate\":\"https:\\\/\\\/schoenstatt.com\\\/es\\\/?s={search_term_string}\"},\"query-input\":{\"@type\":\"PropertyValueSpecification\",\"valueRequired\":true,\"valueName\":\"search_term_string\"}}],\"inLanguage\":\"es\"},{\"@type\":\"Organization\",\"@id\":\"https:\\\/\\\/schoenstatt.com\\\/es\\\/#organization\",\"name\":\"Schoenstatt\",\"url\":\"https:\\\/\\\/schoenstatt.com\\\/es\\\/\",\"logo\":{\"@type\":\"ImageObject\",\"inLanguage\":\"es\",\"@id\":\"https:\\\/\\\/schoenstatt.com\\\/es\\\/#\\\/schema\\\/logo\\\/image\\\/\",\"url\":\"https:\\\/\\\/schoenstatt.com\\\/wp-content\\\/uploads\\\/2025\\\/04\\\/logo-schoenstatt-white-696x696-1.png\",\"contentUrl\":\"https:\\\/\\\/schoenstatt.com\\\/wp-content\\\/uploads\\\/2025\\\/04\\\/logo-schoenstatt-white-696x696-1.png\",\"width\":696,\"height\":694,\"caption\":\"Schoenstatt\"},\"image\":{\"@id\":\"https:\\\/\\\/schoenstatt.com\\\/es\\\/#\\\/schema\\\/logo\\\/image\\\/\"}},{\"@type\":\"Person\",\"@id\":\"https:\\\/\\\/schoenstatt.com\\\/es\\\/#\\\/schema\\\/person\\\/5158877ad4acae98b34daaeef2a1ce6e\",\"name\":\"Karen Bueno\",\"image\":{\"@type\":\"ImageObject\",\"inLanguage\":\"es\",\"@id\":\"https:\\\/\\\/secure.gravatar.com\\\/avatar\\\/f9f4b823873154269d2b2130f195f6d41037dd0d7fc5f3cacb5c846bae70d66b?s=96&d=mm&r=g\",\"url\":\"https:\\\/\\\/secure.gravatar.com\\\/avatar\\\/f9f4b823873154269d2b2130f195f6d41037dd0d7fc5f3cacb5c846bae70d66b?s=96&d=mm&r=g\",\"contentUrl\":\"https:\\\/\\\/secure.gravatar.com\\\/avatar\\\/f9f4b823873154269d2b2130f195f6d41037dd0d7fc5f3cacb5c846bae70d66b?s=96&d=mm&r=g\",\"caption\":\"Karen Bueno\"},\"url\":\"https:\\\/\\\/schoenstatt.com\\\/es\\\/author\\\/karen-bueno\\\/\"}]}<\/script>\n<!-- \/ Yoast SEO Premium plugin. -->","yoast_head_json":{"title":"La vida de Jo\u00e3o Luiz Pozzobon representada en el teatro y el cine en Polonia","description":"La directora polaca Izabela Drobotowicz-Orkisz ha creado una obra de teatro y una pel\u00edcula sobre la vida de Jo\u00e3o Pozzobon.","robots":{"index":"index","follow":"follow","max-snippet":"max-snippet:-1","max-image-preview":"max-image-preview:large","max-video-preview":"max-video-preview:-1"},"canonical":"https:\/\/schoenstatt.com\/es\/la-vida-de-joao-luiz-pozzobon-representada-en-el-teatro-y-el-cine-en-polonia\/","og_locale":"es_ES","og_type":"article","og_title":"La vida de Jo\u00e3o Luiz Pozzobon representada en el teatro y el cine en Polonia","og_description":"La directora polaca Izabela Drobotowicz-Orkisz ha creado una obra de teatro y una pel\u00edcula sobre la vida de Jo\u00e3o Pozzobon.","og_url":"https:\/\/schoenstatt.com\/es\/la-vida-de-joao-luiz-pozzobon-representada-en-el-teatro-y-el-cine-en-polonia\/","og_site_name":"Schoenstatt","article_published_time":"2025-02-05T13:31:34+00:00","article_modified_time":"2025-08-18T23:58:20+00:00","og_image":[{"width":1920,"height":1080,"url":"https:\/\/schoenstatt.com\/wp-content\/uploads\/2025\/02\/Izabela-Drobotowicz-Orkisz-Joao-Luiz-Pozzobon-1.webp","type":"image\/webp"}],"author":"Karen Bueno","twitter_card":"summary_large_image","twitter_misc":{"Escrito por":"Karen Bueno","Tiempo de lectura":"8 minutos"},"schema":{"@context":"https:\/\/schema.org","@graph":[{"@type":"Article","@id":"https:\/\/schoenstatt.com\/es\/la-vida-de-joao-luiz-pozzobon-representada-en-el-teatro-y-el-cine-en-polonia\/#article","isPartOf":{"@id":"https:\/\/schoenstatt.com\/es\/la-vida-de-joao-luiz-pozzobon-representada-en-el-teatro-y-el-cine-en-polonia\/"},"author":{"name":"Karen Bueno","@id":"https:\/\/schoenstatt.com\/es\/#\/schema\/person\/5158877ad4acae98b34daaeef2a1ce6e"},"headline":"La vida de Jo\u00e3o Luiz Pozzobon representada en el teatro y el cine en Polonia","datePublished":"2025-02-05T13:31:34+00:00","dateModified":"2025-08-18T23:58:20+00:00","mainEntityOfPage":{"@id":"https:\/\/schoenstatt.com\/es\/la-vida-de-joao-luiz-pozzobon-representada-en-el-teatro-y-el-cine-en-polonia\/"},"wordCount":2129,"publisher":{"@id":"https:\/\/schoenstatt.com\/es\/#organization"},"image":{"@id":"https:\/\/schoenstatt.com\/es\/la-vida-de-joao-luiz-pozzobon-representada-en-el-teatro-y-el-cine-en-polonia\/#primaryimage"},"thumbnailUrl":"https:\/\/schoenstatt.com\/wp-content\/uploads\/2025\/02\/Izabela-Drobotowicz-Orkisz-Joao-Luiz-Pozzobon-1.webp","keywords":["Campa\u00f1a de la Virgen Peregrina","Jo\u00e3o Luiz Pozzobon","Schoenstatt Polonia"],"articleSection":["Europa","Heroes de Schoenstatt","Virgen Peregrina"],"inLanguage":"es"},{"@type":"WebPage","@id":"https:\/\/schoenstatt.com\/es\/la-vida-de-joao-luiz-pozzobon-representada-en-el-teatro-y-el-cine-en-polonia\/","url":"https:\/\/schoenstatt.com\/es\/la-vida-de-joao-luiz-pozzobon-representada-en-el-teatro-y-el-cine-en-polonia\/","name":"La vida de Jo\u00e3o Luiz Pozzobon representada en el teatro y el cine en Polonia","isPartOf":{"@id":"https:\/\/schoenstatt.com\/es\/#website"},"primaryImageOfPage":{"@id":"https:\/\/schoenstatt.com\/es\/la-vida-de-joao-luiz-pozzobon-representada-en-el-teatro-y-el-cine-en-polonia\/#primaryimage"},"image":{"@id":"https:\/\/schoenstatt.com\/es\/la-vida-de-joao-luiz-pozzobon-representada-en-el-teatro-y-el-cine-en-polonia\/#primaryimage"},"thumbnailUrl":"https:\/\/schoenstatt.com\/wp-content\/uploads\/2025\/02\/Izabela-Drobotowicz-Orkisz-Joao-Luiz-Pozzobon-1.webp","datePublished":"2025-02-05T13:31:34+00:00","dateModified":"2025-08-18T23:58:20+00:00","description":"La directora polaca Izabela Drobotowicz-Orkisz ha creado una obra de teatro y una pel\u00edcula sobre la vida de Jo\u00e3o Pozzobon.","breadcrumb":{"@id":"https:\/\/schoenstatt.com\/es\/la-vida-de-joao-luiz-pozzobon-representada-en-el-teatro-y-el-cine-en-polonia\/#breadcrumb"},"inLanguage":"es","potentialAction":[{"@type":"ReadAction","target":["https:\/\/schoenstatt.com\/es\/la-vida-de-joao-luiz-pozzobon-representada-en-el-teatro-y-el-cine-en-polonia\/"]}]},{"@type":"ImageObject","inLanguage":"es","@id":"https:\/\/schoenstatt.com\/es\/la-vida-de-joao-luiz-pozzobon-representada-en-el-teatro-y-el-cine-en-polonia\/#primaryimage","url":"https:\/\/schoenstatt.com\/wp-content\/uploads\/2025\/02\/Izabela-Drobotowicz-Orkisz-Joao-Luiz-Pozzobon-1.webp","contentUrl":"https:\/\/schoenstatt.com\/wp-content\/uploads\/2025\/02\/Izabela-Drobotowicz-Orkisz-Joao-Luiz-Pozzobon-1.webp","width":1920,"height":1080},{"@type":"BreadcrumbList","@id":"https:\/\/schoenstatt.com\/es\/la-vida-de-joao-luiz-pozzobon-representada-en-el-teatro-y-el-cine-en-polonia\/#breadcrumb","itemListElement":[{"@type":"ListItem","position":1,"name":"Portada","item":"https:\/\/schoenstatt.com\/es\/home\/"},{"@type":"ListItem","position":2,"name":"La vida de Jo\u00e3o Luiz Pozzobon representada en el teatro y el cine en Polonia"}]},{"@type":"WebSite","@id":"https:\/\/schoenstatt.com\/es\/#website","url":"https:\/\/schoenstatt.com\/es\/","name":"Schoenstatt","description":"Apostolic Movement","publisher":{"@id":"https:\/\/schoenstatt.com\/es\/#organization"},"potentialAction":[{"@type":"SearchAction","target":{"@type":"EntryPoint","urlTemplate":"https:\/\/schoenstatt.com\/es\/?s={search_term_string}"},"query-input":{"@type":"PropertyValueSpecification","valueRequired":true,"valueName":"search_term_string"}}],"inLanguage":"es"},{"@type":"Organization","@id":"https:\/\/schoenstatt.com\/es\/#organization","name":"Schoenstatt","url":"https:\/\/schoenstatt.com\/es\/","logo":{"@type":"ImageObject","inLanguage":"es","@id":"https:\/\/schoenstatt.com\/es\/#\/schema\/logo\/image\/","url":"https:\/\/schoenstatt.com\/wp-content\/uploads\/2025\/04\/logo-schoenstatt-white-696x696-1.png","contentUrl":"https:\/\/schoenstatt.com\/wp-content\/uploads\/2025\/04\/logo-schoenstatt-white-696x696-1.png","width":696,"height":694,"caption":"Schoenstatt"},"image":{"@id":"https:\/\/schoenstatt.com\/es\/#\/schema\/logo\/image\/"}},{"@type":"Person","@id":"https:\/\/schoenstatt.com\/es\/#\/schema\/person\/5158877ad4acae98b34daaeef2a1ce6e","name":"Karen Bueno","image":{"@type":"ImageObject","inLanguage":"es","@id":"https:\/\/secure.gravatar.com\/avatar\/f9f4b823873154269d2b2130f195f6d41037dd0d7fc5f3cacb5c846bae70d66b?s=96&d=mm&r=g","url":"https:\/\/secure.gravatar.com\/avatar\/f9f4b823873154269d2b2130f195f6d41037dd0d7fc5f3cacb5c846bae70d66b?s=96&d=mm&r=g","contentUrl":"https:\/\/secure.gravatar.com\/avatar\/f9f4b823873154269d2b2130f195f6d41037dd0d7fc5f3cacb5c846bae70d66b?s=96&d=mm&r=g","caption":"Karen Bueno"},"url":"https:\/\/schoenstatt.com\/es\/author\/karen-bueno\/"}]}},"_links":{"self":[{"href":"https:\/\/schoenstatt.com\/es\/wp-json\/wp\/v2\/posts\/43266","targetHints":{"allow":["GET"]}}],"collection":[{"href":"https:\/\/schoenstatt.com\/es\/wp-json\/wp\/v2\/posts"}],"about":[{"href":"https:\/\/schoenstatt.com\/es\/wp-json\/wp\/v2\/types\/post"}],"author":[{"embeddable":true,"href":"https:\/\/schoenstatt.com\/es\/wp-json\/wp\/v2\/users\/3"}],"replies":[{"embeddable":true,"href":"https:\/\/schoenstatt.com\/es\/wp-json\/wp\/v2\/comments?post=43266"}],"version-history":[{"count":6,"href":"https:\/\/schoenstatt.com\/es\/wp-json\/wp\/v2\/posts\/43266\/revisions"}],"predecessor-version":[{"id":62463,"href":"https:\/\/schoenstatt.com\/es\/wp-json\/wp\/v2\/posts\/43266\/revisions\/62463"}],"wp:featuredmedia":[{"embeddable":true,"href":"https:\/\/schoenstatt.com\/es\/wp-json\/wp\/v2\/media\/43244"}],"wp:attachment":[{"href":"https:\/\/schoenstatt.com\/es\/wp-json\/wp\/v2\/media?parent=43266"}],"wp:term":[{"taxonomy":"category","embeddable":true,"href":"https:\/\/schoenstatt.com\/es\/wp-json\/wp\/v2\/categories?post=43266"},{"taxonomy":"post_tag","embeddable":true,"href":"https:\/\/schoenstatt.com\/es\/wp-json\/wp\/v2\/tags?post=43266"}],"curies":[{"name":"wp","href":"https:\/\/api.w.org\/{rel}","templated":true}]}}