{"id":42979,"date":"2025-01-24T03:03:00","date_gmt":"2025-01-24T02:03:00","guid":{"rendered":"https:\/\/schoenstatt.com\/?p=42979"},"modified":"2025-08-21T01:05:40","modified_gmt":"2025-08-20T23:05:40","slug":"un-mensaje-de-esperanza-en-dachau","status":"publish","type":"post","link":"https:\/\/schoenstatt.com\/es\/un-mensaje-de-esperanza-en-dachau\/","title":{"rendered":"Un mensaje de esperanza en Dachau"},"content":{"rendered":"\n<p>Alrededor de 30 schoenstattianos, en su mayor\u00eda matrimonios, se reunieron el domingo 19.01.25 para recordar el 20 de enero de 1942 en el memorial del campo de concentraci\u00f3n de Dachau. La esperanza brot\u00f3 una y otra vez esa tarde, en consonancia con el tema del A\u00f1o Santo. El tiempo soleado tambi\u00e9n contribuy\u00f3 a crear un ambiente esperanzador en un lugar donde muchos hab\u00edan perdido toda esperanza. Con nuestro fundador, el <a href=\"https:\/\/schoenstatt.com\/es\/acerca-de-nosotros\/fundador\/\">Padre Kentenich<\/a>, fue diferente. Irradiaba confianza, como atestiguan sus compa\u00f1eros de prisi\u00f3n. Se esforzaba por fortalecer la esperanza en ellos.<\/p>\n\n\n\n<p>Primero se reunieron en la sala conmemorativa. All\u00ed, junto al relieve de la MTA y la imagen del P. Kentenich, se rez\u00f3 en silencio y se record\u00f3 la coronaci\u00f3n. Luego lleg\u00f3 la hora de la Santa Misa en la iglesia del Carmelo. Canciones del libro la Gloria de Dios (Gotteslob) e himnos de Schoenstatt fueron acompa\u00f1ados por guitarra y flauta.<\/p>\n\n\n\n<figure class=\"wp-block-image size-large\"><img decoding=\"async\" src=\"https:\/\/schoenstatt.com\/wp-content\/uploads\/2025\/01\/Dachau-concentration-camp-1024x768.jpg\" alt=\"visitors to the Dachau concentration camp\" class=\"wp-image-42965\"\/><\/figure>\n\n\n\n<h3 class=\"wp-block-heading\" id=\"h-de-donde-viene-el-vino\"><strong>\u00bfDe d\u00f3nde viene el vino?<\/strong><\/h3>\n\n\n\n<p>El P. Frank Riedl comenz\u00f3 su serm\u00f3n con esta pregunta, bas\u00e1ndose en el Evangelio. Cont\u00f3 que durante alg\u00fan tiempo alguien regal\u00f3 vino en el santuario de Kleinsch\u00f6nstatt, M\u00fanich. El donante no fue reconocido. Probablemente se tom\u00f3 al pie de la letra la inscripci\u00f3n del jarr\u00f3n para las contribuciones al <a href=\"https:\/\/schoenstatt.com\/es\/nuestra-espiritualidad\/alianza-de-amor\/capital-de-gracias\/\">capital de gracias<\/a>: No tenemos m\u00e1s vino.<\/p>\n\n\n\n<p>Sigamos con el serm\u00f3n: \u00abQuiz\u00e1 podamos hacer nuestra la pregunta: \u00bfDe d\u00f3nde viene el vino? En sentido figurado, la pregunta podr\u00eda ser: \u00bfDe d\u00f3nde sacamos la confianza, especialmente en tiempos que nos desaf\u00edan? \u00bfDe d\u00f3nde sacamos la esperanza de que vamos hacia un buen destino, de que la historia es y ser\u00e1 historia de salvaci\u00f3n a los ojos de Dios? \u00bfDe d\u00f3nde viene nuestra alegr\u00eda de vivir? \u00bfDe d\u00f3nde viene el sentido de nuestras vidas, de nuestro mundo?<\/p>\n\n\n\n<p>\u00bfDe d\u00f3nde viene el vino? A menudo me he preguntado c\u00f3mo el Padre Kentenich pod\u00eda decir esto habiendo tanta inseguridad en vista de la inhumana situaci\u00f3n en el campo de concentraci\u00f3n: \u00abMi actitud interior era de total tranquilidad. (\u2026) Tampoco sent\u00eda miedo en mi coraz\u00f3n\u00bb. Algunas personas que lo conocieron (al prisionero J. Kentenich) tuvieron la impresi\u00f3n de haber entrado en contacto con otro mundo. \u00bfQu\u00e9 experiencia interior hay detr\u00e1s de que alguien pueda hablar as\u00ed, de que alguien est\u00e9 tan completamente seguro e irradie eso? Hay una confianza inquebrantable en que su vida y la de todo el Movimiento est\u00e1n sostenidas y protegidas en las manos de Dios y bajo la mirada de la Virgen Mar\u00eda.<\/p>\n\n\n\n<p>Podemos contemplar el salto de fe del 20 de enero de 1942 desde una perspectiva retrospectiva, es decir, desde sus efectos. El origen de esta fe, sin embargo, se remonta a mucho tiempo atr\u00e1s. Para el P. Kentenich era importante ver el crecimiento de su fe personal en relaci\u00f3n con el crecimiento interior del Movimiento. Permanecer en la confianza divina es el punto de partida del segundo hito. Esto deber\u00eda ser tambi\u00e9n para nosotros hoy un est\u00edmulo para profundizar m\u00e1s en nuestra alianza de amor y fe y en nuestra fe.<\/p>\n\n\n\n<figure class=\"wp-block-image aligncenter size-full is-resized\"><img decoding=\"async\" src=\"https:\/\/schoenstatt.com\/wp-content\/uploads\/2025\/01\/Dachau-concentration-camp-2.jpg\" alt=\"image of Our Lady in Dachau concentration camp\" class=\"wp-image-42971\" style=\"width:536px;height:auto\"\/><\/figure>\n\n\n\n<h3 class=\"wp-block-heading\" id=\"h-hemos-aprendido-a-tener-esperanza-como-lo-hizo-nuestro-fundador\"><strong>Hemos aprendido a tener esperanza como lo hizo nuestro fundador<\/strong><\/h3>\n\n\n\n<p>En las intercesiones, preparadas por la Hna. M. Monika M\u00e4rz, rezamos intensamente por la esperanza. Por ejemplo: \u00abRezamos por todos los que viajan como peregrinos de la esperanza en el A\u00f1o Santo y dan testimonio de su fe en un Dios amoroso y humano. Dios de los nuevos comienzos, \u00a1fortalece nuestra esperanza!\u00bb.<\/p>\n\n\n\n<p>Tambi\u00e9n escuchamos ejemplos esperanzadores de la estancia de nuestro fundador en Dachau durante la parada que hicimos en la Capilla de la Agon\u00eda de Cristo. Por ejemplo, el P. Kentenich fue capaz de hacer sonre\u00edr poco a poco a un preso melanc\u00f3lico, para que se volviera m\u00e1s sereno y optimista con palabras amistosas y de aliento.<\/p>\n\n\n\n<p>Despu\u00e9s de una oraci\u00f3n personal en el bloque 26, el bloque de los sacerdotes, nos reunimos para un impulso en la c\u00e1lida sala de reuniones de la Iglesia de la Reconciliaci\u00f3n. Brigitte Krompass (<a href=\"https:\/\/schoenstatt.com\/es\/comunidades\/woman\/federacion-de-mujeres\/\">Federaci\u00f3n de Mujeres<\/a>) comenz\u00f3 explicando la lucha del Padre Kentenich por entender y hacer la voluntad de Dios y lo que le llev\u00f3 a tomar la decisi\u00f3n &#8211; incomprensible para muchos en aquel momento &#8211; de no ser reexaminado y escrito como no apto para ser enviado al campo de concentraci\u00f3n.<\/p>\n\n\n\n<h3 class=\"wp-block-heading\" id=\"h-invitacion-a-una-nueva-reunion\"><strong>Invitaci\u00f3n a una nueva reuni\u00f3n<\/strong><\/h3>\n\n\n\n<p>La Hna. M. Elinor Grimm, inspirada en la exposici\u00f3n actual \u00abVictoria\u00bb de la sala de reuniones, nos anim\u00f3 a que tambi\u00e9n nosotros nos dej\u00e1ramos llevar por la confianza, \u00a1porque tenemos como compa\u00f1era a la Madre, Reina y Victoriosa Tres Veces Admirable de Schoenstatt! Se hizo referencia al nuevo cortometraje <a href=\"https:\/\/www.kz-gedenkstaette-dachau.de\/geschichte-online\/die-graphic-novel-ein-ueberleben-lang\/\">Ein \u00dcberleben Lang (Una larga supervivencia)<\/a>, basado en las grabaciones secretas del prisionero Edgar Kupfer-Koberwitz en el campo de concentraci\u00f3n de Dachau.<\/p>\n\n\n\n<figure class=\"wp-block-embed is-type-video is-provider-youtube wp-block-embed-youtube wp-embed-aspect-16-9 wp-has-aspect-ratio\"><div class=\"wp-block-embed__wrapper\">\n<iframe title=\"Graphic Novel: Ein \u00dcberleben lang (KZ-Gedenkst\u00e4tte Dachau, 2024)\" width=\"800\" height=\"450\" src=\"https:\/\/www.youtube.com\/embed\/sYi-abyd1GI?feature=oembed\" frameborder=\"0\" allow=\"accelerometer; autoplay; clipboard-write; encrypted-media; gyroscope; picture-in-picture; web-share\" referrerpolicy=\"strict-origin-when-cross-origin\" allowfullscreen><\/iframe>\n<\/div><\/figure>\n\n\n\n<p>La Hna. M. Elinor nos invit\u00f3 al domingo 6 de abril. Se cumplen 80 a\u00f1os de la liberaci\u00f3n del P. Kentenich del campo de concentraci\u00f3n de Dachau. Nos gustar\u00eda \u00abencontrarnos\u00bb con nuestro fundador en Dachau. Por la tarde, tenemos previsto encontrarnos con el Padre Kentenich en Sch\u00f6nbrunn. All\u00ed pas\u00f3 su primera noche de libertad en el convento de las Hermanas Franciscanas de la Divina Providencia. Por eso, al igual que \u00e9l, celebraremos tambi\u00e9n la misa de acci\u00f3n de gracias en la Iglesia de San Jos\u00e9.<\/p>\n\n\n\n<p><strong>Traducci\u00f3n: <\/strong>Hna. M. Lourdes Mac\u00edas<\/p>\n","protected":false},"excerpt":{"rendered":"<p>Miembros de la Familia de Schoenstatt celebran el segundo hito hist\u00f3rico en el campo de concentraci\u00f3n de Dachau en este A\u00f1o de la Esperanza. <\/p>\n","protected":false},"author":3,"featured_media":42965,"comment_status":"closed","ping_status":"closed","sticky":false,"template":"","format":"standard","meta":{"footnotes":""},"categories":[881],"tags":[1038,97,1300],"class_list":["post-42979","post","type-post","status-publish","format-standard","has-post-thumbnail","hentry","category-p-jose-kentenich-es","tag-20-de-enero-es","tag-dachau-es","tag-padre-jose-kentenich-es"],"yoast_head":"<!-- This site is optimized with the Yoast SEO Premium plugin v27.4 (Yoast SEO v27.4) - https:\/\/yoast.com\/product\/yoast-seo-premium-wordpress\/ -->\n<title>Un mensaje de esperanza en Dachau - Schoenstatt<\/title>\n<meta name=\"description\" content=\"Miembros de la Familia de Schoenstatt celebran el segundo hito hist\u00f3rico en el campo de concentraci\u00f3n de Dachau en este A\u00f1o de la Esperanza.\" \/>\n<meta name=\"robots\" content=\"index, follow, max-snippet:-1, max-image-preview:large, max-video-preview:-1\" \/>\n<link rel=\"canonical\" href=\"https:\/\/schoenstatt.com\/es\/un-mensaje-de-esperanza-en-dachau\/\" \/>\n<meta property=\"og:locale\" content=\"es_ES\" \/>\n<meta property=\"og:type\" content=\"article\" \/>\n<meta property=\"og:title\" content=\"Un mensaje de esperanza en Dachau\" \/>\n<meta property=\"og:description\" content=\"Miembros de la Familia de Schoenstatt celebran el segundo hito hist\u00f3rico en el campo de concentraci\u00f3n de Dachau en este A\u00f1o de la Esperanza.\" \/>\n<meta property=\"og:url\" content=\"https:\/\/schoenstatt.com\/es\/un-mensaje-de-esperanza-en-dachau\/\" \/>\n<meta property=\"og:site_name\" content=\"Schoenstatt\" \/>\n<meta property=\"article:published_time\" content=\"2025-01-24T02:03:00+00:00\" \/>\n<meta property=\"article:modified_time\" content=\"2025-08-20T23:05:40+00:00\" \/>\n<meta property=\"og:image\" content=\"https:\/\/schoenstatt.com\/wp-content\/uploads\/2025\/01\/Dachau-concentration-camp-1.jpg\" \/>\n\t<meta property=\"og:image:width\" content=\"2048\" \/>\n\t<meta property=\"og:image:height\" content=\"1536\" \/>\n\t<meta property=\"og:image:type\" content=\"image\/jpeg\" \/>\n<meta name=\"author\" content=\"Karen Bueno\" \/>\n<meta name=\"twitter:card\" content=\"summary_large_image\" \/>\n<meta name=\"twitter:label1\" content=\"Escrito por\" \/>\n\t<meta name=\"twitter:data1\" content=\"Karen Bueno\" \/>\n\t<meta name=\"twitter:label2\" content=\"Tiempo de lectura\" \/>\n\t<meta name=\"twitter:data2\" content=\"5 minutos\" \/>\n<script type=\"application\/ld+json\" class=\"yoast-schema-graph\">{\"@context\":\"https:\\\/\\\/schema.org\",\"@graph\":[{\"@type\":\"Article\",\"@id\":\"https:\\\/\\\/schoenstatt.com\\\/es\\\/un-mensaje-de-esperanza-en-dachau\\\/#article\",\"isPartOf\":{\"@id\":\"https:\\\/\\\/schoenstatt.com\\\/es\\\/un-mensaje-de-esperanza-en-dachau\\\/\"},\"author\":{\"name\":\"Karen Bueno\",\"@id\":\"https:\\\/\\\/schoenstatt.com\\\/es\\\/#\\\/schema\\\/person\\\/5158877ad4acae98b34daaeef2a1ce6e\"},\"headline\":\"Un mensaje de esperanza en Dachau\",\"datePublished\":\"2025-01-24T02:03:00+00:00\",\"dateModified\":\"2025-08-20T23:05:40+00:00\",\"mainEntityOfPage\":{\"@id\":\"https:\\\/\\\/schoenstatt.com\\\/es\\\/un-mensaje-de-esperanza-en-dachau\\\/\"},\"wordCount\":941,\"publisher\":{\"@id\":\"https:\\\/\\\/schoenstatt.com\\\/es\\\/#organization\"},\"image\":{\"@id\":\"https:\\\/\\\/schoenstatt.com\\\/es\\\/un-mensaje-de-esperanza-en-dachau\\\/#primaryimage\"},\"thumbnailUrl\":\"https:\\\/\\\/schoenstatt.com\\\/wp-content\\\/uploads\\\/2025\\\/01\\\/Dachau-concentration-camp-1.jpg\",\"keywords\":[\"20 de enero\",\"Dachau\",\"Padre Jos\u00e9 Kentenich\"],\"articleSection\":[\"P. Jos\u00e9 Kentenich\"],\"inLanguage\":\"es\"},{\"@type\":\"WebPage\",\"@id\":\"https:\\\/\\\/schoenstatt.com\\\/es\\\/un-mensaje-de-esperanza-en-dachau\\\/\",\"url\":\"https:\\\/\\\/schoenstatt.com\\\/es\\\/un-mensaje-de-esperanza-en-dachau\\\/\",\"name\":\"Un mensaje de esperanza en Dachau - Schoenstatt\",\"isPartOf\":{\"@id\":\"https:\\\/\\\/schoenstatt.com\\\/es\\\/#website\"},\"primaryImageOfPage\":{\"@id\":\"https:\\\/\\\/schoenstatt.com\\\/es\\\/un-mensaje-de-esperanza-en-dachau\\\/#primaryimage\"},\"image\":{\"@id\":\"https:\\\/\\\/schoenstatt.com\\\/es\\\/un-mensaje-de-esperanza-en-dachau\\\/#primaryimage\"},\"thumbnailUrl\":\"https:\\\/\\\/schoenstatt.com\\\/wp-content\\\/uploads\\\/2025\\\/01\\\/Dachau-concentration-camp-1.jpg\",\"datePublished\":\"2025-01-24T02:03:00+00:00\",\"dateModified\":\"2025-08-20T23:05:40+00:00\",\"description\":\"Miembros de la Familia de Schoenstatt celebran el segundo hito hist\u00f3rico en el campo de concentraci\u00f3n de Dachau en este A\u00f1o de la Esperanza.\",\"breadcrumb\":{\"@id\":\"https:\\\/\\\/schoenstatt.com\\\/es\\\/un-mensaje-de-esperanza-en-dachau\\\/#breadcrumb\"},\"inLanguage\":\"es\",\"potentialAction\":[{\"@type\":\"ReadAction\",\"target\":[\"https:\\\/\\\/schoenstatt.com\\\/es\\\/un-mensaje-de-esperanza-en-dachau\\\/\"]}]},{\"@type\":\"ImageObject\",\"inLanguage\":\"es\",\"@id\":\"https:\\\/\\\/schoenstatt.com\\\/es\\\/un-mensaje-de-esperanza-en-dachau\\\/#primaryimage\",\"url\":\"https:\\\/\\\/schoenstatt.com\\\/wp-content\\\/uploads\\\/2025\\\/01\\\/Dachau-concentration-camp-1.jpg\",\"contentUrl\":\"https:\\\/\\\/schoenstatt.com\\\/wp-content\\\/uploads\\\/2025\\\/01\\\/Dachau-concentration-camp-1.jpg\",\"width\":2048,\"height\":1536,\"caption\":\"Exif_JPEG_420\"},{\"@type\":\"BreadcrumbList\",\"@id\":\"https:\\\/\\\/schoenstatt.com\\\/es\\\/un-mensaje-de-esperanza-en-dachau\\\/#breadcrumb\",\"itemListElement\":[{\"@type\":\"ListItem\",\"position\":1,\"name\":\"Portada\",\"item\":\"https:\\\/\\\/schoenstatt.com\\\/es\\\/home\\\/\"},{\"@type\":\"ListItem\",\"position\":2,\"name\":\"Un mensaje de esperanza en Dachau\"}]},{\"@type\":\"WebSite\",\"@id\":\"https:\\\/\\\/schoenstatt.com\\\/es\\\/#website\",\"url\":\"https:\\\/\\\/schoenstatt.com\\\/es\\\/\",\"name\":\"Schoenstatt\",\"description\":\"Apostolic Movement\",\"publisher\":{\"@id\":\"https:\\\/\\\/schoenstatt.com\\\/es\\\/#organization\"},\"potentialAction\":[{\"@type\":\"SearchAction\",\"target\":{\"@type\":\"EntryPoint\",\"urlTemplate\":\"https:\\\/\\\/schoenstatt.com\\\/es\\\/?s={search_term_string}\"},\"query-input\":{\"@type\":\"PropertyValueSpecification\",\"valueRequired\":true,\"valueName\":\"search_term_string\"}}],\"inLanguage\":\"es\"},{\"@type\":\"Organization\",\"@id\":\"https:\\\/\\\/schoenstatt.com\\\/es\\\/#organization\",\"name\":\"Schoenstatt\",\"url\":\"https:\\\/\\\/schoenstatt.com\\\/es\\\/\",\"logo\":{\"@type\":\"ImageObject\",\"inLanguage\":\"es\",\"@id\":\"https:\\\/\\\/schoenstatt.com\\\/es\\\/#\\\/schema\\\/logo\\\/image\\\/\",\"url\":\"https:\\\/\\\/schoenstatt.com\\\/wp-content\\\/uploads\\\/2025\\\/04\\\/logo-schoenstatt-white-696x696-1.png\",\"contentUrl\":\"https:\\\/\\\/schoenstatt.com\\\/wp-content\\\/uploads\\\/2025\\\/04\\\/logo-schoenstatt-white-696x696-1.png\",\"width\":696,\"height\":694,\"caption\":\"Schoenstatt\"},\"image\":{\"@id\":\"https:\\\/\\\/schoenstatt.com\\\/es\\\/#\\\/schema\\\/logo\\\/image\\\/\"}},{\"@type\":\"Person\",\"@id\":\"https:\\\/\\\/schoenstatt.com\\\/es\\\/#\\\/schema\\\/person\\\/5158877ad4acae98b34daaeef2a1ce6e\",\"name\":\"Karen Bueno\",\"image\":{\"@type\":\"ImageObject\",\"inLanguage\":\"es\",\"@id\":\"https:\\\/\\\/secure.gravatar.com\\\/avatar\\\/f9f4b823873154269d2b2130f195f6d41037dd0d7fc5f3cacb5c846bae70d66b?s=96&d=mm&r=g\",\"url\":\"https:\\\/\\\/secure.gravatar.com\\\/avatar\\\/f9f4b823873154269d2b2130f195f6d41037dd0d7fc5f3cacb5c846bae70d66b?s=96&d=mm&r=g\",\"contentUrl\":\"https:\\\/\\\/secure.gravatar.com\\\/avatar\\\/f9f4b823873154269d2b2130f195f6d41037dd0d7fc5f3cacb5c846bae70d66b?s=96&d=mm&r=g\",\"caption\":\"Karen Bueno\"},\"url\":\"https:\\\/\\\/schoenstatt.com\\\/es\\\/author\\\/karen-bueno\\\/\"}]}<\/script>\n<!-- \/ Yoast SEO Premium plugin. -->","yoast_head_json":{"title":"Un mensaje de esperanza en Dachau - Schoenstatt","description":"Miembros de la Familia de Schoenstatt celebran el segundo hito hist\u00f3rico en el campo de concentraci\u00f3n de Dachau en este A\u00f1o de la Esperanza.","robots":{"index":"index","follow":"follow","max-snippet":"max-snippet:-1","max-image-preview":"max-image-preview:large","max-video-preview":"max-video-preview:-1"},"canonical":"https:\/\/schoenstatt.com\/es\/un-mensaje-de-esperanza-en-dachau\/","og_locale":"es_ES","og_type":"article","og_title":"Un mensaje de esperanza en Dachau","og_description":"Miembros de la Familia de Schoenstatt celebran el segundo hito hist\u00f3rico en el campo de concentraci\u00f3n de Dachau en este A\u00f1o de la Esperanza.","og_url":"https:\/\/schoenstatt.com\/es\/un-mensaje-de-esperanza-en-dachau\/","og_site_name":"Schoenstatt","article_published_time":"2025-01-24T02:03:00+00:00","article_modified_time":"2025-08-20T23:05:40+00:00","og_image":[{"width":2048,"height":1536,"url":"https:\/\/schoenstatt.com\/wp-content\/uploads\/2025\/01\/Dachau-concentration-camp-1.jpg","type":"image\/jpeg"}],"author":"Karen Bueno","twitter_card":"summary_large_image","twitter_misc":{"Escrito por":"Karen Bueno","Tiempo de lectura":"5 minutos"},"schema":{"@context":"https:\/\/schema.org","@graph":[{"@type":"Article","@id":"https:\/\/schoenstatt.com\/es\/un-mensaje-de-esperanza-en-dachau\/#article","isPartOf":{"@id":"https:\/\/schoenstatt.com\/es\/un-mensaje-de-esperanza-en-dachau\/"},"author":{"name":"Karen Bueno","@id":"https:\/\/schoenstatt.com\/es\/#\/schema\/person\/5158877ad4acae98b34daaeef2a1ce6e"},"headline":"Un mensaje de esperanza en Dachau","datePublished":"2025-01-24T02:03:00+00:00","dateModified":"2025-08-20T23:05:40+00:00","mainEntityOfPage":{"@id":"https:\/\/schoenstatt.com\/es\/un-mensaje-de-esperanza-en-dachau\/"},"wordCount":941,"publisher":{"@id":"https:\/\/schoenstatt.com\/es\/#organization"},"image":{"@id":"https:\/\/schoenstatt.com\/es\/un-mensaje-de-esperanza-en-dachau\/#primaryimage"},"thumbnailUrl":"https:\/\/schoenstatt.com\/wp-content\/uploads\/2025\/01\/Dachau-concentration-camp-1.jpg","keywords":["20 de enero","Dachau","Padre Jos\u00e9 Kentenich"],"articleSection":["P. Jos\u00e9 Kentenich"],"inLanguage":"es"},{"@type":"WebPage","@id":"https:\/\/schoenstatt.com\/es\/un-mensaje-de-esperanza-en-dachau\/","url":"https:\/\/schoenstatt.com\/es\/un-mensaje-de-esperanza-en-dachau\/","name":"Un mensaje de esperanza en Dachau - Schoenstatt","isPartOf":{"@id":"https:\/\/schoenstatt.com\/es\/#website"},"primaryImageOfPage":{"@id":"https:\/\/schoenstatt.com\/es\/un-mensaje-de-esperanza-en-dachau\/#primaryimage"},"image":{"@id":"https:\/\/schoenstatt.com\/es\/un-mensaje-de-esperanza-en-dachau\/#primaryimage"},"thumbnailUrl":"https:\/\/schoenstatt.com\/wp-content\/uploads\/2025\/01\/Dachau-concentration-camp-1.jpg","datePublished":"2025-01-24T02:03:00+00:00","dateModified":"2025-08-20T23:05:40+00:00","description":"Miembros de la Familia de Schoenstatt celebran el segundo hito hist\u00f3rico en el campo de concentraci\u00f3n de Dachau en este A\u00f1o de la Esperanza.","breadcrumb":{"@id":"https:\/\/schoenstatt.com\/es\/un-mensaje-de-esperanza-en-dachau\/#breadcrumb"},"inLanguage":"es","potentialAction":[{"@type":"ReadAction","target":["https:\/\/schoenstatt.com\/es\/un-mensaje-de-esperanza-en-dachau\/"]}]},{"@type":"ImageObject","inLanguage":"es","@id":"https:\/\/schoenstatt.com\/es\/un-mensaje-de-esperanza-en-dachau\/#primaryimage","url":"https:\/\/schoenstatt.com\/wp-content\/uploads\/2025\/01\/Dachau-concentration-camp-1.jpg","contentUrl":"https:\/\/schoenstatt.com\/wp-content\/uploads\/2025\/01\/Dachau-concentration-camp-1.jpg","width":2048,"height":1536,"caption":"Exif_JPEG_420"},{"@type":"BreadcrumbList","@id":"https:\/\/schoenstatt.com\/es\/un-mensaje-de-esperanza-en-dachau\/#breadcrumb","itemListElement":[{"@type":"ListItem","position":1,"name":"Portada","item":"https:\/\/schoenstatt.com\/es\/home\/"},{"@type":"ListItem","position":2,"name":"Un mensaje de esperanza en Dachau"}]},{"@type":"WebSite","@id":"https:\/\/schoenstatt.com\/es\/#website","url":"https:\/\/schoenstatt.com\/es\/","name":"Schoenstatt","description":"Apostolic Movement","publisher":{"@id":"https:\/\/schoenstatt.com\/es\/#organization"},"potentialAction":[{"@type":"SearchAction","target":{"@type":"EntryPoint","urlTemplate":"https:\/\/schoenstatt.com\/es\/?s={search_term_string}"},"query-input":{"@type":"PropertyValueSpecification","valueRequired":true,"valueName":"search_term_string"}}],"inLanguage":"es"},{"@type":"Organization","@id":"https:\/\/schoenstatt.com\/es\/#organization","name":"Schoenstatt","url":"https:\/\/schoenstatt.com\/es\/","logo":{"@type":"ImageObject","inLanguage":"es","@id":"https:\/\/schoenstatt.com\/es\/#\/schema\/logo\/image\/","url":"https:\/\/schoenstatt.com\/wp-content\/uploads\/2025\/04\/logo-schoenstatt-white-696x696-1.png","contentUrl":"https:\/\/schoenstatt.com\/wp-content\/uploads\/2025\/04\/logo-schoenstatt-white-696x696-1.png","width":696,"height":694,"caption":"Schoenstatt"},"image":{"@id":"https:\/\/schoenstatt.com\/es\/#\/schema\/logo\/image\/"}},{"@type":"Person","@id":"https:\/\/schoenstatt.com\/es\/#\/schema\/person\/5158877ad4acae98b34daaeef2a1ce6e","name":"Karen Bueno","image":{"@type":"ImageObject","inLanguage":"es","@id":"https:\/\/secure.gravatar.com\/avatar\/f9f4b823873154269d2b2130f195f6d41037dd0d7fc5f3cacb5c846bae70d66b?s=96&d=mm&r=g","url":"https:\/\/secure.gravatar.com\/avatar\/f9f4b823873154269d2b2130f195f6d41037dd0d7fc5f3cacb5c846bae70d66b?s=96&d=mm&r=g","contentUrl":"https:\/\/secure.gravatar.com\/avatar\/f9f4b823873154269d2b2130f195f6d41037dd0d7fc5f3cacb5c846bae70d66b?s=96&d=mm&r=g","caption":"Karen Bueno"},"url":"https:\/\/schoenstatt.com\/es\/author\/karen-bueno\/"}]}},"_links":{"self":[{"href":"https:\/\/schoenstatt.com\/es\/wp-json\/wp\/v2\/posts\/42979","targetHints":{"allow":["GET"]}}],"collection":[{"href":"https:\/\/schoenstatt.com\/es\/wp-json\/wp\/v2\/posts"}],"about":[{"href":"https:\/\/schoenstatt.com\/es\/wp-json\/wp\/v2\/types\/post"}],"author":[{"embeddable":true,"href":"https:\/\/schoenstatt.com\/es\/wp-json\/wp\/v2\/users\/3"}],"replies":[{"embeddable":true,"href":"https:\/\/schoenstatt.com\/es\/wp-json\/wp\/v2\/comments?post=42979"}],"version-history":[{"count":4,"href":"https:\/\/schoenstatt.com\/es\/wp-json\/wp\/v2\/posts\/42979\/revisions"}],"predecessor-version":[{"id":62906,"href":"https:\/\/schoenstatt.com\/es\/wp-json\/wp\/v2\/posts\/42979\/revisions\/62906"}],"wp:featuredmedia":[{"embeddable":true,"href":"https:\/\/schoenstatt.com\/es\/wp-json\/wp\/v2\/media\/42965"}],"wp:attachment":[{"href":"https:\/\/schoenstatt.com\/es\/wp-json\/wp\/v2\/media?parent=42979"}],"wp:term":[{"taxonomy":"category","embeddable":true,"href":"https:\/\/schoenstatt.com\/es\/wp-json\/wp\/v2\/categories?post=42979"},{"taxonomy":"post_tag","embeddable":true,"href":"https:\/\/schoenstatt.com\/es\/wp-json\/wp\/v2\/tags?post=42979"}],"curies":[{"name":"wp","href":"https:\/\/api.w.org\/{rel}","templated":true}]}}