{"id":42917,"date":"2025-01-20T13:00:09","date_gmt":"2025-01-20T12:00:09","guid":{"rendered":"https:\/\/schoenstatt.com\/?p=42917"},"modified":"2025-05-15T18:17:28","modified_gmt":"2025-05-15T16:17:28","slug":"padre-kentenich-peregrino-de-la-esperanza","status":"publish","type":"post","link":"https:\/\/schoenstatt.com\/es\/padre-kentenich-peregrino-de-la-esperanza\/","title":{"rendered":"Padre Kentenich, peregrino de la esperanza"},"content":{"rendered":"\n<p>En Nochebuena, cruzamos el umbral del <a href=\"https:\/\/www.iubilaeum2025.va\/es.html\" target=\"_blank\" rel=\"noreferrer noopener\">A\u00f1o Santo 2025<\/a> con muchos fieles de todo el mundo. Como hermanos y hermanas de la Familia de Schoenstatt mundial, ponemos nuestra <a href=\"https:\/\/schoenstatt.com\/es\/nuestra-espiritualidad\/alianza-de-amor\/\">Alianza de Amor<\/a> como motivo de esperanza y el carisma de nuestro Padre y Fundador, por una Iglesia y un mundo familiares. En el umbral del A\u00f1o Santo, el P. Josef Fleischlin ISch cre\u00f3 una imagen que expresa con fuerza esta esperanza: el P. Jos\u00e9 Kentenich como peregrino de la esperanza desde el santuario. El P. Fleischlin escribe:<\/p>\n\n\n\n<blockquote class=\"wp-block-quote is-layout-flow wp-block-quote-is-layout-flow\">\n<p><em>\u201cA lo largo de la vida he experimentado al P. Kentenich como un peregrino incansable que parte hacia la misi\u00f3n de la Virgen desde el santuario. Por eso habla tambi\u00e9n de los hitos de nuestra historia de Schoenstatt: primero conducir al Santuario y luego partir desde el Santuario hacia el ancho mundo para ayudar a fundar Santuarios de la MTA en todas partes con el objetivo de llevar el mundo a la casa del Padre a trav\u00e9s de Jes\u00fas y Mar\u00eda en el Esp\u00edritu Santo\u201d.<\/em><\/p>\n<\/blockquote>\n\n\n\n<p>El P. Kentenich fue un peregrino incansable, tanto en sus a\u00f1os de juventud, cuando Schoenstatt apenas estaba tomando forma; en los a\u00f1os en que el Movimiento floreci\u00f3 en y alrededor de la Casa de la Alianza, as\u00ed como despu\u00e9s de su regreso de Dachau y de Milwaukee &#8211; siempre viajando hacia la gente con el fuego del amor en su coraz\u00f3n. Un hombre de nuevos comienzos. Le inspiraba la esperanza de dar la alianza de amor a la gente, de llevarles a una relaci\u00f3n con la Virgen y luego de unir a la gente en comunidades sostenibles, como una familia.<\/p>\n\n\n\n<h3 class=\"wp-block-heading\" id=\"h-la-estatua-del-padre-kentenich\"><strong>La estatua del Padre Kentenich<\/strong><\/h3>\n\n\n\n<figure class=\"wp-block-image size-large is-resized\"><img decoding=\"async\" src=\"https:\/\/schoenstatt.com\/wp-content\/uploads\/2025\/01\/Kentenich-als-Pilger-der-Hoffnung-4-772x1024.jpg\" alt=\"\" class=\"wp-image-42904\" style=\"width:551px;height:auto\"\/><\/figure>\n\n\n\n<p>En la imagen vemos al P. Kentenich como un peregrino, apasionadamente en camino, un profeta en marcha, impulsado por su misi\u00f3n. \u00bfVamos con \u00e9l? Mira constantemente a su alrededor en busca de aliados y se los pide a la Virgen, por la que camina. El padre Fleischlin escribe:<\/p>\n\n\n\n<blockquote class=\"wp-block-quote is-layout-flow wp-block-quote-is-layout-flow\">\n<p><em>\u201cLa estatua del Padre fue creada por Antonio Borges a principios de los a\u00f1os 70 para mi ideal de curso \u2018Exeuntes in Promissionibus Patris\u2019 (Salir &#8211; y ponerse en camino &#8211; en las promesas del Padre), entendido sobre todo como la visi\u00f3n de nuestro Padre de la obra de la Virgen desde el Santuario para nuestro tiempo y nuestro mundo. (Como palotinos schoenstattianos comprometidos nos dejamos llevar por las palabras de nuestro Padre: \u00abCreamos en Schoenstatt y en Pallotti, y que este signo de unidad nadie nos lo arrebate\u00bb).\u201d<\/em><\/p>\n<\/blockquote>\n\n\n\n<figure class=\"wp-block-image size-large is-resized\"><img decoding=\"async\" src=\"https:\/\/schoenstatt.com\/wp-content\/uploads\/2025\/01\/Kentenich-als-Pilger-der-Hoffnung-5-780x1024.jpg\" alt=\"\" class=\"wp-image-42909\" style=\"width:582px;height:auto\"\/><\/figure>\n\n\n\n<p>La antigua puerta de acceso a la pradera que rodea el Santuario Original y a la proximidad directa de la Virgen de Schoenstatt ofrece este a\u00f1o un tel\u00f3n de fondo muy simb\u00f3lico. A trav\u00e9s de esta puerta entramos, por as\u00ed decirlo, en la esfera de acci\u00f3n de la gracia de este lugar especial; a trav\u00e9s de ella tambi\u00e9n pisamos el mundo, invitados a regalar la alianza de amor a otras personas. A convertirnos en personas en salida, como lo fue nuestro Padre, como lo fue Mar\u00eda y tambi\u00e9n Jes\u00fas -el Dios-hombre- en incansable salida hacia los necesitados. Dios en camino.<\/p>\n\n\n\n<h3 class=\"wp-block-heading\" id=\"h-estampas-del-ano-jubilar\"><strong>Estampas del A\u00f1o Jubilar<\/strong><\/h3>\n\n\n\n<figure class=\"wp-block-image size-large\"><img decoding=\"async\" src=\"https:\/\/schoenstatt.com\/wp-content\/uploads\/2025\/01\/Kentenich-als-Pilger-der-Hoffnung-2-802x1024.jpg\" alt=\"\" class=\"wp-image-42894\"\/><\/figure>\n\n\n\n<p>La estampita con la oraci\u00f3n del peregrino podr\u00e1 encargarse a partir de enero de 2025 en la sacrist\u00eda del Santuario Original. En semanas posteriores tambi\u00e9n estar\u00e1 en otros idiomas. La mitad de lo recaudado se destinar\u00e1 a la iniciativa: <a href=\"https:\/\/schoenstatt.com\/es\/todos-somos-schoenstatt\/\">\u00abTodos somos Schoenstatt\u00bb<\/a> y, por tanto, a favor del Santuario Original.<\/p>\n\n\n\n<p><strong>Pedidos:<\/strong> Alicja Kostka &#8211; Edici\u00f3n Admirabilis, e-mail: admirabilis2014@gmail.com, o comprar directamente en la sacrist\u00eda del Santuario Original.<\/p>\n\n\n\n<p><strong>Traducci\u00f3n:<\/strong> P. Ignacio Camacho<\/p>\n","protected":false},"excerpt":{"rendered":"<p>Aprendimos de nuestro Fundador a ser peregrinos de la esperanza, a hacer del mundo nuestro campo de misi\u00f3n<\/p>\n","protected":false},"author":3,"featured_media":42899,"comment_status":"closed","ping_status":"closed","sticky":false,"template":"","format":"standard","meta":{"footnotes":""},"categories":[881],"tags":[],"class_list":["post-42917","post","type-post","status-publish","format-standard","has-post-thumbnail","hentry","category-p-jose-kentenich-es"],"yoast_head":"<!-- This site is optimized with the Yoast SEO Premium plugin v27.4 (Yoast SEO v27.5) - https:\/\/yoast.com\/product\/yoast-seo-premium-wordpress\/ -->\n<title>Padre Kentenich, peregrino de la esperanza - Schoenstatt<\/title>\n<meta name=\"description\" content=\"Aprendimos de nuestro Fundador a ser peregrinos de la esperanza, a hacer del mundo nuestro campo de misi\u00f3n\" \/>\n<meta name=\"robots\" content=\"index, follow, max-snippet:-1, max-image-preview:large, max-video-preview:-1\" \/>\n<link rel=\"canonical\" href=\"https:\/\/schoenstatt.com\/es\/padre-kentenich-peregrino-de-la-esperanza\/\" \/>\n<meta property=\"og:locale\" content=\"es_ES\" \/>\n<meta property=\"og:type\" content=\"article\" \/>\n<meta property=\"og:title\" content=\"Padre Kentenich, peregrino de la esperanza\" \/>\n<meta property=\"og:description\" content=\"Aprendimos de nuestro Fundador a ser peregrinos de la esperanza, a hacer del mundo nuestro campo de misi\u00f3n\" \/>\n<meta property=\"og:url\" content=\"https:\/\/schoenstatt.com\/es\/padre-kentenich-peregrino-de-la-esperanza\/\" \/>\n<meta property=\"og:site_name\" content=\"Schoenstatt\" \/>\n<meta property=\"article:published_time\" content=\"2025-01-20T12:00:09+00:00\" \/>\n<meta property=\"article:modified_time\" content=\"2025-05-15T16:17:28+00:00\" \/>\n<meta property=\"og:image\" content=\"https:\/\/schoenstatt.com\/wp-content\/uploads\/2025\/01\/Kentenich-als-Pilger-der-Hoffnung-3-1.jpg\" \/>\n\t<meta property=\"og:image:width\" content=\"2048\" \/>\n\t<meta property=\"og:image:height\" content=\"1125\" \/>\n\t<meta property=\"og:image:type\" content=\"image\/jpeg\" \/>\n<meta name=\"author\" content=\"Karen Bueno\" \/>\n<meta name=\"twitter:card\" content=\"summary_large_image\" \/>\n<meta name=\"twitter:label1\" content=\"Escrito por\" \/>\n\t<meta name=\"twitter:data1\" content=\"Karen Bueno\" \/>\n\t<meta name=\"twitter:label2\" content=\"Tiempo de lectura\" \/>\n\t<meta name=\"twitter:data2\" content=\"3 minutos\" \/>\n<script type=\"application\/ld+json\" class=\"yoast-schema-graph\">{\"@context\":\"https:\\\/\\\/schema.org\",\"@graph\":[{\"@type\":\"Article\",\"@id\":\"https:\\\/\\\/schoenstatt.com\\\/es\\\/padre-kentenich-peregrino-de-la-esperanza\\\/#article\",\"isPartOf\":{\"@id\":\"https:\\\/\\\/schoenstatt.com\\\/es\\\/padre-kentenich-peregrino-de-la-esperanza\\\/\"},\"author\":{\"name\":\"Karen Bueno\",\"@id\":\"https:\\\/\\\/schoenstatt.com\\\/es\\\/#\\\/schema\\\/person\\\/5158877ad4acae98b34daaeef2a1ce6e\"},\"headline\":\"Padre Kentenich, peregrino de la esperanza\",\"datePublished\":\"2025-01-20T12:00:09+00:00\",\"dateModified\":\"2025-05-15T16:17:28+00:00\",\"mainEntityOfPage\":{\"@id\":\"https:\\\/\\\/schoenstatt.com\\\/es\\\/padre-kentenich-peregrino-de-la-esperanza\\\/\"},\"wordCount\":626,\"publisher\":{\"@id\":\"https:\\\/\\\/schoenstatt.com\\\/es\\\/#organization\"},\"image\":{\"@id\":\"https:\\\/\\\/schoenstatt.com\\\/es\\\/padre-kentenich-peregrino-de-la-esperanza\\\/#primaryimage\"},\"thumbnailUrl\":\"https:\\\/\\\/schoenstatt.com\\\/wp-content\\\/uploads\\\/2025\\\/01\\\/Kentenich-als-Pilger-der-Hoffnung-3-1.jpg\",\"articleSection\":[\"P. Jos\u00e9 Kentenich\"],\"inLanguage\":\"es\"},{\"@type\":\"WebPage\",\"@id\":\"https:\\\/\\\/schoenstatt.com\\\/es\\\/padre-kentenich-peregrino-de-la-esperanza\\\/\",\"url\":\"https:\\\/\\\/schoenstatt.com\\\/es\\\/padre-kentenich-peregrino-de-la-esperanza\\\/\",\"name\":\"Padre Kentenich, peregrino de la esperanza - Schoenstatt\",\"isPartOf\":{\"@id\":\"https:\\\/\\\/schoenstatt.com\\\/es\\\/#website\"},\"primaryImageOfPage\":{\"@id\":\"https:\\\/\\\/schoenstatt.com\\\/es\\\/padre-kentenich-peregrino-de-la-esperanza\\\/#primaryimage\"},\"image\":{\"@id\":\"https:\\\/\\\/schoenstatt.com\\\/es\\\/padre-kentenich-peregrino-de-la-esperanza\\\/#primaryimage\"},\"thumbnailUrl\":\"https:\\\/\\\/schoenstatt.com\\\/wp-content\\\/uploads\\\/2025\\\/01\\\/Kentenich-als-Pilger-der-Hoffnung-3-1.jpg\",\"datePublished\":\"2025-01-20T12:00:09+00:00\",\"dateModified\":\"2025-05-15T16:17:28+00:00\",\"description\":\"Aprendimos de nuestro Fundador a ser peregrinos de la esperanza, a hacer del mundo nuestro campo de misi\u00f3n\",\"breadcrumb\":{\"@id\":\"https:\\\/\\\/schoenstatt.com\\\/es\\\/padre-kentenich-peregrino-de-la-esperanza\\\/#breadcrumb\"},\"inLanguage\":\"es\",\"potentialAction\":[{\"@type\":\"ReadAction\",\"target\":[\"https:\\\/\\\/schoenstatt.com\\\/es\\\/padre-kentenich-peregrino-de-la-esperanza\\\/\"]}]},{\"@type\":\"ImageObject\",\"inLanguage\":\"es\",\"@id\":\"https:\\\/\\\/schoenstatt.com\\\/es\\\/padre-kentenich-peregrino-de-la-esperanza\\\/#primaryimage\",\"url\":\"https:\\\/\\\/schoenstatt.com\\\/wp-content\\\/uploads\\\/2025\\\/01\\\/Kentenich-als-Pilger-der-Hoffnung-3-1.jpg\",\"contentUrl\":\"https:\\\/\\\/schoenstatt.com\\\/wp-content\\\/uploads\\\/2025\\\/01\\\/Kentenich-als-Pilger-der-Hoffnung-3-1.jpg\",\"width\":2048,\"height\":1125},{\"@type\":\"BreadcrumbList\",\"@id\":\"https:\\\/\\\/schoenstatt.com\\\/es\\\/padre-kentenich-peregrino-de-la-esperanza\\\/#breadcrumb\",\"itemListElement\":[{\"@type\":\"ListItem\",\"position\":1,\"name\":\"Portada\",\"item\":\"https:\\\/\\\/schoenstatt.com\\\/es\\\/home\\\/\"},{\"@type\":\"ListItem\",\"position\":2,\"name\":\"Padre Kentenich, peregrino de la esperanza\"}]},{\"@type\":\"WebSite\",\"@id\":\"https:\\\/\\\/schoenstatt.com\\\/es\\\/#website\",\"url\":\"https:\\\/\\\/schoenstatt.com\\\/es\\\/\",\"name\":\"Schoenstatt\",\"description\":\"Apostolic Movement\",\"publisher\":{\"@id\":\"https:\\\/\\\/schoenstatt.com\\\/es\\\/#organization\"},\"potentialAction\":[{\"@type\":\"SearchAction\",\"target\":{\"@type\":\"EntryPoint\",\"urlTemplate\":\"https:\\\/\\\/schoenstatt.com\\\/es\\\/?s={search_term_string}\"},\"query-input\":{\"@type\":\"PropertyValueSpecification\",\"valueRequired\":true,\"valueName\":\"search_term_string\"}}],\"inLanguage\":\"es\"},{\"@type\":\"Organization\",\"@id\":\"https:\\\/\\\/schoenstatt.com\\\/es\\\/#organization\",\"name\":\"Schoenstatt\",\"url\":\"https:\\\/\\\/schoenstatt.com\\\/es\\\/\",\"logo\":{\"@type\":\"ImageObject\",\"inLanguage\":\"es\",\"@id\":\"https:\\\/\\\/schoenstatt.com\\\/es\\\/#\\\/schema\\\/logo\\\/image\\\/\",\"url\":\"https:\\\/\\\/schoenstatt.com\\\/wp-content\\\/uploads\\\/2025\\\/04\\\/logo-schoenstatt-white-696x696-1.png\",\"contentUrl\":\"https:\\\/\\\/schoenstatt.com\\\/wp-content\\\/uploads\\\/2025\\\/04\\\/logo-schoenstatt-white-696x696-1.png\",\"width\":696,\"height\":694,\"caption\":\"Schoenstatt\"},\"image\":{\"@id\":\"https:\\\/\\\/schoenstatt.com\\\/es\\\/#\\\/schema\\\/logo\\\/image\\\/\"}},{\"@type\":\"Person\",\"@id\":\"https:\\\/\\\/schoenstatt.com\\\/es\\\/#\\\/schema\\\/person\\\/5158877ad4acae98b34daaeef2a1ce6e\",\"name\":\"Karen Bueno\",\"image\":{\"@type\":\"ImageObject\",\"inLanguage\":\"es\",\"@id\":\"https:\\\/\\\/secure.gravatar.com\\\/avatar\\\/f9f4b823873154269d2b2130f195f6d41037dd0d7fc5f3cacb5c846bae70d66b?s=96&d=mm&r=g\",\"url\":\"https:\\\/\\\/secure.gravatar.com\\\/avatar\\\/f9f4b823873154269d2b2130f195f6d41037dd0d7fc5f3cacb5c846bae70d66b?s=96&d=mm&r=g\",\"contentUrl\":\"https:\\\/\\\/secure.gravatar.com\\\/avatar\\\/f9f4b823873154269d2b2130f195f6d41037dd0d7fc5f3cacb5c846bae70d66b?s=96&d=mm&r=g\",\"caption\":\"Karen Bueno\"},\"url\":\"https:\\\/\\\/schoenstatt.com\\\/es\\\/author\\\/karen-bueno\\\/\"}]}<\/script>\n<!-- \/ Yoast SEO Premium plugin. -->","yoast_head_json":{"title":"Padre Kentenich, peregrino de la esperanza - Schoenstatt","description":"Aprendimos de nuestro Fundador a ser peregrinos de la esperanza, a hacer del mundo nuestro campo de misi\u00f3n","robots":{"index":"index","follow":"follow","max-snippet":"max-snippet:-1","max-image-preview":"max-image-preview:large","max-video-preview":"max-video-preview:-1"},"canonical":"https:\/\/schoenstatt.com\/es\/padre-kentenich-peregrino-de-la-esperanza\/","og_locale":"es_ES","og_type":"article","og_title":"Padre Kentenich, peregrino de la esperanza","og_description":"Aprendimos de nuestro Fundador a ser peregrinos de la esperanza, a hacer del mundo nuestro campo de misi\u00f3n","og_url":"https:\/\/schoenstatt.com\/es\/padre-kentenich-peregrino-de-la-esperanza\/","og_site_name":"Schoenstatt","article_published_time":"2025-01-20T12:00:09+00:00","article_modified_time":"2025-05-15T16:17:28+00:00","og_image":[{"width":2048,"height":1125,"url":"https:\/\/schoenstatt.com\/wp-content\/uploads\/2025\/01\/Kentenich-als-Pilger-der-Hoffnung-3-1.jpg","type":"image\/jpeg"}],"author":"Karen Bueno","twitter_card":"summary_large_image","twitter_misc":{"Escrito por":"Karen Bueno","Tiempo de lectura":"3 minutos"},"schema":{"@context":"https:\/\/schema.org","@graph":[{"@type":"Article","@id":"https:\/\/schoenstatt.com\/es\/padre-kentenich-peregrino-de-la-esperanza\/#article","isPartOf":{"@id":"https:\/\/schoenstatt.com\/es\/padre-kentenich-peregrino-de-la-esperanza\/"},"author":{"name":"Karen Bueno","@id":"https:\/\/schoenstatt.com\/es\/#\/schema\/person\/5158877ad4acae98b34daaeef2a1ce6e"},"headline":"Padre Kentenich, peregrino de la esperanza","datePublished":"2025-01-20T12:00:09+00:00","dateModified":"2025-05-15T16:17:28+00:00","mainEntityOfPage":{"@id":"https:\/\/schoenstatt.com\/es\/padre-kentenich-peregrino-de-la-esperanza\/"},"wordCount":626,"publisher":{"@id":"https:\/\/schoenstatt.com\/es\/#organization"},"image":{"@id":"https:\/\/schoenstatt.com\/es\/padre-kentenich-peregrino-de-la-esperanza\/#primaryimage"},"thumbnailUrl":"https:\/\/schoenstatt.com\/wp-content\/uploads\/2025\/01\/Kentenich-als-Pilger-der-Hoffnung-3-1.jpg","articleSection":["P. Jos\u00e9 Kentenich"],"inLanguage":"es"},{"@type":"WebPage","@id":"https:\/\/schoenstatt.com\/es\/padre-kentenich-peregrino-de-la-esperanza\/","url":"https:\/\/schoenstatt.com\/es\/padre-kentenich-peregrino-de-la-esperanza\/","name":"Padre Kentenich, peregrino de la esperanza - Schoenstatt","isPartOf":{"@id":"https:\/\/schoenstatt.com\/es\/#website"},"primaryImageOfPage":{"@id":"https:\/\/schoenstatt.com\/es\/padre-kentenich-peregrino-de-la-esperanza\/#primaryimage"},"image":{"@id":"https:\/\/schoenstatt.com\/es\/padre-kentenich-peregrino-de-la-esperanza\/#primaryimage"},"thumbnailUrl":"https:\/\/schoenstatt.com\/wp-content\/uploads\/2025\/01\/Kentenich-als-Pilger-der-Hoffnung-3-1.jpg","datePublished":"2025-01-20T12:00:09+00:00","dateModified":"2025-05-15T16:17:28+00:00","description":"Aprendimos de nuestro Fundador a ser peregrinos de la esperanza, a hacer del mundo nuestro campo de misi\u00f3n","breadcrumb":{"@id":"https:\/\/schoenstatt.com\/es\/padre-kentenich-peregrino-de-la-esperanza\/#breadcrumb"},"inLanguage":"es","potentialAction":[{"@type":"ReadAction","target":["https:\/\/schoenstatt.com\/es\/padre-kentenich-peregrino-de-la-esperanza\/"]}]},{"@type":"ImageObject","inLanguage":"es","@id":"https:\/\/schoenstatt.com\/es\/padre-kentenich-peregrino-de-la-esperanza\/#primaryimage","url":"https:\/\/schoenstatt.com\/wp-content\/uploads\/2025\/01\/Kentenich-als-Pilger-der-Hoffnung-3-1.jpg","contentUrl":"https:\/\/schoenstatt.com\/wp-content\/uploads\/2025\/01\/Kentenich-als-Pilger-der-Hoffnung-3-1.jpg","width":2048,"height":1125},{"@type":"BreadcrumbList","@id":"https:\/\/schoenstatt.com\/es\/padre-kentenich-peregrino-de-la-esperanza\/#breadcrumb","itemListElement":[{"@type":"ListItem","position":1,"name":"Portada","item":"https:\/\/schoenstatt.com\/es\/home\/"},{"@type":"ListItem","position":2,"name":"Padre Kentenich, peregrino de la esperanza"}]},{"@type":"WebSite","@id":"https:\/\/schoenstatt.com\/es\/#website","url":"https:\/\/schoenstatt.com\/es\/","name":"Schoenstatt","description":"Apostolic Movement","publisher":{"@id":"https:\/\/schoenstatt.com\/es\/#organization"},"potentialAction":[{"@type":"SearchAction","target":{"@type":"EntryPoint","urlTemplate":"https:\/\/schoenstatt.com\/es\/?s={search_term_string}"},"query-input":{"@type":"PropertyValueSpecification","valueRequired":true,"valueName":"search_term_string"}}],"inLanguage":"es"},{"@type":"Organization","@id":"https:\/\/schoenstatt.com\/es\/#organization","name":"Schoenstatt","url":"https:\/\/schoenstatt.com\/es\/","logo":{"@type":"ImageObject","inLanguage":"es","@id":"https:\/\/schoenstatt.com\/es\/#\/schema\/logo\/image\/","url":"https:\/\/schoenstatt.com\/wp-content\/uploads\/2025\/04\/logo-schoenstatt-white-696x696-1.png","contentUrl":"https:\/\/schoenstatt.com\/wp-content\/uploads\/2025\/04\/logo-schoenstatt-white-696x696-1.png","width":696,"height":694,"caption":"Schoenstatt"},"image":{"@id":"https:\/\/schoenstatt.com\/es\/#\/schema\/logo\/image\/"}},{"@type":"Person","@id":"https:\/\/schoenstatt.com\/es\/#\/schema\/person\/5158877ad4acae98b34daaeef2a1ce6e","name":"Karen Bueno","image":{"@type":"ImageObject","inLanguage":"es","@id":"https:\/\/secure.gravatar.com\/avatar\/f9f4b823873154269d2b2130f195f6d41037dd0d7fc5f3cacb5c846bae70d66b?s=96&d=mm&r=g","url":"https:\/\/secure.gravatar.com\/avatar\/f9f4b823873154269d2b2130f195f6d41037dd0d7fc5f3cacb5c846bae70d66b?s=96&d=mm&r=g","contentUrl":"https:\/\/secure.gravatar.com\/avatar\/f9f4b823873154269d2b2130f195f6d41037dd0d7fc5f3cacb5c846bae70d66b?s=96&d=mm&r=g","caption":"Karen Bueno"},"url":"https:\/\/schoenstatt.com\/es\/author\/karen-bueno\/"}]}},"_links":{"self":[{"href":"https:\/\/schoenstatt.com\/es\/wp-json\/wp\/v2\/posts\/42917","targetHints":{"allow":["GET"]}}],"collection":[{"href":"https:\/\/schoenstatt.com\/es\/wp-json\/wp\/v2\/posts"}],"about":[{"href":"https:\/\/schoenstatt.com\/es\/wp-json\/wp\/v2\/types\/post"}],"author":[{"embeddable":true,"href":"https:\/\/schoenstatt.com\/es\/wp-json\/wp\/v2\/users\/3"}],"replies":[{"embeddable":true,"href":"https:\/\/schoenstatt.com\/es\/wp-json\/wp\/v2\/comments?post=42917"}],"version-history":[{"count":1,"href":"https:\/\/schoenstatt.com\/es\/wp-json\/wp\/v2\/posts\/42917\/revisions"}],"predecessor-version":[{"id":47274,"href":"https:\/\/schoenstatt.com\/es\/wp-json\/wp\/v2\/posts\/42917\/revisions\/47274"}],"wp:featuredmedia":[{"embeddable":true,"href":"https:\/\/schoenstatt.com\/es\/wp-json\/wp\/v2\/media\/42899"}],"wp:attachment":[{"href":"https:\/\/schoenstatt.com\/es\/wp-json\/wp\/v2\/media?parent=42917"}],"wp:term":[{"taxonomy":"category","embeddable":true,"href":"https:\/\/schoenstatt.com\/es\/wp-json\/wp\/v2\/categories?post=42917"},{"taxonomy":"post_tag","embeddable":true,"href":"https:\/\/schoenstatt.com\/es\/wp-json\/wp\/v2\/tags?post=42917"}],"curies":[{"name":"wp","href":"https:\/\/api.w.org\/{rel}","templated":true}]}}