{"id":42832,"date":"2025-01-10T12:41:30","date_gmt":"2025-01-10T11:41:30","guid":{"rendered":"https:\/\/schoenstatt.com\/?p=42832"},"modified":"2025-05-15T00:26:49","modified_gmt":"2025-05-14T22:26:49","slug":"federacion-de-hombres-de-argentina-se-reunio-en-su-jornada-anual","status":"publish","type":"post","link":"https:\/\/schoenstatt.com\/es\/federacion-de-hombres-de-argentina-se-reunio-en-su-jornada-anual\/","title":{"rendered":"Federaci\u00f3n de Hombres de Argentina se reuni\u00f3 en su Jornada Anual"},"content":{"rendered":"\n<p>Los pasados 14 y 15 de diciembre de 2024, la <a href=\"https:\/\/schoenstatt.com\/es\/comunidades\/hombres\/federacion-de-hombres\/\">Federaci\u00f3n de Hombres de Schoenstatt<\/a> se reuni\u00f3 en su cuarta Jornada Anual en la ciudad de Rosario, Santa F\u00e9, <a href=\"https:\/\/www.schoenstatt.org.ar\/\" target=\"_blank\" rel=\"noreferrer noopener\">Argentina<\/a>. Un encuentro que se caracteriz\u00f3 por un ambiente fraterno y ameno, donde los participantes pudieron estrechar lazos, en uni\u00f3n a la Mater y el Padre Jos\u00e9 Kentenich y reflexionar sobre la importancia de la santidad de la vida diaria en la vocaci\u00f3n laical.<\/p>\n\n\n\n<p>La jornada comenz\u00f3 con un espacio para compartir experiencias y reflexiones en grupos peque\u00f1os. Esta din\u00e1mica permiti\u00f3 a los participantes conocerse mejor y profundizando los lazos de hermandad que los unen como miembros de la Federaci\u00f3n. Luego, se dio paso a un momento de oraci\u00f3n profunda, donde se elev\u00f3 el coraz\u00f3n a Dios y se renov\u00f3 el compromiso de vivir la fe con autenticidad. Para finalizar la ma\u00f1ana, se comparti\u00f3 un almuerzo fraterno.<\/p>\n\n\n\n<figure class=\"wp-block-image size-large\"><img decoding=\"async\" src=\"https:\/\/schoenstatt.com\/wp-content\/uploads\/2025\/01\/federacion-de-hombres-argentina-2-1024x888.jpg\" alt=\"\" class=\"wp-image-42819\"\/><\/figure>\n\n\n\n<h3 class=\"wp-block-heading\" id=\"h-santidad-y-el-apostolado-laical\"><strong>Santidad y el apostolado laical<\/strong><\/h3>\n\n\n\n<p>Por la tarde del d\u00eda 14, la jornada continu\u00f3 con una charla sobre la vinculaci\u00f3n entre la santidad de la vida diaria y el apostolado laical. Se profundiz\u00f3 el significado de la Consagraci\u00f3n en la Federaci\u00f3n de Hombres, un compromiso que implica vivir el ideal de Schoenstatt en la vida cotidiana y en el servicio a la Iglesia.<\/p>\n\n\n\n<p>Al final de la tarde, la jornada se traslad\u00f3 al Santuario de Rosario. All\u00ed, en un momento de gran emotividad, el Curso \u00abHijos del Padre\u00bb tuvo su segunda Consagraci\u00f3n. Este acto fue compartido con toda la Familia de Schoenstatt de Rosario, que se uni\u00f3 en oraci\u00f3n y alegr\u00eda por este acontecimiento.<\/p>\n\n\n\n<figure class=\"wp-block-gallery has-nested-images columns-default is-cropped wp-block-gallery-1 is-layout-flex wp-block-gallery-is-layout-flex\">\n<figure class=\"wp-block-image size-large\"><img decoding=\"async\" data-id=\"42823\" src=\"https:\/\/schoenstatt.com\/wp-content\/uploads\/2025\/01\/federacion-de-hombres-argentina-3.jpg\" alt=\"\" class=\"wp-image-42823\"\/><\/figure>\n\n\n\n<figure class=\"wp-block-image size-large\"><img decoding=\"async\" data-id=\"42825\" src=\"https:\/\/schoenstatt.com\/wp-content\/uploads\/2025\/01\/federacion-de-hombres-argentina-4.jpg\" alt=\"\" class=\"wp-image-42825\"\/><\/figure>\n<\/figure>\n\n\n\n<p>Otro momento importante de la jornada fue la elecci\u00f3n del nuevo jefe de la Federaci\u00f3n de Hombres de Argentina. Roberto Horat fue elegido para este cargo contando con la ayuda de Mart\u00edn Esquivel y Fernando Gim\u00e9nez como sus principales colaboradores.<\/p>\n\n\n\n<p>Por \u00faltimo, se anunci\u00f3 que la ciudad de Paran\u00e1 ser\u00e1 la sede de la pr\u00f3xima Jornada de la Federaci\u00f3n, a realizarse en noviembre del 2025. Esta elecci\u00f3n es especialmente significativa, ya que se enmarca en el contexto del Jubileo de la Iglesia y los 50 a\u00f1os de la bendici\u00f3n del Santuario de La Loma.<\/p>\n\n\n\n<figure class=\"wp-block-image size-large\"><img decoding=\"async\" src=\"https:\/\/schoenstatt.com\/wp-content\/uploads\/2025\/01\/federacion-de-hombres-argentina-1024x680.jpg\" alt=\"\" class=\"wp-image-42815\"\/><\/figure>\n\n\n\n<h3 class=\"wp-block-heading\" id=\"h-hombres-nuevos\"><strong>Hombres nuevos<\/strong><\/h3>\n\n\n\n<p>La Fundaci\u00f3n de la Federaci\u00f3n de Hombres de Argentina remonta hacia el 2015, ha dado pasos de crecimiento y maduraci\u00f3n, con integrantes de distintas provincias del pa\u00eds. Estamos llamados a construir un hombre nuevo en el mayor esp\u00edritu de la Misi\u00f3n del 31 de mayo.<\/p>\n\n\n\n<p>Todos los interesados est\u00e1n invitados a contactarnos:<\/p>\n\n\n\n<p><strong>Contacto<\/strong><br>Juan Eduardo Villarrasa +54 9 3436 21-1963<br>Patricio Salas +54 9 11 67694628<\/p>\n","protected":false},"excerpt":{"rendered":"<p>Cuarta Jornada Anual de la Federaci\u00f3n de Hombres de Argentina de Schoenstatt: Un encuentro para fortalecer la fe y la fraternidad.<\/p>\n","protected":false},"author":3,"featured_media":42815,"comment_status":"closed","ping_status":"closed","sticky":false,"template":"","format":"standard","meta":{"footnotes":""},"categories":[864,909],"tags":[],"class_list":["post-42832","post","type-post","status-publish","format-standard","has-post-thumbnail","hentry","category-america-es","category-comunidades-de-schoenstatt-es"],"yoast_head":"<!-- This site is optimized with the Yoast SEO Premium plugin v27.4 (Yoast SEO v27.5) - https:\/\/yoast.com\/product\/yoast-seo-premium-wordpress\/ -->\n<title>Federaci\u00f3n de Hombres de Argentina se reuni\u00f3 en su Jornada Anual<\/title>\n<meta name=\"description\" content=\"Cuarta Jornada Anual de la Federaci\u00f3n de Hombres de Argentina de Schoenstatt: Un encuentro para fortalecer la fe y la fraternidad.\" \/>\n<meta name=\"robots\" content=\"index, follow, max-snippet:-1, max-image-preview:large, max-video-preview:-1\" \/>\n<link rel=\"canonical\" href=\"https:\/\/schoenstatt.com\/es\/federacion-de-hombres-de-argentina-se-reunio-en-su-jornada-anual\/\" \/>\n<meta property=\"og:locale\" content=\"es_ES\" \/>\n<meta property=\"og:type\" content=\"article\" \/>\n<meta property=\"og:title\" content=\"Federaci\u00f3n de Hombres de Argentina se reuni\u00f3 en su Jornada Anual\" \/>\n<meta property=\"og:description\" content=\"Cuarta Jornada Anual de la Federaci\u00f3n de Hombres de Argentina de Schoenstatt: Un encuentro para fortalecer la fe y la fraternidad.\" \/>\n<meta property=\"og:url\" content=\"https:\/\/schoenstatt.com\/es\/federacion-de-hombres-de-argentina-se-reunio-en-su-jornada-anual\/\" \/>\n<meta property=\"og:site_name\" content=\"Schoenstatt\" \/>\n<meta property=\"article:published_time\" content=\"2025-01-10T11:41:30+00:00\" \/>\n<meta property=\"article:modified_time\" content=\"2025-05-14T22:26:49+00:00\" \/>\n<meta property=\"og:image\" content=\"https:\/\/schoenstatt.com\/wp-content\/uploads\/2025\/01\/federacion-de-hombres-argentina-1.jpg\" \/>\n\t<meta property=\"og:image:width\" content=\"1600\" \/>\n\t<meta property=\"og:image:height\" content=\"1062\" \/>\n\t<meta property=\"og:image:type\" content=\"image\/jpeg\" \/>\n<meta name=\"author\" content=\"Karen Bueno\" \/>\n<meta name=\"twitter:card\" content=\"summary_large_image\" \/>\n<meta name=\"twitter:label1\" content=\"Escrito por\" \/>\n\t<meta name=\"twitter:data1\" content=\"Karen Bueno\" \/>\n\t<meta name=\"twitter:label2\" content=\"Tiempo de lectura\" \/>\n\t<meta name=\"twitter:data2\" content=\"3 minutos\" \/>\n<script type=\"application\/ld+json\" class=\"yoast-schema-graph\">{\"@context\":\"https:\\\/\\\/schema.org\",\"@graph\":[{\"@type\":\"Article\",\"@id\":\"https:\\\/\\\/schoenstatt.com\\\/es\\\/federacion-de-hombres-de-argentina-se-reunio-en-su-jornada-anual\\\/#article\",\"isPartOf\":{\"@id\":\"https:\\\/\\\/schoenstatt.com\\\/es\\\/federacion-de-hombres-de-argentina-se-reunio-en-su-jornada-anual\\\/\"},\"author\":{\"name\":\"Karen Bueno\",\"@id\":\"https:\\\/\\\/schoenstatt.com\\\/es\\\/#\\\/schema\\\/person\\\/5158877ad4acae98b34daaeef2a1ce6e\"},\"headline\":\"Federaci\u00f3n de Hombres de Argentina se reuni\u00f3 en su Jornada Anual\",\"datePublished\":\"2025-01-10T11:41:30+00:00\",\"dateModified\":\"2025-05-14T22:26:49+00:00\",\"mainEntityOfPage\":{\"@id\":\"https:\\\/\\\/schoenstatt.com\\\/es\\\/federacion-de-hombres-de-argentina-se-reunio-en-su-jornada-anual\\\/\"},\"wordCount\":451,\"publisher\":{\"@id\":\"https:\\\/\\\/schoenstatt.com\\\/es\\\/#organization\"},\"image\":{\"@id\":\"https:\\\/\\\/schoenstatt.com\\\/es\\\/federacion-de-hombres-de-argentina-se-reunio-en-su-jornada-anual\\\/#primaryimage\"},\"thumbnailUrl\":\"https:\\\/\\\/schoenstatt.com\\\/wp-content\\\/uploads\\\/2025\\\/01\\\/federacion-de-hombres-argentina-1.jpg\",\"articleSection\":[\"Am\u00e9rica\",\"Comunidades de Schoenstatt\"],\"inLanguage\":\"es\"},{\"@type\":\"WebPage\",\"@id\":\"https:\\\/\\\/schoenstatt.com\\\/es\\\/federacion-de-hombres-de-argentina-se-reunio-en-su-jornada-anual\\\/\",\"url\":\"https:\\\/\\\/schoenstatt.com\\\/es\\\/federacion-de-hombres-de-argentina-se-reunio-en-su-jornada-anual\\\/\",\"name\":\"Federaci\u00f3n de Hombres de Argentina se reuni\u00f3 en su Jornada Anual\",\"isPartOf\":{\"@id\":\"https:\\\/\\\/schoenstatt.com\\\/es\\\/#website\"},\"primaryImageOfPage\":{\"@id\":\"https:\\\/\\\/schoenstatt.com\\\/es\\\/federacion-de-hombres-de-argentina-se-reunio-en-su-jornada-anual\\\/#primaryimage\"},\"image\":{\"@id\":\"https:\\\/\\\/schoenstatt.com\\\/es\\\/federacion-de-hombres-de-argentina-se-reunio-en-su-jornada-anual\\\/#primaryimage\"},\"thumbnailUrl\":\"https:\\\/\\\/schoenstatt.com\\\/wp-content\\\/uploads\\\/2025\\\/01\\\/federacion-de-hombres-argentina-1.jpg\",\"datePublished\":\"2025-01-10T11:41:30+00:00\",\"dateModified\":\"2025-05-14T22:26:49+00:00\",\"description\":\"Cuarta Jornada Anual de la Federaci\u00f3n de Hombres de Argentina de Schoenstatt: Un encuentro para fortalecer la fe y la fraternidad.\",\"breadcrumb\":{\"@id\":\"https:\\\/\\\/schoenstatt.com\\\/es\\\/federacion-de-hombres-de-argentina-se-reunio-en-su-jornada-anual\\\/#breadcrumb\"},\"inLanguage\":\"es\",\"potentialAction\":[{\"@type\":\"ReadAction\",\"target\":[\"https:\\\/\\\/schoenstatt.com\\\/es\\\/federacion-de-hombres-de-argentina-se-reunio-en-su-jornada-anual\\\/\"]}]},{\"@type\":\"ImageObject\",\"inLanguage\":\"es\",\"@id\":\"https:\\\/\\\/schoenstatt.com\\\/es\\\/federacion-de-hombres-de-argentina-se-reunio-en-su-jornada-anual\\\/#primaryimage\",\"url\":\"https:\\\/\\\/schoenstatt.com\\\/wp-content\\\/uploads\\\/2025\\\/01\\\/federacion-de-hombres-argentina-1.jpg\",\"contentUrl\":\"https:\\\/\\\/schoenstatt.com\\\/wp-content\\\/uploads\\\/2025\\\/01\\\/federacion-de-hombres-argentina-1.jpg\",\"width\":1600,\"height\":1062},{\"@type\":\"BreadcrumbList\",\"@id\":\"https:\\\/\\\/schoenstatt.com\\\/es\\\/federacion-de-hombres-de-argentina-se-reunio-en-su-jornada-anual\\\/#breadcrumb\",\"itemListElement\":[{\"@type\":\"ListItem\",\"position\":1,\"name\":\"Portada\",\"item\":\"https:\\\/\\\/schoenstatt.com\\\/es\\\/home\\\/\"},{\"@type\":\"ListItem\",\"position\":2,\"name\":\"Federaci\u00f3n de Hombres de Argentina se reuni\u00f3 en su Jornada Anual\"}]},{\"@type\":\"WebSite\",\"@id\":\"https:\\\/\\\/schoenstatt.com\\\/es\\\/#website\",\"url\":\"https:\\\/\\\/schoenstatt.com\\\/es\\\/\",\"name\":\"Schoenstatt\",\"description\":\"Apostolic Movement\",\"publisher\":{\"@id\":\"https:\\\/\\\/schoenstatt.com\\\/es\\\/#organization\"},\"potentialAction\":[{\"@type\":\"SearchAction\",\"target\":{\"@type\":\"EntryPoint\",\"urlTemplate\":\"https:\\\/\\\/schoenstatt.com\\\/es\\\/?s={search_term_string}\"},\"query-input\":{\"@type\":\"PropertyValueSpecification\",\"valueRequired\":true,\"valueName\":\"search_term_string\"}}],\"inLanguage\":\"es\"},{\"@type\":\"Organization\",\"@id\":\"https:\\\/\\\/schoenstatt.com\\\/es\\\/#organization\",\"name\":\"Schoenstatt\",\"url\":\"https:\\\/\\\/schoenstatt.com\\\/es\\\/\",\"logo\":{\"@type\":\"ImageObject\",\"inLanguage\":\"es\",\"@id\":\"https:\\\/\\\/schoenstatt.com\\\/es\\\/#\\\/schema\\\/logo\\\/image\\\/\",\"url\":\"https:\\\/\\\/schoenstatt.com\\\/wp-content\\\/uploads\\\/2025\\\/04\\\/logo-schoenstatt-white-696x696-1.png\",\"contentUrl\":\"https:\\\/\\\/schoenstatt.com\\\/wp-content\\\/uploads\\\/2025\\\/04\\\/logo-schoenstatt-white-696x696-1.png\",\"width\":696,\"height\":694,\"caption\":\"Schoenstatt\"},\"image\":{\"@id\":\"https:\\\/\\\/schoenstatt.com\\\/es\\\/#\\\/schema\\\/logo\\\/image\\\/\"}},{\"@type\":\"Person\",\"@id\":\"https:\\\/\\\/schoenstatt.com\\\/es\\\/#\\\/schema\\\/person\\\/5158877ad4acae98b34daaeef2a1ce6e\",\"name\":\"Karen Bueno\",\"image\":{\"@type\":\"ImageObject\",\"inLanguage\":\"es\",\"@id\":\"https:\\\/\\\/secure.gravatar.com\\\/avatar\\\/f9f4b823873154269d2b2130f195f6d41037dd0d7fc5f3cacb5c846bae70d66b?s=96&d=mm&r=g\",\"url\":\"https:\\\/\\\/secure.gravatar.com\\\/avatar\\\/f9f4b823873154269d2b2130f195f6d41037dd0d7fc5f3cacb5c846bae70d66b?s=96&d=mm&r=g\",\"contentUrl\":\"https:\\\/\\\/secure.gravatar.com\\\/avatar\\\/f9f4b823873154269d2b2130f195f6d41037dd0d7fc5f3cacb5c846bae70d66b?s=96&d=mm&r=g\",\"caption\":\"Karen Bueno\"},\"url\":\"https:\\\/\\\/schoenstatt.com\\\/es\\\/author\\\/karen-bueno\\\/\"}]}<\/script>\n<!-- \/ Yoast SEO Premium plugin. -->","yoast_head_json":{"title":"Federaci\u00f3n de Hombres de Argentina se reuni\u00f3 en su Jornada Anual","description":"Cuarta Jornada Anual de la Federaci\u00f3n de Hombres de Argentina de Schoenstatt: Un encuentro para fortalecer la fe y la fraternidad.","robots":{"index":"index","follow":"follow","max-snippet":"max-snippet:-1","max-image-preview":"max-image-preview:large","max-video-preview":"max-video-preview:-1"},"canonical":"https:\/\/schoenstatt.com\/es\/federacion-de-hombres-de-argentina-se-reunio-en-su-jornada-anual\/","og_locale":"es_ES","og_type":"article","og_title":"Federaci\u00f3n de Hombres de Argentina se reuni\u00f3 en su Jornada Anual","og_description":"Cuarta Jornada Anual de la Federaci\u00f3n de Hombres de Argentina de Schoenstatt: Un encuentro para fortalecer la fe y la fraternidad.","og_url":"https:\/\/schoenstatt.com\/es\/federacion-de-hombres-de-argentina-se-reunio-en-su-jornada-anual\/","og_site_name":"Schoenstatt","article_published_time":"2025-01-10T11:41:30+00:00","article_modified_time":"2025-05-14T22:26:49+00:00","og_image":[{"width":1600,"height":1062,"url":"https:\/\/schoenstatt.com\/wp-content\/uploads\/2025\/01\/federacion-de-hombres-argentina-1.jpg","type":"image\/jpeg"}],"author":"Karen Bueno","twitter_card":"summary_large_image","twitter_misc":{"Escrito por":"Karen Bueno","Tiempo de lectura":"3 minutos"},"schema":{"@context":"https:\/\/schema.org","@graph":[{"@type":"Article","@id":"https:\/\/schoenstatt.com\/es\/federacion-de-hombres-de-argentina-se-reunio-en-su-jornada-anual\/#article","isPartOf":{"@id":"https:\/\/schoenstatt.com\/es\/federacion-de-hombres-de-argentina-se-reunio-en-su-jornada-anual\/"},"author":{"name":"Karen Bueno","@id":"https:\/\/schoenstatt.com\/es\/#\/schema\/person\/5158877ad4acae98b34daaeef2a1ce6e"},"headline":"Federaci\u00f3n de Hombres de Argentina se reuni\u00f3 en su Jornada Anual","datePublished":"2025-01-10T11:41:30+00:00","dateModified":"2025-05-14T22:26:49+00:00","mainEntityOfPage":{"@id":"https:\/\/schoenstatt.com\/es\/federacion-de-hombres-de-argentina-se-reunio-en-su-jornada-anual\/"},"wordCount":451,"publisher":{"@id":"https:\/\/schoenstatt.com\/es\/#organization"},"image":{"@id":"https:\/\/schoenstatt.com\/es\/federacion-de-hombres-de-argentina-se-reunio-en-su-jornada-anual\/#primaryimage"},"thumbnailUrl":"https:\/\/schoenstatt.com\/wp-content\/uploads\/2025\/01\/federacion-de-hombres-argentina-1.jpg","articleSection":["Am\u00e9rica","Comunidades de Schoenstatt"],"inLanguage":"es"},{"@type":"WebPage","@id":"https:\/\/schoenstatt.com\/es\/federacion-de-hombres-de-argentina-se-reunio-en-su-jornada-anual\/","url":"https:\/\/schoenstatt.com\/es\/federacion-de-hombres-de-argentina-se-reunio-en-su-jornada-anual\/","name":"Federaci\u00f3n de Hombres de Argentina se reuni\u00f3 en su Jornada Anual","isPartOf":{"@id":"https:\/\/schoenstatt.com\/es\/#website"},"primaryImageOfPage":{"@id":"https:\/\/schoenstatt.com\/es\/federacion-de-hombres-de-argentina-se-reunio-en-su-jornada-anual\/#primaryimage"},"image":{"@id":"https:\/\/schoenstatt.com\/es\/federacion-de-hombres-de-argentina-se-reunio-en-su-jornada-anual\/#primaryimage"},"thumbnailUrl":"https:\/\/schoenstatt.com\/wp-content\/uploads\/2025\/01\/federacion-de-hombres-argentina-1.jpg","datePublished":"2025-01-10T11:41:30+00:00","dateModified":"2025-05-14T22:26:49+00:00","description":"Cuarta Jornada Anual de la Federaci\u00f3n de Hombres de Argentina de Schoenstatt: Un encuentro para fortalecer la fe y la fraternidad.","breadcrumb":{"@id":"https:\/\/schoenstatt.com\/es\/federacion-de-hombres-de-argentina-se-reunio-en-su-jornada-anual\/#breadcrumb"},"inLanguage":"es","potentialAction":[{"@type":"ReadAction","target":["https:\/\/schoenstatt.com\/es\/federacion-de-hombres-de-argentina-se-reunio-en-su-jornada-anual\/"]}]},{"@type":"ImageObject","inLanguage":"es","@id":"https:\/\/schoenstatt.com\/es\/federacion-de-hombres-de-argentina-se-reunio-en-su-jornada-anual\/#primaryimage","url":"https:\/\/schoenstatt.com\/wp-content\/uploads\/2025\/01\/federacion-de-hombres-argentina-1.jpg","contentUrl":"https:\/\/schoenstatt.com\/wp-content\/uploads\/2025\/01\/federacion-de-hombres-argentina-1.jpg","width":1600,"height":1062},{"@type":"BreadcrumbList","@id":"https:\/\/schoenstatt.com\/es\/federacion-de-hombres-de-argentina-se-reunio-en-su-jornada-anual\/#breadcrumb","itemListElement":[{"@type":"ListItem","position":1,"name":"Portada","item":"https:\/\/schoenstatt.com\/es\/home\/"},{"@type":"ListItem","position":2,"name":"Federaci\u00f3n de Hombres de Argentina se reuni\u00f3 en su Jornada Anual"}]},{"@type":"WebSite","@id":"https:\/\/schoenstatt.com\/es\/#website","url":"https:\/\/schoenstatt.com\/es\/","name":"Schoenstatt","description":"Apostolic Movement","publisher":{"@id":"https:\/\/schoenstatt.com\/es\/#organization"},"potentialAction":[{"@type":"SearchAction","target":{"@type":"EntryPoint","urlTemplate":"https:\/\/schoenstatt.com\/es\/?s={search_term_string}"},"query-input":{"@type":"PropertyValueSpecification","valueRequired":true,"valueName":"search_term_string"}}],"inLanguage":"es"},{"@type":"Organization","@id":"https:\/\/schoenstatt.com\/es\/#organization","name":"Schoenstatt","url":"https:\/\/schoenstatt.com\/es\/","logo":{"@type":"ImageObject","inLanguage":"es","@id":"https:\/\/schoenstatt.com\/es\/#\/schema\/logo\/image\/","url":"https:\/\/schoenstatt.com\/wp-content\/uploads\/2025\/04\/logo-schoenstatt-white-696x696-1.png","contentUrl":"https:\/\/schoenstatt.com\/wp-content\/uploads\/2025\/04\/logo-schoenstatt-white-696x696-1.png","width":696,"height":694,"caption":"Schoenstatt"},"image":{"@id":"https:\/\/schoenstatt.com\/es\/#\/schema\/logo\/image\/"}},{"@type":"Person","@id":"https:\/\/schoenstatt.com\/es\/#\/schema\/person\/5158877ad4acae98b34daaeef2a1ce6e","name":"Karen Bueno","image":{"@type":"ImageObject","inLanguage":"es","@id":"https:\/\/secure.gravatar.com\/avatar\/f9f4b823873154269d2b2130f195f6d41037dd0d7fc5f3cacb5c846bae70d66b?s=96&d=mm&r=g","url":"https:\/\/secure.gravatar.com\/avatar\/f9f4b823873154269d2b2130f195f6d41037dd0d7fc5f3cacb5c846bae70d66b?s=96&d=mm&r=g","contentUrl":"https:\/\/secure.gravatar.com\/avatar\/f9f4b823873154269d2b2130f195f6d41037dd0d7fc5f3cacb5c846bae70d66b?s=96&d=mm&r=g","caption":"Karen Bueno"},"url":"https:\/\/schoenstatt.com\/es\/author\/karen-bueno\/"}]}},"_links":{"self":[{"href":"https:\/\/schoenstatt.com\/es\/wp-json\/wp\/v2\/posts\/42832","targetHints":{"allow":["GET"]}}],"collection":[{"href":"https:\/\/schoenstatt.com\/es\/wp-json\/wp\/v2\/posts"}],"about":[{"href":"https:\/\/schoenstatt.com\/es\/wp-json\/wp\/v2\/types\/post"}],"author":[{"embeddable":true,"href":"https:\/\/schoenstatt.com\/es\/wp-json\/wp\/v2\/users\/3"}],"replies":[{"embeddable":true,"href":"https:\/\/schoenstatt.com\/es\/wp-json\/wp\/v2\/comments?post=42832"}],"version-history":[{"count":1,"href":"https:\/\/schoenstatt.com\/es\/wp-json\/wp\/v2\/posts\/42832\/revisions"}],"predecessor-version":[{"id":47261,"href":"https:\/\/schoenstatt.com\/es\/wp-json\/wp\/v2\/posts\/42832\/revisions\/47261"}],"wp:featuredmedia":[{"embeddable":true,"href":"https:\/\/schoenstatt.com\/es\/wp-json\/wp\/v2\/media\/42815"}],"wp:attachment":[{"href":"https:\/\/schoenstatt.com\/es\/wp-json\/wp\/v2\/media?parent=42832"}],"wp:term":[{"taxonomy":"category","embeddable":true,"href":"https:\/\/schoenstatt.com\/es\/wp-json\/wp\/v2\/categories?post=42832"},{"taxonomy":"post_tag","embeddable":true,"href":"https:\/\/schoenstatt.com\/es\/wp-json\/wp\/v2\/tags?post=42832"}],"curies":[{"name":"wp","href":"https:\/\/api.w.org\/{rel}","templated":true}]}}