{"id":42742,"date":"2024-12-19T12:42:04","date_gmt":"2024-12-19T11:42:04","guid":{"rendered":"https:\/\/schoenstatt.com\/?p=42742"},"modified":"2025-05-14T23:48:36","modified_gmt":"2025-05-14T21:48:36","slug":"bellavista-una-reconstruccion-sostenible-al-estilo-laudato-si","status":"publish","type":"post","link":"https:\/\/schoenstatt.com\/es\/bellavista-una-reconstruccion-sostenible-al-estilo-laudato-si\/","title":{"rendered":"Bellavista: Una reconstrucci\u00f3n sostenible, al estilo Laudato si"},"content":{"rendered":"\n<p>La realidad del cambio clim\u00e1tico se present\u00f3 de manera evidente en Schoenstatt. Tras vientos violentos y lluvia at\u00edpica, el santuario de Bellavista en Chile, <a href=\"https:\/\/schoenstatt.com\/es\/catastrofe-natural-una-tormenta-causa-graves-danos-en-el-santuario-de-bellavista\/\"><mark style=\"background-color:rgba(0, 0, 0, 0);color:#db6a03\" class=\"has-inline-color\">volvi\u00f3 a un escenario parecido al de sus inicios<\/mark><\/a>: un terreno por conquistar y un santuario por reconstruir.<\/p>\n\n\n\n<p>Si bien la presencia de Dios y Mar\u00eda en esta, la casa com\u00fan, ha permanecido intacta durante sus 75 a\u00f1os, el planeta ha cambiado, experimentando cambios en el clima, con sequ\u00edas extremas, ciudades que se inundan, tornados que arrasan y un mayor calentamiento global que ya impacta la vida y a las personas que lo habitamos.<\/p>\n\n\n\n<p>As\u00ed nos lo volvi\u00f3 a recordar el Papa Francisco en su exhortaci\u00f3n apost\u00f3lica de 2023 <a href=\"https:\/\/www.vatican.va\/content\/francesco\/es\/apost_exhortations\/documents\/20231004-laudate-deum.html\" target=\"_blank\" rel=\"noreferrer noopener\"><mark style=\"background-color:rgba(0, 0, 0, 0);color:#db6a03\" class=\"has-inline-color\">Laudate deum<\/mark><\/a>: <em>\u201cPor m\u00e1s que se pretendan negar, esconder, disimular o relativizar, los signos del cambio clim\u00e1tico est\u00e1n ah\u00ed, cada vez m\u00e1s patentes\u201d<\/em> (LD5). Los signos del tiempo se hacen visibles y en esta oportunidad nos ha tocado a nosotros experimentarlos.<\/p>\n\n\n\n<p>Pero sabemos que nada pasa por casualidad. Es simb\u00f3lico que el Santuario de la Misi\u00f3n del 31 de Mayo sea un signo de las consecuencias de los tiempos, tiempos de desaf\u00edos econ\u00f3micos, sociales y medioambientales. Porque los desaf\u00edos no son \u00fanicamente ambientales, sino como el mismo Papa nos los dec\u00eda en su enc\u00edclica <a href=\"https:\/\/www.vatican.va\/content\/francesco\/es\/encyclicals\/documents\/papa-francesco_20150524_enciclica-laudato-si.html\" target=\"_blank\" rel=\"noreferrer noopener\"><mark style=\"background-color:rgba(0, 0, 0, 0);color:#db6a03\" class=\"has-inline-color\">Laudato si<\/mark><\/a>: <em>\u201cNo hay dos crisis separadas, una ambiental y otra social, sino una sola y compleja crisis socio-ambiental. Las l\u00edneas para la soluci\u00f3n requieren una aproximaci\u00f3n integral para combatir la pobreza, para devolver la dignidad a los excluidos y simult\u00e1neamente para cuidar la naturaleza\u201d<\/em> (139).<\/p>\n\n\n\n<p>Y es en ese \u201cescuchar\u201d la voz de Dios, que surgi\u00f3 la idea de incorporar un enfoque Laudato si o sostenible en esta reconstrucci\u00f3n.<\/p>\n\n\n\n<h3 class=\"wp-block-heading\" id=\"h-mas-alla-de-lo-ambiental-una-reconstruccion-sostenible\"><strong>M\u00e1s all\u00e1 de lo ambiental, una reconstrucci\u00f3n sostenible<\/strong><\/h3>\n\n\n\n<p>Nuestro Fundador nos record\u00f3 innumerables veces que lo que m\u00e1s necesita nuestro tiempo es que haya mujeres y hombres nuevos, cristianos aut\u00e9nticos, que respondan a las exigencias de la \u00e9poca y entonces nos propusimos que esta restauraci\u00f3n tambi\u00e9n sea un s\u00edmbolo de inspiraci\u00f3n y respuesta ante los desaf\u00edos econ\u00f3micos, sociales y medioambientales de nuestro tiempo, en l\u00ednea con el anhelo del Padre Kentenich y como nos lo pide la Iglesia hoy.<\/p>\n\n\n\n<p>Es as\u00ed como <a href=\"https:\/\/bellavistatuhogar.cl\/\" target=\"_blank\" rel=\"noreferrer noopener\"><mark style=\"background-color:rgba(0, 0, 0, 0);color:#db6a03\" class=\"has-inline-color\">Bellavista Tu hogar<\/mark><\/a>, con el <a href=\"https:\/\/schoenstatt.com\/es\/comunidades\/woman\/hermanas-de-maria\/\"><mark style=\"background-color:rgba(0, 0, 0, 0);color:#db6a03\" class=\"has-inline-color\">Instituto de las Hermanas de Mar\u00eda<\/mark><\/a> y un grupo interdisciplinario de schoenstattianos, est\u00e1n dando una impronta sostenible al proyecto de transformaci\u00f3n de Bellavista. <em>\u201cEste proyecto ser\u00e1 una tarea de largo alcance y la Sostenibilidad es parte de nuestra reflexi\u00f3n. En el primer paso, en la reconstrucci\u00f3n del Santuario, nos parece importante dise\u00f1ar y desarrollar el proyecto al servicio de las personas, cuidar y potenciar el oasis de naturaleza del entorno para que contribuya al encuentro con la gracia y buscar los caminos de financiamiento para mantener nuestro Santuario y su misi\u00f3n en el tiempo\u201d<\/em>, se\u00f1al\u00f3 la Hna. Josefa Mar\u00eda Fuentes, coordinadora de Bellavista Tu Hogar.<\/p>\n\n\n\n<figure class=\"wp-block-image size-large\"><img decoding=\"async\" src=\"https:\/\/schoenstatt.com\/wp-content\/uploads\/2024\/12\/Bellavista-chile-2-875x1024.jpg\" alt=\"\" class=\"wp-image-42741\"\/><\/figure>\n\n\n\n<h3 class=\"wp-block-heading\" id=\"h-objetivos-y-14-medidas-sostenibles\"><strong>Objetivos y 14 Medidas sostenibles<\/strong><\/h3>\n\n\n\n<p>Para avanzar, se acordaron tres grandes objetivos en materias econ\u00f3micas, sociales y medioambientales que, luego de un arduo proceso de reflexi\u00f3n, se concretaron en 14 medidas que reflejan los anhelos que esperamos alcanzar.<\/p>\n\n\n\n<p><strong>Objetivos sostenibles<\/strong><\/p>\n\n\n\n<p><strong>A. <\/strong>Ambiental: Un Santuario que muestre el cuidado de la creaci\u00f3n y la protecci\u00f3n del medioambiente.<\/p>\n\n\n\n<p><strong>B. <\/strong>Social: Un Santuario signo de inclusi\u00f3n, buena vecindad y abierto a todos, sin distinci\u00f3n.<\/p>\n\n\n\n<p><strong>C.<\/strong> Econ\u00f3mico: Un proceso que refleje transparencia y una distribuci\u00f3n equitativa para todos los involucrados.<\/p>\n\n\n\n<p><strong>14 medidas sostenibles<\/strong><\/p>\n\n\n\n<p><em>Acciones medioambientales<\/em><\/p>\n\n\n\n<p><strong>1. Paisajismo sostenible: <\/strong>Fortaleceremos el paisajismo con flora nativa de la zona central de Chile y especies resilientes al cambio clim\u00e1tico y bajas en consumo h\u00eddrico.<\/p>\n\n\n\n<p><strong>2. Carbono neutral:<\/strong> Intentaremos medir la huella de carbono del proyecto y nos esforzaremos por neutralizarla.<\/p>\n\n\n\n<p><strong>3. Energ\u00eda renovable: <\/strong>Exploraremos la producci\u00f3n de energ\u00eda renovable fotovoltaica para abastecer los requerimientos energ\u00e9ticos del Santuario.<\/p>\n\n\n\n<p><strong>4. Baja huella h\u00eddrica:<\/strong> Repensaremos el sistema de riego para incorporar mayor eficiencia y menor derroche de agua.<\/p>\n\n\n\n<p><strong>5. Luminaria de bajo impacto: <\/strong>Exploraremos un nuevo sistema de luminaria que sea de bajo impacto en las personas y la biodiversidad.<\/p>\n\n\n\n<p><strong>6. Construcci\u00f3n sostenible: <\/strong>Intentaremos, junto a las empresas contratadas, usar materiales con certificaci\u00f3n sostenibles y de bajo impacto ambiental, y favorecer la contrataci\u00f3n local.<\/p>\n\n\n\n<p><strong>7. Cultura Laudato si:<\/strong> Intentaremos implementar obras que promuevan estilos de vida alineados a la enc\u00edclica del Papa Francisco, como puntos limpios, bicicleteros u otras.<\/p>\n\n\n\n<p><em>Acciones sociales<\/em><\/p>\n\n\n\n<p><strong>8. Accesibilidad universal: <\/strong>Intentaremos integrar los m\u00e1s altos est\u00e1ndares de accesibilidad universal en el proyecto, asegurando que cada decisi\u00f3n invite a todos a disfrutar del espacio sin barreras.<\/p>\n\n\n\n<p><strong>9. Buena vecindad: <\/strong>Exploraremos maneras de involucrar a los vecinos del Santuario y a la comunidad circundante en esta cruzada, fomentando un di\u00e1logo abierto sobre seguridad y participaci\u00f3n, mientras se minimizan las molestias durante la construcci\u00f3n.<\/p>\n\n\n\n<p><strong>10. Espacio pedag\u00f3gico-sensorial: <\/strong>Intentaremos incorporar algunos elementos que, en sinton\u00eda con el master plan, complementen la experiencia espiritual con la promoci\u00f3n del cuidado de la casa com\u00fan, aspirando a que naturaleza y espiritualidad se perciben a trav\u00e9s de los sentidos.<\/p>\n\n\n\n<p><strong>11. Sinodalidad y participaci\u00f3n:<\/strong> Propiciaremos que los miembros de la familia que habitan el Cen\u00e1culo participen y colaboren, tejiendo una red de apoyo y solidaridad.<\/p>\n\n\n\n<p><strong>12. Comunicaci\u00f3n sostenible: <\/strong>Intentaremos incorporar se\u00f1al\u00e9tica sostenible e inclusiva, definiendo con claridad c\u00f3mo se comunicar\u00e1n los aportes sostenibles a los peregrinos, utilizando marcos y est\u00e1ndares aceptados que resalten la importancia de cada contribuci\u00f3n.<\/p>\n\n\n\n<ol start=\"8\" class=\"wp-block-list\"><\/ol>\n\n\n\n<ol class=\"wp-block-list\"><\/ol>\n\n\n\n<p><strong>Acciones econ\u00f3micas<\/strong><\/p>\n\n\n\n<p><strong>13. Transparencia econ\u00f3mica:<\/strong> Promoveremos la transparencia en la recaudaci\u00f3n y uso de recursos, priorizando la ampliaci\u00f3n del valor econ\u00f3mico, distribuido entre los grupos de inter\u00e9s, como trabajadores, proveedores y contratistas, fortaleciendo la confianza y las relaciones entre todos.<\/p>\n\n\n\n<p><strong>14. Inversi\u00f3n sostenible:<\/strong> Intentaremos atraer aportes empresariales que se alineen con los atributos sostenibles de la reconstrucci\u00f3n del Santuario, promoviendo un enfoque que no solo beneficie al proyecto, sino que tambi\u00e9n impulse un impacto positivo en la comunidad y el medio ambiente.<\/p>\n\n\n\n<ol start=\"13\" class=\"wp-block-list\"><\/ol>\n\n\n\n<p><strong>Fuente: <\/strong><a href=\"http:\/\/www.schoenstatt.cl\/prontus_schoenstatt\/site\/artic\/20241211\/asocfile\/20241211220412\/vinculo_n___387___diciembre_2024.pdf\" target=\"_blank\" rel=\"noreferrer noopener\"><mark style=\"background-color:rgba(0, 0, 0, 0);color:#db6a03\" class=\"has-inline-color\">Revista V\u00ednculo<\/mark><\/a>, n. 387, diciembre de 2024<\/p>\n","protected":false},"excerpt":{"rendered":"<p>El proceso de reconstrucci\u00f3n del Santuario de Bellavista en Chile adopt\u00f3 medidas pr\u00e1cticas para estar en sinton\u00eda con el medio ambiente. <\/p>\n","protected":false},"author":3,"featured_media":42734,"comment_status":"closed","ping_status":"closed","sticky":false,"template":"","format":"standard","meta":{"footnotes":""},"categories":[864],"tags":[],"class_list":["post-42742","post","type-post","status-publish","format-standard","has-post-thumbnail","hentry","category-america-es"],"yoast_head":"<!-- This site is optimized with the Yoast SEO Premium plugin v27.4 (Yoast SEO v27.4) - https:\/\/yoast.com\/product\/yoast-seo-premium-wordpress\/ -->\n<title>Bellavista: Una reconstrucci\u00f3n sostenible, al estilo Laudato si - Schoenstatt<\/title>\n<meta name=\"description\" content=\"El proceso de reconstrucci\u00f3n del Santuario de Bellavista en Chile adopt\u00f3 medidas pr\u00e1cticas para estar en sinton\u00eda con el medio ambiente.\" \/>\n<meta name=\"robots\" content=\"index, follow, max-snippet:-1, max-image-preview:large, max-video-preview:-1\" \/>\n<link rel=\"canonical\" href=\"https:\/\/schoenstatt.com\/es\/bellavista-una-reconstruccion-sostenible-al-estilo-laudato-si\/\" \/>\n<meta property=\"og:locale\" content=\"es_ES\" \/>\n<meta property=\"og:type\" content=\"article\" \/>\n<meta property=\"og:title\" content=\"Bellavista: Una reconstrucci\u00f3n sostenible, al estilo Laudato si\" \/>\n<meta property=\"og:description\" content=\"El proceso de reconstrucci\u00f3n del Santuario de Bellavista en Chile adopt\u00f3 medidas pr\u00e1cticas para estar en sinton\u00eda con el medio ambiente.\" \/>\n<meta property=\"og:url\" content=\"https:\/\/schoenstatt.com\/es\/bellavista-una-reconstruccion-sostenible-al-estilo-laudato-si\/\" \/>\n<meta property=\"og:site_name\" content=\"Schoenstatt\" \/>\n<meta property=\"article:published_time\" content=\"2024-12-19T11:42:04+00:00\" \/>\n<meta property=\"article:modified_time\" content=\"2025-05-14T21:48:36+00:00\" \/>\n<meta property=\"og:image\" content=\"https:\/\/schoenstatt.com\/wp-content\/uploads\/2024\/12\/Bellavista-chile-1.jpg\" \/>\n\t<meta property=\"og:image:width\" content=\"2048\" \/>\n\t<meta property=\"og:image:height\" content=\"1151\" \/>\n\t<meta property=\"og:image:type\" content=\"image\/jpeg\" \/>\n<meta name=\"author\" content=\"Karen Bueno\" \/>\n<meta name=\"twitter:card\" content=\"summary_large_image\" \/>\n<meta name=\"twitter:label1\" content=\"Escrito por\" \/>\n\t<meta name=\"twitter:data1\" content=\"Karen Bueno\" \/>\n\t<meta name=\"twitter:label2\" content=\"Tiempo de lectura\" \/>\n\t<meta name=\"twitter:data2\" content=\"5 minutos\" \/>\n<script type=\"application\/ld+json\" class=\"yoast-schema-graph\">{\"@context\":\"https:\\\/\\\/schema.org\",\"@graph\":[{\"@type\":\"Article\",\"@id\":\"https:\\\/\\\/schoenstatt.com\\\/es\\\/bellavista-una-reconstruccion-sostenible-al-estilo-laudato-si\\\/#article\",\"isPartOf\":{\"@id\":\"https:\\\/\\\/schoenstatt.com\\\/es\\\/bellavista-una-reconstruccion-sostenible-al-estilo-laudato-si\\\/\"},\"author\":{\"name\":\"Karen Bueno\",\"@id\":\"https:\\\/\\\/schoenstatt.com\\\/es\\\/#\\\/schema\\\/person\\\/5158877ad4acae98b34daaeef2a1ce6e\"},\"headline\":\"Bellavista: Una reconstrucci\u00f3n sostenible, al estilo Laudato si\",\"datePublished\":\"2024-12-19T11:42:04+00:00\",\"dateModified\":\"2025-05-14T21:48:36+00:00\",\"mainEntityOfPage\":{\"@id\":\"https:\\\/\\\/schoenstatt.com\\\/es\\\/bellavista-una-reconstruccion-sostenible-al-estilo-laudato-si\\\/\"},\"wordCount\":1041,\"publisher\":{\"@id\":\"https:\\\/\\\/schoenstatt.com\\\/es\\\/#organization\"},\"image\":{\"@id\":\"https:\\\/\\\/schoenstatt.com\\\/es\\\/bellavista-una-reconstruccion-sostenible-al-estilo-laudato-si\\\/#primaryimage\"},\"thumbnailUrl\":\"https:\\\/\\\/schoenstatt.com\\\/wp-content\\\/uploads\\\/2024\\\/12\\\/Bellavista-chile-1.jpg\",\"articleSection\":[\"Am\u00e9rica\"],\"inLanguage\":\"es\"},{\"@type\":\"WebPage\",\"@id\":\"https:\\\/\\\/schoenstatt.com\\\/es\\\/bellavista-una-reconstruccion-sostenible-al-estilo-laudato-si\\\/\",\"url\":\"https:\\\/\\\/schoenstatt.com\\\/es\\\/bellavista-una-reconstruccion-sostenible-al-estilo-laudato-si\\\/\",\"name\":\"Bellavista: Una reconstrucci\u00f3n sostenible, al estilo Laudato si - Schoenstatt\",\"isPartOf\":{\"@id\":\"https:\\\/\\\/schoenstatt.com\\\/es\\\/#website\"},\"primaryImageOfPage\":{\"@id\":\"https:\\\/\\\/schoenstatt.com\\\/es\\\/bellavista-una-reconstruccion-sostenible-al-estilo-laudato-si\\\/#primaryimage\"},\"image\":{\"@id\":\"https:\\\/\\\/schoenstatt.com\\\/es\\\/bellavista-una-reconstruccion-sostenible-al-estilo-laudato-si\\\/#primaryimage\"},\"thumbnailUrl\":\"https:\\\/\\\/schoenstatt.com\\\/wp-content\\\/uploads\\\/2024\\\/12\\\/Bellavista-chile-1.jpg\",\"datePublished\":\"2024-12-19T11:42:04+00:00\",\"dateModified\":\"2025-05-14T21:48:36+00:00\",\"description\":\"El proceso de reconstrucci\u00f3n del Santuario de Bellavista en Chile adopt\u00f3 medidas pr\u00e1cticas para estar en sinton\u00eda con el medio ambiente.\",\"breadcrumb\":{\"@id\":\"https:\\\/\\\/schoenstatt.com\\\/es\\\/bellavista-una-reconstruccion-sostenible-al-estilo-laudato-si\\\/#breadcrumb\"},\"inLanguage\":\"es\",\"potentialAction\":[{\"@type\":\"ReadAction\",\"target\":[\"https:\\\/\\\/schoenstatt.com\\\/es\\\/bellavista-una-reconstruccion-sostenible-al-estilo-laudato-si\\\/\"]}]},{\"@type\":\"ImageObject\",\"inLanguage\":\"es\",\"@id\":\"https:\\\/\\\/schoenstatt.com\\\/es\\\/bellavista-una-reconstruccion-sostenible-al-estilo-laudato-si\\\/#primaryimage\",\"url\":\"https:\\\/\\\/schoenstatt.com\\\/wp-content\\\/uploads\\\/2024\\\/12\\\/Bellavista-chile-1.jpg\",\"contentUrl\":\"https:\\\/\\\/schoenstatt.com\\\/wp-content\\\/uploads\\\/2024\\\/12\\\/Bellavista-chile-1.jpg\",\"width\":2048,\"height\":1151},{\"@type\":\"BreadcrumbList\",\"@id\":\"https:\\\/\\\/schoenstatt.com\\\/es\\\/bellavista-una-reconstruccion-sostenible-al-estilo-laudato-si\\\/#breadcrumb\",\"itemListElement\":[{\"@type\":\"ListItem\",\"position\":1,\"name\":\"Portada\",\"item\":\"https:\\\/\\\/schoenstatt.com\\\/es\\\/home\\\/\"},{\"@type\":\"ListItem\",\"position\":2,\"name\":\"Bellavista: Una reconstrucci\u00f3n sostenible, al estilo Laudato si\"}]},{\"@type\":\"WebSite\",\"@id\":\"https:\\\/\\\/schoenstatt.com\\\/es\\\/#website\",\"url\":\"https:\\\/\\\/schoenstatt.com\\\/es\\\/\",\"name\":\"Schoenstatt\",\"description\":\"Apostolic Movement\",\"publisher\":{\"@id\":\"https:\\\/\\\/schoenstatt.com\\\/es\\\/#organization\"},\"potentialAction\":[{\"@type\":\"SearchAction\",\"target\":{\"@type\":\"EntryPoint\",\"urlTemplate\":\"https:\\\/\\\/schoenstatt.com\\\/es\\\/?s={search_term_string}\"},\"query-input\":{\"@type\":\"PropertyValueSpecification\",\"valueRequired\":true,\"valueName\":\"search_term_string\"}}],\"inLanguage\":\"es\"},{\"@type\":\"Organization\",\"@id\":\"https:\\\/\\\/schoenstatt.com\\\/es\\\/#organization\",\"name\":\"Schoenstatt\",\"url\":\"https:\\\/\\\/schoenstatt.com\\\/es\\\/\",\"logo\":{\"@type\":\"ImageObject\",\"inLanguage\":\"es\",\"@id\":\"https:\\\/\\\/schoenstatt.com\\\/es\\\/#\\\/schema\\\/logo\\\/image\\\/\",\"url\":\"https:\\\/\\\/schoenstatt.com\\\/wp-content\\\/uploads\\\/2025\\\/04\\\/logo-schoenstatt-white-696x696-1.png\",\"contentUrl\":\"https:\\\/\\\/schoenstatt.com\\\/wp-content\\\/uploads\\\/2025\\\/04\\\/logo-schoenstatt-white-696x696-1.png\",\"width\":696,\"height\":694,\"caption\":\"Schoenstatt\"},\"image\":{\"@id\":\"https:\\\/\\\/schoenstatt.com\\\/es\\\/#\\\/schema\\\/logo\\\/image\\\/\"}},{\"@type\":\"Person\",\"@id\":\"https:\\\/\\\/schoenstatt.com\\\/es\\\/#\\\/schema\\\/person\\\/5158877ad4acae98b34daaeef2a1ce6e\",\"name\":\"Karen Bueno\",\"image\":{\"@type\":\"ImageObject\",\"inLanguage\":\"es\",\"@id\":\"https:\\\/\\\/secure.gravatar.com\\\/avatar\\\/f9f4b823873154269d2b2130f195f6d41037dd0d7fc5f3cacb5c846bae70d66b?s=96&d=mm&r=g\",\"url\":\"https:\\\/\\\/secure.gravatar.com\\\/avatar\\\/f9f4b823873154269d2b2130f195f6d41037dd0d7fc5f3cacb5c846bae70d66b?s=96&d=mm&r=g\",\"contentUrl\":\"https:\\\/\\\/secure.gravatar.com\\\/avatar\\\/f9f4b823873154269d2b2130f195f6d41037dd0d7fc5f3cacb5c846bae70d66b?s=96&d=mm&r=g\",\"caption\":\"Karen Bueno\"},\"url\":\"https:\\\/\\\/schoenstatt.com\\\/es\\\/author\\\/karen-bueno\\\/\"}]}<\/script>\n<!-- \/ Yoast SEO Premium plugin. -->","yoast_head_json":{"title":"Bellavista: Una reconstrucci\u00f3n sostenible, al estilo Laudato si - Schoenstatt","description":"El proceso de reconstrucci\u00f3n del Santuario de Bellavista en Chile adopt\u00f3 medidas pr\u00e1cticas para estar en sinton\u00eda con el medio ambiente.","robots":{"index":"index","follow":"follow","max-snippet":"max-snippet:-1","max-image-preview":"max-image-preview:large","max-video-preview":"max-video-preview:-1"},"canonical":"https:\/\/schoenstatt.com\/es\/bellavista-una-reconstruccion-sostenible-al-estilo-laudato-si\/","og_locale":"es_ES","og_type":"article","og_title":"Bellavista: Una reconstrucci\u00f3n sostenible, al estilo Laudato si","og_description":"El proceso de reconstrucci\u00f3n del Santuario de Bellavista en Chile adopt\u00f3 medidas pr\u00e1cticas para estar en sinton\u00eda con el medio ambiente.","og_url":"https:\/\/schoenstatt.com\/es\/bellavista-una-reconstruccion-sostenible-al-estilo-laudato-si\/","og_site_name":"Schoenstatt","article_published_time":"2024-12-19T11:42:04+00:00","article_modified_time":"2025-05-14T21:48:36+00:00","og_image":[{"width":2048,"height":1151,"url":"https:\/\/schoenstatt.com\/wp-content\/uploads\/2024\/12\/Bellavista-chile-1.jpg","type":"image\/jpeg"}],"author":"Karen Bueno","twitter_card":"summary_large_image","twitter_misc":{"Escrito por":"Karen Bueno","Tiempo de lectura":"5 minutos"},"schema":{"@context":"https:\/\/schema.org","@graph":[{"@type":"Article","@id":"https:\/\/schoenstatt.com\/es\/bellavista-una-reconstruccion-sostenible-al-estilo-laudato-si\/#article","isPartOf":{"@id":"https:\/\/schoenstatt.com\/es\/bellavista-una-reconstruccion-sostenible-al-estilo-laudato-si\/"},"author":{"name":"Karen Bueno","@id":"https:\/\/schoenstatt.com\/es\/#\/schema\/person\/5158877ad4acae98b34daaeef2a1ce6e"},"headline":"Bellavista: Una reconstrucci\u00f3n sostenible, al estilo Laudato si","datePublished":"2024-12-19T11:42:04+00:00","dateModified":"2025-05-14T21:48:36+00:00","mainEntityOfPage":{"@id":"https:\/\/schoenstatt.com\/es\/bellavista-una-reconstruccion-sostenible-al-estilo-laudato-si\/"},"wordCount":1041,"publisher":{"@id":"https:\/\/schoenstatt.com\/es\/#organization"},"image":{"@id":"https:\/\/schoenstatt.com\/es\/bellavista-una-reconstruccion-sostenible-al-estilo-laudato-si\/#primaryimage"},"thumbnailUrl":"https:\/\/schoenstatt.com\/wp-content\/uploads\/2024\/12\/Bellavista-chile-1.jpg","articleSection":["Am\u00e9rica"],"inLanguage":"es"},{"@type":"WebPage","@id":"https:\/\/schoenstatt.com\/es\/bellavista-una-reconstruccion-sostenible-al-estilo-laudato-si\/","url":"https:\/\/schoenstatt.com\/es\/bellavista-una-reconstruccion-sostenible-al-estilo-laudato-si\/","name":"Bellavista: Una reconstrucci\u00f3n sostenible, al estilo Laudato si - Schoenstatt","isPartOf":{"@id":"https:\/\/schoenstatt.com\/es\/#website"},"primaryImageOfPage":{"@id":"https:\/\/schoenstatt.com\/es\/bellavista-una-reconstruccion-sostenible-al-estilo-laudato-si\/#primaryimage"},"image":{"@id":"https:\/\/schoenstatt.com\/es\/bellavista-una-reconstruccion-sostenible-al-estilo-laudato-si\/#primaryimage"},"thumbnailUrl":"https:\/\/schoenstatt.com\/wp-content\/uploads\/2024\/12\/Bellavista-chile-1.jpg","datePublished":"2024-12-19T11:42:04+00:00","dateModified":"2025-05-14T21:48:36+00:00","description":"El proceso de reconstrucci\u00f3n del Santuario de Bellavista en Chile adopt\u00f3 medidas pr\u00e1cticas para estar en sinton\u00eda con el medio ambiente.","breadcrumb":{"@id":"https:\/\/schoenstatt.com\/es\/bellavista-una-reconstruccion-sostenible-al-estilo-laudato-si\/#breadcrumb"},"inLanguage":"es","potentialAction":[{"@type":"ReadAction","target":["https:\/\/schoenstatt.com\/es\/bellavista-una-reconstruccion-sostenible-al-estilo-laudato-si\/"]}]},{"@type":"ImageObject","inLanguage":"es","@id":"https:\/\/schoenstatt.com\/es\/bellavista-una-reconstruccion-sostenible-al-estilo-laudato-si\/#primaryimage","url":"https:\/\/schoenstatt.com\/wp-content\/uploads\/2024\/12\/Bellavista-chile-1.jpg","contentUrl":"https:\/\/schoenstatt.com\/wp-content\/uploads\/2024\/12\/Bellavista-chile-1.jpg","width":2048,"height":1151},{"@type":"BreadcrumbList","@id":"https:\/\/schoenstatt.com\/es\/bellavista-una-reconstruccion-sostenible-al-estilo-laudato-si\/#breadcrumb","itemListElement":[{"@type":"ListItem","position":1,"name":"Portada","item":"https:\/\/schoenstatt.com\/es\/home\/"},{"@type":"ListItem","position":2,"name":"Bellavista: Una reconstrucci\u00f3n sostenible, al estilo Laudato si"}]},{"@type":"WebSite","@id":"https:\/\/schoenstatt.com\/es\/#website","url":"https:\/\/schoenstatt.com\/es\/","name":"Schoenstatt","description":"Apostolic Movement","publisher":{"@id":"https:\/\/schoenstatt.com\/es\/#organization"},"potentialAction":[{"@type":"SearchAction","target":{"@type":"EntryPoint","urlTemplate":"https:\/\/schoenstatt.com\/es\/?s={search_term_string}"},"query-input":{"@type":"PropertyValueSpecification","valueRequired":true,"valueName":"search_term_string"}}],"inLanguage":"es"},{"@type":"Organization","@id":"https:\/\/schoenstatt.com\/es\/#organization","name":"Schoenstatt","url":"https:\/\/schoenstatt.com\/es\/","logo":{"@type":"ImageObject","inLanguage":"es","@id":"https:\/\/schoenstatt.com\/es\/#\/schema\/logo\/image\/","url":"https:\/\/schoenstatt.com\/wp-content\/uploads\/2025\/04\/logo-schoenstatt-white-696x696-1.png","contentUrl":"https:\/\/schoenstatt.com\/wp-content\/uploads\/2025\/04\/logo-schoenstatt-white-696x696-1.png","width":696,"height":694,"caption":"Schoenstatt"},"image":{"@id":"https:\/\/schoenstatt.com\/es\/#\/schema\/logo\/image\/"}},{"@type":"Person","@id":"https:\/\/schoenstatt.com\/es\/#\/schema\/person\/5158877ad4acae98b34daaeef2a1ce6e","name":"Karen Bueno","image":{"@type":"ImageObject","inLanguage":"es","@id":"https:\/\/secure.gravatar.com\/avatar\/f9f4b823873154269d2b2130f195f6d41037dd0d7fc5f3cacb5c846bae70d66b?s=96&d=mm&r=g","url":"https:\/\/secure.gravatar.com\/avatar\/f9f4b823873154269d2b2130f195f6d41037dd0d7fc5f3cacb5c846bae70d66b?s=96&d=mm&r=g","contentUrl":"https:\/\/secure.gravatar.com\/avatar\/f9f4b823873154269d2b2130f195f6d41037dd0d7fc5f3cacb5c846bae70d66b?s=96&d=mm&r=g","caption":"Karen Bueno"},"url":"https:\/\/schoenstatt.com\/es\/author\/karen-bueno\/"}]}},"_links":{"self":[{"href":"https:\/\/schoenstatt.com\/es\/wp-json\/wp\/v2\/posts\/42742","targetHints":{"allow":["GET"]}}],"collection":[{"href":"https:\/\/schoenstatt.com\/es\/wp-json\/wp\/v2\/posts"}],"about":[{"href":"https:\/\/schoenstatt.com\/es\/wp-json\/wp\/v2\/types\/post"}],"author":[{"embeddable":true,"href":"https:\/\/schoenstatt.com\/es\/wp-json\/wp\/v2\/users\/3"}],"replies":[{"embeddable":true,"href":"https:\/\/schoenstatt.com\/es\/wp-json\/wp\/v2\/comments?post=42742"}],"version-history":[{"count":1,"href":"https:\/\/schoenstatt.com\/es\/wp-json\/wp\/v2\/posts\/42742\/revisions"}],"predecessor-version":[{"id":47243,"href":"https:\/\/schoenstatt.com\/es\/wp-json\/wp\/v2\/posts\/42742\/revisions\/47243"}],"wp:featuredmedia":[{"embeddable":true,"href":"https:\/\/schoenstatt.com\/es\/wp-json\/wp\/v2\/media\/42734"}],"wp:attachment":[{"href":"https:\/\/schoenstatt.com\/es\/wp-json\/wp\/v2\/media?parent=42742"}],"wp:term":[{"taxonomy":"category","embeddable":true,"href":"https:\/\/schoenstatt.com\/es\/wp-json\/wp\/v2\/categories?post=42742"},{"taxonomy":"post_tag","embeddable":true,"href":"https:\/\/schoenstatt.com\/es\/wp-json\/wp\/v2\/tags?post=42742"}],"curies":[{"name":"wp","href":"https:\/\/api.w.org\/{rel}","templated":true}]}}