{"id":42715,"date":"2024-12-16T13:07:30","date_gmt":"2024-12-16T12:07:30","guid":{"rendered":"https:\/\/schoenstatt.com\/?p=42715"},"modified":"2025-05-15T18:23:01","modified_gmt":"2025-05-15T16:23:01","slug":"la-familia-de-schoenstatt-de-curico-en-chile-corono-a-la-mater-en-su-santuario","status":"publish","type":"post","link":"https:\/\/schoenstatt.com\/es\/la-familia-de-schoenstatt-de-curico-en-chile-corono-a-la-mater-en-su-santuario\/","title":{"rendered":"La Familia de Schoenstatt de Curic\u00f3, en Chile, coron\u00f3 a la Mater en su santuario"},"content":{"rendered":"\n<p>Un hermoso y emotivo momento se vivi\u00f3 el 7 de diciembre de 2024 en el Santuario de Tierra Joven de Curic\u00f3. Despu\u00e9s un a\u00f1o de preparaci\u00f3n y espera, generosos aportes al <a href=\"https:\/\/schoenstatt.com\/es\/nuestra-espiritualidad\/alianza-de-amor\/capital-de-gracias\/\">Capital de Gracias<\/a> y un dedicado trabajo de las Ramas, como Familia de Schoenstatt coronamos a nuestra Madre tres veces admirable.<\/p>\n\n\n\n<p>La Coronaci\u00f3n de la Mater fue en el contexto de la Eucarist\u00eda presidida por el P. Patricio Ilabaca, acompa\u00f1ado del P. Fabio Mazzini, sacerdote franciscano; el di\u00e1cono Hern\u00e1n Grez, y el Ministro de Comuni\u00f3n Juan Valenzuela. Tambi\u00e9n se cont\u00f3 con la asistencia y participaci\u00f3n de las Hermanas de Mar\u00eda, Hna. Mar\u00eda Montserrat Os\u00e9s, Hna. Mar\u00eda Teresa Carabantes y Hna. Mar\u00eda Jes\u00fas Viada, del Consejo Provincial de la Comunidad, quienes con su carisma y su entrega fueron parte importante de esta celebraci\u00f3n.<\/p>\n\n\n\n<figure class=\"wp-block-gallery has-nested-images columns-default is-cropped wp-block-gallery-1 is-layout-flex wp-block-gallery-is-layout-flex\">\n<figure class=\"wp-block-image size-large\"><img decoding=\"async\" data-id=\"42707\" src=\"https:\/\/schoenstatt.com\/wp-content\/uploads\/2024\/12\/coroa-corona-crown-krone-curico-chile-1024x768.jpg\" alt=\"\" class=\"wp-image-42707\"\/><\/figure>\n\n\n\n<figure class=\"wp-block-image size-large\"><img decoding=\"async\" data-id=\"42711\" src=\"https:\/\/schoenstatt.com\/wp-content\/uploads\/2024\/12\/corona-crown-krone-curico-chile-1024x768.jpg\" alt=\"\" class=\"wp-image-42711\"\/><\/figure>\n<\/figure>\n\n\n\n<h3 class=\"wp-block-heading\" id=\"h-un-ano-de-preparacion\"><strong>Un a\u00f1o de preparaci\u00f3n<\/strong><\/h3>\n\n\n\n<p>La coronaci\u00f3n fue la culminaci\u00f3n de un a\u00f1o de jornadas de reflexi\u00f3n y trabajo para discernir el t\u00edtulo que le asignar\u00edamos a la Mater como Reina coronada en nuestro santuario. Durante la celebraci\u00f3n del Mes de Mar\u00eda (*en Chile, noviembre es el mes de Mar\u00eda) rezamos con mucha devoci\u00f3n la oraci\u00f3n que fue creada especialmente para esta ocasi\u00f3n. La corona fue tra\u00edda desde Alemania, y durante el tiempo de preparaci\u00f3n y espera estuvo peregrinando por nuestra Familia de Schoenstatt: matrimonios, militantes, se\u00f1oras y peregrinos.<\/p>\n\n\n\n<figure class=\"wp-block-gallery has-nested-images columns-default is-cropped wp-block-gallery-2 is-layout-flex wp-block-gallery-is-layout-flex\">\n<figure class=\"wp-block-image size-large\"><img decoding=\"async\" data-id=\"42703\" src=\"https:\/\/schoenstatt.com\/wp-content\/uploads\/2024\/12\/schoenstatt-Curico-chile-2-1024x768.jpg\" alt=\"\" class=\"wp-image-42703\"\/><\/figure>\n\n\n\n<figure class=\"wp-block-image size-large\"><img decoding=\"async\" data-id=\"42699\" src=\"https:\/\/schoenstatt.com\/wp-content\/uploads\/2024\/12\/schoenstatt-Curico-chile-3-1024x768.jpg\" alt=\"\" class=\"wp-image-42699\"\/><\/figure>\n<\/figure>\n\n\n\n<p>Confiamos que la Mater, seguir\u00e1 derramando sobre Tierra Joven las gracias de acogimiento, transformaci\u00f3n y env\u00edo, conquistando nuevos corazones y ayud\u00e1ndonos a ser luz en la tierra y ap\u00f3stoles de la buena nueva de evangelizaci\u00f3n.<\/p>\n\n\n\n<p><strong>Fuente: <\/strong><a href=\"http:\/\/www.schoenstatt.cl\/prontus_schoenstatt\/site\/artic\/20241211\/asocfile\/20241211220412\/vinculo_n___387___diciembre_2024.pdf\">Revista V\u00ednculo<\/a>, n. 387, diciembre de 2024<\/p>\n","protected":false},"excerpt":{"rendered":"<p>La Mater fue coronada como \u201cReina del Compromiso con la Familia y la Misi\u00f3n\u201d en el santuario de Curic\u00f3, Chile.<\/p>\n","protected":false},"author":3,"featured_media":42695,"comment_status":"closed","ping_status":"closed","sticky":false,"template":"","format":"standard","meta":{"footnotes":""},"categories":[864,790],"tags":[],"class_list":["post-42715","post","type-post","status-publish","format-standard","has-post-thumbnail","hentry","category-america-es","category-paises-es"],"yoast_head":"<!-- This site is optimized with the Yoast SEO Premium plugin v27.4 (Yoast SEO v27.4) - https:\/\/yoast.com\/product\/yoast-seo-premium-wordpress\/ -->\n<title>La Familia de Schoenstatt de Curic\u00f3, en Chile, coron\u00f3 a la Mater en su santuario<\/title>\n<meta name=\"description\" content=\"La Mater fue coronada como \u201cReina del Compromiso con la Familia y la Misi\u00f3n\u201d en el santuario de Curic\u00f3, Chile.\" \/>\n<meta name=\"robots\" content=\"index, follow, max-snippet:-1, max-image-preview:large, max-video-preview:-1\" \/>\n<link rel=\"canonical\" href=\"https:\/\/schoenstatt.com\/es\/la-familia-de-schoenstatt-de-curico-en-chile-corono-a-la-mater-en-su-santuario\/\" \/>\n<meta property=\"og:locale\" content=\"es_ES\" \/>\n<meta property=\"og:type\" content=\"article\" \/>\n<meta property=\"og:title\" content=\"La Familia de Schoenstatt de Curic\u00f3, en Chile, coron\u00f3 a la Mater en su santuario\" \/>\n<meta property=\"og:description\" content=\"La Mater fue coronada como \u201cReina del Compromiso con la Familia y la Misi\u00f3n\u201d en el santuario de Curic\u00f3, Chile.\" \/>\n<meta property=\"og:url\" content=\"https:\/\/schoenstatt.com\/es\/la-familia-de-schoenstatt-de-curico-en-chile-corono-a-la-mater-en-su-santuario\/\" \/>\n<meta property=\"og:site_name\" content=\"Schoenstatt\" \/>\n<meta property=\"article:published_time\" content=\"2024-12-16T12:07:30+00:00\" \/>\n<meta property=\"article:modified_time\" content=\"2025-05-15T16:23:01+00:00\" \/>\n<meta property=\"og:image\" content=\"https:\/\/schoenstatt.com\/wp-content\/uploads\/2024\/12\/schoenstatt-Curico-chile-1.jpg\" \/>\n\t<meta property=\"og:image:width\" content=\"1280\" \/>\n\t<meta property=\"og:image:height\" content=\"806\" \/>\n\t<meta property=\"og:image:type\" content=\"image\/jpeg\" \/>\n<meta name=\"author\" content=\"Karen Bueno\" \/>\n<meta name=\"twitter:card\" content=\"summary_large_image\" \/>\n<meta name=\"twitter:label1\" content=\"Escrito por\" \/>\n\t<meta name=\"twitter:data1\" content=\"Karen Bueno\" \/>\n\t<meta name=\"twitter:label2\" content=\"Tiempo de lectura\" \/>\n\t<meta name=\"twitter:data2\" content=\"3 minutos\" \/>\n<script type=\"application\/ld+json\" class=\"yoast-schema-graph\">{\"@context\":\"https:\\\/\\\/schema.org\",\"@graph\":[{\"@type\":\"Article\",\"@id\":\"https:\\\/\\\/schoenstatt.com\\\/es\\\/la-familia-de-schoenstatt-de-curico-en-chile-corono-a-la-mater-en-su-santuario\\\/#article\",\"isPartOf\":{\"@id\":\"https:\\\/\\\/schoenstatt.com\\\/es\\\/la-familia-de-schoenstatt-de-curico-en-chile-corono-a-la-mater-en-su-santuario\\\/\"},\"author\":{\"name\":\"Karen Bueno\",\"@id\":\"https:\\\/\\\/schoenstatt.com\\\/es\\\/#\\\/schema\\\/person\\\/5158877ad4acae98b34daaeef2a1ce6e\"},\"headline\":\"La Familia de Schoenstatt de Curic\u00f3, en Chile, coron\u00f3 a la Mater en su santuario\",\"datePublished\":\"2024-12-16T12:07:30+00:00\",\"dateModified\":\"2025-05-15T16:23:01+00:00\",\"mainEntityOfPage\":{\"@id\":\"https:\\\/\\\/schoenstatt.com\\\/es\\\/la-familia-de-schoenstatt-de-curico-en-chile-corono-a-la-mater-en-su-santuario\\\/\"},\"wordCount\":316,\"publisher\":{\"@id\":\"https:\\\/\\\/schoenstatt.com\\\/es\\\/#organization\"},\"image\":{\"@id\":\"https:\\\/\\\/schoenstatt.com\\\/es\\\/la-familia-de-schoenstatt-de-curico-en-chile-corono-a-la-mater-en-su-santuario\\\/#primaryimage\"},\"thumbnailUrl\":\"https:\\\/\\\/schoenstatt.com\\\/wp-content\\\/uploads\\\/2024\\\/12\\\/schoenstatt-Curico-chile-1.jpg\",\"articleSection\":[\"Am\u00e9rica\",\"Pa\u00edses\"],\"inLanguage\":\"es\"},{\"@type\":\"WebPage\",\"@id\":\"https:\\\/\\\/schoenstatt.com\\\/es\\\/la-familia-de-schoenstatt-de-curico-en-chile-corono-a-la-mater-en-su-santuario\\\/\",\"url\":\"https:\\\/\\\/schoenstatt.com\\\/es\\\/la-familia-de-schoenstatt-de-curico-en-chile-corono-a-la-mater-en-su-santuario\\\/\",\"name\":\"La Familia de Schoenstatt de Curic\u00f3, en Chile, coron\u00f3 a la Mater en su santuario\",\"isPartOf\":{\"@id\":\"https:\\\/\\\/schoenstatt.com\\\/es\\\/#website\"},\"primaryImageOfPage\":{\"@id\":\"https:\\\/\\\/schoenstatt.com\\\/es\\\/la-familia-de-schoenstatt-de-curico-en-chile-corono-a-la-mater-en-su-santuario\\\/#primaryimage\"},\"image\":{\"@id\":\"https:\\\/\\\/schoenstatt.com\\\/es\\\/la-familia-de-schoenstatt-de-curico-en-chile-corono-a-la-mater-en-su-santuario\\\/#primaryimage\"},\"thumbnailUrl\":\"https:\\\/\\\/schoenstatt.com\\\/wp-content\\\/uploads\\\/2024\\\/12\\\/schoenstatt-Curico-chile-1.jpg\",\"datePublished\":\"2024-12-16T12:07:30+00:00\",\"dateModified\":\"2025-05-15T16:23:01+00:00\",\"description\":\"La Mater fue coronada como \u201cReina del Compromiso con la Familia y la Misi\u00f3n\u201d en el santuario de Curic\u00f3, Chile.\",\"breadcrumb\":{\"@id\":\"https:\\\/\\\/schoenstatt.com\\\/es\\\/la-familia-de-schoenstatt-de-curico-en-chile-corono-a-la-mater-en-su-santuario\\\/#breadcrumb\"},\"inLanguage\":\"es\",\"potentialAction\":[{\"@type\":\"ReadAction\",\"target\":[\"https:\\\/\\\/schoenstatt.com\\\/es\\\/la-familia-de-schoenstatt-de-curico-en-chile-corono-a-la-mater-en-su-santuario\\\/\"]}]},{\"@type\":\"ImageObject\",\"inLanguage\":\"es\",\"@id\":\"https:\\\/\\\/schoenstatt.com\\\/es\\\/la-familia-de-schoenstatt-de-curico-en-chile-corono-a-la-mater-en-su-santuario\\\/#primaryimage\",\"url\":\"https:\\\/\\\/schoenstatt.com\\\/wp-content\\\/uploads\\\/2024\\\/12\\\/schoenstatt-Curico-chile-1.jpg\",\"contentUrl\":\"https:\\\/\\\/schoenstatt.com\\\/wp-content\\\/uploads\\\/2024\\\/12\\\/schoenstatt-Curico-chile-1.jpg\",\"width\":1280,\"height\":806},{\"@type\":\"BreadcrumbList\",\"@id\":\"https:\\\/\\\/schoenstatt.com\\\/es\\\/la-familia-de-schoenstatt-de-curico-en-chile-corono-a-la-mater-en-su-santuario\\\/#breadcrumb\",\"itemListElement\":[{\"@type\":\"ListItem\",\"position\":1,\"name\":\"Portada\",\"item\":\"https:\\\/\\\/schoenstatt.com\\\/es\\\/home\\\/\"},{\"@type\":\"ListItem\",\"position\":2,\"name\":\"La Familia de Schoenstatt de Curic\u00f3, en Chile, coron\u00f3 a la Mater en su santuario\"}]},{\"@type\":\"WebSite\",\"@id\":\"https:\\\/\\\/schoenstatt.com\\\/es\\\/#website\",\"url\":\"https:\\\/\\\/schoenstatt.com\\\/es\\\/\",\"name\":\"Schoenstatt\",\"description\":\"Apostolic Movement\",\"publisher\":{\"@id\":\"https:\\\/\\\/schoenstatt.com\\\/es\\\/#organization\"},\"potentialAction\":[{\"@type\":\"SearchAction\",\"target\":{\"@type\":\"EntryPoint\",\"urlTemplate\":\"https:\\\/\\\/schoenstatt.com\\\/es\\\/?s={search_term_string}\"},\"query-input\":{\"@type\":\"PropertyValueSpecification\",\"valueRequired\":true,\"valueName\":\"search_term_string\"}}],\"inLanguage\":\"es\"},{\"@type\":\"Organization\",\"@id\":\"https:\\\/\\\/schoenstatt.com\\\/es\\\/#organization\",\"name\":\"Schoenstatt\",\"url\":\"https:\\\/\\\/schoenstatt.com\\\/es\\\/\",\"logo\":{\"@type\":\"ImageObject\",\"inLanguage\":\"es\",\"@id\":\"https:\\\/\\\/schoenstatt.com\\\/es\\\/#\\\/schema\\\/logo\\\/image\\\/\",\"url\":\"https:\\\/\\\/schoenstatt.com\\\/wp-content\\\/uploads\\\/2025\\\/04\\\/logo-schoenstatt-white-696x696-1.png\",\"contentUrl\":\"https:\\\/\\\/schoenstatt.com\\\/wp-content\\\/uploads\\\/2025\\\/04\\\/logo-schoenstatt-white-696x696-1.png\",\"width\":696,\"height\":694,\"caption\":\"Schoenstatt\"},\"image\":{\"@id\":\"https:\\\/\\\/schoenstatt.com\\\/es\\\/#\\\/schema\\\/logo\\\/image\\\/\"}},{\"@type\":\"Person\",\"@id\":\"https:\\\/\\\/schoenstatt.com\\\/es\\\/#\\\/schema\\\/person\\\/5158877ad4acae98b34daaeef2a1ce6e\",\"name\":\"Karen Bueno\",\"image\":{\"@type\":\"ImageObject\",\"inLanguage\":\"es\",\"@id\":\"https:\\\/\\\/secure.gravatar.com\\\/avatar\\\/f9f4b823873154269d2b2130f195f6d41037dd0d7fc5f3cacb5c846bae70d66b?s=96&d=mm&r=g\",\"url\":\"https:\\\/\\\/secure.gravatar.com\\\/avatar\\\/f9f4b823873154269d2b2130f195f6d41037dd0d7fc5f3cacb5c846bae70d66b?s=96&d=mm&r=g\",\"contentUrl\":\"https:\\\/\\\/secure.gravatar.com\\\/avatar\\\/f9f4b823873154269d2b2130f195f6d41037dd0d7fc5f3cacb5c846bae70d66b?s=96&d=mm&r=g\",\"caption\":\"Karen Bueno\"},\"url\":\"https:\\\/\\\/schoenstatt.com\\\/es\\\/author\\\/karen-bueno\\\/\"}]}<\/script>\n<!-- \/ Yoast SEO Premium plugin. -->","yoast_head_json":{"title":"La Familia de Schoenstatt de Curic\u00f3, en Chile, coron\u00f3 a la Mater en su santuario","description":"La Mater fue coronada como \u201cReina del Compromiso con la Familia y la Misi\u00f3n\u201d en el santuario de Curic\u00f3, Chile.","robots":{"index":"index","follow":"follow","max-snippet":"max-snippet:-1","max-image-preview":"max-image-preview:large","max-video-preview":"max-video-preview:-1"},"canonical":"https:\/\/schoenstatt.com\/es\/la-familia-de-schoenstatt-de-curico-en-chile-corono-a-la-mater-en-su-santuario\/","og_locale":"es_ES","og_type":"article","og_title":"La Familia de Schoenstatt de Curic\u00f3, en Chile, coron\u00f3 a la Mater en su santuario","og_description":"La Mater fue coronada como \u201cReina del Compromiso con la Familia y la Misi\u00f3n\u201d en el santuario de Curic\u00f3, Chile.","og_url":"https:\/\/schoenstatt.com\/es\/la-familia-de-schoenstatt-de-curico-en-chile-corono-a-la-mater-en-su-santuario\/","og_site_name":"Schoenstatt","article_published_time":"2024-12-16T12:07:30+00:00","article_modified_time":"2025-05-15T16:23:01+00:00","og_image":[{"width":1280,"height":806,"url":"https:\/\/schoenstatt.com\/wp-content\/uploads\/2024\/12\/schoenstatt-Curico-chile-1.jpg","type":"image\/jpeg"}],"author":"Karen Bueno","twitter_card":"summary_large_image","twitter_misc":{"Escrito por":"Karen Bueno","Tiempo de lectura":"3 minutos"},"schema":{"@context":"https:\/\/schema.org","@graph":[{"@type":"Article","@id":"https:\/\/schoenstatt.com\/es\/la-familia-de-schoenstatt-de-curico-en-chile-corono-a-la-mater-en-su-santuario\/#article","isPartOf":{"@id":"https:\/\/schoenstatt.com\/es\/la-familia-de-schoenstatt-de-curico-en-chile-corono-a-la-mater-en-su-santuario\/"},"author":{"name":"Karen Bueno","@id":"https:\/\/schoenstatt.com\/es\/#\/schema\/person\/5158877ad4acae98b34daaeef2a1ce6e"},"headline":"La Familia de Schoenstatt de Curic\u00f3, en Chile, coron\u00f3 a la Mater en su santuario","datePublished":"2024-12-16T12:07:30+00:00","dateModified":"2025-05-15T16:23:01+00:00","mainEntityOfPage":{"@id":"https:\/\/schoenstatt.com\/es\/la-familia-de-schoenstatt-de-curico-en-chile-corono-a-la-mater-en-su-santuario\/"},"wordCount":316,"publisher":{"@id":"https:\/\/schoenstatt.com\/es\/#organization"},"image":{"@id":"https:\/\/schoenstatt.com\/es\/la-familia-de-schoenstatt-de-curico-en-chile-corono-a-la-mater-en-su-santuario\/#primaryimage"},"thumbnailUrl":"https:\/\/schoenstatt.com\/wp-content\/uploads\/2024\/12\/schoenstatt-Curico-chile-1.jpg","articleSection":["Am\u00e9rica","Pa\u00edses"],"inLanguage":"es"},{"@type":"WebPage","@id":"https:\/\/schoenstatt.com\/es\/la-familia-de-schoenstatt-de-curico-en-chile-corono-a-la-mater-en-su-santuario\/","url":"https:\/\/schoenstatt.com\/es\/la-familia-de-schoenstatt-de-curico-en-chile-corono-a-la-mater-en-su-santuario\/","name":"La Familia de Schoenstatt de Curic\u00f3, en Chile, coron\u00f3 a la Mater en su santuario","isPartOf":{"@id":"https:\/\/schoenstatt.com\/es\/#website"},"primaryImageOfPage":{"@id":"https:\/\/schoenstatt.com\/es\/la-familia-de-schoenstatt-de-curico-en-chile-corono-a-la-mater-en-su-santuario\/#primaryimage"},"image":{"@id":"https:\/\/schoenstatt.com\/es\/la-familia-de-schoenstatt-de-curico-en-chile-corono-a-la-mater-en-su-santuario\/#primaryimage"},"thumbnailUrl":"https:\/\/schoenstatt.com\/wp-content\/uploads\/2024\/12\/schoenstatt-Curico-chile-1.jpg","datePublished":"2024-12-16T12:07:30+00:00","dateModified":"2025-05-15T16:23:01+00:00","description":"La Mater fue coronada como \u201cReina del Compromiso con la Familia y la Misi\u00f3n\u201d en el santuario de Curic\u00f3, Chile.","breadcrumb":{"@id":"https:\/\/schoenstatt.com\/es\/la-familia-de-schoenstatt-de-curico-en-chile-corono-a-la-mater-en-su-santuario\/#breadcrumb"},"inLanguage":"es","potentialAction":[{"@type":"ReadAction","target":["https:\/\/schoenstatt.com\/es\/la-familia-de-schoenstatt-de-curico-en-chile-corono-a-la-mater-en-su-santuario\/"]}]},{"@type":"ImageObject","inLanguage":"es","@id":"https:\/\/schoenstatt.com\/es\/la-familia-de-schoenstatt-de-curico-en-chile-corono-a-la-mater-en-su-santuario\/#primaryimage","url":"https:\/\/schoenstatt.com\/wp-content\/uploads\/2024\/12\/schoenstatt-Curico-chile-1.jpg","contentUrl":"https:\/\/schoenstatt.com\/wp-content\/uploads\/2024\/12\/schoenstatt-Curico-chile-1.jpg","width":1280,"height":806},{"@type":"BreadcrumbList","@id":"https:\/\/schoenstatt.com\/es\/la-familia-de-schoenstatt-de-curico-en-chile-corono-a-la-mater-en-su-santuario\/#breadcrumb","itemListElement":[{"@type":"ListItem","position":1,"name":"Portada","item":"https:\/\/schoenstatt.com\/es\/home\/"},{"@type":"ListItem","position":2,"name":"La Familia de Schoenstatt de Curic\u00f3, en Chile, coron\u00f3 a la Mater en su santuario"}]},{"@type":"WebSite","@id":"https:\/\/schoenstatt.com\/es\/#website","url":"https:\/\/schoenstatt.com\/es\/","name":"Schoenstatt","description":"Apostolic Movement","publisher":{"@id":"https:\/\/schoenstatt.com\/es\/#organization"},"potentialAction":[{"@type":"SearchAction","target":{"@type":"EntryPoint","urlTemplate":"https:\/\/schoenstatt.com\/es\/?s={search_term_string}"},"query-input":{"@type":"PropertyValueSpecification","valueRequired":true,"valueName":"search_term_string"}}],"inLanguage":"es"},{"@type":"Organization","@id":"https:\/\/schoenstatt.com\/es\/#organization","name":"Schoenstatt","url":"https:\/\/schoenstatt.com\/es\/","logo":{"@type":"ImageObject","inLanguage":"es","@id":"https:\/\/schoenstatt.com\/es\/#\/schema\/logo\/image\/","url":"https:\/\/schoenstatt.com\/wp-content\/uploads\/2025\/04\/logo-schoenstatt-white-696x696-1.png","contentUrl":"https:\/\/schoenstatt.com\/wp-content\/uploads\/2025\/04\/logo-schoenstatt-white-696x696-1.png","width":696,"height":694,"caption":"Schoenstatt"},"image":{"@id":"https:\/\/schoenstatt.com\/es\/#\/schema\/logo\/image\/"}},{"@type":"Person","@id":"https:\/\/schoenstatt.com\/es\/#\/schema\/person\/5158877ad4acae98b34daaeef2a1ce6e","name":"Karen Bueno","image":{"@type":"ImageObject","inLanguage":"es","@id":"https:\/\/secure.gravatar.com\/avatar\/f9f4b823873154269d2b2130f195f6d41037dd0d7fc5f3cacb5c846bae70d66b?s=96&d=mm&r=g","url":"https:\/\/secure.gravatar.com\/avatar\/f9f4b823873154269d2b2130f195f6d41037dd0d7fc5f3cacb5c846bae70d66b?s=96&d=mm&r=g","contentUrl":"https:\/\/secure.gravatar.com\/avatar\/f9f4b823873154269d2b2130f195f6d41037dd0d7fc5f3cacb5c846bae70d66b?s=96&d=mm&r=g","caption":"Karen Bueno"},"url":"https:\/\/schoenstatt.com\/es\/author\/karen-bueno\/"}]}},"_links":{"self":[{"href":"https:\/\/schoenstatt.com\/es\/wp-json\/wp\/v2\/posts\/42715","targetHints":{"allow":["GET"]}}],"collection":[{"href":"https:\/\/schoenstatt.com\/es\/wp-json\/wp\/v2\/posts"}],"about":[{"href":"https:\/\/schoenstatt.com\/es\/wp-json\/wp\/v2\/types\/post"}],"author":[{"embeddable":true,"href":"https:\/\/schoenstatt.com\/es\/wp-json\/wp\/v2\/users\/3"}],"replies":[{"embeddable":true,"href":"https:\/\/schoenstatt.com\/es\/wp-json\/wp\/v2\/comments?post=42715"}],"version-history":[{"count":1,"href":"https:\/\/schoenstatt.com\/es\/wp-json\/wp\/v2\/posts\/42715\/revisions"}],"predecessor-version":[{"id":47235,"href":"https:\/\/schoenstatt.com\/es\/wp-json\/wp\/v2\/posts\/42715\/revisions\/47235"}],"wp:featuredmedia":[{"embeddable":true,"href":"https:\/\/schoenstatt.com\/es\/wp-json\/wp\/v2\/media\/42695"}],"wp:attachment":[{"href":"https:\/\/schoenstatt.com\/es\/wp-json\/wp\/v2\/media?parent=42715"}],"wp:term":[{"taxonomy":"category","embeddable":true,"href":"https:\/\/schoenstatt.com\/es\/wp-json\/wp\/v2\/categories?post=42715"},{"taxonomy":"post_tag","embeddable":true,"href":"https:\/\/schoenstatt.com\/es\/wp-json\/wp\/v2\/tags?post=42715"}],"curies":[{"name":"wp","href":"https:\/\/api.w.org\/{rel}","templated":true}]}}