{"id":42639,"date":"2024-12-10T03:03:00","date_gmt":"2024-12-10T02:03:00","guid":{"rendered":"https:\/\/schoenstatt.com\/?p=42639"},"modified":"2025-05-15T01:57:44","modified_gmt":"2025-05-14T23:57:44","slug":"coronacion-de-maria-nuestra-entrega-de-confianza-filial","status":"publish","type":"post","link":"https:\/\/schoenstatt.com\/es\/coronacion-de-maria-nuestra-entrega-de-confianza-filial\/","title":{"rendered":"Coronaci\u00f3n de Mar\u00eda &#8211; Nuestra entrega de confianza filial"},"content":{"rendered":"\n<p>En el camino hacia la Navidad, el 10 de diciembre recuerda un momento especial para la Familia Internacional de Schoenstatt. Es la fecha de la coronaci\u00f3n de la Madre Tres Veces Admirable, cuando recibi\u00f3 el t\u00edtulo de Madre y REINA.<\/p>\n\n\n\n<h3 class=\"wp-block-heading\" id=\"h-para-recordar\"><strong>Para recordar&#8230;.<\/strong><\/h3>\n\n\n\n<p>La primera corona ofrecida a la Virgen Mar\u00eda en el Santuario Original era muy sencilla y de madera. En 1939, la Familia de Schoenstatt decidi\u00f3 ofrecer a Mar\u00eda una nueva corona. Esta corriente de coronaci\u00f3n surgi\u00f3 en la comunidad de las Hermanas de Mar\u00eda y cobr\u00f3 impulso.<\/p>\n\n\n\n<p>El 10 de diciembre, la MTA recibi\u00f3 la corona de oro, que todos conocemos, y el t\u00edtulo de Reina Tres Veces Admirable de Schoenstatt. Con este gesto surgi\u00f3 una cadena de coronaciones, que es un rasgo caracter\u00edstico del Movimiento de Schoenstatt en todo el mundo.<\/p>\n\n\n\n<figure class=\"wp-block-image aligncenter size-large\"><img decoding=\"async\" src=\"https:\/\/schoenstatt.com\/wp-content\/uploads\/2024\/10\/corona-coroa-crown-krone-belmonte-1-577x1024.jpeg\" alt=\"\" class=\"wp-image-41839\"\/><\/figure>\n\n\n\n<h3 class=\"wp-block-heading\" id=\"h-volvemos-a-coronar-a-maria\"><strong>\u00bfVolvemos a coronar a Mar\u00eda?<\/strong><\/h3>\n\n\n\n<p>El a\u00f1o 2025 ser\u00e1 un a\u00f1o muy especial. Adem\u00e1s de las diversas actividades de la Iglesia, el Movimiento de Schoenstatt tendr\u00e1 un momento \u00fanico de coronaci\u00f3n, haciendo viva una vez m\u00e1s esta corriente que trasciende generaciones.<\/p>\n\n\n\n<p>La MTA ser\u00e1 coronada \u00abReina Madre de la Iglesia\u00bb en el santuario de Belmonte, en Roma. A lo largo del a\u00f1o, varios peregrinos participar\u00e1n en este acto, ofreciendo la corona a la Virgen Mar\u00eda. Para m\u00e1s informaci\u00f3n, <a href=\"https:\/\/schoenstatt.com\/es\/coronacion-internacional-en-belmonte\/\"><mark style=\"background-color:rgba(0, 0, 0, 0);color:#db6d08\" class=\"has-inline-color\">consulte aqu\u00ed<\/mark><\/a>.<\/p>\n\n\n\n<h3 class=\"wp-block-heading\" id=\"h-por-que-seguimos-repitiendo-este-acto\"><strong>\u00bfPor qu\u00e9 seguimos repitiendo este acto?<\/strong><\/h3>\n\n\n\n<p>El rector de Belmonte, el P. Marcelo Cervi, explica: \u00abCoronamos a Mar\u00eda una y otra vez porque, en medio de las necesidades que nos afligen y tras haber agotado todos los recursos humanos, la coronaci\u00f3n simboliza la s\u00faplica ferviente y la confianza ilimitada en la Virgen Mar\u00eda, que es la \u00abomnipotencia suplicante\u00bb ante Aquel que puede resolver todos nuestros problemas. Coronar, por lo tanto, es reconocer nuestra mendicidad y, al mismo tiempo, la riqueza de Dios, que todo lo puede\u00bb.<\/p>\n\n\n\n<figure class=\"wp-block-image aligncenter size-full\"><img decoding=\"async\" src=\"https:\/\/schoenstatt.com\/wp-content\/uploads\/2024\/06\/corona-mater-coroa-crown-krone.jpg\" alt=\"\" class=\"wp-image-37260\"\/><\/figure>\n\n\n\n<h3 class=\"wp-block-heading\" id=\"h-con-que-actitud-vamos-a-coronar\"><strong>\u00bfCon qu\u00e9 actitud vamos a coronar?<\/strong><\/h3>\n\n\n\n<p>Al P. Marcelo, natural de Brasil y perteneciente al Instituto de Sacerdotes Diocesanos de Schoenstatt, se le ha pedido que regrese a su di\u00f3cesis. Sin embargo, seguir\u00e1 colaborando en la preparaci\u00f3n de este a\u00f1o especial junto con el equipo de Belmonte.<\/p>\n\n\n\n<p>Explica la actitud con la que queremos entregar la corona a la Virgen Mar\u00eda: \u00abEs necesario entregarse plenamente al Capital de Gracias, orar y sacrificarse, como demostraci\u00f3n concreta de que confiamos y esperamos, porque la causa, sea la que sea, est\u00e1 en manos de Dios a trav\u00e9s de Mar\u00eda\u00bb.<\/p>\n\n\n\n<p>Y a\u00f1ade: \u00abEntregar la corona significa que reconocemos a Mar\u00eda la dignidad y los derechos de una reina, es decir, que est\u00e1 al lado del Rey de Reyes y tiene el derecho y la libertad de presentar cualquier situaci\u00f3n que le pida intervenir con poder. Por tanto, nuestra actitud principal es la confianza. Confianza filial y sencilla, abandon\u00e1ndonos en las manos de nuestra Madre, convencidos de que ella se ocupar\u00e1 de todo\u00bb.<\/p>\n\n\n\n<h3 class=\"wp-block-heading\" id=\"h-mas-informacion-sobre-la-coronacion-internacional\"><strong>M\u00e1s informaci\u00f3n sobre la coronaci\u00f3n internacional<\/strong><\/h3>\n\n\n\n<p><a href=\"https:\/\/schoenstatt.com\/es\/coronacion-internacional-en-belmonte\/\"><mark style=\"background-color:rgba(0, 0, 0, 0);color:#db6d08\" class=\"has-inline-color\">En esta p\u00e1gina<\/mark><\/a> encontrar\u00e1s toda la informaci\u00f3n y contactos sobre la coronaci\u00f3n en Belmonte. Emprendamos juntos este nuevo a\u00f1o de gracias, que sin duda ser\u00e1 un tiempo especial para toda la Familia de Schoenstatt.<\/p>\n\n\n\n<p><strong>Traducci\u00f3n: <\/strong>Hna. M. Lourdes Mac\u00edas<\/p>\n","protected":false},"excerpt":{"rendered":"<p>En el 2025, la MTA ser\u00e1 coronada Reina Madre de la Iglesia. \u00bfCon qu\u00e9 actitud ofreceremos la corona a nuestra Madre? <\/p>\n","protected":false},"author":3,"featured_media":42236,"comment_status":"closed","ping_status":"closed","sticky":false,"template":"","format":"standard","meta":{"footnotes":""},"categories":[873,630],"tags":[],"class_list":["post-42639","post","type-post","status-publish","format-standard","has-post-thumbnail","hentry","category-europa-es","category-eventos-es"],"yoast_head":"<!-- This site is optimized with the Yoast SEO Premium plugin v27.4 (Yoast SEO v27.4) - https:\/\/yoast.com\/product\/yoast-seo-premium-wordpress\/ -->\n<title>Coronaci\u00f3n de Mar\u00eda - Nuestra entrega de confianza filial - Schoenstatt<\/title>\n<meta name=\"description\" content=\"En el 2025, la MTA ser\u00e1 coronada Reina Madre de la Iglesia. \u00bfCon qu\u00e9 actitud ofreceremos la corona a nuestra Madre?\" \/>\n<meta name=\"robots\" content=\"index, follow, max-snippet:-1, max-image-preview:large, max-video-preview:-1\" \/>\n<link rel=\"canonical\" href=\"https:\/\/schoenstatt.com\/es\/coronacion-de-maria-nuestra-entrega-de-confianza-filial\/\" \/>\n<meta property=\"og:locale\" content=\"es_ES\" \/>\n<meta property=\"og:type\" content=\"article\" \/>\n<meta property=\"og:title\" content=\"Coronaci\u00f3n de Mar\u00eda - Nuestra entrega de confianza filial\" \/>\n<meta property=\"og:description\" content=\"En el 2025, la MTA ser\u00e1 coronada Reina Madre de la Iglesia. \u00bfCon qu\u00e9 actitud ofreceremos la corona a nuestra Madre?\" \/>\n<meta property=\"og:url\" content=\"https:\/\/schoenstatt.com\/es\/coronacion-de-maria-nuestra-entrega-de-confianza-filial\/\" \/>\n<meta property=\"og:site_name\" content=\"Schoenstatt\" \/>\n<meta property=\"article:published_time\" content=\"2024-12-10T02:03:00+00:00\" \/>\n<meta property=\"article:modified_time\" content=\"2025-05-14T23:57:44+00:00\" \/>\n<meta property=\"og:image\" content=\"https:\/\/schoenstatt.com\/wp-content\/uploads\/2024\/11\/coroa-corona-krone-crown-belmonte-1.jpg\" \/>\n\t<meta property=\"og:image:width\" content=\"1577\" \/>\n\t<meta property=\"og:image:height\" content=\"1126\" \/>\n\t<meta property=\"og:image:type\" content=\"image\/jpeg\" \/>\n<meta name=\"author\" content=\"Karen Bueno\" \/>\n<meta name=\"twitter:card\" content=\"summary_large_image\" \/>\n<meta name=\"twitter:label1\" content=\"Escrito por\" \/>\n\t<meta name=\"twitter:data1\" content=\"Karen Bueno\" \/>\n\t<meta name=\"twitter:label2\" content=\"Tiempo de lectura\" \/>\n\t<meta name=\"twitter:data2\" content=\"3 minutos\" \/>\n<script type=\"application\/ld+json\" class=\"yoast-schema-graph\">{\"@context\":\"https:\\\/\\\/schema.org\",\"@graph\":[{\"@type\":\"Article\",\"@id\":\"https:\\\/\\\/schoenstatt.com\\\/es\\\/coronacion-de-maria-nuestra-entrega-de-confianza-filial\\\/#article\",\"isPartOf\":{\"@id\":\"https:\\\/\\\/schoenstatt.com\\\/es\\\/coronacion-de-maria-nuestra-entrega-de-confianza-filial\\\/\"},\"author\":{\"name\":\"Karen Bueno\",\"@id\":\"https:\\\/\\\/schoenstatt.com\\\/es\\\/#\\\/schema\\\/person\\\/5158877ad4acae98b34daaeef2a1ce6e\"},\"headline\":\"Coronaci\u00f3n de Mar\u00eda &#8211; Nuestra entrega de confianza filial\",\"datePublished\":\"2024-12-10T02:03:00+00:00\",\"dateModified\":\"2025-05-14T23:57:44+00:00\",\"mainEntityOfPage\":{\"@id\":\"https:\\\/\\\/schoenstatt.com\\\/es\\\/coronacion-de-maria-nuestra-entrega-de-confianza-filial\\\/\"},\"wordCount\":564,\"publisher\":{\"@id\":\"https:\\\/\\\/schoenstatt.com\\\/es\\\/#organization\"},\"image\":{\"@id\":\"https:\\\/\\\/schoenstatt.com\\\/es\\\/coronacion-de-maria-nuestra-entrega-de-confianza-filial\\\/#primaryimage\"},\"thumbnailUrl\":\"https:\\\/\\\/schoenstatt.com\\\/wp-content\\\/uploads\\\/2024\\\/11\\\/coroa-corona-krone-crown-belmonte-1.jpg\",\"articleSection\":[\"Europa\",\"Eventos\"],\"inLanguage\":\"es\"},{\"@type\":\"WebPage\",\"@id\":\"https:\\\/\\\/schoenstatt.com\\\/es\\\/coronacion-de-maria-nuestra-entrega-de-confianza-filial\\\/\",\"url\":\"https:\\\/\\\/schoenstatt.com\\\/es\\\/coronacion-de-maria-nuestra-entrega-de-confianza-filial\\\/\",\"name\":\"Coronaci\u00f3n de Mar\u00eda - Nuestra entrega de confianza filial - Schoenstatt\",\"isPartOf\":{\"@id\":\"https:\\\/\\\/schoenstatt.com\\\/es\\\/#website\"},\"primaryImageOfPage\":{\"@id\":\"https:\\\/\\\/schoenstatt.com\\\/es\\\/coronacion-de-maria-nuestra-entrega-de-confianza-filial\\\/#primaryimage\"},\"image\":{\"@id\":\"https:\\\/\\\/schoenstatt.com\\\/es\\\/coronacion-de-maria-nuestra-entrega-de-confianza-filial\\\/#primaryimage\"},\"thumbnailUrl\":\"https:\\\/\\\/schoenstatt.com\\\/wp-content\\\/uploads\\\/2024\\\/11\\\/coroa-corona-krone-crown-belmonte-1.jpg\",\"datePublished\":\"2024-12-10T02:03:00+00:00\",\"dateModified\":\"2025-05-14T23:57:44+00:00\",\"description\":\"En el 2025, la MTA ser\u00e1 coronada Reina Madre de la Iglesia. \u00bfCon qu\u00e9 actitud ofreceremos la corona a nuestra Madre?\",\"breadcrumb\":{\"@id\":\"https:\\\/\\\/schoenstatt.com\\\/es\\\/coronacion-de-maria-nuestra-entrega-de-confianza-filial\\\/#breadcrumb\"},\"inLanguage\":\"es\",\"potentialAction\":[{\"@type\":\"ReadAction\",\"target\":[\"https:\\\/\\\/schoenstatt.com\\\/es\\\/coronacion-de-maria-nuestra-entrega-de-confianza-filial\\\/\"]}]},{\"@type\":\"ImageObject\",\"inLanguage\":\"es\",\"@id\":\"https:\\\/\\\/schoenstatt.com\\\/es\\\/coronacion-de-maria-nuestra-entrega-de-confianza-filial\\\/#primaryimage\",\"url\":\"https:\\\/\\\/schoenstatt.com\\\/wp-content\\\/uploads\\\/2024\\\/11\\\/coroa-corona-krone-crown-belmonte-1.jpg\",\"contentUrl\":\"https:\\\/\\\/schoenstatt.com\\\/wp-content\\\/uploads\\\/2024\\\/11\\\/coroa-corona-krone-crown-belmonte-1.jpg\",\"width\":1577,\"height\":1126},{\"@type\":\"BreadcrumbList\",\"@id\":\"https:\\\/\\\/schoenstatt.com\\\/es\\\/coronacion-de-maria-nuestra-entrega-de-confianza-filial\\\/#breadcrumb\",\"itemListElement\":[{\"@type\":\"ListItem\",\"position\":1,\"name\":\"Portada\",\"item\":\"https:\\\/\\\/schoenstatt.com\\\/es\\\/home\\\/\"},{\"@type\":\"ListItem\",\"position\":2,\"name\":\"Coronaci\u00f3n de Mar\u00eda &#8211; Nuestra entrega de confianza filial\"}]},{\"@type\":\"WebSite\",\"@id\":\"https:\\\/\\\/schoenstatt.com\\\/es\\\/#website\",\"url\":\"https:\\\/\\\/schoenstatt.com\\\/es\\\/\",\"name\":\"Schoenstatt\",\"description\":\"Apostolic Movement\",\"publisher\":{\"@id\":\"https:\\\/\\\/schoenstatt.com\\\/es\\\/#organization\"},\"potentialAction\":[{\"@type\":\"SearchAction\",\"target\":{\"@type\":\"EntryPoint\",\"urlTemplate\":\"https:\\\/\\\/schoenstatt.com\\\/es\\\/?s={search_term_string}\"},\"query-input\":{\"@type\":\"PropertyValueSpecification\",\"valueRequired\":true,\"valueName\":\"search_term_string\"}}],\"inLanguage\":\"es\"},{\"@type\":\"Organization\",\"@id\":\"https:\\\/\\\/schoenstatt.com\\\/es\\\/#organization\",\"name\":\"Schoenstatt\",\"url\":\"https:\\\/\\\/schoenstatt.com\\\/es\\\/\",\"logo\":{\"@type\":\"ImageObject\",\"inLanguage\":\"es\",\"@id\":\"https:\\\/\\\/schoenstatt.com\\\/es\\\/#\\\/schema\\\/logo\\\/image\\\/\",\"url\":\"https:\\\/\\\/schoenstatt.com\\\/wp-content\\\/uploads\\\/2025\\\/04\\\/logo-schoenstatt-white-696x696-1.png\",\"contentUrl\":\"https:\\\/\\\/schoenstatt.com\\\/wp-content\\\/uploads\\\/2025\\\/04\\\/logo-schoenstatt-white-696x696-1.png\",\"width\":696,\"height\":694,\"caption\":\"Schoenstatt\"},\"image\":{\"@id\":\"https:\\\/\\\/schoenstatt.com\\\/es\\\/#\\\/schema\\\/logo\\\/image\\\/\"}},{\"@type\":\"Person\",\"@id\":\"https:\\\/\\\/schoenstatt.com\\\/es\\\/#\\\/schema\\\/person\\\/5158877ad4acae98b34daaeef2a1ce6e\",\"name\":\"Karen Bueno\",\"image\":{\"@type\":\"ImageObject\",\"inLanguage\":\"es\",\"@id\":\"https:\\\/\\\/secure.gravatar.com\\\/avatar\\\/f9f4b823873154269d2b2130f195f6d41037dd0d7fc5f3cacb5c846bae70d66b?s=96&d=mm&r=g\",\"url\":\"https:\\\/\\\/secure.gravatar.com\\\/avatar\\\/f9f4b823873154269d2b2130f195f6d41037dd0d7fc5f3cacb5c846bae70d66b?s=96&d=mm&r=g\",\"contentUrl\":\"https:\\\/\\\/secure.gravatar.com\\\/avatar\\\/f9f4b823873154269d2b2130f195f6d41037dd0d7fc5f3cacb5c846bae70d66b?s=96&d=mm&r=g\",\"caption\":\"Karen Bueno\"},\"url\":\"https:\\\/\\\/schoenstatt.com\\\/es\\\/author\\\/karen-bueno\\\/\"}]}<\/script>\n<!-- \/ Yoast SEO Premium plugin. -->","yoast_head_json":{"title":"Coronaci\u00f3n de Mar\u00eda - Nuestra entrega de confianza filial - Schoenstatt","description":"En el 2025, la MTA ser\u00e1 coronada Reina Madre de la Iglesia. \u00bfCon qu\u00e9 actitud ofreceremos la corona a nuestra Madre?","robots":{"index":"index","follow":"follow","max-snippet":"max-snippet:-1","max-image-preview":"max-image-preview:large","max-video-preview":"max-video-preview:-1"},"canonical":"https:\/\/schoenstatt.com\/es\/coronacion-de-maria-nuestra-entrega-de-confianza-filial\/","og_locale":"es_ES","og_type":"article","og_title":"Coronaci\u00f3n de Mar\u00eda - Nuestra entrega de confianza filial","og_description":"En el 2025, la MTA ser\u00e1 coronada Reina Madre de la Iglesia. \u00bfCon qu\u00e9 actitud ofreceremos la corona a nuestra Madre?","og_url":"https:\/\/schoenstatt.com\/es\/coronacion-de-maria-nuestra-entrega-de-confianza-filial\/","og_site_name":"Schoenstatt","article_published_time":"2024-12-10T02:03:00+00:00","article_modified_time":"2025-05-14T23:57:44+00:00","og_image":[{"width":1577,"height":1126,"url":"https:\/\/schoenstatt.com\/wp-content\/uploads\/2024\/11\/coroa-corona-krone-crown-belmonte-1.jpg","type":"image\/jpeg"}],"author":"Karen Bueno","twitter_card":"summary_large_image","twitter_misc":{"Escrito por":"Karen Bueno","Tiempo de lectura":"3 minutos"},"schema":{"@context":"https:\/\/schema.org","@graph":[{"@type":"Article","@id":"https:\/\/schoenstatt.com\/es\/coronacion-de-maria-nuestra-entrega-de-confianza-filial\/#article","isPartOf":{"@id":"https:\/\/schoenstatt.com\/es\/coronacion-de-maria-nuestra-entrega-de-confianza-filial\/"},"author":{"name":"Karen Bueno","@id":"https:\/\/schoenstatt.com\/es\/#\/schema\/person\/5158877ad4acae98b34daaeef2a1ce6e"},"headline":"Coronaci\u00f3n de Mar\u00eda &#8211; Nuestra entrega de confianza filial","datePublished":"2024-12-10T02:03:00+00:00","dateModified":"2025-05-14T23:57:44+00:00","mainEntityOfPage":{"@id":"https:\/\/schoenstatt.com\/es\/coronacion-de-maria-nuestra-entrega-de-confianza-filial\/"},"wordCount":564,"publisher":{"@id":"https:\/\/schoenstatt.com\/es\/#organization"},"image":{"@id":"https:\/\/schoenstatt.com\/es\/coronacion-de-maria-nuestra-entrega-de-confianza-filial\/#primaryimage"},"thumbnailUrl":"https:\/\/schoenstatt.com\/wp-content\/uploads\/2024\/11\/coroa-corona-krone-crown-belmonte-1.jpg","articleSection":["Europa","Eventos"],"inLanguage":"es"},{"@type":"WebPage","@id":"https:\/\/schoenstatt.com\/es\/coronacion-de-maria-nuestra-entrega-de-confianza-filial\/","url":"https:\/\/schoenstatt.com\/es\/coronacion-de-maria-nuestra-entrega-de-confianza-filial\/","name":"Coronaci\u00f3n de Mar\u00eda - Nuestra entrega de confianza filial - Schoenstatt","isPartOf":{"@id":"https:\/\/schoenstatt.com\/es\/#website"},"primaryImageOfPage":{"@id":"https:\/\/schoenstatt.com\/es\/coronacion-de-maria-nuestra-entrega-de-confianza-filial\/#primaryimage"},"image":{"@id":"https:\/\/schoenstatt.com\/es\/coronacion-de-maria-nuestra-entrega-de-confianza-filial\/#primaryimage"},"thumbnailUrl":"https:\/\/schoenstatt.com\/wp-content\/uploads\/2024\/11\/coroa-corona-krone-crown-belmonte-1.jpg","datePublished":"2024-12-10T02:03:00+00:00","dateModified":"2025-05-14T23:57:44+00:00","description":"En el 2025, la MTA ser\u00e1 coronada Reina Madre de la Iglesia. \u00bfCon qu\u00e9 actitud ofreceremos la corona a nuestra Madre?","breadcrumb":{"@id":"https:\/\/schoenstatt.com\/es\/coronacion-de-maria-nuestra-entrega-de-confianza-filial\/#breadcrumb"},"inLanguage":"es","potentialAction":[{"@type":"ReadAction","target":["https:\/\/schoenstatt.com\/es\/coronacion-de-maria-nuestra-entrega-de-confianza-filial\/"]}]},{"@type":"ImageObject","inLanguage":"es","@id":"https:\/\/schoenstatt.com\/es\/coronacion-de-maria-nuestra-entrega-de-confianza-filial\/#primaryimage","url":"https:\/\/schoenstatt.com\/wp-content\/uploads\/2024\/11\/coroa-corona-krone-crown-belmonte-1.jpg","contentUrl":"https:\/\/schoenstatt.com\/wp-content\/uploads\/2024\/11\/coroa-corona-krone-crown-belmonte-1.jpg","width":1577,"height":1126},{"@type":"BreadcrumbList","@id":"https:\/\/schoenstatt.com\/es\/coronacion-de-maria-nuestra-entrega-de-confianza-filial\/#breadcrumb","itemListElement":[{"@type":"ListItem","position":1,"name":"Portada","item":"https:\/\/schoenstatt.com\/es\/home\/"},{"@type":"ListItem","position":2,"name":"Coronaci\u00f3n de Mar\u00eda &#8211; Nuestra entrega de confianza filial"}]},{"@type":"WebSite","@id":"https:\/\/schoenstatt.com\/es\/#website","url":"https:\/\/schoenstatt.com\/es\/","name":"Schoenstatt","description":"Apostolic Movement","publisher":{"@id":"https:\/\/schoenstatt.com\/es\/#organization"},"potentialAction":[{"@type":"SearchAction","target":{"@type":"EntryPoint","urlTemplate":"https:\/\/schoenstatt.com\/es\/?s={search_term_string}"},"query-input":{"@type":"PropertyValueSpecification","valueRequired":true,"valueName":"search_term_string"}}],"inLanguage":"es"},{"@type":"Organization","@id":"https:\/\/schoenstatt.com\/es\/#organization","name":"Schoenstatt","url":"https:\/\/schoenstatt.com\/es\/","logo":{"@type":"ImageObject","inLanguage":"es","@id":"https:\/\/schoenstatt.com\/es\/#\/schema\/logo\/image\/","url":"https:\/\/schoenstatt.com\/wp-content\/uploads\/2025\/04\/logo-schoenstatt-white-696x696-1.png","contentUrl":"https:\/\/schoenstatt.com\/wp-content\/uploads\/2025\/04\/logo-schoenstatt-white-696x696-1.png","width":696,"height":694,"caption":"Schoenstatt"},"image":{"@id":"https:\/\/schoenstatt.com\/es\/#\/schema\/logo\/image\/"}},{"@type":"Person","@id":"https:\/\/schoenstatt.com\/es\/#\/schema\/person\/5158877ad4acae98b34daaeef2a1ce6e","name":"Karen Bueno","image":{"@type":"ImageObject","inLanguage":"es","@id":"https:\/\/secure.gravatar.com\/avatar\/f9f4b823873154269d2b2130f195f6d41037dd0d7fc5f3cacb5c846bae70d66b?s=96&d=mm&r=g","url":"https:\/\/secure.gravatar.com\/avatar\/f9f4b823873154269d2b2130f195f6d41037dd0d7fc5f3cacb5c846bae70d66b?s=96&d=mm&r=g","contentUrl":"https:\/\/secure.gravatar.com\/avatar\/f9f4b823873154269d2b2130f195f6d41037dd0d7fc5f3cacb5c846bae70d66b?s=96&d=mm&r=g","caption":"Karen Bueno"},"url":"https:\/\/schoenstatt.com\/es\/author\/karen-bueno\/"}]}},"_links":{"self":[{"href":"https:\/\/schoenstatt.com\/es\/wp-json\/wp\/v2\/posts\/42639","targetHints":{"allow":["GET"]}}],"collection":[{"href":"https:\/\/schoenstatt.com\/es\/wp-json\/wp\/v2\/posts"}],"about":[{"href":"https:\/\/schoenstatt.com\/es\/wp-json\/wp\/v2\/types\/post"}],"author":[{"embeddable":true,"href":"https:\/\/schoenstatt.com\/es\/wp-json\/wp\/v2\/users\/3"}],"replies":[{"embeddable":true,"href":"https:\/\/schoenstatt.com\/es\/wp-json\/wp\/v2\/comments?post=42639"}],"version-history":[{"count":1,"href":"https:\/\/schoenstatt.com\/es\/wp-json\/wp\/v2\/posts\/42639\/revisions"}],"predecessor-version":[{"id":47221,"href":"https:\/\/schoenstatt.com\/es\/wp-json\/wp\/v2\/posts\/42639\/revisions\/47221"}],"wp:featuredmedia":[{"embeddable":true,"href":"https:\/\/schoenstatt.com\/es\/wp-json\/wp\/v2\/media\/42236"}],"wp:attachment":[{"href":"https:\/\/schoenstatt.com\/es\/wp-json\/wp\/v2\/media?parent=42639"}],"wp:term":[{"taxonomy":"category","embeddable":true,"href":"https:\/\/schoenstatt.com\/es\/wp-json\/wp\/v2\/categories?post=42639"},{"taxonomy":"post_tag","embeddable":true,"href":"https:\/\/schoenstatt.com\/es\/wp-json\/wp\/v2\/tags?post=42639"}],"curies":[{"name":"wp","href":"https:\/\/api.w.org\/{rel}","templated":true}]}}