{"id":42527,"date":"2024-12-04T12:04:17","date_gmt":"2024-12-04T11:04:17","guid":{"rendered":"https:\/\/schoenstatt.com\/?p=42527"},"modified":"2025-05-15T18:32:50","modified_gmt":"2025-05-15T16:32:50","slug":"el-papa-que-el-proximo-jubileo-nos-transforme-en-peregrinos-de-la-esperanza","status":"publish","type":"post","link":"https:\/\/schoenstatt.com\/es\/el-papa-que-el-proximo-jubileo-nos-transforme-en-peregrinos-de-la-esperanza\/","title":{"rendered":"El Papa: Que el pr\u00f3ximo Jubileo nos transforme en peregrinos de la esperanza"},"content":{"rendered":"\n<figure class=\"wp-block-embed is-type-video is-provider-youtube wp-block-embed-youtube wp-embed-aspect-16-9 wp-has-aspect-ratio\"><div class=\"wp-block-embed__wrapper\">\n<iframe title=\"El Video del Papa: \u201cPor los peregrinos de la esperanza\u201d\" width=\"800\" height=\"450\" src=\"https:\/\/www.youtube.com\/embed\/cjKM0NhGJtU?feature=oembed\" frameborder=\"0\" allow=\"accelerometer; autoplay; clipboard-write; encrypted-media; gyroscope; picture-in-picture; web-share\" referrerpolicy=\"strict-origin-when-cross-origin\" allowfullscreen><\/iframe>\n<\/div><\/figure>\n\n\n\n<p>\u201cPor los peregrinos de la esperanza\u201d es la intenci\u00f3n de oraci\u00f3n elegida por el Papa Francisco para el mes de diciembre, un llamado especial en el contexto del pr\u00f3ximo <a href=\"https:\/\/schoenstatt.com\/es\/el-papa-proclama-la-bula-para-el-ano-santo-2025\/\">Jubileo 2025<\/a>. Por este motivo, el Santo Padre nos pide que \u201coremos para que este Jubileo nos fortalezca en la fe, nos ayude a reconocer a Cristo resucitado en medio de nuestras vidas, y nos transforme en peregrinos de la esperanza cristiana\u201d.<\/p>\n\n\n\n<h3 class=\"wp-block-heading\" id=\"h-ser-testigos-de-la-esperanza-cristiana\"><strong>Ser testigos de la \u201cesperanza cristiana\u201d<\/strong><\/h3>\n\n\n\n<p>El tema de El Video del Papa de diciembre, peregrinos y esperanza, refleja uno de los pilares fundamentales de este pontificado. Por ese motivo, Francisco invita a los fieles a ser testigos de la \u201cesperanza cristiana\u201d en un mundo donde predominan la desesperaci\u00f3n y la desconfianza. \u201cLa esperanza cristiana es un regalo de Dios que llena de alegr\u00eda nuestra vida. Y hoy la necesitamos tanto. \u00a1El mundo la necesita tanto!\u201d, se\u00f1ala en su videomensaje confiado a trav\u00e9s de la Red Mundial de Oraci\u00f3n del Papa y producido en colaboraci\u00f3n con la Fondazione Pro Rete Mondiale di Preghiera del Papa y el Dicasterio para la Evangelizaci\u00f3n.<\/p>\n\n\n\n<h3 class=\"wp-block-heading\" id=\"h-la-barca-y-el-ancla\"><strong>La barca y el ancla<\/strong><\/h3>\n\n\n\n<p>Durante el tiempo de la pandemia, durante la Statio Orbis en una plaza de San Pedro desierta, el Papa Francisco hab\u00eda utilizado la met\u00e1fora evang\u00e9lica de la barca en medio de la tormenta, para recordar la fragilidad y el desconcierto de la humanidad frente a las grandes pruebas. En cierto sentido, en la intenci\u00f3n de oraci\u00f3n de este mes, el Santo Padre nos vuelve a poner en esa barca, pero para subrayar la importancia del ancla: \u201cLa esperanza -dice, de hecho, acompa\u00f1ando sus palabras con gestos muy elocuentes- es un ancla que vos la tir\u00e1s con la cuerda y arraiga en la playa. Y nosotros tenemos que estar aferrados a la cuerda de la esperanza\u201d.<\/p>\n\n\n\n<h3 class=\"wp-block-heading\" id=\"h-el-jubileo-2025-un-llamado-a-caminar-con-esperanza\"><strong>El Jubileo 2025, un llamado a caminar con esperanza<\/strong><\/h3>\n\n\n\n<p>Precisamente el Jubileo 2025, cuyo tema es \u201cPeregrinos de la esperanza\u201d, ser\u00e1 un tiempo de celebraci\u00f3n y reflexi\u00f3n profunda. El tambi\u00e9n llamado \u201cA\u00f1o Santo\u201d no es solo una etapa en el camino de la fe, sino tambi\u00e9n un llamado a reconocer a Cristo en lo cotidiano. En su carta al pro-prefecto del Dicasterio para la Evangelizaci\u00f3n, monse\u00f1or Rino Fisichella, Francisco subray\u00f3 que la pandemia debilit\u00f3 la esperanza en la sociedad y que \u201cdebemos mantener encendida la llama de la esperanza que nos ha sido dada\u201d. En ese sentido, el Jubileo se presenta como una oportunidad para fortalecer esta esperanza y compartirla en un mundo que la necesita urgentemente.<\/p>\n\n\n\n<p><strong>Fuente:<\/strong> <a href=\"https:\/\/www.vaticannews.va\/es\/papa\/news\/2024-12\/papa-francisco-video-oracion-mes-diciembre-2024-peregrinos.html\" target=\"_blank\" rel=\"noreferrer noopener\">vaticannews.va\/es<\/a><\/p>\n","protected":false},"excerpt":{"rendered":"<p>\u201cPor los peregrinos de la esperanza\u201d es la intenci\u00f3n de oraci\u00f3n elegida por el Papa Francisco para el mes de diciembre de 2024<\/p>\n","protected":false},"author":3,"featured_media":32663,"comment_status":"closed","ping_status":"closed","sticky":false,"template":"","format":"standard","meta":{"footnotes":""},"categories":[683,800],"tags":[],"class_list":["post-42527","post","type-post","status-publish","format-standard","has-post-thumbnail","hentry","category-iglesia-es","category-papa-francisco-es"],"yoast_head":"<!-- This site is optimized with the Yoast SEO Premium plugin v27.4 (Yoast SEO v27.4) - https:\/\/yoast.com\/product\/yoast-seo-premium-wordpress\/ -->\n<title>El Papa: Que el pr\u00f3ximo Jubileo nos transforme en peregrinos de la esperanza<\/title>\n<meta name=\"description\" content=\"\u201cPor los peregrinos de la esperanza\u201d es la intenci\u00f3n de oraci\u00f3n elegida por el Papa Francisco para el mes de diciembre de 2024\" \/>\n<meta name=\"robots\" content=\"index, follow, max-snippet:-1, max-image-preview:large, max-video-preview:-1\" \/>\n<link rel=\"canonical\" href=\"https:\/\/schoenstatt.com\/es\/el-papa-que-el-proximo-jubileo-nos-transforme-en-peregrinos-de-la-esperanza\/\" \/>\n<meta property=\"og:locale\" content=\"es_ES\" \/>\n<meta property=\"og:type\" content=\"article\" \/>\n<meta property=\"og:title\" content=\"El Papa: Que el pr\u00f3ximo Jubileo nos transforme en peregrinos de la esperanza\" \/>\n<meta property=\"og:description\" content=\"\u201cPor los peregrinos de la esperanza\u201d es la intenci\u00f3n de oraci\u00f3n elegida por el Papa Francisco para el mes de diciembre de 2024\" \/>\n<meta property=\"og:url\" content=\"https:\/\/schoenstatt.com\/es\/el-papa-que-el-proximo-jubileo-nos-transforme-en-peregrinos-de-la-esperanza\/\" \/>\n<meta property=\"og:site_name\" content=\"Schoenstatt\" \/>\n<meta property=\"article:published_time\" content=\"2024-12-04T11:04:17+00:00\" \/>\n<meta property=\"article:modified_time\" content=\"2025-05-15T16:32:50+00:00\" \/>\n<meta property=\"og:image\" content=\"https:\/\/schoenstatt.com\/wp-content\/uploads\/2023\/09\/vatican-vaticano-roma-1.jpg\" \/>\n\t<meta property=\"og:image:width\" content=\"768\" \/>\n\t<meta property=\"og:image:height\" content=\"522\" \/>\n\t<meta property=\"og:image:type\" content=\"image\/jpeg\" \/>\n<meta name=\"author\" content=\"Karen Bueno\" \/>\n<meta name=\"twitter:card\" content=\"summary_large_image\" \/>\n<meta name=\"twitter:label1\" content=\"Escrito por\" \/>\n\t<meta name=\"twitter:data1\" content=\"Karen Bueno\" \/>\n\t<meta name=\"twitter:label2\" content=\"Tiempo de lectura\" \/>\n\t<meta name=\"twitter:data2\" content=\"3 minutos\" \/>\n<script type=\"application\/ld+json\" class=\"yoast-schema-graph\">{\"@context\":\"https:\\\/\\\/schema.org\",\"@graph\":[{\"@type\":\"Article\",\"@id\":\"https:\\\/\\\/schoenstatt.com\\\/es\\\/el-papa-que-el-proximo-jubileo-nos-transforme-en-peregrinos-de-la-esperanza\\\/#article\",\"isPartOf\":{\"@id\":\"https:\\\/\\\/schoenstatt.com\\\/es\\\/el-papa-que-el-proximo-jubileo-nos-transforme-en-peregrinos-de-la-esperanza\\\/\"},\"author\":{\"name\":\"Karen Bueno\",\"@id\":\"https:\\\/\\\/schoenstatt.com\\\/es\\\/#\\\/schema\\\/person\\\/5158877ad4acae98b34daaeef2a1ce6e\"},\"headline\":\"El Papa: Que el pr\u00f3ximo Jubileo nos transforme en peregrinos de la esperanza\",\"datePublished\":\"2024-12-04T11:04:17+00:00\",\"dateModified\":\"2025-05-15T16:32:50+00:00\",\"mainEntityOfPage\":{\"@id\":\"https:\\\/\\\/schoenstatt.com\\\/es\\\/el-papa-que-el-proximo-jubileo-nos-transforme-en-peregrinos-de-la-esperanza\\\/\"},\"wordCount\":466,\"publisher\":{\"@id\":\"https:\\\/\\\/schoenstatt.com\\\/es\\\/#organization\"},\"image\":{\"@id\":\"https:\\\/\\\/schoenstatt.com\\\/es\\\/el-papa-que-el-proximo-jubileo-nos-transforme-en-peregrinos-de-la-esperanza\\\/#primaryimage\"},\"thumbnailUrl\":\"https:\\\/\\\/schoenstatt.com\\\/wp-content\\\/uploads\\\/2023\\\/09\\\/vatican-vaticano-roma-1.jpg\",\"articleSection\":[\"Iglesia\",\"Papa Francisco\"],\"inLanguage\":\"es\"},{\"@type\":\"WebPage\",\"@id\":\"https:\\\/\\\/schoenstatt.com\\\/es\\\/el-papa-que-el-proximo-jubileo-nos-transforme-en-peregrinos-de-la-esperanza\\\/\",\"url\":\"https:\\\/\\\/schoenstatt.com\\\/es\\\/el-papa-que-el-proximo-jubileo-nos-transforme-en-peregrinos-de-la-esperanza\\\/\",\"name\":\"El Papa: Que el pr\u00f3ximo Jubileo nos transforme en peregrinos de la esperanza\",\"isPartOf\":{\"@id\":\"https:\\\/\\\/schoenstatt.com\\\/es\\\/#website\"},\"primaryImageOfPage\":{\"@id\":\"https:\\\/\\\/schoenstatt.com\\\/es\\\/el-papa-que-el-proximo-jubileo-nos-transforme-en-peregrinos-de-la-esperanza\\\/#primaryimage\"},\"image\":{\"@id\":\"https:\\\/\\\/schoenstatt.com\\\/es\\\/el-papa-que-el-proximo-jubileo-nos-transforme-en-peregrinos-de-la-esperanza\\\/#primaryimage\"},\"thumbnailUrl\":\"https:\\\/\\\/schoenstatt.com\\\/wp-content\\\/uploads\\\/2023\\\/09\\\/vatican-vaticano-roma-1.jpg\",\"datePublished\":\"2024-12-04T11:04:17+00:00\",\"dateModified\":\"2025-05-15T16:32:50+00:00\",\"description\":\"\u201cPor los peregrinos de la esperanza\u201d es la intenci\u00f3n de oraci\u00f3n elegida por el Papa Francisco para el mes de diciembre de 2024\",\"breadcrumb\":{\"@id\":\"https:\\\/\\\/schoenstatt.com\\\/es\\\/el-papa-que-el-proximo-jubileo-nos-transforme-en-peregrinos-de-la-esperanza\\\/#breadcrumb\"},\"inLanguage\":\"es\",\"potentialAction\":[{\"@type\":\"ReadAction\",\"target\":[\"https:\\\/\\\/schoenstatt.com\\\/es\\\/el-papa-que-el-proximo-jubileo-nos-transforme-en-peregrinos-de-la-esperanza\\\/\"]}]},{\"@type\":\"ImageObject\",\"inLanguage\":\"es\",\"@id\":\"https:\\\/\\\/schoenstatt.com\\\/es\\\/el-papa-que-el-proximo-jubileo-nos-transforme-en-peregrinos-de-la-esperanza\\\/#primaryimage\",\"url\":\"https:\\\/\\\/schoenstatt.com\\\/wp-content\\\/uploads\\\/2023\\\/09\\\/vatican-vaticano-roma-1.jpg\",\"contentUrl\":\"https:\\\/\\\/schoenstatt.com\\\/wp-content\\\/uploads\\\/2023\\\/09\\\/vatican-vaticano-roma-1.jpg\",\"width\":768,\"height\":522},{\"@type\":\"BreadcrumbList\",\"@id\":\"https:\\\/\\\/schoenstatt.com\\\/es\\\/el-papa-que-el-proximo-jubileo-nos-transforme-en-peregrinos-de-la-esperanza\\\/#breadcrumb\",\"itemListElement\":[{\"@type\":\"ListItem\",\"position\":1,\"name\":\"Portada\",\"item\":\"https:\\\/\\\/schoenstatt.com\\\/es\\\/home\\\/\"},{\"@type\":\"ListItem\",\"position\":2,\"name\":\"El Papa: Que el pr\u00f3ximo Jubileo nos transforme en peregrinos de la esperanza\"}]},{\"@type\":\"WebSite\",\"@id\":\"https:\\\/\\\/schoenstatt.com\\\/es\\\/#website\",\"url\":\"https:\\\/\\\/schoenstatt.com\\\/es\\\/\",\"name\":\"Schoenstatt\",\"description\":\"Apostolic Movement\",\"publisher\":{\"@id\":\"https:\\\/\\\/schoenstatt.com\\\/es\\\/#organization\"},\"potentialAction\":[{\"@type\":\"SearchAction\",\"target\":{\"@type\":\"EntryPoint\",\"urlTemplate\":\"https:\\\/\\\/schoenstatt.com\\\/es\\\/?s={search_term_string}\"},\"query-input\":{\"@type\":\"PropertyValueSpecification\",\"valueRequired\":true,\"valueName\":\"search_term_string\"}}],\"inLanguage\":\"es\"},{\"@type\":\"Organization\",\"@id\":\"https:\\\/\\\/schoenstatt.com\\\/es\\\/#organization\",\"name\":\"Schoenstatt\",\"url\":\"https:\\\/\\\/schoenstatt.com\\\/es\\\/\",\"logo\":{\"@type\":\"ImageObject\",\"inLanguage\":\"es\",\"@id\":\"https:\\\/\\\/schoenstatt.com\\\/es\\\/#\\\/schema\\\/logo\\\/image\\\/\",\"url\":\"https:\\\/\\\/schoenstatt.com\\\/wp-content\\\/uploads\\\/2025\\\/04\\\/logo-schoenstatt-white-696x696-1.png\",\"contentUrl\":\"https:\\\/\\\/schoenstatt.com\\\/wp-content\\\/uploads\\\/2025\\\/04\\\/logo-schoenstatt-white-696x696-1.png\",\"width\":696,\"height\":694,\"caption\":\"Schoenstatt\"},\"image\":{\"@id\":\"https:\\\/\\\/schoenstatt.com\\\/es\\\/#\\\/schema\\\/logo\\\/image\\\/\"}},{\"@type\":\"Person\",\"@id\":\"https:\\\/\\\/schoenstatt.com\\\/es\\\/#\\\/schema\\\/person\\\/5158877ad4acae98b34daaeef2a1ce6e\",\"name\":\"Karen Bueno\",\"image\":{\"@type\":\"ImageObject\",\"inLanguage\":\"es\",\"@id\":\"https:\\\/\\\/secure.gravatar.com\\\/avatar\\\/f9f4b823873154269d2b2130f195f6d41037dd0d7fc5f3cacb5c846bae70d66b?s=96&d=mm&r=g\",\"url\":\"https:\\\/\\\/secure.gravatar.com\\\/avatar\\\/f9f4b823873154269d2b2130f195f6d41037dd0d7fc5f3cacb5c846bae70d66b?s=96&d=mm&r=g\",\"contentUrl\":\"https:\\\/\\\/secure.gravatar.com\\\/avatar\\\/f9f4b823873154269d2b2130f195f6d41037dd0d7fc5f3cacb5c846bae70d66b?s=96&d=mm&r=g\",\"caption\":\"Karen Bueno\"},\"url\":\"https:\\\/\\\/schoenstatt.com\\\/es\\\/author\\\/karen-bueno\\\/\"}]}<\/script>\n<!-- \/ Yoast SEO Premium plugin. -->","yoast_head_json":{"title":"El Papa: Que el pr\u00f3ximo Jubileo nos transforme en peregrinos de la esperanza","description":"\u201cPor los peregrinos de la esperanza\u201d es la intenci\u00f3n de oraci\u00f3n elegida por el Papa Francisco para el mes de diciembre de 2024","robots":{"index":"index","follow":"follow","max-snippet":"max-snippet:-1","max-image-preview":"max-image-preview:large","max-video-preview":"max-video-preview:-1"},"canonical":"https:\/\/schoenstatt.com\/es\/el-papa-que-el-proximo-jubileo-nos-transforme-en-peregrinos-de-la-esperanza\/","og_locale":"es_ES","og_type":"article","og_title":"El Papa: Que el pr\u00f3ximo Jubileo nos transforme en peregrinos de la esperanza","og_description":"\u201cPor los peregrinos de la esperanza\u201d es la intenci\u00f3n de oraci\u00f3n elegida por el Papa Francisco para el mes de diciembre de 2024","og_url":"https:\/\/schoenstatt.com\/es\/el-papa-que-el-proximo-jubileo-nos-transforme-en-peregrinos-de-la-esperanza\/","og_site_name":"Schoenstatt","article_published_time":"2024-12-04T11:04:17+00:00","article_modified_time":"2025-05-15T16:32:50+00:00","og_image":[{"width":768,"height":522,"url":"https:\/\/schoenstatt.com\/wp-content\/uploads\/2023\/09\/vatican-vaticano-roma-1.jpg","type":"image\/jpeg"}],"author":"Karen Bueno","twitter_card":"summary_large_image","twitter_misc":{"Escrito por":"Karen Bueno","Tiempo de lectura":"3 minutos"},"schema":{"@context":"https:\/\/schema.org","@graph":[{"@type":"Article","@id":"https:\/\/schoenstatt.com\/es\/el-papa-que-el-proximo-jubileo-nos-transforme-en-peregrinos-de-la-esperanza\/#article","isPartOf":{"@id":"https:\/\/schoenstatt.com\/es\/el-papa-que-el-proximo-jubileo-nos-transforme-en-peregrinos-de-la-esperanza\/"},"author":{"name":"Karen Bueno","@id":"https:\/\/schoenstatt.com\/es\/#\/schema\/person\/5158877ad4acae98b34daaeef2a1ce6e"},"headline":"El Papa: Que el pr\u00f3ximo Jubileo nos transforme en peregrinos de la esperanza","datePublished":"2024-12-04T11:04:17+00:00","dateModified":"2025-05-15T16:32:50+00:00","mainEntityOfPage":{"@id":"https:\/\/schoenstatt.com\/es\/el-papa-que-el-proximo-jubileo-nos-transforme-en-peregrinos-de-la-esperanza\/"},"wordCount":466,"publisher":{"@id":"https:\/\/schoenstatt.com\/es\/#organization"},"image":{"@id":"https:\/\/schoenstatt.com\/es\/el-papa-que-el-proximo-jubileo-nos-transforme-en-peregrinos-de-la-esperanza\/#primaryimage"},"thumbnailUrl":"https:\/\/schoenstatt.com\/wp-content\/uploads\/2023\/09\/vatican-vaticano-roma-1.jpg","articleSection":["Iglesia","Papa Francisco"],"inLanguage":"es"},{"@type":"WebPage","@id":"https:\/\/schoenstatt.com\/es\/el-papa-que-el-proximo-jubileo-nos-transforme-en-peregrinos-de-la-esperanza\/","url":"https:\/\/schoenstatt.com\/es\/el-papa-que-el-proximo-jubileo-nos-transforme-en-peregrinos-de-la-esperanza\/","name":"El Papa: Que el pr\u00f3ximo Jubileo nos transforme en peregrinos de la esperanza","isPartOf":{"@id":"https:\/\/schoenstatt.com\/es\/#website"},"primaryImageOfPage":{"@id":"https:\/\/schoenstatt.com\/es\/el-papa-que-el-proximo-jubileo-nos-transforme-en-peregrinos-de-la-esperanza\/#primaryimage"},"image":{"@id":"https:\/\/schoenstatt.com\/es\/el-papa-que-el-proximo-jubileo-nos-transforme-en-peregrinos-de-la-esperanza\/#primaryimage"},"thumbnailUrl":"https:\/\/schoenstatt.com\/wp-content\/uploads\/2023\/09\/vatican-vaticano-roma-1.jpg","datePublished":"2024-12-04T11:04:17+00:00","dateModified":"2025-05-15T16:32:50+00:00","description":"\u201cPor los peregrinos de la esperanza\u201d es la intenci\u00f3n de oraci\u00f3n elegida por el Papa Francisco para el mes de diciembre de 2024","breadcrumb":{"@id":"https:\/\/schoenstatt.com\/es\/el-papa-que-el-proximo-jubileo-nos-transforme-en-peregrinos-de-la-esperanza\/#breadcrumb"},"inLanguage":"es","potentialAction":[{"@type":"ReadAction","target":["https:\/\/schoenstatt.com\/es\/el-papa-que-el-proximo-jubileo-nos-transforme-en-peregrinos-de-la-esperanza\/"]}]},{"@type":"ImageObject","inLanguage":"es","@id":"https:\/\/schoenstatt.com\/es\/el-papa-que-el-proximo-jubileo-nos-transforme-en-peregrinos-de-la-esperanza\/#primaryimage","url":"https:\/\/schoenstatt.com\/wp-content\/uploads\/2023\/09\/vatican-vaticano-roma-1.jpg","contentUrl":"https:\/\/schoenstatt.com\/wp-content\/uploads\/2023\/09\/vatican-vaticano-roma-1.jpg","width":768,"height":522},{"@type":"BreadcrumbList","@id":"https:\/\/schoenstatt.com\/es\/el-papa-que-el-proximo-jubileo-nos-transforme-en-peregrinos-de-la-esperanza\/#breadcrumb","itemListElement":[{"@type":"ListItem","position":1,"name":"Portada","item":"https:\/\/schoenstatt.com\/es\/home\/"},{"@type":"ListItem","position":2,"name":"El Papa: Que el pr\u00f3ximo Jubileo nos transforme en peregrinos de la esperanza"}]},{"@type":"WebSite","@id":"https:\/\/schoenstatt.com\/es\/#website","url":"https:\/\/schoenstatt.com\/es\/","name":"Schoenstatt","description":"Apostolic Movement","publisher":{"@id":"https:\/\/schoenstatt.com\/es\/#organization"},"potentialAction":[{"@type":"SearchAction","target":{"@type":"EntryPoint","urlTemplate":"https:\/\/schoenstatt.com\/es\/?s={search_term_string}"},"query-input":{"@type":"PropertyValueSpecification","valueRequired":true,"valueName":"search_term_string"}}],"inLanguage":"es"},{"@type":"Organization","@id":"https:\/\/schoenstatt.com\/es\/#organization","name":"Schoenstatt","url":"https:\/\/schoenstatt.com\/es\/","logo":{"@type":"ImageObject","inLanguage":"es","@id":"https:\/\/schoenstatt.com\/es\/#\/schema\/logo\/image\/","url":"https:\/\/schoenstatt.com\/wp-content\/uploads\/2025\/04\/logo-schoenstatt-white-696x696-1.png","contentUrl":"https:\/\/schoenstatt.com\/wp-content\/uploads\/2025\/04\/logo-schoenstatt-white-696x696-1.png","width":696,"height":694,"caption":"Schoenstatt"},"image":{"@id":"https:\/\/schoenstatt.com\/es\/#\/schema\/logo\/image\/"}},{"@type":"Person","@id":"https:\/\/schoenstatt.com\/es\/#\/schema\/person\/5158877ad4acae98b34daaeef2a1ce6e","name":"Karen Bueno","image":{"@type":"ImageObject","inLanguage":"es","@id":"https:\/\/secure.gravatar.com\/avatar\/f9f4b823873154269d2b2130f195f6d41037dd0d7fc5f3cacb5c846bae70d66b?s=96&d=mm&r=g","url":"https:\/\/secure.gravatar.com\/avatar\/f9f4b823873154269d2b2130f195f6d41037dd0d7fc5f3cacb5c846bae70d66b?s=96&d=mm&r=g","contentUrl":"https:\/\/secure.gravatar.com\/avatar\/f9f4b823873154269d2b2130f195f6d41037dd0d7fc5f3cacb5c846bae70d66b?s=96&d=mm&r=g","caption":"Karen Bueno"},"url":"https:\/\/schoenstatt.com\/es\/author\/karen-bueno\/"}]}},"_links":{"self":[{"href":"https:\/\/schoenstatt.com\/es\/wp-json\/wp\/v2\/posts\/42527","targetHints":{"allow":["GET"]}}],"collection":[{"href":"https:\/\/schoenstatt.com\/es\/wp-json\/wp\/v2\/posts"}],"about":[{"href":"https:\/\/schoenstatt.com\/es\/wp-json\/wp\/v2\/types\/post"}],"author":[{"embeddable":true,"href":"https:\/\/schoenstatt.com\/es\/wp-json\/wp\/v2\/users\/3"}],"replies":[{"embeddable":true,"href":"https:\/\/schoenstatt.com\/es\/wp-json\/wp\/v2\/comments?post=42527"}],"version-history":[{"count":1,"href":"https:\/\/schoenstatt.com\/es\/wp-json\/wp\/v2\/posts\/42527\/revisions"}],"predecessor-version":[{"id":47209,"href":"https:\/\/schoenstatt.com\/es\/wp-json\/wp\/v2\/posts\/42527\/revisions\/47209"}],"wp:featuredmedia":[{"embeddable":true,"href":"https:\/\/schoenstatt.com\/es\/wp-json\/wp\/v2\/media\/32663"}],"wp:attachment":[{"href":"https:\/\/schoenstatt.com\/es\/wp-json\/wp\/v2\/media?parent=42527"}],"wp:term":[{"taxonomy":"category","embeddable":true,"href":"https:\/\/schoenstatt.com\/es\/wp-json\/wp\/v2\/categories?post=42527"},{"taxonomy":"post_tag","embeddable":true,"href":"https:\/\/schoenstatt.com\/es\/wp-json\/wp\/v2\/tags?post=42527"}],"curies":[{"name":"wp","href":"https:\/\/api.w.org\/{rel}","templated":true}]}}