{"id":42441,"date":"2024-12-01T03:03:00","date_gmt":"2024-12-01T02:03:00","guid":{"rendered":"https:\/\/schoenstatt.com\/?p=42441"},"modified":"2025-05-15T18:37:32","modified_gmt":"2025-05-15T16:37:32","slug":"un-signo-de-esperanza-desde-el-santuario-original","status":"publish","type":"post","link":"https:\/\/schoenstatt.com\/es\/un-signo-de-esperanza-desde-el-santuario-original\/","title":{"rendered":"Un signo de esperanza, desde el Santuario Original"},"content":{"rendered":"\n<p>Desde hace m\u00e1s de diez a\u00f1os, desde el Santuario Original, con el comienzo del Adviento, se inicia la campa\u00f1a \u201cUna estrella para ti\u201d.<\/p>\n\n\n\n<p>\u00bfDe qu\u00e9 se trata la campa\u00f1a? De poder unirnos en oraci\u00f3n por todos nuestros seres queridos desde el Santuario.<\/p>\n\n\n\n<p>Se trata de poner el nombre de una persona (o varias) en la tarjeta y depositarla, presencialmente o a trav\u00e9s de las redes, en el Santuario Original. Es un regalo que podemos hacer a personas que necesitan de nuestra cercan\u00eda y oraci\u00f3n.<\/p>\n\n\n\n<p><strong>Este a\u00f1o la campa\u00f1a est\u00e1 marcada por dos elementos.<\/strong><\/p>\n\n\n\n<h2 class=\"wp-block-heading\" id=\"h-peregrinos-de-la-esperanza\"><strong>Peregrinos de la esperanza<\/strong><\/h2>\n\n\n\n<p>El primero es el comienzo del A\u00f1o Santo. El pr\u00f3ximo 24 de diciembre El Papa Francisco abrir\u00e1 la puerta santa en la Bas\u00edlica de San Pedro, en Roma. Con ello nos invita a transformarnos en \u201cperegrinos de la esperanza\u201d.<\/p>\n\n\n\n<p>Justamente, en este tiempo de Adviento queremos peregrinar al Santuario. All\u00ed es donde Mar\u00eda nos quiere regalar a su Hijo, nuestra verdadera Esperanza.<\/p>\n\n\n\n<h2 class=\"wp-block-heading\" id=\"h-todos-somos-schoenstatt\"><strong>Todos somos Schoenstatt<\/strong><\/h2>\n\n\n\n<p>El segundo elemento que acompa\u00f1a este tiempo de Adviento, y esta \u201cAcci\u00f3n de la Estrella\u201d, es la campa\u00f1a \u201cTodos somos Schoenstatt\u201d que fue lanzada el 18 de octubre pasado. \u00a1Qu\u00e9 mejor tiempo que el Adviento para poder encontrarnos y sentirnos como una sola gran Familia desde el Santuario! Poder rezar los unos por los otros.<\/p>\n\n\n\n<p>Los invito a poder rezar por todas las iniciativas que surgen en distintas Familias de Schoenstatt para esta Navidad y a buscar la manera de unirnos a alguna campa\u00f1a de ayuda u oraci\u00f3n que se realice en cada uno de nuestros Santuario o Ermitas.<\/p>\n\n\n\n<p><strong>Para saber m\u00e1s de la campa\u00f1a \u201cTodos somos Schoenstatt\u201d puedes seguir este enlace:<\/strong><\/p>\n\n\n\n<figure class=\"wp-block-image aligncenter size-full\"><a href=\"https:\/\/schoenstatt.com\/es\/todos-somos-schoenstatt\/\"><img decoding=\"async\" src=\"https:\/\/schoenstatt.com\/wp-content\/uploads\/2024\/10\/logo-todos-somos-schoenstatt.png\" alt=\"\" class=\"wp-image-41870\"\/><\/a><\/figure>\n\n\n\n<div class=\"wp-block-buttons is-content-justification-center is-layout-flex wp-container-core-buttons-is-layout-a89b3969 wp-block-buttons-is-layout-flex\">\n<div class=\"wp-block-button\"><a class=\"wp-block-button__link has-white-color has-text-color has-background has-link-color wp-element-button\" href=\"https:\/\/schoenstatt.com\/es\/todos-somos-schoenstatt\/\" style=\"border-radius:17px;background-color:#eb8100\"><strong>Todos somos Schoenstatt<\/strong><\/a><\/div>\n<\/div>\n\n\n\n<div style=\"height:29px\" aria-hidden=\"true\" class=\"wp-block-spacer\"><\/div>\n\n\n\n<p><strong>Para participar en la campa\u00f1a \u201cUna estrella para ti\u201d, basta con rellenar este formulario:<\/strong><\/p>\n\n\n<p><iframe src=\"https:\/\/urheiligtum.de\/ES\/_Estrellas.php\" width=\"100%\" height=\"500\" allowtransparency allowfullscreen style=\"border: none; min-height:600px; overflow: visible\"><\/p>\n<p><a href=\"https:\/\/santuariooriginal.org\/ES\/10-Servicio\/03-Estrellas_en_el_Santuario.php\u201c> www.santuariooriginal.org <\/a><\/p>\n<p><\/iframe><\/p>\n\n\n<p>\u00a1Peregrina al Santuario y regala una estrella a la persona que tienes en tu coraz\u00f3n!<\/p>\n","protected":false},"excerpt":{"rendered":"<p>Env\u00eda una estrella al Santuario Original con los nombres de las personas por las que quieres rezar: Una estrella para ti 2024<\/p>\n","protected":false},"author":3,"featured_media":33735,"comment_status":"closed","ping_status":"closed","sticky":false,"template":"","format":"standard","meta":{"footnotes":""},"categories":[901],"tags":[],"class_list":["post-42441","post","type-post","status-publish","format-standard","has-post-thumbnail","hentry","category-santuario-original-es"],"yoast_head":"<!-- This site is optimized with the Yoast SEO Premium plugin v27.4 (Yoast SEO v27.4) - https:\/\/yoast.com\/product\/yoast-seo-premium-wordpress\/ -->\n<title>Un signo de esperanza, desde el Santuario Original - Schoenstatt<\/title>\n<meta name=\"description\" content=\"Env\u00eda una estrella al Santuario Original con los nombres de las personas por las que quieres rezar: Una estrella para ti 2024\" \/>\n<meta name=\"robots\" content=\"index, follow, max-snippet:-1, max-image-preview:large, max-video-preview:-1\" \/>\n<link rel=\"canonical\" href=\"https:\/\/schoenstatt.com\/es\/un-signo-de-esperanza-desde-el-santuario-original\/\" \/>\n<meta property=\"og:locale\" content=\"es_ES\" \/>\n<meta property=\"og:type\" content=\"article\" \/>\n<meta property=\"og:title\" content=\"Un signo de esperanza, desde el Santuario Original\" \/>\n<meta property=\"og:description\" content=\"Env\u00eda una estrella al Santuario Original con los nombres de las personas por las que quieres rezar: Una estrella para ti 2024\" \/>\n<meta property=\"og:url\" content=\"https:\/\/schoenstatt.com\/es\/un-signo-de-esperanza-desde-el-santuario-original\/\" \/>\n<meta property=\"og:site_name\" content=\"Schoenstatt\" \/>\n<meta property=\"article:published_time\" content=\"2024-12-01T02:03:00+00:00\" \/>\n<meta property=\"article:modified_time\" content=\"2025-05-15T16:37:32+00:00\" \/>\n<meta property=\"og:image\" content=\"https:\/\/schoenstatt.com\/wp-content\/uploads\/2023\/11\/christmas-natal-Weihnachten-navidad-scaled-1.jpg\" \/>\n\t<meta property=\"og:image:width\" content=\"2048\" \/>\n\t<meta property=\"og:image:height\" content=\"1376\" \/>\n\t<meta property=\"og:image:type\" content=\"image\/jpeg\" \/>\n<meta name=\"author\" content=\"Karen Bueno\" \/>\n<meta name=\"twitter:card\" content=\"summary_large_image\" \/>\n<meta name=\"twitter:label1\" content=\"Escrito por\" \/>\n\t<meta name=\"twitter:data1\" content=\"Karen Bueno\" \/>\n\t<meta name=\"twitter:label2\" content=\"Tiempo de lectura\" \/>\n\t<meta name=\"twitter:data2\" content=\"2 minutos\" \/>\n<script type=\"application\/ld+json\" class=\"yoast-schema-graph\">{\"@context\":\"https:\\\/\\\/schema.org\",\"@graph\":[{\"@type\":\"Article\",\"@id\":\"https:\\\/\\\/schoenstatt.com\\\/es\\\/un-signo-de-esperanza-desde-el-santuario-original\\\/#article\",\"isPartOf\":{\"@id\":\"https:\\\/\\\/schoenstatt.com\\\/es\\\/un-signo-de-esperanza-desde-el-santuario-original\\\/\"},\"author\":{\"name\":\"Karen Bueno\",\"@id\":\"https:\\\/\\\/schoenstatt.com\\\/es\\\/#\\\/schema\\\/person\\\/5158877ad4acae98b34daaeef2a1ce6e\"},\"headline\":\"Un signo de esperanza, desde el Santuario Original\",\"datePublished\":\"2024-12-01T02:03:00+00:00\",\"dateModified\":\"2025-05-15T16:37:32+00:00\",\"mainEntityOfPage\":{\"@id\":\"https:\\\/\\\/schoenstatt.com\\\/es\\\/un-signo-de-esperanza-desde-el-santuario-original\\\/\"},\"wordCount\":319,\"publisher\":{\"@id\":\"https:\\\/\\\/schoenstatt.com\\\/es\\\/#organization\"},\"image\":{\"@id\":\"https:\\\/\\\/schoenstatt.com\\\/es\\\/un-signo-de-esperanza-desde-el-santuario-original\\\/#primaryimage\"},\"thumbnailUrl\":\"https:\\\/\\\/schoenstatt.com\\\/wp-content\\\/uploads\\\/2023\\\/11\\\/christmas-natal-Weihnachten-navidad-scaled-1.jpg\",\"articleSection\":[\"Santuario Original\"],\"inLanguage\":\"es\"},{\"@type\":\"WebPage\",\"@id\":\"https:\\\/\\\/schoenstatt.com\\\/es\\\/un-signo-de-esperanza-desde-el-santuario-original\\\/\",\"url\":\"https:\\\/\\\/schoenstatt.com\\\/es\\\/un-signo-de-esperanza-desde-el-santuario-original\\\/\",\"name\":\"Un signo de esperanza, desde el Santuario Original - Schoenstatt\",\"isPartOf\":{\"@id\":\"https:\\\/\\\/schoenstatt.com\\\/es\\\/#website\"},\"primaryImageOfPage\":{\"@id\":\"https:\\\/\\\/schoenstatt.com\\\/es\\\/un-signo-de-esperanza-desde-el-santuario-original\\\/#primaryimage\"},\"image\":{\"@id\":\"https:\\\/\\\/schoenstatt.com\\\/es\\\/un-signo-de-esperanza-desde-el-santuario-original\\\/#primaryimage\"},\"thumbnailUrl\":\"https:\\\/\\\/schoenstatt.com\\\/wp-content\\\/uploads\\\/2023\\\/11\\\/christmas-natal-Weihnachten-navidad-scaled-1.jpg\",\"datePublished\":\"2024-12-01T02:03:00+00:00\",\"dateModified\":\"2025-05-15T16:37:32+00:00\",\"description\":\"Env\u00eda una estrella al Santuario Original con los nombres de las personas por las que quieres rezar: Una estrella para ti 2024\",\"breadcrumb\":{\"@id\":\"https:\\\/\\\/schoenstatt.com\\\/es\\\/un-signo-de-esperanza-desde-el-santuario-original\\\/#breadcrumb\"},\"inLanguage\":\"es\",\"potentialAction\":[{\"@type\":\"ReadAction\",\"target\":[\"https:\\\/\\\/schoenstatt.com\\\/es\\\/un-signo-de-esperanza-desde-el-santuario-original\\\/\"]}]},{\"@type\":\"ImageObject\",\"inLanguage\":\"es\",\"@id\":\"https:\\\/\\\/schoenstatt.com\\\/es\\\/un-signo-de-esperanza-desde-el-santuario-original\\\/#primaryimage\",\"url\":\"https:\\\/\\\/schoenstatt.com\\\/wp-content\\\/uploads\\\/2023\\\/11\\\/christmas-natal-Weihnachten-navidad-scaled-1.jpg\",\"contentUrl\":\"https:\\\/\\\/schoenstatt.com\\\/wp-content\\\/uploads\\\/2023\\\/11\\\/christmas-natal-Weihnachten-navidad-scaled-1.jpg\",\"width\":2048,\"height\":1376},{\"@type\":\"BreadcrumbList\",\"@id\":\"https:\\\/\\\/schoenstatt.com\\\/es\\\/un-signo-de-esperanza-desde-el-santuario-original\\\/#breadcrumb\",\"itemListElement\":[{\"@type\":\"ListItem\",\"position\":1,\"name\":\"Portada\",\"item\":\"https:\\\/\\\/schoenstatt.com\\\/es\\\/home\\\/\"},{\"@type\":\"ListItem\",\"position\":2,\"name\":\"Un signo de esperanza, desde el Santuario Original\"}]},{\"@type\":\"WebSite\",\"@id\":\"https:\\\/\\\/schoenstatt.com\\\/es\\\/#website\",\"url\":\"https:\\\/\\\/schoenstatt.com\\\/es\\\/\",\"name\":\"Schoenstatt\",\"description\":\"Apostolic Movement\",\"publisher\":{\"@id\":\"https:\\\/\\\/schoenstatt.com\\\/es\\\/#organization\"},\"potentialAction\":[{\"@type\":\"SearchAction\",\"target\":{\"@type\":\"EntryPoint\",\"urlTemplate\":\"https:\\\/\\\/schoenstatt.com\\\/es\\\/?s={search_term_string}\"},\"query-input\":{\"@type\":\"PropertyValueSpecification\",\"valueRequired\":true,\"valueName\":\"search_term_string\"}}],\"inLanguage\":\"es\"},{\"@type\":\"Organization\",\"@id\":\"https:\\\/\\\/schoenstatt.com\\\/es\\\/#organization\",\"name\":\"Schoenstatt\",\"url\":\"https:\\\/\\\/schoenstatt.com\\\/es\\\/\",\"logo\":{\"@type\":\"ImageObject\",\"inLanguage\":\"es\",\"@id\":\"https:\\\/\\\/schoenstatt.com\\\/es\\\/#\\\/schema\\\/logo\\\/image\\\/\",\"url\":\"https:\\\/\\\/schoenstatt.com\\\/wp-content\\\/uploads\\\/2025\\\/04\\\/logo-schoenstatt-white-696x696-1.png\",\"contentUrl\":\"https:\\\/\\\/schoenstatt.com\\\/wp-content\\\/uploads\\\/2025\\\/04\\\/logo-schoenstatt-white-696x696-1.png\",\"width\":696,\"height\":694,\"caption\":\"Schoenstatt\"},\"image\":{\"@id\":\"https:\\\/\\\/schoenstatt.com\\\/es\\\/#\\\/schema\\\/logo\\\/image\\\/\"}},{\"@type\":\"Person\",\"@id\":\"https:\\\/\\\/schoenstatt.com\\\/es\\\/#\\\/schema\\\/person\\\/5158877ad4acae98b34daaeef2a1ce6e\",\"name\":\"Karen Bueno\",\"image\":{\"@type\":\"ImageObject\",\"inLanguage\":\"es\",\"@id\":\"https:\\\/\\\/secure.gravatar.com\\\/avatar\\\/f9f4b823873154269d2b2130f195f6d41037dd0d7fc5f3cacb5c846bae70d66b?s=96&d=mm&r=g\",\"url\":\"https:\\\/\\\/secure.gravatar.com\\\/avatar\\\/f9f4b823873154269d2b2130f195f6d41037dd0d7fc5f3cacb5c846bae70d66b?s=96&d=mm&r=g\",\"contentUrl\":\"https:\\\/\\\/secure.gravatar.com\\\/avatar\\\/f9f4b823873154269d2b2130f195f6d41037dd0d7fc5f3cacb5c846bae70d66b?s=96&d=mm&r=g\",\"caption\":\"Karen Bueno\"},\"url\":\"https:\\\/\\\/schoenstatt.com\\\/es\\\/author\\\/karen-bueno\\\/\"}]}<\/script>\n<!-- \/ Yoast SEO Premium plugin. -->","yoast_head_json":{"title":"Un signo de esperanza, desde el Santuario Original - Schoenstatt","description":"Env\u00eda una estrella al Santuario Original con los nombres de las personas por las que quieres rezar: Una estrella para ti 2024","robots":{"index":"index","follow":"follow","max-snippet":"max-snippet:-1","max-image-preview":"max-image-preview:large","max-video-preview":"max-video-preview:-1"},"canonical":"https:\/\/schoenstatt.com\/es\/un-signo-de-esperanza-desde-el-santuario-original\/","og_locale":"es_ES","og_type":"article","og_title":"Un signo de esperanza, desde el Santuario Original","og_description":"Env\u00eda una estrella al Santuario Original con los nombres de las personas por las que quieres rezar: Una estrella para ti 2024","og_url":"https:\/\/schoenstatt.com\/es\/un-signo-de-esperanza-desde-el-santuario-original\/","og_site_name":"Schoenstatt","article_published_time":"2024-12-01T02:03:00+00:00","article_modified_time":"2025-05-15T16:37:32+00:00","og_image":[{"width":2048,"height":1376,"url":"https:\/\/schoenstatt.com\/wp-content\/uploads\/2023\/11\/christmas-natal-Weihnachten-navidad-scaled-1.jpg","type":"image\/jpeg"}],"author":"Karen Bueno","twitter_card":"summary_large_image","twitter_misc":{"Escrito por":"Karen Bueno","Tiempo de lectura":"2 minutos"},"schema":{"@context":"https:\/\/schema.org","@graph":[{"@type":"Article","@id":"https:\/\/schoenstatt.com\/es\/un-signo-de-esperanza-desde-el-santuario-original\/#article","isPartOf":{"@id":"https:\/\/schoenstatt.com\/es\/un-signo-de-esperanza-desde-el-santuario-original\/"},"author":{"name":"Karen Bueno","@id":"https:\/\/schoenstatt.com\/es\/#\/schema\/person\/5158877ad4acae98b34daaeef2a1ce6e"},"headline":"Un signo de esperanza, desde el Santuario Original","datePublished":"2024-12-01T02:03:00+00:00","dateModified":"2025-05-15T16:37:32+00:00","mainEntityOfPage":{"@id":"https:\/\/schoenstatt.com\/es\/un-signo-de-esperanza-desde-el-santuario-original\/"},"wordCount":319,"publisher":{"@id":"https:\/\/schoenstatt.com\/es\/#organization"},"image":{"@id":"https:\/\/schoenstatt.com\/es\/un-signo-de-esperanza-desde-el-santuario-original\/#primaryimage"},"thumbnailUrl":"https:\/\/schoenstatt.com\/wp-content\/uploads\/2023\/11\/christmas-natal-Weihnachten-navidad-scaled-1.jpg","articleSection":["Santuario Original"],"inLanguage":"es"},{"@type":"WebPage","@id":"https:\/\/schoenstatt.com\/es\/un-signo-de-esperanza-desde-el-santuario-original\/","url":"https:\/\/schoenstatt.com\/es\/un-signo-de-esperanza-desde-el-santuario-original\/","name":"Un signo de esperanza, desde el Santuario Original - Schoenstatt","isPartOf":{"@id":"https:\/\/schoenstatt.com\/es\/#website"},"primaryImageOfPage":{"@id":"https:\/\/schoenstatt.com\/es\/un-signo-de-esperanza-desde-el-santuario-original\/#primaryimage"},"image":{"@id":"https:\/\/schoenstatt.com\/es\/un-signo-de-esperanza-desde-el-santuario-original\/#primaryimage"},"thumbnailUrl":"https:\/\/schoenstatt.com\/wp-content\/uploads\/2023\/11\/christmas-natal-Weihnachten-navidad-scaled-1.jpg","datePublished":"2024-12-01T02:03:00+00:00","dateModified":"2025-05-15T16:37:32+00:00","description":"Env\u00eda una estrella al Santuario Original con los nombres de las personas por las que quieres rezar: Una estrella para ti 2024","breadcrumb":{"@id":"https:\/\/schoenstatt.com\/es\/un-signo-de-esperanza-desde-el-santuario-original\/#breadcrumb"},"inLanguage":"es","potentialAction":[{"@type":"ReadAction","target":["https:\/\/schoenstatt.com\/es\/un-signo-de-esperanza-desde-el-santuario-original\/"]}]},{"@type":"ImageObject","inLanguage":"es","@id":"https:\/\/schoenstatt.com\/es\/un-signo-de-esperanza-desde-el-santuario-original\/#primaryimage","url":"https:\/\/schoenstatt.com\/wp-content\/uploads\/2023\/11\/christmas-natal-Weihnachten-navidad-scaled-1.jpg","contentUrl":"https:\/\/schoenstatt.com\/wp-content\/uploads\/2023\/11\/christmas-natal-Weihnachten-navidad-scaled-1.jpg","width":2048,"height":1376},{"@type":"BreadcrumbList","@id":"https:\/\/schoenstatt.com\/es\/un-signo-de-esperanza-desde-el-santuario-original\/#breadcrumb","itemListElement":[{"@type":"ListItem","position":1,"name":"Portada","item":"https:\/\/schoenstatt.com\/es\/home\/"},{"@type":"ListItem","position":2,"name":"Un signo de esperanza, desde el Santuario Original"}]},{"@type":"WebSite","@id":"https:\/\/schoenstatt.com\/es\/#website","url":"https:\/\/schoenstatt.com\/es\/","name":"Schoenstatt","description":"Apostolic Movement","publisher":{"@id":"https:\/\/schoenstatt.com\/es\/#organization"},"potentialAction":[{"@type":"SearchAction","target":{"@type":"EntryPoint","urlTemplate":"https:\/\/schoenstatt.com\/es\/?s={search_term_string}"},"query-input":{"@type":"PropertyValueSpecification","valueRequired":true,"valueName":"search_term_string"}}],"inLanguage":"es"},{"@type":"Organization","@id":"https:\/\/schoenstatt.com\/es\/#organization","name":"Schoenstatt","url":"https:\/\/schoenstatt.com\/es\/","logo":{"@type":"ImageObject","inLanguage":"es","@id":"https:\/\/schoenstatt.com\/es\/#\/schema\/logo\/image\/","url":"https:\/\/schoenstatt.com\/wp-content\/uploads\/2025\/04\/logo-schoenstatt-white-696x696-1.png","contentUrl":"https:\/\/schoenstatt.com\/wp-content\/uploads\/2025\/04\/logo-schoenstatt-white-696x696-1.png","width":696,"height":694,"caption":"Schoenstatt"},"image":{"@id":"https:\/\/schoenstatt.com\/es\/#\/schema\/logo\/image\/"}},{"@type":"Person","@id":"https:\/\/schoenstatt.com\/es\/#\/schema\/person\/5158877ad4acae98b34daaeef2a1ce6e","name":"Karen Bueno","image":{"@type":"ImageObject","inLanguage":"es","@id":"https:\/\/secure.gravatar.com\/avatar\/f9f4b823873154269d2b2130f195f6d41037dd0d7fc5f3cacb5c846bae70d66b?s=96&d=mm&r=g","url":"https:\/\/secure.gravatar.com\/avatar\/f9f4b823873154269d2b2130f195f6d41037dd0d7fc5f3cacb5c846bae70d66b?s=96&d=mm&r=g","contentUrl":"https:\/\/secure.gravatar.com\/avatar\/f9f4b823873154269d2b2130f195f6d41037dd0d7fc5f3cacb5c846bae70d66b?s=96&d=mm&r=g","caption":"Karen Bueno"},"url":"https:\/\/schoenstatt.com\/es\/author\/karen-bueno\/"}]}},"_links":{"self":[{"href":"https:\/\/schoenstatt.com\/es\/wp-json\/wp\/v2\/posts\/42441","targetHints":{"allow":["GET"]}}],"collection":[{"href":"https:\/\/schoenstatt.com\/es\/wp-json\/wp\/v2\/posts"}],"about":[{"href":"https:\/\/schoenstatt.com\/es\/wp-json\/wp\/v2\/types\/post"}],"author":[{"embeddable":true,"href":"https:\/\/schoenstatt.com\/es\/wp-json\/wp\/v2\/users\/3"}],"replies":[{"embeddable":true,"href":"https:\/\/schoenstatt.com\/es\/wp-json\/wp\/v2\/comments?post=42441"}],"version-history":[{"count":1,"href":"https:\/\/schoenstatt.com\/es\/wp-json\/wp\/v2\/posts\/42441\/revisions"}],"predecessor-version":[{"id":47188,"href":"https:\/\/schoenstatt.com\/es\/wp-json\/wp\/v2\/posts\/42441\/revisions\/47188"}],"wp:featuredmedia":[{"embeddable":true,"href":"https:\/\/schoenstatt.com\/es\/wp-json\/wp\/v2\/media\/33735"}],"wp:attachment":[{"href":"https:\/\/schoenstatt.com\/es\/wp-json\/wp\/v2\/media?parent=42441"}],"wp:term":[{"taxonomy":"category","embeddable":true,"href":"https:\/\/schoenstatt.com\/es\/wp-json\/wp\/v2\/categories?post=42441"},{"taxonomy":"post_tag","embeddable":true,"href":"https:\/\/schoenstatt.com\/es\/wp-json\/wp\/v2\/tags?post=42441"}],"curies":[{"name":"wp","href":"https:\/\/api.w.org\/{rel}","templated":true}]}}