{"id":42123,"date":"2024-10-29T03:03:00","date_gmt":"2024-10-29T02:03:00","guid":{"rendered":"https:\/\/schoenstatt.com\/?p=42123"},"modified":"2025-04-18T21:26:26","modified_gmt":"2025-04-18T19:26:26","slug":"australia-la-santisima-virgen-de-nuevo-coronada-como-victoriosa","status":"publish","type":"post","link":"https:\/\/schoenstatt.com\/es\/australia-la-santisima-virgen-de-nuevo-coronada-como-victoriosa\/","title":{"rendered":"Australia: La Sant\u00edsima Virgen de nuevo coronada como \u00abVictoriosa\u00bb"},"content":{"rendered":"\n<p>El 20 de octubre de 2024 fue un d\u00eda de celebraci\u00f3n en el Monte Schoenstatt, Mulgoa (<a href=\"https:\/\/schoenstatt.org.au\/\" target=\"_blank\" rel=\"noreferrer noopener\">Australia<\/a>). No solo se cumpl\u00edan 110 a\u00f1os de la fundaci\u00f3n de Schoenstatt, sino tambi\u00e9n exactamente 50 a\u00f1os desde que la Familia de Schoenstatt coron\u00f3 a la Sant\u00edsima Virgen como Madre, Reina y Victoriosa de Schoenstatt en el reci\u00e9n terminado Centro del Movimiento junto al Santuario.<\/p>\n\n\n\n<p>La celebraci\u00f3n de 2024 fue una verdadera fiesta familiar. El preprograma incluy\u00f3 informaci\u00f3n sobre la fundaci\u00f3n de Schoenstatt y testimonios sobre lo que la Alianza de Amor, el carisma particular de Schoenstatt, significa para varios miembros del Movimiento de Schoenstatt. Mientras esto ten\u00eda lugar, hubo oportunidad para confesarse. Se anim\u00f3 a los participantes a escribir sus ofrendas de amor a la Mater junto con sus peticiones y depositarlas en la tinaja que ocupaba un lugar central debajo de nuestra Madre Tres Veces Admirable, junto con la corona que volver\u00edamos a ofrecer durante el programa de la tarde.<\/p>\n\n\n\n<figure class=\"wp-block-image aligncenter size-full\"><img decoding=\"async\" src=\"https:\/\/schoenstatt.com\/wp-content\/uploads\/2024\/10\/australia-3.jpg\" alt=\"\" class=\"wp-image-42064\"\/><\/figure>\n\n\n\n<h3 class=\"wp-block-heading\" id=\"h-dando-gracias-a-dios\"><strong>Dando gracias a Dios<\/strong><\/h3>\n\n\n\n<p>La misa festiva comenz\u00f3 con una procesi\u00f3n de banderas que representaban a 24 pa\u00edses y el alegre himno de entrada: \u00abMi esp\u00edritu se alegr\u00f3 cuando me dijeron: Vamos a la casa del Se\u00f1or\u00bb. Concelebraron dos sacerdotes, ambos pertenecientes a \u00f3rdenes diferentes (dominicos y somascos), pero que han sellado la Alianza de Amor de Schoenstatt.<\/p>\n\n\n\n<p>Durante la homil\u00eda, el P. Pawel Barszcsewski OP llev\u00f3 a m\u00e1s de 400 peregrinos y miembros de Schoenstatt a comprender el regalo de la <a href=\"https:\/\/schoenstatt.com\/es\/nuestra-espiritualidad\/alianza-de-amor\/\">Alianza de Amor<\/a> y la importancia del Santuario de Schoenstatt. Anim\u00f3 a los oyentes a no tener miedo de ofrecerse a la Sant\u00edsima Virgen, ya que ella es quien puede conducirlos r\u00e1pida y seguramente a Jes\u00fas y al Padre celestial. Se\u00f1al\u00f3 la coronaci\u00f3n que se renovar\u00eda por la tarde y nos encomend\u00f3 a todos al cuidado de nuestra Madre, Reina y Victoriosa.<\/p>\n\n\n\n<p>Despu\u00e9s de la Santa Misa, fuimos en procesi\u00f3n al Santuario donde renovamos la Alianza de Amor y se envi\u00f3 una nueva imagen de la Virgen Peregrina y un coordinador.<\/p>\n\n\n\n<h3 class=\"wp-block-heading\" id=\"h-diversion-para-todos\"><strong>Diversi\u00f3n para todos<\/strong><\/h3>\n\n\n\n<p>Durante la pausa del almuerzo se organizaron numerosas actividades para las familias. Aparte de las diversas opciones de comida, los ni\u00f1os se divirtieron mucho con un castillo inflable, pintura de caras, palomitas de ma\u00edz y la posibilidad de hacer una planta, mientras que los adultos pudieron aprender m\u00e1s sobre Schoenstatt en el puesto de informaci\u00f3n, curiosear en el Centro de Peregrinos con su tienda de art\u00edculos religiosos o comprar plantas para ayudar a recaudar fondos para nuestra misi\u00f3n en Filipinas.<\/p>\n\n\n\n<h3 class=\"wp-block-heading\" id=\"h-la-virgen-maria-recibe-de-nuevo-la-corona\">La Virgen Mar\u00eda recibe de nuevo la corona<\/h3>\n\n\n\n<p>El momento culminante del d\u00eda fue la re-coronaci\u00f3n vespertina de la Madre, Reina y Victoriosa Tres Veces Admirable de Schoenstatt en la entrada de la Casa Jos\u00e9 Kentenich. Esta celebraci\u00f3n comenz\u00f3 con oraciones y la bendici\u00f3n en el Santuario, una pausa en la estatua del padre Jos\u00e9 Kentenich, donde rezamos y prometimos nuevamente nuestra lealtad a nuestro padre y fundador, y finalmente la solemne renovaci\u00f3n de la coronaci\u00f3n de nuestra Madre Tres Veces Admirable en el centro del movimiento.<\/p>\n\n\n\n<figure class=\"wp-block-gallery has-nested-images columns-default is-cropped wp-block-gallery-1 is-layout-flex wp-block-gallery-is-layout-flex\">\n<figure class=\"wp-block-image size-full\"><img decoding=\"async\" data-id=\"42068\" src=\"https:\/\/schoenstatt.com\/wp-content\/uploads\/2024\/10\/australia-2.jpg\" alt=\"\" class=\"wp-image-42068\"\/><\/figure>\n\n\n\n<figure class=\"wp-block-image size-large\"><img decoding=\"async\" data-id=\"42069\" src=\"https:\/\/schoenstatt.com\/wp-content\/uploads\/2024\/10\/australia.jpg\" alt=\"\" class=\"wp-image-42069\"\/><\/figure>\n<\/figure>\n\n\n\n<p>Mientras el P. Pawel Barszcsewski OP coronaba solemnemente a nuestra MTA, aproximadamente 150 miembros de Schoenstatt y peregrinos rezaron juntos la oraci\u00f3n de coronaci\u00f3n. En agradecido recuerdo del evento de hace 50 a\u00f1os, los representantes de las distintas ramas compartieron el regalo que hab\u00edan ofrecido a la Sant\u00edsima Virgen Mar\u00eda en 1974. Cada rama rez\u00f3 la oraci\u00f3n que hab\u00edan ofrecido a Mar\u00eda ese d\u00eda.<\/p>\n\n\n\n<p>Fue una gran alegr\u00eda que una decena de miembros de Schoenstatt que hab\u00edan estado presentes en 1974 pudieran estar de nuevo en la celebraci\u00f3n y recordaran con alegr\u00eda el acontecimiento de hace 50 a\u00f1os.<\/p>\n\n\n\n<p>Las celebraciones de este d\u00eda no habr\u00edan sido posibles sin el gran equipo de voluntarios que ayudaron a organizar, montar y dirigir las actividades del d\u00eda, as\u00ed como sin los numerosos benefactores que apoyaron econ\u00f3micamente este evento.<\/p>\n\n\n\n<p>Confiamos en que nuestra Madre Tres Veces Admirable se muestre verdaderamente victoriosa en todas las preocupaciones e inquietudes actuales de la sociedad y de la Iglesia, pero en particular en las cuestiones relativas a la manera en que queremos llevar Schoenstatt a nuestra Iglesia local y a los numerosos visitantes de nuestro Santuario.<\/p>\n\n\n\n<p><strong>Traducci\u00f3n:<\/strong> Hna. M. Lourdes Mac\u00edas<\/p>\n","protected":false},"excerpt":{"rendered":"<p>La Familia de Schoenstatt de Mulgoa, Australia, coron\u00f3 a la MTA como la Victoriosa, renovando su confianza en Mar\u00eda, Madre de Dios.<\/p>\n","protected":false},"author":3,"featured_media":42073,"comment_status":"closed","ping_status":"closed","sticky":false,"template":"","format":"standard","meta":{"footnotes":""},"categories":[505],"tags":[],"class_list":["post-42123","post","type-post","status-publish","format-standard","has-post-thumbnail","hentry","category-oceania-es"],"yoast_head":"<!-- This site is optimized with the Yoast SEO Premium plugin v27.4 (Yoast SEO v27.4) - https:\/\/yoast.com\/product\/yoast-seo-premium-wordpress\/ -->\n<title>Australia: La Sant\u00edsima Virgen de nuevo coronada como &quot;Victoriosa&quot;<\/title>\n<meta name=\"description\" content=\"La Familia de Schoenstatt de Mulgoa, Australia, coron\u00f3 a la MTA como la Victoriosa, renovando su confianza en Mar\u00eda, Madre de Dios.\" \/>\n<meta name=\"robots\" content=\"index, follow, max-snippet:-1, max-image-preview:large, max-video-preview:-1\" \/>\n<link rel=\"canonical\" href=\"https:\/\/schoenstatt.com\/es\/australia-la-santisima-virgen-de-nuevo-coronada-como-victoriosa\/\" \/>\n<meta property=\"og:locale\" content=\"es_ES\" \/>\n<meta property=\"og:type\" content=\"article\" \/>\n<meta property=\"og:title\" content=\"Australia: La Sant\u00edsima Virgen de nuevo coronada como &quot;Victoriosa&quot;\" \/>\n<meta property=\"og:description\" content=\"La Familia de Schoenstatt de Mulgoa, Australia, coron\u00f3 a la MTA como la Victoriosa, renovando su confianza en Mar\u00eda, Madre de Dios.\" \/>\n<meta property=\"og:url\" content=\"https:\/\/schoenstatt.com\/es\/australia-la-santisima-virgen-de-nuevo-coronada-como-victoriosa\/\" \/>\n<meta property=\"og:site_name\" content=\"Schoenstatt\" \/>\n<meta property=\"article:published_time\" content=\"2024-10-29T02:03:00+00:00\" \/>\n<meta property=\"article:modified_time\" content=\"2025-04-18T19:26:26+00:00\" \/>\n<meta property=\"og:image\" content=\"https:\/\/schoenstatt.com\/wp-content\/uploads\/2024\/10\/mulgoa-australia-1.jpg\" \/>\n\t<meta property=\"og:image:width\" content=\"1634\" \/>\n\t<meta property=\"og:image:height\" content=\"1226\" \/>\n\t<meta property=\"og:image:type\" content=\"image\/jpeg\" \/>\n<meta name=\"author\" content=\"Karen Bueno\" \/>\n<meta name=\"twitter:card\" content=\"summary_large_image\" \/>\n<meta name=\"twitter:label1\" content=\"Escrito por\" \/>\n\t<meta name=\"twitter:data1\" content=\"Karen Bueno\" \/>\n\t<meta name=\"twitter:label2\" content=\"Tiempo de lectura\" \/>\n\t<meta name=\"twitter:data2\" content=\"4 minutos\" \/>\n<script type=\"application\/ld+json\" class=\"yoast-schema-graph\">{\"@context\":\"https:\\\/\\\/schema.org\",\"@graph\":[{\"@type\":\"Article\",\"@id\":\"https:\\\/\\\/schoenstatt.com\\\/es\\\/australia-la-santisima-virgen-de-nuevo-coronada-como-victoriosa\\\/#article\",\"isPartOf\":{\"@id\":\"https:\\\/\\\/schoenstatt.com\\\/es\\\/australia-la-santisima-virgen-de-nuevo-coronada-como-victoriosa\\\/\"},\"author\":{\"name\":\"Karen Bueno\",\"@id\":\"https:\\\/\\\/schoenstatt.com\\\/es\\\/#\\\/schema\\\/person\\\/5158877ad4acae98b34daaeef2a1ce6e\"},\"headline\":\"Australia: La Sant\u00edsima Virgen de nuevo coronada como \u00abVictoriosa\u00bb\",\"datePublished\":\"2024-10-29T02:03:00+00:00\",\"dateModified\":\"2025-04-18T19:26:26+00:00\",\"mainEntityOfPage\":{\"@id\":\"https:\\\/\\\/schoenstatt.com\\\/es\\\/australia-la-santisima-virgen-de-nuevo-coronada-como-victoriosa\\\/\"},\"wordCount\":755,\"publisher\":{\"@id\":\"https:\\\/\\\/schoenstatt.com\\\/es\\\/#organization\"},\"image\":{\"@id\":\"https:\\\/\\\/schoenstatt.com\\\/es\\\/australia-la-santisima-virgen-de-nuevo-coronada-como-victoriosa\\\/#primaryimage\"},\"thumbnailUrl\":\"https:\\\/\\\/schoenstatt.com\\\/wp-content\\\/uploads\\\/2024\\\/10\\\/mulgoa-australia-1.jpg\",\"articleSection\":[\"Ocean\u00eda\"],\"inLanguage\":\"es\"},{\"@type\":\"WebPage\",\"@id\":\"https:\\\/\\\/schoenstatt.com\\\/es\\\/australia-la-santisima-virgen-de-nuevo-coronada-como-victoriosa\\\/\",\"url\":\"https:\\\/\\\/schoenstatt.com\\\/es\\\/australia-la-santisima-virgen-de-nuevo-coronada-como-victoriosa\\\/\",\"name\":\"Australia: La Sant\u00edsima Virgen de nuevo coronada como \\\"Victoriosa\\\"\",\"isPartOf\":{\"@id\":\"https:\\\/\\\/schoenstatt.com\\\/es\\\/#website\"},\"primaryImageOfPage\":{\"@id\":\"https:\\\/\\\/schoenstatt.com\\\/es\\\/australia-la-santisima-virgen-de-nuevo-coronada-como-victoriosa\\\/#primaryimage\"},\"image\":{\"@id\":\"https:\\\/\\\/schoenstatt.com\\\/es\\\/australia-la-santisima-virgen-de-nuevo-coronada-como-victoriosa\\\/#primaryimage\"},\"thumbnailUrl\":\"https:\\\/\\\/schoenstatt.com\\\/wp-content\\\/uploads\\\/2024\\\/10\\\/mulgoa-australia-1.jpg\",\"datePublished\":\"2024-10-29T02:03:00+00:00\",\"dateModified\":\"2025-04-18T19:26:26+00:00\",\"description\":\"La Familia de Schoenstatt de Mulgoa, Australia, coron\u00f3 a la MTA como la Victoriosa, renovando su confianza en Mar\u00eda, Madre de Dios.\",\"breadcrumb\":{\"@id\":\"https:\\\/\\\/schoenstatt.com\\\/es\\\/australia-la-santisima-virgen-de-nuevo-coronada-como-victoriosa\\\/#breadcrumb\"},\"inLanguage\":\"es\",\"potentialAction\":[{\"@type\":\"ReadAction\",\"target\":[\"https:\\\/\\\/schoenstatt.com\\\/es\\\/australia-la-santisima-virgen-de-nuevo-coronada-como-victoriosa\\\/\"]}]},{\"@type\":\"ImageObject\",\"inLanguage\":\"es\",\"@id\":\"https:\\\/\\\/schoenstatt.com\\\/es\\\/australia-la-santisima-virgen-de-nuevo-coronada-como-victoriosa\\\/#primaryimage\",\"url\":\"https:\\\/\\\/schoenstatt.com\\\/wp-content\\\/uploads\\\/2024\\\/10\\\/mulgoa-australia-1.jpg\",\"contentUrl\":\"https:\\\/\\\/schoenstatt.com\\\/wp-content\\\/uploads\\\/2024\\\/10\\\/mulgoa-australia-1.jpg\",\"width\":1634,\"height\":1226},{\"@type\":\"BreadcrumbList\",\"@id\":\"https:\\\/\\\/schoenstatt.com\\\/es\\\/australia-la-santisima-virgen-de-nuevo-coronada-como-victoriosa\\\/#breadcrumb\",\"itemListElement\":[{\"@type\":\"ListItem\",\"position\":1,\"name\":\"Portada\",\"item\":\"https:\\\/\\\/schoenstatt.com\\\/es\\\/home\\\/\"},{\"@type\":\"ListItem\",\"position\":2,\"name\":\"Australia: La Sant\u00edsima Virgen de nuevo coronada como \u00abVictoriosa\u00bb\"}]},{\"@type\":\"WebSite\",\"@id\":\"https:\\\/\\\/schoenstatt.com\\\/es\\\/#website\",\"url\":\"https:\\\/\\\/schoenstatt.com\\\/es\\\/\",\"name\":\"Schoenstatt\",\"description\":\"Apostolic Movement\",\"publisher\":{\"@id\":\"https:\\\/\\\/schoenstatt.com\\\/es\\\/#organization\"},\"potentialAction\":[{\"@type\":\"SearchAction\",\"target\":{\"@type\":\"EntryPoint\",\"urlTemplate\":\"https:\\\/\\\/schoenstatt.com\\\/es\\\/?s={search_term_string}\"},\"query-input\":{\"@type\":\"PropertyValueSpecification\",\"valueRequired\":true,\"valueName\":\"search_term_string\"}}],\"inLanguage\":\"es\"},{\"@type\":\"Organization\",\"@id\":\"https:\\\/\\\/schoenstatt.com\\\/es\\\/#organization\",\"name\":\"Schoenstatt\",\"url\":\"https:\\\/\\\/schoenstatt.com\\\/es\\\/\",\"logo\":{\"@type\":\"ImageObject\",\"inLanguage\":\"es\",\"@id\":\"https:\\\/\\\/schoenstatt.com\\\/es\\\/#\\\/schema\\\/logo\\\/image\\\/\",\"url\":\"https:\\\/\\\/schoenstatt.com\\\/wp-content\\\/uploads\\\/2025\\\/04\\\/logo-schoenstatt-white-696x696-1.png\",\"contentUrl\":\"https:\\\/\\\/schoenstatt.com\\\/wp-content\\\/uploads\\\/2025\\\/04\\\/logo-schoenstatt-white-696x696-1.png\",\"width\":696,\"height\":694,\"caption\":\"Schoenstatt\"},\"image\":{\"@id\":\"https:\\\/\\\/schoenstatt.com\\\/es\\\/#\\\/schema\\\/logo\\\/image\\\/\"}},{\"@type\":\"Person\",\"@id\":\"https:\\\/\\\/schoenstatt.com\\\/es\\\/#\\\/schema\\\/person\\\/5158877ad4acae98b34daaeef2a1ce6e\",\"name\":\"Karen Bueno\",\"image\":{\"@type\":\"ImageObject\",\"inLanguage\":\"es\",\"@id\":\"https:\\\/\\\/secure.gravatar.com\\\/avatar\\\/f9f4b823873154269d2b2130f195f6d41037dd0d7fc5f3cacb5c846bae70d66b?s=96&d=mm&r=g\",\"url\":\"https:\\\/\\\/secure.gravatar.com\\\/avatar\\\/f9f4b823873154269d2b2130f195f6d41037dd0d7fc5f3cacb5c846bae70d66b?s=96&d=mm&r=g\",\"contentUrl\":\"https:\\\/\\\/secure.gravatar.com\\\/avatar\\\/f9f4b823873154269d2b2130f195f6d41037dd0d7fc5f3cacb5c846bae70d66b?s=96&d=mm&r=g\",\"caption\":\"Karen Bueno\"},\"url\":\"https:\\\/\\\/schoenstatt.com\\\/es\\\/author\\\/karen-bueno\\\/\"}]}<\/script>\n<!-- \/ Yoast SEO Premium plugin. -->","yoast_head_json":{"title":"Australia: La Sant\u00edsima Virgen de nuevo coronada como \"Victoriosa\"","description":"La Familia de Schoenstatt de Mulgoa, Australia, coron\u00f3 a la MTA como la Victoriosa, renovando su confianza en Mar\u00eda, Madre de Dios.","robots":{"index":"index","follow":"follow","max-snippet":"max-snippet:-1","max-image-preview":"max-image-preview:large","max-video-preview":"max-video-preview:-1"},"canonical":"https:\/\/schoenstatt.com\/es\/australia-la-santisima-virgen-de-nuevo-coronada-como-victoriosa\/","og_locale":"es_ES","og_type":"article","og_title":"Australia: La Sant\u00edsima Virgen de nuevo coronada como \"Victoriosa\"","og_description":"La Familia de Schoenstatt de Mulgoa, Australia, coron\u00f3 a la MTA como la Victoriosa, renovando su confianza en Mar\u00eda, Madre de Dios.","og_url":"https:\/\/schoenstatt.com\/es\/australia-la-santisima-virgen-de-nuevo-coronada-como-victoriosa\/","og_site_name":"Schoenstatt","article_published_time":"2024-10-29T02:03:00+00:00","article_modified_time":"2025-04-18T19:26:26+00:00","og_image":[{"width":1634,"height":1226,"url":"https:\/\/schoenstatt.com\/wp-content\/uploads\/2024\/10\/mulgoa-australia-1.jpg","type":"image\/jpeg"}],"author":"Karen Bueno","twitter_card":"summary_large_image","twitter_misc":{"Escrito por":"Karen Bueno","Tiempo de lectura":"4 minutos"},"schema":{"@context":"https:\/\/schema.org","@graph":[{"@type":"Article","@id":"https:\/\/schoenstatt.com\/es\/australia-la-santisima-virgen-de-nuevo-coronada-como-victoriosa\/#article","isPartOf":{"@id":"https:\/\/schoenstatt.com\/es\/australia-la-santisima-virgen-de-nuevo-coronada-como-victoriosa\/"},"author":{"name":"Karen Bueno","@id":"https:\/\/schoenstatt.com\/es\/#\/schema\/person\/5158877ad4acae98b34daaeef2a1ce6e"},"headline":"Australia: La Sant\u00edsima Virgen de nuevo coronada como \u00abVictoriosa\u00bb","datePublished":"2024-10-29T02:03:00+00:00","dateModified":"2025-04-18T19:26:26+00:00","mainEntityOfPage":{"@id":"https:\/\/schoenstatt.com\/es\/australia-la-santisima-virgen-de-nuevo-coronada-como-victoriosa\/"},"wordCount":755,"publisher":{"@id":"https:\/\/schoenstatt.com\/es\/#organization"},"image":{"@id":"https:\/\/schoenstatt.com\/es\/australia-la-santisima-virgen-de-nuevo-coronada-como-victoriosa\/#primaryimage"},"thumbnailUrl":"https:\/\/schoenstatt.com\/wp-content\/uploads\/2024\/10\/mulgoa-australia-1.jpg","articleSection":["Ocean\u00eda"],"inLanguage":"es"},{"@type":"WebPage","@id":"https:\/\/schoenstatt.com\/es\/australia-la-santisima-virgen-de-nuevo-coronada-como-victoriosa\/","url":"https:\/\/schoenstatt.com\/es\/australia-la-santisima-virgen-de-nuevo-coronada-como-victoriosa\/","name":"Australia: La Sant\u00edsima Virgen de nuevo coronada como \"Victoriosa\"","isPartOf":{"@id":"https:\/\/schoenstatt.com\/es\/#website"},"primaryImageOfPage":{"@id":"https:\/\/schoenstatt.com\/es\/australia-la-santisima-virgen-de-nuevo-coronada-como-victoriosa\/#primaryimage"},"image":{"@id":"https:\/\/schoenstatt.com\/es\/australia-la-santisima-virgen-de-nuevo-coronada-como-victoriosa\/#primaryimage"},"thumbnailUrl":"https:\/\/schoenstatt.com\/wp-content\/uploads\/2024\/10\/mulgoa-australia-1.jpg","datePublished":"2024-10-29T02:03:00+00:00","dateModified":"2025-04-18T19:26:26+00:00","description":"La Familia de Schoenstatt de Mulgoa, Australia, coron\u00f3 a la MTA como la Victoriosa, renovando su confianza en Mar\u00eda, Madre de Dios.","breadcrumb":{"@id":"https:\/\/schoenstatt.com\/es\/australia-la-santisima-virgen-de-nuevo-coronada-como-victoriosa\/#breadcrumb"},"inLanguage":"es","potentialAction":[{"@type":"ReadAction","target":["https:\/\/schoenstatt.com\/es\/australia-la-santisima-virgen-de-nuevo-coronada-como-victoriosa\/"]}]},{"@type":"ImageObject","inLanguage":"es","@id":"https:\/\/schoenstatt.com\/es\/australia-la-santisima-virgen-de-nuevo-coronada-como-victoriosa\/#primaryimage","url":"https:\/\/schoenstatt.com\/wp-content\/uploads\/2024\/10\/mulgoa-australia-1.jpg","contentUrl":"https:\/\/schoenstatt.com\/wp-content\/uploads\/2024\/10\/mulgoa-australia-1.jpg","width":1634,"height":1226},{"@type":"BreadcrumbList","@id":"https:\/\/schoenstatt.com\/es\/australia-la-santisima-virgen-de-nuevo-coronada-como-victoriosa\/#breadcrumb","itemListElement":[{"@type":"ListItem","position":1,"name":"Portada","item":"https:\/\/schoenstatt.com\/es\/home\/"},{"@type":"ListItem","position":2,"name":"Australia: La Sant\u00edsima Virgen de nuevo coronada como \u00abVictoriosa\u00bb"}]},{"@type":"WebSite","@id":"https:\/\/schoenstatt.com\/es\/#website","url":"https:\/\/schoenstatt.com\/es\/","name":"Schoenstatt","description":"Apostolic Movement","publisher":{"@id":"https:\/\/schoenstatt.com\/es\/#organization"},"potentialAction":[{"@type":"SearchAction","target":{"@type":"EntryPoint","urlTemplate":"https:\/\/schoenstatt.com\/es\/?s={search_term_string}"},"query-input":{"@type":"PropertyValueSpecification","valueRequired":true,"valueName":"search_term_string"}}],"inLanguage":"es"},{"@type":"Organization","@id":"https:\/\/schoenstatt.com\/es\/#organization","name":"Schoenstatt","url":"https:\/\/schoenstatt.com\/es\/","logo":{"@type":"ImageObject","inLanguage":"es","@id":"https:\/\/schoenstatt.com\/es\/#\/schema\/logo\/image\/","url":"https:\/\/schoenstatt.com\/wp-content\/uploads\/2025\/04\/logo-schoenstatt-white-696x696-1.png","contentUrl":"https:\/\/schoenstatt.com\/wp-content\/uploads\/2025\/04\/logo-schoenstatt-white-696x696-1.png","width":696,"height":694,"caption":"Schoenstatt"},"image":{"@id":"https:\/\/schoenstatt.com\/es\/#\/schema\/logo\/image\/"}},{"@type":"Person","@id":"https:\/\/schoenstatt.com\/es\/#\/schema\/person\/5158877ad4acae98b34daaeef2a1ce6e","name":"Karen Bueno","image":{"@type":"ImageObject","inLanguage":"es","@id":"https:\/\/secure.gravatar.com\/avatar\/f9f4b823873154269d2b2130f195f6d41037dd0d7fc5f3cacb5c846bae70d66b?s=96&d=mm&r=g","url":"https:\/\/secure.gravatar.com\/avatar\/f9f4b823873154269d2b2130f195f6d41037dd0d7fc5f3cacb5c846bae70d66b?s=96&d=mm&r=g","contentUrl":"https:\/\/secure.gravatar.com\/avatar\/f9f4b823873154269d2b2130f195f6d41037dd0d7fc5f3cacb5c846bae70d66b?s=96&d=mm&r=g","caption":"Karen Bueno"},"url":"https:\/\/schoenstatt.com\/es\/author\/karen-bueno\/"}]}},"_links":{"self":[{"href":"https:\/\/schoenstatt.com\/es\/wp-json\/wp\/v2\/posts\/42123","targetHints":{"allow":["GET"]}}],"collection":[{"href":"https:\/\/schoenstatt.com\/es\/wp-json\/wp\/v2\/posts"}],"about":[{"href":"https:\/\/schoenstatt.com\/es\/wp-json\/wp\/v2\/types\/post"}],"author":[{"embeddable":true,"href":"https:\/\/schoenstatt.com\/es\/wp-json\/wp\/v2\/users\/3"}],"replies":[{"embeddable":true,"href":"https:\/\/schoenstatt.com\/es\/wp-json\/wp\/v2\/comments?post=42123"}],"version-history":[{"count":1,"href":"https:\/\/schoenstatt.com\/es\/wp-json\/wp\/v2\/posts\/42123\/revisions"}],"predecessor-version":[{"id":47128,"href":"https:\/\/schoenstatt.com\/es\/wp-json\/wp\/v2\/posts\/42123\/revisions\/47128"}],"wp:featuredmedia":[{"embeddable":true,"href":"https:\/\/schoenstatt.com\/es\/wp-json\/wp\/v2\/media\/42073"}],"wp:attachment":[{"href":"https:\/\/schoenstatt.com\/es\/wp-json\/wp\/v2\/media?parent=42123"}],"wp:term":[{"taxonomy":"category","embeddable":true,"href":"https:\/\/schoenstatt.com\/es\/wp-json\/wp\/v2\/categories?post=42123"},{"taxonomy":"post_tag","embeddable":true,"href":"https:\/\/schoenstatt.com\/es\/wp-json\/wp\/v2\/tags?post=42123"}],"curies":[{"name":"wp","href":"https:\/\/api.w.org\/{rel}","templated":true}]}}