{"id":42099,"date":"2024-10-29T12:14:49","date_gmt":"2024-10-29T11:14:49","guid":{"rendered":"https:\/\/schoenstatt.com\/?p=42099"},"modified":"2025-05-15T01:54:56","modified_gmt":"2025-05-14T23:54:56","slug":"70-aniversario-del-santuario-puente-de-fribourg-suiza","status":"publish","type":"post","link":"https:\/\/schoenstatt.com\/es\/70-aniversario-del-santuario-puente-de-fribourg-suiza\/","title":{"rendered":"70 aniversario del\u00a0Santuario Puente de Fribourg, Suiza"},"content":{"rendered":"\n<p>El s\u00e1bado 19 de octubre de este a\u00f1o 2024 se celebr\u00f3 los 70 a\u00f1os del Santuario de Schoenstatt en la ciudad de Fribourg, en <a href=\"https:\/\/schoenstatt.ch\/\" target=\"_blank\" rel=\"noreferrer noopener\">Suiza<\/a>. Se trata de un Santuario vinculado al tiempo en formaci\u00f3n de muchos padres de la primera generaci\u00f3n de los <a href=\"https:\/\/schoenstatt.com\/es\/comunidades\/priest\/padres-de-schoenstatt\/\">Padres de Schoenstatt<\/a> de Chile, en la d\u00e9cada de los 50 y principios de los 60, as\u00ed como algunos suizos y alemanes, muchos de ellos posteriores fundadores del Instituto de los Padres de Schoenstatt.<\/p>\n\n\n\n<p>Esa generaci\u00f3n de fratres palotinos, como se les llamaba en aquel entonces, viv\u00eda en la Casa Ville Therese, en cuyo jard\u00edn fue construido el Santuario en 1954. Desde ah\u00ed se dirig\u00edan a la facultad de los padres dominicos. Ese tiempo est\u00e1 muy ligado a los a\u00f1os de exilio del padre Kentenich en Milwaukee, USA.<\/p>\n\n\n\n<h3 class=\"wp-block-heading\" id=\"h-celebracion-de-los-70-anos\"><strong>Celebraci\u00f3n de los 70 a\u00f1os<\/strong><\/h3>\n\n\n\n<p>Volviendo a la celebraci\u00f3n de las siete d\u00e9cadas del Santuario en Fribourg, la Eucarist\u00eda celebrada en la iglesia de san Pablo, muy cercana al Santuario, fue presidida por el obispo diocesano, Mons. Charles Morerod. Lo hizo intercambiando frases en franc\u00e9s y alem\u00e1n e incluyendo algunas en perfecto espa\u00f1ol.<\/p>\n\n\n\n<figure class=\"wp-block-image size-large\"><img decoding=\"async\" src=\"https:\/\/schoenstatt.com\/wp-content\/uploads\/2024\/10\/suiza-suica-Switzerland-Schweiz-Fribourg-1024x768.jpg\" alt=\"\" class=\"wp-image-42086\"\/><\/figure>\n\n\n\n<p>En su homil\u00eda hablo de una de las cosas que m\u00e1s le gustan de Schoenstatt, a saber, el testamento regalo de Jes\u00fas a la Iglesia, su Madre Mar\u00eda c\u00f3mo su presencia se percibe en el Santuario y el Movimiento y c\u00f3mo se lleva a los hogares y a las familias con su hijo. Despu\u00e9s de A continuaci\u00f3n del serm\u00f3n del obispo, algunas personas dieron su testimonio sobre la importancia del Santuario en sus vidas. No podemos olvidar el coro juvenil Adoray que acompa\u00f1\u00f3 con la m\u00fasica la hermosa celebraci\u00f3n.<\/p>\n\n\n\n<p>Tambi\u00e9n es destacable que el alcalde de Friburgo, Thierry Steiert, honrara la labor del Movimiento:<em> \u00abCon su compromiso\u2026 Schoenstatt contribuye a aportar un poco de estabilidad y humanidad a nuestra vida cotidiana. La ciudad de Friburgo os da las gracias por ello y seguir\u00e1 velando por que el santuario sea un marco adecuado para ello\u00bb.<\/em><\/p>\n\n\n\n<h3 class=\"wp-block-heading\" id=\"h-un-santuario-especial-para-muchos-sacerdotes\"><strong>Un santuario especial para muchos sacerdotes<\/strong><\/h3>\n\n\n\n<p>Concelebraron algunos sacerdotes diocesanos suizos vinculados a Schoenstatt, un par de Padres de Schoenstatt (los padres Edwin German y Jos\u00e9 Luis Correa) y el padre de Kenya (P. Joseph Kariuki), que conoci\u00f3 Schoenstatt en su tiempo de estudios y doctorado en teolog\u00eda en Fribourg. \u00c9l, miembro del <a href=\"https:\/\/schoenstatt.com\/es\/comunidades\/priest\/instituto-de-sacerdotes-diocesanos\/\">Instituto de los Sacerdotes Diocesanos de Schoenstatt<\/a>, ha sido un instrumento privilegiado de la Mater para fundar Schoenstatt en ese pa\u00eds de \u00c1frica.<\/p>\n\n\n\n<p>El P. Hubert Vonlanthen, p\u00e1rroco en una localidad vecina, y miembro de la <a href=\"https:\/\/schoenstatt.com\/es\/comunidades\/priest\/federacion-de-sacerdotes\/\">Federaci\u00f3n de Sacerdotes Diocesanos de Schoenstatt<\/a> de Suiza y de la Direcci\u00f3n Internacional de esa comunidad, es quien tiene la responsabilidad pastoral del Santuario junto a una comisi\u00f3n de laicos miembros del Movimiento, de distintas nacionalidades, entre ellos muchos hispanoamericanos.<\/p>\n\n\n\n<figure class=\"wp-block-gallery has-nested-images columns-default is-cropped wp-block-gallery-1 is-layout-flex wp-block-gallery-is-layout-flex\">\n<figure class=\"wp-block-image size-large\"><img decoding=\"async\" data-id=\"42087\" src=\"https:\/\/schoenstatt.com\/wp-content\/uploads\/2024\/10\/suiza-suica-Switzerland-Schweiz-Fribourg-2-1024x577.jpg\" alt=\"\" class=\"wp-image-42087\"\/><\/figure>\n\n\n\n<figure class=\"wp-block-image size-large\"><img decoding=\"async\" data-id=\"42079\" src=\"https:\/\/schoenstatt.com\/wp-content\/uploads\/2024\/10\/suiza-suica-Switzerland-Schweiz-1024x577.jpg\" alt=\"\" class=\"wp-image-42079\"\/><\/figure>\n<\/figure>\n\n\n\n<h3 class=\"wp-block-heading\" id=\"h-nueva-tinaja-muchos-aportes-al-capital-de-gracias\"><strong>Nueva tinaja, muchos aportes al Capital de Gracias<\/strong><\/h3>\n\n\n\n<p>En la Santa Misa participaron unas 250 personas, entre ellas varias Hermanas de Mar\u00eda y algunas religiosas de otras congregaciones. Despu\u00e9s de la Misa hubo un almuerzo y a media tarde se peregrin\u00f3 a Santuario.<\/p>\n\n\n\n<p>El momento culminante de la jornada fue la celebraci\u00f3n de acci\u00f3n de gracias en el santuario con la entrega a la Virgen de la nueva tinaja dorada con la inscripci\u00f3n en tres idiomas: No tienes m\u00e1s vino. Muchos participantes declararon que esta celebraci\u00f3n -de hecho, todo el d\u00eda- les hab\u00eda conmovido profundamente. Sus rostros radiantes de alegr\u00eda y gratitud as\u00ed lo atestiguaban.<\/p>\n\n\n\n<p>Construir puentes entre las diferentes culturas participantes fue un verdadero \u00e9xito y enriqueci\u00f3 inmensamente la celebraci\u00f3n.<\/p>\n\n\n\n<figure class=\"wp-block-image size-large\"><img decoding=\"async\" src=\"https:\/\/schoenstatt.com\/wp-content\/uploads\/2024\/10\/suiza-suica-Switzerland-Schweiz-3-1024x577.jpg\" alt=\"\" class=\"wp-image-42094\"\/><\/figure>\n","protected":false},"excerpt":{"rendered":"<p>Un lugar que ha marcado la vida de muchos sacerdotes: el Santuario de Friburgo celebra su 70 aniversario derramando muchas gracias<\/p>\n","protected":false},"author":3,"featured_media":42079,"comment_status":"closed","ping_status":"closed","sticky":false,"template":"","format":"standard","meta":{"footnotes":""},"categories":[873],"tags":[],"class_list":["post-42099","post","type-post","status-publish","format-standard","has-post-thumbnail","hentry","category-europa-es"],"yoast_head":"<!-- This site is optimized with the Yoast SEO Premium plugin v27.4 (Yoast SEO v27.4) - https:\/\/yoast.com\/product\/yoast-seo-premium-wordpress\/ -->\n<title>70 aniversario del\u00a0Santuario Puente de Fribourg, Suiza<\/title>\n<meta name=\"description\" content=\"Un lugar que ha marcado la vida de muchos sacerdotes: el Santuario de Friburgo celebra su 70 aniversario derramando muchas gracias\" \/>\n<meta name=\"robots\" content=\"index, follow, max-snippet:-1, max-image-preview:large, max-video-preview:-1\" \/>\n<link rel=\"canonical\" href=\"https:\/\/schoenstatt.com\/es\/70-aniversario-del-santuario-puente-de-fribourg-suiza\/\" \/>\n<meta property=\"og:locale\" content=\"es_ES\" \/>\n<meta property=\"og:type\" content=\"article\" \/>\n<meta property=\"og:title\" content=\"70 aniversario del\u00a0Santuario Puente de Fribourg, Suiza\" \/>\n<meta property=\"og:description\" content=\"Un lugar que ha marcado la vida de muchos sacerdotes: el Santuario de Friburgo celebra su 70 aniversario derramando muchas gracias\" \/>\n<meta property=\"og:url\" content=\"https:\/\/schoenstatt.com\/es\/70-aniversario-del-santuario-puente-de-fribourg-suiza\/\" \/>\n<meta property=\"og:site_name\" content=\"Schoenstatt\" \/>\n<meta property=\"article:published_time\" content=\"2024-10-29T11:14:49+00:00\" \/>\n<meta property=\"article:modified_time\" content=\"2025-05-14T23:54:56+00:00\" \/>\n<meta property=\"og:image\" content=\"https:\/\/schoenstatt.com\/wp-content\/uploads\/2024\/10\/suiza-suica-Switzerland-Schweiz-1.jpg\" \/>\n\t<meta property=\"og:image:width\" content=\"2048\" \/>\n\t<meta property=\"og:image:height\" content=\"1153\" \/>\n\t<meta property=\"og:image:type\" content=\"image\/jpeg\" \/>\n<meta name=\"author\" content=\"Karen Bueno\" \/>\n<meta name=\"twitter:card\" content=\"summary_large_image\" \/>\n<meta name=\"twitter:label1\" content=\"Escrito por\" \/>\n\t<meta name=\"twitter:data1\" content=\"Karen Bueno\" \/>\n\t<meta name=\"twitter:label2\" content=\"Tiempo de lectura\" \/>\n\t<meta name=\"twitter:data2\" content=\"4 minutos\" \/>\n<script type=\"application\/ld+json\" class=\"yoast-schema-graph\">{\"@context\":\"https:\\\/\\\/schema.org\",\"@graph\":[{\"@type\":\"Article\",\"@id\":\"https:\\\/\\\/schoenstatt.com\\\/es\\\/70-aniversario-del-santuario-puente-de-fribourg-suiza\\\/#article\",\"isPartOf\":{\"@id\":\"https:\\\/\\\/schoenstatt.com\\\/es\\\/70-aniversario-del-santuario-puente-de-fribourg-suiza\\\/\"},\"author\":{\"name\":\"Karen Bueno\",\"@id\":\"https:\\\/\\\/schoenstatt.com\\\/es\\\/#\\\/schema\\\/person\\\/5158877ad4acae98b34daaeef2a1ce6e\"},\"headline\":\"70 aniversario del\u00a0Santuario Puente de Fribourg, Suiza\",\"datePublished\":\"2024-10-29T11:14:49+00:00\",\"dateModified\":\"2025-05-14T23:54:56+00:00\",\"mainEntityOfPage\":{\"@id\":\"https:\\\/\\\/schoenstatt.com\\\/es\\\/70-aniversario-del-santuario-puente-de-fribourg-suiza\\\/\"},\"wordCount\":626,\"publisher\":{\"@id\":\"https:\\\/\\\/schoenstatt.com\\\/es\\\/#organization\"},\"image\":{\"@id\":\"https:\\\/\\\/schoenstatt.com\\\/es\\\/70-aniversario-del-santuario-puente-de-fribourg-suiza\\\/#primaryimage\"},\"thumbnailUrl\":\"https:\\\/\\\/schoenstatt.com\\\/wp-content\\\/uploads\\\/2024\\\/10\\\/suiza-suica-Switzerland-Schweiz-1.jpg\",\"articleSection\":[\"Europa\"],\"inLanguage\":\"es\"},{\"@type\":\"WebPage\",\"@id\":\"https:\\\/\\\/schoenstatt.com\\\/es\\\/70-aniversario-del-santuario-puente-de-fribourg-suiza\\\/\",\"url\":\"https:\\\/\\\/schoenstatt.com\\\/es\\\/70-aniversario-del-santuario-puente-de-fribourg-suiza\\\/\",\"name\":\"70 aniversario del\u00a0Santuario Puente de Fribourg, Suiza\",\"isPartOf\":{\"@id\":\"https:\\\/\\\/schoenstatt.com\\\/es\\\/#website\"},\"primaryImageOfPage\":{\"@id\":\"https:\\\/\\\/schoenstatt.com\\\/es\\\/70-aniversario-del-santuario-puente-de-fribourg-suiza\\\/#primaryimage\"},\"image\":{\"@id\":\"https:\\\/\\\/schoenstatt.com\\\/es\\\/70-aniversario-del-santuario-puente-de-fribourg-suiza\\\/#primaryimage\"},\"thumbnailUrl\":\"https:\\\/\\\/schoenstatt.com\\\/wp-content\\\/uploads\\\/2024\\\/10\\\/suiza-suica-Switzerland-Schweiz-1.jpg\",\"datePublished\":\"2024-10-29T11:14:49+00:00\",\"dateModified\":\"2025-05-14T23:54:56+00:00\",\"description\":\"Un lugar que ha marcado la vida de muchos sacerdotes: el Santuario de Friburgo celebra su 70 aniversario derramando muchas gracias\",\"breadcrumb\":{\"@id\":\"https:\\\/\\\/schoenstatt.com\\\/es\\\/70-aniversario-del-santuario-puente-de-fribourg-suiza\\\/#breadcrumb\"},\"inLanguage\":\"es\",\"potentialAction\":[{\"@type\":\"ReadAction\",\"target\":[\"https:\\\/\\\/schoenstatt.com\\\/es\\\/70-aniversario-del-santuario-puente-de-fribourg-suiza\\\/\"]}]},{\"@type\":\"ImageObject\",\"inLanguage\":\"es\",\"@id\":\"https:\\\/\\\/schoenstatt.com\\\/es\\\/70-aniversario-del-santuario-puente-de-fribourg-suiza\\\/#primaryimage\",\"url\":\"https:\\\/\\\/schoenstatt.com\\\/wp-content\\\/uploads\\\/2024\\\/10\\\/suiza-suica-Switzerland-Schweiz-1.jpg\",\"contentUrl\":\"https:\\\/\\\/schoenstatt.com\\\/wp-content\\\/uploads\\\/2024\\\/10\\\/suiza-suica-Switzerland-Schweiz-1.jpg\",\"width\":2048,\"height\":1153},{\"@type\":\"BreadcrumbList\",\"@id\":\"https:\\\/\\\/schoenstatt.com\\\/es\\\/70-aniversario-del-santuario-puente-de-fribourg-suiza\\\/#breadcrumb\",\"itemListElement\":[{\"@type\":\"ListItem\",\"position\":1,\"name\":\"Portada\",\"item\":\"https:\\\/\\\/schoenstatt.com\\\/es\\\/home\\\/\"},{\"@type\":\"ListItem\",\"position\":2,\"name\":\"70 aniversario del\u00a0Santuario Puente de Fribourg, Suiza\"}]},{\"@type\":\"WebSite\",\"@id\":\"https:\\\/\\\/schoenstatt.com\\\/es\\\/#website\",\"url\":\"https:\\\/\\\/schoenstatt.com\\\/es\\\/\",\"name\":\"Schoenstatt\",\"description\":\"Apostolic Movement\",\"publisher\":{\"@id\":\"https:\\\/\\\/schoenstatt.com\\\/es\\\/#organization\"},\"potentialAction\":[{\"@type\":\"SearchAction\",\"target\":{\"@type\":\"EntryPoint\",\"urlTemplate\":\"https:\\\/\\\/schoenstatt.com\\\/es\\\/?s={search_term_string}\"},\"query-input\":{\"@type\":\"PropertyValueSpecification\",\"valueRequired\":true,\"valueName\":\"search_term_string\"}}],\"inLanguage\":\"es\"},{\"@type\":\"Organization\",\"@id\":\"https:\\\/\\\/schoenstatt.com\\\/es\\\/#organization\",\"name\":\"Schoenstatt\",\"url\":\"https:\\\/\\\/schoenstatt.com\\\/es\\\/\",\"logo\":{\"@type\":\"ImageObject\",\"inLanguage\":\"es\",\"@id\":\"https:\\\/\\\/schoenstatt.com\\\/es\\\/#\\\/schema\\\/logo\\\/image\\\/\",\"url\":\"https:\\\/\\\/schoenstatt.com\\\/wp-content\\\/uploads\\\/2025\\\/04\\\/logo-schoenstatt-white-696x696-1.png\",\"contentUrl\":\"https:\\\/\\\/schoenstatt.com\\\/wp-content\\\/uploads\\\/2025\\\/04\\\/logo-schoenstatt-white-696x696-1.png\",\"width\":696,\"height\":694,\"caption\":\"Schoenstatt\"},\"image\":{\"@id\":\"https:\\\/\\\/schoenstatt.com\\\/es\\\/#\\\/schema\\\/logo\\\/image\\\/\"}},{\"@type\":\"Person\",\"@id\":\"https:\\\/\\\/schoenstatt.com\\\/es\\\/#\\\/schema\\\/person\\\/5158877ad4acae98b34daaeef2a1ce6e\",\"name\":\"Karen Bueno\",\"image\":{\"@type\":\"ImageObject\",\"inLanguage\":\"es\",\"@id\":\"https:\\\/\\\/secure.gravatar.com\\\/avatar\\\/f9f4b823873154269d2b2130f195f6d41037dd0d7fc5f3cacb5c846bae70d66b?s=96&d=mm&r=g\",\"url\":\"https:\\\/\\\/secure.gravatar.com\\\/avatar\\\/f9f4b823873154269d2b2130f195f6d41037dd0d7fc5f3cacb5c846bae70d66b?s=96&d=mm&r=g\",\"contentUrl\":\"https:\\\/\\\/secure.gravatar.com\\\/avatar\\\/f9f4b823873154269d2b2130f195f6d41037dd0d7fc5f3cacb5c846bae70d66b?s=96&d=mm&r=g\",\"caption\":\"Karen Bueno\"},\"url\":\"https:\\\/\\\/schoenstatt.com\\\/es\\\/author\\\/karen-bueno\\\/\"}]}<\/script>\n<!-- \/ Yoast SEO Premium plugin. -->","yoast_head_json":{"title":"70 aniversario del\u00a0Santuario Puente de Fribourg, Suiza","description":"Un lugar que ha marcado la vida de muchos sacerdotes: el Santuario de Friburgo celebra su 70 aniversario derramando muchas gracias","robots":{"index":"index","follow":"follow","max-snippet":"max-snippet:-1","max-image-preview":"max-image-preview:large","max-video-preview":"max-video-preview:-1"},"canonical":"https:\/\/schoenstatt.com\/es\/70-aniversario-del-santuario-puente-de-fribourg-suiza\/","og_locale":"es_ES","og_type":"article","og_title":"70 aniversario del\u00a0Santuario Puente de Fribourg, Suiza","og_description":"Un lugar que ha marcado la vida de muchos sacerdotes: el Santuario de Friburgo celebra su 70 aniversario derramando muchas gracias","og_url":"https:\/\/schoenstatt.com\/es\/70-aniversario-del-santuario-puente-de-fribourg-suiza\/","og_site_name":"Schoenstatt","article_published_time":"2024-10-29T11:14:49+00:00","article_modified_time":"2025-05-14T23:54:56+00:00","og_image":[{"width":2048,"height":1153,"url":"https:\/\/schoenstatt.com\/wp-content\/uploads\/2024\/10\/suiza-suica-Switzerland-Schweiz-1.jpg","type":"image\/jpeg"}],"author":"Karen Bueno","twitter_card":"summary_large_image","twitter_misc":{"Escrito por":"Karen Bueno","Tiempo de lectura":"4 minutos"},"schema":{"@context":"https:\/\/schema.org","@graph":[{"@type":"Article","@id":"https:\/\/schoenstatt.com\/es\/70-aniversario-del-santuario-puente-de-fribourg-suiza\/#article","isPartOf":{"@id":"https:\/\/schoenstatt.com\/es\/70-aniversario-del-santuario-puente-de-fribourg-suiza\/"},"author":{"name":"Karen Bueno","@id":"https:\/\/schoenstatt.com\/es\/#\/schema\/person\/5158877ad4acae98b34daaeef2a1ce6e"},"headline":"70 aniversario del\u00a0Santuario Puente de Fribourg, Suiza","datePublished":"2024-10-29T11:14:49+00:00","dateModified":"2025-05-14T23:54:56+00:00","mainEntityOfPage":{"@id":"https:\/\/schoenstatt.com\/es\/70-aniversario-del-santuario-puente-de-fribourg-suiza\/"},"wordCount":626,"publisher":{"@id":"https:\/\/schoenstatt.com\/es\/#organization"},"image":{"@id":"https:\/\/schoenstatt.com\/es\/70-aniversario-del-santuario-puente-de-fribourg-suiza\/#primaryimage"},"thumbnailUrl":"https:\/\/schoenstatt.com\/wp-content\/uploads\/2024\/10\/suiza-suica-Switzerland-Schweiz-1.jpg","articleSection":["Europa"],"inLanguage":"es"},{"@type":"WebPage","@id":"https:\/\/schoenstatt.com\/es\/70-aniversario-del-santuario-puente-de-fribourg-suiza\/","url":"https:\/\/schoenstatt.com\/es\/70-aniversario-del-santuario-puente-de-fribourg-suiza\/","name":"70 aniversario del\u00a0Santuario Puente de Fribourg, Suiza","isPartOf":{"@id":"https:\/\/schoenstatt.com\/es\/#website"},"primaryImageOfPage":{"@id":"https:\/\/schoenstatt.com\/es\/70-aniversario-del-santuario-puente-de-fribourg-suiza\/#primaryimage"},"image":{"@id":"https:\/\/schoenstatt.com\/es\/70-aniversario-del-santuario-puente-de-fribourg-suiza\/#primaryimage"},"thumbnailUrl":"https:\/\/schoenstatt.com\/wp-content\/uploads\/2024\/10\/suiza-suica-Switzerland-Schweiz-1.jpg","datePublished":"2024-10-29T11:14:49+00:00","dateModified":"2025-05-14T23:54:56+00:00","description":"Un lugar que ha marcado la vida de muchos sacerdotes: el Santuario de Friburgo celebra su 70 aniversario derramando muchas gracias","breadcrumb":{"@id":"https:\/\/schoenstatt.com\/es\/70-aniversario-del-santuario-puente-de-fribourg-suiza\/#breadcrumb"},"inLanguage":"es","potentialAction":[{"@type":"ReadAction","target":["https:\/\/schoenstatt.com\/es\/70-aniversario-del-santuario-puente-de-fribourg-suiza\/"]}]},{"@type":"ImageObject","inLanguage":"es","@id":"https:\/\/schoenstatt.com\/es\/70-aniversario-del-santuario-puente-de-fribourg-suiza\/#primaryimage","url":"https:\/\/schoenstatt.com\/wp-content\/uploads\/2024\/10\/suiza-suica-Switzerland-Schweiz-1.jpg","contentUrl":"https:\/\/schoenstatt.com\/wp-content\/uploads\/2024\/10\/suiza-suica-Switzerland-Schweiz-1.jpg","width":2048,"height":1153},{"@type":"BreadcrumbList","@id":"https:\/\/schoenstatt.com\/es\/70-aniversario-del-santuario-puente-de-fribourg-suiza\/#breadcrumb","itemListElement":[{"@type":"ListItem","position":1,"name":"Portada","item":"https:\/\/schoenstatt.com\/es\/home\/"},{"@type":"ListItem","position":2,"name":"70 aniversario del\u00a0Santuario Puente de Fribourg, Suiza"}]},{"@type":"WebSite","@id":"https:\/\/schoenstatt.com\/es\/#website","url":"https:\/\/schoenstatt.com\/es\/","name":"Schoenstatt","description":"Apostolic Movement","publisher":{"@id":"https:\/\/schoenstatt.com\/es\/#organization"},"potentialAction":[{"@type":"SearchAction","target":{"@type":"EntryPoint","urlTemplate":"https:\/\/schoenstatt.com\/es\/?s={search_term_string}"},"query-input":{"@type":"PropertyValueSpecification","valueRequired":true,"valueName":"search_term_string"}}],"inLanguage":"es"},{"@type":"Organization","@id":"https:\/\/schoenstatt.com\/es\/#organization","name":"Schoenstatt","url":"https:\/\/schoenstatt.com\/es\/","logo":{"@type":"ImageObject","inLanguage":"es","@id":"https:\/\/schoenstatt.com\/es\/#\/schema\/logo\/image\/","url":"https:\/\/schoenstatt.com\/wp-content\/uploads\/2025\/04\/logo-schoenstatt-white-696x696-1.png","contentUrl":"https:\/\/schoenstatt.com\/wp-content\/uploads\/2025\/04\/logo-schoenstatt-white-696x696-1.png","width":696,"height":694,"caption":"Schoenstatt"},"image":{"@id":"https:\/\/schoenstatt.com\/es\/#\/schema\/logo\/image\/"}},{"@type":"Person","@id":"https:\/\/schoenstatt.com\/es\/#\/schema\/person\/5158877ad4acae98b34daaeef2a1ce6e","name":"Karen Bueno","image":{"@type":"ImageObject","inLanguage":"es","@id":"https:\/\/secure.gravatar.com\/avatar\/f9f4b823873154269d2b2130f195f6d41037dd0d7fc5f3cacb5c846bae70d66b?s=96&d=mm&r=g","url":"https:\/\/secure.gravatar.com\/avatar\/f9f4b823873154269d2b2130f195f6d41037dd0d7fc5f3cacb5c846bae70d66b?s=96&d=mm&r=g","contentUrl":"https:\/\/secure.gravatar.com\/avatar\/f9f4b823873154269d2b2130f195f6d41037dd0d7fc5f3cacb5c846bae70d66b?s=96&d=mm&r=g","caption":"Karen Bueno"},"url":"https:\/\/schoenstatt.com\/es\/author\/karen-bueno\/"}]}},"_links":{"self":[{"href":"https:\/\/schoenstatt.com\/es\/wp-json\/wp\/v2\/posts\/42099","targetHints":{"allow":["GET"]}}],"collection":[{"href":"https:\/\/schoenstatt.com\/es\/wp-json\/wp\/v2\/posts"}],"about":[{"href":"https:\/\/schoenstatt.com\/es\/wp-json\/wp\/v2\/types\/post"}],"author":[{"embeddable":true,"href":"https:\/\/schoenstatt.com\/es\/wp-json\/wp\/v2\/users\/3"}],"replies":[{"embeddable":true,"href":"https:\/\/schoenstatt.com\/es\/wp-json\/wp\/v2\/comments?post=42099"}],"version-history":[{"count":1,"href":"https:\/\/schoenstatt.com\/es\/wp-json\/wp\/v2\/posts\/42099\/revisions"}],"predecessor-version":[{"id":47133,"href":"https:\/\/schoenstatt.com\/es\/wp-json\/wp\/v2\/posts\/42099\/revisions\/47133"}],"wp:featuredmedia":[{"embeddable":true,"href":"https:\/\/schoenstatt.com\/es\/wp-json\/wp\/v2\/media\/42079"}],"wp:attachment":[{"href":"https:\/\/schoenstatt.com\/es\/wp-json\/wp\/v2\/media?parent=42099"}],"wp:term":[{"taxonomy":"category","embeddable":true,"href":"https:\/\/schoenstatt.com\/es\/wp-json\/wp\/v2\/categories?post=42099"},{"taxonomy":"post_tag","embeddable":true,"href":"https:\/\/schoenstatt.com\/es\/wp-json\/wp\/v2\/tags?post=42099"}],"curies":[{"name":"wp","href":"https:\/\/api.w.org\/{rel}","templated":true}]}}