{"id":41878,"date":"2024-10-18T03:03:00","date_gmt":"2024-10-18T01:03:00","guid":{"rendered":"https:\/\/schoenstatt.com\/?p=41878"},"modified":"2025-05-15T18:37:36","modified_gmt":"2025-05-15T16:37:36","slug":"todos-somos-schoenstatt-un-llamado-global-a-la-familia-internacional","status":"publish","type":"post","link":"https:\/\/schoenstatt.com\/es\/todos-somos-schoenstatt-un-llamado-global-a-la-familia-internacional\/","title":{"rendered":"\u00abTodos Somos Schoenstatt\u00bb: Un Llamado Global a la Familia Internacional"},"content":{"rendered":"\n<p>En el marco del mes de la Alianza, la Presidencia Internacional de Schoenstatt se complace en anunciar una iniciativa de gran relevancia y alcance global. Despu\u00e9s de meses de planificaci\u00f3n y coordinaci\u00f3n, lanzamos oficialmente la campa\u00f1a mundial <strong>\u201cTODOS SOMOS SCHOENSTATT\u201d<\/strong>, con el objetivo de fortalecer los lazos de nuestra familia internacional y asegurar el futuro de la misi\u00f3n que la Madre Tres Veces Admirable entreg\u00f3 a nuestro Padre Fundador.<\/p>\n\n\n\n<h2 class=\"wp-block-heading\" id=\"h-un-desafio-compartido-por-todos\"><strong>Un desaf\u00edo compartido por todos<\/strong><\/h2>\n\n\n\n<div class=\"wp-block-media-text is-stacked-on-mobile\" style=\"grid-template-columns:45% auto\"><figure class=\"wp-block-media-text__media\"><img decoding=\"async\" src=\"https:\/\/schoenstatt.com\/wp-content\/uploads\/2024\/10\/logo-todos-somos-schoenstatt.png\" alt=\"\" class=\"wp-image-41873 size-full\"\/><\/figure><div class=\"wp-block-media-text__content\">\n<p>La Campa\u00f1a, que se lanza formalmente el <strong>18 de octubre de 2024<\/strong>, conmemorando los 110 a\u00f1os de la fundaci\u00f3n del Movimiento, tiene como fin inspirar a todos los schoenstattianos del mundo a participar activamente en la preservaci\u00f3n y expansi\u00f3n de nuestra obra. El foco principal de esta iniciativa es doble: primero, promover el sentido de <strong>alegr\u00eda y gratitud <\/strong>por pertenecer a una familia internacional; y segundo, generar una conciencia compartida de la responsabilidad por el sostenimiento de nuestro hogar com\u00fan y de la vida que sigue creciendo bajo la acci\u00f3n de la Divina Providencia.<\/p>\n<\/div><\/div>\n\n\n\n<h2 class=\"wp-block-heading\" id=\"h-tres-proyectos-un-solo-objetivo\"><strong>Tres proyectos, un solo objetivo<\/strong><\/h2>\n\n\n\n<p>La campa\u00f1a tiene tres metas espec\u00edficas que necesitan el apoyo econ\u00f3mico de toda la familia para lograr un total de 250.000 \u20ac:<\/p>\n\n\n\n<blockquote class=\"wp-block-quote is-layout-flow wp-block-quote-is-layout-flow\">\n<p>1. <strong>Mantenimiento del Santuario Original: <\/strong>Un lugar emblem\u00e1tico y sagrado para toda la Familia de Schoenstatt.<\/p>\n\n\n\n<p>2. <strong>Apoyo a la Coordinaci\u00f3n Internacional del Movimiento: <\/strong>que, entre otras cosas, es responsable de la comunicaci\u00f3n oficial del Movimiento de Schoenstatt: gestiona la p\u00e1gina web<strong> schoenstatt.com<\/strong>, opera las redes sociales, cultiva el contacto con Familias de Schoenstatt nacientes en nuevos pa\u00edses y apoya su desarrollo.<\/p>\n\n\n\n<p>3.<strong> Financiaci\u00f3n de un estudio independiente sobre la causa del Padre Fundador: <\/strong>Un esfuerzo por mantener la claridad y transparencia en torno a su vida y misi\u00f3n.<\/p>\n<\/blockquote>\n\n\n\n<h2 class=\"wp-block-heading\" id=\"h-unidad-global-y-participacion-local\"><strong>Unidad global y participaci\u00f3n local<\/strong><\/h2>\n\n\n\n<p>Esta campa\u00f1a ha sido dise\u00f1ada para que todos los miembros de Schoenstatt, en cualquier lugar del mundo, puedan participar de manera libre y voluntaria. Se han preparado materiales de difusi\u00f3n en m\u00faltiples idiomas y plataformas, como correos electr\u00f3nicos, WhatsApp, Instagram y otras redes sociales, y un <strong>lema<\/strong> inspirador para este a\u00f1o: <strong>\u201cAbrazamos el Origen, proyectamos la Alianza\u201d.<\/strong><\/p>\n\n\n\n<p>Adem\u00e1s,<strong> embajadores <\/strong>de diferentes pa\u00edses han sido designados para liderar la difusi\u00f3n de esta iniciativa, con la misi\u00f3n de movilizar a la familia local y crear redes de facilitadores que puedan llevar este mensaje a todos los rincones posibles. En la actualidad, ya se est\u00e1n brindando capacitaciones en espa\u00f1ol, alem\u00e1n, portugu\u00e9s e ingl\u00e9s, y pronto tambi\u00e9n en polaco e italiano, para asegurar que todos est\u00e9n preparados para promover esta causa.<\/p>\n\n\n\n<figure class=\"wp-block-image size-large\"><img decoding=\"async\" src=\"https:\/\/schoenstatt.com\/wp-content\/uploads\/2024\/10\/campana-todos-somos-schoenstatt-1024x1024.png\" alt=\"\" class=\"wp-image-41879\"\/><\/figure>\n\n\n\n<h2 class=\"wp-block-heading\" id=\"h-transparencia-y-rendicion-de-cuentas\"><strong>Transparencia y rendici\u00f3n de cuentas<\/strong><\/h2>\n\n\n\n<p>La transparencia es uno de los pilares de esta campa\u00f1a. Los donativos podr\u00e1n realizarse a trav\u00e9s de diversos caminos, mayoritariamente por la plataforma de <strong><a href=\"https:\/\/schoenstatt.com\/es\/todos-somos-schoenstatt\/\">Donorbox<\/a><\/strong>, que permite contribuciones desde m\u00faltiples pa\u00edses y en m\u00e1s de 20 monedas diferentes. Adem\u00e1s, se implementar\u00e1 una base de datos de donantes con estricta confidencialidad, y se garantizar\u00e1 la rendici\u00f3n de cuentas peri\u00f3dica para mantener la confianza y transparencia en el uso de los fondos.<\/p>\n\n\n\n<div class=\"wp-block-buttons is-layout-flex wp-block-buttons-is-layout-flex\">\n<div class=\"wp-block-button\"><a class=\"wp-block-button__link has-white-color has-text-color has-background has-link-color has-text-align-center wp-element-button\" href=\"https:\/\/schoenstatt.com\/es\/todos-somos-schoenstatt\/\" style=\"border-radius:19px;background-color:#232955\">Enlace para donar<\/a><\/div>\n<\/div>\n\n\n\n<h2 class=\"wp-block-heading\" id=\"h-unidos-por-un-futuro-sostenible\"><strong>Unidos por un futuro sostenible<\/strong><\/h2>\n\n\n\n<p>Este es un llamado a toda la Familia de Schoenstatt a asumir con responsabilidad el sostenimiento y crecimiento de nuestro Movimiento a nivel internacional, no solo para nuestros proyectos inmediatos, sino tambi\u00e9n para asegurar que la <strong>misi\u00f3n de Schoenstatt<\/strong> contin\u00fae irradiando su luz por los siglos venideros. M\u00e1s all\u00e1 de los aportes materiales, tambi\u00e9n se busca que cada uno de nosotros, en la medida de sus posibilidades, ofrezca sus <strong>capacidades, iniciativas y tiempo<\/strong> como una forma concreta de fortalecer nuestra unidad internacional.<\/p>\n\n\n\n<p>La Comisi\u00f3n de Finanzas, integrada por representantes de diferentes pa\u00edses y ramas del Movimiento, junto con los embajadores, est\u00e1n disponibles para aclarar cualquier duda o inquietud que pueda surgir durante el proceso. Juntos, confiamos en que, con la ayuda de la<strong> Mater<\/strong> y la cooperaci\u00f3n de todos, alcanzaremos nuestras metas y contribuiremos a que Schoenstatt siga creciendo y extendiendo su misi\u00f3n en el mundo.<\/p>\n\n\n\n<p><strong>\u00a1Todos Somos Schoenstatt!<\/strong> Es momento de unirnos, abrazar nuestro origen y proyectar juntos nuestra Alianza para el futuro.<\/p>\n","protected":false},"excerpt":{"rendered":"<p>Despu\u00e9s de meses de planificaci\u00f3n y coordinaci\u00f3n, lanzamos oficialmente la campa\u00f1a mundial \u201cTODOS SOMOS SCHOENSTATT\u201d<\/p>\n","protected":false},"author":3,"featured_media":41857,"comment_status":"closed","ping_status":"closed","sticky":false,"template":"","format":"standard","meta":{"footnotes":""},"categories":[893,898,901],"tags":[],"class_list":["post-41878","post","type-post","status-publish","format-standard","has-post-thumbnail","hentry","category-causa-kentenich-es","category-en-mision-es","category-santuario-original-es"],"yoast_head":"<!-- This site is optimized with the Yoast SEO Premium plugin v27.4 (Yoast SEO v27.4) - https:\/\/yoast.com\/product\/yoast-seo-premium-wordpress\/ -->\n<title>&quot;Todos Somos Schoenstatt&quot;: Un Llamado Global a la Familia Internacional<\/title>\n<meta name=\"description\" content=\"Despu\u00e9s de meses de planificaci\u00f3n y coordinaci\u00f3n, lanzamos oficialmente la campa\u00f1a mundial \u201cTODOS SOMOS SCHOENSTATT\u201d\" \/>\n<meta name=\"robots\" content=\"index, follow, max-snippet:-1, max-image-preview:large, max-video-preview:-1\" \/>\n<link rel=\"canonical\" href=\"https:\/\/schoenstatt.com\/es\/todos-somos-schoenstatt-un-llamado-global-a-la-familia-internacional\/\" \/>\n<meta property=\"og:locale\" content=\"es_ES\" \/>\n<meta property=\"og:type\" content=\"article\" \/>\n<meta property=\"og:title\" content=\"&quot;Todos Somos Schoenstatt&quot;: Un Llamado Global a la Familia Internacional\" \/>\n<meta property=\"og:description\" content=\"Despu\u00e9s de meses de planificaci\u00f3n y coordinaci\u00f3n, lanzamos oficialmente la campa\u00f1a mundial \u201cTODOS SOMOS SCHOENSTATT\u201d\" \/>\n<meta property=\"og:url\" content=\"https:\/\/schoenstatt.com\/es\/todos-somos-schoenstatt-un-llamado-global-a-la-familia-internacional\/\" \/>\n<meta property=\"og:site_name\" content=\"Schoenstatt\" \/>\n<meta property=\"article:published_time\" content=\"2024-10-18T01:03:00+00:00\" \/>\n<meta property=\"article:modified_time\" content=\"2025-05-15T16:37:36+00:00\" \/>\n<meta property=\"og:image\" content=\"https:\/\/schoenstatt.com\/wp-content\/uploads\/2024\/10\/urheiligtum-santuario-original-shrine-1.jpg\" \/>\n\t<meta property=\"og:image:width\" content=\"2048\" \/>\n\t<meta property=\"og:image:height\" content=\"1179\" \/>\n\t<meta property=\"og:image:type\" content=\"image\/jpeg\" \/>\n<meta name=\"author\" content=\"Karen Bueno\" \/>\n<meta name=\"twitter:card\" content=\"summary_large_image\" \/>\n<meta name=\"twitter:label1\" content=\"Escrito por\" \/>\n\t<meta name=\"twitter:data1\" content=\"Karen Bueno\" \/>\n\t<meta name=\"twitter:label2\" content=\"Tiempo de lectura\" \/>\n\t<meta name=\"twitter:data2\" content=\"4 minutos\" \/>\n<script type=\"application\/ld+json\" class=\"yoast-schema-graph\">{\"@context\":\"https:\\\/\\\/schema.org\",\"@graph\":[{\"@type\":\"Article\",\"@id\":\"https:\\\/\\\/schoenstatt.com\\\/es\\\/todos-somos-schoenstatt-un-llamado-global-a-la-familia-internacional\\\/#article\",\"isPartOf\":{\"@id\":\"https:\\\/\\\/schoenstatt.com\\\/es\\\/todos-somos-schoenstatt-un-llamado-global-a-la-familia-internacional\\\/\"},\"author\":{\"name\":\"Karen Bueno\",\"@id\":\"https:\\\/\\\/schoenstatt.com\\\/es\\\/#\\\/schema\\\/person\\\/5158877ad4acae98b34daaeef2a1ce6e\"},\"headline\":\"\u00abTodos Somos Schoenstatt\u00bb: Un Llamado Global a la Familia Internacional\",\"datePublished\":\"2024-10-18T01:03:00+00:00\",\"dateModified\":\"2025-05-15T16:37:36+00:00\",\"mainEntityOfPage\":{\"@id\":\"https:\\\/\\\/schoenstatt.com\\\/es\\\/todos-somos-schoenstatt-un-llamado-global-a-la-familia-internacional\\\/\"},\"wordCount\":727,\"publisher\":{\"@id\":\"https:\\\/\\\/schoenstatt.com\\\/es\\\/#organization\"},\"image\":{\"@id\":\"https:\\\/\\\/schoenstatt.com\\\/es\\\/todos-somos-schoenstatt-un-llamado-global-a-la-familia-internacional\\\/#primaryimage\"},\"thumbnailUrl\":\"https:\\\/\\\/schoenstatt.com\\\/wp-content\\\/uploads\\\/2024\\\/10\\\/urheiligtum-santuario-original-shrine-1.jpg\",\"articleSection\":[\"Causa Kentenich\",\"En misi\u00f3n\",\"Santuario Original\"],\"inLanguage\":\"es\"},{\"@type\":\"WebPage\",\"@id\":\"https:\\\/\\\/schoenstatt.com\\\/es\\\/todos-somos-schoenstatt-un-llamado-global-a-la-familia-internacional\\\/\",\"url\":\"https:\\\/\\\/schoenstatt.com\\\/es\\\/todos-somos-schoenstatt-un-llamado-global-a-la-familia-internacional\\\/\",\"name\":\"\\\"Todos Somos Schoenstatt\\\": Un Llamado Global a la Familia Internacional\",\"isPartOf\":{\"@id\":\"https:\\\/\\\/schoenstatt.com\\\/es\\\/#website\"},\"primaryImageOfPage\":{\"@id\":\"https:\\\/\\\/schoenstatt.com\\\/es\\\/todos-somos-schoenstatt-un-llamado-global-a-la-familia-internacional\\\/#primaryimage\"},\"image\":{\"@id\":\"https:\\\/\\\/schoenstatt.com\\\/es\\\/todos-somos-schoenstatt-un-llamado-global-a-la-familia-internacional\\\/#primaryimage\"},\"thumbnailUrl\":\"https:\\\/\\\/schoenstatt.com\\\/wp-content\\\/uploads\\\/2024\\\/10\\\/urheiligtum-santuario-original-shrine-1.jpg\",\"datePublished\":\"2024-10-18T01:03:00+00:00\",\"dateModified\":\"2025-05-15T16:37:36+00:00\",\"description\":\"Despu\u00e9s de meses de planificaci\u00f3n y coordinaci\u00f3n, lanzamos oficialmente la campa\u00f1a mundial \u201cTODOS SOMOS SCHOENSTATT\u201d\",\"breadcrumb\":{\"@id\":\"https:\\\/\\\/schoenstatt.com\\\/es\\\/todos-somos-schoenstatt-un-llamado-global-a-la-familia-internacional\\\/#breadcrumb\"},\"inLanguage\":\"es\",\"potentialAction\":[{\"@type\":\"ReadAction\",\"target\":[\"https:\\\/\\\/schoenstatt.com\\\/es\\\/todos-somos-schoenstatt-un-llamado-global-a-la-familia-internacional\\\/\"]}]},{\"@type\":\"ImageObject\",\"inLanguage\":\"es\",\"@id\":\"https:\\\/\\\/schoenstatt.com\\\/es\\\/todos-somos-schoenstatt-un-llamado-global-a-la-familia-internacional\\\/#primaryimage\",\"url\":\"https:\\\/\\\/schoenstatt.com\\\/wp-content\\\/uploads\\\/2024\\\/10\\\/urheiligtum-santuario-original-shrine-1.jpg\",\"contentUrl\":\"https:\\\/\\\/schoenstatt.com\\\/wp-content\\\/uploads\\\/2024\\\/10\\\/urheiligtum-santuario-original-shrine-1.jpg\",\"width\":2048,\"height\":1179},{\"@type\":\"BreadcrumbList\",\"@id\":\"https:\\\/\\\/schoenstatt.com\\\/es\\\/todos-somos-schoenstatt-un-llamado-global-a-la-familia-internacional\\\/#breadcrumb\",\"itemListElement\":[{\"@type\":\"ListItem\",\"position\":1,\"name\":\"Portada\",\"item\":\"https:\\\/\\\/schoenstatt.com\\\/es\\\/home\\\/\"},{\"@type\":\"ListItem\",\"position\":2,\"name\":\"\u00abTodos Somos Schoenstatt\u00bb: Un Llamado Global a la Familia Internacional\"}]},{\"@type\":\"WebSite\",\"@id\":\"https:\\\/\\\/schoenstatt.com\\\/es\\\/#website\",\"url\":\"https:\\\/\\\/schoenstatt.com\\\/es\\\/\",\"name\":\"Schoenstatt\",\"description\":\"Apostolic Movement\",\"publisher\":{\"@id\":\"https:\\\/\\\/schoenstatt.com\\\/es\\\/#organization\"},\"potentialAction\":[{\"@type\":\"SearchAction\",\"target\":{\"@type\":\"EntryPoint\",\"urlTemplate\":\"https:\\\/\\\/schoenstatt.com\\\/es\\\/?s={search_term_string}\"},\"query-input\":{\"@type\":\"PropertyValueSpecification\",\"valueRequired\":true,\"valueName\":\"search_term_string\"}}],\"inLanguage\":\"es\"},{\"@type\":\"Organization\",\"@id\":\"https:\\\/\\\/schoenstatt.com\\\/es\\\/#organization\",\"name\":\"Schoenstatt\",\"url\":\"https:\\\/\\\/schoenstatt.com\\\/es\\\/\",\"logo\":{\"@type\":\"ImageObject\",\"inLanguage\":\"es\",\"@id\":\"https:\\\/\\\/schoenstatt.com\\\/es\\\/#\\\/schema\\\/logo\\\/image\\\/\",\"url\":\"https:\\\/\\\/schoenstatt.com\\\/wp-content\\\/uploads\\\/2025\\\/04\\\/logo-schoenstatt-white-696x696-1.png\",\"contentUrl\":\"https:\\\/\\\/schoenstatt.com\\\/wp-content\\\/uploads\\\/2025\\\/04\\\/logo-schoenstatt-white-696x696-1.png\",\"width\":696,\"height\":694,\"caption\":\"Schoenstatt\"},\"image\":{\"@id\":\"https:\\\/\\\/schoenstatt.com\\\/es\\\/#\\\/schema\\\/logo\\\/image\\\/\"}},{\"@type\":\"Person\",\"@id\":\"https:\\\/\\\/schoenstatt.com\\\/es\\\/#\\\/schema\\\/person\\\/5158877ad4acae98b34daaeef2a1ce6e\",\"name\":\"Karen Bueno\",\"image\":{\"@type\":\"ImageObject\",\"inLanguage\":\"es\",\"@id\":\"https:\\\/\\\/secure.gravatar.com\\\/avatar\\\/f9f4b823873154269d2b2130f195f6d41037dd0d7fc5f3cacb5c846bae70d66b?s=96&d=mm&r=g\",\"url\":\"https:\\\/\\\/secure.gravatar.com\\\/avatar\\\/f9f4b823873154269d2b2130f195f6d41037dd0d7fc5f3cacb5c846bae70d66b?s=96&d=mm&r=g\",\"contentUrl\":\"https:\\\/\\\/secure.gravatar.com\\\/avatar\\\/f9f4b823873154269d2b2130f195f6d41037dd0d7fc5f3cacb5c846bae70d66b?s=96&d=mm&r=g\",\"caption\":\"Karen Bueno\"},\"url\":\"https:\\\/\\\/schoenstatt.com\\\/es\\\/author\\\/karen-bueno\\\/\"}]}<\/script>\n<!-- \/ Yoast SEO Premium plugin. -->","yoast_head_json":{"title":"\"Todos Somos Schoenstatt\": Un Llamado Global a la Familia Internacional","description":"Despu\u00e9s de meses de planificaci\u00f3n y coordinaci\u00f3n, lanzamos oficialmente la campa\u00f1a mundial \u201cTODOS SOMOS SCHOENSTATT\u201d","robots":{"index":"index","follow":"follow","max-snippet":"max-snippet:-1","max-image-preview":"max-image-preview:large","max-video-preview":"max-video-preview:-1"},"canonical":"https:\/\/schoenstatt.com\/es\/todos-somos-schoenstatt-un-llamado-global-a-la-familia-internacional\/","og_locale":"es_ES","og_type":"article","og_title":"\"Todos Somos Schoenstatt\": Un Llamado Global a la Familia Internacional","og_description":"Despu\u00e9s de meses de planificaci\u00f3n y coordinaci\u00f3n, lanzamos oficialmente la campa\u00f1a mundial \u201cTODOS SOMOS SCHOENSTATT\u201d","og_url":"https:\/\/schoenstatt.com\/es\/todos-somos-schoenstatt-un-llamado-global-a-la-familia-internacional\/","og_site_name":"Schoenstatt","article_published_time":"2024-10-18T01:03:00+00:00","article_modified_time":"2025-05-15T16:37:36+00:00","og_image":[{"width":2048,"height":1179,"url":"https:\/\/schoenstatt.com\/wp-content\/uploads\/2024\/10\/urheiligtum-santuario-original-shrine-1.jpg","type":"image\/jpeg"}],"author":"Karen Bueno","twitter_card":"summary_large_image","twitter_misc":{"Escrito por":"Karen Bueno","Tiempo de lectura":"4 minutos"},"schema":{"@context":"https:\/\/schema.org","@graph":[{"@type":"Article","@id":"https:\/\/schoenstatt.com\/es\/todos-somos-schoenstatt-un-llamado-global-a-la-familia-internacional\/#article","isPartOf":{"@id":"https:\/\/schoenstatt.com\/es\/todos-somos-schoenstatt-un-llamado-global-a-la-familia-internacional\/"},"author":{"name":"Karen Bueno","@id":"https:\/\/schoenstatt.com\/es\/#\/schema\/person\/5158877ad4acae98b34daaeef2a1ce6e"},"headline":"\u00abTodos Somos Schoenstatt\u00bb: Un Llamado Global a la Familia Internacional","datePublished":"2024-10-18T01:03:00+00:00","dateModified":"2025-05-15T16:37:36+00:00","mainEntityOfPage":{"@id":"https:\/\/schoenstatt.com\/es\/todos-somos-schoenstatt-un-llamado-global-a-la-familia-internacional\/"},"wordCount":727,"publisher":{"@id":"https:\/\/schoenstatt.com\/es\/#organization"},"image":{"@id":"https:\/\/schoenstatt.com\/es\/todos-somos-schoenstatt-un-llamado-global-a-la-familia-internacional\/#primaryimage"},"thumbnailUrl":"https:\/\/schoenstatt.com\/wp-content\/uploads\/2024\/10\/urheiligtum-santuario-original-shrine-1.jpg","articleSection":["Causa Kentenich","En misi\u00f3n","Santuario Original"],"inLanguage":"es"},{"@type":"WebPage","@id":"https:\/\/schoenstatt.com\/es\/todos-somos-schoenstatt-un-llamado-global-a-la-familia-internacional\/","url":"https:\/\/schoenstatt.com\/es\/todos-somos-schoenstatt-un-llamado-global-a-la-familia-internacional\/","name":"\"Todos Somos Schoenstatt\": Un Llamado Global a la Familia Internacional","isPartOf":{"@id":"https:\/\/schoenstatt.com\/es\/#website"},"primaryImageOfPage":{"@id":"https:\/\/schoenstatt.com\/es\/todos-somos-schoenstatt-un-llamado-global-a-la-familia-internacional\/#primaryimage"},"image":{"@id":"https:\/\/schoenstatt.com\/es\/todos-somos-schoenstatt-un-llamado-global-a-la-familia-internacional\/#primaryimage"},"thumbnailUrl":"https:\/\/schoenstatt.com\/wp-content\/uploads\/2024\/10\/urheiligtum-santuario-original-shrine-1.jpg","datePublished":"2024-10-18T01:03:00+00:00","dateModified":"2025-05-15T16:37:36+00:00","description":"Despu\u00e9s de meses de planificaci\u00f3n y coordinaci\u00f3n, lanzamos oficialmente la campa\u00f1a mundial \u201cTODOS SOMOS SCHOENSTATT\u201d","breadcrumb":{"@id":"https:\/\/schoenstatt.com\/es\/todos-somos-schoenstatt-un-llamado-global-a-la-familia-internacional\/#breadcrumb"},"inLanguage":"es","potentialAction":[{"@type":"ReadAction","target":["https:\/\/schoenstatt.com\/es\/todos-somos-schoenstatt-un-llamado-global-a-la-familia-internacional\/"]}]},{"@type":"ImageObject","inLanguage":"es","@id":"https:\/\/schoenstatt.com\/es\/todos-somos-schoenstatt-un-llamado-global-a-la-familia-internacional\/#primaryimage","url":"https:\/\/schoenstatt.com\/wp-content\/uploads\/2024\/10\/urheiligtum-santuario-original-shrine-1.jpg","contentUrl":"https:\/\/schoenstatt.com\/wp-content\/uploads\/2024\/10\/urheiligtum-santuario-original-shrine-1.jpg","width":2048,"height":1179},{"@type":"BreadcrumbList","@id":"https:\/\/schoenstatt.com\/es\/todos-somos-schoenstatt-un-llamado-global-a-la-familia-internacional\/#breadcrumb","itemListElement":[{"@type":"ListItem","position":1,"name":"Portada","item":"https:\/\/schoenstatt.com\/es\/home\/"},{"@type":"ListItem","position":2,"name":"\u00abTodos Somos Schoenstatt\u00bb: Un Llamado Global a la Familia Internacional"}]},{"@type":"WebSite","@id":"https:\/\/schoenstatt.com\/es\/#website","url":"https:\/\/schoenstatt.com\/es\/","name":"Schoenstatt","description":"Apostolic Movement","publisher":{"@id":"https:\/\/schoenstatt.com\/es\/#organization"},"potentialAction":[{"@type":"SearchAction","target":{"@type":"EntryPoint","urlTemplate":"https:\/\/schoenstatt.com\/es\/?s={search_term_string}"},"query-input":{"@type":"PropertyValueSpecification","valueRequired":true,"valueName":"search_term_string"}}],"inLanguage":"es"},{"@type":"Organization","@id":"https:\/\/schoenstatt.com\/es\/#organization","name":"Schoenstatt","url":"https:\/\/schoenstatt.com\/es\/","logo":{"@type":"ImageObject","inLanguage":"es","@id":"https:\/\/schoenstatt.com\/es\/#\/schema\/logo\/image\/","url":"https:\/\/schoenstatt.com\/wp-content\/uploads\/2025\/04\/logo-schoenstatt-white-696x696-1.png","contentUrl":"https:\/\/schoenstatt.com\/wp-content\/uploads\/2025\/04\/logo-schoenstatt-white-696x696-1.png","width":696,"height":694,"caption":"Schoenstatt"},"image":{"@id":"https:\/\/schoenstatt.com\/es\/#\/schema\/logo\/image\/"}},{"@type":"Person","@id":"https:\/\/schoenstatt.com\/es\/#\/schema\/person\/5158877ad4acae98b34daaeef2a1ce6e","name":"Karen Bueno","image":{"@type":"ImageObject","inLanguage":"es","@id":"https:\/\/secure.gravatar.com\/avatar\/f9f4b823873154269d2b2130f195f6d41037dd0d7fc5f3cacb5c846bae70d66b?s=96&d=mm&r=g","url":"https:\/\/secure.gravatar.com\/avatar\/f9f4b823873154269d2b2130f195f6d41037dd0d7fc5f3cacb5c846bae70d66b?s=96&d=mm&r=g","contentUrl":"https:\/\/secure.gravatar.com\/avatar\/f9f4b823873154269d2b2130f195f6d41037dd0d7fc5f3cacb5c846bae70d66b?s=96&d=mm&r=g","caption":"Karen Bueno"},"url":"https:\/\/schoenstatt.com\/es\/author\/karen-bueno\/"}]}},"_links":{"self":[{"href":"https:\/\/schoenstatt.com\/es\/wp-json\/wp\/v2\/posts\/41878","targetHints":{"allow":["GET"]}}],"collection":[{"href":"https:\/\/schoenstatt.com\/es\/wp-json\/wp\/v2\/posts"}],"about":[{"href":"https:\/\/schoenstatt.com\/es\/wp-json\/wp\/v2\/types\/post"}],"author":[{"embeddable":true,"href":"https:\/\/schoenstatt.com\/es\/wp-json\/wp\/v2\/users\/3"}],"replies":[{"embeddable":true,"href":"https:\/\/schoenstatt.com\/es\/wp-json\/wp\/v2\/comments?post=41878"}],"version-history":[{"count":1,"href":"https:\/\/schoenstatt.com\/es\/wp-json\/wp\/v2\/posts\/41878\/revisions"}],"predecessor-version":[{"id":47092,"href":"https:\/\/schoenstatt.com\/es\/wp-json\/wp\/v2\/posts\/41878\/revisions\/47092"}],"wp:featuredmedia":[{"embeddable":true,"href":"https:\/\/schoenstatt.com\/es\/wp-json\/wp\/v2\/media\/41857"}],"wp:attachment":[{"href":"https:\/\/schoenstatt.com\/es\/wp-json\/wp\/v2\/media?parent=41878"}],"wp:term":[{"taxonomy":"category","embeddable":true,"href":"https:\/\/schoenstatt.com\/es\/wp-json\/wp\/v2\/categories?post=41878"},{"taxonomy":"post_tag","embeddable":true,"href":"https:\/\/schoenstatt.com\/es\/wp-json\/wp\/v2\/tags?post=41878"}],"curies":[{"name":"wp","href":"https:\/\/api.w.org\/{rel}","templated":true}]}}