{"id":41853,"date":"2024-10-17T21:05:56","date_gmt":"2024-10-17T19:05:56","guid":{"rendered":"https:\/\/schoenstatt.com\/?p=41853"},"modified":"2025-05-15T18:37:37","modified_gmt":"2025-05-15T16:37:37","slug":"saludo-del-p-alexandre-awi-todos-somos-schoenstatt","status":"publish","type":"post","link":"https:\/\/schoenstatt.com\/es\/saludo-del-p-alexandre-awi-todos-somos-schoenstatt\/","title":{"rendered":"Saludo del P. Alexandre Awi: Todos somos Schoenstatt"},"content":{"rendered":"\n<p><strong>En su videomensaje para el D\u00eda de la Alianza de Amor 2024, el Padre Alexandre Awi Mello, Presidente de la Presidencia Internacional de Schoenstatt, habla sobre el amor a la Iglesia y anuncia una nueva campa\u00f1a, que ser\u00e1 lanzada el 18 de octubre: Todos somos Schoenstatt.<\/strong><\/p>\n\n\n\n<div style=\"height:29px\" aria-hidden=\"true\" class=\"wp-block-spacer\"><\/div>\n\n\n\n<figure class=\"wp-block-embed is-type-video is-provider-youtube wp-block-embed-youtube wp-embed-aspect-16-9 wp-has-aspect-ratio\"><div class=\"wp-block-embed__wrapper\">\n<iframe title=\"Saludo de Alianza del P. Alexandre Awi | Covenant Day Greeting from Fr. Alexandre Awi 2024\" width=\"800\" height=\"450\" src=\"https:\/\/www.youtube.com\/embed\/9F2QVUrvQXQ?feature=oembed\" frameborder=\"0\" allow=\"accelerometer; autoplay; clipboard-write; encrypted-media; gyroscope; picture-in-picture; web-share\" referrerpolicy=\"strict-origin-when-cross-origin\" allowfullscreen><\/iframe>\n<\/div><\/figure>\n\n\n\n<blockquote class=\"wp-block-quote is-layout-flow wp-block-quote-is-layout-flow\">\n<p><em>Querida Familia de Schoenstatt,<\/em><\/p>\n\n\n\n<p><em>Estamos celebrando 110 a\u00f1os de nuestra alianza de amor. Todo comenz\u00f3 en este lugar. Nuestra historia est\u00e1 vinculada a este lugar y hace 10 a\u00f1os justamente muchos de nosotros est\u00e1bamos aqu\u00ed para recibir este fuego, para acompa\u00f1ar a la Mater que tom\u00f3 posesi\u00f3n nuevamente de su santuario.<\/em><\/p>\n\n\n\n<p><em>Todo se acuerdan cuando llegaron los j\u00f3venes de la Fackellauf (carrera con antorchas) con la antorcha y nos incendiaron a todos. Este fuego que sent\u00edamos en el coraz\u00f3n es el mismo que hoy, 10 a\u00f1os despu\u00e9s, queremos seguir entregando a la Iglesia.<\/em><\/p>\n\n\n\n<p><em>Por eso la <a href=\"https:\/\/schoenstatt.com\/es\/novena-2024-fuego-para-la-iglesia\/\">novena<\/a> de este a\u00f1o tuvo como lema <strong>\u201cfuego para nuestra Iglesia\u201d.<\/strong> No queremos quedar mirando el pasado. Queremos proyectar nuestro carisma para toda la Iglesia. Que este fuego que arde en nuestros corazones siga presente, siga ardiendo en la Iglesia.<\/em><\/p>\n\n\n\n<p><em>Y es por eso tambi\u00e9n, que en este a\u00f1o queremos comenzar una campa\u00f1a en torno al Santuario Original para decir que todos somos Schoenstatt. Todos, en todo el mundo, somos Schoenstatt y por eso queremos abrazar el origen, abrazar el Santuario Original y proyectar la alianza. Llevar esta convicci\u00f3n de que nuestro carisma es importante para el hoy de la Iglesia a todas partes.<\/em><\/p>\n\n\n\n<p><em>Lo hacemos con la conciencia de que somos una familia internacional. Por eso esta campa\u00f1a tiene como tres focos, el Santuario original, el Padre Kentenich con todo el proceso que estamos llevando adelante por su canonizaci\u00f3n y Schoenstatt Internacional, la p\u00e1gina schoenstatt.com, que necesita ser de alguna manera mantenida por todos, acompa\u00f1ada por todos.<\/em><\/p>\n\n\n\n<p><em>Queremos entonces desde el Santuario sentirnos unidos como familia internacional, porque todos estamos vinculados a este lugar y queremos llevar el fuego del Padre Kentenich, el fuego que nos dej\u00f3 de su misi\u00f3n, de su carisma para la Iglesia de hoy y del ma\u00f1ana. Por eso abrazamos el origen, proyectamos la alianza, porque todos hoy, como hace 110 a\u00f1os, como hace 10 a\u00f1os, hoy, todos somos Schoenstatt.<\/em><\/p>\n<\/blockquote>\n","protected":false},"excerpt":{"rendered":"<p>En su videomensaje para el D\u00eda de la Alianza de Amor 2024, el P. Alexandre Awi habla sobre el amor a la Iglesia y anuncia una nueva campa\u00f1a<\/p>\n","protected":false},"author":3,"featured_media":41848,"comment_status":"closed","ping_status":"closed","sticky":false,"template":"","format":"standard","meta":{"footnotes":""},"categories":[917,901],"tags":[],"class_list":["post-41853","post","type-post","status-publish","format-standard","has-post-thumbnail","hentry","category-espiritualidad-es","category-santuario-original-es"],"yoast_head":"<!-- This site is optimized with the Yoast SEO Premium plugin v27.4 (Yoast SEO v27.4) - https:\/\/yoast.com\/product\/yoast-seo-premium-wordpress\/ -->\n<title>Saludo del P. Alexandre Awi: Todos somos Schoenstatt - Schoenstatt<\/title>\n<meta name=\"description\" content=\"En su videomensaje para el D\u00eda de la Alianza de Amor 2024, el P. Alexandre Awi habla sobre el amor a la Iglesia y anuncia una nueva campa\u00f1a\" \/>\n<meta name=\"robots\" content=\"index, follow, max-snippet:-1, max-image-preview:large, max-video-preview:-1\" \/>\n<link rel=\"canonical\" href=\"https:\/\/schoenstatt.com\/es\/saludo-del-p-alexandre-awi-todos-somos-schoenstatt\/\" \/>\n<meta property=\"og:locale\" content=\"es_ES\" \/>\n<meta property=\"og:type\" content=\"article\" \/>\n<meta property=\"og:title\" content=\"Saludo del P. Alexandre Awi: Todos somos Schoenstatt\" \/>\n<meta property=\"og:description\" content=\"En su videomensaje para el D\u00eda de la Alianza de Amor 2024, el P. Alexandre Awi habla sobre el amor a la Iglesia y anuncia una nueva campa\u00f1a\" \/>\n<meta property=\"og:url\" content=\"https:\/\/schoenstatt.com\/es\/saludo-del-p-alexandre-awi-todos-somos-schoenstatt\/\" \/>\n<meta property=\"og:site_name\" content=\"Schoenstatt\" \/>\n<meta property=\"article:published_time\" content=\"2024-10-17T19:05:56+00:00\" \/>\n<meta property=\"article:modified_time\" content=\"2025-05-15T16:37:37+00:00\" \/>\n<meta property=\"og:image\" content=\"https:\/\/schoenstatt.com\/wp-content\/uploads\/2024\/10\/p-alexandre-awi-1.jpg\" \/>\n\t<meta property=\"og:image:width\" content=\"1829\" \/>\n\t<meta property=\"og:image:height\" content=\"839\" \/>\n\t<meta property=\"og:image:type\" content=\"image\/jpeg\" \/>\n<meta name=\"author\" content=\"Karen Bueno\" \/>\n<meta name=\"twitter:card\" content=\"summary_large_image\" \/>\n<meta name=\"twitter:label1\" content=\"Escrito por\" \/>\n\t<meta name=\"twitter:data1\" content=\"Karen Bueno\" \/>\n\t<meta name=\"twitter:label2\" content=\"Tiempo de lectura\" \/>\n\t<meta name=\"twitter:data2\" content=\"1 minuto\" \/>\n<script type=\"application\/ld+json\" class=\"yoast-schema-graph\">{\"@context\":\"https:\\\/\\\/schema.org\",\"@graph\":[{\"@type\":\"Article\",\"@id\":\"https:\\\/\\\/schoenstatt.com\\\/es\\\/saludo-del-p-alexandre-awi-todos-somos-schoenstatt\\\/#article\",\"isPartOf\":{\"@id\":\"https:\\\/\\\/schoenstatt.com\\\/es\\\/saludo-del-p-alexandre-awi-todos-somos-schoenstatt\\\/\"},\"author\":{\"name\":\"Karen Bueno\",\"@id\":\"https:\\\/\\\/schoenstatt.com\\\/es\\\/#\\\/schema\\\/person\\\/5158877ad4acae98b34daaeef2a1ce6e\"},\"headline\":\"Saludo del P. Alexandre Awi: Todos somos Schoenstatt\",\"datePublished\":\"2024-10-17T19:05:56+00:00\",\"dateModified\":\"2025-05-15T16:37:37+00:00\",\"mainEntityOfPage\":{\"@id\":\"https:\\\/\\\/schoenstatt.com\\\/es\\\/saludo-del-p-alexandre-awi-todos-somos-schoenstatt\\\/\"},\"wordCount\":406,\"publisher\":{\"@id\":\"https:\\\/\\\/schoenstatt.com\\\/es\\\/#organization\"},\"image\":{\"@id\":\"https:\\\/\\\/schoenstatt.com\\\/es\\\/saludo-del-p-alexandre-awi-todos-somos-schoenstatt\\\/#primaryimage\"},\"thumbnailUrl\":\"https:\\\/\\\/schoenstatt.com\\\/wp-content\\\/uploads\\\/2024\\\/10\\\/p-alexandre-awi-1.jpg\",\"articleSection\":[\"Espiritualidad\",\"Santuario Original\"],\"inLanguage\":\"es\"},{\"@type\":\"WebPage\",\"@id\":\"https:\\\/\\\/schoenstatt.com\\\/es\\\/saludo-del-p-alexandre-awi-todos-somos-schoenstatt\\\/\",\"url\":\"https:\\\/\\\/schoenstatt.com\\\/es\\\/saludo-del-p-alexandre-awi-todos-somos-schoenstatt\\\/\",\"name\":\"Saludo del P. Alexandre Awi: Todos somos Schoenstatt - Schoenstatt\",\"isPartOf\":{\"@id\":\"https:\\\/\\\/schoenstatt.com\\\/es\\\/#website\"},\"primaryImageOfPage\":{\"@id\":\"https:\\\/\\\/schoenstatt.com\\\/es\\\/saludo-del-p-alexandre-awi-todos-somos-schoenstatt\\\/#primaryimage\"},\"image\":{\"@id\":\"https:\\\/\\\/schoenstatt.com\\\/es\\\/saludo-del-p-alexandre-awi-todos-somos-schoenstatt\\\/#primaryimage\"},\"thumbnailUrl\":\"https:\\\/\\\/schoenstatt.com\\\/wp-content\\\/uploads\\\/2024\\\/10\\\/p-alexandre-awi-1.jpg\",\"datePublished\":\"2024-10-17T19:05:56+00:00\",\"dateModified\":\"2025-05-15T16:37:37+00:00\",\"description\":\"En su videomensaje para el D\u00eda de la Alianza de Amor 2024, el P. Alexandre Awi habla sobre el amor a la Iglesia y anuncia una nueva campa\u00f1a\",\"breadcrumb\":{\"@id\":\"https:\\\/\\\/schoenstatt.com\\\/es\\\/saludo-del-p-alexandre-awi-todos-somos-schoenstatt\\\/#breadcrumb\"},\"inLanguage\":\"es\",\"potentialAction\":[{\"@type\":\"ReadAction\",\"target\":[\"https:\\\/\\\/schoenstatt.com\\\/es\\\/saludo-del-p-alexandre-awi-todos-somos-schoenstatt\\\/\"]}]},{\"@type\":\"ImageObject\",\"inLanguage\":\"es\",\"@id\":\"https:\\\/\\\/schoenstatt.com\\\/es\\\/saludo-del-p-alexandre-awi-todos-somos-schoenstatt\\\/#primaryimage\",\"url\":\"https:\\\/\\\/schoenstatt.com\\\/wp-content\\\/uploads\\\/2024\\\/10\\\/p-alexandre-awi-1.jpg\",\"contentUrl\":\"https:\\\/\\\/schoenstatt.com\\\/wp-content\\\/uploads\\\/2024\\\/10\\\/p-alexandre-awi-1.jpg\",\"width\":1829,\"height\":839},{\"@type\":\"BreadcrumbList\",\"@id\":\"https:\\\/\\\/schoenstatt.com\\\/es\\\/saludo-del-p-alexandre-awi-todos-somos-schoenstatt\\\/#breadcrumb\",\"itemListElement\":[{\"@type\":\"ListItem\",\"position\":1,\"name\":\"Portada\",\"item\":\"https:\\\/\\\/schoenstatt.com\\\/es\\\/home\\\/\"},{\"@type\":\"ListItem\",\"position\":2,\"name\":\"Saludo del P. Alexandre Awi: Todos somos Schoenstatt\"}]},{\"@type\":\"WebSite\",\"@id\":\"https:\\\/\\\/schoenstatt.com\\\/es\\\/#website\",\"url\":\"https:\\\/\\\/schoenstatt.com\\\/es\\\/\",\"name\":\"Schoenstatt\",\"description\":\"Apostolic Movement\",\"publisher\":{\"@id\":\"https:\\\/\\\/schoenstatt.com\\\/es\\\/#organization\"},\"potentialAction\":[{\"@type\":\"SearchAction\",\"target\":{\"@type\":\"EntryPoint\",\"urlTemplate\":\"https:\\\/\\\/schoenstatt.com\\\/es\\\/?s={search_term_string}\"},\"query-input\":{\"@type\":\"PropertyValueSpecification\",\"valueRequired\":true,\"valueName\":\"search_term_string\"}}],\"inLanguage\":\"es\"},{\"@type\":\"Organization\",\"@id\":\"https:\\\/\\\/schoenstatt.com\\\/es\\\/#organization\",\"name\":\"Schoenstatt\",\"url\":\"https:\\\/\\\/schoenstatt.com\\\/es\\\/\",\"logo\":{\"@type\":\"ImageObject\",\"inLanguage\":\"es\",\"@id\":\"https:\\\/\\\/schoenstatt.com\\\/es\\\/#\\\/schema\\\/logo\\\/image\\\/\",\"url\":\"https:\\\/\\\/schoenstatt.com\\\/wp-content\\\/uploads\\\/2025\\\/04\\\/logo-schoenstatt-white-696x696-1.png\",\"contentUrl\":\"https:\\\/\\\/schoenstatt.com\\\/wp-content\\\/uploads\\\/2025\\\/04\\\/logo-schoenstatt-white-696x696-1.png\",\"width\":696,\"height\":694,\"caption\":\"Schoenstatt\"},\"image\":{\"@id\":\"https:\\\/\\\/schoenstatt.com\\\/es\\\/#\\\/schema\\\/logo\\\/image\\\/\"}},{\"@type\":\"Person\",\"@id\":\"https:\\\/\\\/schoenstatt.com\\\/es\\\/#\\\/schema\\\/person\\\/5158877ad4acae98b34daaeef2a1ce6e\",\"name\":\"Karen Bueno\",\"image\":{\"@type\":\"ImageObject\",\"inLanguage\":\"es\",\"@id\":\"https:\\\/\\\/secure.gravatar.com\\\/avatar\\\/f9f4b823873154269d2b2130f195f6d41037dd0d7fc5f3cacb5c846bae70d66b?s=96&d=mm&r=g\",\"url\":\"https:\\\/\\\/secure.gravatar.com\\\/avatar\\\/f9f4b823873154269d2b2130f195f6d41037dd0d7fc5f3cacb5c846bae70d66b?s=96&d=mm&r=g\",\"contentUrl\":\"https:\\\/\\\/secure.gravatar.com\\\/avatar\\\/f9f4b823873154269d2b2130f195f6d41037dd0d7fc5f3cacb5c846bae70d66b?s=96&d=mm&r=g\",\"caption\":\"Karen Bueno\"},\"url\":\"https:\\\/\\\/schoenstatt.com\\\/es\\\/author\\\/karen-bueno\\\/\"}]}<\/script>\n<!-- \/ Yoast SEO Premium plugin. -->","yoast_head_json":{"title":"Saludo del P. Alexandre Awi: Todos somos Schoenstatt - Schoenstatt","description":"En su videomensaje para el D\u00eda de la Alianza de Amor 2024, el P. Alexandre Awi habla sobre el amor a la Iglesia y anuncia una nueva campa\u00f1a","robots":{"index":"index","follow":"follow","max-snippet":"max-snippet:-1","max-image-preview":"max-image-preview:large","max-video-preview":"max-video-preview:-1"},"canonical":"https:\/\/schoenstatt.com\/es\/saludo-del-p-alexandre-awi-todos-somos-schoenstatt\/","og_locale":"es_ES","og_type":"article","og_title":"Saludo del P. Alexandre Awi: Todos somos Schoenstatt","og_description":"En su videomensaje para el D\u00eda de la Alianza de Amor 2024, el P. Alexandre Awi habla sobre el amor a la Iglesia y anuncia una nueva campa\u00f1a","og_url":"https:\/\/schoenstatt.com\/es\/saludo-del-p-alexandre-awi-todos-somos-schoenstatt\/","og_site_name":"Schoenstatt","article_published_time":"2024-10-17T19:05:56+00:00","article_modified_time":"2025-05-15T16:37:37+00:00","og_image":[{"width":1829,"height":839,"url":"https:\/\/schoenstatt.com\/wp-content\/uploads\/2024\/10\/p-alexandre-awi-1.jpg","type":"image\/jpeg"}],"author":"Karen Bueno","twitter_card":"summary_large_image","twitter_misc":{"Escrito por":"Karen Bueno","Tiempo de lectura":"1 minuto"},"schema":{"@context":"https:\/\/schema.org","@graph":[{"@type":"Article","@id":"https:\/\/schoenstatt.com\/es\/saludo-del-p-alexandre-awi-todos-somos-schoenstatt\/#article","isPartOf":{"@id":"https:\/\/schoenstatt.com\/es\/saludo-del-p-alexandre-awi-todos-somos-schoenstatt\/"},"author":{"name":"Karen Bueno","@id":"https:\/\/schoenstatt.com\/es\/#\/schema\/person\/5158877ad4acae98b34daaeef2a1ce6e"},"headline":"Saludo del P. Alexandre Awi: Todos somos Schoenstatt","datePublished":"2024-10-17T19:05:56+00:00","dateModified":"2025-05-15T16:37:37+00:00","mainEntityOfPage":{"@id":"https:\/\/schoenstatt.com\/es\/saludo-del-p-alexandre-awi-todos-somos-schoenstatt\/"},"wordCount":406,"publisher":{"@id":"https:\/\/schoenstatt.com\/es\/#organization"},"image":{"@id":"https:\/\/schoenstatt.com\/es\/saludo-del-p-alexandre-awi-todos-somos-schoenstatt\/#primaryimage"},"thumbnailUrl":"https:\/\/schoenstatt.com\/wp-content\/uploads\/2024\/10\/p-alexandre-awi-1.jpg","articleSection":["Espiritualidad","Santuario Original"],"inLanguage":"es"},{"@type":"WebPage","@id":"https:\/\/schoenstatt.com\/es\/saludo-del-p-alexandre-awi-todos-somos-schoenstatt\/","url":"https:\/\/schoenstatt.com\/es\/saludo-del-p-alexandre-awi-todos-somos-schoenstatt\/","name":"Saludo del P. Alexandre Awi: Todos somos Schoenstatt - Schoenstatt","isPartOf":{"@id":"https:\/\/schoenstatt.com\/es\/#website"},"primaryImageOfPage":{"@id":"https:\/\/schoenstatt.com\/es\/saludo-del-p-alexandre-awi-todos-somos-schoenstatt\/#primaryimage"},"image":{"@id":"https:\/\/schoenstatt.com\/es\/saludo-del-p-alexandre-awi-todos-somos-schoenstatt\/#primaryimage"},"thumbnailUrl":"https:\/\/schoenstatt.com\/wp-content\/uploads\/2024\/10\/p-alexandre-awi-1.jpg","datePublished":"2024-10-17T19:05:56+00:00","dateModified":"2025-05-15T16:37:37+00:00","description":"En su videomensaje para el D\u00eda de la Alianza de Amor 2024, el P. Alexandre Awi habla sobre el amor a la Iglesia y anuncia una nueva campa\u00f1a","breadcrumb":{"@id":"https:\/\/schoenstatt.com\/es\/saludo-del-p-alexandre-awi-todos-somos-schoenstatt\/#breadcrumb"},"inLanguage":"es","potentialAction":[{"@type":"ReadAction","target":["https:\/\/schoenstatt.com\/es\/saludo-del-p-alexandre-awi-todos-somos-schoenstatt\/"]}]},{"@type":"ImageObject","inLanguage":"es","@id":"https:\/\/schoenstatt.com\/es\/saludo-del-p-alexandre-awi-todos-somos-schoenstatt\/#primaryimage","url":"https:\/\/schoenstatt.com\/wp-content\/uploads\/2024\/10\/p-alexandre-awi-1.jpg","contentUrl":"https:\/\/schoenstatt.com\/wp-content\/uploads\/2024\/10\/p-alexandre-awi-1.jpg","width":1829,"height":839},{"@type":"BreadcrumbList","@id":"https:\/\/schoenstatt.com\/es\/saludo-del-p-alexandre-awi-todos-somos-schoenstatt\/#breadcrumb","itemListElement":[{"@type":"ListItem","position":1,"name":"Portada","item":"https:\/\/schoenstatt.com\/es\/home\/"},{"@type":"ListItem","position":2,"name":"Saludo del P. Alexandre Awi: Todos somos Schoenstatt"}]},{"@type":"WebSite","@id":"https:\/\/schoenstatt.com\/es\/#website","url":"https:\/\/schoenstatt.com\/es\/","name":"Schoenstatt","description":"Apostolic Movement","publisher":{"@id":"https:\/\/schoenstatt.com\/es\/#organization"},"potentialAction":[{"@type":"SearchAction","target":{"@type":"EntryPoint","urlTemplate":"https:\/\/schoenstatt.com\/es\/?s={search_term_string}"},"query-input":{"@type":"PropertyValueSpecification","valueRequired":true,"valueName":"search_term_string"}}],"inLanguage":"es"},{"@type":"Organization","@id":"https:\/\/schoenstatt.com\/es\/#organization","name":"Schoenstatt","url":"https:\/\/schoenstatt.com\/es\/","logo":{"@type":"ImageObject","inLanguage":"es","@id":"https:\/\/schoenstatt.com\/es\/#\/schema\/logo\/image\/","url":"https:\/\/schoenstatt.com\/wp-content\/uploads\/2025\/04\/logo-schoenstatt-white-696x696-1.png","contentUrl":"https:\/\/schoenstatt.com\/wp-content\/uploads\/2025\/04\/logo-schoenstatt-white-696x696-1.png","width":696,"height":694,"caption":"Schoenstatt"},"image":{"@id":"https:\/\/schoenstatt.com\/es\/#\/schema\/logo\/image\/"}},{"@type":"Person","@id":"https:\/\/schoenstatt.com\/es\/#\/schema\/person\/5158877ad4acae98b34daaeef2a1ce6e","name":"Karen Bueno","image":{"@type":"ImageObject","inLanguage":"es","@id":"https:\/\/secure.gravatar.com\/avatar\/f9f4b823873154269d2b2130f195f6d41037dd0d7fc5f3cacb5c846bae70d66b?s=96&d=mm&r=g","url":"https:\/\/secure.gravatar.com\/avatar\/f9f4b823873154269d2b2130f195f6d41037dd0d7fc5f3cacb5c846bae70d66b?s=96&d=mm&r=g","contentUrl":"https:\/\/secure.gravatar.com\/avatar\/f9f4b823873154269d2b2130f195f6d41037dd0d7fc5f3cacb5c846bae70d66b?s=96&d=mm&r=g","caption":"Karen Bueno"},"url":"https:\/\/schoenstatt.com\/es\/author\/karen-bueno\/"}]}},"_links":{"self":[{"href":"https:\/\/schoenstatt.com\/es\/wp-json\/wp\/v2\/posts\/41853","targetHints":{"allow":["GET"]}}],"collection":[{"href":"https:\/\/schoenstatt.com\/es\/wp-json\/wp\/v2\/posts"}],"about":[{"href":"https:\/\/schoenstatt.com\/es\/wp-json\/wp\/v2\/types\/post"}],"author":[{"embeddable":true,"href":"https:\/\/schoenstatt.com\/es\/wp-json\/wp\/v2\/users\/3"}],"replies":[{"embeddable":true,"href":"https:\/\/schoenstatt.com\/es\/wp-json\/wp\/v2\/comments?post=41853"}],"version-history":[{"count":1,"href":"https:\/\/schoenstatt.com\/es\/wp-json\/wp\/v2\/posts\/41853\/revisions"}],"predecessor-version":[{"id":47087,"href":"https:\/\/schoenstatt.com\/es\/wp-json\/wp\/v2\/posts\/41853\/revisions\/47087"}],"wp:featuredmedia":[{"embeddable":true,"href":"https:\/\/schoenstatt.com\/es\/wp-json\/wp\/v2\/media\/41848"}],"wp:attachment":[{"href":"https:\/\/schoenstatt.com\/es\/wp-json\/wp\/v2\/media?parent=41853"}],"wp:term":[{"taxonomy":"category","embeddable":true,"href":"https:\/\/schoenstatt.com\/es\/wp-json\/wp\/v2\/categories?post=41853"},{"taxonomy":"post_tag","embeddable":true,"href":"https:\/\/schoenstatt.com\/es\/wp-json\/wp\/v2\/tags?post=41853"}],"curies":[{"name":"wp","href":"https:\/\/api.w.org\/{rel}","templated":true}]}}