{"id":41369,"date":"2024-10-07T03:03:00","date_gmt":"2024-10-07T01:03:00","guid":{"rendered":"https:\/\/schoenstatt.com\/?p=41369"},"modified":"2025-05-15T18:43:56","modified_gmt":"2025-05-15T16:43:56","slug":"que-significa-ser-climarian-un-reto-para-todos","status":"publish","type":"post","link":"https:\/\/schoenstatt.com\/es\/que-significa-ser-climarian-un-reto-para-todos\/","title":{"rendered":"\u00bfQu\u00e9 significa ser \u00abclimarian\u00bb? Un reto para todos"},"content":{"rendered":"\n<p><strong>CliMariano<\/strong> &#8211; un t\u00e9rmino muy actual en el diccionario de la sostenibilidad.<\/p>\n\n\n\n<p><em>Si cada vez que tomas una decisi\u00f3n tienes en cuenta su impacto en el cambio clim\u00e1tico, puedes llamarte climarian.<\/em><\/p>\n\n\n\n<p>De esta definici\u00f3n, como marianos, podemos deducir que la Divina Providencia nos invita a <strong>mirar hacia la sostenibilidad.<\/strong><\/p>\n\n\n\n<h2 class=\"wp-block-heading\" id=\"h-sostenibilidad-basada-en-la-alianza-de-amor\"><strong>Sostenibilidad basada en la Alianza de Amor<\/strong><\/h2>\n\n\n\n<p>Schoenstatt quiere ayudarnos a descubrir toda la riqueza de Nuestra Se\u00f1ora. Queremos <strong>amar integralmente<\/strong>, como la Virgen, y dar respuestas a la sociedad actual desde nuestra Alianza de Amor con Ella.<\/p>\n\n\n\n<p>La <a href=\"https:\/\/schoenstatt.com\/es\/nuestra-espiritualidad\/alianza-de-amor\/\">Alianza de Amor<\/a> consiste en tomarse el tiempo necesario para observar e integrar el mundo que me rodea como algo sobrenatural. Actualmente estamos viviendo un momento crucial para la humanidad. Para el mes de agosto de 2024, nosotros como humanidad habremos agotado todos los recursos que la tierra pod\u00eda darnos para el a\u00f1o 2024. Cada a\u00f1o agotamos m\u00e1s r\u00e1pidamente los recursos de la tierra.<\/p>\n\n\n\n<p>\u00bfTe imaginas una familia que, a mediados de a\u00f1o, haya agotado todos sus recursos financieros para un a\u00f1o entero? En este momento, los seres humanos estamos en d\u00e9ficit con la tierra, nuestra Casa Madre.<\/p>\n\n\n\n<h2 class=\"wp-block-heading\" id=\"h-un-nuevo-termino-en-la-iglesia\"><strong>Un nuevo t\u00e9rmino en la Iglesia<\/strong><\/h2>\n\n\n\n<p>\u00abClimarian\u00bb es un nuevo t\u00e9rmino que poco a poco iremos escuchando en el lenguaje cotidiano. Al menos por parte de quienes intentan remover conciencias y combatir el avance del cambio clim\u00e1tico desde una perspectiva individual.<\/p>\n\n\n\n<p>San Basilio dice: <em>\u00abEl Se\u00f1or no usa ojos para contemplar la belleza de su Obra, pero nosotros necesitamos ojos para admirarla. La belleza es la base de la obra creadora\u00bb.<\/em><\/p>\n\n\n\n<p>El mundo deber\u00eda ser un recordatorio constante de este contacto con lo Divino. A medida que malgastamos los recursos, perdemos la noci\u00f3n de que la naturaleza y las criaturas son recordatorios de la presencia de Dios. Las cosas creadas est\u00e1n hechas para evocar esto. Son un intercambio: Humano-Naturaleza-Comuni\u00f3n con lo Sagrado. El ser humano se convierte en persona en la medida en que est\u00e1 en relaci\u00f3n con la totalidad. Y si tiene una relaci\u00f3n con las cosas, tambi\u00e9n debe tener una relaci\u00f3n \u00edntima con el Absoluto.<\/p>\n\n\n\n<h2 class=\"wp-block-heading\" id=\"h-una-oportunidad-para-crear-un-manana-mejor\"><strong>Una oportunidad para crear un ma\u00f1ana mejor<\/strong><\/h2>\n\n\n\n<p>Nuestro Papa Francisco nos dijo en septiembre del 2024:<\/p>\n\n\n\n<figure class=\"wp-block-pullquote has-medium-font-size\" style=\"border-radius:0px;border-top-style:none;border-top-width:0px;border-bottom-style:none;border-bottom-width:0px;border-left-color:var(--wp--preset--color--luminous-vivid-orange);border-left-width:1px;font-style:italic;font-weight:300\"><blockquote><p><em>\u00ab\u00bfQu\u00e9 mundo queremos dejar a nuestros ni\u00f1os y j\u00f3venes? Nuestro ego\u00edsmo, nuestra indiferencia y nuestra irresponsabilidad amenazan el futuro de nuestros j\u00f3venes. Por eso renuevo mi llamamiento: cuidemos de nuestra Madre Tierra, superemos la tentaci\u00f3n del ego\u00edsmo que nos convierte en depredadores de los recursos, cultivemos el respeto por los dones de la Tierra y de la creaci\u00f3n, inauguremos un estilo de vida y una sociedad por fin sostenibles: tenemos la oportunidad de preparar un ma\u00f1ana mejor para todos. De manos de Dios hemos recibido un jard\u00edn; no podemos dejar a nuestros hijos un desierto\u00bb.<\/em><\/p><\/blockquote><\/figure>\n\n\n\n<p>Como schoenstattianos, la Madre de Dios cuenta con nosotros para asegurar el futuro de las generaciones venideras en la Alianza de Amor, como dijo el Papa: <em>\u00abTenemos la oportunidad de preparar un ma\u00f1ana mejor para todos.\u00bb<\/em><\/p>\n\n\n\n<p>Este mes de octubre, invitamos a los schoenstattianos de todo el mundo a poner en pr\u00e1ctica algunas experiencias de cuidado del futuro siendo un CliMARIANO.<\/p>\n\n\n\n<h2 class=\"wp-block-heading\" id=\"h-una-invitacion-especial\"><strong>Una invitaci\u00f3n especial<\/strong><\/h2>\n\n\n\n<p>\u00bfC\u00d3MO SER UN CLIMARIANO DE LOS PIES A LA CABEZA?<\/p>\n\n\n\n<p>Invitamos a los profesionales del dise\u00f1o, la ingenier\u00eda, la arquitectura, el paisajismo y la construcci\u00f3n a reunirse e intentar reflexionar sobre este logro de la sostenibilidad y el futuro de la humanidad.<\/p>\n\n\n\n<p>El grupo ser\u00e1 organizado por Rosana Silva, del Instituto Nuestra Se\u00f1ora de Schoenstatt de Lisboa. En un principio, este grupo est\u00e1 enfocado a personas de habla portuguesa y espa\u00f1ola.<\/p>\n\n\n\n<p>Para participar, ponte en contacto con nosotros a trav\u00e9s de nuestra cuenta de Instagram: <a href=\"https:\/\/www.instagram.com\/gavilan_green.spaces\/\" target=\"_blank\" rel=\"noreferrer noopener\"><mark style=\"background-color:rgba(0, 0, 0, 0);color:#c8780a\" class=\"has-inline-color\">@gavilan_green.spaces<\/mark><\/a><\/p>\n\n\n\n<p>O por correo electr\u00f3nico: gavilan.foreverstore@gmail.com<\/p>\n\n\n\n<h2 class=\"wp-block-heading\" id=\"h-retos-para-el-mes-de-octubre\"><strong>Retos para el mes de octubre<\/strong><\/h2>\n\n\n\n<p>Cada mes te propondremos retos para VIVIR EXTRAORDINARIAMENTE BIEN LO ORDINARIO.<\/p>\n\n\n\n<p>Climarian es m\u00e1s que un adjetivo, representa un estilo de vida. En \u00e9l, cada gesto del d\u00eda est\u00e1 pensado para tener el menor impacto posible en el planeta. La lista de peque\u00f1os detalles individuales con los que puedes hacer la guerra al cambio clim\u00e1tico es interminable, aqu\u00ed tienes algunas sugerencias.<\/p>\n\n\n\n<figure class=\"wp-block-pullquote has-medium-font-size\" style=\"border-top-color:var(--wp--preset--color--luminous-vivid-orange);border-top-style:solid;border-top-width:1px;border-bottom-color:var(--wp--preset--color--luminous-vivid-orange);border-bottom-style:solid;border-bottom-width:1px;font-style:italic;font-weight:300\"><blockquote><p>&#8211; <strong>TENGA SIEMPRE EN CUENTA LAS 3R DE LA ECONOM\u00cdA CIRCULAR<br>Reducir<\/strong>, piensa si es realmente necesario. <strong>Reutilizar<\/strong>, sin duda puede alargar la vida de muchas cosas que ya has enviado al basurero. <strong>Reciclar<\/strong>, quiz\u00e1 puedas dar a esos residuos otra oportunidad como recurso.<br><br>&#8211; <strong>PRACTICAR LA MOVILIDAD SOSTENIBLE<br><\/strong>Elige el medio de transporte menos contaminante siempre que puedas. La opci\u00f3n m\u00e1s saludable es ir a pie o en bicicleta a todas partes. Si no, el transporte p\u00fablico. Si prefieres ir como a ti te gusta, opta por el transporte multimodal, como los patinetes o las bicicletas el\u00e9ctricas compartidas.<br>Y para viajes de menos de 3 horas, coge siempre el tren (autob\u00fas) en lugar del avi\u00f3n. Un ejemplo para concientizar de la importancia de la movilidad sostenible: el trayecto \u00c1msterdam &#8211; Bruselas en avi\u00f3n genera entre 26 y 56 kilos de CO\u2082, mientras que en tren las emisiones son de entre 1,7 y 2 kilos.<\/p><\/blockquote><\/figure>\n\n\n\n<p>El mes que viene le traeremos m\u00e1s sugerencias pr\u00e1cticas para una vida sostenible.<\/p>\n","protected":false},"excerpt":{"rendered":"<p>Si cada vez que tomas una decisi\u00f3n tienes en cuenta su impacto en el cambio clim\u00e1tico, puedes llamarte climarian.<\/p>\n","protected":false},"author":3,"featured_media":41364,"comment_status":"closed","ping_status":"closed","sticky":false,"template":"","format":"standard","meta":{"footnotes":""},"categories":[683,885,913],"tags":[],"class_list":["post-41369","post","type-post","status-publish","format-standard","has-post-thumbnail","hentry","category-iglesia-es","category-medio-ambiente-es","category-sociedad-es"],"yoast_head":"<!-- This site is optimized with the Yoast SEO Premium plugin v27.4 (Yoast SEO v27.4) - https:\/\/yoast.com\/product\/yoast-seo-premium-wordpress\/ -->\n<title>\u00bfQu\u00e9 significa ser &quot;climarian&quot;? Un reto para todos - Schoenstatt<\/title>\n<meta name=\"description\" content=\"Si cada vez que tomas una decisi\u00f3n tienes en cuenta su impacto en el cambio clim\u00e1tico, puedes llamarte climarian.\" \/>\n<meta name=\"robots\" content=\"index, follow, max-snippet:-1, max-image-preview:large, max-video-preview:-1\" \/>\n<link rel=\"canonical\" href=\"https:\/\/schoenstatt.com\/es\/que-significa-ser-climarian-un-reto-para-todos\/\" \/>\n<meta property=\"og:locale\" content=\"es_ES\" \/>\n<meta property=\"og:type\" content=\"article\" \/>\n<meta property=\"og:title\" content=\"\u00bfQu\u00e9 significa ser &quot;climarian&quot;? Un reto para todos\" \/>\n<meta property=\"og:description\" content=\"Si cada vez que tomas una decisi\u00f3n tienes en cuenta su impacto en el cambio clim\u00e1tico, puedes llamarte climarian.\" \/>\n<meta property=\"og:url\" content=\"https:\/\/schoenstatt.com\/es\/que-significa-ser-climarian-un-reto-para-todos\/\" \/>\n<meta property=\"og:site_name\" content=\"Schoenstatt\" \/>\n<meta property=\"article:published_time\" content=\"2024-10-07T01:03:00+00:00\" \/>\n<meta property=\"article:modified_time\" content=\"2025-05-15T16:43:56+00:00\" \/>\n<meta property=\"og:image\" content=\"https:\/\/schoenstatt.com\/wp-content\/uploads\/2024\/10\/ecologia-mae-mater-mta-1.jpg\" \/>\n\t<meta property=\"og:image:width\" content=\"2048\" \/>\n\t<meta property=\"og:image:height\" content=\"1331\" \/>\n\t<meta property=\"og:image:type\" content=\"image\/jpeg\" \/>\n<meta name=\"author\" content=\"Karen Bueno\" \/>\n<meta name=\"twitter:card\" content=\"summary_large_image\" \/>\n<meta name=\"twitter:label1\" content=\"Escrito por\" \/>\n\t<meta name=\"twitter:data1\" content=\"Karen Bueno\" \/>\n\t<meta name=\"twitter:label2\" content=\"Tiempo de lectura\" \/>\n\t<meta name=\"twitter:data2\" content=\"3 minutos\" \/>\n<script type=\"application\/ld+json\" class=\"yoast-schema-graph\">{\"@context\":\"https:\\\/\\\/schema.org\",\"@graph\":[{\"@type\":\"Article\",\"@id\":\"https:\\\/\\\/schoenstatt.com\\\/es\\\/que-significa-ser-climarian-un-reto-para-todos\\\/#article\",\"isPartOf\":{\"@id\":\"https:\\\/\\\/schoenstatt.com\\\/es\\\/que-significa-ser-climarian-un-reto-para-todos\\\/\"},\"author\":{\"name\":\"Karen Bueno\",\"@id\":\"https:\\\/\\\/schoenstatt.com\\\/es\\\/#\\\/schema\\\/person\\\/5158877ad4acae98b34daaeef2a1ce6e\"},\"headline\":\"\u00bfQu\u00e9 significa ser \u00abclimarian\u00bb? Un reto para todos\",\"datePublished\":\"2024-10-07T01:03:00+00:00\",\"dateModified\":\"2025-05-15T16:43:56+00:00\",\"mainEntityOfPage\":{\"@id\":\"https:\\\/\\\/schoenstatt.com\\\/es\\\/que-significa-ser-climarian-un-reto-para-todos\\\/\"},\"wordCount\":908,\"publisher\":{\"@id\":\"https:\\\/\\\/schoenstatt.com\\\/es\\\/#organization\"},\"image\":{\"@id\":\"https:\\\/\\\/schoenstatt.com\\\/es\\\/que-significa-ser-climarian-un-reto-para-todos\\\/#primaryimage\"},\"thumbnailUrl\":\"https:\\\/\\\/schoenstatt.com\\\/wp-content\\\/uploads\\\/2024\\\/10\\\/ecologia-mae-mater-mta-1.jpg\",\"articleSection\":[\"Iglesia\",\"Medio Ambiente\",\"Sociedad\"],\"inLanguage\":\"es\"},{\"@type\":\"WebPage\",\"@id\":\"https:\\\/\\\/schoenstatt.com\\\/es\\\/que-significa-ser-climarian-un-reto-para-todos\\\/\",\"url\":\"https:\\\/\\\/schoenstatt.com\\\/es\\\/que-significa-ser-climarian-un-reto-para-todos\\\/\",\"name\":\"\u00bfQu\u00e9 significa ser \\\"climarian\\\"? Un reto para todos - Schoenstatt\",\"isPartOf\":{\"@id\":\"https:\\\/\\\/schoenstatt.com\\\/es\\\/#website\"},\"primaryImageOfPage\":{\"@id\":\"https:\\\/\\\/schoenstatt.com\\\/es\\\/que-significa-ser-climarian-un-reto-para-todos\\\/#primaryimage\"},\"image\":{\"@id\":\"https:\\\/\\\/schoenstatt.com\\\/es\\\/que-significa-ser-climarian-un-reto-para-todos\\\/#primaryimage\"},\"thumbnailUrl\":\"https:\\\/\\\/schoenstatt.com\\\/wp-content\\\/uploads\\\/2024\\\/10\\\/ecologia-mae-mater-mta-1.jpg\",\"datePublished\":\"2024-10-07T01:03:00+00:00\",\"dateModified\":\"2025-05-15T16:43:56+00:00\",\"description\":\"Si cada vez que tomas una decisi\u00f3n tienes en cuenta su impacto en el cambio clim\u00e1tico, puedes llamarte climarian.\",\"breadcrumb\":{\"@id\":\"https:\\\/\\\/schoenstatt.com\\\/es\\\/que-significa-ser-climarian-un-reto-para-todos\\\/#breadcrumb\"},\"inLanguage\":\"es\",\"potentialAction\":[{\"@type\":\"ReadAction\",\"target\":[\"https:\\\/\\\/schoenstatt.com\\\/es\\\/que-significa-ser-climarian-un-reto-para-todos\\\/\"]}]},{\"@type\":\"ImageObject\",\"inLanguage\":\"es\",\"@id\":\"https:\\\/\\\/schoenstatt.com\\\/es\\\/que-significa-ser-climarian-un-reto-para-todos\\\/#primaryimage\",\"url\":\"https:\\\/\\\/schoenstatt.com\\\/wp-content\\\/uploads\\\/2024\\\/10\\\/ecologia-mae-mater-mta-1.jpg\",\"contentUrl\":\"https:\\\/\\\/schoenstatt.com\\\/wp-content\\\/uploads\\\/2024\\\/10\\\/ecologia-mae-mater-mta-1.jpg\",\"width\":2048,\"height\":1331},{\"@type\":\"BreadcrumbList\",\"@id\":\"https:\\\/\\\/schoenstatt.com\\\/es\\\/que-significa-ser-climarian-un-reto-para-todos\\\/#breadcrumb\",\"itemListElement\":[{\"@type\":\"ListItem\",\"position\":1,\"name\":\"Portada\",\"item\":\"https:\\\/\\\/schoenstatt.com\\\/es\\\/home\\\/\"},{\"@type\":\"ListItem\",\"position\":2,\"name\":\"\u00bfQu\u00e9 significa ser \u00abclimarian\u00bb? Un reto para todos\"}]},{\"@type\":\"WebSite\",\"@id\":\"https:\\\/\\\/schoenstatt.com\\\/es\\\/#website\",\"url\":\"https:\\\/\\\/schoenstatt.com\\\/es\\\/\",\"name\":\"Schoenstatt\",\"description\":\"Apostolic Movement\",\"publisher\":{\"@id\":\"https:\\\/\\\/schoenstatt.com\\\/es\\\/#organization\"},\"potentialAction\":[{\"@type\":\"SearchAction\",\"target\":{\"@type\":\"EntryPoint\",\"urlTemplate\":\"https:\\\/\\\/schoenstatt.com\\\/es\\\/?s={search_term_string}\"},\"query-input\":{\"@type\":\"PropertyValueSpecification\",\"valueRequired\":true,\"valueName\":\"search_term_string\"}}],\"inLanguage\":\"es\"},{\"@type\":\"Organization\",\"@id\":\"https:\\\/\\\/schoenstatt.com\\\/es\\\/#organization\",\"name\":\"Schoenstatt\",\"url\":\"https:\\\/\\\/schoenstatt.com\\\/es\\\/\",\"logo\":{\"@type\":\"ImageObject\",\"inLanguage\":\"es\",\"@id\":\"https:\\\/\\\/schoenstatt.com\\\/es\\\/#\\\/schema\\\/logo\\\/image\\\/\",\"url\":\"https:\\\/\\\/schoenstatt.com\\\/wp-content\\\/uploads\\\/2025\\\/04\\\/logo-schoenstatt-white-696x696-1.png\",\"contentUrl\":\"https:\\\/\\\/schoenstatt.com\\\/wp-content\\\/uploads\\\/2025\\\/04\\\/logo-schoenstatt-white-696x696-1.png\",\"width\":696,\"height\":694,\"caption\":\"Schoenstatt\"},\"image\":{\"@id\":\"https:\\\/\\\/schoenstatt.com\\\/es\\\/#\\\/schema\\\/logo\\\/image\\\/\"}},{\"@type\":\"Person\",\"@id\":\"https:\\\/\\\/schoenstatt.com\\\/es\\\/#\\\/schema\\\/person\\\/5158877ad4acae98b34daaeef2a1ce6e\",\"name\":\"Karen Bueno\",\"image\":{\"@type\":\"ImageObject\",\"inLanguage\":\"es\",\"@id\":\"https:\\\/\\\/secure.gravatar.com\\\/avatar\\\/f9f4b823873154269d2b2130f195f6d41037dd0d7fc5f3cacb5c846bae70d66b?s=96&d=mm&r=g\",\"url\":\"https:\\\/\\\/secure.gravatar.com\\\/avatar\\\/f9f4b823873154269d2b2130f195f6d41037dd0d7fc5f3cacb5c846bae70d66b?s=96&d=mm&r=g\",\"contentUrl\":\"https:\\\/\\\/secure.gravatar.com\\\/avatar\\\/f9f4b823873154269d2b2130f195f6d41037dd0d7fc5f3cacb5c846bae70d66b?s=96&d=mm&r=g\",\"caption\":\"Karen Bueno\"},\"url\":\"https:\\\/\\\/schoenstatt.com\\\/es\\\/author\\\/karen-bueno\\\/\"}]}<\/script>\n<!-- \/ Yoast SEO Premium plugin. -->","yoast_head_json":{"title":"\u00bfQu\u00e9 significa ser \"climarian\"? Un reto para todos - Schoenstatt","description":"Si cada vez que tomas una decisi\u00f3n tienes en cuenta su impacto en el cambio clim\u00e1tico, puedes llamarte climarian.","robots":{"index":"index","follow":"follow","max-snippet":"max-snippet:-1","max-image-preview":"max-image-preview:large","max-video-preview":"max-video-preview:-1"},"canonical":"https:\/\/schoenstatt.com\/es\/que-significa-ser-climarian-un-reto-para-todos\/","og_locale":"es_ES","og_type":"article","og_title":"\u00bfQu\u00e9 significa ser \"climarian\"? Un reto para todos","og_description":"Si cada vez que tomas una decisi\u00f3n tienes en cuenta su impacto en el cambio clim\u00e1tico, puedes llamarte climarian.","og_url":"https:\/\/schoenstatt.com\/es\/que-significa-ser-climarian-un-reto-para-todos\/","og_site_name":"Schoenstatt","article_published_time":"2024-10-07T01:03:00+00:00","article_modified_time":"2025-05-15T16:43:56+00:00","og_image":[{"width":2048,"height":1331,"url":"https:\/\/schoenstatt.com\/wp-content\/uploads\/2024\/10\/ecologia-mae-mater-mta-1.jpg","type":"image\/jpeg"}],"author":"Karen Bueno","twitter_card":"summary_large_image","twitter_misc":{"Escrito por":"Karen Bueno","Tiempo de lectura":"3 minutos"},"schema":{"@context":"https:\/\/schema.org","@graph":[{"@type":"Article","@id":"https:\/\/schoenstatt.com\/es\/que-significa-ser-climarian-un-reto-para-todos\/#article","isPartOf":{"@id":"https:\/\/schoenstatt.com\/es\/que-significa-ser-climarian-un-reto-para-todos\/"},"author":{"name":"Karen Bueno","@id":"https:\/\/schoenstatt.com\/es\/#\/schema\/person\/5158877ad4acae98b34daaeef2a1ce6e"},"headline":"\u00bfQu\u00e9 significa ser \u00abclimarian\u00bb? Un reto para todos","datePublished":"2024-10-07T01:03:00+00:00","dateModified":"2025-05-15T16:43:56+00:00","mainEntityOfPage":{"@id":"https:\/\/schoenstatt.com\/es\/que-significa-ser-climarian-un-reto-para-todos\/"},"wordCount":908,"publisher":{"@id":"https:\/\/schoenstatt.com\/es\/#organization"},"image":{"@id":"https:\/\/schoenstatt.com\/es\/que-significa-ser-climarian-un-reto-para-todos\/#primaryimage"},"thumbnailUrl":"https:\/\/schoenstatt.com\/wp-content\/uploads\/2024\/10\/ecologia-mae-mater-mta-1.jpg","articleSection":["Iglesia","Medio Ambiente","Sociedad"],"inLanguage":"es"},{"@type":"WebPage","@id":"https:\/\/schoenstatt.com\/es\/que-significa-ser-climarian-un-reto-para-todos\/","url":"https:\/\/schoenstatt.com\/es\/que-significa-ser-climarian-un-reto-para-todos\/","name":"\u00bfQu\u00e9 significa ser \"climarian\"? Un reto para todos - Schoenstatt","isPartOf":{"@id":"https:\/\/schoenstatt.com\/es\/#website"},"primaryImageOfPage":{"@id":"https:\/\/schoenstatt.com\/es\/que-significa-ser-climarian-un-reto-para-todos\/#primaryimage"},"image":{"@id":"https:\/\/schoenstatt.com\/es\/que-significa-ser-climarian-un-reto-para-todos\/#primaryimage"},"thumbnailUrl":"https:\/\/schoenstatt.com\/wp-content\/uploads\/2024\/10\/ecologia-mae-mater-mta-1.jpg","datePublished":"2024-10-07T01:03:00+00:00","dateModified":"2025-05-15T16:43:56+00:00","description":"Si cada vez que tomas una decisi\u00f3n tienes en cuenta su impacto en el cambio clim\u00e1tico, puedes llamarte climarian.","breadcrumb":{"@id":"https:\/\/schoenstatt.com\/es\/que-significa-ser-climarian-un-reto-para-todos\/#breadcrumb"},"inLanguage":"es","potentialAction":[{"@type":"ReadAction","target":["https:\/\/schoenstatt.com\/es\/que-significa-ser-climarian-un-reto-para-todos\/"]}]},{"@type":"ImageObject","inLanguage":"es","@id":"https:\/\/schoenstatt.com\/es\/que-significa-ser-climarian-un-reto-para-todos\/#primaryimage","url":"https:\/\/schoenstatt.com\/wp-content\/uploads\/2024\/10\/ecologia-mae-mater-mta-1.jpg","contentUrl":"https:\/\/schoenstatt.com\/wp-content\/uploads\/2024\/10\/ecologia-mae-mater-mta-1.jpg","width":2048,"height":1331},{"@type":"BreadcrumbList","@id":"https:\/\/schoenstatt.com\/es\/que-significa-ser-climarian-un-reto-para-todos\/#breadcrumb","itemListElement":[{"@type":"ListItem","position":1,"name":"Portada","item":"https:\/\/schoenstatt.com\/es\/home\/"},{"@type":"ListItem","position":2,"name":"\u00bfQu\u00e9 significa ser \u00abclimarian\u00bb? Un reto para todos"}]},{"@type":"WebSite","@id":"https:\/\/schoenstatt.com\/es\/#website","url":"https:\/\/schoenstatt.com\/es\/","name":"Schoenstatt","description":"Apostolic Movement","publisher":{"@id":"https:\/\/schoenstatt.com\/es\/#organization"},"potentialAction":[{"@type":"SearchAction","target":{"@type":"EntryPoint","urlTemplate":"https:\/\/schoenstatt.com\/es\/?s={search_term_string}"},"query-input":{"@type":"PropertyValueSpecification","valueRequired":true,"valueName":"search_term_string"}}],"inLanguage":"es"},{"@type":"Organization","@id":"https:\/\/schoenstatt.com\/es\/#organization","name":"Schoenstatt","url":"https:\/\/schoenstatt.com\/es\/","logo":{"@type":"ImageObject","inLanguage":"es","@id":"https:\/\/schoenstatt.com\/es\/#\/schema\/logo\/image\/","url":"https:\/\/schoenstatt.com\/wp-content\/uploads\/2025\/04\/logo-schoenstatt-white-696x696-1.png","contentUrl":"https:\/\/schoenstatt.com\/wp-content\/uploads\/2025\/04\/logo-schoenstatt-white-696x696-1.png","width":696,"height":694,"caption":"Schoenstatt"},"image":{"@id":"https:\/\/schoenstatt.com\/es\/#\/schema\/logo\/image\/"}},{"@type":"Person","@id":"https:\/\/schoenstatt.com\/es\/#\/schema\/person\/5158877ad4acae98b34daaeef2a1ce6e","name":"Karen Bueno","image":{"@type":"ImageObject","inLanguage":"es","@id":"https:\/\/secure.gravatar.com\/avatar\/f9f4b823873154269d2b2130f195f6d41037dd0d7fc5f3cacb5c846bae70d66b?s=96&d=mm&r=g","url":"https:\/\/secure.gravatar.com\/avatar\/f9f4b823873154269d2b2130f195f6d41037dd0d7fc5f3cacb5c846bae70d66b?s=96&d=mm&r=g","contentUrl":"https:\/\/secure.gravatar.com\/avatar\/f9f4b823873154269d2b2130f195f6d41037dd0d7fc5f3cacb5c846bae70d66b?s=96&d=mm&r=g","caption":"Karen Bueno"},"url":"https:\/\/schoenstatt.com\/es\/author\/karen-bueno\/"}]}},"_links":{"self":[{"href":"https:\/\/schoenstatt.com\/es\/wp-json\/wp\/v2\/posts\/41369","targetHints":{"allow":["GET"]}}],"collection":[{"href":"https:\/\/schoenstatt.com\/es\/wp-json\/wp\/v2\/posts"}],"about":[{"href":"https:\/\/schoenstatt.com\/es\/wp-json\/wp\/v2\/types\/post"}],"author":[{"embeddable":true,"href":"https:\/\/schoenstatt.com\/es\/wp-json\/wp\/v2\/users\/3"}],"replies":[{"embeddable":true,"href":"https:\/\/schoenstatt.com\/es\/wp-json\/wp\/v2\/comments?post=41369"}],"version-history":[{"count":1,"href":"https:\/\/schoenstatt.com\/es\/wp-json\/wp\/v2\/posts\/41369\/revisions"}],"predecessor-version":[{"id":47071,"href":"https:\/\/schoenstatt.com\/es\/wp-json\/wp\/v2\/posts\/41369\/revisions\/47071"}],"wp:featuredmedia":[{"embeddable":true,"href":"https:\/\/schoenstatt.com\/es\/wp-json\/wp\/v2\/media\/41364"}],"wp:attachment":[{"href":"https:\/\/schoenstatt.com\/es\/wp-json\/wp\/v2\/media?parent=41369"}],"wp:term":[{"taxonomy":"category","embeddable":true,"href":"https:\/\/schoenstatt.com\/es\/wp-json\/wp\/v2\/categories?post=41369"},{"taxonomy":"post_tag","embeddable":true,"href":"https:\/\/schoenstatt.com\/es\/wp-json\/wp\/v2\/tags?post=41369"}],"curies":[{"name":"wp","href":"https:\/\/api.w.org\/{rel}","templated":true}]}}