{"id":41340,"date":"2024-10-01T15:16:44","date_gmt":"2024-10-01T13:16:44","guid":{"rendered":"https:\/\/schoenstatt.com\/?p=41340"},"modified":"2025-05-15T18:32:54","modified_gmt":"2025-05-15T16:32:54","slug":"el-papa-invita-a-rezar-en-octubre-por-una-mision-compartida","status":"publish","type":"post","link":"https:\/\/schoenstatt.com\/es\/el-papa-invita-a-rezar-en-octubre-por-una-mision-compartida\/","title":{"rendered":"El Papa invita a rezar en octubre \u00abPor una misi\u00f3n compartida\u00bb"},"content":{"rendered":"\n<p>\u201cPor una misi\u00f3n compartida\u201d es la intenci\u00f3n de oraci\u00f3n elegida por el Papa Francisco para el mes de octubre: un tema vinculado a la asamblea general del S\u00ednodo que se avecina, y sobre el que el Papa reflexiona en el mensaje confiado a su Red Mundial de Oraci\u00f3n. Pide a todos los cristianos -laicos, sacerdotes, religiosos- \u201ccaminar juntos recorriendo el camino de la sinodalidad\u201d, explicando que \u201csomos corresponsables en la misi\u00f3n, participamos y vivimos en comuni\u00f3n de la Iglesia\u201d.<\/p>\n\n\n\n<p>En el signo de la sinodalidad est\u00e1 tambi\u00e9n la realizaci\u00f3n del v\u00eddeo que acompa\u00f1a sus palabras: las im\u00e1genes producidas por la di\u00f3cesis de Brooklyn, con la ayuda de DeSales Media, la colaboraci\u00f3n de la propia Secretar\u00eda General del S\u00ednodo, y el apoyo de la Fondazione Pro Rete Mondiale di Preghiera del Papa.<\/p>\n\n\n\n<figure class=\"wp-block-embed is-type-video is-provider-youtube wp-block-embed-youtube wp-embed-aspect-16-9 wp-has-aspect-ratio\"><div class=\"wp-block-embed__wrapper\">\n<iframe title=\"Por una misi\u00f3n compartida \u2013 El Video del Papa 10 \u2013 Octubre 2024\" width=\"800\" height=\"450\" src=\"https:\/\/www.youtube.com\/embed\/OcG9q_lcsQc?feature=oembed\" frameborder=\"0\" allow=\"accelerometer; autoplay; clipboard-write; encrypted-media; gyroscope; picture-in-picture; web-share\" referrerpolicy=\"strict-origin-when-cross-origin\" allowfullscreen><\/iframe>\n<\/div><\/figure>\n\n\n\n<h2 class=\"wp-block-heading\" id=\"h-trabajar-juntos\"><strong>Trabajar juntos<\/strong><\/h2>\n\n\n\n<p>Tanto si se es \u201cconductor de autob\u00fas\u201d como \u201ccampesina\u201d o \u201cpescador\u201d, subray\u00f3 Francisco, la misi\u00f3n es la misma: \u201cdar testimonio con la propia vida\u201d, \u201ccada uno aportando lo que mejor sabe hacer\u201d. En esta corresponsabilidad se trabaja juntos, independientemente de la vocaci\u00f3n de cada uno: \u201cLos sacerdotes no somos los jefes de los laicos, sino sus pastores. Jes\u00fas nos ha llamado a unos y a otros, no a unos por encima de los otros, sino complement\u00e1ndonos\u201d, explica al comienzo de su mensaje. Y a\u00f1ade, poco despu\u00e9s: \u201cLos laicos, los bautizados, est\u00e1n en la Iglesia en su propia casa, y tienen que cuidarla. Lo mismo que nosotros, los sacerdotes, los consagrados\u201d.<\/p>\n\n\n\n<h2 class=\"wp-block-heading\" id=\"h-una-mision-compartida\"><strong>Una misi\u00f3n compartida<\/strong><\/h2>\n\n\n\n<p>Las im\u00e1genes que acompa\u00f1an el mensaje de Francisco cuentan precisamente la riqueza del pueblo santo de Dios (Lumen Gentium, 12): los diversos ministros dentro y fuera de las parroquias, los distintos carismas, los momentos de vida en com\u00fan.<\/p>\n\n\n\n<p>Rezamos para que la Iglesia siga apoyando un estilo de vida sinodal en todos los sentidos, como signo de corresponsabilidad, promoviendo la participaci\u00f3n, la comuni\u00f3n y la misi\u00f3n compartida entre sacerdotes, religiosos y laicos.<\/p>\n\n\n\n<p><strong>Fuente:<\/strong> <mark style=\"background-color:rgba(0, 0, 0, 0);color:#ca6d18\" class=\"has-inline-color\"><a href=\"https:\/\/www.vaticannews.va\/es\/papa\/news\/2024-09\/papa-invita-rezar-octubre-por-una-mision-compartida.html\" target=\"_blank\" rel=\"noreferrer noopener\">vaticannews.va\/es<\/a><\/mark><\/p>\n","protected":false},"excerpt":{"rendered":"<p>En su intenci\u00f3n de oraci\u00f3n para el mes de octubre, Francisco invita a rezar por un \u201cestilo de vida sinodal, bajo el signo de la corresponsabilidad\u201d, <\/p>\n","protected":false},"author":3,"featured_media":41336,"comment_status":"closed","ping_status":"closed","sticky":false,"template":"","format":"standard","meta":{"footnotes":""},"categories":[683,800],"tags":[],"class_list":["post-41340","post","type-post","status-publish","format-standard","has-post-thumbnail","hentry","category-iglesia-es","category-papa-francisco-es"],"yoast_head":"<!-- This site is optimized with the Yoast SEO Premium plugin v27.4 (Yoast SEO v27.5) - https:\/\/yoast.com\/product\/yoast-seo-premium-wordpress\/ -->\n<title>El Papa invita a rezar en octubre &quot;Por una misi\u00f3n compartida&quot; - Schoenstatt<\/title>\n<meta name=\"description\" content=\"En su intenci\u00f3n de oraci\u00f3n para octubre, el Papa invita a rezar por un \u201cestilo de vida sinodal, bajo el signo de la corresponsabilidad\u201d\" \/>\n<meta name=\"robots\" content=\"index, follow, max-snippet:-1, max-image-preview:large, max-video-preview:-1\" \/>\n<link rel=\"canonical\" href=\"https:\/\/schoenstatt.com\/es\/el-papa-invita-a-rezar-en-octubre-por-una-mision-compartida\/\" \/>\n<meta property=\"og:locale\" content=\"es_ES\" \/>\n<meta property=\"og:type\" content=\"article\" \/>\n<meta property=\"og:title\" content=\"El Papa invita a rezar en octubre &quot;Por una misi\u00f3n compartida&quot;\" \/>\n<meta property=\"og:description\" content=\"En su intenci\u00f3n de oraci\u00f3n para octubre, el Papa invita a rezar por un \u201cestilo de vida sinodal, bajo el signo de la corresponsabilidad\u201d\" \/>\n<meta property=\"og:url\" content=\"https:\/\/schoenstatt.com\/es\/el-papa-invita-a-rezar-en-octubre-por-una-mision-compartida\/\" \/>\n<meta property=\"og:site_name\" content=\"Schoenstatt\" \/>\n<meta property=\"article:published_time\" content=\"2024-10-01T13:16:44+00:00\" \/>\n<meta property=\"article:modified_time\" content=\"2025-05-15T16:32:54+00:00\" \/>\n<meta property=\"og:image\" content=\"https:\/\/schoenstatt.com\/wp-content\/uploads\/2024\/10\/papa-pope-papst-1.jpg\" \/>\n\t<meta property=\"og:image:width\" content=\"2048\" \/>\n\t<meta property=\"og:image:height\" content=\"1139\" \/>\n\t<meta property=\"og:image:type\" content=\"image\/jpeg\" \/>\n<meta name=\"author\" content=\"Karen Bueno\" \/>\n<meta name=\"twitter:card\" content=\"summary_large_image\" \/>\n<meta name=\"twitter:label1\" content=\"Escrito por\" \/>\n\t<meta name=\"twitter:data1\" content=\"Karen Bueno\" \/>\n\t<meta name=\"twitter:label2\" content=\"Tiempo de lectura\" \/>\n\t<meta name=\"twitter:data2\" content=\"2 minutos\" \/>\n<script type=\"application\/ld+json\" class=\"yoast-schema-graph\">{\"@context\":\"https:\\\/\\\/schema.org\",\"@graph\":[{\"@type\":\"Article\",\"@id\":\"https:\\\/\\\/schoenstatt.com\\\/es\\\/el-papa-invita-a-rezar-en-octubre-por-una-mision-compartida\\\/#article\",\"isPartOf\":{\"@id\":\"https:\\\/\\\/schoenstatt.com\\\/es\\\/el-papa-invita-a-rezar-en-octubre-por-una-mision-compartida\\\/\"},\"author\":{\"name\":\"Karen Bueno\",\"@id\":\"https:\\\/\\\/schoenstatt.com\\\/es\\\/#\\\/schema\\\/person\\\/5158877ad4acae98b34daaeef2a1ce6e\"},\"headline\":\"El Papa invita a rezar en octubre \u00abPor una misi\u00f3n compartida\u00bb\",\"datePublished\":\"2024-10-01T13:16:44+00:00\",\"dateModified\":\"2025-05-15T16:32:54+00:00\",\"mainEntityOfPage\":{\"@id\":\"https:\\\/\\\/schoenstatt.com\\\/es\\\/el-papa-invita-a-rezar-en-octubre-por-una-mision-compartida\\\/\"},\"wordCount\":373,\"publisher\":{\"@id\":\"https:\\\/\\\/schoenstatt.com\\\/es\\\/#organization\"},\"image\":{\"@id\":\"https:\\\/\\\/schoenstatt.com\\\/es\\\/el-papa-invita-a-rezar-en-octubre-por-una-mision-compartida\\\/#primaryimage\"},\"thumbnailUrl\":\"https:\\\/\\\/schoenstatt.com\\\/wp-content\\\/uploads\\\/2024\\\/10\\\/papa-pope-papst-1.jpg\",\"articleSection\":[\"Iglesia\",\"Papa Francisco\"],\"inLanguage\":\"es\"},{\"@type\":\"WebPage\",\"@id\":\"https:\\\/\\\/schoenstatt.com\\\/es\\\/el-papa-invita-a-rezar-en-octubre-por-una-mision-compartida\\\/\",\"url\":\"https:\\\/\\\/schoenstatt.com\\\/es\\\/el-papa-invita-a-rezar-en-octubre-por-una-mision-compartida\\\/\",\"name\":\"El Papa invita a rezar en octubre \\\"Por una misi\u00f3n compartida\\\" - Schoenstatt\",\"isPartOf\":{\"@id\":\"https:\\\/\\\/schoenstatt.com\\\/es\\\/#website\"},\"primaryImageOfPage\":{\"@id\":\"https:\\\/\\\/schoenstatt.com\\\/es\\\/el-papa-invita-a-rezar-en-octubre-por-una-mision-compartida\\\/#primaryimage\"},\"image\":{\"@id\":\"https:\\\/\\\/schoenstatt.com\\\/es\\\/el-papa-invita-a-rezar-en-octubre-por-una-mision-compartida\\\/#primaryimage\"},\"thumbnailUrl\":\"https:\\\/\\\/schoenstatt.com\\\/wp-content\\\/uploads\\\/2024\\\/10\\\/papa-pope-papst-1.jpg\",\"datePublished\":\"2024-10-01T13:16:44+00:00\",\"dateModified\":\"2025-05-15T16:32:54+00:00\",\"description\":\"En su intenci\u00f3n de oraci\u00f3n para octubre, el Papa invita a rezar por un \u201cestilo de vida sinodal, bajo el signo de la corresponsabilidad\u201d\",\"breadcrumb\":{\"@id\":\"https:\\\/\\\/schoenstatt.com\\\/es\\\/el-papa-invita-a-rezar-en-octubre-por-una-mision-compartida\\\/#breadcrumb\"},\"inLanguage\":\"es\",\"potentialAction\":[{\"@type\":\"ReadAction\",\"target\":[\"https:\\\/\\\/schoenstatt.com\\\/es\\\/el-papa-invita-a-rezar-en-octubre-por-una-mision-compartida\\\/\"]}]},{\"@type\":\"ImageObject\",\"inLanguage\":\"es\",\"@id\":\"https:\\\/\\\/schoenstatt.com\\\/es\\\/el-papa-invita-a-rezar-en-octubre-por-una-mision-compartida\\\/#primaryimage\",\"url\":\"https:\\\/\\\/schoenstatt.com\\\/wp-content\\\/uploads\\\/2024\\\/10\\\/papa-pope-papst-1.jpg\",\"contentUrl\":\"https:\\\/\\\/schoenstatt.com\\\/wp-content\\\/uploads\\\/2024\\\/10\\\/papa-pope-papst-1.jpg\",\"width\":2048,\"height\":1139},{\"@type\":\"BreadcrumbList\",\"@id\":\"https:\\\/\\\/schoenstatt.com\\\/es\\\/el-papa-invita-a-rezar-en-octubre-por-una-mision-compartida\\\/#breadcrumb\",\"itemListElement\":[{\"@type\":\"ListItem\",\"position\":1,\"name\":\"Portada\",\"item\":\"https:\\\/\\\/schoenstatt.com\\\/es\\\/home\\\/\"},{\"@type\":\"ListItem\",\"position\":2,\"name\":\"El Papa invita a rezar en octubre \u00abPor una misi\u00f3n compartida\u00bb\"}]},{\"@type\":\"WebSite\",\"@id\":\"https:\\\/\\\/schoenstatt.com\\\/es\\\/#website\",\"url\":\"https:\\\/\\\/schoenstatt.com\\\/es\\\/\",\"name\":\"Schoenstatt\",\"description\":\"Apostolic Movement\",\"publisher\":{\"@id\":\"https:\\\/\\\/schoenstatt.com\\\/es\\\/#organization\"},\"potentialAction\":[{\"@type\":\"SearchAction\",\"target\":{\"@type\":\"EntryPoint\",\"urlTemplate\":\"https:\\\/\\\/schoenstatt.com\\\/es\\\/?s={search_term_string}\"},\"query-input\":{\"@type\":\"PropertyValueSpecification\",\"valueRequired\":true,\"valueName\":\"search_term_string\"}}],\"inLanguage\":\"es\"},{\"@type\":\"Organization\",\"@id\":\"https:\\\/\\\/schoenstatt.com\\\/es\\\/#organization\",\"name\":\"Schoenstatt\",\"url\":\"https:\\\/\\\/schoenstatt.com\\\/es\\\/\",\"logo\":{\"@type\":\"ImageObject\",\"inLanguage\":\"es\",\"@id\":\"https:\\\/\\\/schoenstatt.com\\\/es\\\/#\\\/schema\\\/logo\\\/image\\\/\",\"url\":\"https:\\\/\\\/schoenstatt.com\\\/wp-content\\\/uploads\\\/2025\\\/04\\\/logo-schoenstatt-white-696x696-1.png\",\"contentUrl\":\"https:\\\/\\\/schoenstatt.com\\\/wp-content\\\/uploads\\\/2025\\\/04\\\/logo-schoenstatt-white-696x696-1.png\",\"width\":696,\"height\":694,\"caption\":\"Schoenstatt\"},\"image\":{\"@id\":\"https:\\\/\\\/schoenstatt.com\\\/es\\\/#\\\/schema\\\/logo\\\/image\\\/\"}},{\"@type\":\"Person\",\"@id\":\"https:\\\/\\\/schoenstatt.com\\\/es\\\/#\\\/schema\\\/person\\\/5158877ad4acae98b34daaeef2a1ce6e\",\"name\":\"Karen Bueno\",\"image\":{\"@type\":\"ImageObject\",\"inLanguage\":\"es\",\"@id\":\"https:\\\/\\\/secure.gravatar.com\\\/avatar\\\/f9f4b823873154269d2b2130f195f6d41037dd0d7fc5f3cacb5c846bae70d66b?s=96&d=mm&r=g\",\"url\":\"https:\\\/\\\/secure.gravatar.com\\\/avatar\\\/f9f4b823873154269d2b2130f195f6d41037dd0d7fc5f3cacb5c846bae70d66b?s=96&d=mm&r=g\",\"contentUrl\":\"https:\\\/\\\/secure.gravatar.com\\\/avatar\\\/f9f4b823873154269d2b2130f195f6d41037dd0d7fc5f3cacb5c846bae70d66b?s=96&d=mm&r=g\",\"caption\":\"Karen Bueno\"},\"url\":\"https:\\\/\\\/schoenstatt.com\\\/es\\\/author\\\/karen-bueno\\\/\"}]}<\/script>\n<!-- \/ Yoast SEO Premium plugin. -->","yoast_head_json":{"title":"El Papa invita a rezar en octubre \"Por una misi\u00f3n compartida\" - Schoenstatt","description":"En su intenci\u00f3n de oraci\u00f3n para octubre, el Papa invita a rezar por un \u201cestilo de vida sinodal, bajo el signo de la corresponsabilidad\u201d","robots":{"index":"index","follow":"follow","max-snippet":"max-snippet:-1","max-image-preview":"max-image-preview:large","max-video-preview":"max-video-preview:-1"},"canonical":"https:\/\/schoenstatt.com\/es\/el-papa-invita-a-rezar-en-octubre-por-una-mision-compartida\/","og_locale":"es_ES","og_type":"article","og_title":"El Papa invita a rezar en octubre \"Por una misi\u00f3n compartida\"","og_description":"En su intenci\u00f3n de oraci\u00f3n para octubre, el Papa invita a rezar por un \u201cestilo de vida sinodal, bajo el signo de la corresponsabilidad\u201d","og_url":"https:\/\/schoenstatt.com\/es\/el-papa-invita-a-rezar-en-octubre-por-una-mision-compartida\/","og_site_name":"Schoenstatt","article_published_time":"2024-10-01T13:16:44+00:00","article_modified_time":"2025-05-15T16:32:54+00:00","og_image":[{"width":2048,"height":1139,"url":"https:\/\/schoenstatt.com\/wp-content\/uploads\/2024\/10\/papa-pope-papst-1.jpg","type":"image\/jpeg"}],"author":"Karen Bueno","twitter_card":"summary_large_image","twitter_misc":{"Escrito por":"Karen Bueno","Tiempo de lectura":"2 minutos"},"schema":{"@context":"https:\/\/schema.org","@graph":[{"@type":"Article","@id":"https:\/\/schoenstatt.com\/es\/el-papa-invita-a-rezar-en-octubre-por-una-mision-compartida\/#article","isPartOf":{"@id":"https:\/\/schoenstatt.com\/es\/el-papa-invita-a-rezar-en-octubre-por-una-mision-compartida\/"},"author":{"name":"Karen Bueno","@id":"https:\/\/schoenstatt.com\/es\/#\/schema\/person\/5158877ad4acae98b34daaeef2a1ce6e"},"headline":"El Papa invita a rezar en octubre \u00abPor una misi\u00f3n compartida\u00bb","datePublished":"2024-10-01T13:16:44+00:00","dateModified":"2025-05-15T16:32:54+00:00","mainEntityOfPage":{"@id":"https:\/\/schoenstatt.com\/es\/el-papa-invita-a-rezar-en-octubre-por-una-mision-compartida\/"},"wordCount":373,"publisher":{"@id":"https:\/\/schoenstatt.com\/es\/#organization"},"image":{"@id":"https:\/\/schoenstatt.com\/es\/el-papa-invita-a-rezar-en-octubre-por-una-mision-compartida\/#primaryimage"},"thumbnailUrl":"https:\/\/schoenstatt.com\/wp-content\/uploads\/2024\/10\/papa-pope-papst-1.jpg","articleSection":["Iglesia","Papa Francisco"],"inLanguage":"es"},{"@type":"WebPage","@id":"https:\/\/schoenstatt.com\/es\/el-papa-invita-a-rezar-en-octubre-por-una-mision-compartida\/","url":"https:\/\/schoenstatt.com\/es\/el-papa-invita-a-rezar-en-octubre-por-una-mision-compartida\/","name":"El Papa invita a rezar en octubre \"Por una misi\u00f3n compartida\" - Schoenstatt","isPartOf":{"@id":"https:\/\/schoenstatt.com\/es\/#website"},"primaryImageOfPage":{"@id":"https:\/\/schoenstatt.com\/es\/el-papa-invita-a-rezar-en-octubre-por-una-mision-compartida\/#primaryimage"},"image":{"@id":"https:\/\/schoenstatt.com\/es\/el-papa-invita-a-rezar-en-octubre-por-una-mision-compartida\/#primaryimage"},"thumbnailUrl":"https:\/\/schoenstatt.com\/wp-content\/uploads\/2024\/10\/papa-pope-papst-1.jpg","datePublished":"2024-10-01T13:16:44+00:00","dateModified":"2025-05-15T16:32:54+00:00","description":"En su intenci\u00f3n de oraci\u00f3n para octubre, el Papa invita a rezar por un \u201cestilo de vida sinodal, bajo el signo de la corresponsabilidad\u201d","breadcrumb":{"@id":"https:\/\/schoenstatt.com\/es\/el-papa-invita-a-rezar-en-octubre-por-una-mision-compartida\/#breadcrumb"},"inLanguage":"es","potentialAction":[{"@type":"ReadAction","target":["https:\/\/schoenstatt.com\/es\/el-papa-invita-a-rezar-en-octubre-por-una-mision-compartida\/"]}]},{"@type":"ImageObject","inLanguage":"es","@id":"https:\/\/schoenstatt.com\/es\/el-papa-invita-a-rezar-en-octubre-por-una-mision-compartida\/#primaryimage","url":"https:\/\/schoenstatt.com\/wp-content\/uploads\/2024\/10\/papa-pope-papst-1.jpg","contentUrl":"https:\/\/schoenstatt.com\/wp-content\/uploads\/2024\/10\/papa-pope-papst-1.jpg","width":2048,"height":1139},{"@type":"BreadcrumbList","@id":"https:\/\/schoenstatt.com\/es\/el-papa-invita-a-rezar-en-octubre-por-una-mision-compartida\/#breadcrumb","itemListElement":[{"@type":"ListItem","position":1,"name":"Portada","item":"https:\/\/schoenstatt.com\/es\/home\/"},{"@type":"ListItem","position":2,"name":"El Papa invita a rezar en octubre \u00abPor una misi\u00f3n compartida\u00bb"}]},{"@type":"WebSite","@id":"https:\/\/schoenstatt.com\/es\/#website","url":"https:\/\/schoenstatt.com\/es\/","name":"Schoenstatt","description":"Apostolic Movement","publisher":{"@id":"https:\/\/schoenstatt.com\/es\/#organization"},"potentialAction":[{"@type":"SearchAction","target":{"@type":"EntryPoint","urlTemplate":"https:\/\/schoenstatt.com\/es\/?s={search_term_string}"},"query-input":{"@type":"PropertyValueSpecification","valueRequired":true,"valueName":"search_term_string"}}],"inLanguage":"es"},{"@type":"Organization","@id":"https:\/\/schoenstatt.com\/es\/#organization","name":"Schoenstatt","url":"https:\/\/schoenstatt.com\/es\/","logo":{"@type":"ImageObject","inLanguage":"es","@id":"https:\/\/schoenstatt.com\/es\/#\/schema\/logo\/image\/","url":"https:\/\/schoenstatt.com\/wp-content\/uploads\/2025\/04\/logo-schoenstatt-white-696x696-1.png","contentUrl":"https:\/\/schoenstatt.com\/wp-content\/uploads\/2025\/04\/logo-schoenstatt-white-696x696-1.png","width":696,"height":694,"caption":"Schoenstatt"},"image":{"@id":"https:\/\/schoenstatt.com\/es\/#\/schema\/logo\/image\/"}},{"@type":"Person","@id":"https:\/\/schoenstatt.com\/es\/#\/schema\/person\/5158877ad4acae98b34daaeef2a1ce6e","name":"Karen Bueno","image":{"@type":"ImageObject","inLanguage":"es","@id":"https:\/\/secure.gravatar.com\/avatar\/f9f4b823873154269d2b2130f195f6d41037dd0d7fc5f3cacb5c846bae70d66b?s=96&d=mm&r=g","url":"https:\/\/secure.gravatar.com\/avatar\/f9f4b823873154269d2b2130f195f6d41037dd0d7fc5f3cacb5c846bae70d66b?s=96&d=mm&r=g","contentUrl":"https:\/\/secure.gravatar.com\/avatar\/f9f4b823873154269d2b2130f195f6d41037dd0d7fc5f3cacb5c846bae70d66b?s=96&d=mm&r=g","caption":"Karen Bueno"},"url":"https:\/\/schoenstatt.com\/es\/author\/karen-bueno\/"}]}},"_links":{"self":[{"href":"https:\/\/schoenstatt.com\/es\/wp-json\/wp\/v2\/posts\/41340","targetHints":{"allow":["GET"]}}],"collection":[{"href":"https:\/\/schoenstatt.com\/es\/wp-json\/wp\/v2\/posts"}],"about":[{"href":"https:\/\/schoenstatt.com\/es\/wp-json\/wp\/v2\/types\/post"}],"author":[{"embeddable":true,"href":"https:\/\/schoenstatt.com\/es\/wp-json\/wp\/v2\/users\/3"}],"replies":[{"embeddable":true,"href":"https:\/\/schoenstatt.com\/es\/wp-json\/wp\/v2\/comments?post=41340"}],"version-history":[{"count":1,"href":"https:\/\/schoenstatt.com\/es\/wp-json\/wp\/v2\/posts\/41340\/revisions"}],"predecessor-version":[{"id":47066,"href":"https:\/\/schoenstatt.com\/es\/wp-json\/wp\/v2\/posts\/41340\/revisions\/47066"}],"wp:featuredmedia":[{"embeddable":true,"href":"https:\/\/schoenstatt.com\/es\/wp-json\/wp\/v2\/media\/41336"}],"wp:attachment":[{"href":"https:\/\/schoenstatt.com\/es\/wp-json\/wp\/v2\/media?parent=41340"}],"wp:term":[{"taxonomy":"category","embeddable":true,"href":"https:\/\/schoenstatt.com\/es\/wp-json\/wp\/v2\/categories?post=41340"},{"taxonomy":"post_tag","embeddable":true,"href":"https:\/\/schoenstatt.com\/es\/wp-json\/wp\/v2\/tags?post=41340"}],"curies":[{"name":"wp","href":"https:\/\/api.w.org\/{rel}","templated":true}]}}