{"id":41296,"date":"2024-09-26T11:11:04","date_gmt":"2024-09-26T09:11:04","guid":{"rendered":"https:\/\/schoenstatt.com\/?p=41296"},"modified":"2025-05-15T18:08:24","modified_gmt":"2025-05-15T16:08:24","slug":"las-redes-sociales-en-la-vida-de-alianza-buenas-o-malas-para-mi","status":"publish","type":"post","link":"https:\/\/schoenstatt.com\/es\/las-redes-sociales-en-la-vida-de-alianza-buenas-o-malas-para-mi\/","title":{"rendered":"Las redes sociales en la vida de alianza: \u00bfBuenas o malas para m\u00ed?"},"content":{"rendered":"\n<p>No tengo muy claro si uso bien las redes sociales o no. Ya no s\u00e9 si me hacen bien o me esclavizan. Le\u00eda en un art\u00edculo:<\/p>\n\n\n\n<figure class=\"wp-block-pullquote has-medium-font-size\" style=\"border-radius:0px;border-top-color:var(--wp--preset--color--luminous-vivid-orange);border-top-style:solid;border-top-width:1px;border-bottom-color:var(--wp--preset--color--luminous-vivid-orange);border-bottom-style:solid;border-bottom-width:1px;font-style:italic;font-weight:300\"><blockquote><p>\u00abLa tecnolog\u00eda tiene el poder de iniciar, construir y mantener una relaci\u00f3n, pero tambi\u00e9n el de da\u00f1arla. Depende del uso que le demos a esa herramienta. Y aqu\u00ed, parafraseando al escritor franc\u00e9s Antoine de Saint-Exup\u00e9ry quiz\u00e1s vale la pena recordar que lo esencial es invisible a las redes sociales\u00bb. [1]<\/p><\/blockquote><\/figure>\n\n\n\n<p>Es cierto, lo esencial es invisible a las redes sociales. Lo esencial sucede en el coraz\u00f3n de cada persona y no se ve, no se puede juzgar desde fuera ni interpretar. Mi verdad habita en lo secreto del coraz\u00f3n. Tal vez por eso no sea tan necesario que suba todo a mis redes sociales, que me exponga sin pudor.<\/p>\n\n\n\n<p>No necesito perder horas viendo lo que los dem\u00e1s suben a las redes sin centrarme en lo que de verdad quiero hacer. \u00a1Cu\u00e1nto tiempo pierdo in\u00fatilmente! No necesito tener muchos seguidores y no quiero que me afecten lo que opinan de m\u00ed, lo que comentan, lo que escriben.<\/p>\n\n\n\n<p>Hay mucho hater por ah\u00ed que no me hace bien con sus comentarios. Pero soy yo el que les da poder sobre mi estado de \u00e1nimo a los dem\u00e1s.<\/p>\n\n\n\n<p>No necesito la aprobaci\u00f3n de miles para ser feliz. No me hace falta el apoyo incondicional de cientos de desconocidos que me siguen a m\u00ed entre muchos y que no son importantes realmente en mi vida.<\/p>\n\n\n\n<h2 class=\"wp-block-heading\" id=\"h-para-que-uso-en-realidad-las-redes-sociales\"><strong>\u00bfPara qu\u00e9 uso en realidad las redes sociales?<\/strong><\/h2>\n\n\n\n<p>Surge esta pregunta en mi coraz\u00f3n. \u00bfQu\u00e9 busco detr\u00e1s de lo que publico? Cada d\u00eda me miro en el espejo y me pregunto sobre mis verdaderas intenciones.<\/p>\n\n\n\n<p>\u00bfSoy capaz de desconectarme, de vivir sin redes, de desaparecer por un tiempo indefinido? Entonces veo el apego que tengo a vivir expuesto.<\/p>\n\n\n\n<p>Es como si lo que no quedara registrado en las redes no hubiera pasado. \u00bfQu\u00e9 imagen de mi vida quiero trasmitir a los que me siguen? \u00bfQu\u00e9 fotos subo? \u00bfQu\u00e9 espero que digan, sientan al mirar mi vida, la vida de mi familia y amigos?<\/p>\n\n\n\n<p>Quiz\u00e1s he perdido el pudor y me da igual lo que sientan o digan. O tal vez vivo esclavo de las reacciones de muchos a los que no conozco ni amo.<\/p>\n\n\n\n<p>Las redes sociales son una gran herramienta para la vida. Gracias a ellas logro estar m\u00e1s cerca de personas que est\u00e1n lejos. S\u00e9 c\u00f3mo se encuentran, lo que hacen, lo que viven.<\/p>\n\n\n\n<p>Pero a veces siento que se da un efecto contrario con los que est\u00e1n m\u00e1s cerca. Puedo estar enfrascado en mi celular en comunicaci\u00f3n con gente que est\u00e1 lejos, mientras desatiendo y no escucho a los que est\u00e1n sentados a mi lado.<\/p>\n\n\n\n<p>\u00a1Cu\u00e1ntas veces las relaciones m\u00e1s \u00edntimas sufren por la esclavitud que puede provocar mi adicci\u00f3n a las redes sociales!<\/p>\n\n\n\n<p>Adem\u00e1s, los v\u00ednculos creados en las redes no son demasiado profundos. Son flexibles y pueden ser muy laxos. Le\u00eda el otro d\u00eda:<\/p>\n\n\n\n<figure class=\"wp-block-pullquote has-medium-font-size\" style=\"border-radius:0px;border-top-color:var(--wp--preset--color--luminous-vivid-orange);border-top-style:solid;border-top-width:1px;border-bottom-color:var(--wp--preset--color--luminous-vivid-orange);border-bottom-style:solid;border-bottom-width:1px;font-style:italic;font-weight:300\"><blockquote><p>\u00abLas redes sociales representan una estructura que conecta y desconecta a la vez; es decir, que existe la misma posibilidad de estar disponible o no como una elecci\u00f3n leg\u00edtima (Vespucci, 2006). Por lo tanto, el compromiso es algo fluido y laxo que puede dejar de ser consistente en cualquier momento, ya que se tiene la leg\u00edtima opci\u00f3n de elegir entre estar conectado o no\u00bb. [2]<\/p><\/blockquote><\/figure>\n\n\n\n<p>Puedo estar o no estar. Conectarme o desaparecer. Y mis v\u00ednculos se convierten en algo m\u00e1s d\u00e9bil:<\/p>\n\n\n\n<p>\u00abEn la sociedad posmoderna, los j\u00f3venes hablan de \u2018conexiones\u2019 en lugar de \u2018relaciones\u2019, conversan m\u00e1s acerca de \u2018redes\u2019 que de \u2018parejas\u2019.<\/p>\n\n\n\n<p>Esto se debe a que las redes sociales entra\u00f1an una falta de compromiso en virtud de que conectan a las personas tan f\u00e1cilmente que es tambi\u00e9n f\u00e1cil desconectarse, en contraste con el compromiso mutuo que implican las relaciones de pareja cara a cara\u00bb.<\/p>\n\n\n\n<p>Son v\u00ednculos muy d\u00e9biles que se pueden romper con facilidad. Hay menos compromiso, menos carga emocional. Todo comienza muy r\u00e1pido y de forma intensa. Pero de la misma forma puede desaparecer.<\/p>\n\n\n\n<h2 class=\"wp-block-heading\" id=\"h-autenticidad\"><strong>Autenticidad<\/strong><\/h2>\n\n\n\n<p>Creo en el poder de las redes sociales. Puedo aprender mucho y de forma muy f\u00e1cil y c\u00f3moda. Puedo estar en conexi\u00f3n con muchas personas que viven lejos. Puedo compartir mi vida con personas a las que amo y est\u00e1n lejos. Todo eso es un bien inmenso, un don.<\/p>\n\n\n\n<p>No regreso al pasado, no me escapo de la realidad que vivo. Pero quiero hacerlo bien, con libertad, con compromiso.<\/p>\n\n\n\n<p>Quiero ser veraz y aut\u00e9ntico en todo lo que publico. Quiero entablar relaciones sanas a trav\u00e9s de las redes.<\/p>\n\n\n\n<p>No quiero desatender a los que est\u00e1n m\u00e1s cerca, con los que comparto mi d\u00eda, a los que miro cara a cara.<\/p>\n\n\n\n<p>No quiero perder mi tiempo dejando pasar im\u00e1genes constantemente. No quiero llenarme de lo que no me llena el coraz\u00f3n, s\u00f3lo los sentidos. No quiero perder la vida en cosas superficiales que no me forman, no le dan un sentido a mi vida.<\/p>\n\n\n\n<p><strong>Las redes sociales no son ni malas ni buenas. Como la mayor\u00eda de los avances de la humanidad todo depende del uso personal que les doy.<\/strong><\/p>\n\n\n\n<p><strong>Quiero que me ayuden a crecer en mis relaciones personales. Quiero reflexionar sobre el papel que cumplen en mi vida. Que todo lo que publique hable de mi verdad, de mi vida como es.<\/strong><\/p>\n\n\n\n<p><strong>Quiero darle un s\u00ed a esta forma de vivir conectado, pero sin desconectarme nunca de los que est\u00e1n a mi lado.<\/strong><\/p>\n\n\n\n<p><strong>Fuente:<\/strong> <a href=\"https:\/\/es.aleteia.org\/2023\/04\/17\/las-redes-sociales-son-buenas-o-malas-para-mi\" target=\"_blank\" rel=\"noreferrer noopener\">es.aleteia.org<\/a><\/p>\n\n\n\n<p>[1] Arola Poch, Entre el \u2018Me gusta\u2019 y la inseguridad: c\u00f3mo afectan las redes sociales a las relaciones de pareja<\/p>\n\n\n\n<p>[2] Problemas de pareja causados por las redes sociales en universitarios de la Ciudad de M\u00e9xico. Cristina Lozano Marroqu\u00edn, Sof\u00eda Ant\u00f3n Espinosa, Valentina Escamilla Mora y Miriam Wendolyn Barajas M\u00e1rquez<\/p>\n","protected":false},"excerpt":{"rendered":"<p>Tal vez no sea necesario que suba absolutamente toda mi vida a un perfil de Instagram o a TikTok&#8230;, \u00bfverdad? <\/p>\n","protected":false},"author":3,"featured_media":41289,"comment_status":"closed","ping_status":"closed","sticky":false,"template":"","format":"standard","meta":{"footnotes":""},"categories":[917,923],"tags":[],"class_list":["post-41296","post","type-post","status-publish","format-standard","has-post-thumbnail","hentry","category-espiritualidad-es","category-juventud-es"],"yoast_head":"<!-- This site is optimized with the Yoast SEO Premium plugin v27.4 (Yoast SEO v27.4) - https:\/\/yoast.com\/product\/yoast-seo-premium-wordpress\/ -->\n<title>Las redes sociales en la vida de alianza: \u00bfBuenas o malas para m\u00ed?<\/title>\n<meta name=\"description\" content=\"Tal vez no sea necesario que suba absolutamente toda mi vida a un perfil de Instagram o a TikTok..., \u00bfverdad?\" \/>\n<meta name=\"robots\" content=\"index, follow, max-snippet:-1, max-image-preview:large, max-video-preview:-1\" \/>\n<link rel=\"canonical\" href=\"https:\/\/schoenstatt.com\/es\/las-redes-sociales-en-la-vida-de-alianza-buenas-o-malas-para-mi\/\" \/>\n<meta property=\"og:locale\" content=\"es_ES\" \/>\n<meta property=\"og:type\" content=\"article\" \/>\n<meta property=\"og:title\" content=\"Las redes sociales en la vida de alianza: \u00bfBuenas o malas para m\u00ed?\" \/>\n<meta property=\"og:description\" content=\"Tal vez no sea necesario que suba absolutamente toda mi vida a un perfil de Instagram o a TikTok..., \u00bfverdad?\" \/>\n<meta property=\"og:url\" content=\"https:\/\/schoenstatt.com\/es\/las-redes-sociales-en-la-vida-de-alianza-buenas-o-malas-para-mi\/\" \/>\n<meta property=\"og:site_name\" content=\"Schoenstatt\" \/>\n<meta property=\"article:published_time\" content=\"2024-09-26T09:11:04+00:00\" \/>\n<meta property=\"article:modified_time\" content=\"2025-05-15T16:08:24+00:00\" \/>\n<meta property=\"og:image\" content=\"https:\/\/schoenstatt.com\/wp-content\/uploads\/2024\/09\/tecnologia-redes-sociales-hermana-mujer-women-1.jpg\" \/>\n\t<meta property=\"og:image:width\" content=\"2048\" \/>\n\t<meta property=\"og:image:height\" content=\"1433\" \/>\n\t<meta property=\"og:image:type\" content=\"image\/jpeg\" \/>\n<meta name=\"author\" content=\"Karen Bueno\" \/>\n<meta name=\"twitter:card\" content=\"summary_large_image\" \/>\n<meta name=\"twitter:label1\" content=\"Escrito por\" \/>\n\t<meta name=\"twitter:data1\" content=\"Karen Bueno\" \/>\n\t<meta name=\"twitter:label2\" content=\"Tiempo de lectura\" \/>\n\t<meta name=\"twitter:data2\" content=\"4 minutos\" \/>\n<script type=\"application\/ld+json\" class=\"yoast-schema-graph\">{\"@context\":\"https:\\\/\\\/schema.org\",\"@graph\":[{\"@type\":\"Article\",\"@id\":\"https:\\\/\\\/schoenstatt.com\\\/es\\\/las-redes-sociales-en-la-vida-de-alianza-buenas-o-malas-para-mi\\\/#article\",\"isPartOf\":{\"@id\":\"https:\\\/\\\/schoenstatt.com\\\/es\\\/las-redes-sociales-en-la-vida-de-alianza-buenas-o-malas-para-mi\\\/\"},\"author\":{\"name\":\"Karen Bueno\",\"@id\":\"https:\\\/\\\/schoenstatt.com\\\/es\\\/#\\\/schema\\\/person\\\/5158877ad4acae98b34daaeef2a1ce6e\"},\"headline\":\"Las redes sociales en la vida de alianza: \u00bfBuenas o malas para m\u00ed?\",\"datePublished\":\"2024-09-26T09:11:04+00:00\",\"dateModified\":\"2025-05-15T16:08:24+00:00\",\"mainEntityOfPage\":{\"@id\":\"https:\\\/\\\/schoenstatt.com\\\/es\\\/las-redes-sociales-en-la-vida-de-alianza-buenas-o-malas-para-mi\\\/\"},\"wordCount\":1041,\"publisher\":{\"@id\":\"https:\\\/\\\/schoenstatt.com\\\/es\\\/#organization\"},\"image\":{\"@id\":\"https:\\\/\\\/schoenstatt.com\\\/es\\\/las-redes-sociales-en-la-vida-de-alianza-buenas-o-malas-para-mi\\\/#primaryimage\"},\"thumbnailUrl\":\"https:\\\/\\\/schoenstatt.com\\\/wp-content\\\/uploads\\\/2024\\\/09\\\/tecnologia-redes-sociales-hermana-mujer-women-1.jpg\",\"articleSection\":[\"Espiritualidad\",\"Juventud\"],\"inLanguage\":\"es\"},{\"@type\":\"WebPage\",\"@id\":\"https:\\\/\\\/schoenstatt.com\\\/es\\\/las-redes-sociales-en-la-vida-de-alianza-buenas-o-malas-para-mi\\\/\",\"url\":\"https:\\\/\\\/schoenstatt.com\\\/es\\\/las-redes-sociales-en-la-vida-de-alianza-buenas-o-malas-para-mi\\\/\",\"name\":\"Las redes sociales en la vida de alianza: \u00bfBuenas o malas para m\u00ed?\",\"isPartOf\":{\"@id\":\"https:\\\/\\\/schoenstatt.com\\\/es\\\/#website\"},\"primaryImageOfPage\":{\"@id\":\"https:\\\/\\\/schoenstatt.com\\\/es\\\/las-redes-sociales-en-la-vida-de-alianza-buenas-o-malas-para-mi\\\/#primaryimage\"},\"image\":{\"@id\":\"https:\\\/\\\/schoenstatt.com\\\/es\\\/las-redes-sociales-en-la-vida-de-alianza-buenas-o-malas-para-mi\\\/#primaryimage\"},\"thumbnailUrl\":\"https:\\\/\\\/schoenstatt.com\\\/wp-content\\\/uploads\\\/2024\\\/09\\\/tecnologia-redes-sociales-hermana-mujer-women-1.jpg\",\"datePublished\":\"2024-09-26T09:11:04+00:00\",\"dateModified\":\"2025-05-15T16:08:24+00:00\",\"description\":\"Tal vez no sea necesario que suba absolutamente toda mi vida a un perfil de Instagram o a TikTok..., \u00bfverdad?\",\"breadcrumb\":{\"@id\":\"https:\\\/\\\/schoenstatt.com\\\/es\\\/las-redes-sociales-en-la-vida-de-alianza-buenas-o-malas-para-mi\\\/#breadcrumb\"},\"inLanguage\":\"es\",\"potentialAction\":[{\"@type\":\"ReadAction\",\"target\":[\"https:\\\/\\\/schoenstatt.com\\\/es\\\/las-redes-sociales-en-la-vida-de-alianza-buenas-o-malas-para-mi\\\/\"]}]},{\"@type\":\"ImageObject\",\"inLanguage\":\"es\",\"@id\":\"https:\\\/\\\/schoenstatt.com\\\/es\\\/las-redes-sociales-en-la-vida-de-alianza-buenas-o-malas-para-mi\\\/#primaryimage\",\"url\":\"https:\\\/\\\/schoenstatt.com\\\/wp-content\\\/uploads\\\/2024\\\/09\\\/tecnologia-redes-sociales-hermana-mujer-women-1.jpg\",\"contentUrl\":\"https:\\\/\\\/schoenstatt.com\\\/wp-content\\\/uploads\\\/2024\\\/09\\\/tecnologia-redes-sociales-hermana-mujer-women-1.jpg\",\"width\":2048,\"height\":1433,\"caption\":\"(c)Klaus Kroeper\"},{\"@type\":\"BreadcrumbList\",\"@id\":\"https:\\\/\\\/schoenstatt.com\\\/es\\\/las-redes-sociales-en-la-vida-de-alianza-buenas-o-malas-para-mi\\\/#breadcrumb\",\"itemListElement\":[{\"@type\":\"ListItem\",\"position\":1,\"name\":\"Portada\",\"item\":\"https:\\\/\\\/schoenstatt.com\\\/es\\\/home\\\/\"},{\"@type\":\"ListItem\",\"position\":2,\"name\":\"Las redes sociales en la vida de alianza: \u00bfBuenas o malas para m\u00ed?\"}]},{\"@type\":\"WebSite\",\"@id\":\"https:\\\/\\\/schoenstatt.com\\\/es\\\/#website\",\"url\":\"https:\\\/\\\/schoenstatt.com\\\/es\\\/\",\"name\":\"Schoenstatt\",\"description\":\"Apostolic Movement\",\"publisher\":{\"@id\":\"https:\\\/\\\/schoenstatt.com\\\/es\\\/#organization\"},\"potentialAction\":[{\"@type\":\"SearchAction\",\"target\":{\"@type\":\"EntryPoint\",\"urlTemplate\":\"https:\\\/\\\/schoenstatt.com\\\/es\\\/?s={search_term_string}\"},\"query-input\":{\"@type\":\"PropertyValueSpecification\",\"valueRequired\":true,\"valueName\":\"search_term_string\"}}],\"inLanguage\":\"es\"},{\"@type\":\"Organization\",\"@id\":\"https:\\\/\\\/schoenstatt.com\\\/es\\\/#organization\",\"name\":\"Schoenstatt\",\"url\":\"https:\\\/\\\/schoenstatt.com\\\/es\\\/\",\"logo\":{\"@type\":\"ImageObject\",\"inLanguage\":\"es\",\"@id\":\"https:\\\/\\\/schoenstatt.com\\\/es\\\/#\\\/schema\\\/logo\\\/image\\\/\",\"url\":\"https:\\\/\\\/schoenstatt.com\\\/wp-content\\\/uploads\\\/2025\\\/04\\\/logo-schoenstatt-white-696x696-1.png\",\"contentUrl\":\"https:\\\/\\\/schoenstatt.com\\\/wp-content\\\/uploads\\\/2025\\\/04\\\/logo-schoenstatt-white-696x696-1.png\",\"width\":696,\"height\":694,\"caption\":\"Schoenstatt\"},\"image\":{\"@id\":\"https:\\\/\\\/schoenstatt.com\\\/es\\\/#\\\/schema\\\/logo\\\/image\\\/\"}},{\"@type\":\"Person\",\"@id\":\"https:\\\/\\\/schoenstatt.com\\\/es\\\/#\\\/schema\\\/person\\\/5158877ad4acae98b34daaeef2a1ce6e\",\"name\":\"Karen Bueno\",\"image\":{\"@type\":\"ImageObject\",\"inLanguage\":\"es\",\"@id\":\"https:\\\/\\\/secure.gravatar.com\\\/avatar\\\/f9f4b823873154269d2b2130f195f6d41037dd0d7fc5f3cacb5c846bae70d66b?s=96&d=mm&r=g\",\"url\":\"https:\\\/\\\/secure.gravatar.com\\\/avatar\\\/f9f4b823873154269d2b2130f195f6d41037dd0d7fc5f3cacb5c846bae70d66b?s=96&d=mm&r=g\",\"contentUrl\":\"https:\\\/\\\/secure.gravatar.com\\\/avatar\\\/f9f4b823873154269d2b2130f195f6d41037dd0d7fc5f3cacb5c846bae70d66b?s=96&d=mm&r=g\",\"caption\":\"Karen Bueno\"},\"url\":\"https:\\\/\\\/schoenstatt.com\\\/es\\\/author\\\/karen-bueno\\\/\"}]}<\/script>\n<!-- \/ Yoast SEO Premium plugin. -->","yoast_head_json":{"title":"Las redes sociales en la vida de alianza: \u00bfBuenas o malas para m\u00ed?","description":"Tal vez no sea necesario que suba absolutamente toda mi vida a un perfil de Instagram o a TikTok..., \u00bfverdad?","robots":{"index":"index","follow":"follow","max-snippet":"max-snippet:-1","max-image-preview":"max-image-preview:large","max-video-preview":"max-video-preview:-1"},"canonical":"https:\/\/schoenstatt.com\/es\/las-redes-sociales-en-la-vida-de-alianza-buenas-o-malas-para-mi\/","og_locale":"es_ES","og_type":"article","og_title":"Las redes sociales en la vida de alianza: \u00bfBuenas o malas para m\u00ed?","og_description":"Tal vez no sea necesario que suba absolutamente toda mi vida a un perfil de Instagram o a TikTok..., \u00bfverdad?","og_url":"https:\/\/schoenstatt.com\/es\/las-redes-sociales-en-la-vida-de-alianza-buenas-o-malas-para-mi\/","og_site_name":"Schoenstatt","article_published_time":"2024-09-26T09:11:04+00:00","article_modified_time":"2025-05-15T16:08:24+00:00","og_image":[{"width":2048,"height":1433,"url":"https:\/\/schoenstatt.com\/wp-content\/uploads\/2024\/09\/tecnologia-redes-sociales-hermana-mujer-women-1.jpg","type":"image\/jpeg"}],"author":"Karen Bueno","twitter_card":"summary_large_image","twitter_misc":{"Escrito por":"Karen Bueno","Tiempo de lectura":"4 minutos"},"schema":{"@context":"https:\/\/schema.org","@graph":[{"@type":"Article","@id":"https:\/\/schoenstatt.com\/es\/las-redes-sociales-en-la-vida-de-alianza-buenas-o-malas-para-mi\/#article","isPartOf":{"@id":"https:\/\/schoenstatt.com\/es\/las-redes-sociales-en-la-vida-de-alianza-buenas-o-malas-para-mi\/"},"author":{"name":"Karen Bueno","@id":"https:\/\/schoenstatt.com\/es\/#\/schema\/person\/5158877ad4acae98b34daaeef2a1ce6e"},"headline":"Las redes sociales en la vida de alianza: \u00bfBuenas o malas para m\u00ed?","datePublished":"2024-09-26T09:11:04+00:00","dateModified":"2025-05-15T16:08:24+00:00","mainEntityOfPage":{"@id":"https:\/\/schoenstatt.com\/es\/las-redes-sociales-en-la-vida-de-alianza-buenas-o-malas-para-mi\/"},"wordCount":1041,"publisher":{"@id":"https:\/\/schoenstatt.com\/es\/#organization"},"image":{"@id":"https:\/\/schoenstatt.com\/es\/las-redes-sociales-en-la-vida-de-alianza-buenas-o-malas-para-mi\/#primaryimage"},"thumbnailUrl":"https:\/\/schoenstatt.com\/wp-content\/uploads\/2024\/09\/tecnologia-redes-sociales-hermana-mujer-women-1.jpg","articleSection":["Espiritualidad","Juventud"],"inLanguage":"es"},{"@type":"WebPage","@id":"https:\/\/schoenstatt.com\/es\/las-redes-sociales-en-la-vida-de-alianza-buenas-o-malas-para-mi\/","url":"https:\/\/schoenstatt.com\/es\/las-redes-sociales-en-la-vida-de-alianza-buenas-o-malas-para-mi\/","name":"Las redes sociales en la vida de alianza: \u00bfBuenas o malas para m\u00ed?","isPartOf":{"@id":"https:\/\/schoenstatt.com\/es\/#website"},"primaryImageOfPage":{"@id":"https:\/\/schoenstatt.com\/es\/las-redes-sociales-en-la-vida-de-alianza-buenas-o-malas-para-mi\/#primaryimage"},"image":{"@id":"https:\/\/schoenstatt.com\/es\/las-redes-sociales-en-la-vida-de-alianza-buenas-o-malas-para-mi\/#primaryimage"},"thumbnailUrl":"https:\/\/schoenstatt.com\/wp-content\/uploads\/2024\/09\/tecnologia-redes-sociales-hermana-mujer-women-1.jpg","datePublished":"2024-09-26T09:11:04+00:00","dateModified":"2025-05-15T16:08:24+00:00","description":"Tal vez no sea necesario que suba absolutamente toda mi vida a un perfil de Instagram o a TikTok..., \u00bfverdad?","breadcrumb":{"@id":"https:\/\/schoenstatt.com\/es\/las-redes-sociales-en-la-vida-de-alianza-buenas-o-malas-para-mi\/#breadcrumb"},"inLanguage":"es","potentialAction":[{"@type":"ReadAction","target":["https:\/\/schoenstatt.com\/es\/las-redes-sociales-en-la-vida-de-alianza-buenas-o-malas-para-mi\/"]}]},{"@type":"ImageObject","inLanguage":"es","@id":"https:\/\/schoenstatt.com\/es\/las-redes-sociales-en-la-vida-de-alianza-buenas-o-malas-para-mi\/#primaryimage","url":"https:\/\/schoenstatt.com\/wp-content\/uploads\/2024\/09\/tecnologia-redes-sociales-hermana-mujer-women-1.jpg","contentUrl":"https:\/\/schoenstatt.com\/wp-content\/uploads\/2024\/09\/tecnologia-redes-sociales-hermana-mujer-women-1.jpg","width":2048,"height":1433,"caption":"(c)Klaus Kroeper"},{"@type":"BreadcrumbList","@id":"https:\/\/schoenstatt.com\/es\/las-redes-sociales-en-la-vida-de-alianza-buenas-o-malas-para-mi\/#breadcrumb","itemListElement":[{"@type":"ListItem","position":1,"name":"Portada","item":"https:\/\/schoenstatt.com\/es\/home\/"},{"@type":"ListItem","position":2,"name":"Las redes sociales en la vida de alianza: \u00bfBuenas o malas para m\u00ed?"}]},{"@type":"WebSite","@id":"https:\/\/schoenstatt.com\/es\/#website","url":"https:\/\/schoenstatt.com\/es\/","name":"Schoenstatt","description":"Apostolic Movement","publisher":{"@id":"https:\/\/schoenstatt.com\/es\/#organization"},"potentialAction":[{"@type":"SearchAction","target":{"@type":"EntryPoint","urlTemplate":"https:\/\/schoenstatt.com\/es\/?s={search_term_string}"},"query-input":{"@type":"PropertyValueSpecification","valueRequired":true,"valueName":"search_term_string"}}],"inLanguage":"es"},{"@type":"Organization","@id":"https:\/\/schoenstatt.com\/es\/#organization","name":"Schoenstatt","url":"https:\/\/schoenstatt.com\/es\/","logo":{"@type":"ImageObject","inLanguage":"es","@id":"https:\/\/schoenstatt.com\/es\/#\/schema\/logo\/image\/","url":"https:\/\/schoenstatt.com\/wp-content\/uploads\/2025\/04\/logo-schoenstatt-white-696x696-1.png","contentUrl":"https:\/\/schoenstatt.com\/wp-content\/uploads\/2025\/04\/logo-schoenstatt-white-696x696-1.png","width":696,"height":694,"caption":"Schoenstatt"},"image":{"@id":"https:\/\/schoenstatt.com\/es\/#\/schema\/logo\/image\/"}},{"@type":"Person","@id":"https:\/\/schoenstatt.com\/es\/#\/schema\/person\/5158877ad4acae98b34daaeef2a1ce6e","name":"Karen Bueno","image":{"@type":"ImageObject","inLanguage":"es","@id":"https:\/\/secure.gravatar.com\/avatar\/f9f4b823873154269d2b2130f195f6d41037dd0d7fc5f3cacb5c846bae70d66b?s=96&d=mm&r=g","url":"https:\/\/secure.gravatar.com\/avatar\/f9f4b823873154269d2b2130f195f6d41037dd0d7fc5f3cacb5c846bae70d66b?s=96&d=mm&r=g","contentUrl":"https:\/\/secure.gravatar.com\/avatar\/f9f4b823873154269d2b2130f195f6d41037dd0d7fc5f3cacb5c846bae70d66b?s=96&d=mm&r=g","caption":"Karen Bueno"},"url":"https:\/\/schoenstatt.com\/es\/author\/karen-bueno\/"}]}},"_links":{"self":[{"href":"https:\/\/schoenstatt.com\/es\/wp-json\/wp\/v2\/posts\/41296","targetHints":{"allow":["GET"]}}],"collection":[{"href":"https:\/\/schoenstatt.com\/es\/wp-json\/wp\/v2\/posts"}],"about":[{"href":"https:\/\/schoenstatt.com\/es\/wp-json\/wp\/v2\/types\/post"}],"author":[{"embeddable":true,"href":"https:\/\/schoenstatt.com\/es\/wp-json\/wp\/v2\/users\/3"}],"replies":[{"embeddable":true,"href":"https:\/\/schoenstatt.com\/es\/wp-json\/wp\/v2\/comments?post=41296"}],"version-history":[{"count":1,"href":"https:\/\/schoenstatt.com\/es\/wp-json\/wp\/v2\/posts\/41296\/revisions"}],"predecessor-version":[{"id":47056,"href":"https:\/\/schoenstatt.com\/es\/wp-json\/wp\/v2\/posts\/41296\/revisions\/47056"}],"wp:featuredmedia":[{"embeddable":true,"href":"https:\/\/schoenstatt.com\/es\/wp-json\/wp\/v2\/media\/41289"}],"wp:attachment":[{"href":"https:\/\/schoenstatt.com\/es\/wp-json\/wp\/v2\/media?parent=41296"}],"wp:term":[{"taxonomy":"category","embeddable":true,"href":"https:\/\/schoenstatt.com\/es\/wp-json\/wp\/v2\/categories?post=41296"},{"taxonomy":"post_tag","embeddable":true,"href":"https:\/\/schoenstatt.com\/es\/wp-json\/wp\/v2\/tags?post=41296"}],"curies":[{"name":"wp","href":"https:\/\/api.w.org\/{rel}","templated":true}]}}