{"id":41191,"date":"2024-09-14T03:03:00","date_gmt":"2024-09-14T01:03:00","guid":{"rendered":"https:\/\/schoenstatt.com\/?p=41191"},"modified":"2025-05-15T01:35:08","modified_gmt":"2025-05-14T23:35:08","slug":"el-significado-de-la-cruz-de-la-unidad-para-el-tiempo-actual","status":"publish","type":"post","link":"https:\/\/schoenstatt.com\/es\/el-significado-de-la-cruz-de-la-unidad-para-el-tiempo-actual\/","title":{"rendered":"El significado de la Cruz de la Unidad para el tiempo actual"},"content":{"rendered":"\n<p>Al igual que todos los a\u00f1os el 14 de septiembre nuestra Familia de Schoenstatt, ad-portas de celebrar un nuevo aniversario de la Pascua de nuestro Fundador, P. Jos\u00e9 Kentenich, celebra junto a la Iglesia la Exaltaci\u00f3n de la Cruz. En esta fiesta celebramos que el 14.09.630 fue llevada nuevamente a Jerusal\u00e9n la reliquia de la Cruz que hab\u00eda sido encontrada por Santa Elena el a\u00f1o 320 y que fue tomada desde la Bas\u00edlica del Santo Sepulcro por los persas el a\u00f1o 614.<\/p>\n\n\n\n<p>Nosotros tambi\u00e9n queremos mirar al Crucificado y descubrir en la Cruz algunos de los rasgos fundamentales de la imagen de Cristo que ten\u00eda nuestro Padre Fundador.<\/p>\n\n\n\n<p>Yo no estaba vivo en el tiempo que se gest\u00f3 la Cruz de la Unidad. Tuve el regalo de tener contacto con algunos de los protagonistas de esa historia y quiero compartir, con mis palabras, lo que escuch\u00e9, junto a otras personas de ese tiempo.<\/p>\n\n\n\n<h2 class=\"wp-block-heading\" id=\"h-un-poco-de-historia-de-la-cruz-de-la-unidad\"><strong>Un poco de historia de la Cruz de la Unidad<\/strong><\/h2>\n\n\n\n<p>Se acercaba la ordenaci\u00f3n de los primeros j\u00f3venes chilenos que se hab\u00edan decidido por el sacerdocio en la comunidad de los Padres de Schoenstatt. Como un signo de agradecimiento por la elecci\u00f3n y la historia que el Se\u00f1or y la Mater hab\u00edan hecho con ellos les quer\u00edan hacer un regalo. Al principio pensaron en una corona y poco a poco, despu\u00e9s de una charla que les dio el P. August Ziegler de la imagen de Cristo que ten\u00eda el P. Jos\u00e9 Kentenich se decidieron por hacer una Cruz. El primero de los chilenos que se ordenara la llevar\u00eda al Santuario de Bellavista.<\/p>\n\n\n\n<p>En ese momento la Familia de Schoenstatt que viv\u00eda en torno al Santuario de Bellavista estaba viviendo un momento de muchas tensiones. Lo que esos j\u00f3venes hab\u00edan experimentado como un peque\u00f1o anticipo del para\u00edso por la atm\u00f3sfera de familia que se viv\u00eda se hab\u00eda quebrado. Incluso en un momento la Conferencia Episcopal de Chile prohibi\u00f3 que nuevos grupos se unieran al Movimiento de Schoenstatt, por tratarse del per\u00edodo del exilio del Fundador.<\/p>\n\n\n\n<p>Frente a esta situaci\u00f3n la respuesta de diferentes personas y comunidades fue tomar en serio las contribuciones al <a href=\"https:\/\/schoenstatt.com\/es\/nuestra-espiritualidad\/alianza-de-amor\/capital-de-gracias\/\">capital de gracias<\/a>. Es injusto nombrar s\u00f3lo a algunas personas, pero jugaron un rol importante, entre otros, la Hna. M. Teofila, Mario Hiriart, el P. Hern\u00e1n Alessandri, etc.<\/p>\n\n\n\n<p>Uno de los seminaristas entr\u00f3 a la pieza de un sacerdote en Santa Mar\u00eda, Brasil y vio una may\u00f3lica de <a href=\"https:\/\/www.maria-laach.de\/welcome-to-maria-laach-abbey.html\" target=\"_blank\" rel=\"noreferrer noopener\">Maria Laach<\/a> donde estaba Mar\u00eda junto a la Cruz y se la mostr\u00f3 al entonces seminarista, \u00c1ngel Vicente que era escultor y puso manos a la obra.<\/p>\n\n\n\n<h2 class=\"wp-block-heading\" id=\"h-imagen-de-cristo\"><strong>Imagen de Cristo<\/strong><\/h2>\n\n\n\n<p>Podr\u00edamos decir que la imagen de Cristo que tiene nuestro Padre Fundador es el Cristo de los v\u00ednculos o de las vinculaciones: nos muestra la relaci\u00f3n de Jes\u00fas con Dios Padre, con los hombres, con la misi\u00f3n, con Mar\u00eda y con uno mismo. De eso les habl\u00f3 el P. August Ziegler cuando les present\u00f3 la imagen de Cristo del P. Jos\u00e9 Kentenich les habl\u00f3 del Cristo patroc\u00e9ntrico, fraterno, apost\u00f3lico, mariano y sacerdotal.<\/p>\n\n\n\n<figure class=\"wp-block-image size-large\"><img decoding=\"async\" src=\"https:\/\/schoenstatt.com\/wp-content\/uploads\/2024\/09\/cruz-de-la-unidade-unity-cross-Kreuz-der-Einheit-2-761x1024.jpg\" alt=\"\" class=\"wp-image-41188\"\/><\/figure>\n\n\n\n<p>El <strong>Cristo patroc\u00e9ntrico<\/strong>: est\u00e1 representado por el \u201cOjo del Padre\u201d en la parte superior de la Cruz. Quiere expresar que el Jes\u00fas s\u00f3lo quiere realizar la Voluntad del Padre, que busca tener momentos exclusivos y excluyentes con \u00c9l para conversar, discernir y hacer s\u00f3lo lo que el Padre quiere, cuando quiere y c\u00f3mo quiere.<\/p>\n\n\n\n<p>El <strong>Cristo fraterno<\/strong>: el Cristo de la Cruz de la Unidad no es un Cristo muerto, est\u00e1 vivo, con los brazos abiertos sobre la Humanidad, donde cada uno de nosotros tiene su espacio. Es el Jes\u00fas por todos y cada uno de nosotros y que est\u00e1 en un di\u00e1logo profundo con la Humanidad en los ojos de Mar\u00eda.<\/p>\n\n\n\n<p>El <strong>Cristo apost\u00f3lico<\/strong>: est\u00e1 expresado en el costado abierto, del que brota sangre y agua. Esta dimensi\u00f3n apost\u00f3lica queda mucho m\u00e1s expl\u00edcita en la Cruz que tiene el fondo rojo donde la Sangre y el Esp\u00edritu Santo de alguna manera son el trasfondo de la entrega de Jes\u00fas. Ha sido movido por el Esp\u00edritu para seguir la Voluntad del Padre y entregar su vida por cada uno de nosotros.<\/p>\n\n\n\n<p>El <strong>Cristo mariano<\/strong>: posiblemente es una de las caracter\u00edsticas que m\u00e1s nos llama la atenci\u00f3n. La Mater junto al Se\u00f1or, como lo ha estado desde el primer momento. La presencia de Mar\u00eda en la Anunciaci\u00f3n expresa que Jes\u00fas es Dios porque su concepci\u00f3n fue Obra del Esp\u00edritu Santo. Su presencia en la Cruz expresa que Jes\u00fas es hombre, un hombre que, al igual que nosotros muere. En su caso entreg\u00e1ndose por Amor al Padre y a nosotros. Este \u201ccolor mariano\u201d es el que queremos que vaya marcando toda nuestra vida.<\/p>\n\n\n\n<p>El <strong>Cristo sacerdotal<\/strong>: no podemos olvidar que los j\u00f3venes que estaban plasmando en este tiempo sus anhelos y los anhelos del P. Kentenich estaban llamados al sacerdocio. Quer\u00edan ponerse en el C\u00e1liz, en las manos de la Mater para llevar al Se\u00f1or y su sacrificio a todos los lugares donde Ellos los quisieran enviar. En el C\u00e1liz de la Cruz de la Unidad original hay una cuenca del rosario de la Hna Te\u00f3fila. En los momentos de dificultad que viv\u00eda la Familia de Schoenstatt en Bellavista la Hna Te\u00f3fila les dijo a esos j\u00f3venes que se la jugaran por la unidad. Ese anhelo y petici\u00f3n los marc\u00f3 no s\u00f3lo por lo que significaba y tocaba su coraz\u00f3n sino porque ella tambi\u00e9n les dijo que ofrec\u00eda su vida por ello.<\/p>\n\n\n\n<figure class=\"wp-block-image size-large\"><img decoding=\"async\" src=\"https:\/\/schoenstatt.com\/wp-content\/uploads\/2024\/06\/cruz-de-la-unidad-unity-cross-2-768x1024.jpg\" alt=\"\" class=\"wp-image-37453\"\/><\/figure>\n\n\n\n<h2 class=\"wp-block-heading\" id=\"h-el-milagro-de-la-unidad\"><strong>El milagro de la Unidad<\/strong><\/h2>\n\n\n\n<p>El milagro de la Unidad se realiz\u00f3 de una manera inesperada cuando el primer chileno ordenado sacerdote, P. Humberto Andwanter, celebr\u00f3 por primera vez misa en el Santuario de Bellavista, la misa de los pastores el 24 de diciembre de 1960. A una de las personas que estuvo presente en esa misa le escuch\u00e9 decir que lo vivido en ese momento fue como prender una chimenea en una sala helada y que el calor familiar derriti\u00f3 las barreras que, hasta ese momento, hab\u00eda en la Familia.<\/p>\n\n\n\n<p>Al poner al Cristo de los v\u00ednculos en el centro de la Familia nuestra vida se ordena. Se ordena el amor a Dios, a los hombres, a uno mismo, a la misi\u00f3n. Nuestra historia es testigo de eso.<\/p>\n","protected":false},"excerpt":{"rendered":"<p>\u00bfConoces el significado de la Cruz de la Unidad original? Su arte inspira la vida de la Familia de Schoenstatt en todo el mundo.<\/p>\n","protected":false},"author":3,"featured_media":41181,"comment_status":"closed","ping_status":"closed","sticky":false,"template":"","format":"standard","meta":{"footnotes":""},"categories":[917],"tags":[],"class_list":["post-41191","post","type-post","status-publish","format-standard","has-post-thumbnail","hentry","category-espiritualidad-es"],"yoast_head":"<!-- This site is optimized with the Yoast SEO Premium plugin v27.4 (Yoast SEO v27.5) - https:\/\/yoast.com\/product\/yoast-seo-premium-wordpress\/ -->\n<title>El significado de la Cruz de la Unidad para el tiempo actual - Schoenstatt<\/title>\n<meta name=\"description\" content=\"\u00bfConoces el significado de la Cruz de la Unidad original? Su arte inspira la vida de la Familia de Schoenstatt en todo el mundo.\" \/>\n<meta name=\"robots\" content=\"index, follow, max-snippet:-1, max-image-preview:large, max-video-preview:-1\" \/>\n<link rel=\"canonical\" href=\"https:\/\/schoenstatt.com\/es\/el-significado-de-la-cruz-de-la-unidad-para-el-tiempo-actual\/\" \/>\n<meta property=\"og:locale\" content=\"es_ES\" \/>\n<meta property=\"og:type\" content=\"article\" \/>\n<meta property=\"og:title\" content=\"El significado de la Cruz de la Unidad para el tiempo actual\" \/>\n<meta property=\"og:description\" content=\"\u00bfConoces el significado de la Cruz de la Unidad original? Su arte inspira la vida de la Familia de Schoenstatt en todo el mundo.\" \/>\n<meta property=\"og:url\" content=\"https:\/\/schoenstatt.com\/es\/el-significado-de-la-cruz-de-la-unidad-para-el-tiempo-actual\/\" \/>\n<meta property=\"og:site_name\" content=\"Schoenstatt\" \/>\n<meta property=\"article:published_time\" content=\"2024-09-14T01:03:00+00:00\" \/>\n<meta property=\"article:modified_time\" content=\"2025-05-14T23:35:08+00:00\" \/>\n<meta property=\"og:image\" content=\"https:\/\/schoenstatt.com\/wp-content\/uploads\/2024\/09\/cruz-de-la-unidade-unity-cross-Kreuz-der-Einheit-1.jpg\" \/>\n\t<meta property=\"og:image:width\" content=\"1600\" \/>\n\t<meta property=\"og:image:height\" content=\"758\" \/>\n\t<meta property=\"og:image:type\" content=\"image\/jpeg\" \/>\n<meta name=\"author\" content=\"Karen Bueno\" \/>\n<meta name=\"twitter:card\" content=\"summary_large_image\" \/>\n<meta name=\"twitter:label1\" content=\"Escrito por\" \/>\n\t<meta name=\"twitter:data1\" content=\"Karen Bueno\" \/>\n\t<meta name=\"twitter:label2\" content=\"Tiempo de lectura\" \/>\n\t<meta name=\"twitter:data2\" content=\"6 minutos\" \/>\n<script type=\"application\/ld+json\" class=\"yoast-schema-graph\">{\"@context\":\"https:\\\/\\\/schema.org\",\"@graph\":[{\"@type\":\"Article\",\"@id\":\"https:\\\/\\\/schoenstatt.com\\\/es\\\/el-significado-de-la-cruz-de-la-unidad-para-el-tiempo-actual\\\/#article\",\"isPartOf\":{\"@id\":\"https:\\\/\\\/schoenstatt.com\\\/es\\\/el-significado-de-la-cruz-de-la-unidad-para-el-tiempo-actual\\\/\"},\"author\":{\"name\":\"Karen Bueno\",\"@id\":\"https:\\\/\\\/schoenstatt.com\\\/es\\\/#\\\/schema\\\/person\\\/5158877ad4acae98b34daaeef2a1ce6e\"},\"headline\":\"El significado de la Cruz de la Unidad para el tiempo actual\",\"datePublished\":\"2024-09-14T01:03:00+00:00\",\"dateModified\":\"2025-05-14T23:35:08+00:00\",\"mainEntityOfPage\":{\"@id\":\"https:\\\/\\\/schoenstatt.com\\\/es\\\/el-significado-de-la-cruz-de-la-unidad-para-el-tiempo-actual\\\/\"},\"wordCount\":1126,\"publisher\":{\"@id\":\"https:\\\/\\\/schoenstatt.com\\\/es\\\/#organization\"},\"image\":{\"@id\":\"https:\\\/\\\/schoenstatt.com\\\/es\\\/el-significado-de-la-cruz-de-la-unidad-para-el-tiempo-actual\\\/#primaryimage\"},\"thumbnailUrl\":\"https:\\\/\\\/schoenstatt.com\\\/wp-content\\\/uploads\\\/2024\\\/09\\\/cruz-de-la-unidade-unity-cross-Kreuz-der-Einheit-1.jpg\",\"articleSection\":[\"Espiritualidad\"],\"inLanguage\":\"es\"},{\"@type\":\"WebPage\",\"@id\":\"https:\\\/\\\/schoenstatt.com\\\/es\\\/el-significado-de-la-cruz-de-la-unidad-para-el-tiempo-actual\\\/\",\"url\":\"https:\\\/\\\/schoenstatt.com\\\/es\\\/el-significado-de-la-cruz-de-la-unidad-para-el-tiempo-actual\\\/\",\"name\":\"El significado de la Cruz de la Unidad para el tiempo actual - Schoenstatt\",\"isPartOf\":{\"@id\":\"https:\\\/\\\/schoenstatt.com\\\/es\\\/#website\"},\"primaryImageOfPage\":{\"@id\":\"https:\\\/\\\/schoenstatt.com\\\/es\\\/el-significado-de-la-cruz-de-la-unidad-para-el-tiempo-actual\\\/#primaryimage\"},\"image\":{\"@id\":\"https:\\\/\\\/schoenstatt.com\\\/es\\\/el-significado-de-la-cruz-de-la-unidad-para-el-tiempo-actual\\\/#primaryimage\"},\"thumbnailUrl\":\"https:\\\/\\\/schoenstatt.com\\\/wp-content\\\/uploads\\\/2024\\\/09\\\/cruz-de-la-unidade-unity-cross-Kreuz-der-Einheit-1.jpg\",\"datePublished\":\"2024-09-14T01:03:00+00:00\",\"dateModified\":\"2025-05-14T23:35:08+00:00\",\"description\":\"\u00bfConoces el significado de la Cruz de la Unidad original? Su arte inspira la vida de la Familia de Schoenstatt en todo el mundo.\",\"breadcrumb\":{\"@id\":\"https:\\\/\\\/schoenstatt.com\\\/es\\\/el-significado-de-la-cruz-de-la-unidad-para-el-tiempo-actual\\\/#breadcrumb\"},\"inLanguage\":\"es\",\"potentialAction\":[{\"@type\":\"ReadAction\",\"target\":[\"https:\\\/\\\/schoenstatt.com\\\/es\\\/el-significado-de-la-cruz-de-la-unidad-para-el-tiempo-actual\\\/\"]}]},{\"@type\":\"ImageObject\",\"inLanguage\":\"es\",\"@id\":\"https:\\\/\\\/schoenstatt.com\\\/es\\\/el-significado-de-la-cruz-de-la-unidad-para-el-tiempo-actual\\\/#primaryimage\",\"url\":\"https:\\\/\\\/schoenstatt.com\\\/wp-content\\\/uploads\\\/2024\\\/09\\\/cruz-de-la-unidade-unity-cross-Kreuz-der-Einheit-1.jpg\",\"contentUrl\":\"https:\\\/\\\/schoenstatt.com\\\/wp-content\\\/uploads\\\/2024\\\/09\\\/cruz-de-la-unidade-unity-cross-Kreuz-der-Einheit-1.jpg\",\"width\":1600,\"height\":758},{\"@type\":\"BreadcrumbList\",\"@id\":\"https:\\\/\\\/schoenstatt.com\\\/es\\\/el-significado-de-la-cruz-de-la-unidad-para-el-tiempo-actual\\\/#breadcrumb\",\"itemListElement\":[{\"@type\":\"ListItem\",\"position\":1,\"name\":\"Portada\",\"item\":\"https:\\\/\\\/schoenstatt.com\\\/es\\\/home\\\/\"},{\"@type\":\"ListItem\",\"position\":2,\"name\":\"El significado de la Cruz de la Unidad para el tiempo actual\"}]},{\"@type\":\"WebSite\",\"@id\":\"https:\\\/\\\/schoenstatt.com\\\/es\\\/#website\",\"url\":\"https:\\\/\\\/schoenstatt.com\\\/es\\\/\",\"name\":\"Schoenstatt\",\"description\":\"Apostolic Movement\",\"publisher\":{\"@id\":\"https:\\\/\\\/schoenstatt.com\\\/es\\\/#organization\"},\"potentialAction\":[{\"@type\":\"SearchAction\",\"target\":{\"@type\":\"EntryPoint\",\"urlTemplate\":\"https:\\\/\\\/schoenstatt.com\\\/es\\\/?s={search_term_string}\"},\"query-input\":{\"@type\":\"PropertyValueSpecification\",\"valueRequired\":true,\"valueName\":\"search_term_string\"}}],\"inLanguage\":\"es\"},{\"@type\":\"Organization\",\"@id\":\"https:\\\/\\\/schoenstatt.com\\\/es\\\/#organization\",\"name\":\"Schoenstatt\",\"url\":\"https:\\\/\\\/schoenstatt.com\\\/es\\\/\",\"logo\":{\"@type\":\"ImageObject\",\"inLanguage\":\"es\",\"@id\":\"https:\\\/\\\/schoenstatt.com\\\/es\\\/#\\\/schema\\\/logo\\\/image\\\/\",\"url\":\"https:\\\/\\\/schoenstatt.com\\\/wp-content\\\/uploads\\\/2025\\\/04\\\/logo-schoenstatt-white-696x696-1.png\",\"contentUrl\":\"https:\\\/\\\/schoenstatt.com\\\/wp-content\\\/uploads\\\/2025\\\/04\\\/logo-schoenstatt-white-696x696-1.png\",\"width\":696,\"height\":694,\"caption\":\"Schoenstatt\"},\"image\":{\"@id\":\"https:\\\/\\\/schoenstatt.com\\\/es\\\/#\\\/schema\\\/logo\\\/image\\\/\"}},{\"@type\":\"Person\",\"@id\":\"https:\\\/\\\/schoenstatt.com\\\/es\\\/#\\\/schema\\\/person\\\/5158877ad4acae98b34daaeef2a1ce6e\",\"name\":\"Karen Bueno\",\"image\":{\"@type\":\"ImageObject\",\"inLanguage\":\"es\",\"@id\":\"https:\\\/\\\/secure.gravatar.com\\\/avatar\\\/f9f4b823873154269d2b2130f195f6d41037dd0d7fc5f3cacb5c846bae70d66b?s=96&d=mm&r=g\",\"url\":\"https:\\\/\\\/secure.gravatar.com\\\/avatar\\\/f9f4b823873154269d2b2130f195f6d41037dd0d7fc5f3cacb5c846bae70d66b?s=96&d=mm&r=g\",\"contentUrl\":\"https:\\\/\\\/secure.gravatar.com\\\/avatar\\\/f9f4b823873154269d2b2130f195f6d41037dd0d7fc5f3cacb5c846bae70d66b?s=96&d=mm&r=g\",\"caption\":\"Karen Bueno\"},\"url\":\"https:\\\/\\\/schoenstatt.com\\\/es\\\/author\\\/karen-bueno\\\/\"}]}<\/script>\n<!-- \/ Yoast SEO Premium plugin. -->","yoast_head_json":{"title":"El significado de la Cruz de la Unidad para el tiempo actual - Schoenstatt","description":"\u00bfConoces el significado de la Cruz de la Unidad original? Su arte inspira la vida de la Familia de Schoenstatt en todo el mundo.","robots":{"index":"index","follow":"follow","max-snippet":"max-snippet:-1","max-image-preview":"max-image-preview:large","max-video-preview":"max-video-preview:-1"},"canonical":"https:\/\/schoenstatt.com\/es\/el-significado-de-la-cruz-de-la-unidad-para-el-tiempo-actual\/","og_locale":"es_ES","og_type":"article","og_title":"El significado de la Cruz de la Unidad para el tiempo actual","og_description":"\u00bfConoces el significado de la Cruz de la Unidad original? Su arte inspira la vida de la Familia de Schoenstatt en todo el mundo.","og_url":"https:\/\/schoenstatt.com\/es\/el-significado-de-la-cruz-de-la-unidad-para-el-tiempo-actual\/","og_site_name":"Schoenstatt","article_published_time":"2024-09-14T01:03:00+00:00","article_modified_time":"2025-05-14T23:35:08+00:00","og_image":[{"width":1600,"height":758,"url":"https:\/\/schoenstatt.com\/wp-content\/uploads\/2024\/09\/cruz-de-la-unidade-unity-cross-Kreuz-der-Einheit-1.jpg","type":"image\/jpeg"}],"author":"Karen Bueno","twitter_card":"summary_large_image","twitter_misc":{"Escrito por":"Karen Bueno","Tiempo de lectura":"6 minutos"},"schema":{"@context":"https:\/\/schema.org","@graph":[{"@type":"Article","@id":"https:\/\/schoenstatt.com\/es\/el-significado-de-la-cruz-de-la-unidad-para-el-tiempo-actual\/#article","isPartOf":{"@id":"https:\/\/schoenstatt.com\/es\/el-significado-de-la-cruz-de-la-unidad-para-el-tiempo-actual\/"},"author":{"name":"Karen Bueno","@id":"https:\/\/schoenstatt.com\/es\/#\/schema\/person\/5158877ad4acae98b34daaeef2a1ce6e"},"headline":"El significado de la Cruz de la Unidad para el tiempo actual","datePublished":"2024-09-14T01:03:00+00:00","dateModified":"2025-05-14T23:35:08+00:00","mainEntityOfPage":{"@id":"https:\/\/schoenstatt.com\/es\/el-significado-de-la-cruz-de-la-unidad-para-el-tiempo-actual\/"},"wordCount":1126,"publisher":{"@id":"https:\/\/schoenstatt.com\/es\/#organization"},"image":{"@id":"https:\/\/schoenstatt.com\/es\/el-significado-de-la-cruz-de-la-unidad-para-el-tiempo-actual\/#primaryimage"},"thumbnailUrl":"https:\/\/schoenstatt.com\/wp-content\/uploads\/2024\/09\/cruz-de-la-unidade-unity-cross-Kreuz-der-Einheit-1.jpg","articleSection":["Espiritualidad"],"inLanguage":"es"},{"@type":"WebPage","@id":"https:\/\/schoenstatt.com\/es\/el-significado-de-la-cruz-de-la-unidad-para-el-tiempo-actual\/","url":"https:\/\/schoenstatt.com\/es\/el-significado-de-la-cruz-de-la-unidad-para-el-tiempo-actual\/","name":"El significado de la Cruz de la Unidad para el tiempo actual - Schoenstatt","isPartOf":{"@id":"https:\/\/schoenstatt.com\/es\/#website"},"primaryImageOfPage":{"@id":"https:\/\/schoenstatt.com\/es\/el-significado-de-la-cruz-de-la-unidad-para-el-tiempo-actual\/#primaryimage"},"image":{"@id":"https:\/\/schoenstatt.com\/es\/el-significado-de-la-cruz-de-la-unidad-para-el-tiempo-actual\/#primaryimage"},"thumbnailUrl":"https:\/\/schoenstatt.com\/wp-content\/uploads\/2024\/09\/cruz-de-la-unidade-unity-cross-Kreuz-der-Einheit-1.jpg","datePublished":"2024-09-14T01:03:00+00:00","dateModified":"2025-05-14T23:35:08+00:00","description":"\u00bfConoces el significado de la Cruz de la Unidad original? Su arte inspira la vida de la Familia de Schoenstatt en todo el mundo.","breadcrumb":{"@id":"https:\/\/schoenstatt.com\/es\/el-significado-de-la-cruz-de-la-unidad-para-el-tiempo-actual\/#breadcrumb"},"inLanguage":"es","potentialAction":[{"@type":"ReadAction","target":["https:\/\/schoenstatt.com\/es\/el-significado-de-la-cruz-de-la-unidad-para-el-tiempo-actual\/"]}]},{"@type":"ImageObject","inLanguage":"es","@id":"https:\/\/schoenstatt.com\/es\/el-significado-de-la-cruz-de-la-unidad-para-el-tiempo-actual\/#primaryimage","url":"https:\/\/schoenstatt.com\/wp-content\/uploads\/2024\/09\/cruz-de-la-unidade-unity-cross-Kreuz-der-Einheit-1.jpg","contentUrl":"https:\/\/schoenstatt.com\/wp-content\/uploads\/2024\/09\/cruz-de-la-unidade-unity-cross-Kreuz-der-Einheit-1.jpg","width":1600,"height":758},{"@type":"BreadcrumbList","@id":"https:\/\/schoenstatt.com\/es\/el-significado-de-la-cruz-de-la-unidad-para-el-tiempo-actual\/#breadcrumb","itemListElement":[{"@type":"ListItem","position":1,"name":"Portada","item":"https:\/\/schoenstatt.com\/es\/home\/"},{"@type":"ListItem","position":2,"name":"El significado de la Cruz de la Unidad para el tiempo actual"}]},{"@type":"WebSite","@id":"https:\/\/schoenstatt.com\/es\/#website","url":"https:\/\/schoenstatt.com\/es\/","name":"Schoenstatt","description":"Apostolic Movement","publisher":{"@id":"https:\/\/schoenstatt.com\/es\/#organization"},"potentialAction":[{"@type":"SearchAction","target":{"@type":"EntryPoint","urlTemplate":"https:\/\/schoenstatt.com\/es\/?s={search_term_string}"},"query-input":{"@type":"PropertyValueSpecification","valueRequired":true,"valueName":"search_term_string"}}],"inLanguage":"es"},{"@type":"Organization","@id":"https:\/\/schoenstatt.com\/es\/#organization","name":"Schoenstatt","url":"https:\/\/schoenstatt.com\/es\/","logo":{"@type":"ImageObject","inLanguage":"es","@id":"https:\/\/schoenstatt.com\/es\/#\/schema\/logo\/image\/","url":"https:\/\/schoenstatt.com\/wp-content\/uploads\/2025\/04\/logo-schoenstatt-white-696x696-1.png","contentUrl":"https:\/\/schoenstatt.com\/wp-content\/uploads\/2025\/04\/logo-schoenstatt-white-696x696-1.png","width":696,"height":694,"caption":"Schoenstatt"},"image":{"@id":"https:\/\/schoenstatt.com\/es\/#\/schema\/logo\/image\/"}},{"@type":"Person","@id":"https:\/\/schoenstatt.com\/es\/#\/schema\/person\/5158877ad4acae98b34daaeef2a1ce6e","name":"Karen Bueno","image":{"@type":"ImageObject","inLanguage":"es","@id":"https:\/\/secure.gravatar.com\/avatar\/f9f4b823873154269d2b2130f195f6d41037dd0d7fc5f3cacb5c846bae70d66b?s=96&d=mm&r=g","url":"https:\/\/secure.gravatar.com\/avatar\/f9f4b823873154269d2b2130f195f6d41037dd0d7fc5f3cacb5c846bae70d66b?s=96&d=mm&r=g","contentUrl":"https:\/\/secure.gravatar.com\/avatar\/f9f4b823873154269d2b2130f195f6d41037dd0d7fc5f3cacb5c846bae70d66b?s=96&d=mm&r=g","caption":"Karen Bueno"},"url":"https:\/\/schoenstatt.com\/es\/author\/karen-bueno\/"}]}},"_links":{"self":[{"href":"https:\/\/schoenstatt.com\/es\/wp-json\/wp\/v2\/posts\/41191","targetHints":{"allow":["GET"]}}],"collection":[{"href":"https:\/\/schoenstatt.com\/es\/wp-json\/wp\/v2\/posts"}],"about":[{"href":"https:\/\/schoenstatt.com\/es\/wp-json\/wp\/v2\/types\/post"}],"author":[{"embeddable":true,"href":"https:\/\/schoenstatt.com\/es\/wp-json\/wp\/v2\/users\/3"}],"replies":[{"embeddable":true,"href":"https:\/\/schoenstatt.com\/es\/wp-json\/wp\/v2\/comments?post=41191"}],"version-history":[{"count":1,"href":"https:\/\/schoenstatt.com\/es\/wp-json\/wp\/v2\/posts\/41191\/revisions"}],"predecessor-version":[{"id":47028,"href":"https:\/\/schoenstatt.com\/es\/wp-json\/wp\/v2\/posts\/41191\/revisions\/47028"}],"wp:featuredmedia":[{"embeddable":true,"href":"https:\/\/schoenstatt.com\/es\/wp-json\/wp\/v2\/media\/41181"}],"wp:attachment":[{"href":"https:\/\/schoenstatt.com\/es\/wp-json\/wp\/v2\/media?parent=41191"}],"wp:term":[{"taxonomy":"category","embeddable":true,"href":"https:\/\/schoenstatt.com\/es\/wp-json\/wp\/v2\/categories?post=41191"},{"taxonomy":"post_tag","embeddable":true,"href":"https:\/\/schoenstatt.com\/es\/wp-json\/wp\/v2\/tags?post=41191"}],"curies":[{"name":"wp","href":"https:\/\/api.w.org\/{rel}","templated":true}]}}