{"id":41099,"date":"2024-09-09T13:35:25","date_gmt":"2024-09-09T11:35:25","guid":{"rendered":"https:\/\/schoenstatt.com\/?p=41099"},"modified":"2025-05-14T23:52:11","modified_gmt":"2025-05-14T21:52:11","slug":"70-hombres-sellan-la-alianza-de-amor-en-brasil","status":"publish","type":"post","link":"https:\/\/schoenstatt.com\/es\/70-hombres-sellan-la-alianza-de-amor-en-brasil\/","title":{"rendered":"70 hombres sellan la Alianza de Amor en Brasil"},"content":{"rendered":"\n<p><strong>Ayer, Hoerde; hoy, Garanhuns. <\/strong>105 a\u00f1os despu\u00e9s del Congreso de Hoerde, un grupo de hombres de la di\u00f3cesis de Garanhuns (Pernambuco, Brasil) asumi\u00f3 el compromiso de ayudar a cumplir la misi\u00f3n apost\u00f3lica de Schoenstatt para el mundo. 75 hombres de varias ciudades se prepararon y sellaron la Alianza de Amor con la Mater en el Santuario Tabor, cuyo ideal es santidad de la vida diaria.<\/p>\n\n\n\n<p>La preparaci\u00f3n estuvo a cargo de Izac da Silva Lima y Clivio Eug\u00eanio Severiano Torres, de la coordinaci\u00f3n diocesana del Rosario Masculino Madre Reina, con la participaci\u00f3n de matrimonios de la <a href=\"https:\/\/schoenstatt.com\/es\/comunidades\/family\/liga-de-familias\/\">Liga de Familias<\/a>. Tras las reuniones preparatorias, se celebr\u00f3 una jornada de formaci\u00f3n en el Santuario con el asesor, el P. Argemiro P. Ferracioli.<\/p>\n\n\n\n<p>Clivio Eug\u00eanio dice: <em>\u00abEn esos meses hubo mucha dedicaci\u00f3n, mucha organizaci\u00f3n, mucho compromiso. Pero me alegro de que hayamos alcanzado nuestro objetivo: la Alianza de Amor de varios hombres. Fueron muchas reuniones e invitamos a muchos hombres para conseguirlo\u00bb.<\/em><\/p>\n\n\n\n<figure class=\"wp-block-image size-large is-resized\"><img decoding=\"async\" src=\"https:\/\/schoenstatt.com\/wp-content\/uploads\/2024\/09\/Terco-dos-Homens-Brasil-3-768x1024.jpg\" alt=\"\" class=\"wp-image-41092\" style=\"width:532px;height:auto\"\/><\/figure>\n\n\n\n<h2 class=\"wp-block-heading\" id=\"h-la-fecha-elegida-es-significativa\"><strong>La fecha elegida es significativa<\/strong><\/h2>\n\n\n\n<p>El d\u00eda no podr\u00eda ser m\u00e1s significativo: el 18 de agosto de 2024, en v\u00edsperas del 105 aniversario del congreso de Hoerde, que estuvo marcado por el impulso de hombres pioneros a asumir la misi\u00f3n de Schoenstatt. Uno de los grandes l\u00edderes del congreso de Hoerd, Fritz Ernst, coment\u00f3: <em>\u00abEl camino de nuestra misi\u00f3n comienza con el apostolado dentro de nosotros mismos para realizar las palabras del Ap\u00f3stol: Fieri volo alter Christus [Quiero ser otro Cristo]\u00bb.<\/em><\/p>\n\n\n\n<p>El momento de la Alianza tuvo lugar despu\u00e9s de la Santa Misa, presidida por el padre Argemiro. Todos los hombres entraron en el Santuario para sellar la Alianza de Amor en presencia de sus familias. Izac comparte la experiencia: <em>\u00abAhora tenemos 75 nuevos hombres. As\u00ed como Cristo se transfigur\u00f3 un d\u00eda en el monte Tabor, estos hombres tambi\u00e9n bajaron de all\u00ed. Estoy seguro de que se han transfigurado y de que ahora son hombres m\u00e1s convencidos de su fe y que, de hecho, pueden abrazar el Movimiento, la causa y continuarla; tambi\u00e9n ayudan a los proyectos de Dios a trav\u00e9s de nuestra Sant\u00edsima Madre. Fue un d\u00eda maravilloso, un d\u00eda muy hermoso.\u00bb<\/em><\/p>\n\n\n\n<figure class=\"wp-block-image size-large is-resized\"><img decoding=\"async\" src=\"https:\/\/schoenstatt.com\/wp-content\/uploads\/2024\/09\/Terco-dos-Homens-Brasil-4-768x1024.jpg\" alt=\"\" class=\"wp-image-41096\" style=\"width:596px;height:auto\"\/><figcaption class=\"wp-element-caption\">Los que no pudieron firmar dejaron su huella digital, demostrando as\u00ed su compromiso de amor a la Madre y Reina.<\/figcaption><\/figure>\n\n\n\n<h2 class=\"wp-block-heading\" id=\"h-una-alianza-de-amor-accesible-a-todos\"><strong>Una Alianza de Amor accesible a todos<\/strong><\/h2>\n\n\n\n<p>Cuando pensamos en la Alianza de Amor, uno de los momentos m\u00e1s esperados es, sin duda, firmar el nombre en el Libro de Alianza y unirse a todos los que forman esta cadena de vida. Para muchos, este fue el momento m\u00e1s emocionante. Nadie se qued\u00f3 fuera de este importante hito. Los que no pudieron firmar dejaron su huella digital, demostrando as\u00ed su compromiso de amor a la Madre y Reina.<\/p>\n\n\n\n<p>Fue un gran acontecimiento hist\u00f3rico para el Movimiento de Schoenstatt, el Rosario de Hombres y el Santuario Tabor de la santidad de la vida diaria en Garanhuns.<\/p>\n\n\n\n<p><em>\u00abEstoy seguro de que voy a poner en pr\u00e1ctica todo lo que hemos vivido durante este per\u00edodo de preparaci\u00f3n. Esto pasar\u00e1 a mi historia, lo guardar\u00e9 y lo transmitir\u00e9 mientras viva\u00bb<\/em>, concluye Jos\u00e9 Francisco dos Santos Neto.<\/p>\n\n\n\n<p><strong>Sitio web oficial del Rosario de Hombres <\/strong>&#8211; <a href=\"https:\/\/tercodoshomens.org.br\/\" target=\"_blank\" rel=\"noreferrer noopener\">tercodoshomens.org.br<\/a><\/p>\n\n\n\n<p><strong>Fuente:<\/strong> <a href=\"https:\/\/schoenstatt.org.br\/2024\/08\/29\/70-homens-selam-a-alianca-de-amor\/\" target=\"_blank\" rel=\"noreferrer noopener\">schoenstatt.org.br<\/a><\/p>\n\n\n\n<p><strong>Traducci\u00f3n: <\/strong>Hna. M. Lourdes Mac\u00edas<\/p>\n","protected":false},"excerpt":{"rendered":"<p>Un momento emotivo marc\u00f3 la consagraci\u00f3n de los miembros del Rosario de Hombres a la MTA a trav\u00e9s de la Alianza de Amor<\/p>\n","protected":false},"author":3,"featured_media":41085,"comment_status":"closed","ping_status":"closed","sticky":false,"template":"","format":"standard","meta":{"footnotes":""},"categories":[864],"tags":[],"class_list":["post-41099","post","type-post","status-publish","format-standard","has-post-thumbnail","hentry","category-america-es"],"yoast_head":"<!-- This site is optimized with the Yoast SEO Premium plugin v27.4 (Yoast SEO v27.4) - https:\/\/yoast.com\/product\/yoast-seo-premium-wordpress\/ -->\n<title>70 hombres sellan la Alianza de Amor en Brasil - Schoenstatt<\/title>\n<meta name=\"description\" content=\"Un momento emotivo marc\u00f3 la consagraci\u00f3n de los miembros del Rosario de Hombres a la MTA a trav\u00e9s de la Alianza de Amor\" \/>\n<meta name=\"robots\" content=\"index, follow, max-snippet:-1, max-image-preview:large, max-video-preview:-1\" \/>\n<link rel=\"canonical\" href=\"https:\/\/schoenstatt.com\/es\/70-hombres-sellan-la-alianza-de-amor-en-brasil\/\" \/>\n<meta property=\"og:locale\" content=\"es_ES\" \/>\n<meta property=\"og:type\" content=\"article\" \/>\n<meta property=\"og:title\" content=\"70 hombres sellan la Alianza de Amor en Brasil\" \/>\n<meta property=\"og:description\" content=\"Un momento emotivo marc\u00f3 la consagraci\u00f3n de los miembros del Rosario de Hombres a la MTA a trav\u00e9s de la Alianza de Amor\" \/>\n<meta property=\"og:url\" content=\"https:\/\/schoenstatt.com\/es\/70-hombres-sellan-la-alianza-de-amor-en-brasil\/\" \/>\n<meta property=\"og:site_name\" content=\"Schoenstatt\" \/>\n<meta property=\"article:published_time\" content=\"2024-09-09T11:35:25+00:00\" \/>\n<meta property=\"article:modified_time\" content=\"2025-05-14T21:52:11+00:00\" \/>\n<meta property=\"og:image\" content=\"https:\/\/schoenstatt.com\/wp-content\/uploads\/2024\/09\/Terco-dos-Homens-Brasil-7-1.jpg\" \/>\n\t<meta property=\"og:image:width\" content=\"1280\" \/>\n\t<meta property=\"og:image:height\" content=\"960\" \/>\n\t<meta property=\"og:image:type\" content=\"image\/jpeg\" \/>\n<meta name=\"author\" content=\"Karen Bueno\" \/>\n<meta name=\"twitter:card\" content=\"summary_large_image\" \/>\n<meta name=\"twitter:label1\" content=\"Escrito por\" \/>\n\t<meta name=\"twitter:data1\" content=\"Karen Bueno\" \/>\n\t<meta name=\"twitter:label2\" content=\"Tiempo de lectura\" \/>\n\t<meta name=\"twitter:data2\" content=\"3 minutos\" \/>\n<script type=\"application\/ld+json\" class=\"yoast-schema-graph\">{\"@context\":\"https:\\\/\\\/schema.org\",\"@graph\":[{\"@type\":\"Article\",\"@id\":\"https:\\\/\\\/schoenstatt.com\\\/es\\\/70-hombres-sellan-la-alianza-de-amor-en-brasil\\\/#article\",\"isPartOf\":{\"@id\":\"https:\\\/\\\/schoenstatt.com\\\/es\\\/70-hombres-sellan-la-alianza-de-amor-en-brasil\\\/\"},\"author\":{\"name\":\"Karen Bueno\",\"@id\":\"https:\\\/\\\/schoenstatt.com\\\/es\\\/#\\\/schema\\\/person\\\/5158877ad4acae98b34daaeef2a1ce6e\"},\"headline\":\"70 hombres sellan la Alianza de Amor en Brasil\",\"datePublished\":\"2024-09-09T11:35:25+00:00\",\"dateModified\":\"2025-05-14T21:52:11+00:00\",\"mainEntityOfPage\":{\"@id\":\"https:\\\/\\\/schoenstatt.com\\\/es\\\/70-hombres-sellan-la-alianza-de-amor-en-brasil\\\/\"},\"wordCount\":574,\"publisher\":{\"@id\":\"https:\\\/\\\/schoenstatt.com\\\/es\\\/#organization\"},\"image\":{\"@id\":\"https:\\\/\\\/schoenstatt.com\\\/es\\\/70-hombres-sellan-la-alianza-de-amor-en-brasil\\\/#primaryimage\"},\"thumbnailUrl\":\"https:\\\/\\\/schoenstatt.com\\\/wp-content\\\/uploads\\\/2024\\\/09\\\/Terco-dos-Homens-Brasil-7-1.jpg\",\"articleSection\":[\"Am\u00e9rica\"],\"inLanguage\":\"es\"},{\"@type\":\"WebPage\",\"@id\":\"https:\\\/\\\/schoenstatt.com\\\/es\\\/70-hombres-sellan-la-alianza-de-amor-en-brasil\\\/\",\"url\":\"https:\\\/\\\/schoenstatt.com\\\/es\\\/70-hombres-sellan-la-alianza-de-amor-en-brasil\\\/\",\"name\":\"70 hombres sellan la Alianza de Amor en Brasil - Schoenstatt\",\"isPartOf\":{\"@id\":\"https:\\\/\\\/schoenstatt.com\\\/es\\\/#website\"},\"primaryImageOfPage\":{\"@id\":\"https:\\\/\\\/schoenstatt.com\\\/es\\\/70-hombres-sellan-la-alianza-de-amor-en-brasil\\\/#primaryimage\"},\"image\":{\"@id\":\"https:\\\/\\\/schoenstatt.com\\\/es\\\/70-hombres-sellan-la-alianza-de-amor-en-brasil\\\/#primaryimage\"},\"thumbnailUrl\":\"https:\\\/\\\/schoenstatt.com\\\/wp-content\\\/uploads\\\/2024\\\/09\\\/Terco-dos-Homens-Brasil-7-1.jpg\",\"datePublished\":\"2024-09-09T11:35:25+00:00\",\"dateModified\":\"2025-05-14T21:52:11+00:00\",\"description\":\"Un momento emotivo marc\u00f3 la consagraci\u00f3n de los miembros del Rosario de Hombres a la MTA a trav\u00e9s de la Alianza de Amor\",\"breadcrumb\":{\"@id\":\"https:\\\/\\\/schoenstatt.com\\\/es\\\/70-hombres-sellan-la-alianza-de-amor-en-brasil\\\/#breadcrumb\"},\"inLanguage\":\"es\",\"potentialAction\":[{\"@type\":\"ReadAction\",\"target\":[\"https:\\\/\\\/schoenstatt.com\\\/es\\\/70-hombres-sellan-la-alianza-de-amor-en-brasil\\\/\"]}]},{\"@type\":\"ImageObject\",\"inLanguage\":\"es\",\"@id\":\"https:\\\/\\\/schoenstatt.com\\\/es\\\/70-hombres-sellan-la-alianza-de-amor-en-brasil\\\/#primaryimage\",\"url\":\"https:\\\/\\\/schoenstatt.com\\\/wp-content\\\/uploads\\\/2024\\\/09\\\/Terco-dos-Homens-Brasil-7-1.jpg\",\"contentUrl\":\"https:\\\/\\\/schoenstatt.com\\\/wp-content\\\/uploads\\\/2024\\\/09\\\/Terco-dos-Homens-Brasil-7-1.jpg\",\"width\":1280,\"height\":960},{\"@type\":\"BreadcrumbList\",\"@id\":\"https:\\\/\\\/schoenstatt.com\\\/es\\\/70-hombres-sellan-la-alianza-de-amor-en-brasil\\\/#breadcrumb\",\"itemListElement\":[{\"@type\":\"ListItem\",\"position\":1,\"name\":\"Portada\",\"item\":\"https:\\\/\\\/schoenstatt.com\\\/es\\\/home\\\/\"},{\"@type\":\"ListItem\",\"position\":2,\"name\":\"70 hombres sellan la Alianza de Amor en Brasil\"}]},{\"@type\":\"WebSite\",\"@id\":\"https:\\\/\\\/schoenstatt.com\\\/es\\\/#website\",\"url\":\"https:\\\/\\\/schoenstatt.com\\\/es\\\/\",\"name\":\"Schoenstatt\",\"description\":\"Apostolic Movement\",\"publisher\":{\"@id\":\"https:\\\/\\\/schoenstatt.com\\\/es\\\/#organization\"},\"potentialAction\":[{\"@type\":\"SearchAction\",\"target\":{\"@type\":\"EntryPoint\",\"urlTemplate\":\"https:\\\/\\\/schoenstatt.com\\\/es\\\/?s={search_term_string}\"},\"query-input\":{\"@type\":\"PropertyValueSpecification\",\"valueRequired\":true,\"valueName\":\"search_term_string\"}}],\"inLanguage\":\"es\"},{\"@type\":\"Organization\",\"@id\":\"https:\\\/\\\/schoenstatt.com\\\/es\\\/#organization\",\"name\":\"Schoenstatt\",\"url\":\"https:\\\/\\\/schoenstatt.com\\\/es\\\/\",\"logo\":{\"@type\":\"ImageObject\",\"inLanguage\":\"es\",\"@id\":\"https:\\\/\\\/schoenstatt.com\\\/es\\\/#\\\/schema\\\/logo\\\/image\\\/\",\"url\":\"https:\\\/\\\/schoenstatt.com\\\/wp-content\\\/uploads\\\/2025\\\/04\\\/logo-schoenstatt-white-696x696-1.png\",\"contentUrl\":\"https:\\\/\\\/schoenstatt.com\\\/wp-content\\\/uploads\\\/2025\\\/04\\\/logo-schoenstatt-white-696x696-1.png\",\"width\":696,\"height\":694,\"caption\":\"Schoenstatt\"},\"image\":{\"@id\":\"https:\\\/\\\/schoenstatt.com\\\/es\\\/#\\\/schema\\\/logo\\\/image\\\/\"}},{\"@type\":\"Person\",\"@id\":\"https:\\\/\\\/schoenstatt.com\\\/es\\\/#\\\/schema\\\/person\\\/5158877ad4acae98b34daaeef2a1ce6e\",\"name\":\"Karen Bueno\",\"image\":{\"@type\":\"ImageObject\",\"inLanguage\":\"es\",\"@id\":\"https:\\\/\\\/secure.gravatar.com\\\/avatar\\\/f9f4b823873154269d2b2130f195f6d41037dd0d7fc5f3cacb5c846bae70d66b?s=96&d=mm&r=g\",\"url\":\"https:\\\/\\\/secure.gravatar.com\\\/avatar\\\/f9f4b823873154269d2b2130f195f6d41037dd0d7fc5f3cacb5c846bae70d66b?s=96&d=mm&r=g\",\"contentUrl\":\"https:\\\/\\\/secure.gravatar.com\\\/avatar\\\/f9f4b823873154269d2b2130f195f6d41037dd0d7fc5f3cacb5c846bae70d66b?s=96&d=mm&r=g\",\"caption\":\"Karen Bueno\"},\"url\":\"https:\\\/\\\/schoenstatt.com\\\/es\\\/author\\\/karen-bueno\\\/\"}]}<\/script>\n<!-- \/ Yoast SEO Premium plugin. -->","yoast_head_json":{"title":"70 hombres sellan la Alianza de Amor en Brasil - Schoenstatt","description":"Un momento emotivo marc\u00f3 la consagraci\u00f3n de los miembros del Rosario de Hombres a la MTA a trav\u00e9s de la Alianza de Amor","robots":{"index":"index","follow":"follow","max-snippet":"max-snippet:-1","max-image-preview":"max-image-preview:large","max-video-preview":"max-video-preview:-1"},"canonical":"https:\/\/schoenstatt.com\/es\/70-hombres-sellan-la-alianza-de-amor-en-brasil\/","og_locale":"es_ES","og_type":"article","og_title":"70 hombres sellan la Alianza de Amor en Brasil","og_description":"Un momento emotivo marc\u00f3 la consagraci\u00f3n de los miembros del Rosario de Hombres a la MTA a trav\u00e9s de la Alianza de Amor","og_url":"https:\/\/schoenstatt.com\/es\/70-hombres-sellan-la-alianza-de-amor-en-brasil\/","og_site_name":"Schoenstatt","article_published_time":"2024-09-09T11:35:25+00:00","article_modified_time":"2025-05-14T21:52:11+00:00","og_image":[{"width":1280,"height":960,"url":"https:\/\/schoenstatt.com\/wp-content\/uploads\/2024\/09\/Terco-dos-Homens-Brasil-7-1.jpg","type":"image\/jpeg"}],"author":"Karen Bueno","twitter_card":"summary_large_image","twitter_misc":{"Escrito por":"Karen Bueno","Tiempo de lectura":"3 minutos"},"schema":{"@context":"https:\/\/schema.org","@graph":[{"@type":"Article","@id":"https:\/\/schoenstatt.com\/es\/70-hombres-sellan-la-alianza-de-amor-en-brasil\/#article","isPartOf":{"@id":"https:\/\/schoenstatt.com\/es\/70-hombres-sellan-la-alianza-de-amor-en-brasil\/"},"author":{"name":"Karen Bueno","@id":"https:\/\/schoenstatt.com\/es\/#\/schema\/person\/5158877ad4acae98b34daaeef2a1ce6e"},"headline":"70 hombres sellan la Alianza de Amor en Brasil","datePublished":"2024-09-09T11:35:25+00:00","dateModified":"2025-05-14T21:52:11+00:00","mainEntityOfPage":{"@id":"https:\/\/schoenstatt.com\/es\/70-hombres-sellan-la-alianza-de-amor-en-brasil\/"},"wordCount":574,"publisher":{"@id":"https:\/\/schoenstatt.com\/es\/#organization"},"image":{"@id":"https:\/\/schoenstatt.com\/es\/70-hombres-sellan-la-alianza-de-amor-en-brasil\/#primaryimage"},"thumbnailUrl":"https:\/\/schoenstatt.com\/wp-content\/uploads\/2024\/09\/Terco-dos-Homens-Brasil-7-1.jpg","articleSection":["Am\u00e9rica"],"inLanguage":"es"},{"@type":"WebPage","@id":"https:\/\/schoenstatt.com\/es\/70-hombres-sellan-la-alianza-de-amor-en-brasil\/","url":"https:\/\/schoenstatt.com\/es\/70-hombres-sellan-la-alianza-de-amor-en-brasil\/","name":"70 hombres sellan la Alianza de Amor en Brasil - Schoenstatt","isPartOf":{"@id":"https:\/\/schoenstatt.com\/es\/#website"},"primaryImageOfPage":{"@id":"https:\/\/schoenstatt.com\/es\/70-hombres-sellan-la-alianza-de-amor-en-brasil\/#primaryimage"},"image":{"@id":"https:\/\/schoenstatt.com\/es\/70-hombres-sellan-la-alianza-de-amor-en-brasil\/#primaryimage"},"thumbnailUrl":"https:\/\/schoenstatt.com\/wp-content\/uploads\/2024\/09\/Terco-dos-Homens-Brasil-7-1.jpg","datePublished":"2024-09-09T11:35:25+00:00","dateModified":"2025-05-14T21:52:11+00:00","description":"Un momento emotivo marc\u00f3 la consagraci\u00f3n de los miembros del Rosario de Hombres a la MTA a trav\u00e9s de la Alianza de Amor","breadcrumb":{"@id":"https:\/\/schoenstatt.com\/es\/70-hombres-sellan-la-alianza-de-amor-en-brasil\/#breadcrumb"},"inLanguage":"es","potentialAction":[{"@type":"ReadAction","target":["https:\/\/schoenstatt.com\/es\/70-hombres-sellan-la-alianza-de-amor-en-brasil\/"]}]},{"@type":"ImageObject","inLanguage":"es","@id":"https:\/\/schoenstatt.com\/es\/70-hombres-sellan-la-alianza-de-amor-en-brasil\/#primaryimage","url":"https:\/\/schoenstatt.com\/wp-content\/uploads\/2024\/09\/Terco-dos-Homens-Brasil-7-1.jpg","contentUrl":"https:\/\/schoenstatt.com\/wp-content\/uploads\/2024\/09\/Terco-dos-Homens-Brasil-7-1.jpg","width":1280,"height":960},{"@type":"BreadcrumbList","@id":"https:\/\/schoenstatt.com\/es\/70-hombres-sellan-la-alianza-de-amor-en-brasil\/#breadcrumb","itemListElement":[{"@type":"ListItem","position":1,"name":"Portada","item":"https:\/\/schoenstatt.com\/es\/home\/"},{"@type":"ListItem","position":2,"name":"70 hombres sellan la Alianza de Amor en Brasil"}]},{"@type":"WebSite","@id":"https:\/\/schoenstatt.com\/es\/#website","url":"https:\/\/schoenstatt.com\/es\/","name":"Schoenstatt","description":"Apostolic Movement","publisher":{"@id":"https:\/\/schoenstatt.com\/es\/#organization"},"potentialAction":[{"@type":"SearchAction","target":{"@type":"EntryPoint","urlTemplate":"https:\/\/schoenstatt.com\/es\/?s={search_term_string}"},"query-input":{"@type":"PropertyValueSpecification","valueRequired":true,"valueName":"search_term_string"}}],"inLanguage":"es"},{"@type":"Organization","@id":"https:\/\/schoenstatt.com\/es\/#organization","name":"Schoenstatt","url":"https:\/\/schoenstatt.com\/es\/","logo":{"@type":"ImageObject","inLanguage":"es","@id":"https:\/\/schoenstatt.com\/es\/#\/schema\/logo\/image\/","url":"https:\/\/schoenstatt.com\/wp-content\/uploads\/2025\/04\/logo-schoenstatt-white-696x696-1.png","contentUrl":"https:\/\/schoenstatt.com\/wp-content\/uploads\/2025\/04\/logo-schoenstatt-white-696x696-1.png","width":696,"height":694,"caption":"Schoenstatt"},"image":{"@id":"https:\/\/schoenstatt.com\/es\/#\/schema\/logo\/image\/"}},{"@type":"Person","@id":"https:\/\/schoenstatt.com\/es\/#\/schema\/person\/5158877ad4acae98b34daaeef2a1ce6e","name":"Karen Bueno","image":{"@type":"ImageObject","inLanguage":"es","@id":"https:\/\/secure.gravatar.com\/avatar\/f9f4b823873154269d2b2130f195f6d41037dd0d7fc5f3cacb5c846bae70d66b?s=96&d=mm&r=g","url":"https:\/\/secure.gravatar.com\/avatar\/f9f4b823873154269d2b2130f195f6d41037dd0d7fc5f3cacb5c846bae70d66b?s=96&d=mm&r=g","contentUrl":"https:\/\/secure.gravatar.com\/avatar\/f9f4b823873154269d2b2130f195f6d41037dd0d7fc5f3cacb5c846bae70d66b?s=96&d=mm&r=g","caption":"Karen Bueno"},"url":"https:\/\/schoenstatt.com\/es\/author\/karen-bueno\/"}]}},"_links":{"self":[{"href":"https:\/\/schoenstatt.com\/es\/wp-json\/wp\/v2\/posts\/41099","targetHints":{"allow":["GET"]}}],"collection":[{"href":"https:\/\/schoenstatt.com\/es\/wp-json\/wp\/v2\/posts"}],"about":[{"href":"https:\/\/schoenstatt.com\/es\/wp-json\/wp\/v2\/types\/post"}],"author":[{"embeddable":true,"href":"https:\/\/schoenstatt.com\/es\/wp-json\/wp\/v2\/users\/3"}],"replies":[{"embeddable":true,"href":"https:\/\/schoenstatt.com\/es\/wp-json\/wp\/v2\/comments?post=41099"}],"version-history":[{"count":1,"href":"https:\/\/schoenstatt.com\/es\/wp-json\/wp\/v2\/posts\/41099\/revisions"}],"predecessor-version":[{"id":47008,"href":"https:\/\/schoenstatt.com\/es\/wp-json\/wp\/v2\/posts\/41099\/revisions\/47008"}],"wp:featuredmedia":[{"embeddable":true,"href":"https:\/\/schoenstatt.com\/es\/wp-json\/wp\/v2\/media\/41085"}],"wp:attachment":[{"href":"https:\/\/schoenstatt.com\/es\/wp-json\/wp\/v2\/media?parent=41099"}],"wp:term":[{"taxonomy":"category","embeddable":true,"href":"https:\/\/schoenstatt.com\/es\/wp-json\/wp\/v2\/categories?post=41099"},{"taxonomy":"post_tag","embeddable":true,"href":"https:\/\/schoenstatt.com\/es\/wp-json\/wp\/v2\/tags?post=41099"}],"curies":[{"name":"wp","href":"https:\/\/api.w.org\/{rel}","templated":true}]}}