{"id":41066,"date":"2024-09-07T20:00:00","date_gmt":"2024-09-07T18:00:00","guid":{"rendered":"https:\/\/schoenstatt.com\/?p=41066"},"modified":"2025-05-16T01:18:02","modified_gmt":"2025-05-15T23:18:02","slug":"celebremos-el-nacimiento-de-maria","status":"publish","type":"post","link":"https:\/\/schoenstatt.com\/es\/celebremos-el-nacimiento-de-maria\/","title":{"rendered":"\u00a1Celebremos el nacimiento de Mar\u00eda!"},"content":{"rendered":"\n<p>A Igreja celebra o <strong>nascimento de Maria<\/strong> todo dia <strong>8 de setembro<\/strong>. Aquela que, desde toda a eternidade, foi concebida no cora\u00e7\u00e3o de Deus, como sua Filha e sua M\u00e3e, est\u00e1 presente! Ele a contempla com amor! Pe. Kentenich nos ensina: \u201cO Pai gerou o Filho desde toda a eternidade. Assim, a imagem de Maria, no verdadeiro sentido da palavra, foi gerada desde toda a eternidade no esp\u00edrito do Pai. E desde a eternidade o Pai, a Trindade, se ocupou com grande amor com a imagem da querida M\u00e3e de Deus.\u201d Que grande festa no c\u00e9u e na terra! Nasceu a Filha de Deus Pai, que na for\u00e7a do Esp\u00edrito Santo, ser\u00e1 M\u00e3e de Deus Filho!<\/p>\n\n<p>Neste Ano, queremos celebrar o anivers\u00e1rio de Maria com um amor redobrado e oferecer-lhe presentes de nosso amor filial. A pequena crian\u00e7a, que hoje contemplamos no pobre ber\u00e7o, na casa de Joaquim e Ana, \u00e9 a Imaculada, preparada desde sempre como porta aberta para o c\u00e9u, a terra fecunda na qual Deus se encarna, se faz um de n\u00f3s.<\/p>\n\n<p><\/p>\n\n<figure class=\"wp-block-pullquote has-medium-font-size\" style=\"border-top-color:var(--wp--preset--color--luminous-vivid-orange);border-top-width:1px;border-bottom-color:var(--wp--preset--color--luminous-vivid-orange);border-bottom-width:1px;font-style:italic;font-weight:300\"><blockquote><p>\u201cEla \u00e9 aquilo que restou do Para\u00edso. Ela \u00e9 a \u00fanica que Deus reservou para si, que Deus preservou do pecado original e da ru\u00edna do pecado. Ela ser\u00e1 o novo ser a partir do qual deve surgir um novo plano para o mundo, um novo plano de salva\u00e7\u00e3o.\u201d <\/p><cite>Pe. Jos\u00e9 Kentenich<\/cite><\/blockquote><\/figure>\n\n<p><\/p>\n\n<p>Feliz <a href=\"https:\/\/www.vaticannews.va\/pt\/igreja\/news\/2021-09\/natividade-de-maria-no-santuario-de-loreta-acesa-a-lampada-paz.html\">Anivers\u00e1rio <\/a>Maria! Felizes somos n\u00f3s, porque em cada santu\u00e1rio mariano, ela nasce novamente! Felizes somos n\u00f3s porque ela sela uma Alian\u00e7a de Amor conosco! Ela quer nascer e viver novamente sua vida em cada um de seus filhos. \u201c<em>Deus deve fazer de n\u00f3s uma pequena imagem de Maria, formada segundo Cristo e que forma Cristo<\/em>.\u201d (Idem) Que Maria viva em <a href=\"https:\/\/schoenstatt.com\/pt-pt\/maria-mae-de-deus-e-nossa\/\">cada um de n\u00f3s<\/a>, trazendo constantemente Cristo ao ambiente em que vivemos!<\/p>\n\n<h2 class=\"wp-block-heading\" id=\"h-celebracao-no-santuario-original-minha-alma-canta-por-ti-maria\">Celebra\u00e7\u00e3o no Santu\u00e1rio Original: Minha alma canta &#8211; por ti, Maria!<\/h2>\n\n<div class=\"wp-block-media-text is-stacked-on-mobile\"><figure class=\"wp-block-media-text__media\"><img decoding=\"async\" src=\"https:\/\/schoenstatt.com\/wp-content\/uploads\/2024\/09\/Nascimento-de-Maria-01-1024x724.jpg\" alt=\"\" class=\"wp-image-41062 size-full\"\/><\/figure><div class=\"wp-block-media-text__content\">\n<p>Celebramos o nascimento da M\u00e3e de Deus. Nessa ocasi\u00e3o as Irm\u00e3s de Maria convidam voc\u00ea a vir ao <strong>Santu\u00e1rio Original<\/strong> para cantar can\u00e7\u00f5es a Maria nesta noite, internacionalmente.<\/p>\n\n\n\n<p>O canto mariano come\u00e7a \u00e0s <strong>19h15 (hor\u00e1rio Alemanha) no Santu\u00e1rio Original<\/strong> e ser\u00e1 transmitido ao vivo pela <strong>webcam<\/strong>:<\/p>\n\n\n\n<div class=\"wp-block-buttons is-content-justification-center is-layout-flex wp-container-core-buttons-is-layout-a89b3969 wp-block-buttons-is-layout-flex\">\n<div class=\"wp-block-button has-custom-width wp-block-button__width-75 is-style-fill\"><a class=\"wp-block-button__link has-luminous-vivid-orange-background-color has-background has-text-align-center wp-element-button\" href=\"https:\/\/www.youtube.com\/channel\/UCTq-GjjxWbSXr_-6d-F6U9A\" style=\"border-radius:10px\">webcam<\/a><\/div>\n<\/div>\n<\/div><\/div>\n\n<p><\/p>\n\n<p>Desde 2020, essa cantata foi iniciada e organizada regularmente na noite de uma festa mariana pelo Centro de Peregrinos. N\u00f3s o convidamos cordialmente a cantar, ouvir e simplesmente estar l\u00e1!<\/p>\n\n<p>Ofere\u00e7amos presentes de amor \u00e0 Maria, neste dia de sua festa! Meditemos sobre a feliz transforma\u00e7\u00e3o que seu nascimento significa para a hist\u00f3ria da humanidade e, unidos a Jesus, pe\u00e7amos a ela:<\/p>\n\n<blockquote class=\"wp-block-quote is-layout-flow wp-block-quote-is-layout-flow\">\n<p style=\"font-style:italic;font-weight:400\">\u00abToma-nos semelhantes \u00e0 tua imagem, como tu, passemos pela vida:<\/p>\n\n\n\n<p style=\"font-style:italic;font-weight:400\">fortes e dignos, simples e bondosos, espargindo amor, paz e alegria.<\/p>\n\n\n\n<p style=\"font-style:italic;font-weight:400\">Em n\u00f3s percorre o nosso tempo, preparando-o para Cristo.\u201d (Rumo ao C\u00e9u 609)<\/p>\n<\/blockquote>\n\n<p><sub><strong><em>Fonte<\/em><\/strong><em>: <a href=\"https:\/\/schoenstatt.org.br\/2017\/09\/08\/nascimento-de-maria\/\">Schoenstatt Brasil<\/a> | Central de Peregrinos Schoenstatt<\/em> | <em><strong>Foto<\/strong>: Doug Ulp<\/em><\/sub><\/p>\n","protected":false},"excerpt":{"rendered":"<p>Celebremos juntos el nacimiento de Mar\u00eda, la Inmaculada, concebida en el coraz\u00f3n de Dios. En este d\u00eda tan especial, ofrezcamos dones de amor y reflexionemos sobre su misi\u00f3n divina. Mar\u00eda es la puerta abierta del cielo, la tierra f\u00e9rtil donde Dios se encarna. Unidos a Jes\u00fas, pidamos que Mar\u00eda viva en nosotros, llevando a Cristo a nuestro entorno y preparando el mundo para \u00c9l.<\/p>\n","protected":false},"author":6,"featured_media":41061,"comment_status":"closed","ping_status":"closed","sticky":false,"template":"","format":"standard","meta":{"footnotes":""},"categories":[917,683],"tags":[],"class_list":["post-41066","post","type-post","status-publish","format-standard","has-post-thumbnail","hentry","category-espiritualidad-es","category-iglesia-es"],"yoast_head":"<!-- This site is optimized with the Yoast SEO Premium plugin v27.4 (Yoast SEO v27.4) - https:\/\/yoast.com\/product\/yoast-seo-premium-wordpress\/ -->\n<title>\u00a1Celebremos el nacimiento de Mar\u00eda! - Schoenstatt<\/title>\n<meta name=\"description\" content=\"Celebremos el nacimiento de Mar\u00eda el 8 de septiembre. Ofrezc\u00e1mosle nuestro amor y reflexionemos sobre su importancia en nuestra historia.\" \/>\n<meta name=\"robots\" content=\"index, follow, max-snippet:-1, max-image-preview:large, max-video-preview:-1\" \/>\n<link rel=\"canonical\" href=\"https:\/\/schoenstatt.com\/es\/celebremos-el-nacimiento-de-maria\/\" \/>\n<meta property=\"og:locale\" content=\"es_ES\" \/>\n<meta property=\"og:type\" content=\"article\" \/>\n<meta property=\"og:title\" content=\"\u00a1Celebremos el nacimiento de Mar\u00eda!\" \/>\n<meta property=\"og:description\" content=\"Celebremos el nacimiento de Mar\u00eda el 8 de septiembre. Ofrezc\u00e1mosle nuestro amor y reflexionemos sobre su importancia en nuestra historia.\" \/>\n<meta property=\"og:url\" content=\"https:\/\/schoenstatt.com\/es\/celebremos-el-nacimiento-de-maria\/\" \/>\n<meta property=\"og:site_name\" content=\"Schoenstatt\" \/>\n<meta property=\"article:published_time\" content=\"2024-09-07T18:00:00+00:00\" \/>\n<meta property=\"article:modified_time\" content=\"2025-05-15T23:18:02+00:00\" \/>\n<meta property=\"og:image\" content=\"https:\/\/schoenstatt.com\/wp-content\/uploads\/2024\/09\/Nascimento-de-Maria-Header-Doug-Ulp-scaled-4.jpg\" \/>\n\t<meta property=\"og:image:width\" content=\"2048\" \/>\n\t<meta property=\"og:image:height\" content=\"1365\" \/>\n\t<meta property=\"og:image:type\" content=\"image\/jpeg\" \/>\n<meta name=\"author\" content=\"Vanessa Franke\" \/>\n<meta name=\"twitter:card\" content=\"summary_large_image\" \/>\n<meta name=\"twitter:label1\" content=\"Escrito por\" \/>\n\t<meta name=\"twitter:data1\" content=\"Vanessa Franke\" \/>\n\t<meta name=\"twitter:label2\" content=\"Tiempo de lectura\" \/>\n\t<meta name=\"twitter:data2\" content=\"3 minutos\" \/>\n<script type=\"application\/ld+json\" class=\"yoast-schema-graph\">{\"@context\":\"https:\\\/\\\/schema.org\",\"@graph\":[{\"@type\":\"Article\",\"@id\":\"https:\\\/\\\/schoenstatt.com\\\/es\\\/celebremos-el-nacimiento-de-maria\\\/#article\",\"isPartOf\":{\"@id\":\"https:\\\/\\\/schoenstatt.com\\\/es\\\/celebremos-el-nacimiento-de-maria\\\/\"},\"author\":{\"name\":\"Vanessa Franke\",\"@id\":\"https:\\\/\\\/schoenstatt.com\\\/es\\\/#\\\/schema\\\/person\\\/ea97a60c723e21c923e2177f0f3163f7\"},\"headline\":\"\u00a1Celebremos el nacimiento de Mar\u00eda!\",\"datePublished\":\"2024-09-07T18:00:00+00:00\",\"dateModified\":\"2025-05-15T23:18:02+00:00\",\"mainEntityOfPage\":{\"@id\":\"https:\\\/\\\/schoenstatt.com\\\/es\\\/celebremos-el-nacimiento-de-maria\\\/\"},\"wordCount\":502,\"publisher\":{\"@id\":\"https:\\\/\\\/schoenstatt.com\\\/es\\\/#organization\"},\"image\":{\"@id\":\"https:\\\/\\\/schoenstatt.com\\\/es\\\/celebremos-el-nacimiento-de-maria\\\/#primaryimage\"},\"thumbnailUrl\":\"https:\\\/\\\/schoenstatt.com\\\/wp-content\\\/uploads\\\/2024\\\/09\\\/Nascimento-de-Maria-Header-Doug-Ulp-scaled-4.jpg\",\"articleSection\":[\"Espiritualidad\",\"Iglesia\"],\"inLanguage\":\"es\"},{\"@type\":\"WebPage\",\"@id\":\"https:\\\/\\\/schoenstatt.com\\\/es\\\/celebremos-el-nacimiento-de-maria\\\/\",\"url\":\"https:\\\/\\\/schoenstatt.com\\\/es\\\/celebremos-el-nacimiento-de-maria\\\/\",\"name\":\"\u00a1Celebremos el nacimiento de Mar\u00eda! - Schoenstatt\",\"isPartOf\":{\"@id\":\"https:\\\/\\\/schoenstatt.com\\\/es\\\/#website\"},\"primaryImageOfPage\":{\"@id\":\"https:\\\/\\\/schoenstatt.com\\\/es\\\/celebremos-el-nacimiento-de-maria\\\/#primaryimage\"},\"image\":{\"@id\":\"https:\\\/\\\/schoenstatt.com\\\/es\\\/celebremos-el-nacimiento-de-maria\\\/#primaryimage\"},\"thumbnailUrl\":\"https:\\\/\\\/schoenstatt.com\\\/wp-content\\\/uploads\\\/2024\\\/09\\\/Nascimento-de-Maria-Header-Doug-Ulp-scaled-4.jpg\",\"datePublished\":\"2024-09-07T18:00:00+00:00\",\"dateModified\":\"2025-05-15T23:18:02+00:00\",\"description\":\"Celebremos el nacimiento de Mar\u00eda el 8 de septiembre. Ofrezc\u00e1mosle nuestro amor y reflexionemos sobre su importancia en nuestra historia.\",\"breadcrumb\":{\"@id\":\"https:\\\/\\\/schoenstatt.com\\\/es\\\/celebremos-el-nacimiento-de-maria\\\/#breadcrumb\"},\"inLanguage\":\"es\",\"potentialAction\":[{\"@type\":\"ReadAction\",\"target\":[\"https:\\\/\\\/schoenstatt.com\\\/es\\\/celebremos-el-nacimiento-de-maria\\\/\"]}]},{\"@type\":\"ImageObject\",\"inLanguage\":\"es\",\"@id\":\"https:\\\/\\\/schoenstatt.com\\\/es\\\/celebremos-el-nacimiento-de-maria\\\/#primaryimage\",\"url\":\"https:\\\/\\\/schoenstatt.com\\\/wp-content\\\/uploads\\\/2024\\\/09\\\/Nascimento-de-Maria-Header-Doug-Ulp-scaled-4.jpg\",\"contentUrl\":\"https:\\\/\\\/schoenstatt.com\\\/wp-content\\\/uploads\\\/2024\\\/09\\\/Nascimento-de-Maria-Header-Doug-Ulp-scaled-4.jpg\",\"width\":2048,\"height\":1365,\"caption\":\"nacimiento de Mar\u00eda\"},{\"@type\":\"BreadcrumbList\",\"@id\":\"https:\\\/\\\/schoenstatt.com\\\/es\\\/celebremos-el-nacimiento-de-maria\\\/#breadcrumb\",\"itemListElement\":[{\"@type\":\"ListItem\",\"position\":1,\"name\":\"Portada\",\"item\":\"https:\\\/\\\/schoenstatt.com\\\/es\\\/home\\\/\"},{\"@type\":\"ListItem\",\"position\":2,\"name\":\"\u00a1Celebremos el nacimiento de Mar\u00eda!\"}]},{\"@type\":\"WebSite\",\"@id\":\"https:\\\/\\\/schoenstatt.com\\\/es\\\/#website\",\"url\":\"https:\\\/\\\/schoenstatt.com\\\/es\\\/\",\"name\":\"Schoenstatt\",\"description\":\"Apostolic Movement\",\"publisher\":{\"@id\":\"https:\\\/\\\/schoenstatt.com\\\/es\\\/#organization\"},\"potentialAction\":[{\"@type\":\"SearchAction\",\"target\":{\"@type\":\"EntryPoint\",\"urlTemplate\":\"https:\\\/\\\/schoenstatt.com\\\/es\\\/?s={search_term_string}\"},\"query-input\":{\"@type\":\"PropertyValueSpecification\",\"valueRequired\":true,\"valueName\":\"search_term_string\"}}],\"inLanguage\":\"es\"},{\"@type\":\"Organization\",\"@id\":\"https:\\\/\\\/schoenstatt.com\\\/es\\\/#organization\",\"name\":\"Schoenstatt\",\"url\":\"https:\\\/\\\/schoenstatt.com\\\/es\\\/\",\"logo\":{\"@type\":\"ImageObject\",\"inLanguage\":\"es\",\"@id\":\"https:\\\/\\\/schoenstatt.com\\\/es\\\/#\\\/schema\\\/logo\\\/image\\\/\",\"url\":\"https:\\\/\\\/schoenstatt.com\\\/wp-content\\\/uploads\\\/2025\\\/04\\\/logo-schoenstatt-white-696x696-1.png\",\"contentUrl\":\"https:\\\/\\\/schoenstatt.com\\\/wp-content\\\/uploads\\\/2025\\\/04\\\/logo-schoenstatt-white-696x696-1.png\",\"width\":696,\"height\":694,\"caption\":\"Schoenstatt\"},\"image\":{\"@id\":\"https:\\\/\\\/schoenstatt.com\\\/es\\\/#\\\/schema\\\/logo\\\/image\\\/\"}},{\"@type\":\"Person\",\"@id\":\"https:\\\/\\\/schoenstatt.com\\\/es\\\/#\\\/schema\\\/person\\\/ea97a60c723e21c923e2177f0f3163f7\",\"name\":\"Vanessa Franke\",\"image\":{\"@type\":\"ImageObject\",\"inLanguage\":\"es\",\"@id\":\"https:\\\/\\\/secure.gravatar.com\\\/avatar\\\/a9bcca3409928ccd3195eca11e2ccbb2e5d7c7912e9a945d4f326f81a0a5cb4a?s=96&d=mm&r=g\",\"url\":\"https:\\\/\\\/secure.gravatar.com\\\/avatar\\\/a9bcca3409928ccd3195eca11e2ccbb2e5d7c7912e9a945d4f326f81a0a5cb4a?s=96&d=mm&r=g\",\"contentUrl\":\"https:\\\/\\\/secure.gravatar.com\\\/avatar\\\/a9bcca3409928ccd3195eca11e2ccbb2e5d7c7912e9a945d4f326f81a0a5cb4a?s=96&d=mm&r=g\",\"caption\":\"Vanessa Franke\"},\"url\":\"https:\\\/\\\/schoenstatt.com\\\/es\\\/author\\\/vanessa-franke\\\/\"}]}<\/script>\n<!-- \/ Yoast SEO Premium plugin. -->","yoast_head_json":{"title":"\u00a1Celebremos el nacimiento de Mar\u00eda! - Schoenstatt","description":"Celebremos el nacimiento de Mar\u00eda el 8 de septiembre. Ofrezc\u00e1mosle nuestro amor y reflexionemos sobre su importancia en nuestra historia.","robots":{"index":"index","follow":"follow","max-snippet":"max-snippet:-1","max-image-preview":"max-image-preview:large","max-video-preview":"max-video-preview:-1"},"canonical":"https:\/\/schoenstatt.com\/es\/celebremos-el-nacimiento-de-maria\/","og_locale":"es_ES","og_type":"article","og_title":"\u00a1Celebremos el nacimiento de Mar\u00eda!","og_description":"Celebremos el nacimiento de Mar\u00eda el 8 de septiembre. Ofrezc\u00e1mosle nuestro amor y reflexionemos sobre su importancia en nuestra historia.","og_url":"https:\/\/schoenstatt.com\/es\/celebremos-el-nacimiento-de-maria\/","og_site_name":"Schoenstatt","article_published_time":"2024-09-07T18:00:00+00:00","article_modified_time":"2025-05-15T23:18:02+00:00","og_image":[{"width":2048,"height":1365,"url":"https:\/\/schoenstatt.com\/wp-content\/uploads\/2024\/09\/Nascimento-de-Maria-Header-Doug-Ulp-scaled-4.jpg","type":"image\/jpeg"}],"author":"Vanessa Franke","twitter_card":"summary_large_image","twitter_misc":{"Escrito por":"Vanessa Franke","Tiempo de lectura":"3 minutos"},"schema":{"@context":"https:\/\/schema.org","@graph":[{"@type":"Article","@id":"https:\/\/schoenstatt.com\/es\/celebremos-el-nacimiento-de-maria\/#article","isPartOf":{"@id":"https:\/\/schoenstatt.com\/es\/celebremos-el-nacimiento-de-maria\/"},"author":{"name":"Vanessa Franke","@id":"https:\/\/schoenstatt.com\/es\/#\/schema\/person\/ea97a60c723e21c923e2177f0f3163f7"},"headline":"\u00a1Celebremos el nacimiento de Mar\u00eda!","datePublished":"2024-09-07T18:00:00+00:00","dateModified":"2025-05-15T23:18:02+00:00","mainEntityOfPage":{"@id":"https:\/\/schoenstatt.com\/es\/celebremos-el-nacimiento-de-maria\/"},"wordCount":502,"publisher":{"@id":"https:\/\/schoenstatt.com\/es\/#organization"},"image":{"@id":"https:\/\/schoenstatt.com\/es\/celebremos-el-nacimiento-de-maria\/#primaryimage"},"thumbnailUrl":"https:\/\/schoenstatt.com\/wp-content\/uploads\/2024\/09\/Nascimento-de-Maria-Header-Doug-Ulp-scaled-4.jpg","articleSection":["Espiritualidad","Iglesia"],"inLanguage":"es"},{"@type":"WebPage","@id":"https:\/\/schoenstatt.com\/es\/celebremos-el-nacimiento-de-maria\/","url":"https:\/\/schoenstatt.com\/es\/celebremos-el-nacimiento-de-maria\/","name":"\u00a1Celebremos el nacimiento de Mar\u00eda! - Schoenstatt","isPartOf":{"@id":"https:\/\/schoenstatt.com\/es\/#website"},"primaryImageOfPage":{"@id":"https:\/\/schoenstatt.com\/es\/celebremos-el-nacimiento-de-maria\/#primaryimage"},"image":{"@id":"https:\/\/schoenstatt.com\/es\/celebremos-el-nacimiento-de-maria\/#primaryimage"},"thumbnailUrl":"https:\/\/schoenstatt.com\/wp-content\/uploads\/2024\/09\/Nascimento-de-Maria-Header-Doug-Ulp-scaled-4.jpg","datePublished":"2024-09-07T18:00:00+00:00","dateModified":"2025-05-15T23:18:02+00:00","description":"Celebremos el nacimiento de Mar\u00eda el 8 de septiembre. Ofrezc\u00e1mosle nuestro amor y reflexionemos sobre su importancia en nuestra historia.","breadcrumb":{"@id":"https:\/\/schoenstatt.com\/es\/celebremos-el-nacimiento-de-maria\/#breadcrumb"},"inLanguage":"es","potentialAction":[{"@type":"ReadAction","target":["https:\/\/schoenstatt.com\/es\/celebremos-el-nacimiento-de-maria\/"]}]},{"@type":"ImageObject","inLanguage":"es","@id":"https:\/\/schoenstatt.com\/es\/celebremos-el-nacimiento-de-maria\/#primaryimage","url":"https:\/\/schoenstatt.com\/wp-content\/uploads\/2024\/09\/Nascimento-de-Maria-Header-Doug-Ulp-scaled-4.jpg","contentUrl":"https:\/\/schoenstatt.com\/wp-content\/uploads\/2024\/09\/Nascimento-de-Maria-Header-Doug-Ulp-scaled-4.jpg","width":2048,"height":1365,"caption":"nacimiento de Mar\u00eda"},{"@type":"BreadcrumbList","@id":"https:\/\/schoenstatt.com\/es\/celebremos-el-nacimiento-de-maria\/#breadcrumb","itemListElement":[{"@type":"ListItem","position":1,"name":"Portada","item":"https:\/\/schoenstatt.com\/es\/home\/"},{"@type":"ListItem","position":2,"name":"\u00a1Celebremos el nacimiento de Mar\u00eda!"}]},{"@type":"WebSite","@id":"https:\/\/schoenstatt.com\/es\/#website","url":"https:\/\/schoenstatt.com\/es\/","name":"Schoenstatt","description":"Apostolic Movement","publisher":{"@id":"https:\/\/schoenstatt.com\/es\/#organization"},"potentialAction":[{"@type":"SearchAction","target":{"@type":"EntryPoint","urlTemplate":"https:\/\/schoenstatt.com\/es\/?s={search_term_string}"},"query-input":{"@type":"PropertyValueSpecification","valueRequired":true,"valueName":"search_term_string"}}],"inLanguage":"es"},{"@type":"Organization","@id":"https:\/\/schoenstatt.com\/es\/#organization","name":"Schoenstatt","url":"https:\/\/schoenstatt.com\/es\/","logo":{"@type":"ImageObject","inLanguage":"es","@id":"https:\/\/schoenstatt.com\/es\/#\/schema\/logo\/image\/","url":"https:\/\/schoenstatt.com\/wp-content\/uploads\/2025\/04\/logo-schoenstatt-white-696x696-1.png","contentUrl":"https:\/\/schoenstatt.com\/wp-content\/uploads\/2025\/04\/logo-schoenstatt-white-696x696-1.png","width":696,"height":694,"caption":"Schoenstatt"},"image":{"@id":"https:\/\/schoenstatt.com\/es\/#\/schema\/logo\/image\/"}},{"@type":"Person","@id":"https:\/\/schoenstatt.com\/es\/#\/schema\/person\/ea97a60c723e21c923e2177f0f3163f7","name":"Vanessa Franke","image":{"@type":"ImageObject","inLanguage":"es","@id":"https:\/\/secure.gravatar.com\/avatar\/a9bcca3409928ccd3195eca11e2ccbb2e5d7c7912e9a945d4f326f81a0a5cb4a?s=96&d=mm&r=g","url":"https:\/\/secure.gravatar.com\/avatar\/a9bcca3409928ccd3195eca11e2ccbb2e5d7c7912e9a945d4f326f81a0a5cb4a?s=96&d=mm&r=g","contentUrl":"https:\/\/secure.gravatar.com\/avatar\/a9bcca3409928ccd3195eca11e2ccbb2e5d7c7912e9a945d4f326f81a0a5cb4a?s=96&d=mm&r=g","caption":"Vanessa Franke"},"url":"https:\/\/schoenstatt.com\/es\/author\/vanessa-franke\/"}]}},"_links":{"self":[{"href":"https:\/\/schoenstatt.com\/es\/wp-json\/wp\/v2\/posts\/41066","targetHints":{"allow":["GET"]}}],"collection":[{"href":"https:\/\/schoenstatt.com\/es\/wp-json\/wp\/v2\/posts"}],"about":[{"href":"https:\/\/schoenstatt.com\/es\/wp-json\/wp\/v2\/types\/post"}],"author":[{"embeddable":true,"href":"https:\/\/schoenstatt.com\/es\/wp-json\/wp\/v2\/users\/6"}],"replies":[{"embeddable":true,"href":"https:\/\/schoenstatt.com\/es\/wp-json\/wp\/v2\/comments?post=41066"}],"version-history":[{"count":2,"href":"https:\/\/schoenstatt.com\/es\/wp-json\/wp\/v2\/posts\/41066\/revisions"}],"predecessor-version":[{"id":55900,"href":"https:\/\/schoenstatt.com\/es\/wp-json\/wp\/v2\/posts\/41066\/revisions\/55900"}],"wp:featuredmedia":[{"embeddable":true,"href":"https:\/\/schoenstatt.com\/es\/wp-json\/wp\/v2\/media\/41061"}],"wp:attachment":[{"href":"https:\/\/schoenstatt.com\/es\/wp-json\/wp\/v2\/media?parent=41066"}],"wp:term":[{"taxonomy":"category","embeddable":true,"href":"https:\/\/schoenstatt.com\/es\/wp-json\/wp\/v2\/categories?post=41066"},{"taxonomy":"post_tag","embeddable":true,"href":"https:\/\/schoenstatt.com\/es\/wp-json\/wp\/v2\/tags?post=41066"}],"curies":[{"name":"wp","href":"https:\/\/api.w.org\/{rel}","templated":true}]}}