{"id":41047,"date":"2024-09-06T13:30:00","date_gmt":"2024-09-06T11:30:00","guid":{"rendered":"https:\/\/schoenstatt.com\/?p=41047"},"modified":"2025-05-15T18:14:27","modified_gmt":"2025-05-15T16:14:27","slug":"primer-encuentro-nacional-mujeres-ecuador","status":"publish","type":"post","link":"https:\/\/schoenstatt.com\/es\/primer-encuentro-nacional-mujeres-ecuador\/","title":{"rendered":"Primer Encuentro Nacional de la Mujer en Schoenstatt Ecuador: \u00abMujer, Fuente de Esperanza\u00bb"},"content":{"rendered":"\n<p>El s\u00e1bado 31 de agosto, se llev\u00f3 a cabo en el Santuario Nacional en Guayaquil, el <strong>Primer Encuentro Nacional de la Mujer,<\/strong> dirigido a todas las mujeres de Schoenstatt del Ecuador, iluminado por el lema: \u201cMujer, Fuente de Esperanza\u201d y el simbolismo del \u00e1rbol de la grandeza femenina utilizado por el padre Fundador.&nbsp;<\/p>\n\n\n\n<p>El gran objetivo era unirnos como mujeres cat\u00f3licas para dar un aporte a\u00fan m\u00e1s significativo en la desafiante hora actual de nuestra patria, a la luz del carisma de Schoenstatt. Tambi\u00e9n quiso ser una oportunidad para que todas conocieran mejor las distintas vocaciones de las ramas y comunidades de nuestra columna femenina. <\/p>\n\n\n\n<p>Este encuentro cont\u00f3 con la <a href=\"https:\/\/www.instagram.com\/reel\/C_bfQyix17D\/?utm_source=ig_web_copy_link&amp;igsh=MzRlODBiNWFlZA==\">presencia de alrededor de 175 mujeres<\/a>, provenientes de Guayaquil, Quito y Manta, pertenecientes a la Juventud Femenina, Liga Apost\u00f3lica Femenina, Rama de madres, Instituto de Hermanas de Mar\u00eda, Instituto Nuestra Se\u00f1ora de Schoenstatt y Federaci\u00f3n Apost\u00f3lica de Mujeres.<br><\/p>\n\n\n\n<h2 class=\"wp-block-heading\" id=\"h-ideal-y-realidad-de-la-mujer-perspectivas-y-respuestas\">Ideal y realidad de la mujer: perspectivas y respuestas<\/h2>\n\n\n\n<div class=\"wp-block-columns is-layout-flex wp-container-core-columns-is-layout-28f84493 wp-block-columns-is-layout-flex\">\n<div class=\"wp-block-column is-layout-flow wp-block-column-is-layout-flow\">\n<figure class=\"wp-block-image aligncenter size-large\"><img decoding=\"async\" src=\"https:\/\/schoenstatt.com\/wp-content\/uploads\/2024\/09\/National-Womens-Encounter-in-Ecuador-4-1024x682.jpg\" alt=\"primer encuentro nacional de la mujer schoenstatt Ecuador\" class=\"wp-image-41035\"\/><\/figure>\n<\/div>\n\n\n\n<div class=\"wp-block-column is-layout-flow wp-block-column-is-layout-flow\">\n<div style=\"height:100px\" aria-hidden=\"true\" class=\"wp-block-spacer\"><\/div>\n\n\n\n<p>Por la ma\u00f1ana, comenzamos con un panel en torno al \u201c<strong>Pensamiento de la Iglesia y del padre Kentenich sobre el ideal de la mujer\u201d. <\/strong>Motivados por lo que el padre. Kentenich dijo en la conferencia pedag\u00f3gica de 1934:<\/p>\n<\/div>\n<\/div>\n\n\n\n<blockquote class=\"wp-block-quote has-text-align-center is-layout-flow wp-block-quote-is-layout-flow\" style=\"font-style:italic;font-weight:300\">\n<p><em>\u201cla mujer ha de llegar a conocer y cultivar su plus, <\/em><\/p>\n\n\n\n<p><em>debe estar orgullosa de su identidad, de su grandeza y hermosura\u201d<\/em><\/p>\n<\/blockquote>\n\n\n\n<p>Se escogi\u00f3 3 <a href=\"https:\/\/schoenstatt.com\/es\/el-plus-de-la-mujer-segun-el-padre-jose-kentenich\/\">pluses <\/a>de la mujer: lo maternal, los v\u00ednculos y lo espiritual.<br><br>El 2\u00ba bloque trat\u00f3 sobre la \u201c<strong>Realidad de la Mujer en el Ecuador<\/strong>\u201d. Mediante un \u201cnoticiero\u201d en vivo, con videos y entrevistas, en el que abarcaron importantes temas, tales como: cambio aspiracional de la mujer, empleabilidad, violencia contra la mujer, participaci\u00f3n pol\u00edtica, seguridad jur\u00eddica y derechos humanos.<\/p>\n\n\n\n<p>Por la tarde, se abord\u00f3:&nbsp; <strong>\u201cNuestra Respuesta: llamadas a ser fuente de esperanza\u201d<\/strong>, a trav\u00e9s de un conversatorio que cont\u00f3 con dos testimonios audiovisuales en el \u00e1mbito de la educaci\u00f3n y de la salud de Gladys Lindao y Bella Maldonado, respectivamente. Y con la presencia de tres invitadas: Mar\u00eda Alejandra Mu\u00f1oz, Martha Cecilia Villafuerte y Liz Valarezo, quienes dieron valiosos e impactantes testimonios en el \u00e1mbito de la pol\u00edtica, social y de la comunicaci\u00f3n.<br><\/p>\n\n\n\n<h2 class=\"wp-block-heading\" id=\"h-vocaciones-y-compromisos-en-la-expo-femenina-de-schoenstatt\">Vocaciones y compromisos en la Expo Femenina de Schoenstatt<\/h2>\n\n\n\n<div class=\"wp-block-columns is-layout-flex wp-container-core-columns-is-layout-28f84493 wp-block-columns-is-layout-flex\">\n<div class=\"wp-block-column is-layout-flow wp-block-column-is-layout-flow\">\n<div style=\"height:100px\" aria-hidden=\"true\" class=\"wp-block-spacer\"><\/div>\n\n\n\n<p>A continuaci\u00f3n, visitamos la <strong>Expo Columna Femenina de Schoenstatt<\/strong> donde las participantes pudieron conocer las distintas vocaciones e ideales de <a href=\"https:\/\/schoenstatt.com\/es\/comunidades\/woman\/\">cada rama y comunidad<\/a>, junto con su historia, a trav\u00e9s de fotos, carteles y mensajes.<\/p>\n<\/div>\n\n\n\n<div class=\"wp-block-column is-layout-flow wp-block-column-is-layout-flow\">\n<figure class=\"wp-block-image size-large\"><img decoding=\"async\" src=\"https:\/\/schoenstatt.com\/wp-content\/uploads\/2024\/09\/National-Womens-Encounter-in-Ecuador-3-1024x682.jpg\" alt=\"\" class=\"wp-image-41039\"\/><\/figure>\n<\/div>\n<\/div>\n\n\n\n<p>Finalmente, las conclusiones y reflexi\u00f3n final fueron dadas por la Hna. M. Flavia, quien motiv\u00f3 al compromiso personal, que cada una deposit\u00f3 en las manos del P. Kentenich en su monumento camino al Santuario.<\/p>\n\n\n\n<p>El Encuentro culmin\u00f3 con la celebraci\u00f3n de la Santa Misa en la explanada del Santuario, presidida por el P. Eduardo Auza, en la cual se hizo entrega de un \u00e1rbol de Guayac\u00e1n para ser plantado en el Jard\u00edn junto al Santuario. Como recuerdo cada participante recibi\u00f3 de regalo un peque\u00f1o guayac\u00e1n.<\/p>\n\n\n\n<figure class=\"wp-block-image aligncenter size-large\"><img decoding=\"async\" src=\"https:\/\/schoenstatt.com\/wp-content\/uploads\/2024\/09\/National-Womens-Encounter-in-Ecuador-1-edited.jpg\" alt=\"\" class=\"wp-image-41043\"\/><\/figure>\n","protected":false},"excerpt":{"rendered":"<p>El 31 de agosto, el Santuario Nacional de Guayaquil acogi\u00f3 el Primer Encuentro Nacional de la Mujer, al que acudieron 175 mujeres de Schoenstatt Ecuador. Bajo el lema \u00ab Mujer, Fuente de Esperanza \u00bb, el evento busc\u00f3 unir a las mujeres cat\u00f3licas para hacer frente a los desaf\u00edos actuales del pa\u00eds, inspiradas por el carisma de Schoenstatt y el simbolismo del \u00e1rbol de la grandeza femenina del padre Jos\u00e9 Kentenich.<\/p>\n","protected":false},"author":6,"featured_media":41030,"comment_status":"closed","ping_status":"closed","sticky":false,"template":"","format":"standard","meta":{"footnotes":""},"categories":[630,921],"tags":[],"class_list":["post-41047","post","type-post","status-publish","format-standard","has-post-thumbnail","hentry","category-eventos-es","category-mujer-es"],"yoast_head":"<!-- This site is optimized with the Yoast SEO Premium plugin v27.4 (Yoast SEO v27.5) - https:\/\/yoast.com\/product\/yoast-seo-premium-wordpress\/ -->\n<title>Primer Encuentro Nacional de la Mujer en Schoenstatt Ecuador: &quot;Mujer, Fuente de Esperanza&quot; - Schoenstatt<\/title>\n<meta name=\"description\" content=\"El Santuario nacional de Guayaquil acogi\u00f3 a 175 mujeres en el 1er. Encuentro Nacional de Mujeres bajo el lema &#039;Mujer, fuente de esperanza.&#039;\" \/>\n<meta name=\"robots\" content=\"index, follow, max-snippet:-1, max-image-preview:large, max-video-preview:-1\" \/>\n<link rel=\"canonical\" href=\"https:\/\/schoenstatt.com\/es\/primer-encuentro-nacional-mujeres-ecuador\/\" \/>\n<meta property=\"og:locale\" content=\"es_ES\" \/>\n<meta property=\"og:type\" content=\"article\" \/>\n<meta property=\"og:title\" content=\"Primer Encuentro Nacional de la Mujer en Schoenstatt Ecuador: &quot;Mujer, Fuente de Esperanza&quot;\" \/>\n<meta property=\"og:description\" content=\"El Santuario nacional de Guayaquil acogi\u00f3 a 175 mujeres en el 1er. Encuentro Nacional de Mujeres bajo el lema &#039;Mujer, fuente de esperanza.&#039;\" \/>\n<meta property=\"og:url\" content=\"https:\/\/schoenstatt.com\/es\/primer-encuentro-nacional-mujeres-ecuador\/\" \/>\n<meta property=\"og:site_name\" content=\"Schoenstatt\" \/>\n<meta property=\"article:published_time\" content=\"2024-09-06T11:30:00+00:00\" \/>\n<meta property=\"article:modified_time\" content=\"2025-05-15T16:14:27+00:00\" \/>\n<meta property=\"og:image\" content=\"https:\/\/schoenstatt.com\/wp-content\/uploads\/2024\/09\/National-Womens-Encounter-in-Ecuador-Header-4.jpg\" \/>\n\t<meta property=\"og:image:width\" content=\"1600\" \/>\n\t<meta property=\"og:image:height\" content=\"1200\" \/>\n\t<meta property=\"og:image:type\" content=\"image\/jpeg\" \/>\n<meta name=\"author\" content=\"Vanessa Franke\" \/>\n<meta name=\"twitter:card\" content=\"summary_large_image\" \/>\n<meta name=\"twitter:label1\" content=\"Escrito por\" \/>\n\t<meta name=\"twitter:data1\" content=\"Vanessa Franke\" \/>\n\t<meta name=\"twitter:label2\" content=\"Tiempo de lectura\" \/>\n\t<meta name=\"twitter:data2\" content=\"3 minutos\" \/>\n<script type=\"application\/ld+json\" class=\"yoast-schema-graph\">{\"@context\":\"https:\\\/\\\/schema.org\",\"@graph\":[{\"@type\":\"Article\",\"@id\":\"https:\\\/\\\/schoenstatt.com\\\/es\\\/primer-encuentro-nacional-mujeres-ecuador\\\/#article\",\"isPartOf\":{\"@id\":\"https:\\\/\\\/schoenstatt.com\\\/es\\\/primer-encuentro-nacional-mujeres-ecuador\\\/\"},\"author\":{\"name\":\"Vanessa Franke\",\"@id\":\"https:\\\/\\\/schoenstatt.com\\\/es\\\/#\\\/schema\\\/person\\\/ea97a60c723e21c923e2177f0f3163f7\"},\"headline\":\"Primer Encuentro Nacional de la Mujer en Schoenstatt Ecuador: \u00abMujer, Fuente de Esperanza\u00bb\",\"datePublished\":\"2024-09-06T11:30:00+00:00\",\"dateModified\":\"2025-05-15T16:14:27+00:00\",\"mainEntityOfPage\":{\"@id\":\"https:\\\/\\\/schoenstatt.com\\\/es\\\/primer-encuentro-nacional-mujeres-ecuador\\\/\"},\"wordCount\":521,\"publisher\":{\"@id\":\"https:\\\/\\\/schoenstatt.com\\\/es\\\/#organization\"},\"image\":{\"@id\":\"https:\\\/\\\/schoenstatt.com\\\/es\\\/primer-encuentro-nacional-mujeres-ecuador\\\/#primaryimage\"},\"thumbnailUrl\":\"https:\\\/\\\/schoenstatt.com\\\/wp-content\\\/uploads\\\/2024\\\/09\\\/National-Womens-Encounter-in-Ecuador-Header-4.jpg\",\"articleSection\":[\"Eventos\",\"Mujer\"],\"inLanguage\":\"es\"},{\"@type\":\"WebPage\",\"@id\":\"https:\\\/\\\/schoenstatt.com\\\/es\\\/primer-encuentro-nacional-mujeres-ecuador\\\/\",\"url\":\"https:\\\/\\\/schoenstatt.com\\\/es\\\/primer-encuentro-nacional-mujeres-ecuador\\\/\",\"name\":\"Primer Encuentro Nacional de la Mujer en Schoenstatt Ecuador: \\\"Mujer, Fuente de Esperanza\\\" - Schoenstatt\",\"isPartOf\":{\"@id\":\"https:\\\/\\\/schoenstatt.com\\\/es\\\/#website\"},\"primaryImageOfPage\":{\"@id\":\"https:\\\/\\\/schoenstatt.com\\\/es\\\/primer-encuentro-nacional-mujeres-ecuador\\\/#primaryimage\"},\"image\":{\"@id\":\"https:\\\/\\\/schoenstatt.com\\\/es\\\/primer-encuentro-nacional-mujeres-ecuador\\\/#primaryimage\"},\"thumbnailUrl\":\"https:\\\/\\\/schoenstatt.com\\\/wp-content\\\/uploads\\\/2024\\\/09\\\/National-Womens-Encounter-in-Ecuador-Header-4.jpg\",\"datePublished\":\"2024-09-06T11:30:00+00:00\",\"dateModified\":\"2025-05-15T16:14:27+00:00\",\"description\":\"El Santuario nacional de Guayaquil acogi\u00f3 a 175 mujeres en el 1er. Encuentro Nacional de Mujeres bajo el lema 'Mujer, fuente de esperanza.'\",\"breadcrumb\":{\"@id\":\"https:\\\/\\\/schoenstatt.com\\\/es\\\/primer-encuentro-nacional-mujeres-ecuador\\\/#breadcrumb\"},\"inLanguage\":\"es\",\"potentialAction\":[{\"@type\":\"ReadAction\",\"target\":[\"https:\\\/\\\/schoenstatt.com\\\/es\\\/primer-encuentro-nacional-mujeres-ecuador\\\/\"]}]},{\"@type\":\"ImageObject\",\"inLanguage\":\"es\",\"@id\":\"https:\\\/\\\/schoenstatt.com\\\/es\\\/primer-encuentro-nacional-mujeres-ecuador\\\/#primaryimage\",\"url\":\"https:\\\/\\\/schoenstatt.com\\\/wp-content\\\/uploads\\\/2024\\\/09\\\/National-Womens-Encounter-in-Ecuador-Header-4.jpg\",\"contentUrl\":\"https:\\\/\\\/schoenstatt.com\\\/wp-content\\\/uploads\\\/2024\\\/09\\\/National-Womens-Encounter-in-Ecuador-Header-4.jpg\",\"width\":1600,\"height\":1200,\"caption\":\"primer encuentro de la mujer schoenstatt ecuador\"},{\"@type\":\"BreadcrumbList\",\"@id\":\"https:\\\/\\\/schoenstatt.com\\\/es\\\/primer-encuentro-nacional-mujeres-ecuador\\\/#breadcrumb\",\"itemListElement\":[{\"@type\":\"ListItem\",\"position\":1,\"name\":\"Portada\",\"item\":\"https:\\\/\\\/schoenstatt.com\\\/es\\\/home\\\/\"},{\"@type\":\"ListItem\",\"position\":2,\"name\":\"Primer Encuentro Nacional de la Mujer en Schoenstatt Ecuador: \u00abMujer, Fuente de Esperanza\u00bb\"}]},{\"@type\":\"WebSite\",\"@id\":\"https:\\\/\\\/schoenstatt.com\\\/es\\\/#website\",\"url\":\"https:\\\/\\\/schoenstatt.com\\\/es\\\/\",\"name\":\"Schoenstatt\",\"description\":\"Apostolic Movement\",\"publisher\":{\"@id\":\"https:\\\/\\\/schoenstatt.com\\\/es\\\/#organization\"},\"potentialAction\":[{\"@type\":\"SearchAction\",\"target\":{\"@type\":\"EntryPoint\",\"urlTemplate\":\"https:\\\/\\\/schoenstatt.com\\\/es\\\/?s={search_term_string}\"},\"query-input\":{\"@type\":\"PropertyValueSpecification\",\"valueRequired\":true,\"valueName\":\"search_term_string\"}}],\"inLanguage\":\"es\"},{\"@type\":\"Organization\",\"@id\":\"https:\\\/\\\/schoenstatt.com\\\/es\\\/#organization\",\"name\":\"Schoenstatt\",\"url\":\"https:\\\/\\\/schoenstatt.com\\\/es\\\/\",\"logo\":{\"@type\":\"ImageObject\",\"inLanguage\":\"es\",\"@id\":\"https:\\\/\\\/schoenstatt.com\\\/es\\\/#\\\/schema\\\/logo\\\/image\\\/\",\"url\":\"https:\\\/\\\/schoenstatt.com\\\/wp-content\\\/uploads\\\/2025\\\/04\\\/logo-schoenstatt-white-696x696-1.png\",\"contentUrl\":\"https:\\\/\\\/schoenstatt.com\\\/wp-content\\\/uploads\\\/2025\\\/04\\\/logo-schoenstatt-white-696x696-1.png\",\"width\":696,\"height\":694,\"caption\":\"Schoenstatt\"},\"image\":{\"@id\":\"https:\\\/\\\/schoenstatt.com\\\/es\\\/#\\\/schema\\\/logo\\\/image\\\/\"}},{\"@type\":\"Person\",\"@id\":\"https:\\\/\\\/schoenstatt.com\\\/es\\\/#\\\/schema\\\/person\\\/ea97a60c723e21c923e2177f0f3163f7\",\"name\":\"Vanessa Franke\",\"image\":{\"@type\":\"ImageObject\",\"inLanguage\":\"es\",\"@id\":\"https:\\\/\\\/secure.gravatar.com\\\/avatar\\\/a9bcca3409928ccd3195eca11e2ccbb2e5d7c7912e9a945d4f326f81a0a5cb4a?s=96&d=mm&r=g\",\"url\":\"https:\\\/\\\/secure.gravatar.com\\\/avatar\\\/a9bcca3409928ccd3195eca11e2ccbb2e5d7c7912e9a945d4f326f81a0a5cb4a?s=96&d=mm&r=g\",\"contentUrl\":\"https:\\\/\\\/secure.gravatar.com\\\/avatar\\\/a9bcca3409928ccd3195eca11e2ccbb2e5d7c7912e9a945d4f326f81a0a5cb4a?s=96&d=mm&r=g\",\"caption\":\"Vanessa Franke\"},\"url\":\"https:\\\/\\\/schoenstatt.com\\\/es\\\/author\\\/vanessa-franke\\\/\"}]}<\/script>\n<!-- \/ Yoast SEO Premium plugin. -->","yoast_head_json":{"title":"Primer Encuentro Nacional de la Mujer en Schoenstatt Ecuador: \"Mujer, Fuente de Esperanza\" - Schoenstatt","description":"El Santuario nacional de Guayaquil acogi\u00f3 a 175 mujeres en el 1er. Encuentro Nacional de Mujeres bajo el lema 'Mujer, fuente de esperanza.'","robots":{"index":"index","follow":"follow","max-snippet":"max-snippet:-1","max-image-preview":"max-image-preview:large","max-video-preview":"max-video-preview:-1"},"canonical":"https:\/\/schoenstatt.com\/es\/primer-encuentro-nacional-mujeres-ecuador\/","og_locale":"es_ES","og_type":"article","og_title":"Primer Encuentro Nacional de la Mujer en Schoenstatt Ecuador: \"Mujer, Fuente de Esperanza\"","og_description":"El Santuario nacional de Guayaquil acogi\u00f3 a 175 mujeres en el 1er. Encuentro Nacional de Mujeres bajo el lema 'Mujer, fuente de esperanza.'","og_url":"https:\/\/schoenstatt.com\/es\/primer-encuentro-nacional-mujeres-ecuador\/","og_site_name":"Schoenstatt","article_published_time":"2024-09-06T11:30:00+00:00","article_modified_time":"2025-05-15T16:14:27+00:00","og_image":[{"width":1600,"height":1200,"url":"https:\/\/schoenstatt.com\/wp-content\/uploads\/2024\/09\/National-Womens-Encounter-in-Ecuador-Header-4.jpg","type":"image\/jpeg"}],"author":"Vanessa Franke","twitter_card":"summary_large_image","twitter_misc":{"Escrito por":"Vanessa Franke","Tiempo de lectura":"3 minutos"},"schema":{"@context":"https:\/\/schema.org","@graph":[{"@type":"Article","@id":"https:\/\/schoenstatt.com\/es\/primer-encuentro-nacional-mujeres-ecuador\/#article","isPartOf":{"@id":"https:\/\/schoenstatt.com\/es\/primer-encuentro-nacional-mujeres-ecuador\/"},"author":{"name":"Vanessa Franke","@id":"https:\/\/schoenstatt.com\/es\/#\/schema\/person\/ea97a60c723e21c923e2177f0f3163f7"},"headline":"Primer Encuentro Nacional de la Mujer en Schoenstatt Ecuador: \u00abMujer, Fuente de Esperanza\u00bb","datePublished":"2024-09-06T11:30:00+00:00","dateModified":"2025-05-15T16:14:27+00:00","mainEntityOfPage":{"@id":"https:\/\/schoenstatt.com\/es\/primer-encuentro-nacional-mujeres-ecuador\/"},"wordCount":521,"publisher":{"@id":"https:\/\/schoenstatt.com\/es\/#organization"},"image":{"@id":"https:\/\/schoenstatt.com\/es\/primer-encuentro-nacional-mujeres-ecuador\/#primaryimage"},"thumbnailUrl":"https:\/\/schoenstatt.com\/wp-content\/uploads\/2024\/09\/National-Womens-Encounter-in-Ecuador-Header-4.jpg","articleSection":["Eventos","Mujer"],"inLanguage":"es"},{"@type":"WebPage","@id":"https:\/\/schoenstatt.com\/es\/primer-encuentro-nacional-mujeres-ecuador\/","url":"https:\/\/schoenstatt.com\/es\/primer-encuentro-nacional-mujeres-ecuador\/","name":"Primer Encuentro Nacional de la Mujer en Schoenstatt Ecuador: \"Mujer, Fuente de Esperanza\" - Schoenstatt","isPartOf":{"@id":"https:\/\/schoenstatt.com\/es\/#website"},"primaryImageOfPage":{"@id":"https:\/\/schoenstatt.com\/es\/primer-encuentro-nacional-mujeres-ecuador\/#primaryimage"},"image":{"@id":"https:\/\/schoenstatt.com\/es\/primer-encuentro-nacional-mujeres-ecuador\/#primaryimage"},"thumbnailUrl":"https:\/\/schoenstatt.com\/wp-content\/uploads\/2024\/09\/National-Womens-Encounter-in-Ecuador-Header-4.jpg","datePublished":"2024-09-06T11:30:00+00:00","dateModified":"2025-05-15T16:14:27+00:00","description":"El Santuario nacional de Guayaquil acogi\u00f3 a 175 mujeres en el 1er. Encuentro Nacional de Mujeres bajo el lema 'Mujer, fuente de esperanza.'","breadcrumb":{"@id":"https:\/\/schoenstatt.com\/es\/primer-encuentro-nacional-mujeres-ecuador\/#breadcrumb"},"inLanguage":"es","potentialAction":[{"@type":"ReadAction","target":["https:\/\/schoenstatt.com\/es\/primer-encuentro-nacional-mujeres-ecuador\/"]}]},{"@type":"ImageObject","inLanguage":"es","@id":"https:\/\/schoenstatt.com\/es\/primer-encuentro-nacional-mujeres-ecuador\/#primaryimage","url":"https:\/\/schoenstatt.com\/wp-content\/uploads\/2024\/09\/National-Womens-Encounter-in-Ecuador-Header-4.jpg","contentUrl":"https:\/\/schoenstatt.com\/wp-content\/uploads\/2024\/09\/National-Womens-Encounter-in-Ecuador-Header-4.jpg","width":1600,"height":1200,"caption":"primer encuentro de la mujer schoenstatt ecuador"},{"@type":"BreadcrumbList","@id":"https:\/\/schoenstatt.com\/es\/primer-encuentro-nacional-mujeres-ecuador\/#breadcrumb","itemListElement":[{"@type":"ListItem","position":1,"name":"Portada","item":"https:\/\/schoenstatt.com\/es\/home\/"},{"@type":"ListItem","position":2,"name":"Primer Encuentro Nacional de la Mujer en Schoenstatt Ecuador: \u00abMujer, Fuente de Esperanza\u00bb"}]},{"@type":"WebSite","@id":"https:\/\/schoenstatt.com\/es\/#website","url":"https:\/\/schoenstatt.com\/es\/","name":"Schoenstatt","description":"Apostolic Movement","publisher":{"@id":"https:\/\/schoenstatt.com\/es\/#organization"},"potentialAction":[{"@type":"SearchAction","target":{"@type":"EntryPoint","urlTemplate":"https:\/\/schoenstatt.com\/es\/?s={search_term_string}"},"query-input":{"@type":"PropertyValueSpecification","valueRequired":true,"valueName":"search_term_string"}}],"inLanguage":"es"},{"@type":"Organization","@id":"https:\/\/schoenstatt.com\/es\/#organization","name":"Schoenstatt","url":"https:\/\/schoenstatt.com\/es\/","logo":{"@type":"ImageObject","inLanguage":"es","@id":"https:\/\/schoenstatt.com\/es\/#\/schema\/logo\/image\/","url":"https:\/\/schoenstatt.com\/wp-content\/uploads\/2025\/04\/logo-schoenstatt-white-696x696-1.png","contentUrl":"https:\/\/schoenstatt.com\/wp-content\/uploads\/2025\/04\/logo-schoenstatt-white-696x696-1.png","width":696,"height":694,"caption":"Schoenstatt"},"image":{"@id":"https:\/\/schoenstatt.com\/es\/#\/schema\/logo\/image\/"}},{"@type":"Person","@id":"https:\/\/schoenstatt.com\/es\/#\/schema\/person\/ea97a60c723e21c923e2177f0f3163f7","name":"Vanessa Franke","image":{"@type":"ImageObject","inLanguage":"es","@id":"https:\/\/secure.gravatar.com\/avatar\/a9bcca3409928ccd3195eca11e2ccbb2e5d7c7912e9a945d4f326f81a0a5cb4a?s=96&d=mm&r=g","url":"https:\/\/secure.gravatar.com\/avatar\/a9bcca3409928ccd3195eca11e2ccbb2e5d7c7912e9a945d4f326f81a0a5cb4a?s=96&d=mm&r=g","contentUrl":"https:\/\/secure.gravatar.com\/avatar\/a9bcca3409928ccd3195eca11e2ccbb2e5d7c7912e9a945d4f326f81a0a5cb4a?s=96&d=mm&r=g","caption":"Vanessa Franke"},"url":"https:\/\/schoenstatt.com\/es\/author\/vanessa-franke\/"}]}},"_links":{"self":[{"href":"https:\/\/schoenstatt.com\/es\/wp-json\/wp\/v2\/posts\/41047","targetHints":{"allow":["GET"]}}],"collection":[{"href":"https:\/\/schoenstatt.com\/es\/wp-json\/wp\/v2\/posts"}],"about":[{"href":"https:\/\/schoenstatt.com\/es\/wp-json\/wp\/v2\/types\/post"}],"author":[{"embeddable":true,"href":"https:\/\/schoenstatt.com\/es\/wp-json\/wp\/v2\/users\/6"}],"replies":[{"embeddable":true,"href":"https:\/\/schoenstatt.com\/es\/wp-json\/wp\/v2\/comments?post=41047"}],"version-history":[{"count":1,"href":"https:\/\/schoenstatt.com\/es\/wp-json\/wp\/v2\/posts\/41047\/revisions"}],"predecessor-version":[{"id":46998,"href":"https:\/\/schoenstatt.com\/es\/wp-json\/wp\/v2\/posts\/41047\/revisions\/46998"}],"wp:featuredmedia":[{"embeddable":true,"href":"https:\/\/schoenstatt.com\/es\/wp-json\/wp\/v2\/media\/41030"}],"wp:attachment":[{"href":"https:\/\/schoenstatt.com\/es\/wp-json\/wp\/v2\/media?parent=41047"}],"wp:term":[{"taxonomy":"category","embeddable":true,"href":"https:\/\/schoenstatt.com\/es\/wp-json\/wp\/v2\/categories?post=41047"},{"taxonomy":"post_tag","embeddable":true,"href":"https:\/\/schoenstatt.com\/es\/wp-json\/wp\/v2\/tags?post=41047"}],"curies":[{"name":"wp","href":"https:\/\/api.w.org\/{rel}","templated":true}]}}