{"id":41023,"date":"2024-09-04T13:00:00","date_gmt":"2024-09-04T11:00:00","guid":{"rendered":"https:\/\/schoenstatt.com\/?p=41023"},"modified":"2025-05-15T00:26:55","modified_gmt":"2025-05-14T22:26:55","slug":"54-anos-del-santuario-sion-en-schoenstatt","status":"publish","type":"post","link":"https:\/\/schoenstatt.com\/es\/54-anos-del-santuario-sion-en-schoenstatt\/","title":{"rendered":"54 a\u00f1os del Santuario de Sion en Schoenstatt"},"content":{"rendered":"\n<p>El pasado 30 de agosto, la Comunidad de los Padres de Schoenstatt celebr\u00f3 los 54 a\u00f1os de la bendici\u00f3n del Santuario sobre el Monte Sion en Schoenstatt. Este Santuario est\u00e1 junto a nuestra casa central, la que llamamos Casa Paterna (Vaterhaus en alem\u00e1n).<\/p>\n\n\n\n<p>Sin ir en desmedro de la fecha de fundaci\u00f3n oficial de nuestra <a href=\"https:\/\/schoenstatt-fathers.org\/es_new\/es\/inicio\/#_ts1725449276148\">Comunidad <\/a>(18 de julio de 1965), ha sido la fecha de la bendici\u00f3n del Santuario la que se ha transformado en el \u201cD\u00eda de Fiesta\u201d de la Comunidad de los Padres de Schoenstatt. Este a\u00f1o, por distintos motivos, se reunieron padres de todo el mundo y de todas las generaciones.<\/p>\n\n\n\n<p>\u00c9ramos m\u00e1s de 100 sacerdotes provenientes de Europa (Espa\u00f1a, Portugal, Alemania, Suiza, Polonia, Austria), \u00c1frica (Nigeria, Congo, Sud\u00e1frica), Asia (India) y Am\u00e9rica (Argentina, Chile, Brasil, Paraguay, M\u00e9xico).<\/p>\n\n\n\n<p>A su vez, se trataba de distintas generaciones. Todav\u00eda tenemos la gracia de contar con miembros que tuvieron contacto con el Padre Kentenich y pertenecen a la generaci\u00f3n fundadora. Los m\u00e1s j\u00f3venes eran cuatro seminaristas nigerianos que est\u00e1n al final de su tiempo de formaci\u00f3n y que, Dios mediante, ser\u00e1n ordenados di\u00e1conos en los pr\u00f3ximos meses.<\/p>\n\n\n\n<p>Poco a poco la casa se fue llenando. Llegaban los padres que trabajan en parroquias y que estaban participando de una jornada los \u00faltimos d\u00edas. Tambi\u00e9n llegaron los padres que viven en Schoenstatt, aquellos que estaban participando en cursos de formaci\u00f3n o algunos que estaban de visita en Schoenstatt por motivos apost\u00f3licos. Todos se saludaban, algunos para presentarse y conocerse, otros para reencontrarse despu\u00e9s de mucho tiempo.<\/p>\n\n\n\n<h2 class=\"wp-block-heading\" id=\"h-iniciamos-la-jornada-con-una-celebracion-eucaristica\">Iniciamos la jornada con una Celebraci\u00f3n Eucar\u00edstica<\/h2>\n\n\n\n<figure class=\"wp-block-gallery has-nested-images columns-default is-cropped wp-block-gallery-1 is-layout-flex wp-block-gallery-is-layout-flex\">\n<figure class=\"wp-block-image size-large\"><img decoding=\"async\" data-id=\"41001\" src=\"https:\/\/schoenstatt.com\/wp-content\/uploads\/2024\/09\/54th-anniversary-Sion-2-1024x576.jpg\" alt=\"\" class=\"wp-image-41001\"\/><\/figure>\n\n\n\n<figure class=\"wp-block-image size-large\"><img decoding=\"async\" data-id=\"40997\" src=\"https:\/\/schoenstatt.com\/wp-content\/uploads\/2024\/09\/54th-anniversary-Sion-4-1-1024x682.jpg\" alt=\"54 a\u00f1os del Santuario de Sion\" class=\"wp-image-40997\"\/><\/figure>\n<\/figure>\n\n\n\n<p><br>A las 10:30 de la ma\u00f1ana comenz\u00f3 la celebraci\u00f3n de la Eucarist\u00eda, presidida por nuestro superior general, el Padre Alexandre Awi. Reflejando una realidad cada vez m\u00e1s fuerte, nos mov\u00edamos del ingl\u00e9s al alem\u00e1n, del alem\u00e1n al espa\u00f1ol y de regreso al ingl\u00e9s. Y las melod\u00edas de las canciones, y su interpretaci\u00f3n con distintos instrumentos, nos ayudaban a apreciar la multiculturalidad en nuestra Comunidad de padres: una realidad que nos desaf\u00eda, pero que sobre todo nos alegra y nos regala esperanzas. <\/p>\n\n\n\n<p>En su homil\u00eda, el padre Alexandre nos recordaba que hace 10 a\u00f1os, en torno a las celebraciones de los cien a\u00f1os de la Alianza de Amor, sellamos, como Comunidad, una Alianza de Amor por la Familia de Schoenstatt. Era la invitaci\u00f3n a renovarnos en el sentido central de nuestra existencia. Poder servir con todas nuestras fuerzas, capacidades \u2013 y tambi\u00e9n nuestras debilidades- al carisma de Schoenstatt a trav\u00e9s de su Familia. En una parte de su pr\u00e9dica el padre Alexandre nos record\u00f3 la frase del padre Kentenich:<\/p>\n\n\n\n<figure class=\"wp-block-pullquote has-medium-font-size\" style=\"border-top-color:var(--wp--preset--color--luminous-vivid-orange);border-top-style:solid;border-top-width:1px;border-bottom-color:var(--wp--preset--color--luminous-vivid-orange);border-bottom-style:solid;border-bottom-width:1px;font-style:italic;font-weight:300\"><blockquote><p>\u201cTodo para Schoenstatt, Schoenstatt para la Iglesia <br>y la Iglesia para la Sant\u00edsima Trinidad\u201d<\/p><\/blockquote><\/figure>\n\n\n\n<p><br>Nos hizo una invitaci\u00f3n a que cada uno haga su parte en este servicio: \u201cpara algunos se trata de la oraci\u00f3n; para otros, del trabajo en el sentido de Schoenstatt (seg\u00fan lo que le pide la Comunidad); para otros, el trabajo directo con el Movimiento. La Mater sabe cu\u00e1nto cada uno puede entregar por nuestra Familia\u201d.<\/p>\n\n\n\n<figure class=\"wp-block-gallery has-nested-images columns-default is-cropped wp-block-gallery-2 is-layout-flex wp-block-gallery-is-layout-flex\">\n<figure class=\"wp-block-image size-large\"><img decoding=\"async\" data-id=\"41005\" src=\"https:\/\/schoenstatt.com\/wp-content\/uploads\/2024\/09\/54th-anniversary-Sion-1-768x1024.jpg\" alt=\"54 a\u00f1os del Santuario de Sion\" class=\"wp-image-41005\"\/><\/figure>\n\n\n\n<figure class=\"wp-block-image size-large\"><img decoding=\"async\" data-id=\"41013\" src=\"https:\/\/schoenstatt.com\/wp-content\/uploads\/2024\/09\/54th-anniversary-Sion-6-768x1024.jpg\" alt=\"anniversary Sion Shrine \" class=\"wp-image-41013\"\/><\/figure>\n<\/figure>\n\n\n\n<p><br>Al final de la Misa peregrinamos a nuestro Santuario de Sion. Era una larga procesi\u00f3n que termin\u00f3 reuni\u00e9ndose frente al Santuario para renovar la Alianza de Amor con Mar\u00eda, con nuestro Padre Fundador, y en esta ocasi\u00f3n, conscientemente por la Familia de Schoenstatt, a la que estamos llamados a servir.<\/p>\n\n\n\n<p>Fue un d\u00eda completo de Comunidad. Hab\u00eda tiempo para compartir en torno a la mesa, conversar y rezar. Lo hicimos con un coraz\u00f3n agradecido por el don gratuito de la vocaci\u00f3n y el <a href=\"https:\/\/schoenstatt.com\/es\/nuestra-espiritualidad\/\">carisma <\/a>que Dios nos ha regalado.<\/p>\n\n\n\n<h2 class=\"wp-block-heading\" id=\"h-de-la-misa-del-instrumento-en-el-hacia-el-padre\">De la Misa del Instrumento, en el Hacia el Padre:<\/h2>\n\n\n\n<blockquote class=\"wp-block-quote is-layout-flow wp-block-quote-is-layout-flow\">\n<p>\u201cEn el futuro, gu\u00e1rdanos como pertenencia tuya y que s\u00f3lo a ti consagremos las fuerzas del amor, <\/p>\n\n\n\n<p>para que Cristo pueda actuar por nosotros y conducir a los hombres hacia el cielo.<\/p>\n\n\n\n<p>\u00a1Recorra \u00c9l en nosotros la tierra y con su Esposa extienda su Reino!<\/p>\n\n\n\n<p>Env\u00edanos al Esp\u00edritu de fortaleza del Se\u00f1or para que por \u00c9l surja la creaci\u00f3n renovada:<\/p>\n\n\n\n<p>El Reino de Schoenstatt, naci\u00f3n de Dios, que se asemeja a la eterna Ciudad de Sion, <\/p>\n\n\n\n<p>donde triunfa el amor y reinan siempre la justicia y la verdad. Am\u00e9n.\u201d<\/p>\n<\/blockquote>\n\n\n\n<figure class=\"wp-block-image size-large\"><img decoding=\"async\" src=\"https:\/\/schoenstatt.com\/wp-content\/uploads\/2024\/09\/54th-anniversary-Sion-5-1024x360.jpg\" alt=\"\" class=\"wp-image-41017\"\/><\/figure>\n\n\n\n<p><em><sub><strong>Fotos<\/strong>: P. Ignacio Camacho<\/sub><\/em><\/p>\n","protected":false},"excerpt":{"rendered":"<p>El pasado 30 de agosto, la Comunidad de los Padres de Schoenstatt celebr\u00f3 los 54 a\u00f1os de la bendici\u00f3n del Santuario sobre el Monte Sion en Schoenstatt. Este Santuario est\u00e1 junto a nuestra casa central, la que llamamos Casa Paterna (Vaterhaus en alem\u00e1n). Sin ir en desmedro de la fecha de fundaci\u00f3n oficial de nuestra [&hellip;]<\/p>\n","protected":false},"author":6,"featured_media":40992,"comment_status":"closed","ping_status":"closed","sticky":false,"template":"","format":"standard","meta":{"footnotes":""},"categories":[909],"tags":[],"class_list":["post-41023","post","type-post","status-publish","format-standard","has-post-thumbnail","hentry","category-comunidades-de-schoenstatt-es"],"yoast_head":"<!-- This site is optimized with the Yoast SEO Premium plugin v27.4 (Yoast SEO v27.5) - https:\/\/yoast.com\/product\/yoast-seo-premium-wordpress\/ -->\n<title>54 a\u00f1os del Santuario de Sion en Schoenstatt - Schoenstatt<\/title>\n<meta name=\"description\" content=\"Los Padres de Schoenstatt celebraron en Sion con m\u00e1s de 100 sacerdotes de todo el mundo. Un d\u00eda lleno de oraci\u00f3n, fraternidad y gratitud.\" \/>\n<meta name=\"robots\" content=\"index, follow, max-snippet:-1, max-image-preview:large, max-video-preview:-1\" \/>\n<link rel=\"canonical\" href=\"https:\/\/schoenstatt.com\/es\/54-anos-del-santuario-sion-en-schoenstatt\/\" \/>\n<meta property=\"og:locale\" content=\"es_ES\" \/>\n<meta property=\"og:type\" content=\"article\" \/>\n<meta property=\"og:title\" content=\"54 a\u00f1os del Santuario de Sion en Schoenstatt\" \/>\n<meta property=\"og:description\" content=\"Los Padres de Schoenstatt celebraron en Sion con m\u00e1s de 100 sacerdotes de todo el mundo. Un d\u00eda lleno de oraci\u00f3n, fraternidad y gratitud.\" \/>\n<meta property=\"og:url\" content=\"https:\/\/schoenstatt.com\/es\/54-anos-del-santuario-sion-en-schoenstatt\/\" \/>\n<meta property=\"og:site_name\" content=\"Schoenstatt\" \/>\n<meta property=\"article:published_time\" content=\"2024-09-04T11:00:00+00:00\" \/>\n<meta property=\"article:modified_time\" content=\"2025-05-14T22:26:55+00:00\" \/>\n<meta property=\"og:image\" content=\"https:\/\/schoenstatt.com\/wp-content\/uploads\/2024\/09\/54th-anniversary-Sion-header-4.jpg\" \/>\n\t<meta property=\"og:image:width\" content=\"1600\" \/>\n\t<meta property=\"og:image:height\" content=\"900\" \/>\n\t<meta property=\"og:image:type\" content=\"image\/jpeg\" \/>\n<meta name=\"author\" content=\"Vanessa Franke\" \/>\n<meta name=\"twitter:card\" content=\"summary_large_image\" \/>\n<meta name=\"twitter:label1\" content=\"Escrito por\" \/>\n\t<meta name=\"twitter:data1\" content=\"Vanessa Franke\" \/>\n\t<meta name=\"twitter:label2\" content=\"Tiempo de lectura\" \/>\n\t<meta name=\"twitter:data2\" content=\"4 minutos\" \/>\n<script type=\"application\/ld+json\" class=\"yoast-schema-graph\">{\"@context\":\"https:\\\/\\\/schema.org\",\"@graph\":[{\"@type\":\"Article\",\"@id\":\"https:\\\/\\\/schoenstatt.com\\\/es\\\/54-anos-del-santuario-sion-en-schoenstatt\\\/#article\",\"isPartOf\":{\"@id\":\"https:\\\/\\\/schoenstatt.com\\\/es\\\/54-anos-del-santuario-sion-en-schoenstatt\\\/\"},\"author\":{\"name\":\"Vanessa Franke\",\"@id\":\"https:\\\/\\\/schoenstatt.com\\\/es\\\/#\\\/schema\\\/person\\\/ea97a60c723e21c923e2177f0f3163f7\"},\"headline\":\"54 a\u00f1os del Santuario de Sion en Schoenstatt\",\"datePublished\":\"2024-09-04T11:00:00+00:00\",\"dateModified\":\"2025-05-14T22:26:55+00:00\",\"mainEntityOfPage\":{\"@id\":\"https:\\\/\\\/schoenstatt.com\\\/es\\\/54-anos-del-santuario-sion-en-schoenstatt\\\/\"},\"wordCount\":761,\"publisher\":{\"@id\":\"https:\\\/\\\/schoenstatt.com\\\/es\\\/#organization\"},\"image\":{\"@id\":\"https:\\\/\\\/schoenstatt.com\\\/es\\\/54-anos-del-santuario-sion-en-schoenstatt\\\/#primaryimage\"},\"thumbnailUrl\":\"https:\\\/\\\/schoenstatt.com\\\/wp-content\\\/uploads\\\/2024\\\/09\\\/54th-anniversary-Sion-header-4.jpg\",\"articleSection\":[\"Comunidades de Schoenstatt\"],\"inLanguage\":\"es\"},{\"@type\":\"WebPage\",\"@id\":\"https:\\\/\\\/schoenstatt.com\\\/es\\\/54-anos-del-santuario-sion-en-schoenstatt\\\/\",\"url\":\"https:\\\/\\\/schoenstatt.com\\\/es\\\/54-anos-del-santuario-sion-en-schoenstatt\\\/\",\"name\":\"54 a\u00f1os del Santuario de Sion en Schoenstatt - Schoenstatt\",\"isPartOf\":{\"@id\":\"https:\\\/\\\/schoenstatt.com\\\/es\\\/#website\"},\"primaryImageOfPage\":{\"@id\":\"https:\\\/\\\/schoenstatt.com\\\/es\\\/54-anos-del-santuario-sion-en-schoenstatt\\\/#primaryimage\"},\"image\":{\"@id\":\"https:\\\/\\\/schoenstatt.com\\\/es\\\/54-anos-del-santuario-sion-en-schoenstatt\\\/#primaryimage\"},\"thumbnailUrl\":\"https:\\\/\\\/schoenstatt.com\\\/wp-content\\\/uploads\\\/2024\\\/09\\\/54th-anniversary-Sion-header-4.jpg\",\"datePublished\":\"2024-09-04T11:00:00+00:00\",\"dateModified\":\"2025-05-14T22:26:55+00:00\",\"description\":\"Los Padres de Schoenstatt celebraron en Sion con m\u00e1s de 100 sacerdotes de todo el mundo. Un d\u00eda lleno de oraci\u00f3n, fraternidad y gratitud.\",\"breadcrumb\":{\"@id\":\"https:\\\/\\\/schoenstatt.com\\\/es\\\/54-anos-del-santuario-sion-en-schoenstatt\\\/#breadcrumb\"},\"inLanguage\":\"es\",\"potentialAction\":[{\"@type\":\"ReadAction\",\"target\":[\"https:\\\/\\\/schoenstatt.com\\\/es\\\/54-anos-del-santuario-sion-en-schoenstatt\\\/\"]}]},{\"@type\":\"ImageObject\",\"inLanguage\":\"es\",\"@id\":\"https:\\\/\\\/schoenstatt.com\\\/es\\\/54-anos-del-santuario-sion-en-schoenstatt\\\/#primaryimage\",\"url\":\"https:\\\/\\\/schoenstatt.com\\\/wp-content\\\/uploads\\\/2024\\\/09\\\/54th-anniversary-Sion-header-4.jpg\",\"contentUrl\":\"https:\\\/\\\/schoenstatt.com\\\/wp-content\\\/uploads\\\/2024\\\/09\\\/54th-anniversary-Sion-header-4.jpg\",\"width\":1600,\"height\":900,\"caption\":\"54 aniversario del santuario de Sion\"},{\"@type\":\"BreadcrumbList\",\"@id\":\"https:\\\/\\\/schoenstatt.com\\\/es\\\/54-anos-del-santuario-sion-en-schoenstatt\\\/#breadcrumb\",\"itemListElement\":[{\"@type\":\"ListItem\",\"position\":1,\"name\":\"Portada\",\"item\":\"https:\\\/\\\/schoenstatt.com\\\/es\\\/home\\\/\"},{\"@type\":\"ListItem\",\"position\":2,\"name\":\"54 a\u00f1os del Santuario de Sion en Schoenstatt\"}]},{\"@type\":\"WebSite\",\"@id\":\"https:\\\/\\\/schoenstatt.com\\\/es\\\/#website\",\"url\":\"https:\\\/\\\/schoenstatt.com\\\/es\\\/\",\"name\":\"Schoenstatt\",\"description\":\"Apostolic Movement\",\"publisher\":{\"@id\":\"https:\\\/\\\/schoenstatt.com\\\/es\\\/#organization\"},\"potentialAction\":[{\"@type\":\"SearchAction\",\"target\":{\"@type\":\"EntryPoint\",\"urlTemplate\":\"https:\\\/\\\/schoenstatt.com\\\/es\\\/?s={search_term_string}\"},\"query-input\":{\"@type\":\"PropertyValueSpecification\",\"valueRequired\":true,\"valueName\":\"search_term_string\"}}],\"inLanguage\":\"es\"},{\"@type\":\"Organization\",\"@id\":\"https:\\\/\\\/schoenstatt.com\\\/es\\\/#organization\",\"name\":\"Schoenstatt\",\"url\":\"https:\\\/\\\/schoenstatt.com\\\/es\\\/\",\"logo\":{\"@type\":\"ImageObject\",\"inLanguage\":\"es\",\"@id\":\"https:\\\/\\\/schoenstatt.com\\\/es\\\/#\\\/schema\\\/logo\\\/image\\\/\",\"url\":\"https:\\\/\\\/schoenstatt.com\\\/wp-content\\\/uploads\\\/2025\\\/04\\\/logo-schoenstatt-white-696x696-1.png\",\"contentUrl\":\"https:\\\/\\\/schoenstatt.com\\\/wp-content\\\/uploads\\\/2025\\\/04\\\/logo-schoenstatt-white-696x696-1.png\",\"width\":696,\"height\":694,\"caption\":\"Schoenstatt\"},\"image\":{\"@id\":\"https:\\\/\\\/schoenstatt.com\\\/es\\\/#\\\/schema\\\/logo\\\/image\\\/\"}},{\"@type\":\"Person\",\"@id\":\"https:\\\/\\\/schoenstatt.com\\\/es\\\/#\\\/schema\\\/person\\\/ea97a60c723e21c923e2177f0f3163f7\",\"name\":\"Vanessa Franke\",\"image\":{\"@type\":\"ImageObject\",\"inLanguage\":\"es\",\"@id\":\"https:\\\/\\\/secure.gravatar.com\\\/avatar\\\/a9bcca3409928ccd3195eca11e2ccbb2e5d7c7912e9a945d4f326f81a0a5cb4a?s=96&d=mm&r=g\",\"url\":\"https:\\\/\\\/secure.gravatar.com\\\/avatar\\\/a9bcca3409928ccd3195eca11e2ccbb2e5d7c7912e9a945d4f326f81a0a5cb4a?s=96&d=mm&r=g\",\"contentUrl\":\"https:\\\/\\\/secure.gravatar.com\\\/avatar\\\/a9bcca3409928ccd3195eca11e2ccbb2e5d7c7912e9a945d4f326f81a0a5cb4a?s=96&d=mm&r=g\",\"caption\":\"Vanessa Franke\"},\"url\":\"https:\\\/\\\/schoenstatt.com\\\/es\\\/author\\\/vanessa-franke\\\/\"}]}<\/script>\n<!-- \/ Yoast SEO Premium plugin. -->","yoast_head_json":{"title":"54 a\u00f1os del Santuario de Sion en Schoenstatt - Schoenstatt","description":"Los Padres de Schoenstatt celebraron en Sion con m\u00e1s de 100 sacerdotes de todo el mundo. Un d\u00eda lleno de oraci\u00f3n, fraternidad y gratitud.","robots":{"index":"index","follow":"follow","max-snippet":"max-snippet:-1","max-image-preview":"max-image-preview:large","max-video-preview":"max-video-preview:-1"},"canonical":"https:\/\/schoenstatt.com\/es\/54-anos-del-santuario-sion-en-schoenstatt\/","og_locale":"es_ES","og_type":"article","og_title":"54 a\u00f1os del Santuario de Sion en Schoenstatt","og_description":"Los Padres de Schoenstatt celebraron en Sion con m\u00e1s de 100 sacerdotes de todo el mundo. Un d\u00eda lleno de oraci\u00f3n, fraternidad y gratitud.","og_url":"https:\/\/schoenstatt.com\/es\/54-anos-del-santuario-sion-en-schoenstatt\/","og_site_name":"Schoenstatt","article_published_time":"2024-09-04T11:00:00+00:00","article_modified_time":"2025-05-14T22:26:55+00:00","og_image":[{"width":1600,"height":900,"url":"https:\/\/schoenstatt.com\/wp-content\/uploads\/2024\/09\/54th-anniversary-Sion-header-4.jpg","type":"image\/jpeg"}],"author":"Vanessa Franke","twitter_card":"summary_large_image","twitter_misc":{"Escrito por":"Vanessa Franke","Tiempo de lectura":"4 minutos"},"schema":{"@context":"https:\/\/schema.org","@graph":[{"@type":"Article","@id":"https:\/\/schoenstatt.com\/es\/54-anos-del-santuario-sion-en-schoenstatt\/#article","isPartOf":{"@id":"https:\/\/schoenstatt.com\/es\/54-anos-del-santuario-sion-en-schoenstatt\/"},"author":{"name":"Vanessa Franke","@id":"https:\/\/schoenstatt.com\/es\/#\/schema\/person\/ea97a60c723e21c923e2177f0f3163f7"},"headline":"54 a\u00f1os del Santuario de Sion en Schoenstatt","datePublished":"2024-09-04T11:00:00+00:00","dateModified":"2025-05-14T22:26:55+00:00","mainEntityOfPage":{"@id":"https:\/\/schoenstatt.com\/es\/54-anos-del-santuario-sion-en-schoenstatt\/"},"wordCount":761,"publisher":{"@id":"https:\/\/schoenstatt.com\/es\/#organization"},"image":{"@id":"https:\/\/schoenstatt.com\/es\/54-anos-del-santuario-sion-en-schoenstatt\/#primaryimage"},"thumbnailUrl":"https:\/\/schoenstatt.com\/wp-content\/uploads\/2024\/09\/54th-anniversary-Sion-header-4.jpg","articleSection":["Comunidades de Schoenstatt"],"inLanguage":"es"},{"@type":"WebPage","@id":"https:\/\/schoenstatt.com\/es\/54-anos-del-santuario-sion-en-schoenstatt\/","url":"https:\/\/schoenstatt.com\/es\/54-anos-del-santuario-sion-en-schoenstatt\/","name":"54 a\u00f1os del Santuario de Sion en Schoenstatt - Schoenstatt","isPartOf":{"@id":"https:\/\/schoenstatt.com\/es\/#website"},"primaryImageOfPage":{"@id":"https:\/\/schoenstatt.com\/es\/54-anos-del-santuario-sion-en-schoenstatt\/#primaryimage"},"image":{"@id":"https:\/\/schoenstatt.com\/es\/54-anos-del-santuario-sion-en-schoenstatt\/#primaryimage"},"thumbnailUrl":"https:\/\/schoenstatt.com\/wp-content\/uploads\/2024\/09\/54th-anniversary-Sion-header-4.jpg","datePublished":"2024-09-04T11:00:00+00:00","dateModified":"2025-05-14T22:26:55+00:00","description":"Los Padres de Schoenstatt celebraron en Sion con m\u00e1s de 100 sacerdotes de todo el mundo. Un d\u00eda lleno de oraci\u00f3n, fraternidad y gratitud.","breadcrumb":{"@id":"https:\/\/schoenstatt.com\/es\/54-anos-del-santuario-sion-en-schoenstatt\/#breadcrumb"},"inLanguage":"es","potentialAction":[{"@type":"ReadAction","target":["https:\/\/schoenstatt.com\/es\/54-anos-del-santuario-sion-en-schoenstatt\/"]}]},{"@type":"ImageObject","inLanguage":"es","@id":"https:\/\/schoenstatt.com\/es\/54-anos-del-santuario-sion-en-schoenstatt\/#primaryimage","url":"https:\/\/schoenstatt.com\/wp-content\/uploads\/2024\/09\/54th-anniversary-Sion-header-4.jpg","contentUrl":"https:\/\/schoenstatt.com\/wp-content\/uploads\/2024\/09\/54th-anniversary-Sion-header-4.jpg","width":1600,"height":900,"caption":"54 aniversario del santuario de Sion"},{"@type":"BreadcrumbList","@id":"https:\/\/schoenstatt.com\/es\/54-anos-del-santuario-sion-en-schoenstatt\/#breadcrumb","itemListElement":[{"@type":"ListItem","position":1,"name":"Portada","item":"https:\/\/schoenstatt.com\/es\/home\/"},{"@type":"ListItem","position":2,"name":"54 a\u00f1os del Santuario de Sion en Schoenstatt"}]},{"@type":"WebSite","@id":"https:\/\/schoenstatt.com\/es\/#website","url":"https:\/\/schoenstatt.com\/es\/","name":"Schoenstatt","description":"Apostolic Movement","publisher":{"@id":"https:\/\/schoenstatt.com\/es\/#organization"},"potentialAction":[{"@type":"SearchAction","target":{"@type":"EntryPoint","urlTemplate":"https:\/\/schoenstatt.com\/es\/?s={search_term_string}"},"query-input":{"@type":"PropertyValueSpecification","valueRequired":true,"valueName":"search_term_string"}}],"inLanguage":"es"},{"@type":"Organization","@id":"https:\/\/schoenstatt.com\/es\/#organization","name":"Schoenstatt","url":"https:\/\/schoenstatt.com\/es\/","logo":{"@type":"ImageObject","inLanguage":"es","@id":"https:\/\/schoenstatt.com\/es\/#\/schema\/logo\/image\/","url":"https:\/\/schoenstatt.com\/wp-content\/uploads\/2025\/04\/logo-schoenstatt-white-696x696-1.png","contentUrl":"https:\/\/schoenstatt.com\/wp-content\/uploads\/2025\/04\/logo-schoenstatt-white-696x696-1.png","width":696,"height":694,"caption":"Schoenstatt"},"image":{"@id":"https:\/\/schoenstatt.com\/es\/#\/schema\/logo\/image\/"}},{"@type":"Person","@id":"https:\/\/schoenstatt.com\/es\/#\/schema\/person\/ea97a60c723e21c923e2177f0f3163f7","name":"Vanessa Franke","image":{"@type":"ImageObject","inLanguage":"es","@id":"https:\/\/secure.gravatar.com\/avatar\/a9bcca3409928ccd3195eca11e2ccbb2e5d7c7912e9a945d4f326f81a0a5cb4a?s=96&d=mm&r=g","url":"https:\/\/secure.gravatar.com\/avatar\/a9bcca3409928ccd3195eca11e2ccbb2e5d7c7912e9a945d4f326f81a0a5cb4a?s=96&d=mm&r=g","contentUrl":"https:\/\/secure.gravatar.com\/avatar\/a9bcca3409928ccd3195eca11e2ccbb2e5d7c7912e9a945d4f326f81a0a5cb4a?s=96&d=mm&r=g","caption":"Vanessa Franke"},"url":"https:\/\/schoenstatt.com\/es\/author\/vanessa-franke\/"}]}},"_links":{"self":[{"href":"https:\/\/schoenstatt.com\/es\/wp-json\/wp\/v2\/posts\/41023","targetHints":{"allow":["GET"]}}],"collection":[{"href":"https:\/\/schoenstatt.com\/es\/wp-json\/wp\/v2\/posts"}],"about":[{"href":"https:\/\/schoenstatt.com\/es\/wp-json\/wp\/v2\/types\/post"}],"author":[{"embeddable":true,"href":"https:\/\/schoenstatt.com\/es\/wp-json\/wp\/v2\/users\/6"}],"replies":[{"embeddable":true,"href":"https:\/\/schoenstatt.com\/es\/wp-json\/wp\/v2\/comments?post=41023"}],"version-history":[{"count":1,"href":"https:\/\/schoenstatt.com\/es\/wp-json\/wp\/v2\/posts\/41023\/revisions"}],"predecessor-version":[{"id":46996,"href":"https:\/\/schoenstatt.com\/es\/wp-json\/wp\/v2\/posts\/41023\/revisions\/46996"}],"wp:featuredmedia":[{"embeddable":true,"href":"https:\/\/schoenstatt.com\/es\/wp-json\/wp\/v2\/media\/40992"}],"wp:attachment":[{"href":"https:\/\/schoenstatt.com\/es\/wp-json\/wp\/v2\/media?parent=41023"}],"wp:term":[{"taxonomy":"category","embeddable":true,"href":"https:\/\/schoenstatt.com\/es\/wp-json\/wp\/v2\/categories?post=41023"},{"taxonomy":"post_tag","embeddable":true,"href":"https:\/\/schoenstatt.com\/es\/wp-json\/wp\/v2\/tags?post=41023"}],"curies":[{"name":"wp","href":"https:\/\/api.w.org\/{rel}","templated":true}]}}