{"id":40982,"date":"2024-09-02T17:00:00","date_gmt":"2024-09-02T15:00:00","guid":{"rendered":"https:\/\/schoenstatt.com\/?p=40982"},"modified":"2025-05-15T18:12:47","modified_gmt":"2025-05-15T16:12:47","slug":"tiempo-de-la-creacion-para-celebrar-la-obra-de-dios","status":"publish","type":"post","link":"https:\/\/schoenstatt.com\/es\/tiempo-de-la-creacion-para-celebrar-la-obra-de-dios\/","title":{"rendered":"Tiempo de la Creaci\u00f3n, para celebrar la obra de Dios"},"content":{"rendered":"\n<p>La Jornada Mundial de Oraci\u00f3n por la Creaci\u00f3n tiene lugar cada a\u00f1o el 1 de septiembre. Siguiendo la rica tradici\u00f3n de la Iglesia oriental, para la cual este d\u00eda conmemora la creaci\u00f3n del mundo, este es un momento para celebrar la gran decisi\u00f3n de Dios de crear y un momento para reflexionar sobre c\u00f3mo hemos custodiado el gran don de la creaci\u00f3n.&nbsp;<\/p>\n\n\n\n<p>Se trata de un pilar fundamental de nuestra fe. De hecho, la Escritura comienza con el gran misterio de la Creaci\u00f3n. El Creador dio forma a la vida a partir del \u00abvac\u00edo\u00bb, una gran nada sin luz ni vida (Gn 1,2). La decisi\u00f3n del Creador de encender una chispa en medio de aquella oscuridad es generosa, m\u00e1s all\u00e1 de nuestra comprensi\u00f3n. Todo lo que nos rodea, desde la mano de un ser querido hasta las flores de un campo, brota de este acto amoroso de creaci\u00f3n. Como nos dice el <a href=\"https:\/\/schoenstatt.com\/es\/publicada-la-exhortacion-apostolica-laudate-deum\/\">Papa Francisco<\/a>, \u00abtodo el universo material es un lenguaje del amor de Dios\u00bb (Laudato Si&#8217; 84).<\/p>\n\n\n\n<p>La creaci\u00f3n no fue abandonada a s\u00ed misma. Nosotros, que fuimos creados a imagen de Dios, fuimos designados para cuidarla. Somos custodios, a quienes se nos ha ordenado \u00abcuidar y cultivar\u00bb el jard\u00edn (Gn 2, 15). Como nos record\u00f3 Benedicto XVI, \u00abLa tierra es un don precioso del Creador, que ha dise\u00f1ado su orden intr\u00ednseco, d\u00e1ndonos as\u00ed las se\u00f1ales orientadoras a las que debemos atenernos como administradores de su creaci\u00f3n\u00bb.<\/p>\n\n\n\n<p>Al celebrar la Jornada Mundial de Oraci\u00f3n por el Cuidado de la Creaci\u00f3n, nos preguntamos: \u00bfhemos estado a la altura del papel que nos encomend\u00f3 nuestro Creador? La respuesta es clara y tr\u00e1gica: no. Mi ciudad natal, Mumbai, es un buen ejemplo de las consecuencias de no cuidar el don de la creaci\u00f3n de Dios.<\/p>\n\n\n\n<p>Mumbai es una megaciudad de casi 21 millones de habitantes, encajonada entre las monta\u00f1as y el mar, la cual sufre de forma natural monzones, ciclones y calor extremo. En el pasado, los habitantes de Mumbai hicieron frente a estos desaf\u00edos, aunque era dif\u00edcil, aprendieron a prepararse para la lluvia y las tormentas y a buscar alivio del calor.<\/p>\n\n\n\n<div class=\"wp-block-columns is-layout-flex wp-container-core-columns-is-layout-28f84493 wp-block-columns-is-layout-flex\">\n<div class=\"wp-block-column is-layout-flow wp-block-column-is-layout-flow\">\n<figure class=\"wp-block-image aligncenter size-large\"><img decoding=\"async\" src=\"https:\/\/schoenstatt.com\/wp-content\/uploads\/2024\/09\/ES-Tiempo-de-la-creacion-1024x320.jpg\" alt=\"\" class=\"wp-image-40983\"\/><\/figure>\n<\/div>\n\n\n\n<div class=\"wp-block-column is-layout-flow wp-block-column-is-layout-flow\"><\/div>\n<\/div>\n\n\n\n<h2 class=\"wp-block-heading\" id=\"h-calor-extremo-una-consecuencia-del-cambio-climatico\">Calor extremo: una consecuencia del cambio clim\u00e1tico<\/h2>\n\n\n\n<p>Pero el clima de la Tierra est\u00e1 cambiando y los responsables pol\u00edticos no siguen el ritmo. Las duras lecciones del pasado ya no sirven a los habitantes de Mumbai.<\/p>\n\n\n\n<p>En su lugar, el calor extremo sigue en&nbsp;<a href=\"https:\/\/link.springer.com\/article\/10.1007\/s11069-023-06077-9\" target=\"_blank\" rel=\"noreferrer noopener\">aumento<\/a>. A inicio de este a\u00f1o, el \u00e1rea metropolitana de Mumbai&nbsp;<a href=\"https:\/\/timesofindia.indiatimes.com\/city\/mumbai\/mumbai-records-second-day-of-heatwave\/articleshow\/109702482.cms\" target=\"_blank\" rel=\"noreferrer noopener\">registr\u00f3<\/a>&nbsp;varios d\u00edas de 39 hasta 43 grados de calor. Incluso las horas de la tarde y la noche dan ahora&nbsp;menos alivio, lo que es especialmente dif\u00edcil para los pobres, que carecen de acceso a sistemas de aire acondicionado.<\/p>\n\n\n\n<p>Los mega-monzones y el crecimiento descontrolado de los asentamientos informales en las faldas de las monta\u00f1as est\u00e1n provocando&nbsp;<a href=\"https:\/\/www.theatlantic.com\/science\/archive\/2022\/02\/mumbai-flooding-climate-change\/621471\/\" target=\"_blank\" rel=\"noreferrer noopener\">deslizamientos<\/a>&nbsp;de tierra letales. Al mismo tiempo, las tormentas se acercan desde el mar, y con la desaparici\u00f3n de los manglares que sol\u00edan frenar y amortiguar la fuerza de las tormentas, los habitantes de la costa son&nbsp;<a href=\"https:\/\/ijels.com\/upload_document\/issue_files\/30IJELS-111202032-ClimateChange.pdf\" target=\"_blank\" rel=\"noreferrer noopener\">vulnerables<\/a>&nbsp;a perder sus hogares.<\/p>\n\n\n\n<p>Trabaj\u00e9 en dos barrios marginales de Mumbai, en Jerimeri y Dharavi, durante 21 a\u00f1os, por lo cual puedo atestiguar que los pobres sienten estos problemas mucho m\u00e1s intensamente. Las familias de estos barrios ya se enfrentan a la falta de acceso a la educaci\u00f3n, a las infraestructuras y a un buen empleo. Les resulta pr\u00e1cticamente imposible quedarse en casa y no ir a trabajar cuando el tiempo es peligrosamente caluroso, o mudarse de casa cuando amenazan tormentas y deslizamientos de tierra.<\/p>\n\n\n\n<p>Forzar a estas familias a lidiar con desastres clim\u00e1ticos adem\u00e1s de todo lo que tienen que soportar es un fracaso moral de primer orden. La comunidad cient\u00edfica no deja de recordarnos que las acciones de la humanidad han provocado los cambios en nuestro clima. No puedo imaginar que esto es lo que nuestro Creador quer\u00eda que hici\u00e9ramos como custodios del jard\u00edn.<\/p>\n\n\n\n<p>Esta celebraci\u00f3n anual ofrece una gran oportunidad para reflexionar sobre la amorosa decisi\u00f3n de Dios de crear y de reconsiderar c\u00f3mo cumplimos nuestro papel de custodios de la creaci\u00f3n.<\/p>\n\n\n\n<p>Esta jornada de oraci\u00f3n da inicio al\u00a0Tiempo de la Creaci\u00f3n, el cual tiene un mes de duraci\u00f3n. El 1 de septiembre y durante todo este tiempo, <a href=\"https:\/\/seasonofcreation.org\/es\/\">alabemos al Creador<\/a> y actuemos juntos para cuidar el don sagrado de la creaci\u00f3n.\u00a0<\/p>\n\n\n\n<p><em>Mons. Allwyn D&#8217;Silva, Presidente de la Oficina de Desarrollo Humano de la Federaci\u00f3n de Conferencias Episcopales Asi\u00e1ticas (FABC).<\/em><\/p>\n\n\n\n<p>Fuente: Texto: <a href=\"https:\/\/www.vaticannews.va\/es\/iglesia\/news\/2024-08\/tiempo-de-la-creacion-para-celebrar-la-obra-de-dios-allwyn-silva.html\">Vatican News<\/a> &#8211; Fotos: <a href=\"https:\/\/seasonofcreation.org.es\">seasonofcreation.org<\/a><\/p>\n\n\n\n<figure class=\"wp-block-embed is-type-video is-provider-youtube wp-block-embed-youtube wp-embed-aspect-16-9 wp-has-aspect-ratio\"><div class=\"wp-block-embed__wrapper\">\n<iframe title=\"Faith leaders invite you to the 2024 Season of Creation\" width=\"800\" height=\"450\" src=\"https:\/\/www.youtube.com\/embed\/vLI5cT-56Yk?feature=oembed\" frameborder=\"0\" allow=\"accelerometer; autoplay; clipboard-write; encrypted-media; gyroscope; picture-in-picture; web-share\" referrerpolicy=\"strict-origin-when-cross-origin\" allowfullscreen><\/iframe>\n<\/div><\/figure>\n","protected":false},"excerpt":{"rendered":"<p>La reflexi\u00f3n de monse\u00f1or Allwyn D&#8217;Silva, de la Federaci\u00f3n de Conferencias Episcopales Asi\u00e1ticas, con motivo de la Jornada Mundial de Oraci\u00f3n por la Creaci\u00f3n, el 1 de septiembre: el hombre no ha estado a la altura de la tarea que le ha encomendado el Se\u00f1or, la de guardi\u00e1n de la creaci\u00f3n.<\/p>\n","protected":false},"author":6,"featured_media":40959,"comment_status":"closed","ping_status":"closed","sticky":false,"template":"","format":"standard","meta":{"footnotes":""},"categories":[885],"tags":[],"class_list":["post-40982","post","type-post","status-publish","format-standard","has-post-thumbnail","hentry","category-medio-ambiente-es"],"yoast_head":"<!-- This site is optimized with the Yoast SEO Premium plugin v27.4 (Yoast SEO v27.5) - https:\/\/yoast.com\/product\/yoast-seo-premium-wordpress\/ -->\n<title>Tiempo de la Creaci\u00f3n, para celebrar la obra de Dios - Schoenstatt<\/title>\n<meta name=\"description\" content=\"Reflexi\u00f3n de monse\u00f1or Allwyn D&#039;Silva, con motivo de la Jornada Mundial de Oraci\u00f3n por la Creaci\u00f3n - Tiempo de la Creaci\u00f3n 2024\" \/>\n<meta name=\"robots\" content=\"index, follow, max-snippet:-1, max-image-preview:large, max-video-preview:-1\" \/>\n<link rel=\"canonical\" href=\"https:\/\/schoenstatt.com\/es\/tiempo-de-la-creacion-para-celebrar-la-obra-de-dios\/\" \/>\n<meta property=\"og:locale\" content=\"es_ES\" \/>\n<meta property=\"og:type\" content=\"article\" \/>\n<meta property=\"og:title\" content=\"Tiempo de la Creaci\u00f3n, para celebrar la obra de Dios\" \/>\n<meta property=\"og:description\" content=\"Reflexi\u00f3n de monse\u00f1or Allwyn D&#039;Silva, con motivo de la Jornada Mundial de Oraci\u00f3n por la Creaci\u00f3n - Tiempo de la Creaci\u00f3n 2024\" \/>\n<meta property=\"og:url\" content=\"https:\/\/schoenstatt.com\/es\/tiempo-de-la-creacion-para-celebrar-la-obra-de-dios\/\" \/>\n<meta property=\"og:site_name\" content=\"Schoenstatt\" \/>\n<meta property=\"article:published_time\" content=\"2024-09-02T15:00:00+00:00\" \/>\n<meta property=\"article:modified_time\" content=\"2025-05-15T16:12:47+00:00\" \/>\n<meta property=\"og:image\" content=\"https:\/\/schoenstatt.com\/wp-content\/uploads\/2024\/09\/Header-Tiempo-de-la-Creacion-2-4.jpg\" \/>\n\t<meta property=\"og:image:width\" content=\"1899\" \/>\n\t<meta property=\"og:image:height\" content=\"886\" \/>\n\t<meta property=\"og:image:type\" content=\"image\/jpeg\" \/>\n<meta name=\"author\" content=\"Vanessa Franke\" \/>\n<meta name=\"twitter:card\" content=\"summary_large_image\" \/>\n<meta name=\"twitter:label1\" content=\"Escrito por\" \/>\n\t<meta name=\"twitter:data1\" content=\"Vanessa Franke\" \/>\n\t<meta name=\"twitter:label2\" content=\"Tiempo de lectura\" \/>\n\t<meta name=\"twitter:data2\" content=\"4 minutos\" \/>\n<script type=\"application\/ld+json\" class=\"yoast-schema-graph\">{\"@context\":\"https:\\\/\\\/schema.org\",\"@graph\":[{\"@type\":\"Article\",\"@id\":\"https:\\\/\\\/schoenstatt.com\\\/es\\\/tiempo-de-la-creacion-para-celebrar-la-obra-de-dios\\\/#article\",\"isPartOf\":{\"@id\":\"https:\\\/\\\/schoenstatt.com\\\/es\\\/tiempo-de-la-creacion-para-celebrar-la-obra-de-dios\\\/\"},\"author\":{\"name\":\"Vanessa Franke\",\"@id\":\"https:\\\/\\\/schoenstatt.com\\\/es\\\/#\\\/schema\\\/person\\\/ea97a60c723e21c923e2177f0f3163f7\"},\"headline\":\"Tiempo de la Creaci\u00f3n, para celebrar la obra de Dios\",\"datePublished\":\"2024-09-02T15:00:00+00:00\",\"dateModified\":\"2025-05-15T16:12:47+00:00\",\"mainEntityOfPage\":{\"@id\":\"https:\\\/\\\/schoenstatt.com\\\/es\\\/tiempo-de-la-creacion-para-celebrar-la-obra-de-dios\\\/\"},\"wordCount\":819,\"publisher\":{\"@id\":\"https:\\\/\\\/schoenstatt.com\\\/es\\\/#organization\"},\"image\":{\"@id\":\"https:\\\/\\\/schoenstatt.com\\\/es\\\/tiempo-de-la-creacion-para-celebrar-la-obra-de-dios\\\/#primaryimage\"},\"thumbnailUrl\":\"https:\\\/\\\/schoenstatt.com\\\/wp-content\\\/uploads\\\/2024\\\/09\\\/Header-Tiempo-de-la-Creacion-2-4.jpg\",\"articleSection\":[\"Medio Ambiente\"],\"inLanguage\":\"es\"},{\"@type\":\"WebPage\",\"@id\":\"https:\\\/\\\/schoenstatt.com\\\/es\\\/tiempo-de-la-creacion-para-celebrar-la-obra-de-dios\\\/\",\"url\":\"https:\\\/\\\/schoenstatt.com\\\/es\\\/tiempo-de-la-creacion-para-celebrar-la-obra-de-dios\\\/\",\"name\":\"Tiempo de la Creaci\u00f3n, para celebrar la obra de Dios - Schoenstatt\",\"isPartOf\":{\"@id\":\"https:\\\/\\\/schoenstatt.com\\\/es\\\/#website\"},\"primaryImageOfPage\":{\"@id\":\"https:\\\/\\\/schoenstatt.com\\\/es\\\/tiempo-de-la-creacion-para-celebrar-la-obra-de-dios\\\/#primaryimage\"},\"image\":{\"@id\":\"https:\\\/\\\/schoenstatt.com\\\/es\\\/tiempo-de-la-creacion-para-celebrar-la-obra-de-dios\\\/#primaryimage\"},\"thumbnailUrl\":\"https:\\\/\\\/schoenstatt.com\\\/wp-content\\\/uploads\\\/2024\\\/09\\\/Header-Tiempo-de-la-Creacion-2-4.jpg\",\"datePublished\":\"2024-09-02T15:00:00+00:00\",\"dateModified\":\"2025-05-15T16:12:47+00:00\",\"description\":\"Reflexi\u00f3n de monse\u00f1or Allwyn D'Silva, con motivo de la Jornada Mundial de Oraci\u00f3n por la Creaci\u00f3n - Tiempo de la Creaci\u00f3n 2024\",\"breadcrumb\":{\"@id\":\"https:\\\/\\\/schoenstatt.com\\\/es\\\/tiempo-de-la-creacion-para-celebrar-la-obra-de-dios\\\/#breadcrumb\"},\"inLanguage\":\"es\",\"potentialAction\":[{\"@type\":\"ReadAction\",\"target\":[\"https:\\\/\\\/schoenstatt.com\\\/es\\\/tiempo-de-la-creacion-para-celebrar-la-obra-de-dios\\\/\"]}]},{\"@type\":\"ImageObject\",\"inLanguage\":\"es\",\"@id\":\"https:\\\/\\\/schoenstatt.com\\\/es\\\/tiempo-de-la-creacion-para-celebrar-la-obra-de-dios\\\/#primaryimage\",\"url\":\"https:\\\/\\\/schoenstatt.com\\\/wp-content\\\/uploads\\\/2024\\\/09\\\/Header-Tiempo-de-la-Creacion-2-4.jpg\",\"contentUrl\":\"https:\\\/\\\/schoenstatt.com\\\/wp-content\\\/uploads\\\/2024\\\/09\\\/Header-Tiempo-de-la-Creacion-2-4.jpg\",\"width\":1899,\"height\":886,\"caption\":\"Tiempo de la Creaci\u00f3n 2024\"},{\"@type\":\"BreadcrumbList\",\"@id\":\"https:\\\/\\\/schoenstatt.com\\\/es\\\/tiempo-de-la-creacion-para-celebrar-la-obra-de-dios\\\/#breadcrumb\",\"itemListElement\":[{\"@type\":\"ListItem\",\"position\":1,\"name\":\"Portada\",\"item\":\"https:\\\/\\\/schoenstatt.com\\\/es\\\/home\\\/\"},{\"@type\":\"ListItem\",\"position\":2,\"name\":\"Tiempo de la Creaci\u00f3n, para celebrar la obra de Dios\"}]},{\"@type\":\"WebSite\",\"@id\":\"https:\\\/\\\/schoenstatt.com\\\/es\\\/#website\",\"url\":\"https:\\\/\\\/schoenstatt.com\\\/es\\\/\",\"name\":\"Schoenstatt\",\"description\":\"Apostolic Movement\",\"publisher\":{\"@id\":\"https:\\\/\\\/schoenstatt.com\\\/es\\\/#organization\"},\"potentialAction\":[{\"@type\":\"SearchAction\",\"target\":{\"@type\":\"EntryPoint\",\"urlTemplate\":\"https:\\\/\\\/schoenstatt.com\\\/es\\\/?s={search_term_string}\"},\"query-input\":{\"@type\":\"PropertyValueSpecification\",\"valueRequired\":true,\"valueName\":\"search_term_string\"}}],\"inLanguage\":\"es\"},{\"@type\":\"Organization\",\"@id\":\"https:\\\/\\\/schoenstatt.com\\\/es\\\/#organization\",\"name\":\"Schoenstatt\",\"url\":\"https:\\\/\\\/schoenstatt.com\\\/es\\\/\",\"logo\":{\"@type\":\"ImageObject\",\"inLanguage\":\"es\",\"@id\":\"https:\\\/\\\/schoenstatt.com\\\/es\\\/#\\\/schema\\\/logo\\\/image\\\/\",\"url\":\"https:\\\/\\\/schoenstatt.com\\\/wp-content\\\/uploads\\\/2025\\\/04\\\/logo-schoenstatt-white-696x696-1.png\",\"contentUrl\":\"https:\\\/\\\/schoenstatt.com\\\/wp-content\\\/uploads\\\/2025\\\/04\\\/logo-schoenstatt-white-696x696-1.png\",\"width\":696,\"height\":694,\"caption\":\"Schoenstatt\"},\"image\":{\"@id\":\"https:\\\/\\\/schoenstatt.com\\\/es\\\/#\\\/schema\\\/logo\\\/image\\\/\"}},{\"@type\":\"Person\",\"@id\":\"https:\\\/\\\/schoenstatt.com\\\/es\\\/#\\\/schema\\\/person\\\/ea97a60c723e21c923e2177f0f3163f7\",\"name\":\"Vanessa Franke\",\"image\":{\"@type\":\"ImageObject\",\"inLanguage\":\"es\",\"@id\":\"https:\\\/\\\/secure.gravatar.com\\\/avatar\\\/a9bcca3409928ccd3195eca11e2ccbb2e5d7c7912e9a945d4f326f81a0a5cb4a?s=96&d=mm&r=g\",\"url\":\"https:\\\/\\\/secure.gravatar.com\\\/avatar\\\/a9bcca3409928ccd3195eca11e2ccbb2e5d7c7912e9a945d4f326f81a0a5cb4a?s=96&d=mm&r=g\",\"contentUrl\":\"https:\\\/\\\/secure.gravatar.com\\\/avatar\\\/a9bcca3409928ccd3195eca11e2ccbb2e5d7c7912e9a945d4f326f81a0a5cb4a?s=96&d=mm&r=g\",\"caption\":\"Vanessa Franke\"},\"url\":\"https:\\\/\\\/schoenstatt.com\\\/es\\\/author\\\/vanessa-franke\\\/\"}]}<\/script>\n<!-- \/ Yoast SEO Premium plugin. -->","yoast_head_json":{"title":"Tiempo de la Creaci\u00f3n, para celebrar la obra de Dios - Schoenstatt","description":"Reflexi\u00f3n de monse\u00f1or Allwyn D'Silva, con motivo de la Jornada Mundial de Oraci\u00f3n por la Creaci\u00f3n - Tiempo de la Creaci\u00f3n 2024","robots":{"index":"index","follow":"follow","max-snippet":"max-snippet:-1","max-image-preview":"max-image-preview:large","max-video-preview":"max-video-preview:-1"},"canonical":"https:\/\/schoenstatt.com\/es\/tiempo-de-la-creacion-para-celebrar-la-obra-de-dios\/","og_locale":"es_ES","og_type":"article","og_title":"Tiempo de la Creaci\u00f3n, para celebrar la obra de Dios","og_description":"Reflexi\u00f3n de monse\u00f1or Allwyn D'Silva, con motivo de la Jornada Mundial de Oraci\u00f3n por la Creaci\u00f3n - Tiempo de la Creaci\u00f3n 2024","og_url":"https:\/\/schoenstatt.com\/es\/tiempo-de-la-creacion-para-celebrar-la-obra-de-dios\/","og_site_name":"Schoenstatt","article_published_time":"2024-09-02T15:00:00+00:00","article_modified_time":"2025-05-15T16:12:47+00:00","og_image":[{"width":1899,"height":886,"url":"https:\/\/schoenstatt.com\/wp-content\/uploads\/2024\/09\/Header-Tiempo-de-la-Creacion-2-4.jpg","type":"image\/jpeg"}],"author":"Vanessa Franke","twitter_card":"summary_large_image","twitter_misc":{"Escrito por":"Vanessa Franke","Tiempo de lectura":"4 minutos"},"schema":{"@context":"https:\/\/schema.org","@graph":[{"@type":"Article","@id":"https:\/\/schoenstatt.com\/es\/tiempo-de-la-creacion-para-celebrar-la-obra-de-dios\/#article","isPartOf":{"@id":"https:\/\/schoenstatt.com\/es\/tiempo-de-la-creacion-para-celebrar-la-obra-de-dios\/"},"author":{"name":"Vanessa Franke","@id":"https:\/\/schoenstatt.com\/es\/#\/schema\/person\/ea97a60c723e21c923e2177f0f3163f7"},"headline":"Tiempo de la Creaci\u00f3n, para celebrar la obra de Dios","datePublished":"2024-09-02T15:00:00+00:00","dateModified":"2025-05-15T16:12:47+00:00","mainEntityOfPage":{"@id":"https:\/\/schoenstatt.com\/es\/tiempo-de-la-creacion-para-celebrar-la-obra-de-dios\/"},"wordCount":819,"publisher":{"@id":"https:\/\/schoenstatt.com\/es\/#organization"},"image":{"@id":"https:\/\/schoenstatt.com\/es\/tiempo-de-la-creacion-para-celebrar-la-obra-de-dios\/#primaryimage"},"thumbnailUrl":"https:\/\/schoenstatt.com\/wp-content\/uploads\/2024\/09\/Header-Tiempo-de-la-Creacion-2-4.jpg","articleSection":["Medio Ambiente"],"inLanguage":"es"},{"@type":"WebPage","@id":"https:\/\/schoenstatt.com\/es\/tiempo-de-la-creacion-para-celebrar-la-obra-de-dios\/","url":"https:\/\/schoenstatt.com\/es\/tiempo-de-la-creacion-para-celebrar-la-obra-de-dios\/","name":"Tiempo de la Creaci\u00f3n, para celebrar la obra de Dios - Schoenstatt","isPartOf":{"@id":"https:\/\/schoenstatt.com\/es\/#website"},"primaryImageOfPage":{"@id":"https:\/\/schoenstatt.com\/es\/tiempo-de-la-creacion-para-celebrar-la-obra-de-dios\/#primaryimage"},"image":{"@id":"https:\/\/schoenstatt.com\/es\/tiempo-de-la-creacion-para-celebrar-la-obra-de-dios\/#primaryimage"},"thumbnailUrl":"https:\/\/schoenstatt.com\/wp-content\/uploads\/2024\/09\/Header-Tiempo-de-la-Creacion-2-4.jpg","datePublished":"2024-09-02T15:00:00+00:00","dateModified":"2025-05-15T16:12:47+00:00","description":"Reflexi\u00f3n de monse\u00f1or Allwyn D'Silva, con motivo de la Jornada Mundial de Oraci\u00f3n por la Creaci\u00f3n - Tiempo de la Creaci\u00f3n 2024","breadcrumb":{"@id":"https:\/\/schoenstatt.com\/es\/tiempo-de-la-creacion-para-celebrar-la-obra-de-dios\/#breadcrumb"},"inLanguage":"es","potentialAction":[{"@type":"ReadAction","target":["https:\/\/schoenstatt.com\/es\/tiempo-de-la-creacion-para-celebrar-la-obra-de-dios\/"]}]},{"@type":"ImageObject","inLanguage":"es","@id":"https:\/\/schoenstatt.com\/es\/tiempo-de-la-creacion-para-celebrar-la-obra-de-dios\/#primaryimage","url":"https:\/\/schoenstatt.com\/wp-content\/uploads\/2024\/09\/Header-Tiempo-de-la-Creacion-2-4.jpg","contentUrl":"https:\/\/schoenstatt.com\/wp-content\/uploads\/2024\/09\/Header-Tiempo-de-la-Creacion-2-4.jpg","width":1899,"height":886,"caption":"Tiempo de la Creaci\u00f3n 2024"},{"@type":"BreadcrumbList","@id":"https:\/\/schoenstatt.com\/es\/tiempo-de-la-creacion-para-celebrar-la-obra-de-dios\/#breadcrumb","itemListElement":[{"@type":"ListItem","position":1,"name":"Portada","item":"https:\/\/schoenstatt.com\/es\/home\/"},{"@type":"ListItem","position":2,"name":"Tiempo de la Creaci\u00f3n, para celebrar la obra de Dios"}]},{"@type":"WebSite","@id":"https:\/\/schoenstatt.com\/es\/#website","url":"https:\/\/schoenstatt.com\/es\/","name":"Schoenstatt","description":"Apostolic Movement","publisher":{"@id":"https:\/\/schoenstatt.com\/es\/#organization"},"potentialAction":[{"@type":"SearchAction","target":{"@type":"EntryPoint","urlTemplate":"https:\/\/schoenstatt.com\/es\/?s={search_term_string}"},"query-input":{"@type":"PropertyValueSpecification","valueRequired":true,"valueName":"search_term_string"}}],"inLanguage":"es"},{"@type":"Organization","@id":"https:\/\/schoenstatt.com\/es\/#organization","name":"Schoenstatt","url":"https:\/\/schoenstatt.com\/es\/","logo":{"@type":"ImageObject","inLanguage":"es","@id":"https:\/\/schoenstatt.com\/es\/#\/schema\/logo\/image\/","url":"https:\/\/schoenstatt.com\/wp-content\/uploads\/2025\/04\/logo-schoenstatt-white-696x696-1.png","contentUrl":"https:\/\/schoenstatt.com\/wp-content\/uploads\/2025\/04\/logo-schoenstatt-white-696x696-1.png","width":696,"height":694,"caption":"Schoenstatt"},"image":{"@id":"https:\/\/schoenstatt.com\/es\/#\/schema\/logo\/image\/"}},{"@type":"Person","@id":"https:\/\/schoenstatt.com\/es\/#\/schema\/person\/ea97a60c723e21c923e2177f0f3163f7","name":"Vanessa Franke","image":{"@type":"ImageObject","inLanguage":"es","@id":"https:\/\/secure.gravatar.com\/avatar\/a9bcca3409928ccd3195eca11e2ccbb2e5d7c7912e9a945d4f326f81a0a5cb4a?s=96&d=mm&r=g","url":"https:\/\/secure.gravatar.com\/avatar\/a9bcca3409928ccd3195eca11e2ccbb2e5d7c7912e9a945d4f326f81a0a5cb4a?s=96&d=mm&r=g","contentUrl":"https:\/\/secure.gravatar.com\/avatar\/a9bcca3409928ccd3195eca11e2ccbb2e5d7c7912e9a945d4f326f81a0a5cb4a?s=96&d=mm&r=g","caption":"Vanessa Franke"},"url":"https:\/\/schoenstatt.com\/es\/author\/vanessa-franke\/"}]}},"_links":{"self":[{"href":"https:\/\/schoenstatt.com\/es\/wp-json\/wp\/v2\/posts\/40982","targetHints":{"allow":["GET"]}}],"collection":[{"href":"https:\/\/schoenstatt.com\/es\/wp-json\/wp\/v2\/posts"}],"about":[{"href":"https:\/\/schoenstatt.com\/es\/wp-json\/wp\/v2\/types\/post"}],"author":[{"embeddable":true,"href":"https:\/\/schoenstatt.com\/es\/wp-json\/wp\/v2\/users\/6"}],"replies":[{"embeddable":true,"href":"https:\/\/schoenstatt.com\/es\/wp-json\/wp\/v2\/comments?post=40982"}],"version-history":[{"count":1,"href":"https:\/\/schoenstatt.com\/es\/wp-json\/wp\/v2\/posts\/40982\/revisions"}],"predecessor-version":[{"id":46992,"href":"https:\/\/schoenstatt.com\/es\/wp-json\/wp\/v2\/posts\/40982\/revisions\/46992"}],"wp:featuredmedia":[{"embeddable":true,"href":"https:\/\/schoenstatt.com\/es\/wp-json\/wp\/v2\/media\/40959"}],"wp:attachment":[{"href":"https:\/\/schoenstatt.com\/es\/wp-json\/wp\/v2\/media?parent=40982"}],"wp:term":[{"taxonomy":"category","embeddable":true,"href":"https:\/\/schoenstatt.com\/es\/wp-json\/wp\/v2\/categories?post=40982"},{"taxonomy":"post_tag","embeddable":true,"href":"https:\/\/schoenstatt.com\/es\/wp-json\/wp\/v2\/tags?post=40982"}],"curies":[{"name":"wp","href":"https:\/\/api.w.org\/{rel}","templated":true}]}}