{"id":40918,"date":"2024-08-28T11:14:35","date_gmt":"2024-08-28T09:14:35","guid":{"rendered":"https:\/\/schoenstatt.com\/?p=40918"},"modified":"2025-05-15T18:37:41","modified_gmt":"2025-05-15T16:37:41","slug":"el-festival-internacional-del-encuentro-reune-a-diferentes-naciones-en-schoenstatt","status":"publish","type":"post","link":"https:\/\/schoenstatt.com\/es\/el-festival-internacional-del-encuentro-reune-a-diferentes-naciones-en-schoenstatt\/","title":{"rendered":"El Festival Internacional del Encuentro re\u00fane a diferentes naciones en Schoenstatt"},"content":{"rendered":"\n<p>\u201cTodos participan\u201d, eso es lo que une a la gente en el tradicional Festival Internacional del Encuentro en Schoenstatt: las diferentes generaciones, las distintas nacionalidades y grupos de idiomas, los schoenstattianos de coraz\u00f3n y los simpatizantes de Schoenstatt, los de la localidad de Vallendar y los participantes que viajaron desde Regensburgo, Mainz, Frankfurt, Luxemburgo, etc\u00e9tera. \u201cAtm\u00f3sfera\u201d y \u201ccomunidad\u201d se utilizan a menudo como palabras clave para describir en qu\u00e9 consiste esta celebraci\u00f3n.<\/p>\n\n\n\n<h2 class=\"wp-block-heading\" id=\"h-todo-el-mundo-participa\"><strong>Todo el mundo participa<\/strong><\/h2>\n\n\n\n<p>El festival se nutre de la diversa participaci\u00f3n de personas y grupos muy diferentes, y a niveles muy distintos. De ah\u00ed su atm\u00f3sfera especial. \u201cGracias por dejarnos participar\u201d, dicen las dos parejas brasile\u00f1as que viven en Luxemburgo y que, una vez m\u00e1s, han viajado con antelaci\u00f3n para colaborar.<\/p>\n\n\n\n<figure class=\"wp-block-image size-full\"><img decoding=\"async\" src=\"https:\/\/schoenstatt.com\/wp-content\/uploads\/2024\/08\/International-Encounter-Festival-Fest-der-Begegnung-Schoenstatt-4.jpg\" alt=\"\" class=\"wp-image-40914\"\/><figcaption class=\"wp-element-caption\">La \u00abKuckuckspolka\u00bb atrae a muchos a unirse a la pista de baile (Foto: PZ)<\/figcaption><\/figure>\n\n\n\n<p>Las canciones y bailes de Per\u00fa y Chile, Filipinas, Bulgaria y Alemania son aplaudidos. Tambi\u00e9n fueron bien recibidos los diversos bailes de acompa\u00f1amiento, incluida la polca del cuco. Ricardo Filho, brasile\u00f1o residente en Luxemburgo, acept\u00f3 la petici\u00f3n de conducir el acto, a pesar de que su vuelo a Brasil con su familia estaba previsto para el d\u00eda siguiente. No pod\u00eda rechazar a la Mater, dijo, ya que hab\u00eda hecho la Alianza de Amor. \u00c9l tambi\u00e9n irradia la serenidad llena de confianza de \u201cRegalarle a Dios una hora m\u00e1s\u201d en la llovizna de la ma\u00f1ana.<\/p>\n\n\n\n<h2 class=\"wp-block-heading\" id=\"h-encuentro\"><strong>Encuentro<\/strong><\/h2>\n\n\n\n<p>El festival se nutre sobre todo de los distintos niveles de encuentro: encuentro con las nacionalidades de los invitados, encuentro con las culturas de los participantes, encuentros personales en medio de todo.<\/p>\n\n\n\n<figure class=\"wp-block-image size-full\"><img decoding=\"async\" src=\"https:\/\/schoenstatt.com\/wp-content\/uploads\/2024\/08\/International-Encounter-Festival-Fest-der-Begegnung-Schoenstatt-3.jpg\" alt=\"\" class=\"wp-image-40910\"\/><figcaption class=\"wp-element-caption\">Herbert Wirtz con su organillo (Foto: PZ)<\/figcaption><\/figure>\n\n\n\n<p>El hecho de que Herbert Wirtz, del barrio de Gymnich, ofreciera por primera vez m\u00fasica de organillo realz\u00f3 enormemente el momento de encuentro. Le da al festival un toque acogedor que a todos nos viene bien. Una caracter\u00edstica especial del festival es el encuentro con Schoenstatt como lugar de gracias. Esto incluye la Misa organizada internacionalmente al comienzo. Este a\u00f1o incluy\u00f3 la contribuci\u00f3n de las candidatas de las Hermanas de Mar\u00eda de Schoenstatt: \u201cLo que me gusta de Schoenstatt\u2026\u201d. Y tradicionalmente incluye la procesi\u00f3n con velas hasta el Santuario Original.<\/p>\n\n\n\n<p>En portugu\u00e9s, espa\u00f1ol, ingl\u00e9s y alem\u00e1n, los moderadores de la celebraci\u00f3n, Rosario Lira y Ricardo Filho, preparan el ambiente para el momento culminante y la conclusi\u00f3n del d\u00eda: la renovaci\u00f3n de la Alianza de Amor en la propia lengua materna y la bendici\u00f3n individual en el <a href=\"https:\/\/schoenstatt.com\/es\/acerca-de-nosotros\/santuario\/\">Santuario Original<\/a>.<\/p>\n\n\n\n<figure class=\"wp-block-image size-full\"><img decoding=\"async\" src=\"https:\/\/schoenstatt.com\/wp-content\/uploads\/2024\/08\/International-Encounter-Festival-Fest-der-Begegnung-Schoenstatt-5.jpg\" alt=\"\" class=\"wp-image-40906\"\/><figcaption class=\"wp-element-caption\">Conclusi\u00f3n en el Santuario Original con la bendici\u00f3n personal (Foto: PZ)<\/figcaption><\/figure>\n\n\n\n<h2 class=\"wp-block-heading\" id=\"h-una-tradicion-con-futuro\"><strong>Una tradici\u00f3n con futuro<\/strong><\/h2>\n\n\n\n<p>Por un lado, el Festival del Encuentro es ya una tradici\u00f3n en Schoenstatt, y por otro, alberga potencial para el futuro, pues la internacionalidad en Schoenstatt y en la comunidad de Vallendar, a la que pertenece Schoenstatt, va en aumento. En conversaci\u00f3n con la Banda de Fanfarria de Vallendar, que participa por primera vez en el Festival del Encuentro, queda claro que una buena cultura del encuentro, una convivencia apreciativa de todas las culturas y mentalidades, son preocupaciones comunes. \u201cHasta la pr\u00f3xima\u201d, dijo la banda de fanfarria al despedirse del evento en Schoenstatt, prepar\u00e1ndose ya para la celebraci\u00f3n de su 40 aniversario en 2025, que ser\u00e1 en el pr\u00f3ximo Festival del Encuentro, el 17 de agosto de 2025.<\/p>\n\n\n\n<figure class=\"wp-block-image size-full\"><img decoding=\"async\" src=\"https:\/\/schoenstatt.com\/wp-content\/uploads\/2024\/08\/International-Encounter-Festival-Fest-der-Begegnung-Schoenstatt-2.jpg\" alt=\"\" class=\"wp-image-40902\"\/><figcaption class=\"wp-element-caption\">La Banda de Fanfarria de Vallendar participa por primera vez en el Festival del Encuentro (Foto: PZ)<\/figcaption><\/figure>\n\n\n\n<p><strong>Traducci\u00f3n: <\/strong>Vanessa Franke<\/p>\n\n\n\n<p><strong>Fuente:<\/strong> <a href=\"https:\/\/www.schoenstatt.de\/de\/news\/6565\/112\/Internationales-Fest-der-Begegnung-in-Schoenstatt.htm\">schoenstatt.de<\/a><\/p>\n","protected":false},"excerpt":{"rendered":"<p>A la sombra del Santuario Original, tiene lugar el Festival del Encuentro, que re\u00fane diferentes culturas y puestas en escena<\/p>\n","protected":false},"author":3,"featured_media":40895,"comment_status":"closed","ping_status":"closed","sticky":false,"template":"","format":"standard","meta":{"footnotes":""},"categories":[873,901],"tags":[],"class_list":["post-40918","post","type-post","status-publish","format-standard","has-post-thumbnail","hentry","category-europa-es","category-santuario-original-es"],"yoast_head":"<!-- This site is optimized with the Yoast SEO Premium plugin v27.4 (Yoast SEO v27.4) - https:\/\/yoast.com\/product\/yoast-seo-premium-wordpress\/ -->\n<title>El Festival Internacional del Encuentro re\u00fane a diferentes naciones en Schoenstatt<\/title>\n<meta name=\"description\" content=\"A la sombra del Santuario Original, tiene lugar el Festival del Encuentro, que re\u00fane diferentes culturas y puestas en escena\" \/>\n<meta name=\"robots\" content=\"index, follow, max-snippet:-1, max-image-preview:large, max-video-preview:-1\" \/>\n<link rel=\"canonical\" href=\"https:\/\/schoenstatt.com\/es\/el-festival-internacional-del-encuentro-reune-a-diferentes-naciones-en-schoenstatt\/\" \/>\n<meta property=\"og:locale\" content=\"es_ES\" \/>\n<meta property=\"og:type\" content=\"article\" \/>\n<meta property=\"og:title\" content=\"El Festival Internacional del Encuentro re\u00fane a diferentes naciones en Schoenstatt\" \/>\n<meta property=\"og:description\" content=\"A la sombra del Santuario Original, tiene lugar el Festival del Encuentro, que re\u00fane diferentes culturas y puestas en escena\" \/>\n<meta property=\"og:url\" content=\"https:\/\/schoenstatt.com\/es\/el-festival-internacional-del-encuentro-reune-a-diferentes-naciones-en-schoenstatt\/\" \/>\n<meta property=\"og:site_name\" content=\"Schoenstatt\" \/>\n<meta property=\"article:published_time\" content=\"2024-08-28T09:14:35+00:00\" \/>\n<meta property=\"article:modified_time\" content=\"2025-05-15T16:37:41+00:00\" \/>\n<meta property=\"og:image\" content=\"https:\/\/schoenstatt.com\/wp-content\/uploads\/2024\/08\/International-Encounter-Festival-Fest-der-Begegnung-Schoenstatt-1.jpg\" \/>\n\t<meta property=\"og:image:width\" content=\"1508\" \/>\n\t<meta property=\"og:image:height\" content=\"1063\" \/>\n\t<meta property=\"og:image:type\" content=\"image\/jpeg\" \/>\n<meta name=\"author\" content=\"Karen Bueno\" \/>\n<meta name=\"twitter:card\" content=\"summary_large_image\" \/>\n<meta name=\"twitter:label1\" content=\"Escrito por\" \/>\n\t<meta name=\"twitter:data1\" content=\"Karen Bueno\" \/>\n\t<meta name=\"twitter:label2\" content=\"Tiempo de lectura\" \/>\n\t<meta name=\"twitter:data2\" content=\"4 minutos\" \/>\n<script type=\"application\/ld+json\" class=\"yoast-schema-graph\">{\"@context\":\"https:\\\/\\\/schema.org\",\"@graph\":[{\"@type\":\"Article\",\"@id\":\"https:\\\/\\\/schoenstatt.com\\\/es\\\/el-festival-internacional-del-encuentro-reune-a-diferentes-naciones-en-schoenstatt\\\/#article\",\"isPartOf\":{\"@id\":\"https:\\\/\\\/schoenstatt.com\\\/es\\\/el-festival-internacional-del-encuentro-reune-a-diferentes-naciones-en-schoenstatt\\\/\"},\"author\":{\"name\":\"Karen Bueno\",\"@id\":\"https:\\\/\\\/schoenstatt.com\\\/es\\\/#\\\/schema\\\/person\\\/5158877ad4acae98b34daaeef2a1ce6e\"},\"headline\":\"El Festival Internacional del Encuentro re\u00fane a diferentes naciones en Schoenstatt\",\"datePublished\":\"2024-08-28T09:14:35+00:00\",\"dateModified\":\"2025-05-15T16:37:41+00:00\",\"mainEntityOfPage\":{\"@id\":\"https:\\\/\\\/schoenstatt.com\\\/es\\\/el-festival-internacional-del-encuentro-reune-a-diferentes-naciones-en-schoenstatt\\\/\"},\"wordCount\":618,\"publisher\":{\"@id\":\"https:\\\/\\\/schoenstatt.com\\\/es\\\/#organization\"},\"image\":{\"@id\":\"https:\\\/\\\/schoenstatt.com\\\/es\\\/el-festival-internacional-del-encuentro-reune-a-diferentes-naciones-en-schoenstatt\\\/#primaryimage\"},\"thumbnailUrl\":\"https:\\\/\\\/schoenstatt.com\\\/wp-content\\\/uploads\\\/2024\\\/08\\\/International-Encounter-Festival-Fest-der-Begegnung-Schoenstatt-1.jpg\",\"articleSection\":[\"Europa\",\"Santuario Original\"],\"inLanguage\":\"es\"},{\"@type\":\"WebPage\",\"@id\":\"https:\\\/\\\/schoenstatt.com\\\/es\\\/el-festival-internacional-del-encuentro-reune-a-diferentes-naciones-en-schoenstatt\\\/\",\"url\":\"https:\\\/\\\/schoenstatt.com\\\/es\\\/el-festival-internacional-del-encuentro-reune-a-diferentes-naciones-en-schoenstatt\\\/\",\"name\":\"El Festival Internacional del Encuentro re\u00fane a diferentes naciones en Schoenstatt\",\"isPartOf\":{\"@id\":\"https:\\\/\\\/schoenstatt.com\\\/es\\\/#website\"},\"primaryImageOfPage\":{\"@id\":\"https:\\\/\\\/schoenstatt.com\\\/es\\\/el-festival-internacional-del-encuentro-reune-a-diferentes-naciones-en-schoenstatt\\\/#primaryimage\"},\"image\":{\"@id\":\"https:\\\/\\\/schoenstatt.com\\\/es\\\/el-festival-internacional-del-encuentro-reune-a-diferentes-naciones-en-schoenstatt\\\/#primaryimage\"},\"thumbnailUrl\":\"https:\\\/\\\/schoenstatt.com\\\/wp-content\\\/uploads\\\/2024\\\/08\\\/International-Encounter-Festival-Fest-der-Begegnung-Schoenstatt-1.jpg\",\"datePublished\":\"2024-08-28T09:14:35+00:00\",\"dateModified\":\"2025-05-15T16:37:41+00:00\",\"description\":\"A la sombra del Santuario Original, tiene lugar el Festival del Encuentro, que re\u00fane diferentes culturas y puestas en escena\",\"breadcrumb\":{\"@id\":\"https:\\\/\\\/schoenstatt.com\\\/es\\\/el-festival-internacional-del-encuentro-reune-a-diferentes-naciones-en-schoenstatt\\\/#breadcrumb\"},\"inLanguage\":\"es\",\"potentialAction\":[{\"@type\":\"ReadAction\",\"target\":[\"https:\\\/\\\/schoenstatt.com\\\/es\\\/el-festival-internacional-del-encuentro-reune-a-diferentes-naciones-en-schoenstatt\\\/\"]}]},{\"@type\":\"ImageObject\",\"inLanguage\":\"es\",\"@id\":\"https:\\\/\\\/schoenstatt.com\\\/es\\\/el-festival-internacional-del-encuentro-reune-a-diferentes-naciones-en-schoenstatt\\\/#primaryimage\",\"url\":\"https:\\\/\\\/schoenstatt.com\\\/wp-content\\\/uploads\\\/2024\\\/08\\\/International-Encounter-Festival-Fest-der-Begegnung-Schoenstatt-1.jpg\",\"contentUrl\":\"https:\\\/\\\/schoenstatt.com\\\/wp-content\\\/uploads\\\/2024\\\/08\\\/International-Encounter-Festival-Fest-der-Begegnung-Schoenstatt-1.jpg\",\"width\":1508,\"height\":1063},{\"@type\":\"BreadcrumbList\",\"@id\":\"https:\\\/\\\/schoenstatt.com\\\/es\\\/el-festival-internacional-del-encuentro-reune-a-diferentes-naciones-en-schoenstatt\\\/#breadcrumb\",\"itemListElement\":[{\"@type\":\"ListItem\",\"position\":1,\"name\":\"Portada\",\"item\":\"https:\\\/\\\/schoenstatt.com\\\/es\\\/home\\\/\"},{\"@type\":\"ListItem\",\"position\":2,\"name\":\"El Festival Internacional del Encuentro re\u00fane a diferentes naciones en Schoenstatt\"}]},{\"@type\":\"WebSite\",\"@id\":\"https:\\\/\\\/schoenstatt.com\\\/es\\\/#website\",\"url\":\"https:\\\/\\\/schoenstatt.com\\\/es\\\/\",\"name\":\"Schoenstatt\",\"description\":\"Apostolic Movement\",\"publisher\":{\"@id\":\"https:\\\/\\\/schoenstatt.com\\\/es\\\/#organization\"},\"potentialAction\":[{\"@type\":\"SearchAction\",\"target\":{\"@type\":\"EntryPoint\",\"urlTemplate\":\"https:\\\/\\\/schoenstatt.com\\\/es\\\/?s={search_term_string}\"},\"query-input\":{\"@type\":\"PropertyValueSpecification\",\"valueRequired\":true,\"valueName\":\"search_term_string\"}}],\"inLanguage\":\"es\"},{\"@type\":\"Organization\",\"@id\":\"https:\\\/\\\/schoenstatt.com\\\/es\\\/#organization\",\"name\":\"Schoenstatt\",\"url\":\"https:\\\/\\\/schoenstatt.com\\\/es\\\/\",\"logo\":{\"@type\":\"ImageObject\",\"inLanguage\":\"es\",\"@id\":\"https:\\\/\\\/schoenstatt.com\\\/es\\\/#\\\/schema\\\/logo\\\/image\\\/\",\"url\":\"https:\\\/\\\/schoenstatt.com\\\/wp-content\\\/uploads\\\/2025\\\/04\\\/logo-schoenstatt-white-696x696-1.png\",\"contentUrl\":\"https:\\\/\\\/schoenstatt.com\\\/wp-content\\\/uploads\\\/2025\\\/04\\\/logo-schoenstatt-white-696x696-1.png\",\"width\":696,\"height\":694,\"caption\":\"Schoenstatt\"},\"image\":{\"@id\":\"https:\\\/\\\/schoenstatt.com\\\/es\\\/#\\\/schema\\\/logo\\\/image\\\/\"}},{\"@type\":\"Person\",\"@id\":\"https:\\\/\\\/schoenstatt.com\\\/es\\\/#\\\/schema\\\/person\\\/5158877ad4acae98b34daaeef2a1ce6e\",\"name\":\"Karen Bueno\",\"image\":{\"@type\":\"ImageObject\",\"inLanguage\":\"es\",\"@id\":\"https:\\\/\\\/secure.gravatar.com\\\/avatar\\\/f9f4b823873154269d2b2130f195f6d41037dd0d7fc5f3cacb5c846bae70d66b?s=96&d=mm&r=g\",\"url\":\"https:\\\/\\\/secure.gravatar.com\\\/avatar\\\/f9f4b823873154269d2b2130f195f6d41037dd0d7fc5f3cacb5c846bae70d66b?s=96&d=mm&r=g\",\"contentUrl\":\"https:\\\/\\\/secure.gravatar.com\\\/avatar\\\/f9f4b823873154269d2b2130f195f6d41037dd0d7fc5f3cacb5c846bae70d66b?s=96&d=mm&r=g\",\"caption\":\"Karen Bueno\"},\"url\":\"https:\\\/\\\/schoenstatt.com\\\/es\\\/author\\\/karen-bueno\\\/\"}]}<\/script>\n<!-- \/ Yoast SEO Premium plugin. -->","yoast_head_json":{"title":"El Festival Internacional del Encuentro re\u00fane a diferentes naciones en Schoenstatt","description":"A la sombra del Santuario Original, tiene lugar el Festival del Encuentro, que re\u00fane diferentes culturas y puestas en escena","robots":{"index":"index","follow":"follow","max-snippet":"max-snippet:-1","max-image-preview":"max-image-preview:large","max-video-preview":"max-video-preview:-1"},"canonical":"https:\/\/schoenstatt.com\/es\/el-festival-internacional-del-encuentro-reune-a-diferentes-naciones-en-schoenstatt\/","og_locale":"es_ES","og_type":"article","og_title":"El Festival Internacional del Encuentro re\u00fane a diferentes naciones en Schoenstatt","og_description":"A la sombra del Santuario Original, tiene lugar el Festival del Encuentro, que re\u00fane diferentes culturas y puestas en escena","og_url":"https:\/\/schoenstatt.com\/es\/el-festival-internacional-del-encuentro-reune-a-diferentes-naciones-en-schoenstatt\/","og_site_name":"Schoenstatt","article_published_time":"2024-08-28T09:14:35+00:00","article_modified_time":"2025-05-15T16:37:41+00:00","og_image":[{"width":1508,"height":1063,"url":"https:\/\/schoenstatt.com\/wp-content\/uploads\/2024\/08\/International-Encounter-Festival-Fest-der-Begegnung-Schoenstatt-1.jpg","type":"image\/jpeg"}],"author":"Karen Bueno","twitter_card":"summary_large_image","twitter_misc":{"Escrito por":"Karen Bueno","Tiempo de lectura":"4 minutos"},"schema":{"@context":"https:\/\/schema.org","@graph":[{"@type":"Article","@id":"https:\/\/schoenstatt.com\/es\/el-festival-internacional-del-encuentro-reune-a-diferentes-naciones-en-schoenstatt\/#article","isPartOf":{"@id":"https:\/\/schoenstatt.com\/es\/el-festival-internacional-del-encuentro-reune-a-diferentes-naciones-en-schoenstatt\/"},"author":{"name":"Karen Bueno","@id":"https:\/\/schoenstatt.com\/es\/#\/schema\/person\/5158877ad4acae98b34daaeef2a1ce6e"},"headline":"El Festival Internacional del Encuentro re\u00fane a diferentes naciones en Schoenstatt","datePublished":"2024-08-28T09:14:35+00:00","dateModified":"2025-05-15T16:37:41+00:00","mainEntityOfPage":{"@id":"https:\/\/schoenstatt.com\/es\/el-festival-internacional-del-encuentro-reune-a-diferentes-naciones-en-schoenstatt\/"},"wordCount":618,"publisher":{"@id":"https:\/\/schoenstatt.com\/es\/#organization"},"image":{"@id":"https:\/\/schoenstatt.com\/es\/el-festival-internacional-del-encuentro-reune-a-diferentes-naciones-en-schoenstatt\/#primaryimage"},"thumbnailUrl":"https:\/\/schoenstatt.com\/wp-content\/uploads\/2024\/08\/International-Encounter-Festival-Fest-der-Begegnung-Schoenstatt-1.jpg","articleSection":["Europa","Santuario Original"],"inLanguage":"es"},{"@type":"WebPage","@id":"https:\/\/schoenstatt.com\/es\/el-festival-internacional-del-encuentro-reune-a-diferentes-naciones-en-schoenstatt\/","url":"https:\/\/schoenstatt.com\/es\/el-festival-internacional-del-encuentro-reune-a-diferentes-naciones-en-schoenstatt\/","name":"El Festival Internacional del Encuentro re\u00fane a diferentes naciones en Schoenstatt","isPartOf":{"@id":"https:\/\/schoenstatt.com\/es\/#website"},"primaryImageOfPage":{"@id":"https:\/\/schoenstatt.com\/es\/el-festival-internacional-del-encuentro-reune-a-diferentes-naciones-en-schoenstatt\/#primaryimage"},"image":{"@id":"https:\/\/schoenstatt.com\/es\/el-festival-internacional-del-encuentro-reune-a-diferentes-naciones-en-schoenstatt\/#primaryimage"},"thumbnailUrl":"https:\/\/schoenstatt.com\/wp-content\/uploads\/2024\/08\/International-Encounter-Festival-Fest-der-Begegnung-Schoenstatt-1.jpg","datePublished":"2024-08-28T09:14:35+00:00","dateModified":"2025-05-15T16:37:41+00:00","description":"A la sombra del Santuario Original, tiene lugar el Festival del Encuentro, que re\u00fane diferentes culturas y puestas en escena","breadcrumb":{"@id":"https:\/\/schoenstatt.com\/es\/el-festival-internacional-del-encuentro-reune-a-diferentes-naciones-en-schoenstatt\/#breadcrumb"},"inLanguage":"es","potentialAction":[{"@type":"ReadAction","target":["https:\/\/schoenstatt.com\/es\/el-festival-internacional-del-encuentro-reune-a-diferentes-naciones-en-schoenstatt\/"]}]},{"@type":"ImageObject","inLanguage":"es","@id":"https:\/\/schoenstatt.com\/es\/el-festival-internacional-del-encuentro-reune-a-diferentes-naciones-en-schoenstatt\/#primaryimage","url":"https:\/\/schoenstatt.com\/wp-content\/uploads\/2024\/08\/International-Encounter-Festival-Fest-der-Begegnung-Schoenstatt-1.jpg","contentUrl":"https:\/\/schoenstatt.com\/wp-content\/uploads\/2024\/08\/International-Encounter-Festival-Fest-der-Begegnung-Schoenstatt-1.jpg","width":1508,"height":1063},{"@type":"BreadcrumbList","@id":"https:\/\/schoenstatt.com\/es\/el-festival-internacional-del-encuentro-reune-a-diferentes-naciones-en-schoenstatt\/#breadcrumb","itemListElement":[{"@type":"ListItem","position":1,"name":"Portada","item":"https:\/\/schoenstatt.com\/es\/home\/"},{"@type":"ListItem","position":2,"name":"El Festival Internacional del Encuentro re\u00fane a diferentes naciones en Schoenstatt"}]},{"@type":"WebSite","@id":"https:\/\/schoenstatt.com\/es\/#website","url":"https:\/\/schoenstatt.com\/es\/","name":"Schoenstatt","description":"Apostolic Movement","publisher":{"@id":"https:\/\/schoenstatt.com\/es\/#organization"},"potentialAction":[{"@type":"SearchAction","target":{"@type":"EntryPoint","urlTemplate":"https:\/\/schoenstatt.com\/es\/?s={search_term_string}"},"query-input":{"@type":"PropertyValueSpecification","valueRequired":true,"valueName":"search_term_string"}}],"inLanguage":"es"},{"@type":"Organization","@id":"https:\/\/schoenstatt.com\/es\/#organization","name":"Schoenstatt","url":"https:\/\/schoenstatt.com\/es\/","logo":{"@type":"ImageObject","inLanguage":"es","@id":"https:\/\/schoenstatt.com\/es\/#\/schema\/logo\/image\/","url":"https:\/\/schoenstatt.com\/wp-content\/uploads\/2025\/04\/logo-schoenstatt-white-696x696-1.png","contentUrl":"https:\/\/schoenstatt.com\/wp-content\/uploads\/2025\/04\/logo-schoenstatt-white-696x696-1.png","width":696,"height":694,"caption":"Schoenstatt"},"image":{"@id":"https:\/\/schoenstatt.com\/es\/#\/schema\/logo\/image\/"}},{"@type":"Person","@id":"https:\/\/schoenstatt.com\/es\/#\/schema\/person\/5158877ad4acae98b34daaeef2a1ce6e","name":"Karen Bueno","image":{"@type":"ImageObject","inLanguage":"es","@id":"https:\/\/secure.gravatar.com\/avatar\/f9f4b823873154269d2b2130f195f6d41037dd0d7fc5f3cacb5c846bae70d66b?s=96&d=mm&r=g","url":"https:\/\/secure.gravatar.com\/avatar\/f9f4b823873154269d2b2130f195f6d41037dd0d7fc5f3cacb5c846bae70d66b?s=96&d=mm&r=g","contentUrl":"https:\/\/secure.gravatar.com\/avatar\/f9f4b823873154269d2b2130f195f6d41037dd0d7fc5f3cacb5c846bae70d66b?s=96&d=mm&r=g","caption":"Karen Bueno"},"url":"https:\/\/schoenstatt.com\/es\/author\/karen-bueno\/"}]}},"_links":{"self":[{"href":"https:\/\/schoenstatt.com\/es\/wp-json\/wp\/v2\/posts\/40918","targetHints":{"allow":["GET"]}}],"collection":[{"href":"https:\/\/schoenstatt.com\/es\/wp-json\/wp\/v2\/posts"}],"about":[{"href":"https:\/\/schoenstatt.com\/es\/wp-json\/wp\/v2\/types\/post"}],"author":[{"embeddable":true,"href":"https:\/\/schoenstatt.com\/es\/wp-json\/wp\/v2\/users\/3"}],"replies":[{"embeddable":true,"href":"https:\/\/schoenstatt.com\/es\/wp-json\/wp\/v2\/comments?post=40918"}],"version-history":[{"count":1,"href":"https:\/\/schoenstatt.com\/es\/wp-json\/wp\/v2\/posts\/40918\/revisions"}],"predecessor-version":[{"id":46984,"href":"https:\/\/schoenstatt.com\/es\/wp-json\/wp\/v2\/posts\/40918\/revisions\/46984"}],"wp:featuredmedia":[{"embeddable":true,"href":"https:\/\/schoenstatt.com\/es\/wp-json\/wp\/v2\/media\/40895"}],"wp:attachment":[{"href":"https:\/\/schoenstatt.com\/es\/wp-json\/wp\/v2\/media?parent=40918"}],"wp:term":[{"taxonomy":"category","embeddable":true,"href":"https:\/\/schoenstatt.com\/es\/wp-json\/wp\/v2\/categories?post=40918"},{"taxonomy":"post_tag","embeddable":true,"href":"https:\/\/schoenstatt.com\/es\/wp-json\/wp\/v2\/tags?post=40918"}],"curies":[{"name":"wp","href":"https:\/\/api.w.org\/{rel}","templated":true}]}}