{"id":40797,"date":"2024-08-22T15:32:43","date_gmt":"2024-08-22T13:32:43","guid":{"rendered":"https:\/\/schoenstatt.com\/?p=40797"},"modified":"2025-05-14T23:52:39","modified_gmt":"2025-05-14T21:52:39","slug":"el-papa-francisco-envia-su-bendicion-apostolica-al-nuevo-santuario-de-argentina","status":"publish","type":"post","link":"https:\/\/schoenstatt.com\/es\/el-papa-francisco-envia-su-bendicion-apostolica-al-nuevo-santuario-de-argentina\/","title":{"rendered":"El Papa Francisco env\u00eda su bendici\u00f3n apost\u00f3lica al nuevo Santuario de Argentina"},"content":{"rendered":"\n<p>Con inmensa alegr\u00eda, la Familia de Schoenstatt de <a href=\"https:\/\/www.instagram.com\/schoenstattsanjuan\/\" target=\"_blank\" rel=\"noreferrer noopener\">San Juan<\/a>, Argentina, ha recibido la Bendici\u00f3n Apost\u00f3lica del Papa Francisco, transmitida por el Nuncio Apost\u00f3lico Arz. Miroslav Adamczyk. El mensaje fue presentado el mi\u00e9rcoles 21 de agosto a trav\u00e9s del asesor sanjuanino, P. Jonatan Felix.<\/p>\n\n\n\n<p><em>\u00abEl Santo Padre se une espiritualmente a todos los fieles que participan de la bendici\u00f3n del Santuario en honor de Nuestra Se\u00f1ora Tres Veces Admirable en la Arquidi\u00f3cesis de San Juan de Cuyo\u2026\u00bb<\/em>, dice el texto con la bendici\u00f3n.<\/p>\n\n\n\n<figure class=\"wp-block-image size-large\"><img decoding=\"async\" src=\"https:\/\/schoenstatt.com\/wp-content\/uploads\/2024\/08\/santuario-san-juan-argentina-bendicion-papa-francisco-1024x1024.jpg\" alt=\"\" class=\"wp-image-40791\"\/><\/figure>\n\n\n\n<h2 class=\"wp-block-heading\" id=\"h-surge-un-nuevo-santuario\"><strong>Surge un nuevo Santuario<\/strong><\/h2>\n\n\n\n<p>La bendici\u00f3n del Papa fue enviada en el contexto de la conquista del nuevo Santuario filial de Schoenstatt en San Juan. La ceremonia de inauguraci\u00f3n tendr\u00e1 lugar pr\u00f3ximamente, el 15 de septiembre de 2024.<\/p>\n\n\n\n<p><strong>M\u00e1s informaci\u00f3n aqu\u00ed: <a href=\"https:\/\/schoenstatt.com\/es\/la-cuenta-regresiva-nos-emociona-pronto-tendremos-un-nuevo-santuario\/\">\u00a1La cuenta regresiva nos emociona! Pronto tendremos un nuevo santuario<\/a><\/strong><\/p>\n\n\n\n<figure class=\"wp-block-image size-large\"><img decoding=\"async\" src=\"https:\/\/schoenstatt.com\/wp-content\/uploads\/2024\/08\/santuario-san-juan-argentina-1024x719.jpg\" alt=\"\" class=\"wp-image-40796\"\/><\/figure>\n\n\n\n<p>El lema que une a la Familia de Schoenstatt en esta conquista es la frase: Santuario de Mar\u00eda, milagro de Tu Providencia. Todos est\u00e1n invitados a acompa\u00f1ar este momento de gracia, ya sea f\u00edsica o espiritualmente.<\/p>\n","protected":false},"excerpt":{"rendered":"<p>La Familia de Schoenstatt de San Juan recibi\u00f3 la bendici\u00f3n apost\u00f3lica del Papa Francisco para el nuevo Santuario.<\/p>\n","protected":false},"author":3,"featured_media":40091,"comment_status":"closed","ping_status":"closed","sticky":false,"template":"","format":"standard","meta":{"footnotes":""},"categories":[864],"tags":[],"class_list":["post-40797","post","type-post","status-publish","format-standard","has-post-thumbnail","hentry","category-america-es"],"yoast_head":"<!-- This site is optimized with the Yoast SEO Premium plugin v27.4 (Yoast SEO v27.4) - https:\/\/yoast.com\/product\/yoast-seo-premium-wordpress\/ -->\n<title>El Papa Francisco env\u00eda su bendici\u00f3n apost\u00f3lica al nuevo Santuario de Argentina<\/title>\n<meta name=\"description\" content=\"La Familia de Schoenstatt de San Juan recibi\u00f3 la bendici\u00f3n apost\u00f3lica del Papa Francisco para el nuevo Santuario.\" \/>\n<meta name=\"robots\" content=\"index, follow, max-snippet:-1, max-image-preview:large, max-video-preview:-1\" \/>\n<link rel=\"canonical\" href=\"https:\/\/schoenstatt.com\/es\/el-papa-francisco-envia-su-bendicion-apostolica-al-nuevo-santuario-de-argentina\/\" \/>\n<meta property=\"og:locale\" content=\"es_ES\" \/>\n<meta property=\"og:type\" content=\"article\" \/>\n<meta property=\"og:title\" content=\"El Papa Francisco env\u00eda su bendici\u00f3n apost\u00f3lica al nuevo Santuario de Argentina\" \/>\n<meta property=\"og:description\" content=\"La Familia de Schoenstatt de San Juan recibi\u00f3 la bendici\u00f3n apost\u00f3lica del Papa Francisco para el nuevo Santuario.\" \/>\n<meta property=\"og:url\" content=\"https:\/\/schoenstatt.com\/es\/el-papa-francisco-envia-su-bendicion-apostolica-al-nuevo-santuario-de-argentina\/\" \/>\n<meta property=\"og:site_name\" content=\"Schoenstatt\" \/>\n<meta property=\"article:published_time\" content=\"2024-08-22T13:32:43+00:00\" \/>\n<meta property=\"article:modified_time\" content=\"2025-05-14T21:52:39+00:00\" \/>\n<meta property=\"og:image\" content=\"https:\/\/schoenstatt.com\/wp-content\/uploads\/2024\/07\/santuario-de-schoenstatt-san-juan-argentina-5-1.jpg\" \/>\n\t<meta property=\"og:image:width\" content=\"1968\" \/>\n\t<meta property=\"og:image:height\" content=\"1032\" \/>\n\t<meta property=\"og:image:type\" content=\"image\/jpeg\" \/>\n<meta name=\"author\" content=\"Karen Bueno\" \/>\n<meta name=\"twitter:card\" content=\"summary_large_image\" \/>\n<meta name=\"twitter:label1\" content=\"Escrito por\" \/>\n\t<meta name=\"twitter:data1\" content=\"Karen Bueno\" \/>\n\t<meta name=\"twitter:label2\" content=\"Tiempo de lectura\" \/>\n\t<meta name=\"twitter:data2\" content=\"2 minutos\" \/>\n<script type=\"application\/ld+json\" class=\"yoast-schema-graph\">{\"@context\":\"https:\\\/\\\/schema.org\",\"@graph\":[{\"@type\":\"Article\",\"@id\":\"https:\\\/\\\/schoenstatt.com\\\/es\\\/el-papa-francisco-envia-su-bendicion-apostolica-al-nuevo-santuario-de-argentina\\\/#article\",\"isPartOf\":{\"@id\":\"https:\\\/\\\/schoenstatt.com\\\/es\\\/el-papa-francisco-envia-su-bendicion-apostolica-al-nuevo-santuario-de-argentina\\\/\"},\"author\":{\"name\":\"Karen Bueno\",\"@id\":\"https:\\\/\\\/schoenstatt.com\\\/es\\\/#\\\/schema\\\/person\\\/5158877ad4acae98b34daaeef2a1ce6e\"},\"headline\":\"El Papa Francisco env\u00eda su bendici\u00f3n apost\u00f3lica al nuevo Santuario de Argentina\",\"datePublished\":\"2024-08-22T13:32:43+00:00\",\"dateModified\":\"2025-05-14T21:52:39+00:00\",\"mainEntityOfPage\":{\"@id\":\"https:\\\/\\\/schoenstatt.com\\\/es\\\/el-papa-francisco-envia-su-bendicion-apostolica-al-nuevo-santuario-de-argentina\\\/\"},\"wordCount\":201,\"publisher\":{\"@id\":\"https:\\\/\\\/schoenstatt.com\\\/es\\\/#organization\"},\"image\":{\"@id\":\"https:\\\/\\\/schoenstatt.com\\\/es\\\/el-papa-francisco-envia-su-bendicion-apostolica-al-nuevo-santuario-de-argentina\\\/#primaryimage\"},\"thumbnailUrl\":\"https:\\\/\\\/schoenstatt.com\\\/wp-content\\\/uploads\\\/2024\\\/07\\\/santuario-de-schoenstatt-san-juan-argentina-5-1.jpg\",\"articleSection\":[\"Am\u00e9rica\"],\"inLanguage\":\"es\"},{\"@type\":\"WebPage\",\"@id\":\"https:\\\/\\\/schoenstatt.com\\\/es\\\/el-papa-francisco-envia-su-bendicion-apostolica-al-nuevo-santuario-de-argentina\\\/\",\"url\":\"https:\\\/\\\/schoenstatt.com\\\/es\\\/el-papa-francisco-envia-su-bendicion-apostolica-al-nuevo-santuario-de-argentina\\\/\",\"name\":\"El Papa Francisco env\u00eda su bendici\u00f3n apost\u00f3lica al nuevo Santuario de Argentina\",\"isPartOf\":{\"@id\":\"https:\\\/\\\/schoenstatt.com\\\/es\\\/#website\"},\"primaryImageOfPage\":{\"@id\":\"https:\\\/\\\/schoenstatt.com\\\/es\\\/el-papa-francisco-envia-su-bendicion-apostolica-al-nuevo-santuario-de-argentina\\\/#primaryimage\"},\"image\":{\"@id\":\"https:\\\/\\\/schoenstatt.com\\\/es\\\/el-papa-francisco-envia-su-bendicion-apostolica-al-nuevo-santuario-de-argentina\\\/#primaryimage\"},\"thumbnailUrl\":\"https:\\\/\\\/schoenstatt.com\\\/wp-content\\\/uploads\\\/2024\\\/07\\\/santuario-de-schoenstatt-san-juan-argentina-5-1.jpg\",\"datePublished\":\"2024-08-22T13:32:43+00:00\",\"dateModified\":\"2025-05-14T21:52:39+00:00\",\"description\":\"La Familia de Schoenstatt de San Juan recibi\u00f3 la bendici\u00f3n apost\u00f3lica del Papa Francisco para el nuevo Santuario.\",\"breadcrumb\":{\"@id\":\"https:\\\/\\\/schoenstatt.com\\\/es\\\/el-papa-francisco-envia-su-bendicion-apostolica-al-nuevo-santuario-de-argentina\\\/#breadcrumb\"},\"inLanguage\":\"es\",\"potentialAction\":[{\"@type\":\"ReadAction\",\"target\":[\"https:\\\/\\\/schoenstatt.com\\\/es\\\/el-papa-francisco-envia-su-bendicion-apostolica-al-nuevo-santuario-de-argentina\\\/\"]}]},{\"@type\":\"ImageObject\",\"inLanguage\":\"es\",\"@id\":\"https:\\\/\\\/schoenstatt.com\\\/es\\\/el-papa-francisco-envia-su-bendicion-apostolica-al-nuevo-santuario-de-argentina\\\/#primaryimage\",\"url\":\"https:\\\/\\\/schoenstatt.com\\\/wp-content\\\/uploads\\\/2024\\\/07\\\/santuario-de-schoenstatt-san-juan-argentina-5-1.jpg\",\"contentUrl\":\"https:\\\/\\\/schoenstatt.com\\\/wp-content\\\/uploads\\\/2024\\\/07\\\/santuario-de-schoenstatt-san-juan-argentina-5-1.jpg\",\"width\":1968,\"height\":1032,\"caption\":\"Schoenstatt Shrine in San Juan Argentina\"},{\"@type\":\"BreadcrumbList\",\"@id\":\"https:\\\/\\\/schoenstatt.com\\\/es\\\/el-papa-francisco-envia-su-bendicion-apostolica-al-nuevo-santuario-de-argentina\\\/#breadcrumb\",\"itemListElement\":[{\"@type\":\"ListItem\",\"position\":1,\"name\":\"Portada\",\"item\":\"https:\\\/\\\/schoenstatt.com\\\/es\\\/home\\\/\"},{\"@type\":\"ListItem\",\"position\":2,\"name\":\"El Papa Francisco env\u00eda su bendici\u00f3n apost\u00f3lica al nuevo Santuario de Argentina\"}]},{\"@type\":\"WebSite\",\"@id\":\"https:\\\/\\\/schoenstatt.com\\\/es\\\/#website\",\"url\":\"https:\\\/\\\/schoenstatt.com\\\/es\\\/\",\"name\":\"Schoenstatt\",\"description\":\"Apostolic Movement\",\"publisher\":{\"@id\":\"https:\\\/\\\/schoenstatt.com\\\/es\\\/#organization\"},\"potentialAction\":[{\"@type\":\"SearchAction\",\"target\":{\"@type\":\"EntryPoint\",\"urlTemplate\":\"https:\\\/\\\/schoenstatt.com\\\/es\\\/?s={search_term_string}\"},\"query-input\":{\"@type\":\"PropertyValueSpecification\",\"valueRequired\":true,\"valueName\":\"search_term_string\"}}],\"inLanguage\":\"es\"},{\"@type\":\"Organization\",\"@id\":\"https:\\\/\\\/schoenstatt.com\\\/es\\\/#organization\",\"name\":\"Schoenstatt\",\"url\":\"https:\\\/\\\/schoenstatt.com\\\/es\\\/\",\"logo\":{\"@type\":\"ImageObject\",\"inLanguage\":\"es\",\"@id\":\"https:\\\/\\\/schoenstatt.com\\\/es\\\/#\\\/schema\\\/logo\\\/image\\\/\",\"url\":\"https:\\\/\\\/schoenstatt.com\\\/wp-content\\\/uploads\\\/2025\\\/04\\\/logo-schoenstatt-white-696x696-1.png\",\"contentUrl\":\"https:\\\/\\\/schoenstatt.com\\\/wp-content\\\/uploads\\\/2025\\\/04\\\/logo-schoenstatt-white-696x696-1.png\",\"width\":696,\"height\":694,\"caption\":\"Schoenstatt\"},\"image\":{\"@id\":\"https:\\\/\\\/schoenstatt.com\\\/es\\\/#\\\/schema\\\/logo\\\/image\\\/\"}},{\"@type\":\"Person\",\"@id\":\"https:\\\/\\\/schoenstatt.com\\\/es\\\/#\\\/schema\\\/person\\\/5158877ad4acae98b34daaeef2a1ce6e\",\"name\":\"Karen Bueno\",\"image\":{\"@type\":\"ImageObject\",\"inLanguage\":\"es\",\"@id\":\"https:\\\/\\\/secure.gravatar.com\\\/avatar\\\/f9f4b823873154269d2b2130f195f6d41037dd0d7fc5f3cacb5c846bae70d66b?s=96&d=mm&r=g\",\"url\":\"https:\\\/\\\/secure.gravatar.com\\\/avatar\\\/f9f4b823873154269d2b2130f195f6d41037dd0d7fc5f3cacb5c846bae70d66b?s=96&d=mm&r=g\",\"contentUrl\":\"https:\\\/\\\/secure.gravatar.com\\\/avatar\\\/f9f4b823873154269d2b2130f195f6d41037dd0d7fc5f3cacb5c846bae70d66b?s=96&d=mm&r=g\",\"caption\":\"Karen Bueno\"},\"url\":\"https:\\\/\\\/schoenstatt.com\\\/es\\\/author\\\/karen-bueno\\\/\"}]}<\/script>\n<!-- \/ Yoast SEO Premium plugin. -->","yoast_head_json":{"title":"El Papa Francisco env\u00eda su bendici\u00f3n apost\u00f3lica al nuevo Santuario de Argentina","description":"La Familia de Schoenstatt de San Juan recibi\u00f3 la bendici\u00f3n apost\u00f3lica del Papa Francisco para el nuevo Santuario.","robots":{"index":"index","follow":"follow","max-snippet":"max-snippet:-1","max-image-preview":"max-image-preview:large","max-video-preview":"max-video-preview:-1"},"canonical":"https:\/\/schoenstatt.com\/es\/el-papa-francisco-envia-su-bendicion-apostolica-al-nuevo-santuario-de-argentina\/","og_locale":"es_ES","og_type":"article","og_title":"El Papa Francisco env\u00eda su bendici\u00f3n apost\u00f3lica al nuevo Santuario de Argentina","og_description":"La Familia de Schoenstatt de San Juan recibi\u00f3 la bendici\u00f3n apost\u00f3lica del Papa Francisco para el nuevo Santuario.","og_url":"https:\/\/schoenstatt.com\/es\/el-papa-francisco-envia-su-bendicion-apostolica-al-nuevo-santuario-de-argentina\/","og_site_name":"Schoenstatt","article_published_time":"2024-08-22T13:32:43+00:00","article_modified_time":"2025-05-14T21:52:39+00:00","og_image":[{"width":1968,"height":1032,"url":"https:\/\/schoenstatt.com\/wp-content\/uploads\/2024\/07\/santuario-de-schoenstatt-san-juan-argentina-5-1.jpg","type":"image\/jpeg"}],"author":"Karen Bueno","twitter_card":"summary_large_image","twitter_misc":{"Escrito por":"Karen Bueno","Tiempo de lectura":"2 minutos"},"schema":{"@context":"https:\/\/schema.org","@graph":[{"@type":"Article","@id":"https:\/\/schoenstatt.com\/es\/el-papa-francisco-envia-su-bendicion-apostolica-al-nuevo-santuario-de-argentina\/#article","isPartOf":{"@id":"https:\/\/schoenstatt.com\/es\/el-papa-francisco-envia-su-bendicion-apostolica-al-nuevo-santuario-de-argentina\/"},"author":{"name":"Karen Bueno","@id":"https:\/\/schoenstatt.com\/es\/#\/schema\/person\/5158877ad4acae98b34daaeef2a1ce6e"},"headline":"El Papa Francisco env\u00eda su bendici\u00f3n apost\u00f3lica al nuevo Santuario de Argentina","datePublished":"2024-08-22T13:32:43+00:00","dateModified":"2025-05-14T21:52:39+00:00","mainEntityOfPage":{"@id":"https:\/\/schoenstatt.com\/es\/el-papa-francisco-envia-su-bendicion-apostolica-al-nuevo-santuario-de-argentina\/"},"wordCount":201,"publisher":{"@id":"https:\/\/schoenstatt.com\/es\/#organization"},"image":{"@id":"https:\/\/schoenstatt.com\/es\/el-papa-francisco-envia-su-bendicion-apostolica-al-nuevo-santuario-de-argentina\/#primaryimage"},"thumbnailUrl":"https:\/\/schoenstatt.com\/wp-content\/uploads\/2024\/07\/santuario-de-schoenstatt-san-juan-argentina-5-1.jpg","articleSection":["Am\u00e9rica"],"inLanguage":"es"},{"@type":"WebPage","@id":"https:\/\/schoenstatt.com\/es\/el-papa-francisco-envia-su-bendicion-apostolica-al-nuevo-santuario-de-argentina\/","url":"https:\/\/schoenstatt.com\/es\/el-papa-francisco-envia-su-bendicion-apostolica-al-nuevo-santuario-de-argentina\/","name":"El Papa Francisco env\u00eda su bendici\u00f3n apost\u00f3lica al nuevo Santuario de Argentina","isPartOf":{"@id":"https:\/\/schoenstatt.com\/es\/#website"},"primaryImageOfPage":{"@id":"https:\/\/schoenstatt.com\/es\/el-papa-francisco-envia-su-bendicion-apostolica-al-nuevo-santuario-de-argentina\/#primaryimage"},"image":{"@id":"https:\/\/schoenstatt.com\/es\/el-papa-francisco-envia-su-bendicion-apostolica-al-nuevo-santuario-de-argentina\/#primaryimage"},"thumbnailUrl":"https:\/\/schoenstatt.com\/wp-content\/uploads\/2024\/07\/santuario-de-schoenstatt-san-juan-argentina-5-1.jpg","datePublished":"2024-08-22T13:32:43+00:00","dateModified":"2025-05-14T21:52:39+00:00","description":"La Familia de Schoenstatt de San Juan recibi\u00f3 la bendici\u00f3n apost\u00f3lica del Papa Francisco para el nuevo Santuario.","breadcrumb":{"@id":"https:\/\/schoenstatt.com\/es\/el-papa-francisco-envia-su-bendicion-apostolica-al-nuevo-santuario-de-argentina\/#breadcrumb"},"inLanguage":"es","potentialAction":[{"@type":"ReadAction","target":["https:\/\/schoenstatt.com\/es\/el-papa-francisco-envia-su-bendicion-apostolica-al-nuevo-santuario-de-argentina\/"]}]},{"@type":"ImageObject","inLanguage":"es","@id":"https:\/\/schoenstatt.com\/es\/el-papa-francisco-envia-su-bendicion-apostolica-al-nuevo-santuario-de-argentina\/#primaryimage","url":"https:\/\/schoenstatt.com\/wp-content\/uploads\/2024\/07\/santuario-de-schoenstatt-san-juan-argentina-5-1.jpg","contentUrl":"https:\/\/schoenstatt.com\/wp-content\/uploads\/2024\/07\/santuario-de-schoenstatt-san-juan-argentina-5-1.jpg","width":1968,"height":1032,"caption":"Schoenstatt Shrine in San Juan Argentina"},{"@type":"BreadcrumbList","@id":"https:\/\/schoenstatt.com\/es\/el-papa-francisco-envia-su-bendicion-apostolica-al-nuevo-santuario-de-argentina\/#breadcrumb","itemListElement":[{"@type":"ListItem","position":1,"name":"Portada","item":"https:\/\/schoenstatt.com\/es\/home\/"},{"@type":"ListItem","position":2,"name":"El Papa Francisco env\u00eda su bendici\u00f3n apost\u00f3lica al nuevo Santuario de Argentina"}]},{"@type":"WebSite","@id":"https:\/\/schoenstatt.com\/es\/#website","url":"https:\/\/schoenstatt.com\/es\/","name":"Schoenstatt","description":"Apostolic Movement","publisher":{"@id":"https:\/\/schoenstatt.com\/es\/#organization"},"potentialAction":[{"@type":"SearchAction","target":{"@type":"EntryPoint","urlTemplate":"https:\/\/schoenstatt.com\/es\/?s={search_term_string}"},"query-input":{"@type":"PropertyValueSpecification","valueRequired":true,"valueName":"search_term_string"}}],"inLanguage":"es"},{"@type":"Organization","@id":"https:\/\/schoenstatt.com\/es\/#organization","name":"Schoenstatt","url":"https:\/\/schoenstatt.com\/es\/","logo":{"@type":"ImageObject","inLanguage":"es","@id":"https:\/\/schoenstatt.com\/es\/#\/schema\/logo\/image\/","url":"https:\/\/schoenstatt.com\/wp-content\/uploads\/2025\/04\/logo-schoenstatt-white-696x696-1.png","contentUrl":"https:\/\/schoenstatt.com\/wp-content\/uploads\/2025\/04\/logo-schoenstatt-white-696x696-1.png","width":696,"height":694,"caption":"Schoenstatt"},"image":{"@id":"https:\/\/schoenstatt.com\/es\/#\/schema\/logo\/image\/"}},{"@type":"Person","@id":"https:\/\/schoenstatt.com\/es\/#\/schema\/person\/5158877ad4acae98b34daaeef2a1ce6e","name":"Karen Bueno","image":{"@type":"ImageObject","inLanguage":"es","@id":"https:\/\/secure.gravatar.com\/avatar\/f9f4b823873154269d2b2130f195f6d41037dd0d7fc5f3cacb5c846bae70d66b?s=96&d=mm&r=g","url":"https:\/\/secure.gravatar.com\/avatar\/f9f4b823873154269d2b2130f195f6d41037dd0d7fc5f3cacb5c846bae70d66b?s=96&d=mm&r=g","contentUrl":"https:\/\/secure.gravatar.com\/avatar\/f9f4b823873154269d2b2130f195f6d41037dd0d7fc5f3cacb5c846bae70d66b?s=96&d=mm&r=g","caption":"Karen Bueno"},"url":"https:\/\/schoenstatt.com\/es\/author\/karen-bueno\/"}]}},"_links":{"self":[{"href":"https:\/\/schoenstatt.com\/es\/wp-json\/wp\/v2\/posts\/40797","targetHints":{"allow":["GET"]}}],"collection":[{"href":"https:\/\/schoenstatt.com\/es\/wp-json\/wp\/v2\/posts"}],"about":[{"href":"https:\/\/schoenstatt.com\/es\/wp-json\/wp\/v2\/types\/post"}],"author":[{"embeddable":true,"href":"https:\/\/schoenstatt.com\/es\/wp-json\/wp\/v2\/users\/3"}],"replies":[{"embeddable":true,"href":"https:\/\/schoenstatt.com\/es\/wp-json\/wp\/v2\/comments?post=40797"}],"version-history":[{"count":1,"href":"https:\/\/schoenstatt.com\/es\/wp-json\/wp\/v2\/posts\/40797\/revisions"}],"predecessor-version":[{"id":46966,"href":"https:\/\/schoenstatt.com\/es\/wp-json\/wp\/v2\/posts\/40797\/revisions\/46966"}],"wp:featuredmedia":[{"embeddable":true,"href":"https:\/\/schoenstatt.com\/es\/wp-json\/wp\/v2\/media\/40091"}],"wp:attachment":[{"href":"https:\/\/schoenstatt.com\/es\/wp-json\/wp\/v2\/media?parent=40797"}],"wp:term":[{"taxonomy":"category","embeddable":true,"href":"https:\/\/schoenstatt.com\/es\/wp-json\/wp\/v2\/categories?post=40797"},{"taxonomy":"post_tag","embeddable":true,"href":"https:\/\/schoenstatt.com\/es\/wp-json\/wp\/v2\/tags?post=40797"}],"curies":[{"name":"wp","href":"https:\/\/api.w.org\/{rel}","templated":true}]}}