{"id":40658,"date":"2024-08-20T16:15:30","date_gmt":"2024-08-20T14:15:30","guid":{"rendered":"https:\/\/schoenstatt.com\/?p=40658"},"modified":"2025-05-15T18:48:33","modified_gmt":"2025-05-15T16:48:33","slug":"internacional-en-directo-apertura-del-ano-jubilar-de-la-virgen-peregrina","status":"publish","type":"post","link":"https:\/\/schoenstatt.com\/es\/internacional-en-directo-apertura-del-ano-jubilar-de-la-virgen-peregrina\/","title":{"rendered":"Internacional en directo: Apertura del A\u00f1o Jubilar de la Virgen Peregrina"},"content":{"rendered":"\n<p>Brasil y el mundo se preparan para celebrar la apertura del <a href=\"https:\/\/schoenstatt.com\/es\/invitacion-internacional-hacia-los-75-anos-de-la-campana-de-la-virgen-peregrina\/\">75\u00ba A\u00f1o Jubilar de la Campa\u00f1a de la Virgen Peregrina<\/a>. Para conmemorar esta ocasi\u00f3n especial, el d\u00eda 10 de septiembre, a las 21 horas, seg\u00fan el horario local de Schoenstatt, se realizar\u00e1 un en vivo internacional, con transmisi\u00f3n simult\u00e1nea en varios pa\u00edses, que traer\u00e1 participaciones especiales y muchas sorpresas.<\/p>\n\n\n\n<p>La Hna. M. Marcia Silva, coordinadora del <a href=\"https:\/\/maeperegrina.org.br\/\" target=\"_blank\" rel=\"noreferrer noopener\">Secretariado de la Virgen Peregrina en Atibaia\/SP<\/a>, invita a toda la Familia de Schoenstatt, especialmente a los miembros de la Campa\u00f1a en todo el mundo, a participar de esta gran celebraci\u00f3n. <em>\u201cCon gran alegr\u00eda, invitamos a todos a unirse a nosotros para este vivo internacional, donde nos reuniremos como misioneros de la Virgen Peregrina de varios pa\u00edses para celebrar la apertura del jubileo de la Campa\u00f1a\u201d.<\/em><\/p>\n\n\n\n<p>Este encuentro proporcionar\u00e1 un momento \u00fanico para compartir sobre la misi\u00f3n iniciada por Jo\u00e3o Luiz Pozzobon. <em>\u201cEs emocionante reunirnos y encontrarnos con personas del otro lado del mundo que tambi\u00e9n reciben la visita de la Virgen Peregrina, se alegran con este jubileo y celebran este momento\u201d<\/em>, coment\u00f3 la Hna. M. Marcia.<\/p>\n\n\n\n<h2 class=\"wp-block-heading\" id=\"h-bendicion-desde-el-santuario-original\"><strong>Bendici\u00f3n desde el Santuario Original<\/strong><\/h2>\n\n\n\n<p>La transmisi\u00f3n en vivo tendr\u00e1 lugar en el 74\u00ba aniversario de la Campa\u00f1a y ser\u00e1 transmitida directamente desde el Santuario Original en Schoenstatt, Alemania. El P. Alexandre Awi, presidente de la Presidencia Internacional de Schoenstatt, dirigir\u00e1 la oraci\u00f3n con la bendici\u00f3n y la apertura oficial del jubileo.<\/p>\n\n\n\n<p><em>\u201cContemplaremos las maravillas de la Virgen a trav\u00e9s de los misioneros y familias de la Campa\u00f1a de la Virgen Peregrina en torno a los Santuarios, Ermitas y ermitas dedicados a la Madre y Reina, donde rezaremos la oraci\u00f3n jubilar y cantaremos el lema: \u2018Con la Virgen Peregrina, misioneros de la esperanza\u2019, en diferentes idiomas\u201d<\/em>, explic\u00f3 la coordinadora.<\/p>\n\n\n\n<p>El directo se retransmitir\u00e1 simult\u00e1neamente a las 16h00 en Brasil (21h00 en Alemania). La hora elegida tiene un significado especial, como explica la Hna. M. Marcia:<em> \u201cA las 21h, por tradici\u00f3n en Schoenstatt, el P. Jos\u00e9 Kentenich enviaba una bendici\u00f3n a todos sus hijos espirituales del mundo. Hasta hoy, esta oraci\u00f3n y bendici\u00f3n tiene lugar en el Santuario Original, haciendo que este momento sea especial para Brasil, con la bendici\u00f3n y el env\u00edo para el A\u00f1o Jubilar\u201d.<\/em><\/p>\n\n\n\n<p>En el Santuario Tabor, en Santa Maria\/RS, cuna de la Campa\u00f1a, el hijo de Jo\u00e3o Pozzobon, Humberto Pozzobon, traer\u00e1 testimonios y conducir\u00e1 un momento de oraci\u00f3n junto a la tumba del Siervo de Dios, rezando por su beatificaci\u00f3n y agradeciendo su dedicaci\u00f3n a este apostolado presente en todos los continentes.<\/p>\n\n\n\n<figure class=\"wp-block-image size-large\"><img decoding=\"async\" src=\"https:\/\/schoenstatt.com\/wp-content\/uploads\/2024\/08\/live-pilgrim-mother-1024x576.jpeg\" alt=\"\" class=\"wp-image-40655\"\/><\/figure>\n\n\n\n<h2 class=\"wp-block-heading\" id=\"h-todos-estan-invitados-a-participar\"><strong>Todos est\u00e1n invitados a participar<\/strong><\/h2>\n\n\n\n<p>El \u201clive\u201d internacional ser\u00e1 el gran momento festivo, <em>\u201cque reunir\u00e1 a personas de diferentes partes del mundo para celebrar, dar gracias y declarar oficialmente abierto el A\u00f1o Jubilar de Gracias de la Campa\u00f1a de la Virgen Peregrina. Todo el mundo est\u00e1 invitado a unirse a nosotros\u201d<\/em>, concluy\u00f3 la Hna. M. Marcia.<\/p>\n\n\n\n<h2 class=\"wp-block-heading\" id=\"h-apuntalo-en-tu-agenda\"><strong>\u00a1Ap\u00fantalo en tu agenda!<\/strong><\/h2>\n\n\n\n<p>Live internacional con la apertura del A\u00f1o Jubilar de la Campa\u00f1a del Rosario<\/p>\n\n\n\n<p><strong>Fecha: <\/strong>10 de septiembre<\/p>\n\n\n\n<p><strong>Hora:<\/strong> 21:00 (hora local de Schoenstatt)<\/p>\n\n\n\n<p><strong>Emisi\u00f3n: <\/strong><a href=\"https:\/\/www.youtube.com\/channel\/UCJeqtxYPoHEKHSvtkJ-Tvgw\">Canal YouTube de la Campa\u00f1a de la Virgen Peregrina &#8211; link<\/a><\/p>\n\n\n\n<p><\/p>\n\n\n\n<p><strong>Traducci\u00f3n: <\/strong>Vanessa Franke<\/p>\n","protected":false},"excerpt":{"rendered":"<p>Participe en la apertura internacional del a\u00f1o jubilar de la Campa\u00f1a de la Virgen Peregrina: 75 a\u00f1os de gracias. <\/p>\n","protected":false},"author":3,"featured_media":40652,"comment_status":"closed","ping_status":"closed","sticky":false,"template":"","format":"standard","meta":{"footnotes":""},"categories":[904],"tags":[],"class_list":["post-40658","post","type-post","status-publish","format-standard","has-post-thumbnail","hentry","category-virgen-peregrina-es"],"yoast_head":"<!-- This site is optimized with the Yoast SEO Premium plugin v27.4 (Yoast SEO v27.4) - https:\/\/yoast.com\/product\/yoast-seo-premium-wordpress\/ -->\n<title>Internacional en directo: Apertura del A\u00f1o Jubilar de la Virgen Peregrina<\/title>\n<meta name=\"description\" content=\"Participe en la apertura internacional del a\u00f1o jubilar de la Campa\u00f1a de la Virgen Peregrina: 75 a\u00f1os de gracias.\" \/>\n<meta name=\"robots\" content=\"index, follow, max-snippet:-1, max-image-preview:large, max-video-preview:-1\" \/>\n<link rel=\"canonical\" href=\"https:\/\/schoenstatt.com\/es\/internacional-en-directo-apertura-del-ano-jubilar-de-la-virgen-peregrina\/\" \/>\n<meta property=\"og:locale\" content=\"es_ES\" \/>\n<meta property=\"og:type\" content=\"article\" \/>\n<meta property=\"og:title\" content=\"Internacional en directo: Apertura del A\u00f1o Jubilar de la Virgen Peregrina\" \/>\n<meta property=\"og:description\" content=\"Participe en la apertura internacional del a\u00f1o jubilar de la Campa\u00f1a de la Virgen Peregrina: 75 a\u00f1os de gracias.\" \/>\n<meta property=\"og:url\" content=\"https:\/\/schoenstatt.com\/es\/internacional-en-directo-apertura-del-ano-jubilar-de-la-virgen-peregrina\/\" \/>\n<meta property=\"og:site_name\" content=\"Schoenstatt\" \/>\n<meta property=\"article:published_time\" content=\"2024-08-20T14:15:30+00:00\" \/>\n<meta property=\"article:modified_time\" content=\"2025-05-15T16:48:33+00:00\" \/>\n<meta property=\"og:image\" content=\"https:\/\/schoenstatt.com\/wp-content\/uploads\/2024\/08\/live-pilgrim-mother-1.jpeg\" \/>\n\t<meta property=\"og:image:width\" content=\"1280\" \/>\n\t<meta property=\"og:image:height\" content=\"720\" \/>\n\t<meta property=\"og:image:type\" content=\"image\/jpeg\" \/>\n<meta name=\"author\" content=\"Karen Bueno\" \/>\n<meta name=\"twitter:card\" content=\"summary_large_image\" \/>\n<meta name=\"twitter:label1\" content=\"Escrito por\" \/>\n\t<meta name=\"twitter:data1\" content=\"Karen Bueno\" \/>\n\t<meta name=\"twitter:label2\" content=\"Tiempo de lectura\" \/>\n\t<meta name=\"twitter:data2\" content=\"3 minutos\" \/>\n<script type=\"application\/ld+json\" class=\"yoast-schema-graph\">{\"@context\":\"https:\\\/\\\/schema.org\",\"@graph\":[{\"@type\":\"Article\",\"@id\":\"https:\\\/\\\/schoenstatt.com\\\/es\\\/internacional-en-directo-apertura-del-ano-jubilar-de-la-virgen-peregrina\\\/#article\",\"isPartOf\":{\"@id\":\"https:\\\/\\\/schoenstatt.com\\\/es\\\/internacional-en-directo-apertura-del-ano-jubilar-de-la-virgen-peregrina\\\/\"},\"author\":{\"name\":\"Karen Bueno\",\"@id\":\"https:\\\/\\\/schoenstatt.com\\\/es\\\/#\\\/schema\\\/person\\\/5158877ad4acae98b34daaeef2a1ce6e\"},\"headline\":\"Internacional en directo: Apertura del A\u00f1o Jubilar de la Virgen Peregrina\",\"datePublished\":\"2024-08-20T14:15:30+00:00\",\"dateModified\":\"2025-05-15T16:48:33+00:00\",\"mainEntityOfPage\":{\"@id\":\"https:\\\/\\\/schoenstatt.com\\\/es\\\/internacional-en-directo-apertura-del-ano-jubilar-de-la-virgen-peregrina\\\/\"},\"wordCount\":572,\"publisher\":{\"@id\":\"https:\\\/\\\/schoenstatt.com\\\/es\\\/#organization\"},\"image\":{\"@id\":\"https:\\\/\\\/schoenstatt.com\\\/es\\\/internacional-en-directo-apertura-del-ano-jubilar-de-la-virgen-peregrina\\\/#primaryimage\"},\"thumbnailUrl\":\"https:\\\/\\\/schoenstatt.com\\\/wp-content\\\/uploads\\\/2024\\\/08\\\/live-pilgrim-mother-1.jpeg\",\"articleSection\":[\"Virgen Peregrina\"],\"inLanguage\":\"es\"},{\"@type\":\"WebPage\",\"@id\":\"https:\\\/\\\/schoenstatt.com\\\/es\\\/internacional-en-directo-apertura-del-ano-jubilar-de-la-virgen-peregrina\\\/\",\"url\":\"https:\\\/\\\/schoenstatt.com\\\/es\\\/internacional-en-directo-apertura-del-ano-jubilar-de-la-virgen-peregrina\\\/\",\"name\":\"Internacional en directo: Apertura del A\u00f1o Jubilar de la Virgen Peregrina\",\"isPartOf\":{\"@id\":\"https:\\\/\\\/schoenstatt.com\\\/es\\\/#website\"},\"primaryImageOfPage\":{\"@id\":\"https:\\\/\\\/schoenstatt.com\\\/es\\\/internacional-en-directo-apertura-del-ano-jubilar-de-la-virgen-peregrina\\\/#primaryimage\"},\"image\":{\"@id\":\"https:\\\/\\\/schoenstatt.com\\\/es\\\/internacional-en-directo-apertura-del-ano-jubilar-de-la-virgen-peregrina\\\/#primaryimage\"},\"thumbnailUrl\":\"https:\\\/\\\/schoenstatt.com\\\/wp-content\\\/uploads\\\/2024\\\/08\\\/live-pilgrim-mother-1.jpeg\",\"datePublished\":\"2024-08-20T14:15:30+00:00\",\"dateModified\":\"2025-05-15T16:48:33+00:00\",\"description\":\"Participe en la apertura internacional del a\u00f1o jubilar de la Campa\u00f1a de la Virgen Peregrina: 75 a\u00f1os de gracias.\",\"breadcrumb\":{\"@id\":\"https:\\\/\\\/schoenstatt.com\\\/es\\\/internacional-en-directo-apertura-del-ano-jubilar-de-la-virgen-peregrina\\\/#breadcrumb\"},\"inLanguage\":\"es\",\"potentialAction\":[{\"@type\":\"ReadAction\",\"target\":[\"https:\\\/\\\/schoenstatt.com\\\/es\\\/internacional-en-directo-apertura-del-ano-jubilar-de-la-virgen-peregrina\\\/\"]}]},{\"@type\":\"ImageObject\",\"inLanguage\":\"es\",\"@id\":\"https:\\\/\\\/schoenstatt.com\\\/es\\\/internacional-en-directo-apertura-del-ano-jubilar-de-la-virgen-peregrina\\\/#primaryimage\",\"url\":\"https:\\\/\\\/schoenstatt.com\\\/wp-content\\\/uploads\\\/2024\\\/08\\\/live-pilgrim-mother-1.jpeg\",\"contentUrl\":\"https:\\\/\\\/schoenstatt.com\\\/wp-content\\\/uploads\\\/2024\\\/08\\\/live-pilgrim-mother-1.jpeg\",\"width\":1280,\"height\":720},{\"@type\":\"BreadcrumbList\",\"@id\":\"https:\\\/\\\/schoenstatt.com\\\/es\\\/internacional-en-directo-apertura-del-ano-jubilar-de-la-virgen-peregrina\\\/#breadcrumb\",\"itemListElement\":[{\"@type\":\"ListItem\",\"position\":1,\"name\":\"Portada\",\"item\":\"https:\\\/\\\/schoenstatt.com\\\/es\\\/home\\\/\"},{\"@type\":\"ListItem\",\"position\":2,\"name\":\"Internacional en directo: Apertura del A\u00f1o Jubilar de la Virgen Peregrina\"}]},{\"@type\":\"WebSite\",\"@id\":\"https:\\\/\\\/schoenstatt.com\\\/es\\\/#website\",\"url\":\"https:\\\/\\\/schoenstatt.com\\\/es\\\/\",\"name\":\"Schoenstatt\",\"description\":\"Apostolic Movement\",\"publisher\":{\"@id\":\"https:\\\/\\\/schoenstatt.com\\\/es\\\/#organization\"},\"potentialAction\":[{\"@type\":\"SearchAction\",\"target\":{\"@type\":\"EntryPoint\",\"urlTemplate\":\"https:\\\/\\\/schoenstatt.com\\\/es\\\/?s={search_term_string}\"},\"query-input\":{\"@type\":\"PropertyValueSpecification\",\"valueRequired\":true,\"valueName\":\"search_term_string\"}}],\"inLanguage\":\"es\"},{\"@type\":\"Organization\",\"@id\":\"https:\\\/\\\/schoenstatt.com\\\/es\\\/#organization\",\"name\":\"Schoenstatt\",\"url\":\"https:\\\/\\\/schoenstatt.com\\\/es\\\/\",\"logo\":{\"@type\":\"ImageObject\",\"inLanguage\":\"es\",\"@id\":\"https:\\\/\\\/schoenstatt.com\\\/es\\\/#\\\/schema\\\/logo\\\/image\\\/\",\"url\":\"https:\\\/\\\/schoenstatt.com\\\/wp-content\\\/uploads\\\/2025\\\/04\\\/logo-schoenstatt-white-696x696-1.png\",\"contentUrl\":\"https:\\\/\\\/schoenstatt.com\\\/wp-content\\\/uploads\\\/2025\\\/04\\\/logo-schoenstatt-white-696x696-1.png\",\"width\":696,\"height\":694,\"caption\":\"Schoenstatt\"},\"image\":{\"@id\":\"https:\\\/\\\/schoenstatt.com\\\/es\\\/#\\\/schema\\\/logo\\\/image\\\/\"}},{\"@type\":\"Person\",\"@id\":\"https:\\\/\\\/schoenstatt.com\\\/es\\\/#\\\/schema\\\/person\\\/5158877ad4acae98b34daaeef2a1ce6e\",\"name\":\"Karen Bueno\",\"image\":{\"@type\":\"ImageObject\",\"inLanguage\":\"es\",\"@id\":\"https:\\\/\\\/secure.gravatar.com\\\/avatar\\\/f9f4b823873154269d2b2130f195f6d41037dd0d7fc5f3cacb5c846bae70d66b?s=96&d=mm&r=g\",\"url\":\"https:\\\/\\\/secure.gravatar.com\\\/avatar\\\/f9f4b823873154269d2b2130f195f6d41037dd0d7fc5f3cacb5c846bae70d66b?s=96&d=mm&r=g\",\"contentUrl\":\"https:\\\/\\\/secure.gravatar.com\\\/avatar\\\/f9f4b823873154269d2b2130f195f6d41037dd0d7fc5f3cacb5c846bae70d66b?s=96&d=mm&r=g\",\"caption\":\"Karen Bueno\"},\"url\":\"https:\\\/\\\/schoenstatt.com\\\/es\\\/author\\\/karen-bueno\\\/\"}]}<\/script>\n<!-- \/ Yoast SEO Premium plugin. -->","yoast_head_json":{"title":"Internacional en directo: Apertura del A\u00f1o Jubilar de la Virgen Peregrina","description":"Participe en la apertura internacional del a\u00f1o jubilar de la Campa\u00f1a de la Virgen Peregrina: 75 a\u00f1os de gracias.","robots":{"index":"index","follow":"follow","max-snippet":"max-snippet:-1","max-image-preview":"max-image-preview:large","max-video-preview":"max-video-preview:-1"},"canonical":"https:\/\/schoenstatt.com\/es\/internacional-en-directo-apertura-del-ano-jubilar-de-la-virgen-peregrina\/","og_locale":"es_ES","og_type":"article","og_title":"Internacional en directo: Apertura del A\u00f1o Jubilar de la Virgen Peregrina","og_description":"Participe en la apertura internacional del a\u00f1o jubilar de la Campa\u00f1a de la Virgen Peregrina: 75 a\u00f1os de gracias.","og_url":"https:\/\/schoenstatt.com\/es\/internacional-en-directo-apertura-del-ano-jubilar-de-la-virgen-peregrina\/","og_site_name":"Schoenstatt","article_published_time":"2024-08-20T14:15:30+00:00","article_modified_time":"2025-05-15T16:48:33+00:00","og_image":[{"width":1280,"height":720,"url":"https:\/\/schoenstatt.com\/wp-content\/uploads\/2024\/08\/live-pilgrim-mother-1.jpeg","type":"image\/jpeg"}],"author":"Karen Bueno","twitter_card":"summary_large_image","twitter_misc":{"Escrito por":"Karen Bueno","Tiempo de lectura":"3 minutos"},"schema":{"@context":"https:\/\/schema.org","@graph":[{"@type":"Article","@id":"https:\/\/schoenstatt.com\/es\/internacional-en-directo-apertura-del-ano-jubilar-de-la-virgen-peregrina\/#article","isPartOf":{"@id":"https:\/\/schoenstatt.com\/es\/internacional-en-directo-apertura-del-ano-jubilar-de-la-virgen-peregrina\/"},"author":{"name":"Karen Bueno","@id":"https:\/\/schoenstatt.com\/es\/#\/schema\/person\/5158877ad4acae98b34daaeef2a1ce6e"},"headline":"Internacional en directo: Apertura del A\u00f1o Jubilar de la Virgen Peregrina","datePublished":"2024-08-20T14:15:30+00:00","dateModified":"2025-05-15T16:48:33+00:00","mainEntityOfPage":{"@id":"https:\/\/schoenstatt.com\/es\/internacional-en-directo-apertura-del-ano-jubilar-de-la-virgen-peregrina\/"},"wordCount":572,"publisher":{"@id":"https:\/\/schoenstatt.com\/es\/#organization"},"image":{"@id":"https:\/\/schoenstatt.com\/es\/internacional-en-directo-apertura-del-ano-jubilar-de-la-virgen-peregrina\/#primaryimage"},"thumbnailUrl":"https:\/\/schoenstatt.com\/wp-content\/uploads\/2024\/08\/live-pilgrim-mother-1.jpeg","articleSection":["Virgen Peregrina"],"inLanguage":"es"},{"@type":"WebPage","@id":"https:\/\/schoenstatt.com\/es\/internacional-en-directo-apertura-del-ano-jubilar-de-la-virgen-peregrina\/","url":"https:\/\/schoenstatt.com\/es\/internacional-en-directo-apertura-del-ano-jubilar-de-la-virgen-peregrina\/","name":"Internacional en directo: Apertura del A\u00f1o Jubilar de la Virgen Peregrina","isPartOf":{"@id":"https:\/\/schoenstatt.com\/es\/#website"},"primaryImageOfPage":{"@id":"https:\/\/schoenstatt.com\/es\/internacional-en-directo-apertura-del-ano-jubilar-de-la-virgen-peregrina\/#primaryimage"},"image":{"@id":"https:\/\/schoenstatt.com\/es\/internacional-en-directo-apertura-del-ano-jubilar-de-la-virgen-peregrina\/#primaryimage"},"thumbnailUrl":"https:\/\/schoenstatt.com\/wp-content\/uploads\/2024\/08\/live-pilgrim-mother-1.jpeg","datePublished":"2024-08-20T14:15:30+00:00","dateModified":"2025-05-15T16:48:33+00:00","description":"Participe en la apertura internacional del a\u00f1o jubilar de la Campa\u00f1a de la Virgen Peregrina: 75 a\u00f1os de gracias.","breadcrumb":{"@id":"https:\/\/schoenstatt.com\/es\/internacional-en-directo-apertura-del-ano-jubilar-de-la-virgen-peregrina\/#breadcrumb"},"inLanguage":"es","potentialAction":[{"@type":"ReadAction","target":["https:\/\/schoenstatt.com\/es\/internacional-en-directo-apertura-del-ano-jubilar-de-la-virgen-peregrina\/"]}]},{"@type":"ImageObject","inLanguage":"es","@id":"https:\/\/schoenstatt.com\/es\/internacional-en-directo-apertura-del-ano-jubilar-de-la-virgen-peregrina\/#primaryimage","url":"https:\/\/schoenstatt.com\/wp-content\/uploads\/2024\/08\/live-pilgrim-mother-1.jpeg","contentUrl":"https:\/\/schoenstatt.com\/wp-content\/uploads\/2024\/08\/live-pilgrim-mother-1.jpeg","width":1280,"height":720},{"@type":"BreadcrumbList","@id":"https:\/\/schoenstatt.com\/es\/internacional-en-directo-apertura-del-ano-jubilar-de-la-virgen-peregrina\/#breadcrumb","itemListElement":[{"@type":"ListItem","position":1,"name":"Portada","item":"https:\/\/schoenstatt.com\/es\/home\/"},{"@type":"ListItem","position":2,"name":"Internacional en directo: Apertura del A\u00f1o Jubilar de la Virgen Peregrina"}]},{"@type":"WebSite","@id":"https:\/\/schoenstatt.com\/es\/#website","url":"https:\/\/schoenstatt.com\/es\/","name":"Schoenstatt","description":"Apostolic Movement","publisher":{"@id":"https:\/\/schoenstatt.com\/es\/#organization"},"potentialAction":[{"@type":"SearchAction","target":{"@type":"EntryPoint","urlTemplate":"https:\/\/schoenstatt.com\/es\/?s={search_term_string}"},"query-input":{"@type":"PropertyValueSpecification","valueRequired":true,"valueName":"search_term_string"}}],"inLanguage":"es"},{"@type":"Organization","@id":"https:\/\/schoenstatt.com\/es\/#organization","name":"Schoenstatt","url":"https:\/\/schoenstatt.com\/es\/","logo":{"@type":"ImageObject","inLanguage":"es","@id":"https:\/\/schoenstatt.com\/es\/#\/schema\/logo\/image\/","url":"https:\/\/schoenstatt.com\/wp-content\/uploads\/2025\/04\/logo-schoenstatt-white-696x696-1.png","contentUrl":"https:\/\/schoenstatt.com\/wp-content\/uploads\/2025\/04\/logo-schoenstatt-white-696x696-1.png","width":696,"height":694,"caption":"Schoenstatt"},"image":{"@id":"https:\/\/schoenstatt.com\/es\/#\/schema\/logo\/image\/"}},{"@type":"Person","@id":"https:\/\/schoenstatt.com\/es\/#\/schema\/person\/5158877ad4acae98b34daaeef2a1ce6e","name":"Karen Bueno","image":{"@type":"ImageObject","inLanguage":"es","@id":"https:\/\/secure.gravatar.com\/avatar\/f9f4b823873154269d2b2130f195f6d41037dd0d7fc5f3cacb5c846bae70d66b?s=96&d=mm&r=g","url":"https:\/\/secure.gravatar.com\/avatar\/f9f4b823873154269d2b2130f195f6d41037dd0d7fc5f3cacb5c846bae70d66b?s=96&d=mm&r=g","contentUrl":"https:\/\/secure.gravatar.com\/avatar\/f9f4b823873154269d2b2130f195f6d41037dd0d7fc5f3cacb5c846bae70d66b?s=96&d=mm&r=g","caption":"Karen Bueno"},"url":"https:\/\/schoenstatt.com\/es\/author\/karen-bueno\/"}]}},"_links":{"self":[{"href":"https:\/\/schoenstatt.com\/es\/wp-json\/wp\/v2\/posts\/40658","targetHints":{"allow":["GET"]}}],"collection":[{"href":"https:\/\/schoenstatt.com\/es\/wp-json\/wp\/v2\/posts"}],"about":[{"href":"https:\/\/schoenstatt.com\/es\/wp-json\/wp\/v2\/types\/post"}],"author":[{"embeddable":true,"href":"https:\/\/schoenstatt.com\/es\/wp-json\/wp\/v2\/users\/3"}],"replies":[{"embeddable":true,"href":"https:\/\/schoenstatt.com\/es\/wp-json\/wp\/v2\/comments?post=40658"}],"version-history":[{"count":1,"href":"https:\/\/schoenstatt.com\/es\/wp-json\/wp\/v2\/posts\/40658\/revisions"}],"predecessor-version":[{"id":46963,"href":"https:\/\/schoenstatt.com\/es\/wp-json\/wp\/v2\/posts\/40658\/revisions\/46963"}],"wp:featuredmedia":[{"embeddable":true,"href":"https:\/\/schoenstatt.com\/es\/wp-json\/wp\/v2\/media\/40652"}],"wp:attachment":[{"href":"https:\/\/schoenstatt.com\/es\/wp-json\/wp\/v2\/media?parent=40658"}],"wp:term":[{"taxonomy":"category","embeddable":true,"href":"https:\/\/schoenstatt.com\/es\/wp-json\/wp\/v2\/categories?post=40658"},{"taxonomy":"post_tag","embeddable":true,"href":"https:\/\/schoenstatt.com\/es\/wp-json\/wp\/v2\/tags?post=40658"}],"curies":[{"name":"wp","href":"https:\/\/api.w.org\/{rel}","templated":true}]}}