{"id":40608,"date":"2024-08-18T03:03:00","date_gmt":"2024-08-18T01:03:00","guid":{"rendered":"https:\/\/schoenstatt.com\/?p=40608"},"modified":"2025-05-15T01:35:11","modified_gmt":"2025-05-14T23:35:11","slug":"la-alianza-de-amor-es-fuente-de-alegria","status":"publish","type":"post","link":"https:\/\/schoenstatt.com\/es\/la-alianza-de-amor-es-fuente-de-alegria\/","title":{"rendered":"La alianza de amor es fuente de alegr\u00eda"},"content":{"rendered":"\n<h2 class=\"wp-block-heading\" id=\"h-la-alegria-en-tiempos-dificiles\"><strong>La alegr\u00eda en tiempos dif\u00edciles<\/strong><\/h2>\n\n\n\n<p>Cada d\u00eda, vemos en los medios de comunicaci\u00f3n y en las redes sociales diversas noticias y sucesos que tienen que ver con problemas graves de la sociedad y el mundo actual, crisis econ\u00f3micas y sociales. El hambre, la pobreza no solo de recursos econ\u00f3micos, la emergencia clim\u00e1tica, los conflictos y guerras en distintos lugares del mundo, con todo lo que ello implica. El racismo, la discriminaci\u00f3n y tantos otros problemas que nos causan des\u00e1nimo frente a las dificultades y adversidades, nos traen inseguridades y preocupaciones.<\/p>\n\n\n\n<p>La alegr\u00eda en tiempos dif\u00edciles deber\u00eda ser una caracter\u00edstica y advertirse en todo cristiano. El P. Kentenich afirmaba que en un ambiente de alegr\u00eda crecen todas las virtudes.<\/p>\n\n\n\n<p>El hombre de hoy sufre un fuerte desarraigo espiritual, sin saber d\u00f3nde centrar su esp\u00edritu. Aparecen las inseguridades e incertidumbres, la falta de sentir y experimentar hogar en su propio coraz\u00f3n y en el de otros.<\/p>\n\n\n\n<p>El Padre Kentenich nos dice que el ser humano no puede existir sin la alegr\u00eda y la felicidad.<\/p>\n\n\n\n<p>Esta realidad nos invita a vivir en profundidad nuestra alianza de amor, a cultivar una esperanza y confianza en la Mater m\u00e1s heroica y magn\u00e1nima, nos desaf\u00eda a encarnar una alegr\u00eda anclada en Mar\u00eda.<\/p>\n\n\n\n<h2 class=\"wp-block-heading\" id=\"h-no-podemos-privarnos-de-la-alegria\"><strong>No podemos privarnos de la alegr\u00eda<\/strong><\/h2>\n\n\n\n<p>Los aliados de Mar\u00eda no podemos privarnos de la alegr\u00eda y vivir con des\u00e1nimo y frustraciones. Debemos cultivar la alegr\u00eda en todo momento y circunstancia, priorizando lo que somos y no lo que tenemos.<\/p>\n\n\n\n<p>El Santuario es nuestro hogar. All\u00ed Mar\u00eda, mediadora de todas las gracias, nos regala su coraz\u00f3n maternal y espera nuestra entrega y fidelidad. Mar\u00eda, madre y educadora, act\u00faa en una triple dimensi\u00f3n a trav\u00e9s de las tres gracias del Santuario (cobijamiento espiritual, transformaci\u00f3n interior, esp\u00edritu apost\u00f3lico).<\/p>\n\n\n\n<h2 class=\"wp-block-heading\" id=\"h-la-alianza-fuente-de-alegria\"><strong>La alianza, fuente de alegr\u00eda<\/strong><\/h2>\n\n\n\n<p>Los tiempos de fundaci\u00f3n de Schoenstatt tambi\u00e9n eran tiempos dif\u00edciles -conocemos la historia-, el Padre Kentenich supo escuchar e interpretar la voz y los deseos de Dios. El fundador nos dice que el ser humano no puede existir sin la alegr\u00eda, sin la felicidad. \u201cEl que no cultiva la alegr\u00eda, echa a perder su car\u00e1cter hasta la m\u00e9dula\u201d.<\/p>\n\n\n\n<p>Junto a los j\u00f3venes, sell\u00f3 una alianza con Mar\u00eda pidi\u00e9ndole que se estableciera en el Santuario, convirti\u00e9ndolo en un lugar de gracias. La Alianza de Amor es una forma original de vivir nuestra alianza bautismal, \u201cla fuente de vitalidad y centro de la espiritualidad de Schoenstatt\u201d.<\/p>\n\n\n\n<p>Mar\u00eda es el medio m\u00e1s r\u00e1pido y seguro para acercarnos a la Sant\u00edsima Trinidad. Ella vivi\u00f3 en permanente alegr\u00eda, aun en los momentos de sufrimiento, transformando el dolor en gozo, dif\u00edcil de lograr, pero posible en la fecundidad de la Alianza de Amor.<\/p>\n\n\n\n<figure class=\"wp-block-image size-large is-resized\"><img decoding=\"async\" src=\"https:\/\/schoenstatt.com\/wp-content\/uploads\/2024\/06\/juentud-youth-jugend-1-768x1024.jpg\" alt=\"\" class=\"wp-image-39559\" style=\"width:541px;height:auto\"\/><\/figure>\n\n\n\n<h2 class=\"wp-block-heading\" id=\"h-el-amor-trae-la-alegria-la-alegria-es-fruto-del-amor\"><strong>El amor trae la alegr\u00eda, la alegr\u00eda es fruto del amor<\/strong><\/h2>\n\n\n\n<p>El Padre Kentenich nos dice que el amor es la varita m\u00e1gica capaz de transformar cualquier tristeza en alegr\u00eda. La alianza con la Mater es una Alianza de Amor, ella nos cobija y transforma nuestras penas en alegr\u00edas. La Alianza de Amor nos regala la alegr\u00eda de vivir.<\/p>\n\n\n\n<p>Podemos preguntarnos: \u00bfSoy alegre y optimista, viendo el lado positivo o bueno de las cosas? \u00bfSoy pesimista o dependiente en todo momento de mi estado de \u00e1nimo? En mi familia, trabajo, apostolado y ambientes en los que me muevo \u00bfsoy motivo de alegr\u00eda y felicidad? \u00bfQu\u00e9 actitudes cultivo para que la Alianza de Amor sea fuente de alegr\u00eda en mi vida?<\/p>\n\n\n\n<p>La alegr\u00eda del cristiano es fruto del Esp\u00edritu Santo. San Pablo dice a los G\u00e1latas que el fruto del accionar del Esp\u00edritu Santo es el amor, la alegr\u00eda y la paz (Gal.5,22).<\/p>\n\n\n\n<h2 class=\"wp-block-heading\" id=\"h-modelos-de-alegria\"><strong>Modelos de alegr\u00eda<\/strong><\/h2>\n\n\n\n<p>\u00bfQu\u00e9 modelos tenemos a imitar, para conquistar y cultivar la actitud de la alegr\u00eda en forma permanente?<\/p>\n\n\n\n<p><strong>Jesucristo<\/strong>, el gran maestro de la alegr\u00eda.<\/p>\n\n\n\n<p><em>\u201cLa alegr\u00eda del Evangelio llena el coraz\u00f3n y la vida entera de los que se encuentran con Jes\u00fas. Quienes se dejan salvar por \u00c9l son liberados del pecado, de la tristeza, del vac\u00edo interior, del aislamiento. Con Jesucristo siempre nace y renace la alegr\u00eda. En esta Exhortaci\u00f3n quiero dirigirme a los fieles cristianos para invitarlos a una nueva etapa evangelizadora marcada por esa alegr\u00eda, e indicar caminos para la marcha de la Iglesia en los pr\u00f3ximos a\u00f1os\u201d<\/em>. As\u00ed comienza el Papa Francisco la <a href=\"https:\/\/www.vatican.va\/content\/francesco\/es\/apost_exhortations\/documents\/papa-francesco_esortazione-ap_20131124_evangelii-gaudium.html\">Exhortaci\u00f3n Apost\u00f3lica Evangelii Gaudium<\/a>, recordando el papel misionero que tiene la Iglesia. En el encuentro y descubrimiento de la persona de Jes\u00fas, Dios hecho hombre, est\u00e1 nuestra salvaci\u00f3n y con ella, nuestra alegr\u00eda.<\/p>\n\n\n\n<p><em>La paz os dejo, mi paz os doy. (Jn 14,27)<\/em><\/p>\n\n\n\n<p><em>Os he dicho estas cosas para que mi alegr\u00eda est\u00e9 dentro de vosotros y vuestra alegr\u00eda sea completa. (Jn 15,11)<\/em><\/p>\n\n\n\n<p><em>\u2026pero vuestra tristeza se cambiar\u00e1 en alegr\u00eda. (Jn 16,20)<\/em><\/p>\n\n\n\n<p><em>As\u00ed tambi\u00e9n vosotros est\u00e1is ahora tristes, pero yo os ver\u00e9 otra vez y vuestro coraz\u00f3n se alegrar\u00e1, y nadie os quitar\u00e1 ya vuestra alegr\u00eda. (Jn 16,22)<\/em><\/p>\n\n\n\n<p>La <strong>Virgen Mar\u00eda<\/strong><\/p>\n\n\n\n<p>Mar\u00eda es modelo de alegr\u00eda. En el Magn\u00edficat, vemos una manifestaci\u00f3n de su gozo y j\u00fabilo interior: \u00abAlaba mi alma la grandeza del Se\u00f1or y se alegra mi esp\u00edritu en Dios mi Salvador.\u00bb Mar\u00eda muestra c\u00f3mo debe ser nuestra alegr\u00eda, una alegr\u00eda nacida del interior. Alegr\u00eda y admiraci\u00f3n por lo que Dios realiza en nosotros y a trav\u00e9s de nosotros. Mar\u00eda, la hija fiel, confiada y alegre colaboradora del amor del Padre.<\/p>\n\n\n\n<p>El Padre Kentenich nos invita a meditar la vida de Mar\u00eda, su alegr\u00eda, a la luz de los misterios del rosario.<\/p>\n\n\n\n<p>La alegr\u00eda de Mar\u00eda: <strong>\u00a1Fiat!<\/strong> Es el himno a la obediencia y el himno de la alegr\u00eda.<\/p>\n\n\n\n<p>Cuando amamos a Mar\u00eda y vivimos la Alianza de Amor, podemos afirmar que ella es \u00abcausa de nuestra alegr\u00eda\u00bb.<\/p>\n\n\n\n<p>El <strong>Padre Jos\u00e9 Kentenich<\/strong><\/p>\n\n\n\n<p>El fundador de la obra de Schoenstatt es otro modelo a imitar de una aut\u00e9ntica alegr\u00eda. <em>\u201cSabemos que su vida fue una continua alegr\u00eda, porque estaba \u00edntimamente unido a la fuente de ella que es Dios. Tuvo muchos de estos rasgos que ayudan a cultivar la alegr\u00eda: Era capaz de admirarse, tener respeto y cari\u00f1o frente a las cosas y especialmente frente a las personas. Sab\u00eda gozar con la originalidad de cada persona. Era capaz de hacerse ni\u00f1o con los ni\u00f1os, tonto con los tontos, sabio con los sabios. Gozaba con el m\u00e1s m\u00ednimo detalle, con las cosas peque\u00f1as de la vida diaria: sab\u00eda descubrirle lo bueno, lo positivo, lo gracioso. Sab\u00eda tambi\u00e9n re\u00edrse a carcajadas. En una palabra: fue una de las personas que supo encontrarle el sabor verdadero a la vida\u201d<\/em> (Reflexiones Padre Nicol\u00e1s Schwizer).<\/p>\n\n\n\n<figure class=\"wp-block-image size-large\"><img decoding=\"async\" src=\"https:\/\/schoenstatt.com\/wp-content\/uploads\/2024\/08\/kentenich-jk-1024x576.jpg\" alt=\"\" class=\"wp-image-40607\"\/><\/figure>\n\n\n\n<p>Los <strong>Santos<\/strong><\/p>\n\n\n\n<p>Los santos tambi\u00e9n son modelos de alegr\u00eda. En el proceso de canonizaci\u00f3n, se examinan sus virtudes y su grado de hero\u00edsmo en la alegr\u00eda. Los seguidores de Jes\u00fas tienen que ser alegres e irradiar su alegr\u00eda en todo lugar, circunstancia y ante quienes los rodean.<\/p>\n\n\n\n<h2 class=\"wp-block-heading\" id=\"h-la-alegria-de-la-alianza-nos-impulsa-al-apostolado\"><strong>La alegr\u00eda de la alianza nos impulsa al apostolado<\/strong><\/h2>\n\n\n\n<p>Con la alegr\u00eda de vivir en profundidad la Alianza de Amor, crece en nosotros una fuerte conciencia de misi\u00f3n. Conciencia de instrumento, para colaborar con Mar\u00eda en la renovaci\u00f3n religioso-moral del mundo.<\/p>\n\n\n\n<p>Nuestro apostolado, en cualquiera de los \u00e1mbitos posibles, exige transmitir el carisma de Schoenstatt; nosotros somos instrumentos y como schoenstattianos debemos realizar nuestro apostolado, transmitiendo el carisma de Schoenstatt, mostrando la riqueza de nuestro Movimiento. Ser fieles al carisma querido por Dios para el Padre Kentenich y que nosotros recibimos como herencia.<\/p>\n\n\n\n<p>Es importante que podamos transmitir la alegr\u00eda en cada una de nuestras tareas apost\u00f3licas, personales o comunitarias.<\/p>\n\n\n\n<h2 class=\"wp-block-heading\" id=\"h-la-alegria-de-la-esperanza-la-confianza-y-la-fe-practica-en-la-divina-providencia\"><strong>La alegr\u00eda de la esperanza, la confianza y la fe pr\u00e1ctica en la Divina Providencia<\/strong><\/h2>\n\n\n\n<p>Quisiera destinar unas l\u00edneas a lo recientemente <a href=\"https:\/\/schoenstatt.com\/es\/catastrofe-natural-una-tormenta-causa-graves-danos-en-el-santuario-de-bellavista\/\">sucedido en el Santuario Cen\u00e1culo de Bellavista<\/a>, hace apenas unas semanas, cuando Chile sufri\u00f3 un fuerte temporal. Nos solidarizamos con todos los damnificados por ese fen\u00f3meno clim\u00e1tico. Im\u00e1genes impactantes mostraron los da\u00f1os en torno al Santuario y al Santuario mismo.<\/p>\n\n\n\n<p>A\u00fan brillan los d\u00edas de cielo compartidos en el jubileo del 31 de mayo, seguramente para todos, especialmente para aquellos que pudimos participar en forma presencial. Lo ocurrido es todo un misterio, luego de todo lo vivido, enfrentarnos esta realidad que, aunque parezca distinta, tiene mucho en com\u00fan. La fidelidad y la victoriosidad siguen de pie, fundidas en la Alianza de Amor que perdura y se sobrepone a todas las pruebas.<\/p>\n\n\n\n<p>Una vez m\u00e1s, la familia local e internacional es probada, la respuesta: renovar la Alianza de Amor, para reconstruir el Santuario a la luz de la fe en la Divina Providencia, decirle a la Mater: <em>\u00abNada sin ti, nada sin nosotros\u00bb.<\/em><\/p>\n\n\n\n<p><em>Vamos el uno en el otro hacia el coraz\u00f3n de Dios<\/em><\/p>\n\n\n\n<p>El Padre Kentenich, en medio de las penurias del campo de concentraci\u00f3n de Dachau, por el poder de la alegr\u00eda pudo transformar ese infierno:<\/p>\n\n\n\n<p>\u00bfConoces aquella tierra transida de alegr\u00eda,<br>porque en ella el Sol nunca tiene ocaso:<br>donde los corazones viven en el reposo por la posesi\u00f3n de los bienes eternos;<br>donde los abundantes dones de Dios reconfortan el coraz\u00f3n y la voluntad;<br>donde el amor, como una vara m\u00e1gica, transforma con prontitud la tristeza en alegr\u00eda?<br>Yo conozco esa maravillosa tierra: es la pradera asoleada con los resplandores del Tabor,<br>donde reina nuestra Se\u00f1ora tres veces Admirable en la porci\u00f3n de sus hijos escogidos,<br>donde retribuye fielmente los dones de amor manifestando su gloria<br>y regalando una fecundidad ilimitada.<br>\u00a1Es mi terru\u00f1o, es mi tierra de Schoenstatt! (603)<\/p>\n\n\n\n<p>\u00a1Recorramos juntos el camino de la alegr\u00eda, vivamos la Alianza de Amor!<\/p>\n\n\n\n<p><strong>Matilde Celina Di Battista<\/strong><br>Representante de la Federaci\u00f3n Apost\u00f3lica de Madres en la Presidencia Internacional de Schoenstatt<\/p>\n","protected":false},"excerpt":{"rendered":"<p>Vivir la Alianza de Amor es sin\u00f3nimo de estar alegre, porque la alegr\u00eda es fruto de la confianza filial y de la entrega en el amor             <\/p>\n","protected":false},"author":3,"featured_media":40600,"comment_status":"closed","ping_status":"closed","sticky":false,"template":"","format":"standard","meta":{"footnotes":""},"categories":[917],"tags":[],"class_list":["post-40608","post","type-post","status-publish","format-standard","has-post-thumbnail","hentry","category-espiritualidad-es"],"yoast_head":"<!-- This site is optimized with the Yoast SEO Premium plugin v27.4 (Yoast SEO v27.5) - https:\/\/yoast.com\/product\/yoast-seo-premium-wordpress\/ -->\n<title>La alianza de amor es fuente de alegr\u00eda - Schoenstatt<\/title>\n<meta name=\"description\" content=\"Vivir la Alianza de Amor es sin\u00f3nimo de estar alegre, porque la alegr\u00eda es fruto de la confianza filial y de la entrega en el amor\" \/>\n<meta name=\"robots\" content=\"index, follow, max-snippet:-1, max-image-preview:large, max-video-preview:-1\" \/>\n<link rel=\"canonical\" href=\"https:\/\/schoenstatt.com\/es\/la-alianza-de-amor-es-fuente-de-alegria\/\" \/>\n<meta property=\"og:locale\" content=\"es_ES\" \/>\n<meta property=\"og:type\" content=\"article\" \/>\n<meta property=\"og:title\" content=\"La alianza de amor es fuente de alegr\u00eda\" \/>\n<meta property=\"og:description\" content=\"Vivir la Alianza de Amor es sin\u00f3nimo de estar alegre, porque la alegr\u00eda es fruto de la confianza filial y de la entrega en el amor\" \/>\n<meta property=\"og:url\" content=\"https:\/\/schoenstatt.com\/es\/la-alianza-de-amor-es-fuente-de-alegria\/\" \/>\n<meta property=\"og:site_name\" content=\"Schoenstatt\" \/>\n<meta property=\"article:published_time\" content=\"2024-08-18T01:03:00+00:00\" \/>\n<meta property=\"article:modified_time\" content=\"2025-05-14T23:35:11+00:00\" \/>\n<meta property=\"og:image\" content=\"https:\/\/schoenstatt.com\/wp-content\/uploads\/2024\/08\/heiligtum-shrine-santuario-suiza-sweiz-1.jpg\" \/>\n\t<meta property=\"og:image:width\" content=\"2048\" \/>\n\t<meta property=\"og:image:height\" content=\"1365\" \/>\n\t<meta property=\"og:image:type\" content=\"image\/jpeg\" \/>\n<meta name=\"author\" content=\"Karen Bueno\" \/>\n<meta name=\"twitter:card\" content=\"summary_large_image\" \/>\n<meta name=\"twitter:label1\" content=\"Escrito por\" \/>\n\t<meta name=\"twitter:data1\" content=\"Karen Bueno\" \/>\n\t<meta name=\"twitter:label2\" content=\"Tiempo de lectura\" \/>\n\t<meta name=\"twitter:data2\" content=\"8 minutos\" \/>\n<script type=\"application\/ld+json\" class=\"yoast-schema-graph\">{\"@context\":\"https:\\\/\\\/schema.org\",\"@graph\":[{\"@type\":\"Article\",\"@id\":\"https:\\\/\\\/schoenstatt.com\\\/es\\\/la-alianza-de-amor-es-fuente-de-alegria\\\/#article\",\"isPartOf\":{\"@id\":\"https:\\\/\\\/schoenstatt.com\\\/es\\\/la-alianza-de-amor-es-fuente-de-alegria\\\/\"},\"author\":{\"name\":\"Karen Bueno\",\"@id\":\"https:\\\/\\\/schoenstatt.com\\\/es\\\/#\\\/schema\\\/person\\\/5158877ad4acae98b34daaeef2a1ce6e\"},\"headline\":\"La alianza de amor es fuente de alegr\u00eda\",\"datePublished\":\"2024-08-18T01:03:00+00:00\",\"dateModified\":\"2025-05-14T23:35:11+00:00\",\"mainEntityOfPage\":{\"@id\":\"https:\\\/\\\/schoenstatt.com\\\/es\\\/la-alianza-de-amor-es-fuente-de-alegria\\\/\"},\"wordCount\":1751,\"publisher\":{\"@id\":\"https:\\\/\\\/schoenstatt.com\\\/es\\\/#organization\"},\"image\":{\"@id\":\"https:\\\/\\\/schoenstatt.com\\\/es\\\/la-alianza-de-amor-es-fuente-de-alegria\\\/#primaryimage\"},\"thumbnailUrl\":\"https:\\\/\\\/schoenstatt.com\\\/wp-content\\\/uploads\\\/2024\\\/08\\\/heiligtum-shrine-santuario-suiza-sweiz-1.jpg\",\"articleSection\":[\"Espiritualidad\"],\"inLanguage\":\"es\"},{\"@type\":\"WebPage\",\"@id\":\"https:\\\/\\\/schoenstatt.com\\\/es\\\/la-alianza-de-amor-es-fuente-de-alegria\\\/\",\"url\":\"https:\\\/\\\/schoenstatt.com\\\/es\\\/la-alianza-de-amor-es-fuente-de-alegria\\\/\",\"name\":\"La alianza de amor es fuente de alegr\u00eda - Schoenstatt\",\"isPartOf\":{\"@id\":\"https:\\\/\\\/schoenstatt.com\\\/es\\\/#website\"},\"primaryImageOfPage\":{\"@id\":\"https:\\\/\\\/schoenstatt.com\\\/es\\\/la-alianza-de-amor-es-fuente-de-alegria\\\/#primaryimage\"},\"image\":{\"@id\":\"https:\\\/\\\/schoenstatt.com\\\/es\\\/la-alianza-de-amor-es-fuente-de-alegria\\\/#primaryimage\"},\"thumbnailUrl\":\"https:\\\/\\\/schoenstatt.com\\\/wp-content\\\/uploads\\\/2024\\\/08\\\/heiligtum-shrine-santuario-suiza-sweiz-1.jpg\",\"datePublished\":\"2024-08-18T01:03:00+00:00\",\"dateModified\":\"2025-05-14T23:35:11+00:00\",\"description\":\"Vivir la Alianza de Amor es sin\u00f3nimo de estar alegre, porque la alegr\u00eda es fruto de la confianza filial y de la entrega en el amor\",\"breadcrumb\":{\"@id\":\"https:\\\/\\\/schoenstatt.com\\\/es\\\/la-alianza-de-amor-es-fuente-de-alegria\\\/#breadcrumb\"},\"inLanguage\":\"es\",\"potentialAction\":[{\"@type\":\"ReadAction\",\"target\":[\"https:\\\/\\\/schoenstatt.com\\\/es\\\/la-alianza-de-amor-es-fuente-de-alegria\\\/\"]}]},{\"@type\":\"ImageObject\",\"inLanguage\":\"es\",\"@id\":\"https:\\\/\\\/schoenstatt.com\\\/es\\\/la-alianza-de-amor-es-fuente-de-alegria\\\/#primaryimage\",\"url\":\"https:\\\/\\\/schoenstatt.com\\\/wp-content\\\/uploads\\\/2024\\\/08\\\/heiligtum-shrine-santuario-suiza-sweiz-1.jpg\",\"contentUrl\":\"https:\\\/\\\/schoenstatt.com\\\/wp-content\\\/uploads\\\/2024\\\/08\\\/heiligtum-shrine-santuario-suiza-sweiz-1.jpg\",\"width\":2048,\"height\":1365},{\"@type\":\"BreadcrumbList\",\"@id\":\"https:\\\/\\\/schoenstatt.com\\\/es\\\/la-alianza-de-amor-es-fuente-de-alegria\\\/#breadcrumb\",\"itemListElement\":[{\"@type\":\"ListItem\",\"position\":1,\"name\":\"Portada\",\"item\":\"https:\\\/\\\/schoenstatt.com\\\/es\\\/home\\\/\"},{\"@type\":\"ListItem\",\"position\":2,\"name\":\"La alianza de amor es fuente de alegr\u00eda\"}]},{\"@type\":\"WebSite\",\"@id\":\"https:\\\/\\\/schoenstatt.com\\\/es\\\/#website\",\"url\":\"https:\\\/\\\/schoenstatt.com\\\/es\\\/\",\"name\":\"Schoenstatt\",\"description\":\"Apostolic Movement\",\"publisher\":{\"@id\":\"https:\\\/\\\/schoenstatt.com\\\/es\\\/#organization\"},\"potentialAction\":[{\"@type\":\"SearchAction\",\"target\":{\"@type\":\"EntryPoint\",\"urlTemplate\":\"https:\\\/\\\/schoenstatt.com\\\/es\\\/?s={search_term_string}\"},\"query-input\":{\"@type\":\"PropertyValueSpecification\",\"valueRequired\":true,\"valueName\":\"search_term_string\"}}],\"inLanguage\":\"es\"},{\"@type\":\"Organization\",\"@id\":\"https:\\\/\\\/schoenstatt.com\\\/es\\\/#organization\",\"name\":\"Schoenstatt\",\"url\":\"https:\\\/\\\/schoenstatt.com\\\/es\\\/\",\"logo\":{\"@type\":\"ImageObject\",\"inLanguage\":\"es\",\"@id\":\"https:\\\/\\\/schoenstatt.com\\\/es\\\/#\\\/schema\\\/logo\\\/image\\\/\",\"url\":\"https:\\\/\\\/schoenstatt.com\\\/wp-content\\\/uploads\\\/2025\\\/04\\\/logo-schoenstatt-white-696x696-1.png\",\"contentUrl\":\"https:\\\/\\\/schoenstatt.com\\\/wp-content\\\/uploads\\\/2025\\\/04\\\/logo-schoenstatt-white-696x696-1.png\",\"width\":696,\"height\":694,\"caption\":\"Schoenstatt\"},\"image\":{\"@id\":\"https:\\\/\\\/schoenstatt.com\\\/es\\\/#\\\/schema\\\/logo\\\/image\\\/\"}},{\"@type\":\"Person\",\"@id\":\"https:\\\/\\\/schoenstatt.com\\\/es\\\/#\\\/schema\\\/person\\\/5158877ad4acae98b34daaeef2a1ce6e\",\"name\":\"Karen Bueno\",\"image\":{\"@type\":\"ImageObject\",\"inLanguage\":\"es\",\"@id\":\"https:\\\/\\\/secure.gravatar.com\\\/avatar\\\/f9f4b823873154269d2b2130f195f6d41037dd0d7fc5f3cacb5c846bae70d66b?s=96&d=mm&r=g\",\"url\":\"https:\\\/\\\/secure.gravatar.com\\\/avatar\\\/f9f4b823873154269d2b2130f195f6d41037dd0d7fc5f3cacb5c846bae70d66b?s=96&d=mm&r=g\",\"contentUrl\":\"https:\\\/\\\/secure.gravatar.com\\\/avatar\\\/f9f4b823873154269d2b2130f195f6d41037dd0d7fc5f3cacb5c846bae70d66b?s=96&d=mm&r=g\",\"caption\":\"Karen Bueno\"},\"url\":\"https:\\\/\\\/schoenstatt.com\\\/es\\\/author\\\/karen-bueno\\\/\"}]}<\/script>\n<!-- \/ Yoast SEO Premium plugin. -->","yoast_head_json":{"title":"La alianza de amor es fuente de alegr\u00eda - Schoenstatt","description":"Vivir la Alianza de Amor es sin\u00f3nimo de estar alegre, porque la alegr\u00eda es fruto de la confianza filial y de la entrega en el amor","robots":{"index":"index","follow":"follow","max-snippet":"max-snippet:-1","max-image-preview":"max-image-preview:large","max-video-preview":"max-video-preview:-1"},"canonical":"https:\/\/schoenstatt.com\/es\/la-alianza-de-amor-es-fuente-de-alegria\/","og_locale":"es_ES","og_type":"article","og_title":"La alianza de amor es fuente de alegr\u00eda","og_description":"Vivir la Alianza de Amor es sin\u00f3nimo de estar alegre, porque la alegr\u00eda es fruto de la confianza filial y de la entrega en el amor","og_url":"https:\/\/schoenstatt.com\/es\/la-alianza-de-amor-es-fuente-de-alegria\/","og_site_name":"Schoenstatt","article_published_time":"2024-08-18T01:03:00+00:00","article_modified_time":"2025-05-14T23:35:11+00:00","og_image":[{"width":2048,"height":1365,"url":"https:\/\/schoenstatt.com\/wp-content\/uploads\/2024\/08\/heiligtum-shrine-santuario-suiza-sweiz-1.jpg","type":"image\/jpeg"}],"author":"Karen Bueno","twitter_card":"summary_large_image","twitter_misc":{"Escrito por":"Karen Bueno","Tiempo de lectura":"8 minutos"},"schema":{"@context":"https:\/\/schema.org","@graph":[{"@type":"Article","@id":"https:\/\/schoenstatt.com\/es\/la-alianza-de-amor-es-fuente-de-alegria\/#article","isPartOf":{"@id":"https:\/\/schoenstatt.com\/es\/la-alianza-de-amor-es-fuente-de-alegria\/"},"author":{"name":"Karen Bueno","@id":"https:\/\/schoenstatt.com\/es\/#\/schema\/person\/5158877ad4acae98b34daaeef2a1ce6e"},"headline":"La alianza de amor es fuente de alegr\u00eda","datePublished":"2024-08-18T01:03:00+00:00","dateModified":"2025-05-14T23:35:11+00:00","mainEntityOfPage":{"@id":"https:\/\/schoenstatt.com\/es\/la-alianza-de-amor-es-fuente-de-alegria\/"},"wordCount":1751,"publisher":{"@id":"https:\/\/schoenstatt.com\/es\/#organization"},"image":{"@id":"https:\/\/schoenstatt.com\/es\/la-alianza-de-amor-es-fuente-de-alegria\/#primaryimage"},"thumbnailUrl":"https:\/\/schoenstatt.com\/wp-content\/uploads\/2024\/08\/heiligtum-shrine-santuario-suiza-sweiz-1.jpg","articleSection":["Espiritualidad"],"inLanguage":"es"},{"@type":"WebPage","@id":"https:\/\/schoenstatt.com\/es\/la-alianza-de-amor-es-fuente-de-alegria\/","url":"https:\/\/schoenstatt.com\/es\/la-alianza-de-amor-es-fuente-de-alegria\/","name":"La alianza de amor es fuente de alegr\u00eda - Schoenstatt","isPartOf":{"@id":"https:\/\/schoenstatt.com\/es\/#website"},"primaryImageOfPage":{"@id":"https:\/\/schoenstatt.com\/es\/la-alianza-de-amor-es-fuente-de-alegria\/#primaryimage"},"image":{"@id":"https:\/\/schoenstatt.com\/es\/la-alianza-de-amor-es-fuente-de-alegria\/#primaryimage"},"thumbnailUrl":"https:\/\/schoenstatt.com\/wp-content\/uploads\/2024\/08\/heiligtum-shrine-santuario-suiza-sweiz-1.jpg","datePublished":"2024-08-18T01:03:00+00:00","dateModified":"2025-05-14T23:35:11+00:00","description":"Vivir la Alianza de Amor es sin\u00f3nimo de estar alegre, porque la alegr\u00eda es fruto de la confianza filial y de la entrega en el amor","breadcrumb":{"@id":"https:\/\/schoenstatt.com\/es\/la-alianza-de-amor-es-fuente-de-alegria\/#breadcrumb"},"inLanguage":"es","potentialAction":[{"@type":"ReadAction","target":["https:\/\/schoenstatt.com\/es\/la-alianza-de-amor-es-fuente-de-alegria\/"]}]},{"@type":"ImageObject","inLanguage":"es","@id":"https:\/\/schoenstatt.com\/es\/la-alianza-de-amor-es-fuente-de-alegria\/#primaryimage","url":"https:\/\/schoenstatt.com\/wp-content\/uploads\/2024\/08\/heiligtum-shrine-santuario-suiza-sweiz-1.jpg","contentUrl":"https:\/\/schoenstatt.com\/wp-content\/uploads\/2024\/08\/heiligtum-shrine-santuario-suiza-sweiz-1.jpg","width":2048,"height":1365},{"@type":"BreadcrumbList","@id":"https:\/\/schoenstatt.com\/es\/la-alianza-de-amor-es-fuente-de-alegria\/#breadcrumb","itemListElement":[{"@type":"ListItem","position":1,"name":"Portada","item":"https:\/\/schoenstatt.com\/es\/home\/"},{"@type":"ListItem","position":2,"name":"La alianza de amor es fuente de alegr\u00eda"}]},{"@type":"WebSite","@id":"https:\/\/schoenstatt.com\/es\/#website","url":"https:\/\/schoenstatt.com\/es\/","name":"Schoenstatt","description":"Apostolic Movement","publisher":{"@id":"https:\/\/schoenstatt.com\/es\/#organization"},"potentialAction":[{"@type":"SearchAction","target":{"@type":"EntryPoint","urlTemplate":"https:\/\/schoenstatt.com\/es\/?s={search_term_string}"},"query-input":{"@type":"PropertyValueSpecification","valueRequired":true,"valueName":"search_term_string"}}],"inLanguage":"es"},{"@type":"Organization","@id":"https:\/\/schoenstatt.com\/es\/#organization","name":"Schoenstatt","url":"https:\/\/schoenstatt.com\/es\/","logo":{"@type":"ImageObject","inLanguage":"es","@id":"https:\/\/schoenstatt.com\/es\/#\/schema\/logo\/image\/","url":"https:\/\/schoenstatt.com\/wp-content\/uploads\/2025\/04\/logo-schoenstatt-white-696x696-1.png","contentUrl":"https:\/\/schoenstatt.com\/wp-content\/uploads\/2025\/04\/logo-schoenstatt-white-696x696-1.png","width":696,"height":694,"caption":"Schoenstatt"},"image":{"@id":"https:\/\/schoenstatt.com\/es\/#\/schema\/logo\/image\/"}},{"@type":"Person","@id":"https:\/\/schoenstatt.com\/es\/#\/schema\/person\/5158877ad4acae98b34daaeef2a1ce6e","name":"Karen Bueno","image":{"@type":"ImageObject","inLanguage":"es","@id":"https:\/\/secure.gravatar.com\/avatar\/f9f4b823873154269d2b2130f195f6d41037dd0d7fc5f3cacb5c846bae70d66b?s=96&d=mm&r=g","url":"https:\/\/secure.gravatar.com\/avatar\/f9f4b823873154269d2b2130f195f6d41037dd0d7fc5f3cacb5c846bae70d66b?s=96&d=mm&r=g","contentUrl":"https:\/\/secure.gravatar.com\/avatar\/f9f4b823873154269d2b2130f195f6d41037dd0d7fc5f3cacb5c846bae70d66b?s=96&d=mm&r=g","caption":"Karen Bueno"},"url":"https:\/\/schoenstatt.com\/es\/author\/karen-bueno\/"}]}},"_links":{"self":[{"href":"https:\/\/schoenstatt.com\/es\/wp-json\/wp\/v2\/posts\/40608","targetHints":{"allow":["GET"]}}],"collection":[{"href":"https:\/\/schoenstatt.com\/es\/wp-json\/wp\/v2\/posts"}],"about":[{"href":"https:\/\/schoenstatt.com\/es\/wp-json\/wp\/v2\/types\/post"}],"author":[{"embeddable":true,"href":"https:\/\/schoenstatt.com\/es\/wp-json\/wp\/v2\/users\/3"}],"replies":[{"embeddable":true,"href":"https:\/\/schoenstatt.com\/es\/wp-json\/wp\/v2\/comments?post=40608"}],"version-history":[{"count":1,"href":"https:\/\/schoenstatt.com\/es\/wp-json\/wp\/v2\/posts\/40608\/revisions"}],"predecessor-version":[{"id":46958,"href":"https:\/\/schoenstatt.com\/es\/wp-json\/wp\/v2\/posts\/40608\/revisions\/46958"}],"wp:featuredmedia":[{"embeddable":true,"href":"https:\/\/schoenstatt.com\/es\/wp-json\/wp\/v2\/media\/40600"}],"wp:attachment":[{"href":"https:\/\/schoenstatt.com\/es\/wp-json\/wp\/v2\/media?parent=40608"}],"wp:term":[{"taxonomy":"category","embeddable":true,"href":"https:\/\/schoenstatt.com\/es\/wp-json\/wp\/v2\/categories?post=40608"},{"taxonomy":"post_tag","embeddable":true,"href":"https:\/\/schoenstatt.com\/es\/wp-json\/wp\/v2\/tags?post=40608"}],"curies":[{"name":"wp","href":"https:\/\/api.w.org\/{rel}","templated":true}]}}