{"id":40066,"date":"2024-07-03T03:00:00","date_gmt":"2024-07-03T01:00:00","guid":{"rendered":"https:\/\/schoenstatt.com\/?p=40066"},"modified":"2025-05-15T18:32:55","modified_gmt":"2025-05-15T16:32:55","slug":"el-desafio-de-la-sinodalidad-schoenstatt-en-el-encuentro-de-movimientos","status":"publish","type":"post","link":"https:\/\/schoenstatt.com\/es\/el-desafio-de-la-sinodalidad-schoenstatt-en-el-encuentro-de-movimientos\/","title":{"rendered":"El desaf\u00edo de la sinodalidad: Schoenstatt en el Encuentro de Movimientos"},"content":{"rendered":"\n<p><strong>\u00ab\u00a1El desaf\u00edo de la sinodalidad para la misi\u00f3n!\u00bb.<\/strong> Este fue el tema del encuentro de moderadores de asociaciones de fieles, movimientos eclesiales y nuevas comunidades, organizado por el <a href=\"https:\/\/www.laityfamilylife.va\/content\/laityfamilylife\/es.html\">Dicasterio para los Laicos, la Familia y la Vida<\/a>. Entre las instituciones aprobadas por este Dicasterio, 97 estaban representadas a trav\u00e9s de su moderador\/responsable general y un representante m\u00e1s de la direcci\u00f3n general.<\/p>\n\n\n\n<p>Del Movimiento de Schoenstatt participaron dos miembros de la <a href=\"https:\/\/schoenstatt.com\/es\/comunidades\/woman\/federacion-de-mujeres\/\">Federaci\u00f3n Apost\u00f3lica de Mujeres<\/a>, comunidad aprobada por el Dicasterio para los Laicos, la Familia y la Vida: la te\u00f3loga Geni Maria Hoss (responsable general de la comunidad) y Celia Etchegaray (consejera de la Direcci\u00f3n General).<\/p>\n\n\n\n<p>El encuentro tuvo lugar en el Aula Nueva del S\u00ednodo, cerca de la Plaza de San Pedro, el 13 de junio de 2024. Tras la inscripci\u00f3n, los participantes se dirigieron directamente al altar central de la Bas\u00edlica de San Pedro para la Misa, presidida por el Card. Kevin Farrel, Prefecto del Dicasterio.<\/p>\n\n\n\n<h2 class=\"wp-block-heading\" id=\"h-conversion-espiritual\"><strong>Conversi\u00f3n espiritual<\/strong><\/h2>\n\n\n\n<p>Tras la misa, el programa del d\u00eda comenz\u00f3 con una audiencia con el Papa Francisco. En su discurso, el Papa llam\u00f3 la atenci\u00f3n sobre el camino que debe seguir la Iglesia como Iglesia sinodal. Seg\u00fan \u00e9l, la sinodalidad requiere una conversi\u00f3n espiritual, porque sin un cambio interior no ser\u00e1 duradera. El protagonista de la Iglesia sinodal es el Esp\u00edritu Santo. S\u00f3lo en la apertura al Esp\u00edritu se hace realidad la dimensi\u00f3n sinodal. El objetivo es que la sinodalidad se convierta en la acci\u00f3n natural y permanente de la Iglesia, es decir, en su modo de ser.<\/p>\n\n\n\n<p>El Papa ha mencionado a San Pablo VI, mentor de una Iglesia sinodal, cuando cre\u00f3 el S\u00ednodo de los Obispos poco despu\u00e9s del Concilio Vaticano II. Entre las \u00abvirtudes sinodales\u00bb, el Papa Francisco destac\u00f3: El primer gran cambio interior es pensar como Dios piensa. \u00abEn la Iglesia, antes de tomar cualquier decisi\u00f3n, antes de iniciar cualquier programa, cualquier apostolado, cualquier misi\u00f3n, debemos preguntarnos siempre: \u00bfqu\u00e9 quiere Dios de m\u00ed, qu\u00e9 quiere Dios de nosotros, en este momento, en esta situaci\u00f3n? Lo que tengo en mente, lo que tenemos en mente como grupo, \u00bfes realmente &#8216;el pensamiento de Dios&#8217;?\u00bb. Hay que sintonizar con Dios. La sinodalidad exige tambi\u00e9n la escucha atenta de los dem\u00e1s, porque el Esp\u00edritu act\u00faa donde quiere. Para que esto sea posible, hay que cultivar la virtud de la humildad. Los movimientos no deben crear reductos cerrados, sino estar abiertos al di\u00e1logo con los dem\u00e1s. Por \u00faltimo, el Papa dese\u00f3 un buen encuentro y pidi\u00f3 oraciones, subrayando: \u00abRecen por m\u00ed, no contra m\u00ed\u00bb. Termin\u00f3 su audiencia con la oraci\u00f3n del Ave Mar\u00eda y una bendici\u00f3n.<\/p>\n\n\n\n<figure class=\"wp-block-image size-large\"><img decoding=\"async\" src=\"https:\/\/schoenstatt.com\/wp-content\/uploads\/2024\/07\/Movements-Encounter-encontro-de-movimentos-papa-2-1024x683.jpg\" alt=\"The Challenge of Synodality: Schoenstatt in the Movements\u2019 Encounter\" class=\"wp-image-40057\"\/><figcaption class=\"wp-element-caption\">Fotos: Dicasterio para los Laicos, la Familia y la Vida<\/figcaption><\/figure>\n\n\n\n<h2 class=\"wp-block-heading\" id=\"h-caminar-con-la-iglesia-como-iglesia\"><strong>Caminar con la Iglesia &#8211; como Iglesia<\/strong><\/h2>\n\n\n\n<p>El programa continu\u00f3 con las palabras de saludo del Prefecto del Dicasterio, el Cardenal Farrel. Seg\u00fan \u00e9l, el tema fue elegido para subrayar la importancia de que las asociaciones de fieles, los movimientos y las nuevas comunidades caminen en armon\u00eda con toda la Iglesia. El Cardenal dese\u00f3 que, en l\u00ednea con el pensamiento del Papa, haya en la Iglesia hombres y mujeres que tengan, como forma normal de actuar, el h\u00e1bito del di\u00e1logo, de escucharse unos a otros, de buscar juntos soluciones a los problemas.<\/p>\n\n\n\n<h2 class=\"wp-block-heading\" id=\"h-la-sinodalidad-tras-las-huellas-del-concilio-vaticano-ii\">La sinodalidad tras las huellas del Concilio Vaticano II<\/h2>\n\n\n\n<p>El te\u00f3logo laico venezolano Dr. Rafael Luciani present\u00f3 la sinodalidad como fruto del Concilio Vaticano II. Habl\u00f3 sobre el siguiente tema: \u00abHacia una Iglesia constitutivamente sinodal y misionera\u00bb. El Concilio Vaticano II presenta la eclesiolog\u00eda del Pueblo de Dios y, de este modo, reconoce la igualdad fundamental de todos los fieles basada en su dignidad bautismal. El modo de ser sinodal y misionero es inherente a la Iglesia. El ejercicio de la corresponsabilidad de cada cristiano no es una acci\u00f3n meramente auxiliar, sino esencial en la Iglesia. La Iglesia sinodal en misi\u00f3n nace de la sinergia de ministerios, dones y carismas. Luciani afirm\u00f3 en su charla que la Iglesia sinodal es quiz\u00e1s la mejor respuesta y signo prof\u00e9tico de comuni\u00f3n y diversidad en una sociedad de exclusi\u00f3n, inequidad, polarizaci\u00f3n y desinstitucionalizaci\u00f3n. Para ello, es necesario consultar, escuchar, dialogar, discernir en comunidad, pedir consejo, tomar decisiones y rendir cuentas.<\/p>\n\n\n\n<h3 class=\"wp-block-heading\" id=\"h-experiencias-de-sinodalidad-en-asociaciones-de-fieles-movimientos-y-nuevas-comunidades\"><strong>Experiencias de sinodalidad en asociaciones de fieles, movimientos y nuevas comunidades<\/strong><\/h3>\n\n\n\n<p>\u00abLa experiencia de la sinodalidad en los Movimientos\u00bb fue el tema de la Dra. Elisa Lisiero (Dicasterio para los Laicos, la Familia y la Vida). Los movimientos y asociaciones, en particular los reconocidos por el Dicasterio, llevan en su modo comunitario y relacional elementos sinodales y tienen un objetivo com\u00fan, es decir, una misi\u00f3n singular. La s\u00edntesis de la primera etapa del S\u00ednodo (2022) demostr\u00f3 el potencial de la sinodalidad traducido en estructuras y pr\u00e1cticas concretas, probadas a lo largo de los a\u00f1os. Se trata de experiencias polifac\u00e9ticas y valiosas al servicio de la misi\u00f3n de la Iglesia. Sin embargo, esto no significa que no tengan desaf\u00edos que superar y la necesidad de una mayor madurez en su camino.<\/p>\n\n\n\n<p>Especialmente importantes son las estructuras de convivencia fraterna en grupos y peque\u00f1as comunidades, que son la base del tejido asociativo de los movimientos. Reflejan el esp\u00edritu de amistad y familia que brota del carisma o ideal evang\u00e9lico. Esta dimensi\u00f3n familiar y comunitaria de los movimientos contrasta con el individualismo y la soledad que dominan la sociedad actual.<br>El modo de gobierno, que incluye pr\u00e1cticas de corresponsabilidad, da lugar a un nuevo ideal de liderazgo compartido. Mediante pr\u00e1cticas de solidaridad, los movimientos se centran en la dignidad de la persona y permiten que el Evangelio vivido en su esencia llegue a muchas de las periferias de la sociedad.<\/p>\n\n\n\n<figure class=\"wp-block-image size-large\"><img decoding=\"async\" src=\"https:\/\/schoenstatt.com\/wp-content\/uploads\/2024\/07\/Movements-Encounter-encontro-de-movimentos-papa-3-1024x683.jpg\" alt=\"The Challenge of Synodality: Schoenstatt in the Movements\u2019 Encounter\" class=\"wp-image-40061\"\/><\/figure>\n\n\n\n<p>El encuentro fue intenso en cuanto a los temas presentados, pero tambi\u00e9n muy valioso en la medida en que permiti\u00f3 numerosos encuentros e intercambios.<\/p>\n\n\n\n<p>Sin duda, el punto culminante fue el encuentro personal con el Papa. A la salida de la primera pausa tras la audiencia con el Papa, sentado en una silla de ruedas, esper\u00f3 a que cada participante le saludara en el pasillo. La sorpresa y la alegr\u00eda se pod\u00edan ver en los rostros de los participantes, a pesar de que s\u00f3lo fueron unos segundos\u2026 Demasiado breves para los participantes, pero sin duda demasiado largos para un Papa muy delicado de salud. Recemos para que el Esp\u00edritu Santo le ilumine y derrame una profusi\u00f3n de sus dones para toda la Iglesia.<\/p>\n\n\n\n<p><strong>Traducci\u00f3n:<\/strong> Vanessa Franke<\/p>\n","protected":false},"excerpt":{"rendered":"<p>\u00abEl desaf\u00edo de la sinodalidad para la misi\u00f3n\u00bb fue el tema del encuentro de asociaciones de fieles, movimientos y nuevas comunidades.<\/p>\n","protected":false},"author":3,"featured_media":40050,"comment_status":"closed","ping_status":"closed","sticky":false,"template":"","format":"standard","meta":{"footnotes":""},"categories":[909,683,800],"tags":[],"class_list":["post-40066","post","type-post","status-publish","format-standard","has-post-thumbnail","hentry","category-comunidades-de-schoenstatt-es","category-iglesia-es","category-papa-francisco-es"],"yoast_head":"<!-- This site is optimized with the Yoast SEO Premium plugin v27.4 (Yoast SEO v27.4) - https:\/\/yoast.com\/product\/yoast-seo-premium-wordpress\/ -->\n<title>El desaf\u00edo de la sinodalidad: Schoenstatt en el Encuentro de Movimientos<\/title>\n<meta name=\"description\" content=\"&quot;El desaf\u00edo de la sinodalidad para la misi\u00f3n&quot; fue el tema del encuentro de asociaciones de fieles, movimientos y nuevas comunidades\" \/>\n<meta name=\"robots\" content=\"index, follow, max-snippet:-1, max-image-preview:large, max-video-preview:-1\" \/>\n<link rel=\"canonical\" href=\"https:\/\/schoenstatt.com\/es\/el-desafio-de-la-sinodalidad-schoenstatt-en-el-encuentro-de-movimientos\/\" \/>\n<meta property=\"og:locale\" content=\"es_ES\" \/>\n<meta property=\"og:type\" content=\"article\" \/>\n<meta property=\"og:title\" content=\"El desaf\u00edo de la sinodalidad: Schoenstatt en el Encuentro de Movimientos\" \/>\n<meta property=\"og:description\" content=\"&quot;El desaf\u00edo de la sinodalidad para la misi\u00f3n&quot; fue el tema del encuentro de asociaciones de fieles, movimientos y nuevas comunidades\" \/>\n<meta property=\"og:url\" content=\"https:\/\/schoenstatt.com\/es\/el-desafio-de-la-sinodalidad-schoenstatt-en-el-encuentro-de-movimientos\/\" \/>\n<meta property=\"og:site_name\" content=\"Schoenstatt\" \/>\n<meta property=\"article:published_time\" content=\"2024-07-03T01:00:00+00:00\" \/>\n<meta property=\"article:modified_time\" content=\"2025-05-15T16:32:55+00:00\" \/>\n<meta property=\"og:image\" content=\"https:\/\/schoenstatt.com\/wp-content\/uploads\/2024\/07\/Movements-Encounter-encontro-de-movimentos-papa-1.jpg\" \/>\n\t<meta property=\"og:image:width\" content=\"2048\" \/>\n\t<meta property=\"og:image:height\" content=\"1365\" \/>\n\t<meta property=\"og:image:type\" content=\"image\/jpeg\" \/>\n<meta name=\"author\" content=\"Karen Bueno\" \/>\n<meta name=\"twitter:card\" content=\"summary_large_image\" \/>\n<meta name=\"twitter:label1\" content=\"Escrito por\" \/>\n\t<meta name=\"twitter:data1\" content=\"Karen Bueno\" \/>\n\t<meta name=\"twitter:label2\" content=\"Tiempo de lectura\" \/>\n\t<meta name=\"twitter:data2\" content=\"6 minutos\" \/>\n<script type=\"application\/ld+json\" class=\"yoast-schema-graph\">{\"@context\":\"https:\\\/\\\/schema.org\",\"@graph\":[{\"@type\":\"Article\",\"@id\":\"https:\\\/\\\/schoenstatt.com\\\/es\\\/el-desafio-de-la-sinodalidad-schoenstatt-en-el-encuentro-de-movimientos\\\/#article\",\"isPartOf\":{\"@id\":\"https:\\\/\\\/schoenstatt.com\\\/es\\\/el-desafio-de-la-sinodalidad-schoenstatt-en-el-encuentro-de-movimientos\\\/\"},\"author\":{\"name\":\"Karen Bueno\",\"@id\":\"https:\\\/\\\/schoenstatt.com\\\/es\\\/#\\\/schema\\\/person\\\/5158877ad4acae98b34daaeef2a1ce6e\"},\"headline\":\"El desaf\u00edo de la sinodalidad: Schoenstatt en el Encuentro de Movimientos\",\"datePublished\":\"2024-07-03T01:00:00+00:00\",\"dateModified\":\"2025-05-15T16:32:55+00:00\",\"mainEntityOfPage\":{\"@id\":\"https:\\\/\\\/schoenstatt.com\\\/es\\\/el-desafio-de-la-sinodalidad-schoenstatt-en-el-encuentro-de-movimientos\\\/\"},\"wordCount\":1136,\"publisher\":{\"@id\":\"https:\\\/\\\/schoenstatt.com\\\/es\\\/#organization\"},\"image\":{\"@id\":\"https:\\\/\\\/schoenstatt.com\\\/es\\\/el-desafio-de-la-sinodalidad-schoenstatt-en-el-encuentro-de-movimientos\\\/#primaryimage\"},\"thumbnailUrl\":\"https:\\\/\\\/schoenstatt.com\\\/wp-content\\\/uploads\\\/2024\\\/07\\\/Movements-Encounter-encontro-de-movimentos-papa-1.jpg\",\"articleSection\":[\"Comunidades de Schoenstatt\",\"Iglesia\",\"Papa Francisco\"],\"inLanguage\":\"es\"},{\"@type\":\"WebPage\",\"@id\":\"https:\\\/\\\/schoenstatt.com\\\/es\\\/el-desafio-de-la-sinodalidad-schoenstatt-en-el-encuentro-de-movimientos\\\/\",\"url\":\"https:\\\/\\\/schoenstatt.com\\\/es\\\/el-desafio-de-la-sinodalidad-schoenstatt-en-el-encuentro-de-movimientos\\\/\",\"name\":\"El desaf\u00edo de la sinodalidad: Schoenstatt en el Encuentro de Movimientos\",\"isPartOf\":{\"@id\":\"https:\\\/\\\/schoenstatt.com\\\/es\\\/#website\"},\"primaryImageOfPage\":{\"@id\":\"https:\\\/\\\/schoenstatt.com\\\/es\\\/el-desafio-de-la-sinodalidad-schoenstatt-en-el-encuentro-de-movimientos\\\/#primaryimage\"},\"image\":{\"@id\":\"https:\\\/\\\/schoenstatt.com\\\/es\\\/el-desafio-de-la-sinodalidad-schoenstatt-en-el-encuentro-de-movimientos\\\/#primaryimage\"},\"thumbnailUrl\":\"https:\\\/\\\/schoenstatt.com\\\/wp-content\\\/uploads\\\/2024\\\/07\\\/Movements-Encounter-encontro-de-movimentos-papa-1.jpg\",\"datePublished\":\"2024-07-03T01:00:00+00:00\",\"dateModified\":\"2025-05-15T16:32:55+00:00\",\"description\":\"\\\"El desaf\u00edo de la sinodalidad para la misi\u00f3n\\\" fue el tema del encuentro de asociaciones de fieles, movimientos y nuevas comunidades\",\"breadcrumb\":{\"@id\":\"https:\\\/\\\/schoenstatt.com\\\/es\\\/el-desafio-de-la-sinodalidad-schoenstatt-en-el-encuentro-de-movimientos\\\/#breadcrumb\"},\"inLanguage\":\"es\",\"potentialAction\":[{\"@type\":\"ReadAction\",\"target\":[\"https:\\\/\\\/schoenstatt.com\\\/es\\\/el-desafio-de-la-sinodalidad-schoenstatt-en-el-encuentro-de-movimientos\\\/\"]}]},{\"@type\":\"ImageObject\",\"inLanguage\":\"es\",\"@id\":\"https:\\\/\\\/schoenstatt.com\\\/es\\\/el-desafio-de-la-sinodalidad-schoenstatt-en-el-encuentro-de-movimientos\\\/#primaryimage\",\"url\":\"https:\\\/\\\/schoenstatt.com\\\/wp-content\\\/uploads\\\/2024\\\/07\\\/Movements-Encounter-encontro-de-movimentos-papa-1.jpg\",\"contentUrl\":\"https:\\\/\\\/schoenstatt.com\\\/wp-content\\\/uploads\\\/2024\\\/07\\\/Movements-Encounter-encontro-de-movimentos-papa-1.jpg\",\"width\":2048,\"height\":1365,\"caption\":\"The Challenge of Synodality: Schoenstatt in the Movements\u2019 Encounter\"},{\"@type\":\"BreadcrumbList\",\"@id\":\"https:\\\/\\\/schoenstatt.com\\\/es\\\/el-desafio-de-la-sinodalidad-schoenstatt-en-el-encuentro-de-movimientos\\\/#breadcrumb\",\"itemListElement\":[{\"@type\":\"ListItem\",\"position\":1,\"name\":\"Portada\",\"item\":\"https:\\\/\\\/schoenstatt.com\\\/es\\\/home\\\/\"},{\"@type\":\"ListItem\",\"position\":2,\"name\":\"El desaf\u00edo de la sinodalidad: Schoenstatt en el Encuentro de Movimientos\"}]},{\"@type\":\"WebSite\",\"@id\":\"https:\\\/\\\/schoenstatt.com\\\/es\\\/#website\",\"url\":\"https:\\\/\\\/schoenstatt.com\\\/es\\\/\",\"name\":\"Schoenstatt\",\"description\":\"Apostolic Movement\",\"publisher\":{\"@id\":\"https:\\\/\\\/schoenstatt.com\\\/es\\\/#organization\"},\"potentialAction\":[{\"@type\":\"SearchAction\",\"target\":{\"@type\":\"EntryPoint\",\"urlTemplate\":\"https:\\\/\\\/schoenstatt.com\\\/es\\\/?s={search_term_string}\"},\"query-input\":{\"@type\":\"PropertyValueSpecification\",\"valueRequired\":true,\"valueName\":\"search_term_string\"}}],\"inLanguage\":\"es\"},{\"@type\":\"Organization\",\"@id\":\"https:\\\/\\\/schoenstatt.com\\\/es\\\/#organization\",\"name\":\"Schoenstatt\",\"url\":\"https:\\\/\\\/schoenstatt.com\\\/es\\\/\",\"logo\":{\"@type\":\"ImageObject\",\"inLanguage\":\"es\",\"@id\":\"https:\\\/\\\/schoenstatt.com\\\/es\\\/#\\\/schema\\\/logo\\\/image\\\/\",\"url\":\"https:\\\/\\\/schoenstatt.com\\\/wp-content\\\/uploads\\\/2025\\\/04\\\/logo-schoenstatt-white-696x696-1.png\",\"contentUrl\":\"https:\\\/\\\/schoenstatt.com\\\/wp-content\\\/uploads\\\/2025\\\/04\\\/logo-schoenstatt-white-696x696-1.png\",\"width\":696,\"height\":694,\"caption\":\"Schoenstatt\"},\"image\":{\"@id\":\"https:\\\/\\\/schoenstatt.com\\\/es\\\/#\\\/schema\\\/logo\\\/image\\\/\"}},{\"@type\":\"Person\",\"@id\":\"https:\\\/\\\/schoenstatt.com\\\/es\\\/#\\\/schema\\\/person\\\/5158877ad4acae98b34daaeef2a1ce6e\",\"name\":\"Karen Bueno\",\"image\":{\"@type\":\"ImageObject\",\"inLanguage\":\"es\",\"@id\":\"https:\\\/\\\/secure.gravatar.com\\\/avatar\\\/f9f4b823873154269d2b2130f195f6d41037dd0d7fc5f3cacb5c846bae70d66b?s=96&d=mm&r=g\",\"url\":\"https:\\\/\\\/secure.gravatar.com\\\/avatar\\\/f9f4b823873154269d2b2130f195f6d41037dd0d7fc5f3cacb5c846bae70d66b?s=96&d=mm&r=g\",\"contentUrl\":\"https:\\\/\\\/secure.gravatar.com\\\/avatar\\\/f9f4b823873154269d2b2130f195f6d41037dd0d7fc5f3cacb5c846bae70d66b?s=96&d=mm&r=g\",\"caption\":\"Karen Bueno\"},\"url\":\"https:\\\/\\\/schoenstatt.com\\\/es\\\/author\\\/karen-bueno\\\/\"}]}<\/script>\n<!-- \/ Yoast SEO Premium plugin. -->","yoast_head_json":{"title":"El desaf\u00edo de la sinodalidad: Schoenstatt en el Encuentro de Movimientos","description":"\"El desaf\u00edo de la sinodalidad para la misi\u00f3n\" fue el tema del encuentro de asociaciones de fieles, movimientos y nuevas comunidades","robots":{"index":"index","follow":"follow","max-snippet":"max-snippet:-1","max-image-preview":"max-image-preview:large","max-video-preview":"max-video-preview:-1"},"canonical":"https:\/\/schoenstatt.com\/es\/el-desafio-de-la-sinodalidad-schoenstatt-en-el-encuentro-de-movimientos\/","og_locale":"es_ES","og_type":"article","og_title":"El desaf\u00edo de la sinodalidad: Schoenstatt en el Encuentro de Movimientos","og_description":"\"El desaf\u00edo de la sinodalidad para la misi\u00f3n\" fue el tema del encuentro de asociaciones de fieles, movimientos y nuevas comunidades","og_url":"https:\/\/schoenstatt.com\/es\/el-desafio-de-la-sinodalidad-schoenstatt-en-el-encuentro-de-movimientos\/","og_site_name":"Schoenstatt","article_published_time":"2024-07-03T01:00:00+00:00","article_modified_time":"2025-05-15T16:32:55+00:00","og_image":[{"width":2048,"height":1365,"url":"https:\/\/schoenstatt.com\/wp-content\/uploads\/2024\/07\/Movements-Encounter-encontro-de-movimentos-papa-1.jpg","type":"image\/jpeg"}],"author":"Karen Bueno","twitter_card":"summary_large_image","twitter_misc":{"Escrito por":"Karen Bueno","Tiempo de lectura":"6 minutos"},"schema":{"@context":"https:\/\/schema.org","@graph":[{"@type":"Article","@id":"https:\/\/schoenstatt.com\/es\/el-desafio-de-la-sinodalidad-schoenstatt-en-el-encuentro-de-movimientos\/#article","isPartOf":{"@id":"https:\/\/schoenstatt.com\/es\/el-desafio-de-la-sinodalidad-schoenstatt-en-el-encuentro-de-movimientos\/"},"author":{"name":"Karen Bueno","@id":"https:\/\/schoenstatt.com\/es\/#\/schema\/person\/5158877ad4acae98b34daaeef2a1ce6e"},"headline":"El desaf\u00edo de la sinodalidad: Schoenstatt en el Encuentro de Movimientos","datePublished":"2024-07-03T01:00:00+00:00","dateModified":"2025-05-15T16:32:55+00:00","mainEntityOfPage":{"@id":"https:\/\/schoenstatt.com\/es\/el-desafio-de-la-sinodalidad-schoenstatt-en-el-encuentro-de-movimientos\/"},"wordCount":1136,"publisher":{"@id":"https:\/\/schoenstatt.com\/es\/#organization"},"image":{"@id":"https:\/\/schoenstatt.com\/es\/el-desafio-de-la-sinodalidad-schoenstatt-en-el-encuentro-de-movimientos\/#primaryimage"},"thumbnailUrl":"https:\/\/schoenstatt.com\/wp-content\/uploads\/2024\/07\/Movements-Encounter-encontro-de-movimentos-papa-1.jpg","articleSection":["Comunidades de Schoenstatt","Iglesia","Papa Francisco"],"inLanguage":"es"},{"@type":"WebPage","@id":"https:\/\/schoenstatt.com\/es\/el-desafio-de-la-sinodalidad-schoenstatt-en-el-encuentro-de-movimientos\/","url":"https:\/\/schoenstatt.com\/es\/el-desafio-de-la-sinodalidad-schoenstatt-en-el-encuentro-de-movimientos\/","name":"El desaf\u00edo de la sinodalidad: Schoenstatt en el Encuentro de Movimientos","isPartOf":{"@id":"https:\/\/schoenstatt.com\/es\/#website"},"primaryImageOfPage":{"@id":"https:\/\/schoenstatt.com\/es\/el-desafio-de-la-sinodalidad-schoenstatt-en-el-encuentro-de-movimientos\/#primaryimage"},"image":{"@id":"https:\/\/schoenstatt.com\/es\/el-desafio-de-la-sinodalidad-schoenstatt-en-el-encuentro-de-movimientos\/#primaryimage"},"thumbnailUrl":"https:\/\/schoenstatt.com\/wp-content\/uploads\/2024\/07\/Movements-Encounter-encontro-de-movimentos-papa-1.jpg","datePublished":"2024-07-03T01:00:00+00:00","dateModified":"2025-05-15T16:32:55+00:00","description":"\"El desaf\u00edo de la sinodalidad para la misi\u00f3n\" fue el tema del encuentro de asociaciones de fieles, movimientos y nuevas comunidades","breadcrumb":{"@id":"https:\/\/schoenstatt.com\/es\/el-desafio-de-la-sinodalidad-schoenstatt-en-el-encuentro-de-movimientos\/#breadcrumb"},"inLanguage":"es","potentialAction":[{"@type":"ReadAction","target":["https:\/\/schoenstatt.com\/es\/el-desafio-de-la-sinodalidad-schoenstatt-en-el-encuentro-de-movimientos\/"]}]},{"@type":"ImageObject","inLanguage":"es","@id":"https:\/\/schoenstatt.com\/es\/el-desafio-de-la-sinodalidad-schoenstatt-en-el-encuentro-de-movimientos\/#primaryimage","url":"https:\/\/schoenstatt.com\/wp-content\/uploads\/2024\/07\/Movements-Encounter-encontro-de-movimentos-papa-1.jpg","contentUrl":"https:\/\/schoenstatt.com\/wp-content\/uploads\/2024\/07\/Movements-Encounter-encontro-de-movimentos-papa-1.jpg","width":2048,"height":1365,"caption":"The Challenge of Synodality: Schoenstatt in the Movements\u2019 Encounter"},{"@type":"BreadcrumbList","@id":"https:\/\/schoenstatt.com\/es\/el-desafio-de-la-sinodalidad-schoenstatt-en-el-encuentro-de-movimientos\/#breadcrumb","itemListElement":[{"@type":"ListItem","position":1,"name":"Portada","item":"https:\/\/schoenstatt.com\/es\/home\/"},{"@type":"ListItem","position":2,"name":"El desaf\u00edo de la sinodalidad: Schoenstatt en el Encuentro de Movimientos"}]},{"@type":"WebSite","@id":"https:\/\/schoenstatt.com\/es\/#website","url":"https:\/\/schoenstatt.com\/es\/","name":"Schoenstatt","description":"Apostolic Movement","publisher":{"@id":"https:\/\/schoenstatt.com\/es\/#organization"},"potentialAction":[{"@type":"SearchAction","target":{"@type":"EntryPoint","urlTemplate":"https:\/\/schoenstatt.com\/es\/?s={search_term_string}"},"query-input":{"@type":"PropertyValueSpecification","valueRequired":true,"valueName":"search_term_string"}}],"inLanguage":"es"},{"@type":"Organization","@id":"https:\/\/schoenstatt.com\/es\/#organization","name":"Schoenstatt","url":"https:\/\/schoenstatt.com\/es\/","logo":{"@type":"ImageObject","inLanguage":"es","@id":"https:\/\/schoenstatt.com\/es\/#\/schema\/logo\/image\/","url":"https:\/\/schoenstatt.com\/wp-content\/uploads\/2025\/04\/logo-schoenstatt-white-696x696-1.png","contentUrl":"https:\/\/schoenstatt.com\/wp-content\/uploads\/2025\/04\/logo-schoenstatt-white-696x696-1.png","width":696,"height":694,"caption":"Schoenstatt"},"image":{"@id":"https:\/\/schoenstatt.com\/es\/#\/schema\/logo\/image\/"}},{"@type":"Person","@id":"https:\/\/schoenstatt.com\/es\/#\/schema\/person\/5158877ad4acae98b34daaeef2a1ce6e","name":"Karen Bueno","image":{"@type":"ImageObject","inLanguage":"es","@id":"https:\/\/secure.gravatar.com\/avatar\/f9f4b823873154269d2b2130f195f6d41037dd0d7fc5f3cacb5c846bae70d66b?s=96&d=mm&r=g","url":"https:\/\/secure.gravatar.com\/avatar\/f9f4b823873154269d2b2130f195f6d41037dd0d7fc5f3cacb5c846bae70d66b?s=96&d=mm&r=g","contentUrl":"https:\/\/secure.gravatar.com\/avatar\/f9f4b823873154269d2b2130f195f6d41037dd0d7fc5f3cacb5c846bae70d66b?s=96&d=mm&r=g","caption":"Karen Bueno"},"url":"https:\/\/schoenstatt.com\/es\/author\/karen-bueno\/"}]}},"_links":{"self":[{"href":"https:\/\/schoenstatt.com\/es\/wp-json\/wp\/v2\/posts\/40066","targetHints":{"allow":["GET"]}}],"collection":[{"href":"https:\/\/schoenstatt.com\/es\/wp-json\/wp\/v2\/posts"}],"about":[{"href":"https:\/\/schoenstatt.com\/es\/wp-json\/wp\/v2\/types\/post"}],"author":[{"embeddable":true,"href":"https:\/\/schoenstatt.com\/es\/wp-json\/wp\/v2\/users\/3"}],"replies":[{"embeddable":true,"href":"https:\/\/schoenstatt.com\/es\/wp-json\/wp\/v2\/comments?post=40066"}],"version-history":[{"count":1,"href":"https:\/\/schoenstatt.com\/es\/wp-json\/wp\/v2\/posts\/40066\/revisions"}],"predecessor-version":[{"id":46862,"href":"https:\/\/schoenstatt.com\/es\/wp-json\/wp\/v2\/posts\/40066\/revisions\/46862"}],"wp:featuredmedia":[{"embeddable":true,"href":"https:\/\/schoenstatt.com\/es\/wp-json\/wp\/v2\/media\/40050"}],"wp:attachment":[{"href":"https:\/\/schoenstatt.com\/es\/wp-json\/wp\/v2\/media?parent=40066"}],"wp:term":[{"taxonomy":"category","embeddable":true,"href":"https:\/\/schoenstatt.com\/es\/wp-json\/wp\/v2\/categories?post=40066"},{"taxonomy":"post_tag","embeddable":true,"href":"https:\/\/schoenstatt.com\/es\/wp-json\/wp\/v2\/tags?post=40066"}],"curies":[{"name":"wp","href":"https:\/\/api.w.org\/{rel}","templated":true}]}}